{"id":38155,"date":"2025-03-30T17:06:20","date_gmt":"2025-03-30T15:06:20","guid":{"rendered":"https:\/\/www.radlobby.org\/noe\/?p=38155"},"modified":"2026-04-01T12:33:41","modified_gmt":"2026-04-01T10:33:41","slug":"radlobby-bad-voeslau-jubilaeumsfeier-bikeshop-kreuzer-wird-30-jahre","status":"publish","type":"post","link":"https:\/\/www.radlobby.org\/noe\/radlobby-bad-voeslau-jubilaeumsfeier-bikeshop-kreuzer-wird-30-jahre\/","title":{"rendered":"Radlobby Bad V\u00f6slau | Jubil\u00e4umsfeier: Bikeshop Kreuzer wurde 30 Jahre!"},"content":{"rendered":"<figure id=\"attachment_38756\" aria-describedby=\"caption-attachment-38756\" style=\"width: 300px\" class=\"wp-caption alignright\"><a href=\"https:\/\/www.radlobby.org\/noe\/wp-content\/uploads\/signal-2025-04-05-111842.jpeg\" data-src=\"https:\/\/www.radlobby.org\/noe\/wp-content\/uploads\/signal-2025-04-05-111842.jpeg\" data-thumb=\"https:\/\/www.radlobby.org\/noe\/wp-content\/uploads\/signal-2025-04-05-111842-300x225.jpeg\" class=\"ml-lightbox-enabled\"><img loading=\"lazy\" decoding=\"async\" class=\"wp-image-38756 size-medium\" src=\"https:\/\/www.radlobby.org\/noe\/wp-content\/uploads\/signal-2025-04-05-111842-300x225.jpeg\" alt=\"\" width=\"300\" height=\"225\" srcset=\"https:\/\/www.radlobby.org\/noe\/wp-content\/uploads\/signal-2025-04-05-111842-300x225.jpeg 300w, https:\/\/www.radlobby.org\/noe\/wp-content\/uploads\/signal-2025-04-05-111842-768x576.jpeg 768w, https:\/\/www.radlobby.org\/noe\/wp-content\/uploads\/signal-2025-04-05-111842-1536x1152.jpeg 1536w, https:\/\/www.radlobby.org\/noe\/wp-content\/uploads\/signal-2025-04-05-111842.jpeg 2048w\" sizes=\"auto, (max-width: 300px) 100vw, 300px\" \/><\/a><figcaption id=\"caption-attachment-38756\" class=\"wp-caption-text\">Bildrechte: Radlobby<\/figcaption><\/figure>\n<h3><strong><\/strong>Jubil\u00e4umsfeier: Bikeshop Kreuzer wurde 30 Jahre<\/h3>\n<p>Der Bikeshop Kreuzer feierte 30 Jahre \u2013 und wir waren mit dabei! Von 3. bis 5. April 2025 verwandelte sich Bad V\u00f6slau in einen Treffpunkt f\u00fcr Radsportbegeisterte. Das Programm war vielf\u00e4ltig: spannende Vortr\u00e4ge, Testm\u00f6glichkeiten f\u00fcr Bikes, gemeinsame Ausfahrten mit Gruppen wie den Velochicks und Female Cycling Base sowie eine spektakul\u00e4re BMX-Show mit Kevin B\u00f6ck. Selbst Lisa Kreuzer trat auf, was das Event zus\u00e4tzlich besonders machte. Der Vortrag von Christoph Strasser war ein echtes Highlight \u2013 motivierend und inspirierend zugleich. Auch wir waren als Radlobby Bad V\u00f6slau mit einer interaktiven Karte vertreten, auf der Radwege bewertet und Problemstellen gemeldet werden konnten. Wir haben viele tolle Menschen kennengelernt, neue Projekte entdeckt, das Essen vom Heurigen Sunk genossen und danken der Familie Kreuzer f\u00fcr dieses gelungene Fest!<\/p>\n<p>&nbsp;<\/p>\n<hr \/>\n<h3><strong>Bikeshop Kreuzer wird 30 Jahre und wir sind dabei!<\/strong><\/h3>\n<p data-start=\"0\" data-end=\"48\">&#x1f6b2; <strong data-start=\"3\" data-end=\"43\">Radsport-Event in Bad V\u00f6slau \u2013 Komm vorbei!<\/strong> &#x1f6b2;<\/p>\n<p data-start=\"50\" data-end=\"207\">Von <strong data-start=\"54\" data-end=\"78\">3. bis 5. April 2025<\/strong> hat das Team vom Bikeshop Kreuzer ein gro\u00dfartiges Programm rund ums Rad zusammengestellt!<\/p>\n<p data-start=\"50\" data-end=\"207\">Teste Bikes, erlebe spannende Vortr\u00e4ge und genie\u00dfe gemeinsame Ausfahrten.<\/p>\n<p data-start=\"209\" data-end=\"584\">&#x1f525; <strong data-start=\"212\" data-end=\"227\">Highlights:<\/strong><br data-start=\"227\" data-end=\"230\" \/>&#x2714; <strong data-start=\"232\" data-end=\"251\">BMX Airbag Show<\/strong> mit Kevin B\u00f6ck<br data-start=\"266\" data-end=\"269\" \/>&#x2714; <strong data-start=\"271\" data-end=\"284\">Testbikes<\/strong> von KTM &amp; Marin Bikes<br data-start=\"306\" data-end=\"309\" \/>&#x2714; <strong data-start=\"311\" data-end=\"345\">Vortrag von Christoph Strasser<\/strong> \u2013 Motivation, Zielsetzung &amp; Extremsport (Schloss Gainfarn, Tickets: <a href=\"http:\/\/www.oeticket.com\" target=\"_new\" rel=\"noopener\" data-start=\"414\" data-end=\"430\">www.oeticket.com<\/a>)<br data-start=\"431\" data-end=\"434\" \/>&#x2714; <strong data-start=\"436\" data-end=\"469\">Leasingvortrag \u201eLease a Bike\u201c<\/strong> (Anmeldung: <a rel=\"noopener\" data-start=\"482\" data-end=\"506\">info@bikeshop-kreuzer.at<\/a>)<br data-start=\"507\" data-end=\"510\" \/>&#x2714; <strong data-start=\"512\" data-end=\"537\">Gemeinsame Ausfahrten<\/strong> mit Velochicks.at, Femalecyclingbase &amp; mehr!<\/p>\n<p data-start=\"586\" data-end=\"693\">&#x1f4cd; <strong data-start=\"589\" data-end=\"597\">Ort:<\/strong> Bikeshop Kreuzer &amp; Schloss Gainfarn<br data-start=\"633\" data-end=\"636\" \/>&#x1f39f; <strong data-start=\"639\" data-end=\"666\">Mehr Infos &amp; Anmeldung:<\/strong> <a href=\"https:\/\/www.bikeshop-kreuzer.at\/30-jahre-jubilaeum\/\">Bikeshop Kreuzer<\/a> und <a rel=\"noopener\" data-start=\"667\" data-end=\"691\">info@bikeshop-kreuzer.at und <\/a><\/p>\n<p data-start=\"695\" data-end=\"768\">Auch die <strong data-start=\"704\" data-end=\"727\">Radlobby Bad V\u00f6slau<\/strong> ist vor Ort mit unserer interaktiven Karte<br \/>\n&gt; Teile uns deine Problemstellen mit und wir tragen sie auf der Seite vom VC\u00d6 ein<br \/>\n&gt; Bewerte unsere vorgeschlagenen Radwege und teile uns mit, welche Radwege dir am Herzen liegen?<br \/>\nWir freuen uns auf euch!<\/p>\n<p data-start=\"695\" data-end=\"768\">[BadV\u00f6slau_Radparaden]<\/p>\n","protected":false},"excerpt":{"rendered":"<p>Jubil\u00e4umsfeier: Bikeshop Kreuzer wurde 30 Jahre Der Bikeshop Kreuzer feierte 30 Jahre \u2013 und wir waren mit dabei! Von 3. bis 5. April 2025 verwandelte sich Bad V\u00f6slau in einen Treffpunkt f\u00fcr Radsportbegeisterte. Das Programm war vielf\u00e4ltig: spannende Vortr\u00e4ge, Testm\u00f6glichkeiten<\/p>\n","protected":false},"author":65,"featured_media":38755,"comment_status":"closed","ping_status":"closed","sticky":false,"template":"","format":"standard","meta":{"footnotes":""},"categories":[547],"tags":[],"class_list":["post-38155","post","type-post","status-publish","format-standard","has-post-thumbnail","hentry","category-badvoeslau"],"yoast_head":"<!-- This site is optimized with the Yoast SEO plugin v26.9 - https:\/\/yoast.com\/product\/yoast-seo-wordpress\/ -->\n<title>Radlobby Bad V\u00f6slau | Jubil\u00e4umsfeier: Bikeshop Kreuzer wurde 30 Jahre! - Radlobby Nieder\u00f6sterreich<\/title>\n<meta name=\"robots\" content=\"index, follow, max-snippet:-1, max-image-preview:large, max-video-preview:-1\" \/>\n<link rel=\"canonical\" href=\"https:\/\/www.radlobby.org\/noe\/radlobby-bad-voeslau-jubilaeumsfeier-bikeshop-kreuzer-wird-30-jahre\/\" \/>\n<meta property=\"og:locale\" content=\"de_DE\" \/>\n<meta property=\"og:type\" content=\"article\" \/>\n<meta property=\"og:title\" content=\"Radlobby Bad V\u00f6slau | Jubil\u00e4umsfeier: Bikeshop Kreuzer wurde 30 Jahre! - Radlobby Nieder\u00f6sterreich\" \/>\n<meta property=\"og:description\" content=\"Jubil\u00e4umsfeier: Bikeshop Kreuzer wurde 30 Jahre Der Bikeshop Kreuzer feierte 30 Jahre \u2013 und wir waren mit dabei! Von 3. bis 5. April 2025 verwandelte sich Bad V\u00f6slau in einen Treffpunkt f\u00fcr Radsportbegeisterte. Das Programm war vielf\u00e4ltig: spannende Vortr\u00e4ge, Testm\u00f6glichkeiten\" \/>\n<meta property=\"og:url\" content=\"https:\/\/www.radlobby.org\/noe\/radlobby-bad-voeslau-jubilaeumsfeier-bikeshop-kreuzer-wird-30-jahre\/\" \/>\n<meta property=\"og:site_name\" content=\"Radlobby Nieder\u00f6sterreich\" \/>\n<meta property=\"article:publisher\" content=\"https:\/\/www.facebook.com\/groups\/radfahren.in.noe\/\" \/>\n<meta property=\"article:published_time\" content=\"2025-03-30T15:06:20+00:00\" \/>\n<meta property=\"article:modified_time\" content=\"2026-04-01T10:33:41+00:00\" \/>\n<meta property=\"og:image\" content=\"https:\/\/www.radlobby.org\/noe\/wp-content\/uploads\/signal-2025-04-05-110541.jpeg\" \/>\n\t<meta property=\"og:image:width\" content=\"1600\" \/>\n\t<meta property=\"og:image:height\" content=\"1201\" \/>\n\t<meta property=\"og:image:type\" content=\"image\/jpeg\" \/>\n<meta name=\"author\" content=\"Laura Kafka\" \/>\n<meta name=\"twitter:card\" content=\"summary_large_image\" \/>\n<meta name=\"twitter:label1\" content=\"Verfasst von\" \/>\n\t<meta name=\"twitter:data1\" content=\"Laura Kafka\" \/>\n\t<meta name=\"twitter:label2\" content=\"Gesch\u00e4tzte Lesezeit\" \/>\n\t<meta name=\"twitter:data2\" content=\"2\u00a0Minuten\" \/>\n<script type=\"application\/ld+json\" class=\"yoast-schema-graph\">{\"@context\":\"https:\/\/schema.org\",\"@graph\":[{\"@type\":\"Article\",\"@id\":\"https:\/\/www.radlobby.org\/noe\/radlobby-bad-voeslau-jubilaeumsfeier-bikeshop-kreuzer-wird-30-jahre\/#article\",\"isPartOf\":{\"@id\":\"https:\/\/www.radlobby.org\/noe\/radlobby-bad-voeslau-jubilaeumsfeier-bikeshop-kreuzer-wird-30-jahre\/\"},\"author\":{\"name\":\"Laura Kafka\",\"@id\":\"https:\/\/www.radlobby.org\/noe\/#\/schema\/person\/3d46d5baaa32e9fab65201812c570448\"},\"headline\":\"Radlobby Bad V\u00f6slau | Jubil\u00e4umsfeier: Bikeshop Kreuzer wurde 30 Jahre!\",\"datePublished\":\"2025-03-30T15:06:20+00:00\",\"dateModified\":\"2026-04-01T10:33:41+00:00\",\"mainEntityOfPage\":{\"@id\":\"https:\/\/www.radlobby.org\/noe\/radlobby-bad-voeslau-jubilaeumsfeier-bikeshop-kreuzer-wird-30-jahre\/\"},\"wordCount\":330,\"publisher\":{\"@id\":\"https:\/\/www.radlobby.org\/noe\/#organization\"},\"image\":{\"@id\":\"https:\/\/www.radlobby.org\/noe\/radlobby-bad-voeslau-jubilaeumsfeier-bikeshop-kreuzer-wird-30-jahre\/#primaryimage\"},\"thumbnailUrl\":\"https:\/\/www.radlobby.org\/noe\/wp-content\/uploads\/signal-2025-04-05-110541.jpeg\",\"articleSection\":[\"Radlobby Bad V\u00f6slau\"],\"inLanguage\":\"de\"},{\"@type\":\"WebPage\",\"@id\":\"https:\/\/www.radlobby.org\/noe\/radlobby-bad-voeslau-jubilaeumsfeier-bikeshop-kreuzer-wird-30-jahre\/\",\"url\":\"https:\/\/www.radlobby.org\/noe\/radlobby-bad-voeslau-jubilaeumsfeier-bikeshop-kreuzer-wird-30-jahre\/\",\"name\":\"Radlobby Bad V\u00f6slau | Jubil\u00e4umsfeier: Bikeshop Kreuzer wurde 30 Jahre! - Radlobby Nieder\u00f6sterreich\",\"isPartOf\":{\"@id\":\"https:\/\/www.radlobby.org\/noe\/#website\"},\"primaryImageOfPage\":{\"@id\":\"https:\/\/www.radlobby.org\/noe\/radlobby-bad-voeslau-jubilaeumsfeier-bikeshop-kreuzer-wird-30-jahre\/#primaryimage\"},\"image\":{\"@id\":\"https:\/\/www.radlobby.org\/noe\/radlobby-bad-voeslau-jubilaeumsfeier-bikeshop-kreuzer-wird-30-jahre\/#primaryimage\"},\"thumbnailUrl\":\"https:\/\/www.radlobby.org\/noe\/wp-content\/uploads\/signal-2025-04-05-110541.jpeg\",\"datePublished\":\"2025-03-30T15:06:20+00:00\",\"dateModified\":\"2026-04-01T10:33:41+00:00\",\"breadcrumb\":{\"@id\":\"https:\/\/www.radlobby.org\/noe\/radlobby-bad-voeslau-jubilaeumsfeier-bikeshop-kreuzer-wird-30-jahre\/#breadcrumb\"},\"inLanguage\":\"de\",\"potentialAction\":[{\"@type\":\"ReadAction\",\"target\":[\"https:\/\/www.radlobby.org\/noe\/radlobby-bad-voeslau-jubilaeumsfeier-bikeshop-kreuzer-wird-30-jahre\/\"]}]},{\"@type\":\"ImageObject\",\"inLanguage\":\"de\",\"@id\":\"https:\/\/www.radlobby.org\/noe\/radlobby-bad-voeslau-jubilaeumsfeier-bikeshop-kreuzer-wird-30-jahre\/#primaryimage\",\"url\":\"https:\/\/www.radlobby.org\/noe\/wp-content\/uploads\/signal-2025-04-05-110541.jpeg\",\"contentUrl\":\"https:\/\/www.radlobby.org\/noe\/wp-content\/uploads\/signal-2025-04-05-110541.jpeg\",\"width\":1600,\"height\":1201},{\"@type\":\"BreadcrumbList\",\"@id\":\"https:\/\/www.radlobby.org\/noe\/radlobby-bad-voeslau-jubilaeumsfeier-bikeshop-kreuzer-wird-30-jahre\/#breadcrumb\",\"itemListElement\":[{\"@type\":\"ListItem\",\"position\":1,\"name\":\"Startseite\",\"item\":\"https:\/\/www.radlobby.org\/noe\/\"},{\"@type\":\"ListItem\",\"position\":2,\"name\":\"Radlobby Bad V\u00f6slau | Jubil\u00e4umsfeier: Bikeshop Kreuzer wurde 30 Jahre!\"}]},{\"@type\":\"WebSite\",\"@id\":\"https:\/\/www.radlobby.org\/noe\/#website\",\"url\":\"https:\/\/www.radlobby.org\/noe\/\",\"name\":\"Radlobby Nieder\u00f6sterreich\",\"description\":\"Radverkehr, Fahrrad, Radfahren, Radreisen, Radtouren, Radweg\",\"publisher\":{\"@id\":\"https:\/\/www.radlobby.org\/noe\/#organization\"},\"potentialAction\":[{\"@type\":\"SearchAction\",\"target\":{\"@type\":\"EntryPoint\",\"urlTemplate\":\"https:\/\/www.radlobby.org\/noe\/?s={search_term_string}\"},\"query-input\":{\"@type\":\"PropertyValueSpecification\",\"valueRequired\":true,\"valueName\":\"search_term_string\"}}],\"inLanguage\":\"de\"},{\"@type\":\"Organization\",\"@id\":\"https:\/\/www.radlobby.org\/noe\/#organization\",\"name\":\"Radlobby Nieder\u00f6sterreich\",\"url\":\"https:\/\/www.radlobby.org\/noe\/\",\"logo\":{\"@type\":\"ImageObject\",\"inLanguage\":\"de\",\"@id\":\"https:\/\/www.radlobby.org\/noe\/#\/schema\/logo\/image\/\",\"url\":\"https:\/\/www.radlobby.org\/noe\/wp-content\/uploads\/2017\/01\/cropped-Logo_Radlobby_Niederoesterreich_50-400px_quer-1.jpg\",\"contentUrl\":\"https:\/\/www.radlobby.org\/noe\/wp-content\/uploads\/2017\/01\/cropped-Logo_Radlobby_Niederoesterreich_50-400px_quer-1.jpg\",\"width\":450,\"height\":124,\"caption\":\"Radlobby Nieder\u00f6sterreich\"},\"image\":{\"@id\":\"https:\/\/www.radlobby.org\/noe\/#\/schema\/logo\/image\/\"},\"sameAs\":[\"https:\/\/www.facebook.com\/groups\/radfahren.in.noe\/\"]},{\"@type\":\"Person\",\"@id\":\"https:\/\/www.radlobby.org\/noe\/#\/schema\/person\/3d46d5baaa32e9fab65201812c570448\",\"name\":\"Laura Kafka\",\"image\":{\"@type\":\"ImageObject\",\"inLanguage\":\"de\",\"@id\":\"https:\/\/www.radlobby.org\/noe\/#\/schema\/person\/image\/\",\"url\":\"https:\/\/secure.gravatar.com\/avatar\/141ec437f27b3084bc6c91857d881288555812a76d2e9c6af9f4ba5f626465e7?s=96&d=mm&r=g\",\"contentUrl\":\"https:\/\/secure.gravatar.com\/avatar\/141ec437f27b3084bc6c91857d881288555812a76d2e9c6af9f4ba5f626465e7?s=96&d=mm&r=g\",\"caption\":\"Laura Kafka\"},\"url\":\"https:\/\/www.radlobby.org\/noe\/author\/laura-kafka\/\"}]}<\/script>\n<!-- \/ Yoast SEO plugin. -->","yoast_head_json":{"title":"Radlobby Bad V\u00f6slau | Jubil\u00e4umsfeier: Bikeshop Kreuzer wurde 30 Jahre! - Radlobby Nieder\u00f6sterreich","robots":{"index":"index","follow":"follow","max-snippet":"max-snippet:-1","max-image-preview":"max-image-preview:large","max-video-preview":"max-video-preview:-1"},"canonical":"https:\/\/www.radlobby.org\/noe\/radlobby-bad-voeslau-jubilaeumsfeier-bikeshop-kreuzer-wird-30-jahre\/","og_locale":"de_DE","og_type":"article","og_title":"Radlobby Bad V\u00f6slau | Jubil\u00e4umsfeier: Bikeshop Kreuzer wurde 30 Jahre! - Radlobby Nieder\u00f6sterreich","og_description":"Jubil\u00e4umsfeier: Bikeshop Kreuzer wurde 30 Jahre Der Bikeshop Kreuzer feierte 30 Jahre \u2013 und wir waren mit dabei! Von 3. bis 5. April 2025 verwandelte sich Bad V\u00f6slau in einen Treffpunkt f\u00fcr Radsportbegeisterte. Das Programm war vielf\u00e4ltig: spannende Vortr\u00e4ge, Testm\u00f6glichkeiten","og_url":"https:\/\/www.radlobby.org\/noe\/radlobby-bad-voeslau-jubilaeumsfeier-bikeshop-kreuzer-wird-30-jahre\/","og_site_name":"Radlobby Nieder\u00f6sterreich","article_publisher":"https:\/\/www.facebook.com\/groups\/radfahren.in.noe\/","article_published_time":"2025-03-30T15:06:20+00:00","article_modified_time":"2026-04-01T10:33:41+00:00","og_image":[{"width":1600,"height":1201,"url":"https:\/\/www.radlobby.org\/noe\/wp-content\/uploads\/signal-2025-04-05-110541.jpeg","type":"image\/jpeg"}],"author":"Laura Kafka","twitter_card":"summary_large_image","twitter_misc":{"Verfasst von":"Laura Kafka","Gesch\u00e4tzte Lesezeit":"2\u00a0Minuten"},"schema":{"@context":"https:\/\/schema.org","@graph":[{"@type":"Article","@id":"https:\/\/www.radlobby.org\/noe\/radlobby-bad-voeslau-jubilaeumsfeier-bikeshop-kreuzer-wird-30-jahre\/#article","isPartOf":{"@id":"https:\/\/www.radlobby.org\/noe\/radlobby-bad-voeslau-jubilaeumsfeier-bikeshop-kreuzer-wird-30-jahre\/"},"author":{"name":"Laura Kafka","@id":"https:\/\/www.radlobby.org\/noe\/#\/schema\/person\/3d46d5baaa32e9fab65201812c570448"},"headline":"Radlobby Bad V\u00f6slau | Jubil\u00e4umsfeier: Bikeshop Kreuzer wurde 30 Jahre!","datePublished":"2025-03-30T15:06:20+00:00","dateModified":"2026-04-01T10:33:41+00:00","mainEntityOfPage":{"@id":"https:\/\/www.radlobby.org\/noe\/radlobby-bad-voeslau-jubilaeumsfeier-bikeshop-kreuzer-wird-30-jahre\/"},"wordCount":330,"publisher":{"@id":"https:\/\/www.radlobby.org\/noe\/#organization"},"image":{"@id":"https:\/\/www.radlobby.org\/noe\/radlobby-bad-voeslau-jubilaeumsfeier-bikeshop-kreuzer-wird-30-jahre\/#primaryimage"},"thumbnailUrl":"https:\/\/www.radlobby.org\/noe\/wp-content\/uploads\/signal-2025-04-05-110541.jpeg","articleSection":["Radlobby Bad V\u00f6slau"],"inLanguage":"de"},{"@type":"WebPage","@id":"https:\/\/www.radlobby.org\/noe\/radlobby-bad-voeslau-jubilaeumsfeier-bikeshop-kreuzer-wird-30-jahre\/","url":"https:\/\/www.radlobby.org\/noe\/radlobby-bad-voeslau-jubilaeumsfeier-bikeshop-kreuzer-wird-30-jahre\/","name":"Radlobby Bad V\u00f6slau | Jubil\u00e4umsfeier: Bikeshop Kreuzer wurde 30 Jahre! - Radlobby Nieder\u00f6sterreich","isPartOf":{"@id":"https:\/\/www.radlobby.org\/noe\/#website"},"primaryImageOfPage":{"@id":"https:\/\/www.radlobby.org\/noe\/radlobby-bad-voeslau-jubilaeumsfeier-bikeshop-kreuzer-wird-30-jahre\/#primaryimage"},"image":{"@id":"https:\/\/www.radlobby.org\/noe\/radlobby-bad-voeslau-jubilaeumsfeier-bikeshop-kreuzer-wird-30-jahre\/#primaryimage"},"thumbnailUrl":"https:\/\/www.radlobby.org\/noe\/wp-content\/uploads\/signal-2025-04-05-110541.jpeg","datePublished":"2025-03-30T15:06:20+00:00","dateModified":"2026-04-01T10:33:41+00:00","breadcrumb":{"@id":"https:\/\/www.radlobby.org\/noe\/radlobby-bad-voeslau-jubilaeumsfeier-bikeshop-kreuzer-wird-30-jahre\/#breadcrumb"},"inLanguage":"de","potentialAction":[{"@type":"ReadAction","target":["https:\/\/www.radlobby.org\/noe\/radlobby-bad-voeslau-jubilaeumsfeier-bikeshop-kreuzer-wird-30-jahre\/"]}]},{"@type":"ImageObject","inLanguage":"de","@id":"https:\/\/www.radlobby.org\/noe\/radlobby-bad-voeslau-jubilaeumsfeier-bikeshop-kreuzer-wird-30-jahre\/#primaryimage","url":"https:\/\/www.radlobby.org\/noe\/wp-content\/uploads\/signal-2025-04-05-110541.jpeg","contentUrl":"https:\/\/www.radlobby.org\/noe\/wp-content\/uploads\/signal-2025-04-05-110541.jpeg","width":1600,"height":1201},{"@type":"BreadcrumbList","@id":"https:\/\/www.radlobby.org\/noe\/radlobby-bad-voeslau-jubilaeumsfeier-bikeshop-kreuzer-wird-30-jahre\/#breadcrumb","itemListElement":[{"@type":"ListItem","position":1,"name":"Startseite","item":"https:\/\/www.radlobby.org\/noe\/"},{"@type":"ListItem","position":2,"name":"Radlobby Bad V\u00f6slau | Jubil\u00e4umsfeier: Bikeshop Kreuzer wurde 30 Jahre!"}]},{"@type":"WebSite","@id":"https:\/\/www.radlobby.org\/noe\/#website","url":"https:\/\/www.radlobby.org\/noe\/","name":"Radlobby Nieder\u00f6sterreich","description":"Radverkehr, Fahrrad, Radfahren, Radreisen, Radtouren, Radweg","publisher":{"@id":"https:\/\/www.radlobby.org\/noe\/#organization"},"potentialAction":[{"@type":"SearchAction","target":{"@type":"EntryPoint","urlTemplate":"https:\/\/www.radlobby.org\/noe\/?s={search_term_string}"},"query-input":{"@type":"PropertyValueSpecification","valueRequired":true,"valueName":"search_term_string"}}],"inLanguage":"de"},{"@type":"Organization","@id":"https:\/\/www.radlobby.org\/noe\/#organization","name":"Radlobby Nieder\u00f6sterreich","url":"https:\/\/www.radlobby.org\/noe\/","logo":{"@type":"ImageObject","inLanguage":"de","@id":"https:\/\/www.radlobby.org\/noe\/#\/schema\/logo\/image\/","url":"https:\/\/www.radlobby.org\/noe\/wp-content\/uploads\/2017\/01\/cropped-Logo_Radlobby_Niederoesterreich_50-400px_quer-1.jpg","contentUrl":"https:\/\/www.radlobby.org\/noe\/wp-content\/uploads\/2017\/01\/cropped-Logo_Radlobby_Niederoesterreich_50-400px_quer-1.jpg","width":450,"height":124,"caption":"Radlobby Nieder\u00f6sterreich"},"image":{"@id":"https:\/\/www.radlobby.org\/noe\/#\/schema\/logo\/image\/"},"sameAs":["https:\/\/www.facebook.com\/groups\/radfahren.in.noe\/"]},{"@type":"Person","@id":"https:\/\/www.radlobby.org\/noe\/#\/schema\/person\/3d46d5baaa32e9fab65201812c570448","name":"Laura Kafka","image":{"@type":"ImageObject","inLanguage":"de","@id":"https:\/\/www.radlobby.org\/noe\/#\/schema\/person\/image\/","url":"https:\/\/secure.gravatar.com\/avatar\/141ec437f27b3084bc6c91857d881288555812a76d2e9c6af9f4ba5f626465e7?s=96&d=mm&r=g","contentUrl":"https:\/\/secure.gravatar.com\/avatar\/141ec437f27b3084bc6c91857d881288555812a76d2e9c6af9f4ba5f626465e7?s=96&d=mm&r=g","caption":"Laura Kafka"},"url":"https:\/\/www.radlobby.org\/noe\/author\/laura-kafka\/"}]}},"_links":{"self":[{"href":"https:\/\/www.radlobby.org\/noe\/wp-json\/wp\/v2\/posts\/38155","targetHints":{"allow":["GET"]}}],"collection":[{"href":"https:\/\/www.radlobby.org\/noe\/wp-json\/wp\/v2\/posts"}],"about":[{"href":"https:\/\/www.radlobby.org\/noe\/wp-json\/wp\/v2\/types\/post"}],"author":[{"embeddable":true,"href":"https:\/\/www.radlobby.org\/noe\/wp-json\/wp\/v2\/users\/65"}],"replies":[{"embeddable":true,"href":"https:\/\/www.radlobby.org\/noe\/wp-json\/wp\/v2\/comments?post=38155"}],"version-history":[{"count":7,"href":"https:\/\/www.radlobby.org\/noe\/wp-json\/wp\/v2\/posts\/38155\/revisions"}],"predecessor-version":[{"id":41592,"href":"https:\/\/www.radlobby.org\/noe\/wp-json\/wp\/v2\/posts\/38155\/revisions\/41592"}],"wp:featuredmedia":[{"embeddable":true,"href":"https:\/\/www.radlobby.org\/noe\/wp-json\/wp\/v2\/media\/38755"}],"wp:attachment":[{"href":"https:\/\/www.radlobby.org\/noe\/wp-json\/wp\/v2\/media?parent=38155"}],"wp:term":[{"taxonomy":"category","embeddable":true,"href":"https:\/\/www.radlobby.org\/noe\/wp-json\/wp\/v2\/categories?post=38155"},{"taxonomy":"post_tag","embeddable":true,"href":"https:\/\/www.radlobby.org\/noe\/wp-json\/wp\/v2\/tags?post=38155"}],"curies":[{"name":"wp","href":"https:\/\/api.w.org\/{rel}","templated":true}]}}