{"id":38118,"date":"2025-02-12T14:48:03","date_gmt":"2025-02-12T13:48:03","guid":{"rendered":"https:\/\/www.radlobby.org\/noe\/?p=38118"},"modified":"2025-02-12T14:59:31","modified_gmt":"2025-02-12T13:59:31","slug":"gmuend_schrems-highway_250212","status":"publish","type":"post","link":"https:\/\/www.radlobby.org\/noe\/gmuend_schrems-highway_250212\/","title":{"rendered":"Von wegen Radhighway Gm\u00fcnd\u2013Schrems"},"content":{"rendered":"<p>Seit 2019 wurde am Radbasisnetz (siehe auch: <a href=\"https:\/\/www.radlobby.org\/noe\/radbasisnetze-fuer-niederoesterreich\/\" target=\"_blank\" rel=\"noopener\">Radbasisnetze: Planung abgeschlossen<\/a>) geplant, ein Radhighway zwischen Gm\u00fcnd und Schrems wurde 2020 vollmundig angek\u00fcndigt. Papier ist geduldig, die Radfahrenden auf der Pendelstrecke weniger.<\/p>\n<p>Am 29. J\u00e4nner 2025 widmete die N\u00d6N der Frage, was aus der &#8220;Radautobahn&#8221; <strong>Gm\u00fcnd\u2013Schrems<\/strong> geworden sei, eine Seite. Zuletzt hatte der Kandidat der Listengemeinschaft \u00d6SI f\u00fcr Waldenstein, Christian Oberlechner, das Thema in einer Diskussion vor der Gemeinderatswahl wieder auf den Tisch gebracht.<\/p>\n<p>Die Radlobby Gm\u00fcnd hat in der Folge in der Ausgabe vom 12. Februar 2025 erneut auf die der Radverkehrsplanung in N\u00d6 zugrundeliegenden Probleme hingewiesen.<\/p>\n<p>Die einzige Verbindung im Radbasisnetz der Kleinregion, wo offenbar ein echter politischer Wille zur Umsetzung besteht, ist die von <strong>Waldenstein nach Gm\u00fcnd<\/strong> (siehe:<strong><a href=\"https:\/\/www.noen.at\/gmuend\/waldenstein-gmuend-nicht-in-stein-gemeisselt-radweg-konzept-wurde-erstmals-vorgestellt-455948087\" target=\"_blank\" rel=\"noopener\">Radweg-Konzept erstmals vorgestellt<\/a><\/strong>). Die Planung bis nahe an Gm\u00fcnd heran ist schon ein St\u00fcck weit gediehen. Dort, an der Stadtgrenze, enden die Planungen j\u00e4h an der Grundgrenze eines gro\u00dfen Grundbesitzers. Sollen sie doch Kuchen &#8230; \u00e4h auf der anderen Stra\u00dfenseite weiterfahren.<\/p>\n<ul>\n<li><strong>N\u00d6N Gm\u00fcnd<\/strong> am 29. 1. 2025:<\/li>\n<\/ul>\n<p><a href=\"https:\/\/www.radlobby.org\/noe\/wp-content\/uploads\/GD_NOEN-250129-1.jpg\" data-src=\"https:\/\/www.radlobby.org\/noe\/wp-content\/uploads\/GD_NOEN-250129-1.jpg\" data-thumb=\"https:\/\/www.radlobby.org\/noe\/wp-content\/uploads\/GD_NOEN-250129-1.jpg\" class=\"ml-lightbox-enabled\"><img loading=\"lazy\" decoding=\"async\" class=\"alignnone\" src=\"https:\/\/www.radlobby.org\/noe\/wp-content\/uploads\/GD_NOEN-250129-1.jpg\" alt=\"\" width=\"610\" height=\"416\" \/> <img loading=\"lazy\" decoding=\"async\" class=\"\" src=\"https:\/\/www.radlobby.org\/noe\/wp-content\/uploads\/GD_NOEN-250129-2.jpg\" alt=\"\" width=\"593\" height=\"411\" \/><\/a><\/p>\n<ul>\n<li><strong>Replik der Radlobby Gm\u00fcnd<\/strong> am 12. 2. 2025:<\/li>\n<\/ul>\n<p><img loading=\"lazy\" decoding=\"async\" class=\"\" src=\"https:\/\/www.radlobby.org\/noe\/wp-content\/uploads\/GD_NOEN-250212-scaled.jpg\" alt=\"\" width=\"246\" height=\"562\" \/><\/p>\n<p>&nbsp;<\/p>\n<blockquote>\n<h6>Wenn euch als Radfahrer:in oder auch Fu\u00dfg\u00e4nger:in in Gm\u00fcnd etwas fehlt, wenn ihr auf gef\u00e4hrliche Situationen sto\u00dft oder euch fragt, wie diese Radwege denn nun eigentlich zu benutzen sind &#8211; und nat\u00fcrlich auch, wenn ihr Anregungen habt, wie Radeln in Gm\u00fcnd sicherer und freudvoller werden kann, meldet euch bei uns &#8211; siehe <a href=\"https:\/\/www.radlobby.org\/noe\/gmuend-team\/\">Radlobby Gm\u00fcnd \u2013 Team<\/a>.<\/h6>\n<\/blockquote>\n<p>&nbsp;<\/p>\n","protected":false},"excerpt":{"rendered":"<p>Seit 2019 wurde am Radbasisnetz (siehe auch: Radbasisnetze: Planung abgeschlossen) geplant, ein Radhighway zwischen Gm\u00fcnd und Schrems wurde 2020 vollmundig angek\u00fcndigt. Papier ist geduldig, die Radfahrenden auf der Pendelstrecke weniger. Am 29. J\u00e4nner 2025 widmete die N\u00d6N der Frage, was<\/p>\n","protected":false},"author":27,"featured_media":38123,"comment_status":"closed","ping_status":"closed","sticky":false,"template":"","format":"standard","meta":{"footnotes":""},"categories":[282,20],"tags":[72,23,75,291,315],"class_list":["post-38118","post","type-post","status-publish","format-standard","has-post-thumbnail","hentry","category-gmuend","category-niederoesterreich","tag-gemeinden","tag-infrastruktur","tag-landespolitik","tag-landesstrasse","tag-radinfrastruktur"],"yoast_head":"<!-- This site is optimized with the Yoast SEO plugin v26.9 - https:\/\/yoast.com\/product\/yoast-seo-wordpress\/ -->\n<title>Von wegen Radhighway Gm\u00fcnd\u2013Schrems - Radlobby Nieder\u00f6sterreich<\/title>\n<meta name=\"description\" content=\"Die Radbasisnetze existieren weiterhin nur auf dem Papier. Von dem gro\u00df angek\u00fcndigten Radschnellweg bleibt nur hei\u00dfe Luft.\" \/>\n<meta name=\"robots\" content=\"index, follow, max-snippet:-1, max-image-preview:large, max-video-preview:-1\" \/>\n<link rel=\"canonical\" href=\"https:\/\/www.radlobby.org\/noe\/gmuend_schrems-highway_250212\/\" \/>\n<meta property=\"og:locale\" content=\"de_DE\" \/>\n<meta property=\"og:type\" content=\"article\" \/>\n<meta property=\"og:title\" content=\"Von wegen Radhighway Gm\u00fcnd\u2013Schrems - Radlobby Nieder\u00f6sterreich\" \/>\n<meta property=\"og:description\" content=\"Die Radbasisnetze existieren weiterhin nur auf dem Papier. Von dem gro\u00df angek\u00fcndigten Radschnellweg bleibt nur hei\u00dfe Luft.\" \/>\n<meta property=\"og:url\" content=\"https:\/\/www.radlobby.org\/noe\/gmuend_schrems-highway_250212\/\" \/>\n<meta property=\"og:site_name\" content=\"Radlobby Nieder\u00f6sterreich\" \/>\n<meta property=\"article:publisher\" content=\"https:\/\/www.facebook.com\/groups\/radfahren.in.noe\/\" \/>\n<meta property=\"article:published_time\" content=\"2025-02-12T13:48:03+00:00\" \/>\n<meta property=\"article:modified_time\" content=\"2025-02-12T13:59:31+00:00\" \/>\n<meta property=\"og:image\" content=\"https:\/\/www.radlobby.org\/noe\/wp-content\/uploads\/GD_Highway_mini-1.jpg\" \/>\n\t<meta property=\"og:image:width\" content=\"500\" \/>\n\t<meta property=\"og:image:height\" content=\"363\" \/>\n\t<meta property=\"og:image:type\" content=\"image\/jpeg\" \/>\n<meta name=\"author\" content=\"Kristin Harrich\" \/>\n<meta name=\"twitter:card\" content=\"summary_large_image\" \/>\n<meta name=\"twitter:label1\" content=\"Verfasst von\" \/>\n\t<meta name=\"twitter:data1\" content=\"Kristin Harrich\" \/>\n\t<meta name=\"twitter:label2\" content=\"Gesch\u00e4tzte Lesezeit\" \/>\n\t<meta name=\"twitter:data2\" content=\"2\u00a0Minuten\" \/>\n<script type=\"application\/ld+json\" class=\"yoast-schema-graph\">{\"@context\":\"https:\/\/schema.org\",\"@graph\":[{\"@type\":\"Article\",\"@id\":\"https:\/\/www.radlobby.org\/noe\/gmuend_schrems-highway_250212\/#article\",\"isPartOf\":{\"@id\":\"https:\/\/www.radlobby.org\/noe\/gmuend_schrems-highway_250212\/\"},\"author\":{\"name\":\"Kristin Harrich\",\"@id\":\"https:\/\/www.radlobby.org\/noe\/#\/schema\/person\/6b0053ef563e368f14308d7792bfbfc0\"},\"headline\":\"Von wegen Radhighway Gm\u00fcnd\u2013Schrems\",\"datePublished\":\"2025-02-12T13:48:03+00:00\",\"dateModified\":\"2025-02-12T13:59:31+00:00\",\"mainEntityOfPage\":{\"@id\":\"https:\/\/www.radlobby.org\/noe\/gmuend_schrems-highway_250212\/\"},\"wordCount\":251,\"publisher\":{\"@id\":\"https:\/\/www.radlobby.org\/noe\/#organization\"},\"image\":{\"@id\":\"https:\/\/www.radlobby.org\/noe\/gmuend_schrems-highway_250212\/#primaryimage\"},\"thumbnailUrl\":\"https:\/\/www.radlobby.org\/noe\/wp-content\/uploads\/GD_Highway_mini-1.jpg\",\"keywords\":[\"Gemeinden\",\"Infrastruktur\",\"Landespolitik\",\"Landesstra\u00dfe\",\"Radinfrastruktur\"],\"articleSection\":[\"Radlobby Gm\u00fcnd\",\"Radlobby Nieder\u00f6sterreich\"],\"inLanguage\":\"de\"},{\"@type\":\"WebPage\",\"@id\":\"https:\/\/www.radlobby.org\/noe\/gmuend_schrems-highway_250212\/\",\"url\":\"https:\/\/www.radlobby.org\/noe\/gmuend_schrems-highway_250212\/\",\"name\":\"Von wegen Radhighway Gm\u00fcnd\u2013Schrems - Radlobby Nieder\u00f6sterreich\",\"isPartOf\":{\"@id\":\"https:\/\/www.radlobby.org\/noe\/#website\"},\"primaryImageOfPage\":{\"@id\":\"https:\/\/www.radlobby.org\/noe\/gmuend_schrems-highway_250212\/#primaryimage\"},\"image\":{\"@id\":\"https:\/\/www.radlobby.org\/noe\/gmuend_schrems-highway_250212\/#primaryimage\"},\"thumbnailUrl\":\"https:\/\/www.radlobby.org\/noe\/wp-content\/uploads\/GD_Highway_mini-1.jpg\",\"datePublished\":\"2025-02-12T13:48:03+00:00\",\"dateModified\":\"2025-02-12T13:59:31+00:00\",\"description\":\"Die Radbasisnetze existieren weiterhin nur auf dem Papier. Von dem gro\u00df angek\u00fcndigten Radschnellweg bleibt nur hei\u00dfe Luft.\",\"breadcrumb\":{\"@id\":\"https:\/\/www.radlobby.org\/noe\/gmuend_schrems-highway_250212\/#breadcrumb\"},\"inLanguage\":\"de\",\"potentialAction\":[{\"@type\":\"ReadAction\",\"target\":[\"https:\/\/www.radlobby.org\/noe\/gmuend_schrems-highway_250212\/\"]}]},{\"@type\":\"ImageObject\",\"inLanguage\":\"de\",\"@id\":\"https:\/\/www.radlobby.org\/noe\/gmuend_schrems-highway_250212\/#primaryimage\",\"url\":\"https:\/\/www.radlobby.org\/noe\/wp-content\/uploads\/GD_Highway_mini-1.jpg\",\"contentUrl\":\"https:\/\/www.radlobby.org\/noe\/wp-content\/uploads\/GD_Highway_mini-1.jpg\",\"width\":500,\"height\":363},{\"@type\":\"BreadcrumbList\",\"@id\":\"https:\/\/www.radlobby.org\/noe\/gmuend_schrems-highway_250212\/#breadcrumb\",\"itemListElement\":[{\"@type\":\"ListItem\",\"position\":1,\"name\":\"Startseite\",\"item\":\"https:\/\/www.radlobby.org\/noe\/\"},{\"@type\":\"ListItem\",\"position\":2,\"name\":\"Von wegen Radhighway Gm\u00fcnd\u2013Schrems\"}]},{\"@type\":\"WebSite\",\"@id\":\"https:\/\/www.radlobby.org\/noe\/#website\",\"url\":\"https:\/\/www.radlobby.org\/noe\/\",\"name\":\"Radlobby Nieder\u00f6sterreich\",\"description\":\"Radverkehr, Fahrrad, Radfahren, Radreisen, Radtouren, Radweg\",\"publisher\":{\"@id\":\"https:\/\/www.radlobby.org\/noe\/#organization\"},\"potentialAction\":[{\"@type\":\"SearchAction\",\"target\":{\"@type\":\"EntryPoint\",\"urlTemplate\":\"https:\/\/www.radlobby.org\/noe\/?s={search_term_string}\"},\"query-input\":{\"@type\":\"PropertyValueSpecification\",\"valueRequired\":true,\"valueName\":\"search_term_string\"}}],\"inLanguage\":\"de\"},{\"@type\":\"Organization\",\"@id\":\"https:\/\/www.radlobby.org\/noe\/#organization\",\"name\":\"Radlobby Nieder\u00f6sterreich\",\"url\":\"https:\/\/www.radlobby.org\/noe\/\",\"logo\":{\"@type\":\"ImageObject\",\"inLanguage\":\"de\",\"@id\":\"https:\/\/www.radlobby.org\/noe\/#\/schema\/logo\/image\/\",\"url\":\"https:\/\/www.radlobby.org\/noe\/wp-content\/uploads\/2017\/01\/cropped-Logo_Radlobby_Niederoesterreich_50-400px_quer-1.jpg\",\"contentUrl\":\"https:\/\/www.radlobby.org\/noe\/wp-content\/uploads\/2017\/01\/cropped-Logo_Radlobby_Niederoesterreich_50-400px_quer-1.jpg\",\"width\":450,\"height\":124,\"caption\":\"Radlobby Nieder\u00f6sterreich\"},\"image\":{\"@id\":\"https:\/\/www.radlobby.org\/noe\/#\/schema\/logo\/image\/\"},\"sameAs\":[\"https:\/\/www.facebook.com\/groups\/radfahren.in.noe\/\"]},{\"@type\":\"Person\",\"@id\":\"https:\/\/www.radlobby.org\/noe\/#\/schema\/person\/6b0053ef563e368f14308d7792bfbfc0\",\"name\":\"Kristin Harrich\",\"image\":{\"@type\":\"ImageObject\",\"inLanguage\":\"de\",\"@id\":\"https:\/\/www.radlobby.org\/noe\/#\/schema\/person\/image\/\",\"url\":\"https:\/\/secure.gravatar.com\/avatar\/fae3c9085f86cf2c3d0ec7ea03ae71cda2f36050a7f451f72c07840cdab68d7c?s=96&d=mm&r=g\",\"contentUrl\":\"https:\/\/secure.gravatar.com\/avatar\/fae3c9085f86cf2c3d0ec7ea03ae71cda2f36050a7f451f72c07840cdab68d7c?s=96&d=mm&r=g\",\"caption\":\"Kristin Harrich\"},\"url\":\"https:\/\/www.radlobby.org\/noe\/author\/kristinharrich\/\"}]}<\/script>\n<!-- \/ Yoast SEO plugin. -->","yoast_head_json":{"title":"Von wegen Radhighway Gm\u00fcnd\u2013Schrems - Radlobby Nieder\u00f6sterreich","description":"Die Radbasisnetze existieren weiterhin nur auf dem Papier. Von dem gro\u00df angek\u00fcndigten Radschnellweg bleibt nur hei\u00dfe Luft.","robots":{"index":"index","follow":"follow","max-snippet":"max-snippet:-1","max-image-preview":"max-image-preview:large","max-video-preview":"max-video-preview:-1"},"canonical":"https:\/\/www.radlobby.org\/noe\/gmuend_schrems-highway_250212\/","og_locale":"de_DE","og_type":"article","og_title":"Von wegen Radhighway Gm\u00fcnd\u2013Schrems - Radlobby Nieder\u00f6sterreich","og_description":"Die Radbasisnetze existieren weiterhin nur auf dem Papier. Von dem gro\u00df angek\u00fcndigten Radschnellweg bleibt nur hei\u00dfe Luft.","og_url":"https:\/\/www.radlobby.org\/noe\/gmuend_schrems-highway_250212\/","og_site_name":"Radlobby Nieder\u00f6sterreich","article_publisher":"https:\/\/www.facebook.com\/groups\/radfahren.in.noe\/","article_published_time":"2025-02-12T13:48:03+00:00","article_modified_time":"2025-02-12T13:59:31+00:00","og_image":[{"width":500,"height":363,"url":"https:\/\/www.radlobby.org\/noe\/wp-content\/uploads\/GD_Highway_mini-1.jpg","type":"image\/jpeg"}],"author":"Kristin Harrich","twitter_card":"summary_large_image","twitter_misc":{"Verfasst von":"Kristin Harrich","Gesch\u00e4tzte Lesezeit":"2\u00a0Minuten"},"schema":{"@context":"https:\/\/schema.org","@graph":[{"@type":"Article","@id":"https:\/\/www.radlobby.org\/noe\/gmuend_schrems-highway_250212\/#article","isPartOf":{"@id":"https:\/\/www.radlobby.org\/noe\/gmuend_schrems-highway_250212\/"},"author":{"name":"Kristin Harrich","@id":"https:\/\/www.radlobby.org\/noe\/#\/schema\/person\/6b0053ef563e368f14308d7792bfbfc0"},"headline":"Von wegen Radhighway Gm\u00fcnd\u2013Schrems","datePublished":"2025-02-12T13:48:03+00:00","dateModified":"2025-02-12T13:59:31+00:00","mainEntityOfPage":{"@id":"https:\/\/www.radlobby.org\/noe\/gmuend_schrems-highway_250212\/"},"wordCount":251,"publisher":{"@id":"https:\/\/www.radlobby.org\/noe\/#organization"},"image":{"@id":"https:\/\/www.radlobby.org\/noe\/gmuend_schrems-highway_250212\/#primaryimage"},"thumbnailUrl":"https:\/\/www.radlobby.org\/noe\/wp-content\/uploads\/GD_Highway_mini-1.jpg","keywords":["Gemeinden","Infrastruktur","Landespolitik","Landesstra\u00dfe","Radinfrastruktur"],"articleSection":["Radlobby Gm\u00fcnd","Radlobby Nieder\u00f6sterreich"],"inLanguage":"de"},{"@type":"WebPage","@id":"https:\/\/www.radlobby.org\/noe\/gmuend_schrems-highway_250212\/","url":"https:\/\/www.radlobby.org\/noe\/gmuend_schrems-highway_250212\/","name":"Von wegen Radhighway Gm\u00fcnd\u2013Schrems - Radlobby Nieder\u00f6sterreich","isPartOf":{"@id":"https:\/\/www.radlobby.org\/noe\/#website"},"primaryImageOfPage":{"@id":"https:\/\/www.radlobby.org\/noe\/gmuend_schrems-highway_250212\/#primaryimage"},"image":{"@id":"https:\/\/www.radlobby.org\/noe\/gmuend_schrems-highway_250212\/#primaryimage"},"thumbnailUrl":"https:\/\/www.radlobby.org\/noe\/wp-content\/uploads\/GD_Highway_mini-1.jpg","datePublished":"2025-02-12T13:48:03+00:00","dateModified":"2025-02-12T13:59:31+00:00","description":"Die Radbasisnetze existieren weiterhin nur auf dem Papier. Von dem gro\u00df angek\u00fcndigten Radschnellweg bleibt nur hei\u00dfe Luft.","breadcrumb":{"@id":"https:\/\/www.radlobby.org\/noe\/gmuend_schrems-highway_250212\/#breadcrumb"},"inLanguage":"de","potentialAction":[{"@type":"ReadAction","target":["https:\/\/www.radlobby.org\/noe\/gmuend_schrems-highway_250212\/"]}]},{"@type":"ImageObject","inLanguage":"de","@id":"https:\/\/www.radlobby.org\/noe\/gmuend_schrems-highway_250212\/#primaryimage","url":"https:\/\/www.radlobby.org\/noe\/wp-content\/uploads\/GD_Highway_mini-1.jpg","contentUrl":"https:\/\/www.radlobby.org\/noe\/wp-content\/uploads\/GD_Highway_mini-1.jpg","width":500,"height":363},{"@type":"BreadcrumbList","@id":"https:\/\/www.radlobby.org\/noe\/gmuend_schrems-highway_250212\/#breadcrumb","itemListElement":[{"@type":"ListItem","position":1,"name":"Startseite","item":"https:\/\/www.radlobby.org\/noe\/"},{"@type":"ListItem","position":2,"name":"Von wegen Radhighway Gm\u00fcnd\u2013Schrems"}]},{"@type":"WebSite","@id":"https:\/\/www.radlobby.org\/noe\/#website","url":"https:\/\/www.radlobby.org\/noe\/","name":"Radlobby Nieder\u00f6sterreich","description":"Radverkehr, Fahrrad, Radfahren, Radreisen, Radtouren, Radweg","publisher":{"@id":"https:\/\/www.radlobby.org\/noe\/#organization"},"potentialAction":[{"@type":"SearchAction","target":{"@type":"EntryPoint","urlTemplate":"https:\/\/www.radlobby.org\/noe\/?s={search_term_string}"},"query-input":{"@type":"PropertyValueSpecification","valueRequired":true,"valueName":"search_term_string"}}],"inLanguage":"de"},{"@type":"Organization","@id":"https:\/\/www.radlobby.org\/noe\/#organization","name":"Radlobby Nieder\u00f6sterreich","url":"https:\/\/www.radlobby.org\/noe\/","logo":{"@type":"ImageObject","inLanguage":"de","@id":"https:\/\/www.radlobby.org\/noe\/#\/schema\/logo\/image\/","url":"https:\/\/www.radlobby.org\/noe\/wp-content\/uploads\/2017\/01\/cropped-Logo_Radlobby_Niederoesterreich_50-400px_quer-1.jpg","contentUrl":"https:\/\/www.radlobby.org\/noe\/wp-content\/uploads\/2017\/01\/cropped-Logo_Radlobby_Niederoesterreich_50-400px_quer-1.jpg","width":450,"height":124,"caption":"Radlobby Nieder\u00f6sterreich"},"image":{"@id":"https:\/\/www.radlobby.org\/noe\/#\/schema\/logo\/image\/"},"sameAs":["https:\/\/www.facebook.com\/groups\/radfahren.in.noe\/"]},{"@type":"Person","@id":"https:\/\/www.radlobby.org\/noe\/#\/schema\/person\/6b0053ef563e368f14308d7792bfbfc0","name":"Kristin Harrich","image":{"@type":"ImageObject","inLanguage":"de","@id":"https:\/\/www.radlobby.org\/noe\/#\/schema\/person\/image\/","url":"https:\/\/secure.gravatar.com\/avatar\/fae3c9085f86cf2c3d0ec7ea03ae71cda2f36050a7f451f72c07840cdab68d7c?s=96&d=mm&r=g","contentUrl":"https:\/\/secure.gravatar.com\/avatar\/fae3c9085f86cf2c3d0ec7ea03ae71cda2f36050a7f451f72c07840cdab68d7c?s=96&d=mm&r=g","caption":"Kristin Harrich"},"url":"https:\/\/www.radlobby.org\/noe\/author\/kristinharrich\/"}]}},"_links":{"self":[{"href":"https:\/\/www.radlobby.org\/noe\/wp-json\/wp\/v2\/posts\/38118","targetHints":{"allow":["GET"]}}],"collection":[{"href":"https:\/\/www.radlobby.org\/noe\/wp-json\/wp\/v2\/posts"}],"about":[{"href":"https:\/\/www.radlobby.org\/noe\/wp-json\/wp\/v2\/types\/post"}],"author":[{"embeddable":true,"href":"https:\/\/www.radlobby.org\/noe\/wp-json\/wp\/v2\/users\/27"}],"replies":[{"embeddable":true,"href":"https:\/\/www.radlobby.org\/noe\/wp-json\/wp\/v2\/comments?post=38118"}],"version-history":[{"count":3,"href":"https:\/\/www.radlobby.org\/noe\/wp-json\/wp\/v2\/posts\/38118\/revisions"}],"predecessor-version":[{"id":38126,"href":"https:\/\/www.radlobby.org\/noe\/wp-json\/wp\/v2\/posts\/38118\/revisions\/38126"}],"wp:featuredmedia":[{"embeddable":true,"href":"https:\/\/www.radlobby.org\/noe\/wp-json\/wp\/v2\/media\/38123"}],"wp:attachment":[{"href":"https:\/\/www.radlobby.org\/noe\/wp-json\/wp\/v2\/media?parent=38118"}],"wp:term":[{"taxonomy":"category","embeddable":true,"href":"https:\/\/www.radlobby.org\/noe\/wp-json\/wp\/v2\/categories?post=38118"},{"taxonomy":"post_tag","embeddable":true,"href":"https:\/\/www.radlobby.org\/noe\/wp-json\/wp\/v2\/tags?post=38118"}],"curies":[{"name":"wp","href":"https:\/\/api.w.org\/{rel}","templated":true}]}}