{"id":38048,"date":"2025-02-20T17:54:35","date_gmt":"2025-02-20T16:54:35","guid":{"rendered":"https:\/\/www.radlobby.org\/noe\/?p=38048"},"modified":"2025-03-28T20:23:39","modified_gmt":"2025-03-28T19:23:39","slug":"radeln-zur-radparade-2025-wodo","status":"publish","type":"post","link":"https:\/\/www.radlobby.org\/noe\/radeln-zur-radparade-2025-wodo\/","title":{"rendered":"Wir radeln zur Wiener RADpaRADe am Sonntag, den 13.4.2025"},"content":{"rendered":"<h2>Was ist die RADpaRADe?<\/h2>\n<p>Die <a href=\"https:\/\/www.radparade.at\/\">RADpaRADe<\/a> ist ein gemeinsamer Fahrradumzug in Wien. Die Stra\u00dfen sind frei von Autoverkehr, Musik und gute Stimmung runden die gemeinsame Ausfahrt ab, zu der viele Tausend Radler.innen erwartet werden.<\/p>\n<p>Am 13. April werden wir wieder zeigen, dass die Fahrbahnen nicht nur f\u00fcr Autos gebaut sind. Als bunter und fr\u00f6hlicher Zug bestehend aus tausenden Radlerinnen und Radlern, darunter viele Kinder, werden wir auch dieses Jahr wieder durch die Stadt fahren, begleitet vom Sound der Bands am Streckenrand.<\/p>\n<p><a href=\"https:\/\/www.radlobby.org\/noe\/wp-content\/uploads\/2022_Radparade_Wien_11.jpg\" data-src=\"https:\/\/www.radlobby.org\/noe\/wp-content\/uploads\/2022_Radparade_Wien_11.jpg\" data-thumb=\"https:\/\/www.radlobby.org\/noe\/wp-content\/uploads\/2022_Radparade_Wien_11-300x225.jpg\" class=\"ml-lightbox-enabled\"><img loading=\"lazy\" decoding=\"async\" class=\"alignnone wp-image-22810 size-medium\" src=\"https:\/\/www.radlobby.org\/noe\/wp-content\/uploads\/2022_Radparade_Wien_11-300x225.jpg\" alt=\"\" width=\"300\" height=\"225\" srcset=\"https:\/\/www.radlobby.org\/noe\/wp-content\/uploads\/2022_Radparade_Wien_11-300x225.jpg 300w, https:\/\/www.radlobby.org\/noe\/wp-content\/uploads\/2022_Radparade_Wien_11-768x576.jpg 768w, https:\/\/www.radlobby.org\/noe\/wp-content\/uploads\/2022_Radparade_Wien_11-1536x1152.jpg 1536w, https:\/\/www.radlobby.org\/noe\/wp-content\/uploads\/2022_Radparade_Wien_11.jpg 2016w\" sizes=\"auto, (max-width: 300px) 100vw, 300px\" \/><\/a> <a href=\"https:\/\/www.radlobby.org\/noe\/wp-content\/uploads\/2022_Radparade_Wien_15.jpg\" data-src=\"https:\/\/www.radlobby.org\/noe\/wp-content\/uploads\/2022_Radparade_Wien_15.jpg\" data-thumb=\"https:\/\/www.radlobby.org\/noe\/wp-content\/uploads\/2022_Radparade_Wien_15-300x225.jpg\" class=\"ml-lightbox-enabled\"><img loading=\"lazy\" decoding=\"async\" class=\"alignnone wp-image-22814 size-medium\" src=\"https:\/\/www.radlobby.org\/noe\/wp-content\/uploads\/2022_Radparade_Wien_15-300x225.jpg\" alt=\"\" width=\"300\" height=\"225\" srcset=\"https:\/\/www.radlobby.org\/noe\/wp-content\/uploads\/2022_Radparade_Wien_15-300x225.jpg 300w, https:\/\/www.radlobby.org\/noe\/wp-content\/uploads\/2022_Radparade_Wien_15-768x576.jpg 768w, https:\/\/www.radlobby.org\/noe\/wp-content\/uploads\/2022_Radparade_Wien_15-1536x1152.jpg 1536w, https:\/\/www.radlobby.org\/noe\/wp-content\/uploads\/2022_Radparade_Wien_15.jpg 2016w\" sizes=\"auto, (max-width: 300px) 100vw, 300px\" \/><\/a> <a href=\"https:\/\/www.radlobby.org\/noe\/wp-content\/uploads\/2022_Radparade_Wien_08.jpg\" data-src=\"https:\/\/www.radlobby.org\/noe\/wp-content\/uploads\/2022_Radparade_Wien_08.jpg\" data-thumb=\"https:\/\/www.radlobby.org\/noe\/wp-content\/uploads\/2022_Radparade_Wien_08-300x225.jpg\" class=\"ml-lightbox-enabled\"><img loading=\"lazy\" decoding=\"async\" class=\"alignnone wp-image-22807 size-medium\" src=\"https:\/\/www.radlobby.org\/noe\/wp-content\/uploads\/2022_Radparade_Wien_08-300x225.jpg\" alt=\"\" width=\"300\" height=\"225\" srcset=\"https:\/\/www.radlobby.org\/noe\/wp-content\/uploads\/2022_Radparade_Wien_08-300x225.jpg 300w, https:\/\/www.radlobby.org\/noe\/wp-content\/uploads\/2022_Radparade_Wien_08-768x576.jpg 768w, https:\/\/www.radlobby.org\/noe\/wp-content\/uploads\/2022_Radparade_Wien_08-1536x1152.jpg 1536w, https:\/\/www.radlobby.org\/noe\/wp-content\/uploads\/2022_Radparade_Wien_08.jpg 2016w\" sizes=\"auto, (max-width: 300px) 100vw, 300px\" \/><\/a> <a href=\"https:\/\/www.radlobby.org\/noe\/wp-content\/uploads\/2022_Radparade_Wien_03.jpg\" data-src=\"https:\/\/www.radlobby.org\/noe\/wp-content\/uploads\/2022_Radparade_Wien_03.jpg\" data-thumb=\"https:\/\/www.radlobby.org\/noe\/wp-content\/uploads\/2022_Radparade_Wien_03-300x225.jpg\" class=\"ml-lightbox-enabled\"><img loading=\"lazy\" decoding=\"async\" class=\"alignnone wp-image-22802 size-medium\" src=\"https:\/\/www.radlobby.org\/noe\/wp-content\/uploads\/2022_Radparade_Wien_03-300x225.jpg\" alt=\"\" width=\"300\" height=\"225\" srcset=\"https:\/\/www.radlobby.org\/noe\/wp-content\/uploads\/2022_Radparade_Wien_03-300x225.jpg 300w, https:\/\/www.radlobby.org\/noe\/wp-content\/uploads\/2022_Radparade_Wien_03-768x576.jpg 768w, https:\/\/www.radlobby.org\/noe\/wp-content\/uploads\/2022_Radparade_Wien_03-1536x1152.jpg 1536w, https:\/\/www.radlobby.org\/noe\/wp-content\/uploads\/2022_Radparade_Wien_03.jpg 2016w\" sizes=\"auto, (max-width: 300px) 100vw, 300px\" \/><\/a><\/p>\n<h2><a href=\"https:\/\/www.radlobby.org\/noe\/wp-content\/uploads\/Radparade_Wien_2019_5.jpg\" data-src=\"https:\/\/www.radlobby.org\/noe\/wp-content\/uploads\/Radparade_Wien_2019_5.jpg\" data-thumb=\"https:\/\/www.radlobby.org\/noe\/wp-content\/uploads\/Radparade_Wien_2019_5-300x200.jpg\" class=\"ml-lightbox-enabled\"><img loading=\"lazy\" decoding=\"async\" class=\"alignnone size-medium wp-image-18219\" src=\"https:\/\/www.radlobby.org\/noe\/wp-content\/uploads\/Radparade_Wien_2019_5-300x200.jpg\" alt=\"\" width=\"300\" height=\"200\" srcset=\"https:\/\/www.radlobby.org\/noe\/wp-content\/uploads\/Radparade_Wien_2019_5-300x200.jpg 300w, https:\/\/www.radlobby.org\/noe\/wp-content\/uploads\/Radparade_Wien_2019_5-768x512.jpg 768w, https:\/\/www.radlobby.org\/noe\/wp-content\/uploads\/Radparade_Wien_2019_5.jpg 1068w\" sizes=\"auto, (max-width: 300px) 100vw, 300px\" \/> <\/a><a href=\"https:\/\/www.radlobby.org\/noe\/wp-content\/uploads\/Radparade_Wien_2019_7.jpg\" data-src=\"https:\/\/www.radlobby.org\/noe\/wp-content\/uploads\/Radparade_Wien_2019_7.jpg\" data-thumb=\"https:\/\/www.radlobby.org\/noe\/wp-content\/uploads\/Radparade_Wien_2019_7-300x200.jpg\" class=\"ml-lightbox-enabled\"><img loading=\"lazy\" decoding=\"async\" class=\"alignnone size-medium wp-image-18223\" src=\"https:\/\/www.radlobby.org\/noe\/wp-content\/uploads\/Radparade_Wien_2019_7-300x200.jpg\" alt=\"\" width=\"300\" height=\"200\" srcset=\"https:\/\/www.radlobby.org\/noe\/wp-content\/uploads\/Radparade_Wien_2019_7-300x200.jpg 300w, https:\/\/www.radlobby.org\/noe\/wp-content\/uploads\/Radparade_Wien_2019_7-768x512.jpg 768w, https:\/\/www.radlobby.org\/noe\/wp-content\/uploads\/Radparade_Wien_2019_7.jpg 1068w\" sizes=\"auto, (max-width: 300px) 100vw, 300px\" \/><\/a><\/h2>\n<h2><a href=\"https:\/\/www.radlobby.org\/noe\/wp-content\/uploads\/Karl-und-Friederike-Zauner-Radparade-2018-Wien-Peter-Provaznik-IMG_1569.jpg\" data-src=\"https:\/\/www.radlobby.org\/noe\/wp-content\/uploads\/Karl-und-Friederike-Zauner-Radparade-2018-Wien-Peter-Provaznik-IMG_1569.jpg\" data-thumb=\"https:\/\/www.radlobby.org\/noe\/wp-content\/uploads\/Karl-und-Friederike-Zauner-Radparade-2018-Wien-Peter-Provaznik-IMG_1569-200x300.jpg\" class=\"ml-lightbox-enabled\"><img loading=\"lazy\" decoding=\"async\" class=\"alignnone size-medium wp-image-7998\" src=\"https:\/\/www.radlobby.org\/noe\/wp-content\/uploads\/Karl-und-Friederike-Zauner-Radparade-2018-Wien-Peter-Provaznik-IMG_1569-200x300.jpg\" alt=\"\" width=\"200\" height=\"300\" srcset=\"https:\/\/www.radlobby.org\/noe\/wp-content\/uploads\/Karl-und-Friederike-Zauner-Radparade-2018-Wien-Peter-Provaznik-IMG_1569-200x300.jpg 200w, https:\/\/www.radlobby.org\/noe\/wp-content\/uploads\/Karl-und-Friederike-Zauner-Radparade-2018-Wien-Peter-Provaznik-IMG_1569.jpg 750w\" sizes=\"auto, (max-width: 200px) 100vw, 200px\" \/> <\/a><a href=\"https:\/\/www.radlobby.org\/noe\/wp-content\/uploads\/Radparade_Wien_2019_6.jpg\" data-src=\"https:\/\/www.radlobby.org\/noe\/wp-content\/uploads\/Radparade_Wien_2019_6.jpg\" data-thumb=\"https:\/\/www.radlobby.org\/noe\/wp-content\/uploads\/Radparade_Wien_2019_6-181x300.jpg\" class=\"ml-lightbox-enabled\"><img loading=\"lazy\" decoding=\"async\" class=\"alignnone size-medium wp-image-18224\" src=\"https:\/\/www.radlobby.org\/noe\/wp-content\/uploads\/Radparade_Wien_2019_6-181x300.jpg\" alt=\"\" width=\"181\" height=\"300\" srcset=\"https:\/\/www.radlobby.org\/noe\/wp-content\/uploads\/Radparade_Wien_2019_6-181x300.jpg 181w, https:\/\/www.radlobby.org\/noe\/wp-content\/uploads\/Radparade_Wien_2019_6.jpg 520w\" sizes=\"auto, (max-width: 181px) 100vw, 181px\" \/><\/a><\/h2>\n<h2>Die Route<\/h2>\n<p>Die <a href=\"https:\/\/www.radparade.at\/fileadmin\/user_upload\/pdf\/2024_Radparade_Streckenplan.png\">Route<\/a> geht vom Burgtheater \u00fcber den Schottenring, die Wei\u00dfgerber L\u00e4nde und die Rotundenbr\u00fccke zur Hauptallee, von dort via Praterstern zur\u00fcck auf den Ring und zum Rathausplatz.<br \/>\nDie Radparade selbst dauert erfahrungsgem\u00e4\u00df eine gute Stunde.<\/p>\n<p>Die RADpaRADe ist ein ganz besonderes Erlebnis mit tausenden Radler*innen, vom Baby bis zur Seniorin und zum Senior mit den verschiedensten R\u00e4dern, mit Anh\u00e4ngern und Musik. Das muss man einmal erlebt haben.<\/p>\n<p>Das <a href=\"https:\/\/www.bikefestival.at\/\">Bikefestival<\/a> am Wiener Rathausplatz ist die gr\u00f6\u00dfte Radveranstaltung \u00d6sterreichs und zeigt die neuesten Bike-Trends, jede Menge Testm\u00f6glichkeiten und spektakul\u00e4re Shows.<\/p>\n<h2><strong>Anreise<\/strong><\/h2>\n<table style=\"border-style: solid; border-color: #d66300; border-width: 2px 0px 2px 0px;\" width=\"100%\" cellspacing=\"0\" cellpadding=\"10\">\n<tbody>\n<tr>\n<td valign=\"top\" bgcolor=\"#f7fbdc\"><strong>Sonntag, 13. April 2025<\/strong><\/p>\n<p><strong>Start in Wolkersdorf:<\/strong><br \/>\n9:00 Uhr \u00a0Hauptplatz Wolkersdorf<\/p>\n<p>Anmeldung zur gemeinsamen Anreise Mail an: <a href=\"mailto:noe@radlobby.at\">wolkersdorf@radlobby.at<\/a><\/td>\n<\/tr>\n<\/tbody>\n<\/table>\n<p>Mehrere Gruppen aus dem Norden Nieder\u00f6sterreichs treffen sich in Floridsdorf. In der B\u00e4ckerei Der Mann, Franz Jonas-Platz 7 gegen\u00fcber vom Bahnhof Floridsdorf gibt\u00b4s die M\u00f6glichkeit zu Fr\u00fchst\u00fccken und sich f\u00fcr die RADpaRADe zu st\u00e4rken. Wer m\u00f6chte, kann auch mit der S-Bahn bis Floridsdorf fahren und zur Gruppe sto\u00dfen. Die Weiterfahrt erfolgt um 10:30 Uhr mit Start am Pius Parsch-Platz.<\/p>\n<p>Die RADpaRADe selbst startet um 12 Uhr vor dem Burgtheater.<\/p>\n<p>Die Radlobby-Floridsdorf organisiert f\u00fcr die Fahrt von Floridsdorf in die Innenstadt Polizeischutz, sodass wir auf der Hauptfahrbahn radeln k\u00f6nnen und auch Kinder gut gesch\u00fctzt dabei sein k\u00f6nnen.<\/p>\n<table style=\"border-style: solid; border-color: #d66300; border-width: 2px 0px 2px 0px;\" width=\"100%\" cellspacing=\"0\" cellpadding=\"10\">\n<tbody>\n<tr>\n<td valign=\"top\" bgcolor=\"#f7fbdc\">die Teilnahme an der Radtour ist kostenlos<\/td>\n<\/tr>\n<\/tbody>\n<\/table>\n<p><strong>Angaben f\u00fcr Fahrt bis zur B\u00e4ckerei Der Mann:<\/strong><br \/>\nStreckenl\u00e4nge: ca. 20 km<br \/>\nDauer: ca. 1,5 Stunden<\/p>\n<h4>Streckenplan<\/h4>\n<p><iframe loading=\"lazy\" src=\"https:\/\/www.komoot.de\/tour\/114654992\/embed?profile=1\" width=\"100%\" height=\"580\" frameborder=\"0\" scrolling=\"no\"><\/iframe><\/p>\n<h2>alternative Anreise:<\/h2>\n<p>F\u00fcr all jene, die den ganzen Weg zur Radparade nicht mit dem Rad fahren m\u00f6chten, aber trotzdem an der RADpaRADe teilnehmen wollen, bietet sich die Bahn als Alternative an.<\/p>\n<p><strong>10:01 Uhr<\/strong> Abfahrt Bahnhof Wolkersdorf REX2, <a href=\"https:\/\/fahrplan.oebb.at\/webapp\/#!P|TQ!H|580720\">Zug 29415<\/a>, Ankunft Floridsdorf<strong> 10:20Uhr<\/strong> oder<strong><br \/>\n10:13 Uhr <\/strong>Abfahrt Bahnhof Wolkersdorf S2, <a href=\"https:\/\/fahrplan.oebb.at\/webapp\/#!P|TQ!H|802361\">Zug 27425<\/a>, Ankunft Floridsdorf<strong> 10:35 Uhr<br \/>\n<\/strong><\/p>\n<p>Das Caf\u00e9 Jonas (Franz-Jonas-Platz 11, 1210 Wien) liegt nur einen Steinwurf vom Bahnhof Floridsdorf entfernt, sodass man sich hier leicht der Gruppe zur Weiterfahrt anschlie\u00dfen kann.<\/p>\n<h2>Heimfahrt:<\/h2>\n<p>Die Heimfahrt von der Radparade erfolgt individuell.<\/p>\n<p class=\"title\">&#x2666; wer von Wolkersdorf nach Floridsdorf radelt meldet sich bis 12.4.2024 hier an: <a href=\"mailto:noe@radlobby.at\">wolkersdorf@radlobby.at<\/a><br \/>\n<img loading=\"lazy\" decoding=\"async\" class=\"alignnone wp-image-1813\" src=\"http:\/\/www.radlobby.org\/noe\/wp-content\/uploads\/2017\/01\/Transparente_Flaeche_10x10px.gif\" width=\"6\" height=\"6\" \/><img loading=\"lazy\" decoding=\"async\" class=\"alignnone wp-image-1813\" src=\"http:\/\/www.radlobby.org\/noe\/wp-content\/uploads\/2017\/01\/Transparente_Flaeche_10x10px.gif\" width=\"6\" height=\"6\" \/>Bitte um Name, Adresse, auch Handy-Nummer (!)<br \/>\n&#x2666; Bei\u00a0Schlechtwetter entscheiden wir kurzfristig, ob die Fahrt stattfindet oder nicht.<br \/>\n&#x2666; Jede.r nimmt auf eigene Verantwortung teil.<br \/>\n&#x2666; Wir respektieren die Stra\u00dfenverkehrsordnung \u2013 StVO.<\/p>\n","protected":false},"excerpt":{"rendered":"<p>Was ist die RADpaRADe? Die RADpaRADe ist ein gemeinsamer Fahrradumzug in Wien. Die Stra\u00dfen sind frei von Autoverkehr, Musik und gute Stimmung runden die gemeinsame Ausfahrt ab, zu der viele Tausend Radler.innen erwartet werden. Am 13. April werden wir wieder<\/p>\n","protected":false},"author":3,"featured_media":22810,"comment_status":"closed","ping_status":"closed","sticky":false,"template":"","format":"standard","meta":{"footnotes":""},"categories":[6,185,16],"tags":[30],"class_list":["post-38048","post","type-post","status-publish","format-standard","has-post-thumbnail","hentry","category-mistelbach","category-poysdorf","category-wolkersdorf","tag-radparade"],"yoast_head":"<!-- This site is optimized with the Yoast SEO plugin v26.9 - https:\/\/yoast.com\/product\/yoast-seo-wordpress\/ -->\n<title>Wir radeln zur Wiener RADpaRADe am Sonntag, den 13.4.2025 - Radlobby Nieder\u00f6sterreich<\/title>\n<meta name=\"robots\" content=\"index, follow, max-snippet:-1, max-image-preview:large, max-video-preview:-1\" \/>\n<link rel=\"canonical\" href=\"https:\/\/www.radlobby.org\/noe\/radeln-zur-radparade-2025-wodo\/\" \/>\n<meta property=\"og:locale\" content=\"de_DE\" \/>\n<meta property=\"og:type\" content=\"article\" \/>\n<meta property=\"og:title\" content=\"Wir radeln zur Wiener RADpaRADe am Sonntag, den 13.4.2025 - Radlobby Nieder\u00f6sterreich\" \/>\n<meta property=\"og:description\" content=\"Was ist die RADpaRADe? Die RADpaRADe ist ein gemeinsamer Fahrradumzug in Wien. Die Stra\u00dfen sind frei von Autoverkehr, Musik und gute Stimmung runden die gemeinsame Ausfahrt ab, zu der viele Tausend Radler.innen erwartet werden. Am 13. April werden wir wieder\" \/>\n<meta property=\"og:url\" content=\"https:\/\/www.radlobby.org\/noe\/radeln-zur-radparade-2025-wodo\/\" \/>\n<meta property=\"og:site_name\" content=\"Radlobby Nieder\u00f6sterreich\" \/>\n<meta property=\"article:publisher\" content=\"https:\/\/www.facebook.com\/groups\/radfahren.in.noe\/\" \/>\n<meta property=\"article:published_time\" content=\"2025-02-20T16:54:35+00:00\" \/>\n<meta property=\"article:modified_time\" content=\"2025-03-28T19:23:39+00:00\" \/>\n<meta property=\"og:image\" content=\"https:\/\/www.radlobby.org\/noe\/wp-content\/uploads\/2022_Radparade_Wien_11.jpg\" \/>\n\t<meta property=\"og:image:width\" content=\"2016\" \/>\n\t<meta property=\"og:image:height\" content=\"1512\" \/>\n\t<meta property=\"og:image:type\" content=\"image\/jpeg\" \/>\n<meta name=\"author\" content=\"Hermann Hiebner\" \/>\n<meta name=\"twitter:card\" content=\"summary_large_image\" \/>\n<meta name=\"twitter:label1\" content=\"Verfasst von\" \/>\n\t<meta name=\"twitter:data1\" content=\"Hermann Hiebner\" \/>\n\t<meta name=\"twitter:label2\" content=\"Gesch\u00e4tzte Lesezeit\" \/>\n\t<meta name=\"twitter:data2\" content=\"5\u00a0Minuten\" \/>\n<script type=\"application\/ld+json\" class=\"yoast-schema-graph\">{\"@context\":\"https:\/\/schema.org\",\"@graph\":[{\"@type\":\"Article\",\"@id\":\"https:\/\/www.radlobby.org\/noe\/radeln-zur-radparade-2025-wodo\/#article\",\"isPartOf\":{\"@id\":\"https:\/\/www.radlobby.org\/noe\/radeln-zur-radparade-2025-wodo\/\"},\"author\":{\"name\":\"Hermann Hiebner\",\"@id\":\"https:\/\/www.radlobby.org\/noe\/#\/schema\/person\/c91605b70aca449bea4cb27190b0dbe2\"},\"headline\":\"Wir radeln zur Wiener RADpaRADe am Sonntag, den 13.4.2025\",\"datePublished\":\"2025-02-20T16:54:35+00:00\",\"dateModified\":\"2025-03-28T19:23:39+00:00\",\"mainEntityOfPage\":{\"@id\":\"https:\/\/www.radlobby.org\/noe\/radeln-zur-radparade-2025-wodo\/\"},\"wordCount\":476,\"publisher\":{\"@id\":\"https:\/\/www.radlobby.org\/noe\/#organization\"},\"image\":{\"@id\":\"https:\/\/www.radlobby.org\/noe\/radeln-zur-radparade-2025-wodo\/#primaryimage\"},\"thumbnailUrl\":\"https:\/\/www.radlobby.org\/noe\/wp-content\/uploads\/2022_Radparade_Wien_11.jpg\",\"keywords\":[\"Radparade\"],\"articleSection\":[\"Radlobby Mistelbach\",\"Radlobby Poysdorf\",\"Radlobby Wolkersdorf\"],\"inLanguage\":\"de\"},{\"@type\":\"WebPage\",\"@id\":\"https:\/\/www.radlobby.org\/noe\/radeln-zur-radparade-2025-wodo\/\",\"url\":\"https:\/\/www.radlobby.org\/noe\/radeln-zur-radparade-2025-wodo\/\",\"name\":\"Wir radeln zur Wiener RADpaRADe am Sonntag, den 13.4.2025 - Radlobby Nieder\u00f6sterreich\",\"isPartOf\":{\"@id\":\"https:\/\/www.radlobby.org\/noe\/#website\"},\"primaryImageOfPage\":{\"@id\":\"https:\/\/www.radlobby.org\/noe\/radeln-zur-radparade-2025-wodo\/#primaryimage\"},\"image\":{\"@id\":\"https:\/\/www.radlobby.org\/noe\/radeln-zur-radparade-2025-wodo\/#primaryimage\"},\"thumbnailUrl\":\"https:\/\/www.radlobby.org\/noe\/wp-content\/uploads\/2022_Radparade_Wien_11.jpg\",\"datePublished\":\"2025-02-20T16:54:35+00:00\",\"dateModified\":\"2025-03-28T19:23:39+00:00\",\"breadcrumb\":{\"@id\":\"https:\/\/www.radlobby.org\/noe\/radeln-zur-radparade-2025-wodo\/#breadcrumb\"},\"inLanguage\":\"de\",\"potentialAction\":[{\"@type\":\"ReadAction\",\"target\":[\"https:\/\/www.radlobby.org\/noe\/radeln-zur-radparade-2025-wodo\/\"]}]},{\"@type\":\"ImageObject\",\"inLanguage\":\"de\",\"@id\":\"https:\/\/www.radlobby.org\/noe\/radeln-zur-radparade-2025-wodo\/#primaryimage\",\"url\":\"https:\/\/www.radlobby.org\/noe\/wp-content\/uploads\/2022_Radparade_Wien_11.jpg\",\"contentUrl\":\"https:\/\/www.radlobby.org\/noe\/wp-content\/uploads\/2022_Radparade_Wien_11.jpg\",\"width\":2016,\"height\":1512},{\"@type\":\"BreadcrumbList\",\"@id\":\"https:\/\/www.radlobby.org\/noe\/radeln-zur-radparade-2025-wodo\/#breadcrumb\",\"itemListElement\":[{\"@type\":\"ListItem\",\"position\":1,\"name\":\"Startseite\",\"item\":\"https:\/\/www.radlobby.org\/noe\/\"},{\"@type\":\"ListItem\",\"position\":2,\"name\":\"Wir radeln zur Wiener RADpaRADe am Sonntag, den 13.4.2025\"}]},{\"@type\":\"WebSite\",\"@id\":\"https:\/\/www.radlobby.org\/noe\/#website\",\"url\":\"https:\/\/www.radlobby.org\/noe\/\",\"name\":\"Radlobby Nieder\u00f6sterreich\",\"description\":\"Radverkehr, Fahrrad, Radfahren, Radreisen, Radtouren, Radweg\",\"publisher\":{\"@id\":\"https:\/\/www.radlobby.org\/noe\/#organization\"},\"potentialAction\":[{\"@type\":\"SearchAction\",\"target\":{\"@type\":\"EntryPoint\",\"urlTemplate\":\"https:\/\/www.radlobby.org\/noe\/?s={search_term_string}\"},\"query-input\":{\"@type\":\"PropertyValueSpecification\",\"valueRequired\":true,\"valueName\":\"search_term_string\"}}],\"inLanguage\":\"de\"},{\"@type\":\"Organization\",\"@id\":\"https:\/\/www.radlobby.org\/noe\/#organization\",\"name\":\"Radlobby Nieder\u00f6sterreich\",\"url\":\"https:\/\/www.radlobby.org\/noe\/\",\"logo\":{\"@type\":\"ImageObject\",\"inLanguage\":\"de\",\"@id\":\"https:\/\/www.radlobby.org\/noe\/#\/schema\/logo\/image\/\",\"url\":\"https:\/\/www.radlobby.org\/noe\/wp-content\/uploads\/2017\/01\/cropped-Logo_Radlobby_Niederoesterreich_50-400px_quer-1.jpg\",\"contentUrl\":\"https:\/\/www.radlobby.org\/noe\/wp-content\/uploads\/2017\/01\/cropped-Logo_Radlobby_Niederoesterreich_50-400px_quer-1.jpg\",\"width\":450,\"height\":124,\"caption\":\"Radlobby Nieder\u00f6sterreich\"},\"image\":{\"@id\":\"https:\/\/www.radlobby.org\/noe\/#\/schema\/logo\/image\/\"},\"sameAs\":[\"https:\/\/www.facebook.com\/groups\/radfahren.in.noe\/\"]},{\"@type\":\"Person\",\"@id\":\"https:\/\/www.radlobby.org\/noe\/#\/schema\/person\/c91605b70aca449bea4cb27190b0dbe2\",\"name\":\"Hermann Hiebner\",\"image\":{\"@type\":\"ImageObject\",\"inLanguage\":\"de\",\"@id\":\"https:\/\/www.radlobby.org\/noe\/#\/schema\/person\/image\/\",\"url\":\"https:\/\/secure.gravatar.com\/avatar\/d9d442cd70d260be25a46bab5f85206043aabce00da594192c593e7d4fc65f72?s=96&d=mm&r=g\",\"contentUrl\":\"https:\/\/secure.gravatar.com\/avatar\/d9d442cd70d260be25a46bab5f85206043aabce00da594192c593e7d4fc65f72?s=96&d=mm&r=g\",\"caption\":\"Hermann Hiebner\"},\"url\":\"https:\/\/www.radlobby.org\/noe\/author\/hermannhiebner\/\"}]}<\/script>\n<!-- \/ Yoast SEO plugin. -->","yoast_head_json":{"title":"Wir radeln zur Wiener RADpaRADe am Sonntag, den 13.4.2025 - Radlobby Nieder\u00f6sterreich","robots":{"index":"index","follow":"follow","max-snippet":"max-snippet:-1","max-image-preview":"max-image-preview:large","max-video-preview":"max-video-preview:-1"},"canonical":"https:\/\/www.radlobby.org\/noe\/radeln-zur-radparade-2025-wodo\/","og_locale":"de_DE","og_type":"article","og_title":"Wir radeln zur Wiener RADpaRADe am Sonntag, den 13.4.2025 - Radlobby Nieder\u00f6sterreich","og_description":"Was ist die RADpaRADe? Die RADpaRADe ist ein gemeinsamer Fahrradumzug in Wien. Die Stra\u00dfen sind frei von Autoverkehr, Musik und gute Stimmung runden die gemeinsame Ausfahrt ab, zu der viele Tausend Radler.innen erwartet werden. Am 13. April werden wir wieder","og_url":"https:\/\/www.radlobby.org\/noe\/radeln-zur-radparade-2025-wodo\/","og_site_name":"Radlobby Nieder\u00f6sterreich","article_publisher":"https:\/\/www.facebook.com\/groups\/radfahren.in.noe\/","article_published_time":"2025-02-20T16:54:35+00:00","article_modified_time":"2025-03-28T19:23:39+00:00","og_image":[{"width":2016,"height":1512,"url":"https:\/\/www.radlobby.org\/noe\/wp-content\/uploads\/2022_Radparade_Wien_11.jpg","type":"image\/jpeg"}],"author":"Hermann Hiebner","twitter_card":"summary_large_image","twitter_misc":{"Verfasst von":"Hermann Hiebner","Gesch\u00e4tzte Lesezeit":"5\u00a0Minuten"},"schema":{"@context":"https:\/\/schema.org","@graph":[{"@type":"Article","@id":"https:\/\/www.radlobby.org\/noe\/radeln-zur-radparade-2025-wodo\/#article","isPartOf":{"@id":"https:\/\/www.radlobby.org\/noe\/radeln-zur-radparade-2025-wodo\/"},"author":{"name":"Hermann Hiebner","@id":"https:\/\/www.radlobby.org\/noe\/#\/schema\/person\/c91605b70aca449bea4cb27190b0dbe2"},"headline":"Wir radeln zur Wiener RADpaRADe am Sonntag, den 13.4.2025","datePublished":"2025-02-20T16:54:35+00:00","dateModified":"2025-03-28T19:23:39+00:00","mainEntityOfPage":{"@id":"https:\/\/www.radlobby.org\/noe\/radeln-zur-radparade-2025-wodo\/"},"wordCount":476,"publisher":{"@id":"https:\/\/www.radlobby.org\/noe\/#organization"},"image":{"@id":"https:\/\/www.radlobby.org\/noe\/radeln-zur-radparade-2025-wodo\/#primaryimage"},"thumbnailUrl":"https:\/\/www.radlobby.org\/noe\/wp-content\/uploads\/2022_Radparade_Wien_11.jpg","keywords":["Radparade"],"articleSection":["Radlobby Mistelbach","Radlobby Poysdorf","Radlobby Wolkersdorf"],"inLanguage":"de"},{"@type":"WebPage","@id":"https:\/\/www.radlobby.org\/noe\/radeln-zur-radparade-2025-wodo\/","url":"https:\/\/www.radlobby.org\/noe\/radeln-zur-radparade-2025-wodo\/","name":"Wir radeln zur Wiener RADpaRADe am Sonntag, den 13.4.2025 - Radlobby Nieder\u00f6sterreich","isPartOf":{"@id":"https:\/\/www.radlobby.org\/noe\/#website"},"primaryImageOfPage":{"@id":"https:\/\/www.radlobby.org\/noe\/radeln-zur-radparade-2025-wodo\/#primaryimage"},"image":{"@id":"https:\/\/www.radlobby.org\/noe\/radeln-zur-radparade-2025-wodo\/#primaryimage"},"thumbnailUrl":"https:\/\/www.radlobby.org\/noe\/wp-content\/uploads\/2022_Radparade_Wien_11.jpg","datePublished":"2025-02-20T16:54:35+00:00","dateModified":"2025-03-28T19:23:39+00:00","breadcrumb":{"@id":"https:\/\/www.radlobby.org\/noe\/radeln-zur-radparade-2025-wodo\/#breadcrumb"},"inLanguage":"de","potentialAction":[{"@type":"ReadAction","target":["https:\/\/www.radlobby.org\/noe\/radeln-zur-radparade-2025-wodo\/"]}]},{"@type":"ImageObject","inLanguage":"de","@id":"https:\/\/www.radlobby.org\/noe\/radeln-zur-radparade-2025-wodo\/#primaryimage","url":"https:\/\/www.radlobby.org\/noe\/wp-content\/uploads\/2022_Radparade_Wien_11.jpg","contentUrl":"https:\/\/www.radlobby.org\/noe\/wp-content\/uploads\/2022_Radparade_Wien_11.jpg","width":2016,"height":1512},{"@type":"BreadcrumbList","@id":"https:\/\/www.radlobby.org\/noe\/radeln-zur-radparade-2025-wodo\/#breadcrumb","itemListElement":[{"@type":"ListItem","position":1,"name":"Startseite","item":"https:\/\/www.radlobby.org\/noe\/"},{"@type":"ListItem","position":2,"name":"Wir radeln zur Wiener RADpaRADe am Sonntag, den 13.4.2025"}]},{"@type":"WebSite","@id":"https:\/\/www.radlobby.org\/noe\/#website","url":"https:\/\/www.radlobby.org\/noe\/","name":"Radlobby Nieder\u00f6sterreich","description":"Radverkehr, Fahrrad, Radfahren, Radreisen, Radtouren, Radweg","publisher":{"@id":"https:\/\/www.radlobby.org\/noe\/#organization"},"potentialAction":[{"@type":"SearchAction","target":{"@type":"EntryPoint","urlTemplate":"https:\/\/www.radlobby.org\/noe\/?s={search_term_string}"},"query-input":{"@type":"PropertyValueSpecification","valueRequired":true,"valueName":"search_term_string"}}],"inLanguage":"de"},{"@type":"Organization","@id":"https:\/\/www.radlobby.org\/noe\/#organization","name":"Radlobby Nieder\u00f6sterreich","url":"https:\/\/www.radlobby.org\/noe\/","logo":{"@type":"ImageObject","inLanguage":"de","@id":"https:\/\/www.radlobby.org\/noe\/#\/schema\/logo\/image\/","url":"https:\/\/www.radlobby.org\/noe\/wp-content\/uploads\/2017\/01\/cropped-Logo_Radlobby_Niederoesterreich_50-400px_quer-1.jpg","contentUrl":"https:\/\/www.radlobby.org\/noe\/wp-content\/uploads\/2017\/01\/cropped-Logo_Radlobby_Niederoesterreich_50-400px_quer-1.jpg","width":450,"height":124,"caption":"Radlobby Nieder\u00f6sterreich"},"image":{"@id":"https:\/\/www.radlobby.org\/noe\/#\/schema\/logo\/image\/"},"sameAs":["https:\/\/www.facebook.com\/groups\/radfahren.in.noe\/"]},{"@type":"Person","@id":"https:\/\/www.radlobby.org\/noe\/#\/schema\/person\/c91605b70aca449bea4cb27190b0dbe2","name":"Hermann Hiebner","image":{"@type":"ImageObject","inLanguage":"de","@id":"https:\/\/www.radlobby.org\/noe\/#\/schema\/person\/image\/","url":"https:\/\/secure.gravatar.com\/avatar\/d9d442cd70d260be25a46bab5f85206043aabce00da594192c593e7d4fc65f72?s=96&d=mm&r=g","contentUrl":"https:\/\/secure.gravatar.com\/avatar\/d9d442cd70d260be25a46bab5f85206043aabce00da594192c593e7d4fc65f72?s=96&d=mm&r=g","caption":"Hermann Hiebner"},"url":"https:\/\/www.radlobby.org\/noe\/author\/hermannhiebner\/"}]}},"_links":{"self":[{"href":"https:\/\/www.radlobby.org\/noe\/wp-json\/wp\/v2\/posts\/38048","targetHints":{"allow":["GET"]}}],"collection":[{"href":"https:\/\/www.radlobby.org\/noe\/wp-json\/wp\/v2\/posts"}],"about":[{"href":"https:\/\/www.radlobby.org\/noe\/wp-json\/wp\/v2\/types\/post"}],"author":[{"embeddable":true,"href":"https:\/\/www.radlobby.org\/noe\/wp-json\/wp\/v2\/users\/3"}],"replies":[{"embeddable":true,"href":"https:\/\/www.radlobby.org\/noe\/wp-json\/wp\/v2\/comments?post=38048"}],"version-history":[{"count":4,"href":"https:\/\/www.radlobby.org\/noe\/wp-json\/wp\/v2\/posts\/38048\/revisions"}],"predecessor-version":[{"id":38446,"href":"https:\/\/www.radlobby.org\/noe\/wp-json\/wp\/v2\/posts\/38048\/revisions\/38446"}],"wp:featuredmedia":[{"embeddable":true,"href":"https:\/\/www.radlobby.org\/noe\/wp-json\/wp\/v2\/media\/22810"}],"wp:attachment":[{"href":"https:\/\/www.radlobby.org\/noe\/wp-json\/wp\/v2\/media?parent=38048"}],"wp:term":[{"taxonomy":"category","embeddable":true,"href":"https:\/\/www.radlobby.org\/noe\/wp-json\/wp\/v2\/categories?post=38048"},{"taxonomy":"post_tag","embeddable":true,"href":"https:\/\/www.radlobby.org\/noe\/wp-json\/wp\/v2\/tags?post=38048"}],"curies":[{"name":"wp","href":"https:\/\/api.w.org\/{rel}","templated":true}]}}