{"id":37968,"date":"2025-01-20T21:47:01","date_gmt":"2025-01-20T20:47:01","guid":{"rendered":"https:\/\/www.radlobby.org\/noe\/?p=37968"},"modified":"2025-01-21T12:06:53","modified_gmt":"2025-01-21T11:06:53","slug":"rueckmeldung-der-traismauer-wahlparteien","status":"publish","type":"post","link":"https:\/\/www.radlobby.org\/noe\/rueckmeldung-der-traismauer-wahlparteien\/","title":{"rendered":"R\u00fcckmeldung der Traismaurer Wahlparteien"},"content":{"rendered":"<figure id=\"attachment_37975\" aria-describedby=\"caption-attachment-37975\" style=\"width: 1000px\" class=\"wp-caption aligncenter\"><img loading=\"lazy\" decoding=\"async\" class=\"wp-image-37975\" src=\"https:\/\/www.radlobby.org\/noe\/wp-content\/uploads\/2024-11-25_Kremserstr_Foto-Reischauer-scaled.jpg\" alt=\"\" width=\"1000\" height=\"665\" srcset=\"https:\/\/www.radlobby.org\/noe\/wp-content\/uploads\/2024-11-25_Kremserstr_Foto-Reischauer-scaled.jpg 2560w, https:\/\/www.radlobby.org\/noe\/wp-content\/uploads\/2024-11-25_Kremserstr_Foto-Reischauer-300x200.jpg 300w, https:\/\/www.radlobby.org\/noe\/wp-content\/uploads\/2024-11-25_Kremserstr_Foto-Reischauer-768x511.jpg 768w, https:\/\/www.radlobby.org\/noe\/wp-content\/uploads\/2024-11-25_Kremserstr_Foto-Reischauer-1536x1022.jpg 1536w, https:\/\/www.radlobby.org\/noe\/wp-content\/uploads\/2024-11-25_Kremserstr_Foto-Reischauer-2048x1363.jpg 2048w\" sizes=\"auto, (max-width: 1000px) 100vw, 1000px\" \/><figcaption id=\"caption-attachment-37975\" class=\"wp-caption-text\">Eine Radfahrt entlang der Kremserstra\u00dfe ist alles andere als entspannend<\/figcaption><\/figure>\n<p>Anl\u00e4sslich der Gemeinderatswahl am 26. J\u00e4nner 2025 hat die Radlobby Traismauer ihre Verbesserungsvorschl\u00e4ge zum Radwegenetz f\u00fcr die Periode 2025 \u2013 2030 an alle sechs wahlwerbenden Parteien versendet und um R\u00fcckmeldung gebeten.(<a href=\"https:\/\/www.radlobby.org\/noe\/verbesserungsvorschlaege-zum-radwegenetz-traismauer\/\">https:\/\/www.radlobby.org\/noe\/verbesserungsvorschlaege-zum-radwegenetz-traismauer\/<\/a>)<\/p>\n<p>Wir ersuchten zu jedem der 9 Punkte &#8211; analog einer \u00fcblichen Abstimmung &#8211; um Bekanntgabe der Zustimmung (ja), Ablehnung (nein) oder Enthaltung (E). Alle Parteien haben sich die Zeit f\u00fcr eine R\u00fcckmeldung genommen. Vielen Dank f\u00fcr die M\u00fche!<\/p>\n<table style=\"height: 653px;\" width=\"1864\" cellspacing=\"0\" cellpadding=\"0\">\n<tbody>\n<tr>\n<td valign=\"top\"><\/td>\n<td valign=\"top\"><\/td>\n<td valign=\"top\">\n<p style=\"text-align: center;\"><b>Liste<\/b><\/p>\n<p style=\"text-align: center;\"><b>1<\/b><b><\/b><\/p>\n<\/td>\n<td valign=\"top\">\n<p style=\"text-align: center;\"><b>Liste<\/b><\/p>\n<p style=\"text-align: center;\"><b>2<\/b><b><\/b><\/p>\n<\/td>\n<td valign=\"top\">\n<p style=\"text-align: center;\"><b>Liste<\/b><\/p>\n<p style=\"text-align: center;\"><b>3<\/b><b><\/b><\/p>\n<\/td>\n<td valign=\"top\">\n<p style=\"text-align: center;\"><b>Liste<\/b><\/p>\n<p style=\"text-align: center;\"><b>4<\/b><b><\/b><\/p>\n<\/td>\n<td valign=\"top\">\n<p style=\"text-align: center;\"><b>Liste<\/b><\/p>\n<p style=\"text-align: center;\"><b>5<\/b><b><\/b><\/p>\n<\/td>\n<td valign=\"top\">\n<p style=\"text-align: center;\"><b>Liste<\/b><\/p>\n<p style=\"text-align: center;\"><b>6<\/b><b><\/b><\/p>\n<\/td>\n<\/tr>\n<tr>\n<td valign=\"top\"><\/td>\n<td valign=\"top\"><b>Verbesserungsvorschl\u00e4ge<\/b><b><\/b><\/td>\n<td valign=\"top\">\n<p style=\"text-align: center;\"><b>SP\u00d6<\/b><b><\/b><\/p>\n<\/td>\n<td valign=\"top\">\n<p style=\"text-align: center;\"><b>WIR (VP)<\/b><b><\/b><\/p>\n<\/td>\n<td valign=\"top\">\n<p style=\"text-align: center;\"><b>Gr\u00fcne<\/b><b><\/b><\/p>\n<\/td>\n<td valign=\"top\">\n<p style=\"text-align: center;\"><b>FP\u00d6<\/b><b><\/b><\/p>\n<\/td>\n<td valign=\"top\">\n<p style=\"text-align: center;\"><b>fBT<\/b><b><\/b><\/p>\n<\/td>\n<td valign=\"top\">\n<p style=\"text-align: center;\"><b>Hofmann<\/b><b><\/b><\/p>\n<\/td>\n<\/tr>\n<tr>\n<td valign=\"top\"><b>1<\/b><b><\/b><\/td>\n<td valign=\"top\">Einbahnen \u00f6ffnen \u2013 unn\u00f6tige Fahrverbote aufheben<\/td>\n<td style=\"text-align: center;\" valign=\"top\">*<\/td>\n<td style=\"text-align: center;\" valign=\"top\">*<\/td>\n<td valign=\"top\">\n<p style=\"text-align: center;\">Ja<\/p>\n<\/td>\n<td style=\"text-align: center;\" valign=\"top\">*<\/td>\n<td style=\"text-align: center;\" valign=\"top\">*<\/td>\n<td style=\"text-align: center;\" valign=\"top\">(Ja)*<\/td>\n<\/tr>\n<tr>\n<td valign=\"top\"><b>2<\/b><b><\/b><\/td>\n<td valign=\"top\">Radwegeben\u00fctzungspflicht aufheben<\/td>\n<td style=\"text-align: center;\" valign=\"top\">*<\/td>\n<td style=\"text-align: center;\" valign=\"top\">*<\/td>\n<td valign=\"top\">\n<p style=\"text-align: center;\">Ja<\/p>\n<\/td>\n<td style=\"text-align: center;\" valign=\"top\">*<\/td>\n<td style=\"text-align: center;\" valign=\"top\">*<\/td>\n<td style=\"text-align: center;\" valign=\"top\">(Ja)*<\/td>\n<\/tr>\n<tr>\n<td valign=\"top\"><b>3<\/b><b><\/b><\/td>\n<td valign=\"top\">Einbindung bei Radangelegenheiten zusichern<\/td>\n<td style=\"text-align: center;\" valign=\"top\">*<\/td>\n<td style=\"text-align: center;\" valign=\"top\">*<\/td>\n<td valign=\"top\">\n<p style=\"text-align: center;\">Ja<\/p>\n<\/td>\n<td style=\"text-align: center;\" valign=\"top\">*<\/td>\n<td style=\"text-align: center;\" valign=\"top\">Ja*<\/td>\n<td style=\"text-align: center;\" valign=\"top\">(Ja)*<\/td>\n<\/tr>\n<tr>\n<td valign=\"top\"><b>4<\/b><b><\/b><\/td>\n<td valign=\"top\">Gemeinde-Radbeauftragte\/n installieren<\/td>\n<td style=\"text-align: center;\" valign=\"top\">*<\/td>\n<td style=\"text-align: center;\" valign=\"top\">*<\/td>\n<td style=\"text-align: center;\" valign=\"top\">Ja<\/td>\n<td style=\"text-align: center;\" valign=\"top\">*<\/td>\n<td style=\"text-align: center;\" valign=\"top\">Ja*<\/td>\n<td style=\"text-align: center;\" valign=\"top\">(Ja)*<\/td>\n<\/tr>\n<tr>\n<td valign=\"top\"><b>5<\/b><b><\/b><\/td>\n<td valign=\"top\">Radwegquerung B43 errichten<\/td>\n<td style=\"text-align: center;\" valign=\"top\">*<\/td>\n<td style=\"text-align: center;\" valign=\"top\">Ja*<\/td>\n<td style=\"text-align: center;\" valign=\"top\">Ja<\/td>\n<td style=\"text-align: center;\" valign=\"top\">*<\/td>\n<td style=\"text-align: center;\" valign=\"top\">*<\/td>\n<td style=\"text-align: center;\" valign=\"top\">(Ja)*<\/td>\n<\/tr>\n<tr>\n<td valign=\"top\"><b>6<\/b><b><\/b><\/td>\n<td valign=\"top\">Sichere Radwege zur Arbeit und zur Schule<\/td>\n<td style=\"text-align: center;\" valign=\"top\">*<\/td>\n<td style=\"text-align: center;\" valign=\"top\">*<\/td>\n<td style=\"text-align: center;\" valign=\"top\">Ja<\/td>\n<td style=\"text-align: center;\" valign=\"top\">*<\/td>\n<td style=\"text-align: center;\" valign=\"top\">*<\/td>\n<td style=\"text-align: center;\" valign=\"top\">(Ja)*<\/td>\n<\/tr>\n<tr>\n<td valign=\"top\"><b>7<\/b><b><\/b><\/td>\n<td valign=\"top\">Problemstellen entsch\u00e4rfen<\/td>\n<td style=\"text-align: center;\" valign=\"top\">*<\/td>\n<td style=\"text-align: center;\" valign=\"top\">*<\/td>\n<td style=\"text-align: center;\" valign=\"top\">Ja<\/td>\n<td style=\"text-align: center;\" valign=\"top\">*<\/td>\n<td style=\"text-align: center;\" valign=\"top\">*<\/td>\n<td style=\"text-align: center;\" valign=\"top\">(Ja)*<\/td>\n<\/tr>\n<tr>\n<td valign=\"top\"><b>8<\/b><b><\/b><\/td>\n<td valign=\"top\">Radabstellanlagen optimieren<\/td>\n<td style=\"text-align: center;\" valign=\"top\">*<\/td>\n<td style=\"text-align: center;\" valign=\"top\">*<\/td>\n<td style=\"text-align: center;\" valign=\"top\">Ja<\/td>\n<td style=\"text-align: center;\" valign=\"top\">*<\/td>\n<td style=\"text-align: center;\" valign=\"top\">*<\/td>\n<td style=\"text-align: center;\" valign=\"top\">(Ja)*<\/td>\n<\/tr>\n<tr>\n<td valign=\"top\"><b>9<\/b><b><\/b><\/td>\n<td valign=\"top\">Beschilderung verbessern<\/td>\n<td style=\"text-align: center;\" valign=\"top\">*<\/td>\n<td style=\"text-align: center;\" valign=\"top\">*<\/td>\n<td style=\"text-align: center;\" valign=\"top\">Ja<\/td>\n<td style=\"text-align: center;\" valign=\"top\">*<\/td>\n<td style=\"text-align: center;\" valign=\"top\">*<\/td>\n<td style=\"text-align: center;\" valign=\"top\">(Ja)*<\/td>\n<\/tr>\n<\/tbody>\n<\/table>\n<p>*<span class=\"Apple-converted-space\">\u00a0<\/span> siehe R\u00fcckmeldung der Wahlpartei<\/p>\n<p style=\"text-align: center;\"><b>R\u00dcCKMELDUNGEN<\/b><\/p>\n<p style=\"text-align: center;\">(Stand: 20. J\u00e4nner \u00a023 Uhr)<\/p>\n<p><b>Liste 1 SP\u00d6 &#8211; Team Pfeffer<\/b><\/p>\n<p>\u201e\u2026 ist es ohne Kommentare nicht so leicht diese Fragen zu beantworten.\u00a0 Vor allem, da die Gemeinde nicht immer zust\u00e4ndig ist. \u2026 (Wir) sehen hier auch Verbesserungspotential und dass die angef\u00fchrten Vorschl\u00e4ge miteinander diskutiert und wenn m\u00f6glich umgesetzt werden sollen.\u201c<\/p>\n<p><b>Liste 2 WIR f\u00fcr Traismauer (VP)<\/b><\/p>\n<p>\u201eEs ist uns ein gro\u00dfes Anliegen, die Verbesserung des Radwegenetzes, \u2026 umzusetzen. Manches kann ohne gro\u00dfen finanziellen Aufwand verbessert werden.\u00a0Einiges wurde bereits verhandelt, aber nicht umgesetzt. Die Verkehrsverhandlung f\u00fcr die neu errichtete Rad- und Fu\u00dfg\u00e4ngerbr\u00fccke ist leider immer noch ausst\u00e4ndig.<\/p>\n<p>Wir haben bereits urgiert. Bei dieser Verhandlung k\u00f6nnte die Beschilderung und Markierung f\u00fcr Radfahrer in der Stadt miteinbezogen werden.\u201c<\/p>\n<p>aktuelle Meldung zu Punkt 5:<span class=\"Apple-converted-space\">\u00a0<\/span><\/p>\n<p>\u201eNach positiver Begutachtung des Verkehrszeichen- und Bodenmarkierungsplanes kann \u00f6stlich der Stra\u00dfe \u201eZur Donau\u201c ein Schutzweg mit Radfahr\u00fcberfahrt markiert werden.\u201c<span class=\"Apple-converted-space\">\u00a0<\/span><\/p>\n<p><b>Liste 3 Die Gr\u00fcnen Traismauer<\/b><\/p>\n<p>\u201eAls Gr\u00fcne Traismauer legen wir besonderen Wert darauf, dass das Radfahren nicht nur als blo\u00dfes Freizeitvergn\u00fcgen betrachtet wird. Vielmehr verstehen wir das Fahrrad als ein essenzielles Element einer nachhaltigen Mobilit\u00e4tsstrategie, die weit \u00fcber den Spa\u00dffaktor hinausgeht.<\/p>\n<p>Radfahren bedeutet aktive Klimaschutzma\u00dfnahmen, eine Reduktion von L\u00e4rm und Schadstoffen in unserer Stadt und eine Investition in die Gesundheit und Lebensqualit\u00e4t unserer B\u00fcrger*innen. Es ist eine kluge, umweltfreundliche Alternative zum Auto, vor allem f\u00fcr kurze Strecken, und tr\u00e4gt dazu bei, den \u00f6ffentlichen Raum lebenswerter und sicherer zu gestalten.<\/p>\n<p>Unsere Vision ist es, eine Infrastruktur zu schaffen, die das Fahrradfahren f\u00fcr alle attraktiv, sicher und alltagstauglich macht. Daf\u00fcr setzen wir uns ein: Mit gut ausgebauten Radwegen, sicheren Abstellpl\u00e4tzen und einer Politik, die den Fokus auf eine Verkehrswende legt. Denn nachhaltige Mobilit\u00e4t ist kein Luxus, \u2026\u201c<\/p>\n<p><b>Liste 4 FP\u00d6 Traismauer<\/b><b><\/b><\/p>\n<p>\u201eWir sehen die Notwendigkeit die Verbesserungsvorschl\u00e4ge einzeln und auch in Zusammenarbeit mit den B\u00fcrgern\u00a0in Traismauer zu besprechen, daher k\u00f6nnen wir nicht \u00a0auf die Fragen mit Ja\/Nein\/Enthaltung antworten. Das Verbesserungen notwendig sind ist uns durchaus bewusst, die Thematik ist jedoch zu komplex, um es mit einem einfachen Ja\/Nein zu beantworten. F\u00fcr Gespr\u00e4che stehen wir gerne zur Verf\u00fcgung.\u201c<\/p>\n<p><b>Liste 5 fBT freie B\u00fcrger Traismauer<\/b><\/p>\n<p>\u201eDas Thema ist aber zu komplex , um auf die Punkte nur schnell mit ja oder nein zu antworten \u2026<span class=\"Apple-converted-space\">\u00a0<\/span><\/p>\n<p>\u201eIhre Punkte 3 und 4 entsprechen genau unserer Vorstellung von Gemeindepolitik\u201c<\/p>\n<p>\u201eWir versprechen ihnen jetzt schon, alle ihre Themen in den Gemeinderat zubringen und im Rahmen der gesetzlichen M\u00f6glichkeiten, ihrem Sinne und den W\u00fcnschen aller B\u00fcrger entsprechend abzuarbeiten, um L\u00f6sungen zu finden.\u201c<\/p>\n<p><b>Liste 6 Liste Hofmann Projekt Traismauer (P3133)<\/b><\/p>\n<p>R\u00fcckmeldung 20. Jan. 23 Uhr: &#8220;Der Zeitrahmen (der R\u00fcckmeldung) war mit der Wahl definiert es gab f\u00fcr mich keinen Anhaltspunkt das zu hinterfragen! Ich kann zwar gerne ohne Zeit zu investieren alles bef\u00fcrworten, hinterfrage aber dann den Wert f\u00fcr Dich. Aber ich bin nicht so und mache Zusagen oder Wahlversprechen ohne zu reflektieren \u2013 wenn du m\u00f6chtest kannst du mir gerne die Punkte vor Ort erkl\u00e4ren und dann meine Meinung .erhalten.&#8221;<\/p>\n<p><b>ANMERKUNG der Radlobby Traismauer<\/b><\/p>\n<p>Wir sind der Ansicht, dass die Fragen sehr einfach, konkret und nicht komplex sind. In der 16-seitigen Gesamtfassung werden die Vorschl\u00e4ge ausreichend begr\u00fcndet.<\/p>\n","protected":false},"excerpt":{"rendered":"<p>Anl\u00e4sslich der Gemeinderatswahl am 26. J\u00e4nner 2025 hat die Radlobby Traismauer ihre Verbesserungsvorschl\u00e4ge zum Radwegenetz f\u00fcr die Periode 2025 \u2013 2030 an alle sechs wahlwerbenden Parteien versendet und um R\u00fcckmeldung gebeten.(https:\/\/www.radlobby.org\/noe\/verbesserungsvorschlaege-zum-radwegenetz-traismauer\/) Wir ersuchten zu jedem der 9 Punkte &#8211; analog<\/p>\n","protected":false},"author":53,"featured_media":37975,"comment_status":"closed","ping_status":"closed","sticky":false,"template":"","format":"standard","meta":{"footnotes":""},"categories":[20,412],"tags":[746,315],"class_list":["post-37968","post","type-post","status-publish","format-standard","has-post-thumbnail","hentry","category-niederoesterreich","category-traismauer","tag-gemeinderatswahl","tag-radinfrastruktur"],"yoast_head":"<!-- This site is optimized with the Yoast SEO plugin v26.9 - https:\/\/yoast.com\/product\/yoast-seo-wordpress\/ -->\n<title>R\u00fcckmeldung der Traismaurer Wahlparteien - Radlobby Nieder\u00f6sterreich<\/title>\n<meta name=\"robots\" content=\"index, follow, max-snippet:-1, max-image-preview:large, max-video-preview:-1\" \/>\n<link rel=\"canonical\" href=\"https:\/\/www.radlobby.org\/noe\/rueckmeldung-der-traismauer-wahlparteien\/\" \/>\n<meta property=\"og:locale\" content=\"de_DE\" \/>\n<meta property=\"og:type\" content=\"article\" \/>\n<meta property=\"og:title\" content=\"R\u00fcckmeldung der Traismaurer Wahlparteien - Radlobby Nieder\u00f6sterreich\" \/>\n<meta property=\"og:description\" content=\"Anl\u00e4sslich der Gemeinderatswahl am 26. J\u00e4nner 2025 hat die Radlobby Traismauer ihre Verbesserungsvorschl\u00e4ge zum Radwegenetz f\u00fcr die Periode 2025 \u2013 2030 an alle sechs wahlwerbenden Parteien versendet und um R\u00fcckmeldung gebeten.(https:\/\/www.radlobby.org\/noe\/verbesserungsvorschlaege-zum-radwegenetz-traismauer\/) Wir ersuchten zu jedem der 9 Punkte &#8211; analog\" \/>\n<meta property=\"og:url\" content=\"https:\/\/www.radlobby.org\/noe\/rueckmeldung-der-traismauer-wahlparteien\/\" \/>\n<meta property=\"og:site_name\" content=\"Radlobby Nieder\u00f6sterreich\" \/>\n<meta property=\"article:publisher\" content=\"https:\/\/www.facebook.com\/groups\/radfahren.in.noe\/\" \/>\n<meta property=\"article:published_time\" content=\"2025-01-20T20:47:01+00:00\" \/>\n<meta property=\"article:modified_time\" content=\"2025-01-21T11:06:53+00:00\" \/>\n<meta property=\"og:image\" content=\"https:\/\/www.radlobby.org\/noe\/wp-content\/uploads\/2024-11-25_Kremserstr_Foto-Reischauer-scaled.jpg\" \/>\n\t<meta property=\"og:image:width\" content=\"2560\" \/>\n\t<meta property=\"og:image:height\" content=\"1703\" \/>\n\t<meta property=\"og:image:type\" content=\"image\/jpeg\" \/>\n<meta name=\"author\" content=\"Ernst Reischauer\" \/>\n<meta name=\"twitter:card\" content=\"summary_large_image\" \/>\n<meta name=\"twitter:label1\" content=\"Verfasst von\" \/>\n\t<meta name=\"twitter:data1\" content=\"Ernst Reischauer\" \/>\n\t<meta name=\"twitter:label2\" content=\"Gesch\u00e4tzte Lesezeit\" \/>\n\t<meta name=\"twitter:data2\" content=\"5\u00a0Minuten\" \/>\n<script type=\"application\/ld+json\" class=\"yoast-schema-graph\">{\"@context\":\"https:\/\/schema.org\",\"@graph\":[{\"@type\":\"Article\",\"@id\":\"https:\/\/www.radlobby.org\/noe\/rueckmeldung-der-traismauer-wahlparteien\/#article\",\"isPartOf\":{\"@id\":\"https:\/\/www.radlobby.org\/noe\/rueckmeldung-der-traismauer-wahlparteien\/\"},\"author\":{\"name\":\"Ernst Reischauer\",\"@id\":\"https:\/\/www.radlobby.org\/noe\/#\/schema\/person\/2a54438f8204f2499e497e3db91a8f72\"},\"headline\":\"R\u00fcckmeldung der Traismaurer Wahlparteien\",\"datePublished\":\"2025-01-20T20:47:01+00:00\",\"dateModified\":\"2025-01-21T11:06:53+00:00\",\"mainEntityOfPage\":{\"@id\":\"https:\/\/www.radlobby.org\/noe\/rueckmeldung-der-traismauer-wahlparteien\/\"},\"wordCount\":725,\"publisher\":{\"@id\":\"https:\/\/www.radlobby.org\/noe\/#organization\"},\"image\":{\"@id\":\"https:\/\/www.radlobby.org\/noe\/rueckmeldung-der-traismauer-wahlparteien\/#primaryimage\"},\"thumbnailUrl\":\"https:\/\/www.radlobby.org\/noe\/wp-content\/uploads\/2024-11-25_Kremserstr_Foto-Reischauer-scaled.jpg\",\"keywords\":[\"gemeinderatswahl\",\"Radinfrastruktur\"],\"articleSection\":[\"Radlobby Nieder\u00f6sterreich\",\"Radlobby Traismauer\"],\"inLanguage\":\"de\"},{\"@type\":\"WebPage\",\"@id\":\"https:\/\/www.radlobby.org\/noe\/rueckmeldung-der-traismauer-wahlparteien\/\",\"url\":\"https:\/\/www.radlobby.org\/noe\/rueckmeldung-der-traismauer-wahlparteien\/\",\"name\":\"R\u00fcckmeldung der Traismaurer Wahlparteien - Radlobby Nieder\u00f6sterreich\",\"isPartOf\":{\"@id\":\"https:\/\/www.radlobby.org\/noe\/#website\"},\"primaryImageOfPage\":{\"@id\":\"https:\/\/www.radlobby.org\/noe\/rueckmeldung-der-traismauer-wahlparteien\/#primaryimage\"},\"image\":{\"@id\":\"https:\/\/www.radlobby.org\/noe\/rueckmeldung-der-traismauer-wahlparteien\/#primaryimage\"},\"thumbnailUrl\":\"https:\/\/www.radlobby.org\/noe\/wp-content\/uploads\/2024-11-25_Kremserstr_Foto-Reischauer-scaled.jpg\",\"datePublished\":\"2025-01-20T20:47:01+00:00\",\"dateModified\":\"2025-01-21T11:06:53+00:00\",\"breadcrumb\":{\"@id\":\"https:\/\/www.radlobby.org\/noe\/rueckmeldung-der-traismauer-wahlparteien\/#breadcrumb\"},\"inLanguage\":\"de\",\"potentialAction\":[{\"@type\":\"ReadAction\",\"target\":[\"https:\/\/www.radlobby.org\/noe\/rueckmeldung-der-traismauer-wahlparteien\/\"]}]},{\"@type\":\"ImageObject\",\"inLanguage\":\"de\",\"@id\":\"https:\/\/www.radlobby.org\/noe\/rueckmeldung-der-traismauer-wahlparteien\/#primaryimage\",\"url\":\"https:\/\/www.radlobby.org\/noe\/wp-content\/uploads\/2024-11-25_Kremserstr_Foto-Reischauer-scaled.jpg\",\"contentUrl\":\"https:\/\/www.radlobby.org\/noe\/wp-content\/uploads\/2024-11-25_Kremserstr_Foto-Reischauer-scaled.jpg\",\"width\":2560,\"height\":1703},{\"@type\":\"BreadcrumbList\",\"@id\":\"https:\/\/www.radlobby.org\/noe\/rueckmeldung-der-traismauer-wahlparteien\/#breadcrumb\",\"itemListElement\":[{\"@type\":\"ListItem\",\"position\":1,\"name\":\"Startseite\",\"item\":\"https:\/\/www.radlobby.org\/noe\/\"},{\"@type\":\"ListItem\",\"position\":2,\"name\":\"R\u00fcckmeldung der Traismaurer Wahlparteien\"}]},{\"@type\":\"WebSite\",\"@id\":\"https:\/\/www.radlobby.org\/noe\/#website\",\"url\":\"https:\/\/www.radlobby.org\/noe\/\",\"name\":\"Radlobby Nieder\u00f6sterreich\",\"description\":\"Radverkehr, Fahrrad, Radfahren, Radreisen, Radtouren, Radweg\",\"publisher\":{\"@id\":\"https:\/\/www.radlobby.org\/noe\/#organization\"},\"potentialAction\":[{\"@type\":\"SearchAction\",\"target\":{\"@type\":\"EntryPoint\",\"urlTemplate\":\"https:\/\/www.radlobby.org\/noe\/?s={search_term_string}\"},\"query-input\":{\"@type\":\"PropertyValueSpecification\",\"valueRequired\":true,\"valueName\":\"search_term_string\"}}],\"inLanguage\":\"de\"},{\"@type\":\"Organization\",\"@id\":\"https:\/\/www.radlobby.org\/noe\/#organization\",\"name\":\"Radlobby Nieder\u00f6sterreich\",\"url\":\"https:\/\/www.radlobby.org\/noe\/\",\"logo\":{\"@type\":\"ImageObject\",\"inLanguage\":\"de\",\"@id\":\"https:\/\/www.radlobby.org\/noe\/#\/schema\/logo\/image\/\",\"url\":\"https:\/\/www.radlobby.org\/noe\/wp-content\/uploads\/2017\/01\/cropped-Logo_Radlobby_Niederoesterreich_50-400px_quer-1.jpg\",\"contentUrl\":\"https:\/\/www.radlobby.org\/noe\/wp-content\/uploads\/2017\/01\/cropped-Logo_Radlobby_Niederoesterreich_50-400px_quer-1.jpg\",\"width\":450,\"height\":124,\"caption\":\"Radlobby Nieder\u00f6sterreich\"},\"image\":{\"@id\":\"https:\/\/www.radlobby.org\/noe\/#\/schema\/logo\/image\/\"},\"sameAs\":[\"https:\/\/www.facebook.com\/groups\/radfahren.in.noe\/\"]},{\"@type\":\"Person\",\"@id\":\"https:\/\/www.radlobby.org\/noe\/#\/schema\/person\/2a54438f8204f2499e497e3db91a8f72\",\"name\":\"Ernst Reischauer\",\"image\":{\"@type\":\"ImageObject\",\"inLanguage\":\"de\",\"@id\":\"https:\/\/www.radlobby.org\/noe\/#\/schema\/person\/image\/\",\"url\":\"https:\/\/secure.gravatar.com\/avatar\/a892db63abdfdced1eee4344eed5373f766aed0a520fae0d912d753935f36fcd?s=96&d=mm&r=g\",\"contentUrl\":\"https:\/\/secure.gravatar.com\/avatar\/a892db63abdfdced1eee4344eed5373f766aed0a520fae0d912d753935f36fcd?s=96&d=mm&r=g\",\"caption\":\"Ernst Reischauer\"},\"url\":\"https:\/\/www.radlobby.org\/noe\/author\/ernst-reischauer\/\"}]}<\/script>\n<!-- \/ Yoast SEO plugin. -->","yoast_head_json":{"title":"R\u00fcckmeldung der Traismaurer Wahlparteien - Radlobby Nieder\u00f6sterreich","robots":{"index":"index","follow":"follow","max-snippet":"max-snippet:-1","max-image-preview":"max-image-preview:large","max-video-preview":"max-video-preview:-1"},"canonical":"https:\/\/www.radlobby.org\/noe\/rueckmeldung-der-traismauer-wahlparteien\/","og_locale":"de_DE","og_type":"article","og_title":"R\u00fcckmeldung der Traismaurer Wahlparteien - Radlobby Nieder\u00f6sterreich","og_description":"Anl\u00e4sslich der Gemeinderatswahl am 26. J\u00e4nner 2025 hat die Radlobby Traismauer ihre Verbesserungsvorschl\u00e4ge zum Radwegenetz f\u00fcr die Periode 2025 \u2013 2030 an alle sechs wahlwerbenden Parteien versendet und um R\u00fcckmeldung gebeten.(https:\/\/www.radlobby.org\/noe\/verbesserungsvorschlaege-zum-radwegenetz-traismauer\/) Wir ersuchten zu jedem der 9 Punkte &#8211; analog","og_url":"https:\/\/www.radlobby.org\/noe\/rueckmeldung-der-traismauer-wahlparteien\/","og_site_name":"Radlobby Nieder\u00f6sterreich","article_publisher":"https:\/\/www.facebook.com\/groups\/radfahren.in.noe\/","article_published_time":"2025-01-20T20:47:01+00:00","article_modified_time":"2025-01-21T11:06:53+00:00","og_image":[{"width":2560,"height":1703,"url":"https:\/\/www.radlobby.org\/noe\/wp-content\/uploads\/2024-11-25_Kremserstr_Foto-Reischauer-scaled.jpg","type":"image\/jpeg"}],"author":"Ernst Reischauer","twitter_card":"summary_large_image","twitter_misc":{"Verfasst von":"Ernst Reischauer","Gesch\u00e4tzte Lesezeit":"5\u00a0Minuten"},"schema":{"@context":"https:\/\/schema.org","@graph":[{"@type":"Article","@id":"https:\/\/www.radlobby.org\/noe\/rueckmeldung-der-traismauer-wahlparteien\/#article","isPartOf":{"@id":"https:\/\/www.radlobby.org\/noe\/rueckmeldung-der-traismauer-wahlparteien\/"},"author":{"name":"Ernst Reischauer","@id":"https:\/\/www.radlobby.org\/noe\/#\/schema\/person\/2a54438f8204f2499e497e3db91a8f72"},"headline":"R\u00fcckmeldung der Traismaurer Wahlparteien","datePublished":"2025-01-20T20:47:01+00:00","dateModified":"2025-01-21T11:06:53+00:00","mainEntityOfPage":{"@id":"https:\/\/www.radlobby.org\/noe\/rueckmeldung-der-traismauer-wahlparteien\/"},"wordCount":725,"publisher":{"@id":"https:\/\/www.radlobby.org\/noe\/#organization"},"image":{"@id":"https:\/\/www.radlobby.org\/noe\/rueckmeldung-der-traismauer-wahlparteien\/#primaryimage"},"thumbnailUrl":"https:\/\/www.radlobby.org\/noe\/wp-content\/uploads\/2024-11-25_Kremserstr_Foto-Reischauer-scaled.jpg","keywords":["gemeinderatswahl","Radinfrastruktur"],"articleSection":["Radlobby Nieder\u00f6sterreich","Radlobby Traismauer"],"inLanguage":"de"},{"@type":"WebPage","@id":"https:\/\/www.radlobby.org\/noe\/rueckmeldung-der-traismauer-wahlparteien\/","url":"https:\/\/www.radlobby.org\/noe\/rueckmeldung-der-traismauer-wahlparteien\/","name":"R\u00fcckmeldung der Traismaurer Wahlparteien - Radlobby Nieder\u00f6sterreich","isPartOf":{"@id":"https:\/\/www.radlobby.org\/noe\/#website"},"primaryImageOfPage":{"@id":"https:\/\/www.radlobby.org\/noe\/rueckmeldung-der-traismauer-wahlparteien\/#primaryimage"},"image":{"@id":"https:\/\/www.radlobby.org\/noe\/rueckmeldung-der-traismauer-wahlparteien\/#primaryimage"},"thumbnailUrl":"https:\/\/www.radlobby.org\/noe\/wp-content\/uploads\/2024-11-25_Kremserstr_Foto-Reischauer-scaled.jpg","datePublished":"2025-01-20T20:47:01+00:00","dateModified":"2025-01-21T11:06:53+00:00","breadcrumb":{"@id":"https:\/\/www.radlobby.org\/noe\/rueckmeldung-der-traismauer-wahlparteien\/#breadcrumb"},"inLanguage":"de","potentialAction":[{"@type":"ReadAction","target":["https:\/\/www.radlobby.org\/noe\/rueckmeldung-der-traismauer-wahlparteien\/"]}]},{"@type":"ImageObject","inLanguage":"de","@id":"https:\/\/www.radlobby.org\/noe\/rueckmeldung-der-traismauer-wahlparteien\/#primaryimage","url":"https:\/\/www.radlobby.org\/noe\/wp-content\/uploads\/2024-11-25_Kremserstr_Foto-Reischauer-scaled.jpg","contentUrl":"https:\/\/www.radlobby.org\/noe\/wp-content\/uploads\/2024-11-25_Kremserstr_Foto-Reischauer-scaled.jpg","width":2560,"height":1703},{"@type":"BreadcrumbList","@id":"https:\/\/www.radlobby.org\/noe\/rueckmeldung-der-traismauer-wahlparteien\/#breadcrumb","itemListElement":[{"@type":"ListItem","position":1,"name":"Startseite","item":"https:\/\/www.radlobby.org\/noe\/"},{"@type":"ListItem","position":2,"name":"R\u00fcckmeldung der Traismaurer Wahlparteien"}]},{"@type":"WebSite","@id":"https:\/\/www.radlobby.org\/noe\/#website","url":"https:\/\/www.radlobby.org\/noe\/","name":"Radlobby Nieder\u00f6sterreich","description":"Radverkehr, Fahrrad, Radfahren, Radreisen, Radtouren, Radweg","publisher":{"@id":"https:\/\/www.radlobby.org\/noe\/#organization"},"potentialAction":[{"@type":"SearchAction","target":{"@type":"EntryPoint","urlTemplate":"https:\/\/www.radlobby.org\/noe\/?s={search_term_string}"},"query-input":{"@type":"PropertyValueSpecification","valueRequired":true,"valueName":"search_term_string"}}],"inLanguage":"de"},{"@type":"Organization","@id":"https:\/\/www.radlobby.org\/noe\/#organization","name":"Radlobby Nieder\u00f6sterreich","url":"https:\/\/www.radlobby.org\/noe\/","logo":{"@type":"ImageObject","inLanguage":"de","@id":"https:\/\/www.radlobby.org\/noe\/#\/schema\/logo\/image\/","url":"https:\/\/www.radlobby.org\/noe\/wp-content\/uploads\/2017\/01\/cropped-Logo_Radlobby_Niederoesterreich_50-400px_quer-1.jpg","contentUrl":"https:\/\/www.radlobby.org\/noe\/wp-content\/uploads\/2017\/01\/cropped-Logo_Radlobby_Niederoesterreich_50-400px_quer-1.jpg","width":450,"height":124,"caption":"Radlobby Nieder\u00f6sterreich"},"image":{"@id":"https:\/\/www.radlobby.org\/noe\/#\/schema\/logo\/image\/"},"sameAs":["https:\/\/www.facebook.com\/groups\/radfahren.in.noe\/"]},{"@type":"Person","@id":"https:\/\/www.radlobby.org\/noe\/#\/schema\/person\/2a54438f8204f2499e497e3db91a8f72","name":"Ernst Reischauer","image":{"@type":"ImageObject","inLanguage":"de","@id":"https:\/\/www.radlobby.org\/noe\/#\/schema\/person\/image\/","url":"https:\/\/secure.gravatar.com\/avatar\/a892db63abdfdced1eee4344eed5373f766aed0a520fae0d912d753935f36fcd?s=96&d=mm&r=g","contentUrl":"https:\/\/secure.gravatar.com\/avatar\/a892db63abdfdced1eee4344eed5373f766aed0a520fae0d912d753935f36fcd?s=96&d=mm&r=g","caption":"Ernst Reischauer"},"url":"https:\/\/www.radlobby.org\/noe\/author\/ernst-reischauer\/"}]}},"_links":{"self":[{"href":"https:\/\/www.radlobby.org\/noe\/wp-json\/wp\/v2\/posts\/37968","targetHints":{"allow":["GET"]}}],"collection":[{"href":"https:\/\/www.radlobby.org\/noe\/wp-json\/wp\/v2\/posts"}],"about":[{"href":"https:\/\/www.radlobby.org\/noe\/wp-json\/wp\/v2\/types\/post"}],"author":[{"embeddable":true,"href":"https:\/\/www.radlobby.org\/noe\/wp-json\/wp\/v2\/users\/53"}],"replies":[{"embeddable":true,"href":"https:\/\/www.radlobby.org\/noe\/wp-json\/wp\/v2\/comments?post=37968"}],"version-history":[{"count":11,"href":"https:\/\/www.radlobby.org\/noe\/wp-json\/wp\/v2\/posts\/37968\/revisions"}],"predecessor-version":[{"id":37985,"href":"https:\/\/www.radlobby.org\/noe\/wp-json\/wp\/v2\/posts\/37968\/revisions\/37985"}],"wp:featuredmedia":[{"embeddable":true,"href":"https:\/\/www.radlobby.org\/noe\/wp-json\/wp\/v2\/media\/37975"}],"wp:attachment":[{"href":"https:\/\/www.radlobby.org\/noe\/wp-json\/wp\/v2\/media?parent=37968"}],"wp:term":[{"taxonomy":"category","embeddable":true,"href":"https:\/\/www.radlobby.org\/noe\/wp-json\/wp\/v2\/categories?post=37968"},{"taxonomy":"post_tag","embeddable":true,"href":"https:\/\/www.radlobby.org\/noe\/wp-json\/wp\/v2\/tags?post=37968"}],"curies":[{"name":"wp","href":"https:\/\/api.w.org\/{rel}","templated":true}]}}