{"id":37937,"date":"2025-01-19T18:05:52","date_gmt":"2025-01-19T17:05:52","guid":{"rendered":"https:\/\/www.radlobby.org\/noe\/?p=37937"},"modified":"2025-02-03T09:19:40","modified_gmt":"2025-02-03T08:19:40","slug":"gmuend_stopptafel-statt-lueckenschluss2","status":"publish","type":"post","link":"https:\/\/www.radlobby.org\/noe\/gmuend_stopptafel-statt-lueckenschluss2\/","title":{"rendered":"Minimall\u00f6sung mit Stopptafel statt L\u00fcckenschluss"},"content":{"rendered":"<h2>Minimall\u00f6sung mit Stopptafel behindert Radfahrende \u2013 dabei w\u00e4re ausreichend Platz gewesen<\/h2>\n<p>2023 hat die Stadtgemeinde Gm\u00fcnd ein Grundst\u00fcck im Bereich der Stadtausfahrt Schremser Stra\u00dfe erworben, um einen Eislaufplatz\/Basketballcourt zu errichten. Im Zuge dessen erfolgte der von der Radlobby Gm\u00fcnd geforderte L\u00fcckenschluss auf der Radroute stadtausw\u00e4rts. Die vorhandene Fl\u00e4che wurde mit Parkpl\u00e4tzen gro\u00dfz\u00fcgig ausgef\u00fcllt (obwohl 50 m weiter ein gro\u00dfer Parkplatz besteht). Der Geh- und Radweg wurde minimal dimensioniert an den Rand der Fl\u00e4che gesetzt, sodass statt einer direkten Durchfahrt zwei 90-Grad-Kurven zu fahren sind, von denen eine mit einer Stopptafel versehen werden musste. Zudem wird der letzte, sehr schmale und schlecht einsehbare Abschnitt auch als Zu- und Abfahrt f\u00fcr Pkw zum Parkplatz der Pension Meridianstein genutzt!<\/p>\n<p>Fazit: abgesehen von der Asphaltierung de facto eine Verschlechterung gegen\u00fcber dem bisherigen \u201eTrampelpfad\u201c an dieser Stelle.<\/p>\n<p>Die genannte Stelle (siehe <a href=\"https:\/\/maps.app.goo.gl\/iCGNk2xGrfaWqw5R6\" target=\"_blank\" rel=\"noopener\">Google Maps<\/a>) ist als wichtige Pendler-Verbindung Gm\u00fcnd\u2013Schrems Teil des Radbasisnetzes \u2013 doch das vom Land N\u00d6 mit reichlich PR-Ma\u00dfnahmen beworbene Radbasisnetz besteht nur auf Papier. Sogar ein Radschnellweg zwischen Gm\u00fcnd und Schrems wurde als fix angek\u00fcndigt, von einer Umsetzung ist nichts zu sehen. Derzeit bremsen die Bedingungen an dieser Stelle den Alltagsradverkehr erheblich ein und gef\u00e4hrden die Radfahrenden und Zufu\u00dfgehenden.<\/p>\n<p>Sieht man sich die \u00f6rtlichen Gegebenheiten und die erfolgte Umsetzung an, kann man nur immer wieder laut einfordern: <strong>MEHR PLATZ F\u00dcRS RAD!<\/strong><\/p>\n<div id=\"metaslider-id-37955\" style=\"max-width: 1200px;\" class=\"ml-slider-3-105-0 metaslider metaslider-flex metaslider-37955 ml-slider has-dots-nav ml-slider-lightbox-2-22-0 lightbox-disabled ms-theme-default-base\" role=\"region\" aria-label=\"Gm\u00fcnd - L\u00fcckenschluss\" data-height=\"900\" data-width=\"1200\">\n    <div id=\"metaslider_container_37955\">\n        <div id=\"metaslider_37955\">\n            <ul class='slides'>\n                <li style=\"display: block; width: 100%;\" class=\"slide-37957 ms-image \" aria-roledescription=\"slide\" data-date=\"2025-01-19 18:38:53\" data-filename=\"gd-eislauf_vorher-964x723.jpg\" data-slide-type=\"image\"><img loading=\"lazy\" decoding=\"async\" src=\"https:\/\/www.radlobby.org\/noe\/wp-content\/uploads\/gd-eislauf_vorher-964x723.jpg\" height=\"900\" width=\"1200\" alt=\"\" class=\"slider-37955 slide-37957 msDefaultImage\" title=\"gd-eislauf_vorher\" \/><\/li>\n                <li style=\"display: none; width: 100%;\" class=\"slide-37958 ms-image \" aria-roledescription=\"slide\" data-date=\"2025-01-19 18:39:03\" data-filename=\"gd-eislauf_aunachher-1020x765.jpg\" data-slide-type=\"image\"><img loading=\"lazy\" decoding=\"async\" src=\"https:\/\/www.radlobby.org\/noe\/wp-content\/uploads\/gd-eislauf_aunachher-1020x765.jpg\" height=\"900\" width=\"1200\" alt=\"\" class=\"slider-37955 slide-37958 msDefaultImage\" title=\"gd-eislauf_aunachher\" \/><\/li>\n                <li style=\"display: none; width: 100%;\" class=\"slide-37959 ms-image \" aria-roledescription=\"slide\" data-date=\"2025-01-19 18:39:18\" data-filename=\"gd-eislauf_parkplatz-1120x840.jpg\" data-slide-type=\"image\"><img loading=\"lazy\" decoding=\"async\" src=\"https:\/\/www.radlobby.org\/noe\/wp-content\/uploads\/gd-eislauf_parkplatz-1120x840.jpg\" height=\"900\" width=\"1200\" alt=\"\" class=\"slider-37955 slide-37959 msDefaultImage\" title=\"gd-eislauf_parkplatz\" \/><\/li>\n                <li style=\"display: none; width: 100%;\" class=\"slide-37960 ms-image \" aria-roledescription=\"slide\" data-date=\"2025-01-19 18:39:34\" data-filename=\"gd-eislauf_stopp.jpg\" data-slide-type=\"image\"><img loading=\"lazy\" decoding=\"async\" src=\"https:\/\/www.radlobby.org\/noe\/wp-content\/uploads\/gd-eislauf_stopp.jpg\" height=\"900\" width=\"1200\" alt=\"\" class=\"slider-37955 slide-37960 msDefaultImage\" title=\"gd-eislauf_stopp\" \/><\/li>\n                <li style=\"display: none; width: 100%;\" class=\"slide-37961 ms-image \" aria-roledescription=\"slide\" data-date=\"2025-01-19 18:39:40\" data-filename=\"gd-eislauf_ecke.jpg\" data-slide-type=\"image\"><img loading=\"lazy\" decoding=\"async\" src=\"https:\/\/www.radlobby.org\/noe\/wp-content\/uploads\/gd-eislauf_ecke.jpg\" height=\"900\" width=\"1200\" alt=\"\" class=\"slider-37955 slide-37961 msDefaultImage\" title=\"gd-eislauf_ecke\" \/><\/li>\n            <\/ul>\n        <\/div>\n        \n    <\/div>\n<\/div>\n<blockquote>\n<h6>Wenn euch als Radfahrer:in oder auch Fu\u00dfg\u00e4nger:in in Gm\u00fcnd etwas fehlt, wenn ihr auf gef\u00e4hrliche Situationen sto\u00dft oder euch fragt, wie diese Radwege denn nun eigentlich zu benutzen sind &#8211; und nat\u00fcrlich auch, wenn ihr Anregungen habt, wie Radeln in Gm\u00fcnd sicherer und freudvoller werden kann, meldet euch bei uns &#8211; siehe <a href=\"https:\/\/www.radlobby.org\/noe\/gmuend-team\/\">Radlobby Gm\u00fcnd \u2013 Team<\/a>.<\/h6>\n<\/blockquote>\n<p>&nbsp;<\/p>\n","protected":false},"excerpt":{"rendered":"<p>Minimall\u00f6sung mit Stopptafel behindert Radfahrende \u2013 dabei w\u00e4re ausreichend Platz gewesen 2023 hat die Stadtgemeinde Gm\u00fcnd ein Grundst\u00fcck im Bereich der Stadtausfahrt Schremser Stra\u00dfe erworben, um einen Eislaufplatz\/Basketballcourt zu errichten. Im Zuge dessen erfolgte der von der Radlobby Gm\u00fcnd geforderte<\/p>\n","protected":false},"author":27,"featured_media":37938,"comment_status":"closed","ping_status":"closed","sticky":false,"template":"","format":"standard","meta":{"footnotes":""},"categories":[282,20],"tags":[72,23,315],"class_list":["post-37937","post","type-post","status-publish","format-standard","has-post-thumbnail","hentry","category-gmuend","category-niederoesterreich","tag-gemeinden","tag-infrastruktur","tag-radinfrastruktur"],"yoast_head":"<!-- This site is optimized with the Yoast SEO plugin v26.9 - https:\/\/yoast.com\/product\/yoast-seo-wordpress\/ -->\n<title>Minimall\u00f6sung mit Stopptafel statt L\u00fcckenschluss - Radlobby Nieder\u00f6sterreich<\/title>\n<meta name=\"description\" content=\"Eine wichtige L\u00fccke in der Radverbindung Gm\u00fcnd-Schrems wurde geschlossen. Doch die Umsetzung f\u00fchrt de facto zu einer Verschlechterung.\" \/>\n<meta name=\"robots\" content=\"index, follow, max-snippet:-1, max-image-preview:large, max-video-preview:-1\" \/>\n<link rel=\"canonical\" href=\"https:\/\/www.radlobby.org\/noe\/gmuend_stopptafel-statt-lueckenschluss2\/\" \/>\n<meta property=\"og:locale\" content=\"de_DE\" \/>\n<meta property=\"og:type\" content=\"article\" \/>\n<meta property=\"og:title\" content=\"Minimall\u00f6sung mit Stopptafel statt L\u00fcckenschluss - Radlobby Nieder\u00f6sterreich\" \/>\n<meta property=\"og:description\" content=\"Eine wichtige L\u00fccke in der Radverbindung Gm\u00fcnd-Schrems wurde geschlossen. Doch die Umsetzung f\u00fchrt de facto zu einer Verschlechterung.\" \/>\n<meta property=\"og:url\" content=\"https:\/\/www.radlobby.org\/noe\/gmuend_stopptafel-statt-lueckenschluss2\/\" \/>\n<meta property=\"og:site_name\" content=\"Radlobby Nieder\u00f6sterreich\" \/>\n<meta property=\"article:publisher\" content=\"https:\/\/www.facebook.com\/groups\/radfahren.in.noe\/\" \/>\n<meta property=\"article:published_time\" content=\"2025-01-19T17:05:52+00:00\" \/>\n<meta property=\"article:modified_time\" content=\"2025-02-03T08:19:40+00:00\" \/>\n<meta property=\"og:image\" content=\"https:\/\/www.radlobby.org\/noe\/wp-content\/uploads\/GD_stopptafel_mini.jpg\" \/>\n\t<meta property=\"og:image:width\" content=\"500\" \/>\n\t<meta property=\"og:image:height\" content=\"456\" \/>\n\t<meta property=\"og:image:type\" content=\"image\/jpeg\" \/>\n<meta name=\"author\" content=\"Kristin Harrich\" \/>\n<meta name=\"twitter:card\" content=\"summary_large_image\" \/>\n<meta name=\"twitter:label1\" content=\"Verfasst von\" \/>\n\t<meta name=\"twitter:data1\" content=\"Kristin Harrich\" \/>\n\t<meta name=\"twitter:label2\" content=\"Gesch\u00e4tzte Lesezeit\" \/>\n\t<meta name=\"twitter:data2\" content=\"2\u00a0Minuten\" \/>\n<script type=\"application\/ld+json\" class=\"yoast-schema-graph\">{\"@context\":\"https:\/\/schema.org\",\"@graph\":[{\"@type\":\"Article\",\"@id\":\"https:\/\/www.radlobby.org\/noe\/gmuend_stopptafel-statt-lueckenschluss2\/#article\",\"isPartOf\":{\"@id\":\"https:\/\/www.radlobby.org\/noe\/gmuend_stopptafel-statt-lueckenschluss2\/\"},\"author\":{\"name\":\"Kristin Harrich\",\"@id\":\"https:\/\/www.radlobby.org\/noe\/#\/schema\/person\/6b0053ef563e368f14308d7792bfbfc0\"},\"headline\":\"Minimall\u00f6sung mit Stopptafel statt L\u00fcckenschluss\",\"datePublished\":\"2025-01-19T17:05:52+00:00\",\"dateModified\":\"2025-02-03T08:19:40+00:00\",\"mainEntityOfPage\":{\"@id\":\"https:\/\/www.radlobby.org\/noe\/gmuend_stopptafel-statt-lueckenschluss2\/\"},\"wordCount\":315,\"publisher\":{\"@id\":\"https:\/\/www.radlobby.org\/noe\/#organization\"},\"image\":{\"@id\":\"https:\/\/www.radlobby.org\/noe\/gmuend_stopptafel-statt-lueckenschluss2\/#primaryimage\"},\"thumbnailUrl\":\"https:\/\/www.radlobby.org\/noe\/wp-content\/uploads\/GD_stopptafel_mini.jpg\",\"keywords\":[\"Gemeinden\",\"Infrastruktur\",\"Radinfrastruktur\"],\"articleSection\":[\"Radlobby Gm\u00fcnd\",\"Radlobby Nieder\u00f6sterreich\"],\"inLanguage\":\"de\"},{\"@type\":\"WebPage\",\"@id\":\"https:\/\/www.radlobby.org\/noe\/gmuend_stopptafel-statt-lueckenschluss2\/\",\"url\":\"https:\/\/www.radlobby.org\/noe\/gmuend_stopptafel-statt-lueckenschluss2\/\",\"name\":\"Minimall\u00f6sung mit Stopptafel statt L\u00fcckenschluss - Radlobby Nieder\u00f6sterreich\",\"isPartOf\":{\"@id\":\"https:\/\/www.radlobby.org\/noe\/#website\"},\"primaryImageOfPage\":{\"@id\":\"https:\/\/www.radlobby.org\/noe\/gmuend_stopptafel-statt-lueckenschluss2\/#primaryimage\"},\"image\":{\"@id\":\"https:\/\/www.radlobby.org\/noe\/gmuend_stopptafel-statt-lueckenschluss2\/#primaryimage\"},\"thumbnailUrl\":\"https:\/\/www.radlobby.org\/noe\/wp-content\/uploads\/GD_stopptafel_mini.jpg\",\"datePublished\":\"2025-01-19T17:05:52+00:00\",\"dateModified\":\"2025-02-03T08:19:40+00:00\",\"description\":\"Eine wichtige L\u00fccke in der Radverbindung Gm\u00fcnd-Schrems wurde geschlossen. Doch die Umsetzung f\u00fchrt de facto zu einer Verschlechterung.\",\"breadcrumb\":{\"@id\":\"https:\/\/www.radlobby.org\/noe\/gmuend_stopptafel-statt-lueckenschluss2\/#breadcrumb\"},\"inLanguage\":\"de\",\"potentialAction\":[{\"@type\":\"ReadAction\",\"target\":[\"https:\/\/www.radlobby.org\/noe\/gmuend_stopptafel-statt-lueckenschluss2\/\"]}]},{\"@type\":\"ImageObject\",\"inLanguage\":\"de\",\"@id\":\"https:\/\/www.radlobby.org\/noe\/gmuend_stopptafel-statt-lueckenschluss2\/#primaryimage\",\"url\":\"https:\/\/www.radlobby.org\/noe\/wp-content\/uploads\/GD_stopptafel_mini.jpg\",\"contentUrl\":\"https:\/\/www.radlobby.org\/noe\/wp-content\/uploads\/GD_stopptafel_mini.jpg\",\"width\":500,\"height\":456},{\"@type\":\"BreadcrumbList\",\"@id\":\"https:\/\/www.radlobby.org\/noe\/gmuend_stopptafel-statt-lueckenschluss2\/#breadcrumb\",\"itemListElement\":[{\"@type\":\"ListItem\",\"position\":1,\"name\":\"Startseite\",\"item\":\"https:\/\/www.radlobby.org\/noe\/\"},{\"@type\":\"ListItem\",\"position\":2,\"name\":\"Minimall\u00f6sung mit Stopptafel statt L\u00fcckenschluss\"}]},{\"@type\":\"WebSite\",\"@id\":\"https:\/\/www.radlobby.org\/noe\/#website\",\"url\":\"https:\/\/www.radlobby.org\/noe\/\",\"name\":\"Radlobby Nieder\u00f6sterreich\",\"description\":\"Radverkehr, Fahrrad, Radfahren, Radreisen, Radtouren, Radweg\",\"publisher\":{\"@id\":\"https:\/\/www.radlobby.org\/noe\/#organization\"},\"potentialAction\":[{\"@type\":\"SearchAction\",\"target\":{\"@type\":\"EntryPoint\",\"urlTemplate\":\"https:\/\/www.radlobby.org\/noe\/?s={search_term_string}\"},\"query-input\":{\"@type\":\"PropertyValueSpecification\",\"valueRequired\":true,\"valueName\":\"search_term_string\"}}],\"inLanguage\":\"de\"},{\"@type\":\"Organization\",\"@id\":\"https:\/\/www.radlobby.org\/noe\/#organization\",\"name\":\"Radlobby Nieder\u00f6sterreich\",\"url\":\"https:\/\/www.radlobby.org\/noe\/\",\"logo\":{\"@type\":\"ImageObject\",\"inLanguage\":\"de\",\"@id\":\"https:\/\/www.radlobby.org\/noe\/#\/schema\/logo\/image\/\",\"url\":\"https:\/\/www.radlobby.org\/noe\/wp-content\/uploads\/2017\/01\/cropped-Logo_Radlobby_Niederoesterreich_50-400px_quer-1.jpg\",\"contentUrl\":\"https:\/\/www.radlobby.org\/noe\/wp-content\/uploads\/2017\/01\/cropped-Logo_Radlobby_Niederoesterreich_50-400px_quer-1.jpg\",\"width\":450,\"height\":124,\"caption\":\"Radlobby Nieder\u00f6sterreich\"},\"image\":{\"@id\":\"https:\/\/www.radlobby.org\/noe\/#\/schema\/logo\/image\/\"},\"sameAs\":[\"https:\/\/www.facebook.com\/groups\/radfahren.in.noe\/\"]},{\"@type\":\"Person\",\"@id\":\"https:\/\/www.radlobby.org\/noe\/#\/schema\/person\/6b0053ef563e368f14308d7792bfbfc0\",\"name\":\"Kristin Harrich\",\"image\":{\"@type\":\"ImageObject\",\"inLanguage\":\"de\",\"@id\":\"https:\/\/www.radlobby.org\/noe\/#\/schema\/person\/image\/\",\"url\":\"https:\/\/secure.gravatar.com\/avatar\/fae3c9085f86cf2c3d0ec7ea03ae71cda2f36050a7f451f72c07840cdab68d7c?s=96&d=mm&r=g\",\"contentUrl\":\"https:\/\/secure.gravatar.com\/avatar\/fae3c9085f86cf2c3d0ec7ea03ae71cda2f36050a7f451f72c07840cdab68d7c?s=96&d=mm&r=g\",\"caption\":\"Kristin Harrich\"},\"url\":\"https:\/\/www.radlobby.org\/noe\/author\/kristinharrich\/\"}]}<\/script>\n<!-- \/ Yoast SEO plugin. -->","yoast_head_json":{"title":"Minimall\u00f6sung mit Stopptafel statt L\u00fcckenschluss - Radlobby Nieder\u00f6sterreich","description":"Eine wichtige L\u00fccke in der Radverbindung Gm\u00fcnd-Schrems wurde geschlossen. Doch die Umsetzung f\u00fchrt de facto zu einer Verschlechterung.","robots":{"index":"index","follow":"follow","max-snippet":"max-snippet:-1","max-image-preview":"max-image-preview:large","max-video-preview":"max-video-preview:-1"},"canonical":"https:\/\/www.radlobby.org\/noe\/gmuend_stopptafel-statt-lueckenschluss2\/","og_locale":"de_DE","og_type":"article","og_title":"Minimall\u00f6sung mit Stopptafel statt L\u00fcckenschluss - Radlobby Nieder\u00f6sterreich","og_description":"Eine wichtige L\u00fccke in der Radverbindung Gm\u00fcnd-Schrems wurde geschlossen. Doch die Umsetzung f\u00fchrt de facto zu einer Verschlechterung.","og_url":"https:\/\/www.radlobby.org\/noe\/gmuend_stopptafel-statt-lueckenschluss2\/","og_site_name":"Radlobby Nieder\u00f6sterreich","article_publisher":"https:\/\/www.facebook.com\/groups\/radfahren.in.noe\/","article_published_time":"2025-01-19T17:05:52+00:00","article_modified_time":"2025-02-03T08:19:40+00:00","og_image":[{"width":500,"height":456,"url":"https:\/\/www.radlobby.org\/noe\/wp-content\/uploads\/GD_stopptafel_mini.jpg","type":"image\/jpeg"}],"author":"Kristin Harrich","twitter_card":"summary_large_image","twitter_misc":{"Verfasst von":"Kristin Harrich","Gesch\u00e4tzte Lesezeit":"2\u00a0Minuten"},"schema":{"@context":"https:\/\/schema.org","@graph":[{"@type":"Article","@id":"https:\/\/www.radlobby.org\/noe\/gmuend_stopptafel-statt-lueckenschluss2\/#article","isPartOf":{"@id":"https:\/\/www.radlobby.org\/noe\/gmuend_stopptafel-statt-lueckenschluss2\/"},"author":{"name":"Kristin Harrich","@id":"https:\/\/www.radlobby.org\/noe\/#\/schema\/person\/6b0053ef563e368f14308d7792bfbfc0"},"headline":"Minimall\u00f6sung mit Stopptafel statt L\u00fcckenschluss","datePublished":"2025-01-19T17:05:52+00:00","dateModified":"2025-02-03T08:19:40+00:00","mainEntityOfPage":{"@id":"https:\/\/www.radlobby.org\/noe\/gmuend_stopptafel-statt-lueckenschluss2\/"},"wordCount":315,"publisher":{"@id":"https:\/\/www.radlobby.org\/noe\/#organization"},"image":{"@id":"https:\/\/www.radlobby.org\/noe\/gmuend_stopptafel-statt-lueckenschluss2\/#primaryimage"},"thumbnailUrl":"https:\/\/www.radlobby.org\/noe\/wp-content\/uploads\/GD_stopptafel_mini.jpg","keywords":["Gemeinden","Infrastruktur","Radinfrastruktur"],"articleSection":["Radlobby Gm\u00fcnd","Radlobby Nieder\u00f6sterreich"],"inLanguage":"de"},{"@type":"WebPage","@id":"https:\/\/www.radlobby.org\/noe\/gmuend_stopptafel-statt-lueckenschluss2\/","url":"https:\/\/www.radlobby.org\/noe\/gmuend_stopptafel-statt-lueckenschluss2\/","name":"Minimall\u00f6sung mit Stopptafel statt L\u00fcckenschluss - Radlobby Nieder\u00f6sterreich","isPartOf":{"@id":"https:\/\/www.radlobby.org\/noe\/#website"},"primaryImageOfPage":{"@id":"https:\/\/www.radlobby.org\/noe\/gmuend_stopptafel-statt-lueckenschluss2\/#primaryimage"},"image":{"@id":"https:\/\/www.radlobby.org\/noe\/gmuend_stopptafel-statt-lueckenschluss2\/#primaryimage"},"thumbnailUrl":"https:\/\/www.radlobby.org\/noe\/wp-content\/uploads\/GD_stopptafel_mini.jpg","datePublished":"2025-01-19T17:05:52+00:00","dateModified":"2025-02-03T08:19:40+00:00","description":"Eine wichtige L\u00fccke in der Radverbindung Gm\u00fcnd-Schrems wurde geschlossen. Doch die Umsetzung f\u00fchrt de facto zu einer Verschlechterung.","breadcrumb":{"@id":"https:\/\/www.radlobby.org\/noe\/gmuend_stopptafel-statt-lueckenschluss2\/#breadcrumb"},"inLanguage":"de","potentialAction":[{"@type":"ReadAction","target":["https:\/\/www.radlobby.org\/noe\/gmuend_stopptafel-statt-lueckenschluss2\/"]}]},{"@type":"ImageObject","inLanguage":"de","@id":"https:\/\/www.radlobby.org\/noe\/gmuend_stopptafel-statt-lueckenschluss2\/#primaryimage","url":"https:\/\/www.radlobby.org\/noe\/wp-content\/uploads\/GD_stopptafel_mini.jpg","contentUrl":"https:\/\/www.radlobby.org\/noe\/wp-content\/uploads\/GD_stopptafel_mini.jpg","width":500,"height":456},{"@type":"BreadcrumbList","@id":"https:\/\/www.radlobby.org\/noe\/gmuend_stopptafel-statt-lueckenschluss2\/#breadcrumb","itemListElement":[{"@type":"ListItem","position":1,"name":"Startseite","item":"https:\/\/www.radlobby.org\/noe\/"},{"@type":"ListItem","position":2,"name":"Minimall\u00f6sung mit Stopptafel statt L\u00fcckenschluss"}]},{"@type":"WebSite","@id":"https:\/\/www.radlobby.org\/noe\/#website","url":"https:\/\/www.radlobby.org\/noe\/","name":"Radlobby Nieder\u00f6sterreich","description":"Radverkehr, Fahrrad, Radfahren, Radreisen, Radtouren, Radweg","publisher":{"@id":"https:\/\/www.radlobby.org\/noe\/#organization"},"potentialAction":[{"@type":"SearchAction","target":{"@type":"EntryPoint","urlTemplate":"https:\/\/www.radlobby.org\/noe\/?s={search_term_string}"},"query-input":{"@type":"PropertyValueSpecification","valueRequired":true,"valueName":"search_term_string"}}],"inLanguage":"de"},{"@type":"Organization","@id":"https:\/\/www.radlobby.org\/noe\/#organization","name":"Radlobby Nieder\u00f6sterreich","url":"https:\/\/www.radlobby.org\/noe\/","logo":{"@type":"ImageObject","inLanguage":"de","@id":"https:\/\/www.radlobby.org\/noe\/#\/schema\/logo\/image\/","url":"https:\/\/www.radlobby.org\/noe\/wp-content\/uploads\/2017\/01\/cropped-Logo_Radlobby_Niederoesterreich_50-400px_quer-1.jpg","contentUrl":"https:\/\/www.radlobby.org\/noe\/wp-content\/uploads\/2017\/01\/cropped-Logo_Radlobby_Niederoesterreich_50-400px_quer-1.jpg","width":450,"height":124,"caption":"Radlobby Nieder\u00f6sterreich"},"image":{"@id":"https:\/\/www.radlobby.org\/noe\/#\/schema\/logo\/image\/"},"sameAs":["https:\/\/www.facebook.com\/groups\/radfahren.in.noe\/"]},{"@type":"Person","@id":"https:\/\/www.radlobby.org\/noe\/#\/schema\/person\/6b0053ef563e368f14308d7792bfbfc0","name":"Kristin Harrich","image":{"@type":"ImageObject","inLanguage":"de","@id":"https:\/\/www.radlobby.org\/noe\/#\/schema\/person\/image\/","url":"https:\/\/secure.gravatar.com\/avatar\/fae3c9085f86cf2c3d0ec7ea03ae71cda2f36050a7f451f72c07840cdab68d7c?s=96&d=mm&r=g","contentUrl":"https:\/\/secure.gravatar.com\/avatar\/fae3c9085f86cf2c3d0ec7ea03ae71cda2f36050a7f451f72c07840cdab68d7c?s=96&d=mm&r=g","caption":"Kristin Harrich"},"url":"https:\/\/www.radlobby.org\/noe\/author\/kristinharrich\/"}]}},"_links":{"self":[{"href":"https:\/\/www.radlobby.org\/noe\/wp-json\/wp\/v2\/posts\/37937","targetHints":{"allow":["GET"]}}],"collection":[{"href":"https:\/\/www.radlobby.org\/noe\/wp-json\/wp\/v2\/posts"}],"about":[{"href":"https:\/\/www.radlobby.org\/noe\/wp-json\/wp\/v2\/types\/post"}],"author":[{"embeddable":true,"href":"https:\/\/www.radlobby.org\/noe\/wp-json\/wp\/v2\/users\/27"}],"replies":[{"embeddable":true,"href":"https:\/\/www.radlobby.org\/noe\/wp-json\/wp\/v2\/comments?post=37937"}],"version-history":[{"count":9,"href":"https:\/\/www.radlobby.org\/noe\/wp-json\/wp\/v2\/posts\/37937\/revisions"}],"predecessor-version":[{"id":38104,"href":"https:\/\/www.radlobby.org\/noe\/wp-json\/wp\/v2\/posts\/37937\/revisions\/38104"}],"wp:featuredmedia":[{"embeddable":true,"href":"https:\/\/www.radlobby.org\/noe\/wp-json\/wp\/v2\/media\/37938"}],"wp:attachment":[{"href":"https:\/\/www.radlobby.org\/noe\/wp-json\/wp\/v2\/media?parent=37937"}],"wp:term":[{"taxonomy":"category","embeddable":true,"href":"https:\/\/www.radlobby.org\/noe\/wp-json\/wp\/v2\/categories?post=37937"},{"taxonomy":"post_tag","embeddable":true,"href":"https:\/\/www.radlobby.org\/noe\/wp-json\/wp\/v2\/tags?post=37937"}],"curies":[{"name":"wp","href":"https:\/\/api.w.org\/{rel}","templated":true}]}}