{"id":37792,"date":"2025-01-13T21:55:03","date_gmt":"2025-01-13T20:55:03","guid":{"rendered":"https:\/\/www.radlobby.org\/noe\/?p=37792"},"modified":"2025-01-13T22:25:58","modified_gmt":"2025-01-13T21:25:58","slug":"pa_umfrage-grw-am2025","status":"publish","type":"post","link":"https:\/\/www.radlobby.org\/noe\/pa_umfrage-grw-am2025\/","title":{"rendered":"Presseaussendung der Radlobby Amstetten: Umfrage zur aktiven Mobilit\u00e4t im Rahmen der Gemeinderatswahl 2025"},"content":{"rendered":"<p><strong>Parteienbefragung zum Thema Radfahren <\/strong><\/p>\n<p><strong>Die Radlobby Amstetten hat die Parteien zu ihren Standpunkten zur Entwicklung der aktiven Mobilit\u00e4t im Raum Amstetten befragt.<\/strong><\/p>\n<p>Hier gehts zum Download der Antworten im Original-Wortlaut: <a href=\"https:\/\/www.radlobby.org\/noe\/wp-content\/uploads\/Umfrage-Gemeinderatswahl-2025-Amstetten-Antworten-im-Original-Wortlaut.pdf\">Hier klicken<\/a><\/p>\n<p>Welche Ideen haben die Amstettner Parteien, um das Radfahren bzw. aktive Fortbewegungsarten sicherer und attraktiver zu gestalten? Wie beurteilen sie die derzeitige Situation f\u00fcr unterschiedliche Arten von Verkehrsteilnehmenden? Wie stehen sie etwa zu Tempo 30 in Wohngebieten?<\/p>\n<p>Diese und weitere Fragen beantworteten alle Parteien, die am 26. J\u00e4nner 2025 in Amstetten bei der Gemeinderatswahl antreten, auf Anfrage der Radlobby Amstetten.<\/p>\n<p>Exemplarisch weist die Radlobby auf die Beantwortung der Frage hin, welche drei Radfahr-Projekte in den n\u00e4chsten 5 Jahren jeweils am wichtigsten sind (gereiht wurden sie nach dem Einlangen der Anfrage-Beantwortung):<\/p>\n<p><a href=\"https:\/\/www.radlobby.org\/noe\/wp-content\/uploads\/Umfrage-Gemeinderatswahl-2025-Amstetten-Antworten-im-Original-Wortlaut.pdf\" target=\"_blank\" rel=\"noopener\"><img loading=\"lazy\" decoding=\"async\" class=\"alignright wp-image-37795 size-medium\" src=\"https:\/\/www.radlobby.org\/noe\/wp-content\/uploads\/Deckblatt_Umfrage_GRW-AM2025-213x300.jpg\" alt=\"\" width=\"213\" height=\"300\" srcset=\"https:\/\/www.radlobby.org\/noe\/wp-content\/uploads\/Deckblatt_Umfrage_GRW-AM2025-213x300.jpg 213w, https:\/\/www.radlobby.org\/noe\/wp-content\/uploads\/Deckblatt_Umfrage_GRW-AM2025-768x1082.jpg 768w, https:\/\/www.radlobby.org\/noe\/wp-content\/uploads\/Deckblatt_Umfrage_GRW-AM2025.jpg 1033w\" sizes=\"auto, (max-width: 213px) 100vw, 213px\" \/><\/a><\/p>\n<p>Zentrale Punkte f\u00fcr die SP\u00d6 sind der Ausbau der Radverbindungen zwischen den Ortsteilen und zu den Umlandgemeinden. Zudem sollen Radwege in den Osten der Stadt verbessert werden.<\/p>\n<p>&nbsp;<\/p>\n<p>F\u00fcr die NEOS steht eine bauliche Neugestaltung der \u00d6BB-Unterf\u00fchrung in der Laurenz-Dorrer-Stra\u00dfe (Geh- und Fu\u00dfweg) an erster Stelle. Folgend soll in der Laurenz-Dorrer-Stra\u00dfe der Fahrradweg durchgehend farblich gekennzeichnet werden und die Radfahrbahn mit der Fahrbahn der Stra\u00dfe baulich angeglichen werden. Eine fahrradfreundliche Gestaltung des Amstettner Bahnhofareals soll eine generelle Verkehrsentlastung herbeif\u00fchren.<\/p>\n<p>Die Gr\u00fcnen betonen, dass Radwege vor allem innerst\u00e4dtisch ausgebaut und verbessert geh\u00f6ren und nennen dabei im Speziellen die Ardaggerstra\u00dfe.<\/p>\n<p>Priorit\u00e4t f\u00fcr die \u00d6VP hat der Ausbau des Radwegs in der Wienerstra\u00dfe\/Reichsstra\u00dfe (verbesserter Anschluss von Anrainern und Betrieben) sowie von Radverbindungen in die Nachbargemeinden, die im Rahmen des Projekts \u201ePotenzialregion Amstetten\u201c entwickelt wurden. F\u00fcr die<\/p>\n<p>als weiteren Punkt angef\u00fchrte Erweiterung von Radabstellanlagen am Bahnhof g\u00e4be es bereits eine Zusage von Land und \u00d6BB. Bei Sanierungen und Neubauten sollen m\u00f6gliche Verbesserungen mitgedacht bzw. umgesetzt werden.<\/p>\n<p>Die FP\u00d6 hatte auf diese konkrete Frage keine Antwort parat.<\/p>\n<p>Die Antworten im Original-Wortlaut auf diese und alle weiteren im Rahmen der Umfrage gestellten Fragen stehen auf der Website der Radlobby Amstetten unter <a href=\"http:\/\/www.amstetten.radlobby.at\">www.amstetten.radlobby.at<\/a> zur Verf\u00fcgung.<\/p>\n<p>Einige der genannten Radfahr-Projekte befinden sich auch im Ma\u00dfnahmenkatalog der Radlobby, der im vergangenen Jahr an die politisch Verantwortlichen \u00fcbergeben wurde. \u201eAus Sicht der Radlobby ist es positiv, dass die (meisten) Parteien konkrete Vorstellungen f\u00fcr Verbesserung haben \u2013 jedoch werden wir in der kommenden Amtsperiode darauf achten, dass es nicht nur bei Lippenbekenntnissen bleibt\u201d, so Andreas Halbmayr, Sprecher der Radlobby Amstetten.<\/p>\n<p>&nbsp;<\/p>\n<p>&nbsp;<\/p>\n<p>&nbsp;<\/p>\n","protected":false},"excerpt":{"rendered":"<p>Parteienbefragung zum Thema Radfahren Die Radlobby Amstetten hat die Parteien zu ihren Standpunkten zur Entwicklung der aktiven Mobilit\u00e4t im Raum Amstetten befragt. Hier gehts zum Download der Antworten im Original-Wortlaut: Hier klicken Welche Ideen haben die Amstettner Parteien, um das<\/p>\n","protected":false},"author":85,"featured_media":37795,"comment_status":"closed","ping_status":"closed","sticky":false,"template":"","format":"standard","meta":{"footnotes":""},"categories":[1,383,579,321,20,596],"tags":[],"class_list":["post-37792","post","type-post","status-publish","format-standard","has-post-thumbnail","hentry","category-allgemein","category-presse-medien","category-amstetten","category-enns-donauwinkel","category-niederoesterreich","category-ybbstal"],"yoast_head":"<!-- This site is optimized with the Yoast SEO plugin v26.9 - https:\/\/yoast.com\/product\/yoast-seo-wordpress\/ -->\n<title>Presseaussendung der Radlobby Amstetten: Umfrage zur aktiven Mobilit\u00e4t im Rahmen der Gemeinderatswahl 2025 - Radlobby Nieder\u00f6sterreich<\/title>\n<meta name=\"robots\" content=\"index, follow, max-snippet:-1, max-image-preview:large, max-video-preview:-1\" \/>\n<link rel=\"canonical\" href=\"https:\/\/www.radlobby.org\/noe\/pa_umfrage-grw-am2025\/\" \/>\n<meta property=\"og:locale\" content=\"de_DE\" \/>\n<meta property=\"og:type\" content=\"article\" \/>\n<meta property=\"og:title\" content=\"Presseaussendung der Radlobby Amstetten: Umfrage zur aktiven Mobilit\u00e4t im Rahmen der Gemeinderatswahl 2025 - Radlobby Nieder\u00f6sterreich\" \/>\n<meta property=\"og:description\" content=\"Parteienbefragung zum Thema Radfahren Die Radlobby Amstetten hat die Parteien zu ihren Standpunkten zur Entwicklung der aktiven Mobilit\u00e4t im Raum Amstetten befragt. Hier gehts zum Download der Antworten im Original-Wortlaut: Hier klicken Welche Ideen haben die Amstettner Parteien, um das\" \/>\n<meta property=\"og:url\" content=\"https:\/\/www.radlobby.org\/noe\/pa_umfrage-grw-am2025\/\" \/>\n<meta property=\"og:site_name\" content=\"Radlobby Nieder\u00f6sterreich\" \/>\n<meta property=\"article:publisher\" content=\"https:\/\/www.facebook.com\/groups\/radfahren.in.noe\/\" \/>\n<meta property=\"article:published_time\" content=\"2025-01-13T20:55:03+00:00\" \/>\n<meta property=\"article:modified_time\" content=\"2025-01-13T21:25:58+00:00\" \/>\n<meta property=\"og:image\" content=\"https:\/\/www.radlobby.org\/noe\/wp-content\/uploads\/Deckblatt_Umfrage_GRW-AM2025.jpg\" \/>\n\t<meta property=\"og:image:width\" content=\"1033\" \/>\n\t<meta property=\"og:image:height\" content=\"1456\" \/>\n\t<meta property=\"og:image:type\" content=\"image\/jpeg\" \/>\n<meta name=\"author\" content=\"Patrick Haslinger\" \/>\n<meta name=\"twitter:card\" content=\"summary_large_image\" \/>\n<meta name=\"twitter:label1\" content=\"Verfasst von\" \/>\n\t<meta name=\"twitter:data1\" content=\"Patrick Haslinger\" \/>\n\t<meta name=\"twitter:label2\" content=\"Gesch\u00e4tzte Lesezeit\" \/>\n\t<meta name=\"twitter:data2\" content=\"3\u00a0Minuten\" \/>\n<script type=\"application\/ld+json\" class=\"yoast-schema-graph\">{\"@context\":\"https:\/\/schema.org\",\"@graph\":[{\"@type\":\"Article\",\"@id\":\"https:\/\/www.radlobby.org\/noe\/pa_umfrage-grw-am2025\/#article\",\"isPartOf\":{\"@id\":\"https:\/\/www.radlobby.org\/noe\/pa_umfrage-grw-am2025\/\"},\"author\":{\"name\":\"Patrick Haslinger\",\"@id\":\"https:\/\/www.radlobby.org\/noe\/#\/schema\/person\/afe0233b9fb4bb6eaceaa46c6751785c\"},\"headline\":\"Presseaussendung der Radlobby Amstetten: Umfrage zur aktiven Mobilit\u00e4t im Rahmen der Gemeinderatswahl 2025\",\"datePublished\":\"2025-01-13T20:55:03+00:00\",\"dateModified\":\"2025-01-13T21:25:58+00:00\",\"mainEntityOfPage\":{\"@id\":\"https:\/\/www.radlobby.org\/noe\/pa_umfrage-grw-am2025\/\"},\"wordCount\":423,\"publisher\":{\"@id\":\"https:\/\/www.radlobby.org\/noe\/#organization\"},\"image\":{\"@id\":\"https:\/\/www.radlobby.org\/noe\/pa_umfrage-grw-am2025\/#primaryimage\"},\"thumbnailUrl\":\"https:\/\/www.radlobby.org\/noe\/wp-content\/uploads\/Deckblatt_Umfrage_GRW-AM2025.jpg\",\"articleSection\":{\"1\":\"Presse &amp; Medien\",\"2\":\"Radlobby Amstetten\",\"3\":\"Radlobby Enns-Donauwinkel\",\"4\":\"Radlobby Nieder\u00f6sterreich\",\"5\":\"Radlobby Ybbstal\"},\"inLanguage\":\"de\"},{\"@type\":\"WebPage\",\"@id\":\"https:\/\/www.radlobby.org\/noe\/pa_umfrage-grw-am2025\/\",\"url\":\"https:\/\/www.radlobby.org\/noe\/pa_umfrage-grw-am2025\/\",\"name\":\"Presseaussendung der Radlobby Amstetten: Umfrage zur aktiven Mobilit\u00e4t im Rahmen der Gemeinderatswahl 2025 - Radlobby Nieder\u00f6sterreich\",\"isPartOf\":{\"@id\":\"https:\/\/www.radlobby.org\/noe\/#website\"},\"primaryImageOfPage\":{\"@id\":\"https:\/\/www.radlobby.org\/noe\/pa_umfrage-grw-am2025\/#primaryimage\"},\"image\":{\"@id\":\"https:\/\/www.radlobby.org\/noe\/pa_umfrage-grw-am2025\/#primaryimage\"},\"thumbnailUrl\":\"https:\/\/www.radlobby.org\/noe\/wp-content\/uploads\/Deckblatt_Umfrage_GRW-AM2025.jpg\",\"datePublished\":\"2025-01-13T20:55:03+00:00\",\"dateModified\":\"2025-01-13T21:25:58+00:00\",\"breadcrumb\":{\"@id\":\"https:\/\/www.radlobby.org\/noe\/pa_umfrage-grw-am2025\/#breadcrumb\"},\"inLanguage\":\"de\",\"potentialAction\":[{\"@type\":\"ReadAction\",\"target\":[\"https:\/\/www.radlobby.org\/noe\/pa_umfrage-grw-am2025\/\"]}]},{\"@type\":\"ImageObject\",\"inLanguage\":\"de\",\"@id\":\"https:\/\/www.radlobby.org\/noe\/pa_umfrage-grw-am2025\/#primaryimage\",\"url\":\"https:\/\/www.radlobby.org\/noe\/wp-content\/uploads\/Deckblatt_Umfrage_GRW-AM2025.jpg\",\"contentUrl\":\"https:\/\/www.radlobby.org\/noe\/wp-content\/uploads\/Deckblatt_Umfrage_GRW-AM2025.jpg\",\"width\":1033,\"height\":1456},{\"@type\":\"BreadcrumbList\",\"@id\":\"https:\/\/www.radlobby.org\/noe\/pa_umfrage-grw-am2025\/#breadcrumb\",\"itemListElement\":[{\"@type\":\"ListItem\",\"position\":1,\"name\":\"Startseite\",\"item\":\"https:\/\/www.radlobby.org\/noe\/\"},{\"@type\":\"ListItem\",\"position\":2,\"name\":\"Presseaussendung der Radlobby Amstetten: Umfrage zur aktiven Mobilit\u00e4t im Rahmen der Gemeinderatswahl 2025\"}]},{\"@type\":\"WebSite\",\"@id\":\"https:\/\/www.radlobby.org\/noe\/#website\",\"url\":\"https:\/\/www.radlobby.org\/noe\/\",\"name\":\"Radlobby Nieder\u00f6sterreich\",\"description\":\"Radverkehr, Fahrrad, Radfahren, Radreisen, Radtouren, Radweg\",\"publisher\":{\"@id\":\"https:\/\/www.radlobby.org\/noe\/#organization\"},\"potentialAction\":[{\"@type\":\"SearchAction\",\"target\":{\"@type\":\"EntryPoint\",\"urlTemplate\":\"https:\/\/www.radlobby.org\/noe\/?s={search_term_string}\"},\"query-input\":{\"@type\":\"PropertyValueSpecification\",\"valueRequired\":true,\"valueName\":\"search_term_string\"}}],\"inLanguage\":\"de\"},{\"@type\":\"Organization\",\"@id\":\"https:\/\/www.radlobby.org\/noe\/#organization\",\"name\":\"Radlobby Nieder\u00f6sterreich\",\"url\":\"https:\/\/www.radlobby.org\/noe\/\",\"logo\":{\"@type\":\"ImageObject\",\"inLanguage\":\"de\",\"@id\":\"https:\/\/www.radlobby.org\/noe\/#\/schema\/logo\/image\/\",\"url\":\"https:\/\/www.radlobby.org\/noe\/wp-content\/uploads\/2017\/01\/cropped-Logo_Radlobby_Niederoesterreich_50-400px_quer-1.jpg\",\"contentUrl\":\"https:\/\/www.radlobby.org\/noe\/wp-content\/uploads\/2017\/01\/cropped-Logo_Radlobby_Niederoesterreich_50-400px_quer-1.jpg\",\"width\":450,\"height\":124,\"caption\":\"Radlobby Nieder\u00f6sterreich\"},\"image\":{\"@id\":\"https:\/\/www.radlobby.org\/noe\/#\/schema\/logo\/image\/\"},\"sameAs\":[\"https:\/\/www.facebook.com\/groups\/radfahren.in.noe\/\"]},{\"@type\":\"Person\",\"@id\":\"https:\/\/www.radlobby.org\/noe\/#\/schema\/person\/afe0233b9fb4bb6eaceaa46c6751785c\",\"name\":\"Patrick Haslinger\",\"image\":{\"@type\":\"ImageObject\",\"inLanguage\":\"de\",\"@id\":\"https:\/\/www.radlobby.org\/noe\/#\/schema\/person\/image\/\",\"url\":\"https:\/\/secure.gravatar.com\/avatar\/e4e98524259135452c397dd1b66d0b10e5e5e96b0b2426c95f00c17c53897790?s=96&d=mm&r=g\",\"contentUrl\":\"https:\/\/secure.gravatar.com\/avatar\/e4e98524259135452c397dd1b66d0b10e5e5e96b0b2426c95f00c17c53897790?s=96&d=mm&r=g\",\"caption\":\"Patrick Haslinger\"},\"url\":\"https:\/\/www.radlobby.org\/noe\/author\/patrick-haslinger\/\"}]}<\/script>\n<!-- \/ Yoast SEO plugin. -->","yoast_head_json":{"title":"Presseaussendung der Radlobby Amstetten: Umfrage zur aktiven Mobilit\u00e4t im Rahmen der Gemeinderatswahl 2025 - Radlobby Nieder\u00f6sterreich","robots":{"index":"index","follow":"follow","max-snippet":"max-snippet:-1","max-image-preview":"max-image-preview:large","max-video-preview":"max-video-preview:-1"},"canonical":"https:\/\/www.radlobby.org\/noe\/pa_umfrage-grw-am2025\/","og_locale":"de_DE","og_type":"article","og_title":"Presseaussendung der Radlobby Amstetten: Umfrage zur aktiven Mobilit\u00e4t im Rahmen der Gemeinderatswahl 2025 - Radlobby Nieder\u00f6sterreich","og_description":"Parteienbefragung zum Thema Radfahren Die Radlobby Amstetten hat die Parteien zu ihren Standpunkten zur Entwicklung der aktiven Mobilit\u00e4t im Raum Amstetten befragt. Hier gehts zum Download der Antworten im Original-Wortlaut: Hier klicken Welche Ideen haben die Amstettner Parteien, um das","og_url":"https:\/\/www.radlobby.org\/noe\/pa_umfrage-grw-am2025\/","og_site_name":"Radlobby Nieder\u00f6sterreich","article_publisher":"https:\/\/www.facebook.com\/groups\/radfahren.in.noe\/","article_published_time":"2025-01-13T20:55:03+00:00","article_modified_time":"2025-01-13T21:25:58+00:00","og_image":[{"width":1033,"height":1456,"url":"https:\/\/www.radlobby.org\/noe\/wp-content\/uploads\/Deckblatt_Umfrage_GRW-AM2025.jpg","type":"image\/jpeg"}],"author":"Patrick Haslinger","twitter_card":"summary_large_image","twitter_misc":{"Verfasst von":"Patrick Haslinger","Gesch\u00e4tzte Lesezeit":"3\u00a0Minuten"},"schema":{"@context":"https:\/\/schema.org","@graph":[{"@type":"Article","@id":"https:\/\/www.radlobby.org\/noe\/pa_umfrage-grw-am2025\/#article","isPartOf":{"@id":"https:\/\/www.radlobby.org\/noe\/pa_umfrage-grw-am2025\/"},"author":{"name":"Patrick Haslinger","@id":"https:\/\/www.radlobby.org\/noe\/#\/schema\/person\/afe0233b9fb4bb6eaceaa46c6751785c"},"headline":"Presseaussendung der Radlobby Amstetten: Umfrage zur aktiven Mobilit\u00e4t im Rahmen der Gemeinderatswahl 2025","datePublished":"2025-01-13T20:55:03+00:00","dateModified":"2025-01-13T21:25:58+00:00","mainEntityOfPage":{"@id":"https:\/\/www.radlobby.org\/noe\/pa_umfrage-grw-am2025\/"},"wordCount":423,"publisher":{"@id":"https:\/\/www.radlobby.org\/noe\/#organization"},"image":{"@id":"https:\/\/www.radlobby.org\/noe\/pa_umfrage-grw-am2025\/#primaryimage"},"thumbnailUrl":"https:\/\/www.radlobby.org\/noe\/wp-content\/uploads\/Deckblatt_Umfrage_GRW-AM2025.jpg","articleSection":{"1":"Presse &amp; Medien","2":"Radlobby Amstetten","3":"Radlobby Enns-Donauwinkel","4":"Radlobby Nieder\u00f6sterreich","5":"Radlobby Ybbstal"},"inLanguage":"de"},{"@type":"WebPage","@id":"https:\/\/www.radlobby.org\/noe\/pa_umfrage-grw-am2025\/","url":"https:\/\/www.radlobby.org\/noe\/pa_umfrage-grw-am2025\/","name":"Presseaussendung der Radlobby Amstetten: Umfrage zur aktiven Mobilit\u00e4t im Rahmen der Gemeinderatswahl 2025 - Radlobby Nieder\u00f6sterreich","isPartOf":{"@id":"https:\/\/www.radlobby.org\/noe\/#website"},"primaryImageOfPage":{"@id":"https:\/\/www.radlobby.org\/noe\/pa_umfrage-grw-am2025\/#primaryimage"},"image":{"@id":"https:\/\/www.radlobby.org\/noe\/pa_umfrage-grw-am2025\/#primaryimage"},"thumbnailUrl":"https:\/\/www.radlobby.org\/noe\/wp-content\/uploads\/Deckblatt_Umfrage_GRW-AM2025.jpg","datePublished":"2025-01-13T20:55:03+00:00","dateModified":"2025-01-13T21:25:58+00:00","breadcrumb":{"@id":"https:\/\/www.radlobby.org\/noe\/pa_umfrage-grw-am2025\/#breadcrumb"},"inLanguage":"de","potentialAction":[{"@type":"ReadAction","target":["https:\/\/www.radlobby.org\/noe\/pa_umfrage-grw-am2025\/"]}]},{"@type":"ImageObject","inLanguage":"de","@id":"https:\/\/www.radlobby.org\/noe\/pa_umfrage-grw-am2025\/#primaryimage","url":"https:\/\/www.radlobby.org\/noe\/wp-content\/uploads\/Deckblatt_Umfrage_GRW-AM2025.jpg","contentUrl":"https:\/\/www.radlobby.org\/noe\/wp-content\/uploads\/Deckblatt_Umfrage_GRW-AM2025.jpg","width":1033,"height":1456},{"@type":"BreadcrumbList","@id":"https:\/\/www.radlobby.org\/noe\/pa_umfrage-grw-am2025\/#breadcrumb","itemListElement":[{"@type":"ListItem","position":1,"name":"Startseite","item":"https:\/\/www.radlobby.org\/noe\/"},{"@type":"ListItem","position":2,"name":"Presseaussendung der Radlobby Amstetten: Umfrage zur aktiven Mobilit\u00e4t im Rahmen der Gemeinderatswahl 2025"}]},{"@type":"WebSite","@id":"https:\/\/www.radlobby.org\/noe\/#website","url":"https:\/\/www.radlobby.org\/noe\/","name":"Radlobby Nieder\u00f6sterreich","description":"Radverkehr, Fahrrad, Radfahren, Radreisen, Radtouren, Radweg","publisher":{"@id":"https:\/\/www.radlobby.org\/noe\/#organization"},"potentialAction":[{"@type":"SearchAction","target":{"@type":"EntryPoint","urlTemplate":"https:\/\/www.radlobby.org\/noe\/?s={search_term_string}"},"query-input":{"@type":"PropertyValueSpecification","valueRequired":true,"valueName":"search_term_string"}}],"inLanguage":"de"},{"@type":"Organization","@id":"https:\/\/www.radlobby.org\/noe\/#organization","name":"Radlobby Nieder\u00f6sterreich","url":"https:\/\/www.radlobby.org\/noe\/","logo":{"@type":"ImageObject","inLanguage":"de","@id":"https:\/\/www.radlobby.org\/noe\/#\/schema\/logo\/image\/","url":"https:\/\/www.radlobby.org\/noe\/wp-content\/uploads\/2017\/01\/cropped-Logo_Radlobby_Niederoesterreich_50-400px_quer-1.jpg","contentUrl":"https:\/\/www.radlobby.org\/noe\/wp-content\/uploads\/2017\/01\/cropped-Logo_Radlobby_Niederoesterreich_50-400px_quer-1.jpg","width":450,"height":124,"caption":"Radlobby Nieder\u00f6sterreich"},"image":{"@id":"https:\/\/www.radlobby.org\/noe\/#\/schema\/logo\/image\/"},"sameAs":["https:\/\/www.facebook.com\/groups\/radfahren.in.noe\/"]},{"@type":"Person","@id":"https:\/\/www.radlobby.org\/noe\/#\/schema\/person\/afe0233b9fb4bb6eaceaa46c6751785c","name":"Patrick Haslinger","image":{"@type":"ImageObject","inLanguage":"de","@id":"https:\/\/www.radlobby.org\/noe\/#\/schema\/person\/image\/","url":"https:\/\/secure.gravatar.com\/avatar\/e4e98524259135452c397dd1b66d0b10e5e5e96b0b2426c95f00c17c53897790?s=96&d=mm&r=g","contentUrl":"https:\/\/secure.gravatar.com\/avatar\/e4e98524259135452c397dd1b66d0b10e5e5e96b0b2426c95f00c17c53897790?s=96&d=mm&r=g","caption":"Patrick Haslinger"},"url":"https:\/\/www.radlobby.org\/noe\/author\/patrick-haslinger\/"}]}},"_links":{"self":[{"href":"https:\/\/www.radlobby.org\/noe\/wp-json\/wp\/v2\/posts\/37792","targetHints":{"allow":["GET"]}}],"collection":[{"href":"https:\/\/www.radlobby.org\/noe\/wp-json\/wp\/v2\/posts"}],"about":[{"href":"https:\/\/www.radlobby.org\/noe\/wp-json\/wp\/v2\/types\/post"}],"author":[{"embeddable":true,"href":"https:\/\/www.radlobby.org\/noe\/wp-json\/wp\/v2\/users\/85"}],"replies":[{"embeddable":true,"href":"https:\/\/www.radlobby.org\/noe\/wp-json\/wp\/v2\/comments?post=37792"}],"version-history":[{"count":7,"href":"https:\/\/www.radlobby.org\/noe\/wp-json\/wp\/v2\/posts\/37792\/revisions"}],"predecessor-version":[{"id":37801,"href":"https:\/\/www.radlobby.org\/noe\/wp-json\/wp\/v2\/posts\/37792\/revisions\/37801"}],"wp:featuredmedia":[{"embeddable":true,"href":"https:\/\/www.radlobby.org\/noe\/wp-json\/wp\/v2\/media\/37795"}],"wp:attachment":[{"href":"https:\/\/www.radlobby.org\/noe\/wp-json\/wp\/v2\/media?parent=37792"}],"wp:term":[{"taxonomy":"category","embeddable":true,"href":"https:\/\/www.radlobby.org\/noe\/wp-json\/wp\/v2\/categories?post=37792"},{"taxonomy":"post_tag","embeddable":true,"href":"https:\/\/www.radlobby.org\/noe\/wp-json\/wp\/v2\/tags?post=37792"}],"curies":[{"name":"wp","href":"https:\/\/api.w.org\/{rel}","templated":true}]}}