{"id":37657,"date":"2025-01-01T20:59:13","date_gmt":"2025-01-01T19:59:13","guid":{"rendered":"https:\/\/www.radlobby.org\/noe\/?p=37657"},"modified":"2025-01-01T21:08:12","modified_gmt":"2025-01-01T20:08:12","slug":"neujahrsradeln-melk-schoenbuehel-2025","status":"publish","type":"post","link":"https:\/\/www.radlobby.org\/noe\/neujahrsradeln-melk-schoenbuehel-2025\/","title":{"rendered":"Neujahrsradeln &#8211; Radfahren hat das ganze Jahr Saison!"},"content":{"rendered":"<p>Die Radlobby Melk hat am 1. J\u00e4nner die Radsaison 2025 er\u00f6ffnet und per Fahrradklingeln eingel\u00e4utet &#8211; diesmal gemeinsam mit dem Verein B\u00fcrger*innenKRAFTwerk Sch\u00f6nb\u00fchel-Aggsbach, der sich nicht nur die F\u00f6rderung einer nachhaltigen Energieversorgung, sondern ebenso einer nachhaltigen und klimafreundlichen Mobilit\u00e4t zum Ziel setzt. \u201eKlimafreundliche Mobilit\u00e4t macht l\u00e4ngst nicht mehr an den Gemeindegrenzen Halt. Seit immer mehr Menschen Elektro-Fahrr\u00e4der nutzen, geh\u00f6ren erneuerbare Energie und aktive Mobilit\u00e4t per Fahrrad untrennbar zusammen\u201c, so Christian H\u00f6ller von der Radlobby Melk. \u201eRadfahren und nachhaltige, erneuerbare Energie bilden eine nat\u00fcrliche Allianz hin zu eine klimavertr\u00e4glichen Welt\u201c, erg\u00e4nzt Erich Lagler vom Verein B\u00fcrger*innenKRAFTwerk Sch\u00f6nb\u00fchel-Aggsbach.<\/p>\n<p>So fand sich eine bunte und muntere Schar von Radfahrerinnen und Radfahren auf der Aussichtsplattform bei der Melker Hubbr\u00fccke ein und radelte \u2013 bei sonnigem Wetter \u2013 gem\u00fctlich nach Sch\u00f6nb\u00fchel, wo sie auf die Radlerinnen und Radler des Verein B\u00fcrger*innenKRAFTwerk Sch\u00f6nb\u00fchel-Aggsbach trafen. Gemeinsam stie\u00dfen sie auf eine gute Radfahrsaison 2025 an, und radelten danach gemeinsam nach Melk, getreu dem Motto: Radfahren verbindet \u2013 und hat immer Saison!<\/p>\n<p>\u201eMit dem gemeinsamen Radeln zum Jahresbeginn rufen wir in Erinnerung, dass das Fahrrad f\u00fcr die meist kurzen Alltagswege das ganze Jahr \u00fcber das perfekte Verkehrsmittel ist\u201c, kommentiert Erich Lagler vom Verein B\u00fcrger*innenKRAFTwerk Sch\u00f6nb\u00fchel-Aggsbach die vergn\u00fcgliche Ausfahrt. \u201eDie f\u00fcnf Kilometer zwischen Melk und Sch\u00f6nb\u00fchel sind eine ideale Fahrrad-Distanz und der gut ausgebaute Donauradweg eine perfekte Radschnellverbindung zwischen den beiden Gemeinden\u201c, erg\u00e4nzt Christian H\u00f6ller von der Radlobby Melk. Eine Fortsetzung der Gemeindegrenzen \u00fcberschreitenden Zusammenarbeit ist geplant.<\/p>\n<p>Es gibt keine w\u00fcrdigere Art, den Silvester-Kater zu vertreiben und ein neues Jahr voll Zuversicht und motiviert zu beginnen, als gemeinsam in die Pedale zu treten, waren sich die Teilnehmerinnen und Teilnehmer einig.<\/p>\n<p><a href=\"https:\/\/www.radlobby.org\/noe\/wp-content\/uploads\/20250101_150425-scaled.jpg\" data-src=\"https:\/\/www.radlobby.org\/noe\/wp-content\/uploads\/20250101_150425-scaled.jpg\" data-thumb=\"https:\/\/www.radlobby.org\/noe\/wp-content\/uploads\/20250101_150425-300x225.jpg\" class=\"ml-lightbox-enabled\"><img loading=\"lazy\" decoding=\"async\" class=\"alignnone wp-image-37658 \" src=\"https:\/\/www.radlobby.org\/noe\/wp-content\/uploads\/20250101_150425-300x225.jpg\" alt=\"\" width=\"275\" height=\"206\" srcset=\"https:\/\/www.radlobby.org\/noe\/wp-content\/uploads\/20250101_150425-300x225.jpg 300w, https:\/\/www.radlobby.org\/noe\/wp-content\/uploads\/20250101_150425-768x576.jpg 768w, https:\/\/www.radlobby.org\/noe\/wp-content\/uploads\/20250101_150425-1536x1152.jpg 1536w, https:\/\/www.radlobby.org\/noe\/wp-content\/uploads\/20250101_150425-2048x1536.jpg 2048w\" sizes=\"auto, (max-width: 275px) 100vw, 275px\" \/><\/a><\/p>\n","protected":false},"excerpt":{"rendered":"<p>Die Radlobby Melk hat am 1. J\u00e4nner die Radsaison 2025 er\u00f6ffnet und per Fahrradklingeln eingel\u00e4utet &#8211; diesmal gemeinsam mit dem Verein B\u00fcrger*innenKRAFTwerk Sch\u00f6nb\u00fchel-Aggsbach, der sich nicht nur die F\u00f6rderung einer nachhaltigen Energieversorgung, sondern ebenso einer nachhaltigen und klimafreundlichen Mobilit\u00e4t zum<\/p>\n","protected":false},"author":10,"featured_media":37659,"comment_status":"closed","ping_status":"closed","sticky":false,"template":"","format":"standard","meta":{"footnotes":""},"categories":[9,20],"tags":[26],"class_list":["post-37657","post","type-post","status-publish","format-standard","has-post-thumbnail","hentry","category-melk","category-niederoesterreich","tag-aktionen"],"yoast_head":"<!-- This site is optimized with the Yoast SEO plugin v26.9 - https:\/\/yoast.com\/product\/yoast-seo-wordpress\/ -->\n<title>Neujahrsradeln - Radfahren hat das ganze Jahr Saison! - Radlobby Nieder\u00f6sterreich<\/title>\n<meta name=\"robots\" content=\"index, follow, max-snippet:-1, max-image-preview:large, max-video-preview:-1\" \/>\n<link rel=\"canonical\" href=\"https:\/\/www.radlobby.org\/noe\/neujahrsradeln-melk-schoenbuehel-2025\/\" \/>\n<meta property=\"og:locale\" content=\"de_DE\" \/>\n<meta property=\"og:type\" content=\"article\" \/>\n<meta property=\"og:title\" content=\"Neujahrsradeln - Radfahren hat das ganze Jahr Saison! - Radlobby Nieder\u00f6sterreich\" \/>\n<meta property=\"og:description\" content=\"Die Radlobby Melk hat am 1. J\u00e4nner die Radsaison 2025 er\u00f6ffnet und per Fahrradklingeln eingel\u00e4utet &#8211; diesmal gemeinsam mit dem Verein B\u00fcrger*innenKRAFTwerk Sch\u00f6nb\u00fchel-Aggsbach, der sich nicht nur die F\u00f6rderung einer nachhaltigen Energieversorgung, sondern ebenso einer nachhaltigen und klimafreundlichen Mobilit\u00e4t zum\" \/>\n<meta property=\"og:url\" content=\"https:\/\/www.radlobby.org\/noe\/neujahrsradeln-melk-schoenbuehel-2025\/\" \/>\n<meta property=\"og:site_name\" content=\"Radlobby Nieder\u00f6sterreich\" \/>\n<meta property=\"article:publisher\" content=\"https:\/\/www.facebook.com\/groups\/radfahren.in.noe\/\" \/>\n<meta property=\"article:published_time\" content=\"2025-01-01T19:59:13+00:00\" \/>\n<meta property=\"article:modified_time\" content=\"2025-01-01T20:08:12+00:00\" \/>\n<meta property=\"og:image\" content=\"https:\/\/www.radlobby.org\/noe\/wp-content\/uploads\/image5.jpeg\" \/>\n\t<meta property=\"og:image:width\" content=\"1600\" \/>\n\t<meta property=\"og:image:height\" content=\"900\" \/>\n\t<meta property=\"og:image:type\" content=\"image\/jpeg\" \/>\n<meta name=\"author\" content=\"Christian H\u00f6ller\" \/>\n<meta name=\"twitter:card\" content=\"summary_large_image\" \/>\n<meta name=\"twitter:label1\" content=\"Verfasst von\" \/>\n\t<meta name=\"twitter:data1\" content=\"Christian H\u00f6ller\" \/>\n\t<meta name=\"twitter:label2\" content=\"Gesch\u00e4tzte Lesezeit\" \/>\n\t<meta name=\"twitter:data2\" content=\"2\u00a0Minuten\" \/>\n<script type=\"application\/ld+json\" class=\"yoast-schema-graph\">{\"@context\":\"https:\/\/schema.org\",\"@graph\":[{\"@type\":\"Article\",\"@id\":\"https:\/\/www.radlobby.org\/noe\/neujahrsradeln-melk-schoenbuehel-2025\/#article\",\"isPartOf\":{\"@id\":\"https:\/\/www.radlobby.org\/noe\/neujahrsradeln-melk-schoenbuehel-2025\/\"},\"author\":{\"name\":\"Christian H\u00f6ller\",\"@id\":\"https:\/\/www.radlobby.org\/noe\/#\/schema\/person\/9edd0d27788b22085d15e9b4dad58751\"},\"headline\":\"Neujahrsradeln &#8211; Radfahren hat das ganze Jahr Saison!\",\"datePublished\":\"2025-01-01T19:59:13+00:00\",\"dateModified\":\"2025-01-01T20:08:12+00:00\",\"mainEntityOfPage\":{\"@id\":\"https:\/\/www.radlobby.org\/noe\/neujahrsradeln-melk-schoenbuehel-2025\/\"},\"wordCount\":315,\"publisher\":{\"@id\":\"https:\/\/www.radlobby.org\/noe\/#organization\"},\"image\":{\"@id\":\"https:\/\/www.radlobby.org\/noe\/neujahrsradeln-melk-schoenbuehel-2025\/#primaryimage\"},\"thumbnailUrl\":\"https:\/\/www.radlobby.org\/noe\/wp-content\/uploads\/image5.jpeg\",\"keywords\":[\"Aktionen\"],\"articleSection\":[\"Radlobby Melk\",\"Radlobby Nieder\u00f6sterreich\"],\"inLanguage\":\"de\"},{\"@type\":\"WebPage\",\"@id\":\"https:\/\/www.radlobby.org\/noe\/neujahrsradeln-melk-schoenbuehel-2025\/\",\"url\":\"https:\/\/www.radlobby.org\/noe\/neujahrsradeln-melk-schoenbuehel-2025\/\",\"name\":\"Neujahrsradeln - Radfahren hat das ganze Jahr Saison! - Radlobby Nieder\u00f6sterreich\",\"isPartOf\":{\"@id\":\"https:\/\/www.radlobby.org\/noe\/#website\"},\"primaryImageOfPage\":{\"@id\":\"https:\/\/www.radlobby.org\/noe\/neujahrsradeln-melk-schoenbuehel-2025\/#primaryimage\"},\"image\":{\"@id\":\"https:\/\/www.radlobby.org\/noe\/neujahrsradeln-melk-schoenbuehel-2025\/#primaryimage\"},\"thumbnailUrl\":\"https:\/\/www.radlobby.org\/noe\/wp-content\/uploads\/image5.jpeg\",\"datePublished\":\"2025-01-01T19:59:13+00:00\",\"dateModified\":\"2025-01-01T20:08:12+00:00\",\"breadcrumb\":{\"@id\":\"https:\/\/www.radlobby.org\/noe\/neujahrsradeln-melk-schoenbuehel-2025\/#breadcrumb\"},\"inLanguage\":\"de\",\"potentialAction\":[{\"@type\":\"ReadAction\",\"target\":[\"https:\/\/www.radlobby.org\/noe\/neujahrsradeln-melk-schoenbuehel-2025\/\"]}]},{\"@type\":\"ImageObject\",\"inLanguage\":\"de\",\"@id\":\"https:\/\/www.radlobby.org\/noe\/neujahrsradeln-melk-schoenbuehel-2025\/#primaryimage\",\"url\":\"https:\/\/www.radlobby.org\/noe\/wp-content\/uploads\/image5.jpeg\",\"contentUrl\":\"https:\/\/www.radlobby.org\/noe\/wp-content\/uploads\/image5.jpeg\",\"width\":1600,\"height\":900},{\"@type\":\"BreadcrumbList\",\"@id\":\"https:\/\/www.radlobby.org\/noe\/neujahrsradeln-melk-schoenbuehel-2025\/#breadcrumb\",\"itemListElement\":[{\"@type\":\"ListItem\",\"position\":1,\"name\":\"Startseite\",\"item\":\"https:\/\/www.radlobby.org\/noe\/\"},{\"@type\":\"ListItem\",\"position\":2,\"name\":\"Neujahrsradeln &#8211; Radfahren hat das ganze Jahr Saison!\"}]},{\"@type\":\"WebSite\",\"@id\":\"https:\/\/www.radlobby.org\/noe\/#website\",\"url\":\"https:\/\/www.radlobby.org\/noe\/\",\"name\":\"Radlobby Nieder\u00f6sterreich\",\"description\":\"Radverkehr, Fahrrad, Radfahren, Radreisen, Radtouren, Radweg\",\"publisher\":{\"@id\":\"https:\/\/www.radlobby.org\/noe\/#organization\"},\"potentialAction\":[{\"@type\":\"SearchAction\",\"target\":{\"@type\":\"EntryPoint\",\"urlTemplate\":\"https:\/\/www.radlobby.org\/noe\/?s={search_term_string}\"},\"query-input\":{\"@type\":\"PropertyValueSpecification\",\"valueRequired\":true,\"valueName\":\"search_term_string\"}}],\"inLanguage\":\"de\"},{\"@type\":\"Organization\",\"@id\":\"https:\/\/www.radlobby.org\/noe\/#organization\",\"name\":\"Radlobby Nieder\u00f6sterreich\",\"url\":\"https:\/\/www.radlobby.org\/noe\/\",\"logo\":{\"@type\":\"ImageObject\",\"inLanguage\":\"de\",\"@id\":\"https:\/\/www.radlobby.org\/noe\/#\/schema\/logo\/image\/\",\"url\":\"https:\/\/www.radlobby.org\/noe\/wp-content\/uploads\/2017\/01\/cropped-Logo_Radlobby_Niederoesterreich_50-400px_quer-1.jpg\",\"contentUrl\":\"https:\/\/www.radlobby.org\/noe\/wp-content\/uploads\/2017\/01\/cropped-Logo_Radlobby_Niederoesterreich_50-400px_quer-1.jpg\",\"width\":450,\"height\":124,\"caption\":\"Radlobby Nieder\u00f6sterreich\"},\"image\":{\"@id\":\"https:\/\/www.radlobby.org\/noe\/#\/schema\/logo\/image\/\"},\"sameAs\":[\"https:\/\/www.facebook.com\/groups\/radfahren.in.noe\/\"]},{\"@type\":\"Person\",\"@id\":\"https:\/\/www.radlobby.org\/noe\/#\/schema\/person\/9edd0d27788b22085d15e9b4dad58751\",\"name\":\"Christian H\u00f6ller\",\"image\":{\"@type\":\"ImageObject\",\"inLanguage\":\"de\",\"@id\":\"https:\/\/www.radlobby.org\/noe\/#\/schema\/person\/image\/\",\"url\":\"https:\/\/secure.gravatar.com\/avatar\/7d22484a7ff001a2124b9145038af080348d51ac7e445cb4831a25cbdc57e0b9?s=96&d=mm&r=g\",\"contentUrl\":\"https:\/\/secure.gravatar.com\/avatar\/7d22484a7ff001a2124b9145038af080348d51ac7e445cb4831a25cbdc57e0b9?s=96&d=mm&r=g\",\"caption\":\"Christian H\u00f6ller\"},\"url\":\"https:\/\/www.radlobby.org\/noe\/author\/christianhoeller\/\"}]}<\/script>\n<!-- \/ Yoast SEO plugin. -->","yoast_head_json":{"title":"Neujahrsradeln - Radfahren hat das ganze Jahr Saison! - Radlobby Nieder\u00f6sterreich","robots":{"index":"index","follow":"follow","max-snippet":"max-snippet:-1","max-image-preview":"max-image-preview:large","max-video-preview":"max-video-preview:-1"},"canonical":"https:\/\/www.radlobby.org\/noe\/neujahrsradeln-melk-schoenbuehel-2025\/","og_locale":"de_DE","og_type":"article","og_title":"Neujahrsradeln - Radfahren hat das ganze Jahr Saison! - Radlobby Nieder\u00f6sterreich","og_description":"Die Radlobby Melk hat am 1. J\u00e4nner die Radsaison 2025 er\u00f6ffnet und per Fahrradklingeln eingel\u00e4utet &#8211; diesmal gemeinsam mit dem Verein B\u00fcrger*innenKRAFTwerk Sch\u00f6nb\u00fchel-Aggsbach, der sich nicht nur die F\u00f6rderung einer nachhaltigen Energieversorgung, sondern ebenso einer nachhaltigen und klimafreundlichen Mobilit\u00e4t zum","og_url":"https:\/\/www.radlobby.org\/noe\/neujahrsradeln-melk-schoenbuehel-2025\/","og_site_name":"Radlobby Nieder\u00f6sterreich","article_publisher":"https:\/\/www.facebook.com\/groups\/radfahren.in.noe\/","article_published_time":"2025-01-01T19:59:13+00:00","article_modified_time":"2025-01-01T20:08:12+00:00","og_image":[{"width":1600,"height":900,"url":"https:\/\/www.radlobby.org\/noe\/wp-content\/uploads\/image5.jpeg","type":"image\/jpeg"}],"author":"Christian H\u00f6ller","twitter_card":"summary_large_image","twitter_misc":{"Verfasst von":"Christian H\u00f6ller","Gesch\u00e4tzte Lesezeit":"2\u00a0Minuten"},"schema":{"@context":"https:\/\/schema.org","@graph":[{"@type":"Article","@id":"https:\/\/www.radlobby.org\/noe\/neujahrsradeln-melk-schoenbuehel-2025\/#article","isPartOf":{"@id":"https:\/\/www.radlobby.org\/noe\/neujahrsradeln-melk-schoenbuehel-2025\/"},"author":{"name":"Christian H\u00f6ller","@id":"https:\/\/www.radlobby.org\/noe\/#\/schema\/person\/9edd0d27788b22085d15e9b4dad58751"},"headline":"Neujahrsradeln &#8211; Radfahren hat das ganze Jahr Saison!","datePublished":"2025-01-01T19:59:13+00:00","dateModified":"2025-01-01T20:08:12+00:00","mainEntityOfPage":{"@id":"https:\/\/www.radlobby.org\/noe\/neujahrsradeln-melk-schoenbuehel-2025\/"},"wordCount":315,"publisher":{"@id":"https:\/\/www.radlobby.org\/noe\/#organization"},"image":{"@id":"https:\/\/www.radlobby.org\/noe\/neujahrsradeln-melk-schoenbuehel-2025\/#primaryimage"},"thumbnailUrl":"https:\/\/www.radlobby.org\/noe\/wp-content\/uploads\/image5.jpeg","keywords":["Aktionen"],"articleSection":["Radlobby Melk","Radlobby Nieder\u00f6sterreich"],"inLanguage":"de"},{"@type":"WebPage","@id":"https:\/\/www.radlobby.org\/noe\/neujahrsradeln-melk-schoenbuehel-2025\/","url":"https:\/\/www.radlobby.org\/noe\/neujahrsradeln-melk-schoenbuehel-2025\/","name":"Neujahrsradeln - Radfahren hat das ganze Jahr Saison! - Radlobby Nieder\u00f6sterreich","isPartOf":{"@id":"https:\/\/www.radlobby.org\/noe\/#website"},"primaryImageOfPage":{"@id":"https:\/\/www.radlobby.org\/noe\/neujahrsradeln-melk-schoenbuehel-2025\/#primaryimage"},"image":{"@id":"https:\/\/www.radlobby.org\/noe\/neujahrsradeln-melk-schoenbuehel-2025\/#primaryimage"},"thumbnailUrl":"https:\/\/www.radlobby.org\/noe\/wp-content\/uploads\/image5.jpeg","datePublished":"2025-01-01T19:59:13+00:00","dateModified":"2025-01-01T20:08:12+00:00","breadcrumb":{"@id":"https:\/\/www.radlobby.org\/noe\/neujahrsradeln-melk-schoenbuehel-2025\/#breadcrumb"},"inLanguage":"de","potentialAction":[{"@type":"ReadAction","target":["https:\/\/www.radlobby.org\/noe\/neujahrsradeln-melk-schoenbuehel-2025\/"]}]},{"@type":"ImageObject","inLanguage":"de","@id":"https:\/\/www.radlobby.org\/noe\/neujahrsradeln-melk-schoenbuehel-2025\/#primaryimage","url":"https:\/\/www.radlobby.org\/noe\/wp-content\/uploads\/image5.jpeg","contentUrl":"https:\/\/www.radlobby.org\/noe\/wp-content\/uploads\/image5.jpeg","width":1600,"height":900},{"@type":"BreadcrumbList","@id":"https:\/\/www.radlobby.org\/noe\/neujahrsradeln-melk-schoenbuehel-2025\/#breadcrumb","itemListElement":[{"@type":"ListItem","position":1,"name":"Startseite","item":"https:\/\/www.radlobby.org\/noe\/"},{"@type":"ListItem","position":2,"name":"Neujahrsradeln &#8211; Radfahren hat das ganze Jahr Saison!"}]},{"@type":"WebSite","@id":"https:\/\/www.radlobby.org\/noe\/#website","url":"https:\/\/www.radlobby.org\/noe\/","name":"Radlobby Nieder\u00f6sterreich","description":"Radverkehr, Fahrrad, Radfahren, Radreisen, Radtouren, Radweg","publisher":{"@id":"https:\/\/www.radlobby.org\/noe\/#organization"},"potentialAction":[{"@type":"SearchAction","target":{"@type":"EntryPoint","urlTemplate":"https:\/\/www.radlobby.org\/noe\/?s={search_term_string}"},"query-input":{"@type":"PropertyValueSpecification","valueRequired":true,"valueName":"search_term_string"}}],"inLanguage":"de"},{"@type":"Organization","@id":"https:\/\/www.radlobby.org\/noe\/#organization","name":"Radlobby Nieder\u00f6sterreich","url":"https:\/\/www.radlobby.org\/noe\/","logo":{"@type":"ImageObject","inLanguage":"de","@id":"https:\/\/www.radlobby.org\/noe\/#\/schema\/logo\/image\/","url":"https:\/\/www.radlobby.org\/noe\/wp-content\/uploads\/2017\/01\/cropped-Logo_Radlobby_Niederoesterreich_50-400px_quer-1.jpg","contentUrl":"https:\/\/www.radlobby.org\/noe\/wp-content\/uploads\/2017\/01\/cropped-Logo_Radlobby_Niederoesterreich_50-400px_quer-1.jpg","width":450,"height":124,"caption":"Radlobby Nieder\u00f6sterreich"},"image":{"@id":"https:\/\/www.radlobby.org\/noe\/#\/schema\/logo\/image\/"},"sameAs":["https:\/\/www.facebook.com\/groups\/radfahren.in.noe\/"]},{"@type":"Person","@id":"https:\/\/www.radlobby.org\/noe\/#\/schema\/person\/9edd0d27788b22085d15e9b4dad58751","name":"Christian H\u00f6ller","image":{"@type":"ImageObject","inLanguage":"de","@id":"https:\/\/www.radlobby.org\/noe\/#\/schema\/person\/image\/","url":"https:\/\/secure.gravatar.com\/avatar\/7d22484a7ff001a2124b9145038af080348d51ac7e445cb4831a25cbdc57e0b9?s=96&d=mm&r=g","contentUrl":"https:\/\/secure.gravatar.com\/avatar\/7d22484a7ff001a2124b9145038af080348d51ac7e445cb4831a25cbdc57e0b9?s=96&d=mm&r=g","caption":"Christian H\u00f6ller"},"url":"https:\/\/www.radlobby.org\/noe\/author\/christianhoeller\/"}]}},"_links":{"self":[{"href":"https:\/\/www.radlobby.org\/noe\/wp-json\/wp\/v2\/posts\/37657","targetHints":{"allow":["GET"]}}],"collection":[{"href":"https:\/\/www.radlobby.org\/noe\/wp-json\/wp\/v2\/posts"}],"about":[{"href":"https:\/\/www.radlobby.org\/noe\/wp-json\/wp\/v2\/types\/post"}],"author":[{"embeddable":true,"href":"https:\/\/www.radlobby.org\/noe\/wp-json\/wp\/v2\/users\/10"}],"replies":[{"embeddable":true,"href":"https:\/\/www.radlobby.org\/noe\/wp-json\/wp\/v2\/comments?post=37657"}],"version-history":[{"count":5,"href":"https:\/\/www.radlobby.org\/noe\/wp-json\/wp\/v2\/posts\/37657\/revisions"}],"predecessor-version":[{"id":37664,"href":"https:\/\/www.radlobby.org\/noe\/wp-json\/wp\/v2\/posts\/37657\/revisions\/37664"}],"wp:featuredmedia":[{"embeddable":true,"href":"https:\/\/www.radlobby.org\/noe\/wp-json\/wp\/v2\/media\/37659"}],"wp:attachment":[{"href":"https:\/\/www.radlobby.org\/noe\/wp-json\/wp\/v2\/media?parent=37657"}],"wp:term":[{"taxonomy":"category","embeddable":true,"href":"https:\/\/www.radlobby.org\/noe\/wp-json\/wp\/v2\/categories?post=37657"},{"taxonomy":"post_tag","embeddable":true,"href":"https:\/\/www.radlobby.org\/noe\/wp-json\/wp\/v2\/tags?post=37657"}],"curies":[{"name":"wp","href":"https:\/\/api.w.org\/{rel}","templated":true}]}}