{"id":37641,"date":"2025-01-01T18:47:10","date_gmt":"2025-01-01T17:47:10","guid":{"rendered":"https:\/\/www.radlobby.org\/noe\/?p=37641"},"modified":"2025-12-11T10:20:45","modified_gmt":"2025-12-11T09:20:45","slug":"bad-fischau-neujahrsradeln-und-schwimmen-radlobby-wiener-neustadt","status":"publish","type":"post","link":"https:\/\/www.radlobby.org\/noe\/bad-fischau-neujahrsradeln-und-schwimmen-radlobby-wiener-neustadt\/","title":{"rendered":"Wiener Neustadt &#8211; Bad Fischau: Neujahrsradeln und -schwimmen"},"content":{"rendered":"<p><a href=\"https:\/\/www.radlobby.org\/noe\/wp-content\/uploads\/20250101_111051.jpg\" data-src=\"https:\/\/www.radlobby.org\/noe\/wp-content\/uploads\/20250101_111051.jpg\" data-thumb=\"https:\/\/www.radlobby.org\/noe\/wp-content\/uploads\/20250101_111051-300x169.jpg\" class=\"ml-lightbox-enabled\"><img loading=\"lazy\" decoding=\"async\" class=\"alignright wp-image-37643 size-medium\" src=\"https:\/\/www.radlobby.org\/noe\/wp-content\/uploads\/20250101_111051-300x169.jpg\" alt=\"\" width=\"300\" height=\"169\" srcset=\"https:\/\/www.radlobby.org\/noe\/wp-content\/uploads\/20250101_111051-300x169.jpg 300w, https:\/\/www.radlobby.org\/noe\/wp-content\/uploads\/20250101_111051-768x432.jpg 768w, https:\/\/www.radlobby.org\/noe\/wp-content\/uploads\/20250101_111051-1536x865.jpg 1536w, https:\/\/www.radlobby.org\/noe\/wp-content\/uploads\/20250101_111051.jpg 1920w\" sizes=\"auto, (max-width: 300px) 100vw, 300px\" \/><\/a>Der erste gemeinsame Radausflug der Radlobbygruppe Wiener Neustadt zur Er\u00f6ffnung der Radsaison 2026 startet schon am Vormittag des 1. J\u00e4nners! Ziel ist die <a href=\"https:\/\/www.fischauer-thermalbad.at\/\" target=\"_blank\" rel=\"noopener\">Kristalltherme Bad Fischau<\/a>, wo ab 11:00 das traditionelle &#8220;Neujahrsschwimmen&#8221; stattfindet (Plakat wird nachgereicht, sobald vorhanden)!<\/p>\r\n<p><strong>Abfahrt um 10:40 vom Bahnhofsvorplatz!<\/strong><\/p>\r\n<!-- \/wp:post-content -->\r\n\r\n<!-- wp:paragraph -->\r\n<p>Strecke ca. 6 km pro Richtung: <a href=\"https:\/\/www.komoot.com\/de-de\/invite-tour\/1960288374?code=cqchl2-jM6vwosC9l1nPvuUgOi761y4c8O1kmB1aGiuel-cwkA&amp;ref=&amp;share_token=aaTQzosbaXI5ftzeyKfIf2nfYi3ygn4Wo8FCuxNHjuOnBMziG7\" target=\"_blank\" rel=\"noopener\">Hauptbahnhof Wr.Neustadt &#8211; Zehnergasse &#8211; Roseggergasse &#8211; Radweg nach Bad Fischau<\/a>. <a href=\"https:\/\/www.radlobby.org\/noe\/wp-content\/uploads\/20250101_113019.jpg\" data-src=\"https:\/\/www.radlobby.org\/noe\/wp-content\/uploads\/20250101_113019.jpg\" data-thumb=\"https:\/\/www.radlobby.org\/noe\/wp-content\/uploads\/20250101_113019-300x161.jpg\" class=\"ml-lightbox-enabled\"><img loading=\"lazy\" decoding=\"async\" class=\"alignright wp-image-37647 size-medium\" src=\"https:\/\/www.radlobby.org\/noe\/wp-content\/uploads\/20250101_113019-300x161.jpg\" alt=\"\" width=\"300\" height=\"161\" srcset=\"https:\/\/www.radlobby.org\/noe\/wp-content\/uploads\/20250101_113019-300x161.jpg 300w, https:\/\/www.radlobby.org\/noe\/wp-content\/uploads\/20250101_113019-768x411.jpg 768w, https:\/\/www.radlobby.org\/noe\/wp-content\/uploads\/20250101_113019-1536x822.jpg 1536w, https:\/\/www.radlobby.org\/noe\/wp-content\/uploads\/20250101_113019.jpg 1920w\" sizes=\"auto, (max-width: 300px) 100vw, 300px\" \/><\/a>F\u00fcr <strong>Speis und Trank sorgt die Gemeinde Bad Fischau<\/strong>. Auf gro\u00dfen Schirmen wird das <strong>Neujahrskonzert der Wiener Philharmoniker<\/strong> \u00fcbertragen. <strong>Wer will, kann ins 18 Grad &#8220;warme&#8221; Wasser hupfen und sich anschlie\u00dfend in der Sauna aufw\u00e4rmen.<\/strong> <em>Bitte nehmt Badegewand, ein gro\u00dfes Handtuch und Badeschuhe mit!<\/em><\/p>\r\n<p>Anschlie\u00dfend ab 12:30 Aufw\u00e4rmen in der <a href=\"https:\/\/www.biohof-flechl.at\/Buschenschank\" target=\"_blank\" rel=\"noopener\">Buschenschank Flechl <\/a>(Wiener Neust\u00e4dterstra\u00dfe 5) und R\u00fcckfahrt &#8211; diese ist nat\u00fcrlich auch individuell abwandelbar und sogar mit den \u00d6BB m\u00f6glich! Bei sehr sch\u00f6nem Wetter besteht die M\u00f6glichkeit, \u00fcber die Weinberge und Winzendorf\/Weikersdorf zur\u00fcck zu fahren!<\/p>\r\n<p><strong><a href=\"https:\/\/www.radlobby.org\/noe\/wp-content\/uploads\/20250101_113031.jpg\" data-src=\"https:\/\/www.radlobby.org\/noe\/wp-content\/uploads\/20250101_113031.jpg\" data-thumb=\"https:\/\/www.radlobby.org\/noe\/wp-content\/uploads\/20250101_113031-300x169.jpg\" class=\"ml-lightbox-enabled\"><img loading=\"lazy\" decoding=\"async\" class=\"wp-image-37648 size-medium alignright\" src=\"https:\/\/www.radlobby.org\/noe\/wp-content\/uploads\/20250101_113031-300x169.jpg\" alt=\"\" width=\"300\" height=\"169\" srcset=\"https:\/\/www.radlobby.org\/noe\/wp-content\/uploads\/20250101_113031-300x169.jpg 300w, https:\/\/www.radlobby.org\/noe\/wp-content\/uploads\/20250101_113031-768x432.jpg 768w, https:\/\/www.radlobby.org\/noe\/wp-content\/uploads\/20250101_113031-1536x865.jpg 1536w, https:\/\/www.radlobby.org\/noe\/wp-content\/uploads\/20250101_113031.jpg 1920w\" sizes=\"auto, (max-width: 300px) 100vw, 300px\" \/><\/a>Anmeldung unter <a href=\"mailto:wn@radlobby.org\" target=\"_blank\" rel=\"noopener\">wn@radlobby.org<\/a> wegen eventuell kurzfristiger \u00c4nderungen empfohlen !<\/strong> \u00a0<\/p>\r\n<p>&nbsp;<\/p>\r\n<p>&nbsp;<\/p>\r\n<p><strong>BERICHT 2025:<\/strong> P\u00fcnktlich um 10:40 am Neujahrsmorgen 2025 starteten 18 Mitglieder der Radlobby-Ortsgruppen Wiener Neustadt und Bad V\u00f6slau vom Bahnhof in Wr.Neustadt. Am Radweg nahe Bad Fischau lichtete sich der Nebel allm\u00e4hlich und lie\u00df die Raureif-bedeckte Natur feierlich leuchten. Zuvor aber sammelten wir beim Rastplatz (J\u00e4gerkreuz) noch einen Sack M\u00fcllvom n\u00e4chtlichen B\u00f6llern und brachten ihn den Fischauern als &#8220;Gegengeschenk&#8221; <a href=\"https:\/\/www.radlobby.org\/noe\/wp-content\/uploads\/20250101_112631.jpg\" data-src=\"https:\/\/www.radlobby.org\/noe\/wp-content\/uploads\/20250101_112631.jpg\" data-thumb=\"https:\/\/www.radlobby.org\/noe\/wp-content\/uploads\/20250101_112631-300x169.jpg\" class=\"ml-lightbox-enabled\"><img loading=\"lazy\" decoding=\"async\" class=\"wp-image-37646 size-medium alignright\" src=\"https:\/\/www.radlobby.org\/noe\/wp-content\/uploads\/20250101_112631-300x169.jpg\" alt=\"\" width=\"300\" height=\"169\" srcset=\"https:\/\/www.radlobby.org\/noe\/wp-content\/uploads\/20250101_112631-300x169.jpg 300w, https:\/\/www.radlobby.org\/noe\/wp-content\/uploads\/20250101_112631-768x432.jpg 768w, https:\/\/www.radlobby.org\/noe\/wp-content\/uploads\/20250101_112631-1536x865.jpg 1536w, https:\/\/www.radlobby.org\/noe\/wp-content\/uploads\/20250101_112631.jpg 1920w\" sizes=\"auto, (max-width: 300px) 100vw, 300px\" \/><\/a>mit. Im Bad gab&#8217;s Sekt und Suppe gegenfreie Spenden, einige von uns badeten im bis zu 18\u00b0 warmen Wasser und w\u00e4rmten sich unter derDusche oder in der Sauna auf. <a href=\"https:\/\/www.radlobby.org\/noe\/wp-content\/uploads\/20250101_103930.jpg\" data-src=\"https:\/\/www.radlobby.org\/noe\/wp-content\/uploads\/20250101_103930.jpg\" data-thumb=\"https:\/\/www.radlobby.org\/noe\/wp-content\/uploads\/20250101_103930-300x159.jpg\" class=\"ml-lightbox-enabled\"><img loading=\"lazy\" decoding=\"async\" class=\"alignleft wp-image-37642 size-medium\" src=\"https:\/\/www.radlobby.org\/noe\/wp-content\/uploads\/20250101_103930-300x159.jpg\" alt=\"\" width=\"300\" height=\"159\" srcset=\"https:\/\/www.radlobby.org\/noe\/wp-content\/uploads\/20250101_103930-300x159.jpg 300w, https:\/\/www.radlobby.org\/noe\/wp-content\/uploads\/20250101_103930-768x408.jpg 768w, https:\/\/www.radlobby.org\/noe\/wp-content\/uploads\/20250101_103930-1536x815.jpg 1536w, https:\/\/www.radlobby.org\/noe\/wp-content\/uploads\/20250101_103930.jpg 1920w\" sizes=\"auto, (max-width: 300px) 100vw, 300px\" \/><\/a>Anschlie\u00dfend trafen wir uns noch beim Bio-Heurigen Flechl in Bad Fischau.<\/p>","protected":false},"excerpt":{"rendered":"<p>18 Radler:innen aus Wr.Neustadt, W\u00f6llersdorf und Bad V\u00f6slau radelten am Neujahrsmorgen vom Bahnhof in Wr.Neustadt nach Bad Fischau zum Neujahrsschwimmen&#8230;.<\/p>\n","protected":false},"author":55,"featured_media":37648,"comment_status":"closed","ping_status":"closed","sticky":false,"template":"","format":"standard","meta":{"footnotes":""},"categories":[547,20,7],"tags":[],"class_list":["post-37641","post","type-post","status-publish","format-standard","has-post-thumbnail","hentry","category-badvoeslau","category-niederoesterreich","category-wiener-neustadt"],"yoast_head":"<!-- This site is optimized with the Yoast SEO plugin v26.9 - https:\/\/yoast.com\/product\/yoast-seo-wordpress\/ -->\n<title>Wiener Neustadt - Bad Fischau: Neujahrsradeln und -schwimmen - Radlobby Nieder\u00f6sterreich<\/title>\n<meta name=\"robots\" content=\"index, follow, max-snippet:-1, max-image-preview:large, max-video-preview:-1\" \/>\n<link rel=\"canonical\" href=\"https:\/\/www.radlobby.org\/noe\/bad-fischau-neujahrsradeln-und-schwimmen-radlobby-wiener-neustadt\/\" \/>\n<meta property=\"og:locale\" content=\"de_DE\" \/>\n<meta property=\"og:type\" content=\"article\" \/>\n<meta property=\"og:title\" content=\"Wiener Neustadt - Bad Fischau: Neujahrsradeln und -schwimmen - Radlobby Nieder\u00f6sterreich\" \/>\n<meta property=\"og:description\" content=\"18 Radler:innen aus Wr.Neustadt, W\u00f6llersdorf und Bad V\u00f6slau radelten am Neujahrsmorgen vom Bahnhof in Wr.Neustadt nach Bad Fischau zum Neujahrsschwimmen....\" \/>\n<meta property=\"og:url\" content=\"https:\/\/www.radlobby.org\/noe\/bad-fischau-neujahrsradeln-und-schwimmen-radlobby-wiener-neustadt\/\" \/>\n<meta property=\"og:site_name\" content=\"Radlobby Nieder\u00f6sterreich\" \/>\n<meta property=\"article:publisher\" content=\"https:\/\/www.facebook.com\/groups\/radfahren.in.noe\/\" \/>\n<meta property=\"article:published_time\" content=\"2025-01-01T17:47:10+00:00\" \/>\n<meta property=\"article:modified_time\" content=\"2025-12-11T09:20:45+00:00\" \/>\n<meta property=\"og:image\" content=\"https:\/\/www.radlobby.org\/noe\/wp-content\/uploads\/20250101_113031.jpg\" \/>\n\t<meta property=\"og:image:width\" content=\"1920\" \/>\n\t<meta property=\"og:image:height\" content=\"1081\" \/>\n\t<meta property=\"og:image:type\" content=\"image\/jpeg\" \/>\n<meta name=\"author\" content=\"Gerold Petritsch\" \/>\n<meta name=\"twitter:card\" content=\"summary_large_image\" \/>\n<meta name=\"twitter:label1\" content=\"Verfasst von\" \/>\n\t<meta name=\"twitter:data1\" content=\"Gerold Petritsch\" \/>\n\t<meta name=\"twitter:label2\" content=\"Gesch\u00e4tzte Lesezeit\" \/>\n\t<meta name=\"twitter:data2\" content=\"3\u00a0Minuten\" \/>\n<script type=\"application\/ld+json\" class=\"yoast-schema-graph\">{\"@context\":\"https:\/\/schema.org\",\"@graph\":[{\"@type\":\"Article\",\"@id\":\"https:\/\/www.radlobby.org\/noe\/bad-fischau-neujahrsradeln-und-schwimmen-radlobby-wiener-neustadt\/#article\",\"isPartOf\":{\"@id\":\"https:\/\/www.radlobby.org\/noe\/bad-fischau-neujahrsradeln-und-schwimmen-radlobby-wiener-neustadt\/\"},\"author\":{\"name\":\"Gerold Petritsch\",\"@id\":\"https:\/\/www.radlobby.org\/noe\/#\/schema\/person\/6575d09b0e7b7970d5b81d0bab520c61\"},\"headline\":\"Wiener Neustadt &#8211; Bad Fischau: Neujahrsradeln und -schwimmen\",\"datePublished\":\"2025-01-01T17:47:10+00:00\",\"dateModified\":\"2025-12-11T09:20:45+00:00\",\"mainEntityOfPage\":{\"@id\":\"https:\/\/www.radlobby.org\/noe\/bad-fischau-neujahrsradeln-und-schwimmen-radlobby-wiener-neustadt\/\"},\"wordCount\":281,\"publisher\":{\"@id\":\"https:\/\/www.radlobby.org\/noe\/#organization\"},\"image\":{\"@id\":\"https:\/\/www.radlobby.org\/noe\/bad-fischau-neujahrsradeln-und-schwimmen-radlobby-wiener-neustadt\/#primaryimage\"},\"thumbnailUrl\":\"https:\/\/www.radlobby.org\/noe\/wp-content\/uploads\/20250101_113031.jpg\",\"articleSection\":[\"Radlobby Bad V\u00f6slau\",\"Radlobby Nieder\u00f6sterreich\",\"Radlobby Wiener Neustadt\"],\"inLanguage\":\"de\"},{\"@type\":\"WebPage\",\"@id\":\"https:\/\/www.radlobby.org\/noe\/bad-fischau-neujahrsradeln-und-schwimmen-radlobby-wiener-neustadt\/\",\"url\":\"https:\/\/www.radlobby.org\/noe\/bad-fischau-neujahrsradeln-und-schwimmen-radlobby-wiener-neustadt\/\",\"name\":\"Wiener Neustadt - Bad Fischau: Neujahrsradeln und -schwimmen - Radlobby Nieder\u00f6sterreich\",\"isPartOf\":{\"@id\":\"https:\/\/www.radlobby.org\/noe\/#website\"},\"primaryImageOfPage\":{\"@id\":\"https:\/\/www.radlobby.org\/noe\/bad-fischau-neujahrsradeln-und-schwimmen-radlobby-wiener-neustadt\/#primaryimage\"},\"image\":{\"@id\":\"https:\/\/www.radlobby.org\/noe\/bad-fischau-neujahrsradeln-und-schwimmen-radlobby-wiener-neustadt\/#primaryimage\"},\"thumbnailUrl\":\"https:\/\/www.radlobby.org\/noe\/wp-content\/uploads\/20250101_113031.jpg\",\"datePublished\":\"2025-01-01T17:47:10+00:00\",\"dateModified\":\"2025-12-11T09:20:45+00:00\",\"breadcrumb\":{\"@id\":\"https:\/\/www.radlobby.org\/noe\/bad-fischau-neujahrsradeln-und-schwimmen-radlobby-wiener-neustadt\/#breadcrumb\"},\"inLanguage\":\"de\",\"potentialAction\":[{\"@type\":\"ReadAction\",\"target\":[\"https:\/\/www.radlobby.org\/noe\/bad-fischau-neujahrsradeln-und-schwimmen-radlobby-wiener-neustadt\/\"]}]},{\"@type\":\"ImageObject\",\"inLanguage\":\"de\",\"@id\":\"https:\/\/www.radlobby.org\/noe\/bad-fischau-neujahrsradeln-und-schwimmen-radlobby-wiener-neustadt\/#primaryimage\",\"url\":\"https:\/\/www.radlobby.org\/noe\/wp-content\/uploads\/20250101_113031.jpg\",\"contentUrl\":\"https:\/\/www.radlobby.org\/noe\/wp-content\/uploads\/20250101_113031.jpg\",\"width\":1920,\"height\":1081},{\"@type\":\"BreadcrumbList\",\"@id\":\"https:\/\/www.radlobby.org\/noe\/bad-fischau-neujahrsradeln-und-schwimmen-radlobby-wiener-neustadt\/#breadcrumb\",\"itemListElement\":[{\"@type\":\"ListItem\",\"position\":1,\"name\":\"Startseite\",\"item\":\"https:\/\/www.radlobby.org\/noe\/\"},{\"@type\":\"ListItem\",\"position\":2,\"name\":\"Wiener Neustadt &#8211; Bad Fischau: Neujahrsradeln und -schwimmen\"}]},{\"@type\":\"WebSite\",\"@id\":\"https:\/\/www.radlobby.org\/noe\/#website\",\"url\":\"https:\/\/www.radlobby.org\/noe\/\",\"name\":\"Radlobby Nieder\u00f6sterreich\",\"description\":\"Radverkehr, Fahrrad, Radfahren, Radreisen, Radtouren, Radweg\",\"publisher\":{\"@id\":\"https:\/\/www.radlobby.org\/noe\/#organization\"},\"potentialAction\":[{\"@type\":\"SearchAction\",\"target\":{\"@type\":\"EntryPoint\",\"urlTemplate\":\"https:\/\/www.radlobby.org\/noe\/?s={search_term_string}\"},\"query-input\":{\"@type\":\"PropertyValueSpecification\",\"valueRequired\":true,\"valueName\":\"search_term_string\"}}],\"inLanguage\":\"de\"},{\"@type\":\"Organization\",\"@id\":\"https:\/\/www.radlobby.org\/noe\/#organization\",\"name\":\"Radlobby Nieder\u00f6sterreich\",\"url\":\"https:\/\/www.radlobby.org\/noe\/\",\"logo\":{\"@type\":\"ImageObject\",\"inLanguage\":\"de\",\"@id\":\"https:\/\/www.radlobby.org\/noe\/#\/schema\/logo\/image\/\",\"url\":\"https:\/\/www.radlobby.org\/noe\/wp-content\/uploads\/2017\/01\/cropped-Logo_Radlobby_Niederoesterreich_50-400px_quer-1.jpg\",\"contentUrl\":\"https:\/\/www.radlobby.org\/noe\/wp-content\/uploads\/2017\/01\/cropped-Logo_Radlobby_Niederoesterreich_50-400px_quer-1.jpg\",\"width\":450,\"height\":124,\"caption\":\"Radlobby Nieder\u00f6sterreich\"},\"image\":{\"@id\":\"https:\/\/www.radlobby.org\/noe\/#\/schema\/logo\/image\/\"},\"sameAs\":[\"https:\/\/www.facebook.com\/groups\/radfahren.in.noe\/\"]},{\"@type\":\"Person\",\"@id\":\"https:\/\/www.radlobby.org\/noe\/#\/schema\/person\/6575d09b0e7b7970d5b81d0bab520c61\",\"name\":\"Gerold Petritsch\",\"image\":{\"@type\":\"ImageObject\",\"inLanguage\":\"de\",\"@id\":\"https:\/\/www.radlobby.org\/noe\/#\/schema\/person\/image\/\",\"url\":\"https:\/\/secure.gravatar.com\/avatar\/9dc36f4c91f9894712dd7fdc25d6d6bc3448cf31a66187da4b2a4081af93013d?s=96&d=mm&r=g\",\"contentUrl\":\"https:\/\/secure.gravatar.com\/avatar\/9dc36f4c91f9894712dd7fdc25d6d6bc3448cf31a66187da4b2a4081af93013d?s=96&d=mm&r=g\",\"caption\":\"Gerold Petritsch\"},\"url\":\"https:\/\/www.radlobby.org\/noe\/author\/gerold-petritsch\/\"}]}<\/script>\n<!-- \/ Yoast SEO plugin. -->","yoast_head_json":{"title":"Wiener Neustadt - Bad Fischau: Neujahrsradeln und -schwimmen - Radlobby Nieder\u00f6sterreich","robots":{"index":"index","follow":"follow","max-snippet":"max-snippet:-1","max-image-preview":"max-image-preview:large","max-video-preview":"max-video-preview:-1"},"canonical":"https:\/\/www.radlobby.org\/noe\/bad-fischau-neujahrsradeln-und-schwimmen-radlobby-wiener-neustadt\/","og_locale":"de_DE","og_type":"article","og_title":"Wiener Neustadt - Bad Fischau: Neujahrsradeln und -schwimmen - Radlobby Nieder\u00f6sterreich","og_description":"18 Radler:innen aus Wr.Neustadt, W\u00f6llersdorf und Bad V\u00f6slau radelten am Neujahrsmorgen vom Bahnhof in Wr.Neustadt nach Bad Fischau zum Neujahrsschwimmen....","og_url":"https:\/\/www.radlobby.org\/noe\/bad-fischau-neujahrsradeln-und-schwimmen-radlobby-wiener-neustadt\/","og_site_name":"Radlobby Nieder\u00f6sterreich","article_publisher":"https:\/\/www.facebook.com\/groups\/radfahren.in.noe\/","article_published_time":"2025-01-01T17:47:10+00:00","article_modified_time":"2025-12-11T09:20:45+00:00","og_image":[{"width":1920,"height":1081,"url":"https:\/\/www.radlobby.org\/noe\/wp-content\/uploads\/20250101_113031.jpg","type":"image\/jpeg"}],"author":"Gerold Petritsch","twitter_card":"summary_large_image","twitter_misc":{"Verfasst von":"Gerold Petritsch","Gesch\u00e4tzte Lesezeit":"3\u00a0Minuten"},"schema":{"@context":"https:\/\/schema.org","@graph":[{"@type":"Article","@id":"https:\/\/www.radlobby.org\/noe\/bad-fischau-neujahrsradeln-und-schwimmen-radlobby-wiener-neustadt\/#article","isPartOf":{"@id":"https:\/\/www.radlobby.org\/noe\/bad-fischau-neujahrsradeln-und-schwimmen-radlobby-wiener-neustadt\/"},"author":{"name":"Gerold Petritsch","@id":"https:\/\/www.radlobby.org\/noe\/#\/schema\/person\/6575d09b0e7b7970d5b81d0bab520c61"},"headline":"Wiener Neustadt &#8211; Bad Fischau: Neujahrsradeln und -schwimmen","datePublished":"2025-01-01T17:47:10+00:00","dateModified":"2025-12-11T09:20:45+00:00","mainEntityOfPage":{"@id":"https:\/\/www.radlobby.org\/noe\/bad-fischau-neujahrsradeln-und-schwimmen-radlobby-wiener-neustadt\/"},"wordCount":281,"publisher":{"@id":"https:\/\/www.radlobby.org\/noe\/#organization"},"image":{"@id":"https:\/\/www.radlobby.org\/noe\/bad-fischau-neujahrsradeln-und-schwimmen-radlobby-wiener-neustadt\/#primaryimage"},"thumbnailUrl":"https:\/\/www.radlobby.org\/noe\/wp-content\/uploads\/20250101_113031.jpg","articleSection":["Radlobby Bad V\u00f6slau","Radlobby Nieder\u00f6sterreich","Radlobby Wiener Neustadt"],"inLanguage":"de"},{"@type":"WebPage","@id":"https:\/\/www.radlobby.org\/noe\/bad-fischau-neujahrsradeln-und-schwimmen-radlobby-wiener-neustadt\/","url":"https:\/\/www.radlobby.org\/noe\/bad-fischau-neujahrsradeln-und-schwimmen-radlobby-wiener-neustadt\/","name":"Wiener Neustadt - Bad Fischau: Neujahrsradeln und -schwimmen - Radlobby Nieder\u00f6sterreich","isPartOf":{"@id":"https:\/\/www.radlobby.org\/noe\/#website"},"primaryImageOfPage":{"@id":"https:\/\/www.radlobby.org\/noe\/bad-fischau-neujahrsradeln-und-schwimmen-radlobby-wiener-neustadt\/#primaryimage"},"image":{"@id":"https:\/\/www.radlobby.org\/noe\/bad-fischau-neujahrsradeln-und-schwimmen-radlobby-wiener-neustadt\/#primaryimage"},"thumbnailUrl":"https:\/\/www.radlobby.org\/noe\/wp-content\/uploads\/20250101_113031.jpg","datePublished":"2025-01-01T17:47:10+00:00","dateModified":"2025-12-11T09:20:45+00:00","breadcrumb":{"@id":"https:\/\/www.radlobby.org\/noe\/bad-fischau-neujahrsradeln-und-schwimmen-radlobby-wiener-neustadt\/#breadcrumb"},"inLanguage":"de","potentialAction":[{"@type":"ReadAction","target":["https:\/\/www.radlobby.org\/noe\/bad-fischau-neujahrsradeln-und-schwimmen-radlobby-wiener-neustadt\/"]}]},{"@type":"ImageObject","inLanguage":"de","@id":"https:\/\/www.radlobby.org\/noe\/bad-fischau-neujahrsradeln-und-schwimmen-radlobby-wiener-neustadt\/#primaryimage","url":"https:\/\/www.radlobby.org\/noe\/wp-content\/uploads\/20250101_113031.jpg","contentUrl":"https:\/\/www.radlobby.org\/noe\/wp-content\/uploads\/20250101_113031.jpg","width":1920,"height":1081},{"@type":"BreadcrumbList","@id":"https:\/\/www.radlobby.org\/noe\/bad-fischau-neujahrsradeln-und-schwimmen-radlobby-wiener-neustadt\/#breadcrumb","itemListElement":[{"@type":"ListItem","position":1,"name":"Startseite","item":"https:\/\/www.radlobby.org\/noe\/"},{"@type":"ListItem","position":2,"name":"Wiener Neustadt &#8211; Bad Fischau: Neujahrsradeln und -schwimmen"}]},{"@type":"WebSite","@id":"https:\/\/www.radlobby.org\/noe\/#website","url":"https:\/\/www.radlobby.org\/noe\/","name":"Radlobby Nieder\u00f6sterreich","description":"Radverkehr, Fahrrad, Radfahren, Radreisen, Radtouren, Radweg","publisher":{"@id":"https:\/\/www.radlobby.org\/noe\/#organization"},"potentialAction":[{"@type":"SearchAction","target":{"@type":"EntryPoint","urlTemplate":"https:\/\/www.radlobby.org\/noe\/?s={search_term_string}"},"query-input":{"@type":"PropertyValueSpecification","valueRequired":true,"valueName":"search_term_string"}}],"inLanguage":"de"},{"@type":"Organization","@id":"https:\/\/www.radlobby.org\/noe\/#organization","name":"Radlobby Nieder\u00f6sterreich","url":"https:\/\/www.radlobby.org\/noe\/","logo":{"@type":"ImageObject","inLanguage":"de","@id":"https:\/\/www.radlobby.org\/noe\/#\/schema\/logo\/image\/","url":"https:\/\/www.radlobby.org\/noe\/wp-content\/uploads\/2017\/01\/cropped-Logo_Radlobby_Niederoesterreich_50-400px_quer-1.jpg","contentUrl":"https:\/\/www.radlobby.org\/noe\/wp-content\/uploads\/2017\/01\/cropped-Logo_Radlobby_Niederoesterreich_50-400px_quer-1.jpg","width":450,"height":124,"caption":"Radlobby Nieder\u00f6sterreich"},"image":{"@id":"https:\/\/www.radlobby.org\/noe\/#\/schema\/logo\/image\/"},"sameAs":["https:\/\/www.facebook.com\/groups\/radfahren.in.noe\/"]},{"@type":"Person","@id":"https:\/\/www.radlobby.org\/noe\/#\/schema\/person\/6575d09b0e7b7970d5b81d0bab520c61","name":"Gerold Petritsch","image":{"@type":"ImageObject","inLanguage":"de","@id":"https:\/\/www.radlobby.org\/noe\/#\/schema\/person\/image\/","url":"https:\/\/secure.gravatar.com\/avatar\/9dc36f4c91f9894712dd7fdc25d6d6bc3448cf31a66187da4b2a4081af93013d?s=96&d=mm&r=g","contentUrl":"https:\/\/secure.gravatar.com\/avatar\/9dc36f4c91f9894712dd7fdc25d6d6bc3448cf31a66187da4b2a4081af93013d?s=96&d=mm&r=g","caption":"Gerold Petritsch"},"url":"https:\/\/www.radlobby.org\/noe\/author\/gerold-petritsch\/"}]}},"_links":{"self":[{"href":"https:\/\/www.radlobby.org\/noe\/wp-json\/wp\/v2\/posts\/37641","targetHints":{"allow":["GET"]}}],"collection":[{"href":"https:\/\/www.radlobby.org\/noe\/wp-json\/wp\/v2\/posts"}],"about":[{"href":"https:\/\/www.radlobby.org\/noe\/wp-json\/wp\/v2\/types\/post"}],"author":[{"embeddable":true,"href":"https:\/\/www.radlobby.org\/noe\/wp-json\/wp\/v2\/users\/55"}],"replies":[{"embeddable":true,"href":"https:\/\/www.radlobby.org\/noe\/wp-json\/wp\/v2\/comments?post=37641"}],"version-history":[{"count":13,"href":"https:\/\/www.radlobby.org\/noe\/wp-json\/wp\/v2\/posts\/37641\/revisions"}],"predecessor-version":[{"id":40810,"href":"https:\/\/www.radlobby.org\/noe\/wp-json\/wp\/v2\/posts\/37641\/revisions\/40810"}],"wp:featuredmedia":[{"embeddable":true,"href":"https:\/\/www.radlobby.org\/noe\/wp-json\/wp\/v2\/media\/37648"}],"wp:attachment":[{"href":"https:\/\/www.radlobby.org\/noe\/wp-json\/wp\/v2\/media?parent=37641"}],"wp:term":[{"taxonomy":"category","embeddable":true,"href":"https:\/\/www.radlobby.org\/noe\/wp-json\/wp\/v2\/categories?post=37641"},{"taxonomy":"post_tag","embeddable":true,"href":"https:\/\/www.radlobby.org\/noe\/wp-json\/wp\/v2\/tags?post=37641"}],"curies":[{"name":"wp","href":"https:\/\/api.w.org\/{rel}","templated":true}]}}