{"id":37626,"date":"2025-01-06T13:06:08","date_gmt":"2025-01-06T12:06:08","guid":{"rendered":"https:\/\/www.radlobby.org\/noe\/?p=37626"},"modified":"2025-12-02T19:53:45","modified_gmt":"2025-12-02T18:53:45","slug":"neujahresschwimmen-radlobby-bad-voeslau","status":"publish","type":"post","link":"https:\/\/www.radlobby.org\/noe\/neujahresschwimmen-radlobby-bad-voeslau\/","title":{"rendered":"Bad V\u00f6slau | Neujahrsschwimmen 2025"},"content":{"rendered":"<h2><strong>Magisches Neujahrsradeln und -schwimmen 2025<\/strong><\/h2>\n<p>Das diesj\u00e4hrige Neujahrsradeln und -schwimmen war ein wahrhaft zauberhafter Start ins Jahr! Die verschneite Landschaft verwandelte die \u00fcber 20 Kilometer lange Strecke von Bad V\u00f6slau nach Bad Fischau in eine winterliche M\u00e4rchenwelt.<\/p>\n<p>Mit dabei waren zahlreiche Teilnehmer:innen \u2013 Kinder und Erwachsene gleicherma\u00dfen \u2013 auf e-Bikes, Lastenr\u00e4dern, Mountainbikes und klassischen Bahnhofsradeln. Gemeinsam meisterten wir die Route, um uns am Ziel von einem besonderen Empfang \u00fcberraschen zu lassen:<\/p>\n<p>Im Thermalbad Bad Fischau erwarteten uns wohltemperiertes Thermalwasser, eine w\u00e4rmende Sauna, k\u00f6stliche Speisen und prickelnder Sekt. Als besonderes Highlight konnten wir das Neujahrskonzert via Live\u00fcbertragung genie\u00dfen \u2013 eine perfekte Mischung aus Entspannung und kulturellem Genuss!<\/p>\n<p>Besonders sch\u00f6n war es, auch einige V\u00f6slauer:innen in Bad Fischau zu treffen. Au\u00dferdem war die Wiener Neust\u00e4dter Radlobby mit dabei, die ebenfalls das neue Jahr sportlich mit Radeln und Schwimmen einl\u00e4utete. <a href=\"https:\/\/www.radlobby.org\/noe\/bad-fischau-neujahrsradeln-und-schwimmen-radlobby-wiener-neustadt\/\">Hier<\/a> der Bericht der Wr.Neust\u00e4dter Radlobby.<\/p>\n<p>Ein herzlicher Dank geht an das Team in Bad Fischau f\u00fcr die gro\u00dfartige Gastfreundschaft. Nach dem Sprung ins 17 Grad k\u00fchle Wasser war die Sauna ein besonders willkommener Ort zum Aufw\u00e4rmen.<\/p>\n<p>Wir freuen uns schon auf die n\u00e4chste Ausgabe dieses besonderen Events und laden alle ein, 2026 mit uns gemeinsam aktiv und mit viel Spa\u00df ins neue Jahr zu starten!<\/p>\n<p>&nbsp;<\/p>\n<p>Weitere Berichte \u00fcber den Event werden in den Bezirksbl\u00e4ttern ver\u00f6ffentlicht. Mehr dazu <a href=\"https:\/\/www.meinbezirk.at\/baden\/c-lokales\/rauhreif-schwimmen-in-bad-fischau_a7082899\">hier<\/a>.<\/p>\n<p>Auf Facebook und Instagram haben wir auch ein Video ver\u00f6ffentlicht, das Heiko mit seinem Weihnachtsgeschenk aufgenommen hat <img decoding=\"async\" src=\"https:\/\/www.radlobby.org\/noe\/wp-content\/plugins\/wp-edit\/plugins\/emoticons\/img\/smiley-wink.gif\" \/><\/p>\n<p><a href=\"https:\/\/www.facebook.com\/share\/r\/1HNxwye8oG\/\">Facebook<\/a><\/p>\n<h3>Wir w\u00fcnschen euch allen ein wunderbares Radeljahr f\u00fcr 2025!<\/h3>\n<p>&nbsp;<\/p>\n<p>[BadV\u00f6slau_Radparaden]<\/p>\n","protected":false},"excerpt":{"rendered":"<p>Magisches Neujahrsradeln und -schwimmen 2025 Das diesj\u00e4hrige Neujahrsradeln und -schwimmen war ein wahrhaft zauberhafter Start ins Jahr! Die verschneite Landschaft verwandelte die \u00fcber 20 Kilometer lange Strecke von Bad V\u00f6slau nach Bad Fischau in eine winterliche M\u00e4rchenwelt. Mit dabei waren<\/p>\n","protected":false},"author":65,"featured_media":0,"comment_status":"closed","ping_status":"closed","sticky":false,"template":"","format":"standard","meta":{"footnotes":""},"categories":[547,20],"tags":[],"class_list":["post-37626","post","type-post","status-publish","format-standard","hentry","category-badvoeslau","category-niederoesterreich"],"yoast_head":"<!-- This site is optimized with the Yoast SEO plugin v26.9 - https:\/\/yoast.com\/product\/yoast-seo-wordpress\/ -->\n<title>Bad V\u00f6slau | Neujahrsschwimmen 2025 - Radlobby Nieder\u00f6sterreich<\/title>\n<meta name=\"robots\" content=\"index, follow, max-snippet:-1, max-image-preview:large, max-video-preview:-1\" \/>\n<link rel=\"canonical\" href=\"https:\/\/www.radlobby.org\/noe\/neujahresschwimmen-radlobby-bad-voeslau\/\" \/>\n<meta property=\"og:locale\" content=\"de_DE\" \/>\n<meta property=\"og:type\" content=\"article\" \/>\n<meta property=\"og:title\" content=\"Bad V\u00f6slau | Neujahrsschwimmen 2025 - Radlobby Nieder\u00f6sterreich\" \/>\n<meta property=\"og:description\" content=\"Magisches Neujahrsradeln und -schwimmen 2025 Das diesj\u00e4hrige Neujahrsradeln und -schwimmen war ein wahrhaft zauberhafter Start ins Jahr! Die verschneite Landschaft verwandelte die \u00fcber 20 Kilometer lange Strecke von Bad V\u00f6slau nach Bad Fischau in eine winterliche M\u00e4rchenwelt. Mit dabei waren\" \/>\n<meta property=\"og:url\" content=\"https:\/\/www.radlobby.org\/noe\/neujahresschwimmen-radlobby-bad-voeslau\/\" \/>\n<meta property=\"og:site_name\" content=\"Radlobby Nieder\u00f6sterreich\" \/>\n<meta property=\"article:publisher\" content=\"https:\/\/www.facebook.com\/groups\/radfahren.in.noe\/\" \/>\n<meta property=\"article:published_time\" content=\"2025-01-06T12:06:08+00:00\" \/>\n<meta property=\"article:modified_time\" content=\"2025-12-02T18:53:45+00:00\" \/>\n<meta property=\"og:image\" content=\"https:\/\/www.radlobby.org\/noe\/wp-content\/plugins\/wp-edit\/plugins\/emoticons\/img\/smiley-wink.gif\" \/>\n<meta name=\"author\" content=\"Laura Kafka\" \/>\n<meta name=\"twitter:card\" content=\"summary_large_image\" \/>\n<meta name=\"twitter:label1\" content=\"Verfasst von\" \/>\n\t<meta name=\"twitter:data1\" content=\"Laura Kafka\" \/>\n\t<meta name=\"twitter:label2\" content=\"Gesch\u00e4tzte Lesezeit\" \/>\n\t<meta name=\"twitter:data2\" content=\"2\u00a0Minuten\" \/>\n<script type=\"application\/ld+json\" class=\"yoast-schema-graph\">{\"@context\":\"https:\/\/schema.org\",\"@graph\":[{\"@type\":\"Article\",\"@id\":\"https:\/\/www.radlobby.org\/noe\/neujahresschwimmen-radlobby-bad-voeslau\/#article\",\"isPartOf\":{\"@id\":\"https:\/\/www.radlobby.org\/noe\/neujahresschwimmen-radlobby-bad-voeslau\/\"},\"author\":{\"name\":\"Laura Kafka\",\"@id\":\"https:\/\/www.radlobby.org\/noe\/#\/schema\/person\/3d46d5baaa32e9fab65201812c570448\"},\"headline\":\"Bad V\u00f6slau | Neujahrsschwimmen 2025\",\"datePublished\":\"2025-01-06T12:06:08+00:00\",\"dateModified\":\"2025-12-02T18:53:45+00:00\",\"mainEntityOfPage\":{\"@id\":\"https:\/\/www.radlobby.org\/noe\/neujahresschwimmen-radlobby-bad-voeslau\/\"},\"wordCount\":272,\"publisher\":{\"@id\":\"https:\/\/www.radlobby.org\/noe\/#organization\"},\"image\":{\"@id\":\"https:\/\/www.radlobby.org\/noe\/neujahresschwimmen-radlobby-bad-voeslau\/#primaryimage\"},\"thumbnailUrl\":\"https:\/\/www.radlobby.org\/noe\/wp-content\/plugins\/wp-edit\/plugins\/emoticons\/img\/smiley-wink.gif\",\"articleSection\":[\"Radlobby Bad V\u00f6slau\",\"Radlobby Nieder\u00f6sterreich\"],\"inLanguage\":\"de\"},{\"@type\":\"WebPage\",\"@id\":\"https:\/\/www.radlobby.org\/noe\/neujahresschwimmen-radlobby-bad-voeslau\/\",\"url\":\"https:\/\/www.radlobby.org\/noe\/neujahresschwimmen-radlobby-bad-voeslau\/\",\"name\":\"Bad V\u00f6slau | Neujahrsschwimmen 2025 - Radlobby Nieder\u00f6sterreich\",\"isPartOf\":{\"@id\":\"https:\/\/www.radlobby.org\/noe\/#website\"},\"primaryImageOfPage\":{\"@id\":\"https:\/\/www.radlobby.org\/noe\/neujahresschwimmen-radlobby-bad-voeslau\/#primaryimage\"},\"image\":{\"@id\":\"https:\/\/www.radlobby.org\/noe\/neujahresschwimmen-radlobby-bad-voeslau\/#primaryimage\"},\"thumbnailUrl\":\"https:\/\/www.radlobby.org\/noe\/wp-content\/plugins\/wp-edit\/plugins\/emoticons\/img\/smiley-wink.gif\",\"datePublished\":\"2025-01-06T12:06:08+00:00\",\"dateModified\":\"2025-12-02T18:53:45+00:00\",\"breadcrumb\":{\"@id\":\"https:\/\/www.radlobby.org\/noe\/neujahresschwimmen-radlobby-bad-voeslau\/#breadcrumb\"},\"inLanguage\":\"de\",\"potentialAction\":[{\"@type\":\"ReadAction\",\"target\":[\"https:\/\/www.radlobby.org\/noe\/neujahresschwimmen-radlobby-bad-voeslau\/\"]}]},{\"@type\":\"ImageObject\",\"inLanguage\":\"de\",\"@id\":\"https:\/\/www.radlobby.org\/noe\/neujahresschwimmen-radlobby-bad-voeslau\/#primaryimage\",\"url\":\"https:\/\/www.radlobby.org\/noe\/wp-content\/plugins\/wp-edit\/plugins\/emoticons\/img\/smiley-wink.gif\",\"contentUrl\":\"https:\/\/www.radlobby.org\/noe\/wp-content\/plugins\/wp-edit\/plugins\/emoticons\/img\/smiley-wink.gif\"},{\"@type\":\"BreadcrumbList\",\"@id\":\"https:\/\/www.radlobby.org\/noe\/neujahresschwimmen-radlobby-bad-voeslau\/#breadcrumb\",\"itemListElement\":[{\"@type\":\"ListItem\",\"position\":1,\"name\":\"Startseite\",\"item\":\"https:\/\/www.radlobby.org\/noe\/\"},{\"@type\":\"ListItem\",\"position\":2,\"name\":\"Bad V\u00f6slau | Neujahrsschwimmen 2025\"}]},{\"@type\":\"WebSite\",\"@id\":\"https:\/\/www.radlobby.org\/noe\/#website\",\"url\":\"https:\/\/www.radlobby.org\/noe\/\",\"name\":\"Radlobby Nieder\u00f6sterreich\",\"description\":\"Radverkehr, Fahrrad, Radfahren, Radreisen, Radtouren, Radweg\",\"publisher\":{\"@id\":\"https:\/\/www.radlobby.org\/noe\/#organization\"},\"potentialAction\":[{\"@type\":\"SearchAction\",\"target\":{\"@type\":\"EntryPoint\",\"urlTemplate\":\"https:\/\/www.radlobby.org\/noe\/?s={search_term_string}\"},\"query-input\":{\"@type\":\"PropertyValueSpecification\",\"valueRequired\":true,\"valueName\":\"search_term_string\"}}],\"inLanguage\":\"de\"},{\"@type\":\"Organization\",\"@id\":\"https:\/\/www.radlobby.org\/noe\/#organization\",\"name\":\"Radlobby Nieder\u00f6sterreich\",\"url\":\"https:\/\/www.radlobby.org\/noe\/\",\"logo\":{\"@type\":\"ImageObject\",\"inLanguage\":\"de\",\"@id\":\"https:\/\/www.radlobby.org\/noe\/#\/schema\/logo\/image\/\",\"url\":\"https:\/\/www.radlobby.org\/noe\/wp-content\/uploads\/2017\/01\/cropped-Logo_Radlobby_Niederoesterreich_50-400px_quer-1.jpg\",\"contentUrl\":\"https:\/\/www.radlobby.org\/noe\/wp-content\/uploads\/2017\/01\/cropped-Logo_Radlobby_Niederoesterreich_50-400px_quer-1.jpg\",\"width\":450,\"height\":124,\"caption\":\"Radlobby Nieder\u00f6sterreich\"},\"image\":{\"@id\":\"https:\/\/www.radlobby.org\/noe\/#\/schema\/logo\/image\/\"},\"sameAs\":[\"https:\/\/www.facebook.com\/groups\/radfahren.in.noe\/\"]},{\"@type\":\"Person\",\"@id\":\"https:\/\/www.radlobby.org\/noe\/#\/schema\/person\/3d46d5baaa32e9fab65201812c570448\",\"name\":\"Laura Kafka\",\"image\":{\"@type\":\"ImageObject\",\"inLanguage\":\"de\",\"@id\":\"https:\/\/www.radlobby.org\/noe\/#\/schema\/person\/image\/\",\"url\":\"https:\/\/secure.gravatar.com\/avatar\/141ec437f27b3084bc6c91857d881288555812a76d2e9c6af9f4ba5f626465e7?s=96&d=mm&r=g\",\"contentUrl\":\"https:\/\/secure.gravatar.com\/avatar\/141ec437f27b3084bc6c91857d881288555812a76d2e9c6af9f4ba5f626465e7?s=96&d=mm&r=g\",\"caption\":\"Laura Kafka\"},\"url\":\"https:\/\/www.radlobby.org\/noe\/author\/laura-kafka\/\"}]}<\/script>\n<!-- \/ Yoast SEO plugin. -->","yoast_head_json":{"title":"Bad V\u00f6slau | Neujahrsschwimmen 2025 - Radlobby Nieder\u00f6sterreich","robots":{"index":"index","follow":"follow","max-snippet":"max-snippet:-1","max-image-preview":"max-image-preview:large","max-video-preview":"max-video-preview:-1"},"canonical":"https:\/\/www.radlobby.org\/noe\/neujahresschwimmen-radlobby-bad-voeslau\/","og_locale":"de_DE","og_type":"article","og_title":"Bad V\u00f6slau | Neujahrsschwimmen 2025 - Radlobby Nieder\u00f6sterreich","og_description":"Magisches Neujahrsradeln und -schwimmen 2025 Das diesj\u00e4hrige Neujahrsradeln und -schwimmen war ein wahrhaft zauberhafter Start ins Jahr! Die verschneite Landschaft verwandelte die \u00fcber 20 Kilometer lange Strecke von Bad V\u00f6slau nach Bad Fischau in eine winterliche M\u00e4rchenwelt. Mit dabei waren","og_url":"https:\/\/www.radlobby.org\/noe\/neujahresschwimmen-radlobby-bad-voeslau\/","og_site_name":"Radlobby Nieder\u00f6sterreich","article_publisher":"https:\/\/www.facebook.com\/groups\/radfahren.in.noe\/","article_published_time":"2025-01-06T12:06:08+00:00","article_modified_time":"2025-12-02T18:53:45+00:00","og_image":[{"url":"https:\/\/www.radlobby.org\/noe\/wp-content\/plugins\/wp-edit\/plugins\/emoticons\/img\/smiley-wink.gif","type":"","width":"","height":""}],"author":"Laura Kafka","twitter_card":"summary_large_image","twitter_misc":{"Verfasst von":"Laura Kafka","Gesch\u00e4tzte Lesezeit":"2\u00a0Minuten"},"schema":{"@context":"https:\/\/schema.org","@graph":[{"@type":"Article","@id":"https:\/\/www.radlobby.org\/noe\/neujahresschwimmen-radlobby-bad-voeslau\/#article","isPartOf":{"@id":"https:\/\/www.radlobby.org\/noe\/neujahresschwimmen-radlobby-bad-voeslau\/"},"author":{"name":"Laura Kafka","@id":"https:\/\/www.radlobby.org\/noe\/#\/schema\/person\/3d46d5baaa32e9fab65201812c570448"},"headline":"Bad V\u00f6slau | Neujahrsschwimmen 2025","datePublished":"2025-01-06T12:06:08+00:00","dateModified":"2025-12-02T18:53:45+00:00","mainEntityOfPage":{"@id":"https:\/\/www.radlobby.org\/noe\/neujahresschwimmen-radlobby-bad-voeslau\/"},"wordCount":272,"publisher":{"@id":"https:\/\/www.radlobby.org\/noe\/#organization"},"image":{"@id":"https:\/\/www.radlobby.org\/noe\/neujahresschwimmen-radlobby-bad-voeslau\/#primaryimage"},"thumbnailUrl":"https:\/\/www.radlobby.org\/noe\/wp-content\/plugins\/wp-edit\/plugins\/emoticons\/img\/smiley-wink.gif","articleSection":["Radlobby Bad V\u00f6slau","Radlobby Nieder\u00f6sterreich"],"inLanguage":"de"},{"@type":"WebPage","@id":"https:\/\/www.radlobby.org\/noe\/neujahresschwimmen-radlobby-bad-voeslau\/","url":"https:\/\/www.radlobby.org\/noe\/neujahresschwimmen-radlobby-bad-voeslau\/","name":"Bad V\u00f6slau | Neujahrsschwimmen 2025 - Radlobby Nieder\u00f6sterreich","isPartOf":{"@id":"https:\/\/www.radlobby.org\/noe\/#website"},"primaryImageOfPage":{"@id":"https:\/\/www.radlobby.org\/noe\/neujahresschwimmen-radlobby-bad-voeslau\/#primaryimage"},"image":{"@id":"https:\/\/www.radlobby.org\/noe\/neujahresschwimmen-radlobby-bad-voeslau\/#primaryimage"},"thumbnailUrl":"https:\/\/www.radlobby.org\/noe\/wp-content\/plugins\/wp-edit\/plugins\/emoticons\/img\/smiley-wink.gif","datePublished":"2025-01-06T12:06:08+00:00","dateModified":"2025-12-02T18:53:45+00:00","breadcrumb":{"@id":"https:\/\/www.radlobby.org\/noe\/neujahresschwimmen-radlobby-bad-voeslau\/#breadcrumb"},"inLanguage":"de","potentialAction":[{"@type":"ReadAction","target":["https:\/\/www.radlobby.org\/noe\/neujahresschwimmen-radlobby-bad-voeslau\/"]}]},{"@type":"ImageObject","inLanguage":"de","@id":"https:\/\/www.radlobby.org\/noe\/neujahresschwimmen-radlobby-bad-voeslau\/#primaryimage","url":"https:\/\/www.radlobby.org\/noe\/wp-content\/plugins\/wp-edit\/plugins\/emoticons\/img\/smiley-wink.gif","contentUrl":"https:\/\/www.radlobby.org\/noe\/wp-content\/plugins\/wp-edit\/plugins\/emoticons\/img\/smiley-wink.gif"},{"@type":"BreadcrumbList","@id":"https:\/\/www.radlobby.org\/noe\/neujahresschwimmen-radlobby-bad-voeslau\/#breadcrumb","itemListElement":[{"@type":"ListItem","position":1,"name":"Startseite","item":"https:\/\/www.radlobby.org\/noe\/"},{"@type":"ListItem","position":2,"name":"Bad V\u00f6slau | Neujahrsschwimmen 2025"}]},{"@type":"WebSite","@id":"https:\/\/www.radlobby.org\/noe\/#website","url":"https:\/\/www.radlobby.org\/noe\/","name":"Radlobby Nieder\u00f6sterreich","description":"Radverkehr, Fahrrad, Radfahren, Radreisen, Radtouren, Radweg","publisher":{"@id":"https:\/\/www.radlobby.org\/noe\/#organization"},"potentialAction":[{"@type":"SearchAction","target":{"@type":"EntryPoint","urlTemplate":"https:\/\/www.radlobby.org\/noe\/?s={search_term_string}"},"query-input":{"@type":"PropertyValueSpecification","valueRequired":true,"valueName":"search_term_string"}}],"inLanguage":"de"},{"@type":"Organization","@id":"https:\/\/www.radlobby.org\/noe\/#organization","name":"Radlobby Nieder\u00f6sterreich","url":"https:\/\/www.radlobby.org\/noe\/","logo":{"@type":"ImageObject","inLanguage":"de","@id":"https:\/\/www.radlobby.org\/noe\/#\/schema\/logo\/image\/","url":"https:\/\/www.radlobby.org\/noe\/wp-content\/uploads\/2017\/01\/cropped-Logo_Radlobby_Niederoesterreich_50-400px_quer-1.jpg","contentUrl":"https:\/\/www.radlobby.org\/noe\/wp-content\/uploads\/2017\/01\/cropped-Logo_Radlobby_Niederoesterreich_50-400px_quer-1.jpg","width":450,"height":124,"caption":"Radlobby Nieder\u00f6sterreich"},"image":{"@id":"https:\/\/www.radlobby.org\/noe\/#\/schema\/logo\/image\/"},"sameAs":["https:\/\/www.facebook.com\/groups\/radfahren.in.noe\/"]},{"@type":"Person","@id":"https:\/\/www.radlobby.org\/noe\/#\/schema\/person\/3d46d5baaa32e9fab65201812c570448","name":"Laura Kafka","image":{"@type":"ImageObject","inLanguage":"de","@id":"https:\/\/www.radlobby.org\/noe\/#\/schema\/person\/image\/","url":"https:\/\/secure.gravatar.com\/avatar\/141ec437f27b3084bc6c91857d881288555812a76d2e9c6af9f4ba5f626465e7?s=96&d=mm&r=g","contentUrl":"https:\/\/secure.gravatar.com\/avatar\/141ec437f27b3084bc6c91857d881288555812a76d2e9c6af9f4ba5f626465e7?s=96&d=mm&r=g","caption":"Laura Kafka"},"url":"https:\/\/www.radlobby.org\/noe\/author\/laura-kafka\/"}]}},"_links":{"self":[{"href":"https:\/\/www.radlobby.org\/noe\/wp-json\/wp\/v2\/posts\/37626","targetHints":{"allow":["GET"]}}],"collection":[{"href":"https:\/\/www.radlobby.org\/noe\/wp-json\/wp\/v2\/posts"}],"about":[{"href":"https:\/\/www.radlobby.org\/noe\/wp-json\/wp\/v2\/types\/post"}],"author":[{"embeddable":true,"href":"https:\/\/www.radlobby.org\/noe\/wp-json\/wp\/v2\/users\/65"}],"replies":[{"embeddable":true,"href":"https:\/\/www.radlobby.org\/noe\/wp-json\/wp\/v2\/comments?post=37626"}],"version-history":[{"count":6,"href":"https:\/\/www.radlobby.org\/noe\/wp-json\/wp\/v2\/posts\/37626\/revisions"}],"predecessor-version":[{"id":40743,"href":"https:\/\/www.radlobby.org\/noe\/wp-json\/wp\/v2\/posts\/37626\/revisions\/40743"}],"wp:attachment":[{"href":"https:\/\/www.radlobby.org\/noe\/wp-json\/wp\/v2\/media?parent=37626"}],"wp:term":[{"taxonomy":"category","embeddable":true,"href":"https:\/\/www.radlobby.org\/noe\/wp-json\/wp\/v2\/categories?post=37626"},{"taxonomy":"post_tag","embeddable":true,"href":"https:\/\/www.radlobby.org\/noe\/wp-json\/wp\/v2\/tags?post=37626"}],"curies":[{"name":"wp","href":"https:\/\/api.w.org\/{rel}","templated":true}]}}