{"id":37327,"date":"2025-01-26T11:50:53","date_gmt":"2025-01-26T10:50:53","guid":{"rendered":"https:\/\/www.radlobby.org\/noe\/?p=37327"},"modified":"2025-05-14T11:19:16","modified_gmt":"2025-05-14T09:19:16","slug":"gemeinderatswahlen-in-niederoesterreich-2025","status":"publish","type":"post","link":"https:\/\/www.radlobby.org\/noe\/gemeinderatswahlen-in-niederoesterreich-2025\/","title":{"rendered":"GemeindeRADswahlen in Nieder\u00f6sterreich 2025"},"content":{"rendered":"<p>Per J\u00e4nner 2025 wurde in vielen Gemeinden in Nieder\u00f6sterreich gew\u00e4hlt. Schwerpunkte setzt die Radlobby Nieder\u00f6sterreich dabei auf folgende Themenfelder:<\/p>\n<p><strong>1. Einbindung der Radlobby bei der Entscheidungsfindung<\/strong><\/p>\n<figure style=\"width: 412px\" class=\"wp-caption alignright\"><img loading=\"lazy\" decoding=\"async\" class=\"\" src=\"https:\/\/www.radlobby.org\/noe\/wp-content\/uploads\/DSCN6446-scaled.jpg\" alt=\"Ma\u00dfnahmen- und Verbesserungsvorschl\u00e4ge f\u00fcr Nieder\u00f6sterreich\" width=\"412\" height=\"309\" \/><figcaption class=\"wp-caption-text\">Ma\u00dfnahmen- und Verbesserungsvorschl\u00e4ge f\u00fcr Nieder\u00f6sterreich<\/figcaption><\/figure>\n<p>Ein Alltagstaugliches Radwegenetz entsteht nur dann, wenn auch die Nutzerinnen und Nutzer in die Entwicklung eingebunden werden.<\/p>\n<p><strong>2. Landesstra\u00dfen<\/strong><\/p>\n<p>In nieder\u00f6sterreichischen Gemeinden f\u00fchren Landesstra\u00dfen meist quer durch den Ort und stellen in der derzeitigen Ausf\u00fchrung nicht nur eine Barriere beim Gehen und Rad fahren, sondern eine echte Gefahr dar. Hier braucht es starke Verbesserungen.<\/p>\n<p><strong>3. Alltag der kurzen Wege<\/strong><\/p>\n<p>Nieder\u00f6sterreich hat durch die alten\u00a0 Ortskerne, die f\u00fcr Gehende und Radfahrende gebaut wurden, oftmals eine Struktur, mit der ein Alltag der kurzen Wege m\u00f6glich ist.\u00a0Mit nachhaltiger Planung und fl\u00e4chenschonender Raumordnung\u00a0 in Richtung eines Alltages der kurzen Wege k\u00f6nnen m\u00f6glichst viele Wege zu Fu\u00df oder mit dem Rad erledigt werden.<\/p>\n<p>&nbsp;<\/p>\n<p>Im Vorfeld der Gemeinderatswahlen erstellten die Ortsgruppen Ma\u00dfnahmenvorschl\u00e4ge und befragten die Fraktionen zu ihren Vorschl\u00e4gen um Radfahren attraktiver und sicherer zu machen.<\/p>\n<p>Hier ein Einblick:<\/p>\n<p><strong>Amstetten<\/strong><\/p>\n<ul>\n<li>zum Ma\u00dfnahmenkatalog: <a href=\"https:\/\/www.radlobby.org\/noe\/presseaussendung_massnahmenkatalog\/\">https:\/\/www.radlobby.org\/noe\/presseaussendung_massnahmenkatalog\/<\/a><\/li>\n<li>die Antworten: <a href=\"https:\/\/www.radlobby.org\/noe\/pa_umfrage-grw-am2025\/\">https:\/\/www.radlobby.org\/noe\/pa_umfrage-grw-am2025\/<\/a><\/li>\n<\/ul>\n<p><strong>Eichgraben<\/strong><\/p>\n<ul>\n<li><a href=\"https:\/\/www.radlobby.org\/noe\/gemeinderatswahl-2025-was-sagen-die-eichgrabner-parteien-zum-radverkehr\/\">https:\/\/www.radlobby.org\/noe\/gemeinderatswahl-2025-was-sagen-die-eichgrabner-parteien-zum-radverkehr\/\u00a0<\/a><\/li>\n<\/ul>\n<p><strong>Gaaden<\/strong><\/p>\n<ul>\n<li>die Ergebnisse: <a href=\"https:\/\/www.radlobby.org\/noe\/gaaden-umfrage-grwahl2025\/\">https:\/\/www.radlobby.org\/noe\/gaaden-umfrage-grwahl2025\/<\/a><\/li>\n<\/ul>\n<p><strong>Mauerbach<\/strong><\/p>\n<ul>\n<li>Antworten der Parteien: <a href=\"https:\/\/www.radlobby.org\/noe\/wp-content\/uploads\/Radlobby-Mauerbach-Umfrage-zur-Gemeinderatswahl-2025.pdf\">https:\/\/www.radlobby.org\/noe\/wp-content\/uploads\/Radlobby-Mauerbach-Umfrage-zur-Gemeinderatswahl-2025.pdf\u00a0<\/a><\/li>\n<\/ul>\n<p><strong>M\u00f6dling<\/strong><\/p>\n<ul>\n<li>Die Antworten der Parteien: <a href=\"https:\/\/www.radlobby.org\/noe\/moedling-umfrage-grwahl2025\/\">https:\/\/www.radlobby.org\/noe\/moedling-umfrage-grwahl2025\/\u00a0<\/a><\/li>\n<\/ul>\n<p><strong>Purkersdorf<\/strong><\/p>\n<ul>\n<li>Die Antworten der Parteien:<a href=\"https:\/\/www.radlobby.org\/noe\/umfrage-zur-gemeinderatswahl-2025-das-sagen-die-parteien\/\"> https:\/\/www.radlobby.org\/noe\/umfrage-zur-gemeinderatswahl-2025-das-sagen-die-parteien\/<\/a><\/li>\n<\/ul>\n<p><strong>Stockerau<\/strong><\/p>\n<ul>\n<li>Die Antworten der Parteien: <a href=\"https:\/\/www.radlobby.org\/noe\/gr-wahlen-2025-stockerau\/\" target=\"_blank\" rel=\"noopener\">https:\/\/www.radlobby.org\/noe\/gr-wahlen-2025-stockerau\/<\/a><\/li>\n<\/ul>\n<p><strong>Traismauer<\/strong><\/p>\n<ul>\n<li><a href=\"http:\/\/Traismauer https:\/\/www.radlobby.org\/noe\/einladung-zur-praesentation-der-verbesserungsvorschlaege\/\">https:\/\/www.radlobby.org\/noe\/einladung-zur-praesentation-der-verbesserungsvorschlaege\/\u00a0<\/a><\/li>\n<li><a href=\"https:\/\/www.radlobby.org\/noe\/rueckmeldung-der-traismauer-wahlparteien\/\">https:\/\/www.radlobby.org\/noe\/rueckmeldung-der-traismauer-wahlparteien\/<\/a><\/li>\n<\/ul>\n<p><strong>Tullnerbach<\/strong><\/p>\n<ul>\n<li><a href=\"https:\/\/www.radlobby.org\/noe\/umfrage-zum-irenental-radweg-bei-tullnerbacher-parteien\/\">https:\/\/www.radlobby.org\/noe\/umfrage-zum-irenental-radweg-bei-tullnerbacher-parteien\/<\/a><\/li>\n<\/ul>\n<p><strong>Wolkersdorf<\/strong><\/p>\n<ul>\n<li><a href=\"https:\/\/www.radlobby.org\/noe\/parteienumfrage-verkehrspolitik-wolkersdorf\/\">Die Antworten der Parteien: https:\/\/www.radlobby.org\/noe\/parteienumfrage-verkehrspolitik-wolkersdorf\/<\/a><\/li>\n<\/ul>\n<p><strong>Wiener Neustadt<\/strong><\/p>\n<ul>\n<li><a href=\"https:\/\/www.radlobby.org\/noe\/gemeinderatswahlen-in-wiener-neustadt-radlobby-befragte-die-parteien\/\">https:\/\/www.radlobby.org\/noe\/gemeinderatswahlen-in-wiener-neustadt-radlobby-befragte-die-parteien\/\u00a0<\/a><\/li>\n<li>Zukunftsfr\u00fchst\u00fcck am 11. J\u00e4nner 2025: <a href=\"https:\/\/www.radlobby.org\/noe\/wp-admin\/post.php?post=37419&amp;action=edit&amp;classic-editor\">https:\/\/www.radlobby.org\/noe\/wp-admin\/post.php?post=37419&amp;action=edit&amp;classic-editor\u00a0<\/a><\/li>\n<\/ul>\n","protected":false},"excerpt":{"rendered":"<p>Per 26. J\u00e4nner 2025 wird in vielen Gemeinden in Nieder\u00f6sterreich gew\u00e4hlt. Schwerpunkte setzt die Radlobby Nieder\u00f6sterreich dabei auf 3 Themenfelder. <\/p>\n","protected":false},"author":33,"featured_media":37317,"comment_status":"closed","ping_status":"closed","sticky":false,"template":"","format":"standard","meta":{"footnotes":""},"categories":[1,20,667],"tags":[746,388,750],"class_list":["post-37327","post","type-post","status-publish","format-standard","has-post-thumbnail","hentry","category-allgemein","category-niederoesterreich","category-radpolitik-in-noe","tag-gemeinderatswahl","tag-gemeinderatswahlen","tag-wahlen-2025"],"yoast_head":"<!-- This site is optimized with the Yoast SEO plugin v26.9 - https:\/\/yoast.com\/product\/yoast-seo-wordpress\/ -->\n<title>GemeindeRADswahlen in Nieder\u00f6sterreich 2025 - Radlobby Nieder\u00f6sterreich<\/title>\n<meta name=\"description\" content=\"Im J\u00e4nner 2025 wird in vielen Gemeinden in Nieder\u00f6sterreich gew\u00e4hlt. Schwerpunkte setzt die Radlobby Nieder\u00f6sterreich dabei auf 3 Themenfelder.\" \/>\n<meta name=\"robots\" content=\"index, follow, max-snippet:-1, max-image-preview:large, max-video-preview:-1\" \/>\n<link rel=\"canonical\" href=\"https:\/\/www.radlobby.org\/noe\/gemeinderatswahlen-in-niederoesterreich-2025\/\" \/>\n<meta property=\"og:locale\" content=\"de_DE\" \/>\n<meta property=\"og:type\" content=\"article\" \/>\n<meta property=\"og:title\" content=\"GemeindeRADswahlen in Nieder\u00f6sterreich 2025 - Radlobby Nieder\u00f6sterreich\" \/>\n<meta property=\"og:description\" content=\"Im J\u00e4nner 2025 wird in vielen Gemeinden in Nieder\u00f6sterreich gew\u00e4hlt. Schwerpunkte setzt die Radlobby Nieder\u00f6sterreich dabei auf 3 Themenfelder.\" \/>\n<meta property=\"og:url\" content=\"https:\/\/www.radlobby.org\/noe\/gemeinderatswahlen-in-niederoesterreich-2025\/\" \/>\n<meta property=\"og:site_name\" content=\"Radlobby Nieder\u00f6sterreich\" \/>\n<meta property=\"article:publisher\" content=\"https:\/\/www.facebook.com\/groups\/radfahren.in.noe\/\" \/>\n<meta property=\"article:published_time\" content=\"2025-01-26T10:50:53+00:00\" \/>\n<meta property=\"article:modified_time\" content=\"2025-05-14T09:19:16+00:00\" \/>\n<meta property=\"og:image\" content=\"https:\/\/www.radlobby.org\/noe\/wp-content\/uploads\/DSCN6446-scaled.jpg\" \/>\n\t<meta property=\"og:image:width\" content=\"2560\" \/>\n\t<meta property=\"og:image:height\" content=\"1920\" \/>\n\t<meta property=\"og:image:type\" content=\"image\/jpeg\" \/>\n<meta name=\"author\" content=\"Maria Z\u00f6gernitz\" \/>\n<meta name=\"twitter:card\" content=\"summary_large_image\" \/>\n<meta name=\"twitter:label1\" content=\"Verfasst von\" \/>\n\t<meta name=\"twitter:data1\" content=\"Maria Z\u00f6gernitz\" \/>\n\t<meta name=\"twitter:label2\" content=\"Gesch\u00e4tzte Lesezeit\" \/>\n\t<meta name=\"twitter:data2\" content=\"2\u00a0Minuten\" \/>\n<script type=\"application\/ld+json\" class=\"yoast-schema-graph\">{\"@context\":\"https:\/\/schema.org\",\"@graph\":[{\"@type\":\"Article\",\"@id\":\"https:\/\/www.radlobby.org\/noe\/gemeinderatswahlen-in-niederoesterreich-2025\/#article\",\"isPartOf\":{\"@id\":\"https:\/\/www.radlobby.org\/noe\/gemeinderatswahlen-in-niederoesterreich-2025\/\"},\"author\":{\"name\":\"Maria Z\u00f6gernitz\",\"@id\":\"https:\/\/www.radlobby.org\/noe\/#\/schema\/person\/d1ad6d77ec2ff1837830735b5f074c95\"},\"headline\":\"GemeindeRADswahlen in Nieder\u00f6sterreich 2025\",\"datePublished\":\"2025-01-26T10:50:53+00:00\",\"dateModified\":\"2025-05-14T09:19:16+00:00\",\"mainEntityOfPage\":{\"@id\":\"https:\/\/www.radlobby.org\/noe\/gemeinderatswahlen-in-niederoesterreich-2025\/\"},\"wordCount\":339,\"publisher\":{\"@id\":\"https:\/\/www.radlobby.org\/noe\/#organization\"},\"image\":{\"@id\":\"https:\/\/www.radlobby.org\/noe\/gemeinderatswahlen-in-niederoesterreich-2025\/#primaryimage\"},\"thumbnailUrl\":\"https:\/\/www.radlobby.org\/noe\/wp-content\/uploads\/DSCN6446-scaled.jpg\",\"keywords\":[\"gemeinderatswahl\",\"Gemeinderatswahlen\",\"wahlen 2025\"],\"articleSection\":{\"1\":\"Radlobby Nieder\u00f6sterreich\",\"2\":\"Radpolitik in N\u00d6\"},\"inLanguage\":\"de\"},{\"@type\":\"WebPage\",\"@id\":\"https:\/\/www.radlobby.org\/noe\/gemeinderatswahlen-in-niederoesterreich-2025\/\",\"url\":\"https:\/\/www.radlobby.org\/noe\/gemeinderatswahlen-in-niederoesterreich-2025\/\",\"name\":\"GemeindeRADswahlen in Nieder\u00f6sterreich 2025 - Radlobby Nieder\u00f6sterreich\",\"isPartOf\":{\"@id\":\"https:\/\/www.radlobby.org\/noe\/#website\"},\"primaryImageOfPage\":{\"@id\":\"https:\/\/www.radlobby.org\/noe\/gemeinderatswahlen-in-niederoesterreich-2025\/#primaryimage\"},\"image\":{\"@id\":\"https:\/\/www.radlobby.org\/noe\/gemeinderatswahlen-in-niederoesterreich-2025\/#primaryimage\"},\"thumbnailUrl\":\"https:\/\/www.radlobby.org\/noe\/wp-content\/uploads\/DSCN6446-scaled.jpg\",\"datePublished\":\"2025-01-26T10:50:53+00:00\",\"dateModified\":\"2025-05-14T09:19:16+00:00\",\"description\":\"Im J\u00e4nner 2025 wird in vielen Gemeinden in Nieder\u00f6sterreich gew\u00e4hlt. Schwerpunkte setzt die Radlobby Nieder\u00f6sterreich dabei auf 3 Themenfelder.\",\"breadcrumb\":{\"@id\":\"https:\/\/www.radlobby.org\/noe\/gemeinderatswahlen-in-niederoesterreich-2025\/#breadcrumb\"},\"inLanguage\":\"de\",\"potentialAction\":[{\"@type\":\"ReadAction\",\"target\":[\"https:\/\/www.radlobby.org\/noe\/gemeinderatswahlen-in-niederoesterreich-2025\/\"]}]},{\"@type\":\"ImageObject\",\"inLanguage\":\"de\",\"@id\":\"https:\/\/www.radlobby.org\/noe\/gemeinderatswahlen-in-niederoesterreich-2025\/#primaryimage\",\"url\":\"https:\/\/www.radlobby.org\/noe\/wp-content\/uploads\/DSCN6446-scaled.jpg\",\"contentUrl\":\"https:\/\/www.radlobby.org\/noe\/wp-content\/uploads\/DSCN6446-scaled.jpg\",\"width\":2560,\"height\":1920,\"caption\":\"Ma\u00dfnahmen- und Verbesserungsvorschl\u00e4ge f\u00fcr Nieder\u00f6sterreich\"},{\"@type\":\"BreadcrumbList\",\"@id\":\"https:\/\/www.radlobby.org\/noe\/gemeinderatswahlen-in-niederoesterreich-2025\/#breadcrumb\",\"itemListElement\":[{\"@type\":\"ListItem\",\"position\":1,\"name\":\"Startseite\",\"item\":\"https:\/\/www.radlobby.org\/noe\/\"},{\"@type\":\"ListItem\",\"position\":2,\"name\":\"GemeindeRADswahlen in Nieder\u00f6sterreich 2025\"}]},{\"@type\":\"WebSite\",\"@id\":\"https:\/\/www.radlobby.org\/noe\/#website\",\"url\":\"https:\/\/www.radlobby.org\/noe\/\",\"name\":\"Radlobby Nieder\u00f6sterreich\",\"description\":\"Radverkehr, Fahrrad, Radfahren, Radreisen, Radtouren, Radweg\",\"publisher\":{\"@id\":\"https:\/\/www.radlobby.org\/noe\/#organization\"},\"potentialAction\":[{\"@type\":\"SearchAction\",\"target\":{\"@type\":\"EntryPoint\",\"urlTemplate\":\"https:\/\/www.radlobby.org\/noe\/?s={search_term_string}\"},\"query-input\":{\"@type\":\"PropertyValueSpecification\",\"valueRequired\":true,\"valueName\":\"search_term_string\"}}],\"inLanguage\":\"de\"},{\"@type\":\"Organization\",\"@id\":\"https:\/\/www.radlobby.org\/noe\/#organization\",\"name\":\"Radlobby Nieder\u00f6sterreich\",\"url\":\"https:\/\/www.radlobby.org\/noe\/\",\"logo\":{\"@type\":\"ImageObject\",\"inLanguage\":\"de\",\"@id\":\"https:\/\/www.radlobby.org\/noe\/#\/schema\/logo\/image\/\",\"url\":\"https:\/\/www.radlobby.org\/noe\/wp-content\/uploads\/2017\/01\/cropped-Logo_Radlobby_Niederoesterreich_50-400px_quer-1.jpg\",\"contentUrl\":\"https:\/\/www.radlobby.org\/noe\/wp-content\/uploads\/2017\/01\/cropped-Logo_Radlobby_Niederoesterreich_50-400px_quer-1.jpg\",\"width\":450,\"height\":124,\"caption\":\"Radlobby Nieder\u00f6sterreich\"},\"image\":{\"@id\":\"https:\/\/www.radlobby.org\/noe\/#\/schema\/logo\/image\/\"},\"sameAs\":[\"https:\/\/www.facebook.com\/groups\/radfahren.in.noe\/\"]},{\"@type\":\"Person\",\"@id\":\"https:\/\/www.radlobby.org\/noe\/#\/schema\/person\/d1ad6d77ec2ff1837830735b5f074c95\",\"name\":\"Maria Z\u00f6gernitz\",\"image\":{\"@type\":\"ImageObject\",\"inLanguage\":\"de\",\"@id\":\"https:\/\/www.radlobby.org\/noe\/#\/schema\/person\/image\/\",\"url\":\"https:\/\/secure.gravatar.com\/avatar\/f0ec056831cd418e44e25a41becb89b06234dc4c32d644fddd8329785f26d862?s=96&d=mm&r=g\",\"contentUrl\":\"https:\/\/secure.gravatar.com\/avatar\/f0ec056831cd418e44e25a41becb89b06234dc4c32d644fddd8329785f26d862?s=96&d=mm&r=g\",\"caption\":\"Maria Z\u00f6gernitz\"},\"description\":\"Ortsgruppe St. P\u00f6lten\",\"url\":\"https:\/\/www.radlobby.org\/noe\/author\/maria-zoegernitz\/\"}]}<\/script>\n<!-- \/ Yoast SEO plugin. -->","yoast_head_json":{"title":"GemeindeRADswahlen in Nieder\u00f6sterreich 2025 - Radlobby Nieder\u00f6sterreich","description":"Im J\u00e4nner 2025 wird in vielen Gemeinden in Nieder\u00f6sterreich gew\u00e4hlt. Schwerpunkte setzt die Radlobby Nieder\u00f6sterreich dabei auf 3 Themenfelder.","robots":{"index":"index","follow":"follow","max-snippet":"max-snippet:-1","max-image-preview":"max-image-preview:large","max-video-preview":"max-video-preview:-1"},"canonical":"https:\/\/www.radlobby.org\/noe\/gemeinderatswahlen-in-niederoesterreich-2025\/","og_locale":"de_DE","og_type":"article","og_title":"GemeindeRADswahlen in Nieder\u00f6sterreich 2025 - Radlobby Nieder\u00f6sterreich","og_description":"Im J\u00e4nner 2025 wird in vielen Gemeinden in Nieder\u00f6sterreich gew\u00e4hlt. Schwerpunkte setzt die Radlobby Nieder\u00f6sterreich dabei auf 3 Themenfelder.","og_url":"https:\/\/www.radlobby.org\/noe\/gemeinderatswahlen-in-niederoesterreich-2025\/","og_site_name":"Radlobby Nieder\u00f6sterreich","article_publisher":"https:\/\/www.facebook.com\/groups\/radfahren.in.noe\/","article_published_time":"2025-01-26T10:50:53+00:00","article_modified_time":"2025-05-14T09:19:16+00:00","og_image":[{"width":2560,"height":1920,"url":"https:\/\/www.radlobby.org\/noe\/wp-content\/uploads\/DSCN6446-scaled.jpg","type":"image\/jpeg"}],"author":"Maria Z\u00f6gernitz","twitter_card":"summary_large_image","twitter_misc":{"Verfasst von":"Maria Z\u00f6gernitz","Gesch\u00e4tzte Lesezeit":"2\u00a0Minuten"},"schema":{"@context":"https:\/\/schema.org","@graph":[{"@type":"Article","@id":"https:\/\/www.radlobby.org\/noe\/gemeinderatswahlen-in-niederoesterreich-2025\/#article","isPartOf":{"@id":"https:\/\/www.radlobby.org\/noe\/gemeinderatswahlen-in-niederoesterreich-2025\/"},"author":{"name":"Maria Z\u00f6gernitz","@id":"https:\/\/www.radlobby.org\/noe\/#\/schema\/person\/d1ad6d77ec2ff1837830735b5f074c95"},"headline":"GemeindeRADswahlen in Nieder\u00f6sterreich 2025","datePublished":"2025-01-26T10:50:53+00:00","dateModified":"2025-05-14T09:19:16+00:00","mainEntityOfPage":{"@id":"https:\/\/www.radlobby.org\/noe\/gemeinderatswahlen-in-niederoesterreich-2025\/"},"wordCount":339,"publisher":{"@id":"https:\/\/www.radlobby.org\/noe\/#organization"},"image":{"@id":"https:\/\/www.radlobby.org\/noe\/gemeinderatswahlen-in-niederoesterreich-2025\/#primaryimage"},"thumbnailUrl":"https:\/\/www.radlobby.org\/noe\/wp-content\/uploads\/DSCN6446-scaled.jpg","keywords":["gemeinderatswahl","Gemeinderatswahlen","wahlen 2025"],"articleSection":{"1":"Radlobby Nieder\u00f6sterreich","2":"Radpolitik in N\u00d6"},"inLanguage":"de"},{"@type":"WebPage","@id":"https:\/\/www.radlobby.org\/noe\/gemeinderatswahlen-in-niederoesterreich-2025\/","url":"https:\/\/www.radlobby.org\/noe\/gemeinderatswahlen-in-niederoesterreich-2025\/","name":"GemeindeRADswahlen in Nieder\u00f6sterreich 2025 - Radlobby Nieder\u00f6sterreich","isPartOf":{"@id":"https:\/\/www.radlobby.org\/noe\/#website"},"primaryImageOfPage":{"@id":"https:\/\/www.radlobby.org\/noe\/gemeinderatswahlen-in-niederoesterreich-2025\/#primaryimage"},"image":{"@id":"https:\/\/www.radlobby.org\/noe\/gemeinderatswahlen-in-niederoesterreich-2025\/#primaryimage"},"thumbnailUrl":"https:\/\/www.radlobby.org\/noe\/wp-content\/uploads\/DSCN6446-scaled.jpg","datePublished":"2025-01-26T10:50:53+00:00","dateModified":"2025-05-14T09:19:16+00:00","description":"Im J\u00e4nner 2025 wird in vielen Gemeinden in Nieder\u00f6sterreich gew\u00e4hlt. Schwerpunkte setzt die Radlobby Nieder\u00f6sterreich dabei auf 3 Themenfelder.","breadcrumb":{"@id":"https:\/\/www.radlobby.org\/noe\/gemeinderatswahlen-in-niederoesterreich-2025\/#breadcrumb"},"inLanguage":"de","potentialAction":[{"@type":"ReadAction","target":["https:\/\/www.radlobby.org\/noe\/gemeinderatswahlen-in-niederoesterreich-2025\/"]}]},{"@type":"ImageObject","inLanguage":"de","@id":"https:\/\/www.radlobby.org\/noe\/gemeinderatswahlen-in-niederoesterreich-2025\/#primaryimage","url":"https:\/\/www.radlobby.org\/noe\/wp-content\/uploads\/DSCN6446-scaled.jpg","contentUrl":"https:\/\/www.radlobby.org\/noe\/wp-content\/uploads\/DSCN6446-scaled.jpg","width":2560,"height":1920,"caption":"Ma\u00dfnahmen- und Verbesserungsvorschl\u00e4ge f\u00fcr Nieder\u00f6sterreich"},{"@type":"BreadcrumbList","@id":"https:\/\/www.radlobby.org\/noe\/gemeinderatswahlen-in-niederoesterreich-2025\/#breadcrumb","itemListElement":[{"@type":"ListItem","position":1,"name":"Startseite","item":"https:\/\/www.radlobby.org\/noe\/"},{"@type":"ListItem","position":2,"name":"GemeindeRADswahlen in Nieder\u00f6sterreich 2025"}]},{"@type":"WebSite","@id":"https:\/\/www.radlobby.org\/noe\/#website","url":"https:\/\/www.radlobby.org\/noe\/","name":"Radlobby Nieder\u00f6sterreich","description":"Radverkehr, Fahrrad, Radfahren, Radreisen, Radtouren, Radweg","publisher":{"@id":"https:\/\/www.radlobby.org\/noe\/#organization"},"potentialAction":[{"@type":"SearchAction","target":{"@type":"EntryPoint","urlTemplate":"https:\/\/www.radlobby.org\/noe\/?s={search_term_string}"},"query-input":{"@type":"PropertyValueSpecification","valueRequired":true,"valueName":"search_term_string"}}],"inLanguage":"de"},{"@type":"Organization","@id":"https:\/\/www.radlobby.org\/noe\/#organization","name":"Radlobby Nieder\u00f6sterreich","url":"https:\/\/www.radlobby.org\/noe\/","logo":{"@type":"ImageObject","inLanguage":"de","@id":"https:\/\/www.radlobby.org\/noe\/#\/schema\/logo\/image\/","url":"https:\/\/www.radlobby.org\/noe\/wp-content\/uploads\/2017\/01\/cropped-Logo_Radlobby_Niederoesterreich_50-400px_quer-1.jpg","contentUrl":"https:\/\/www.radlobby.org\/noe\/wp-content\/uploads\/2017\/01\/cropped-Logo_Radlobby_Niederoesterreich_50-400px_quer-1.jpg","width":450,"height":124,"caption":"Radlobby Nieder\u00f6sterreich"},"image":{"@id":"https:\/\/www.radlobby.org\/noe\/#\/schema\/logo\/image\/"},"sameAs":["https:\/\/www.facebook.com\/groups\/radfahren.in.noe\/"]},{"@type":"Person","@id":"https:\/\/www.radlobby.org\/noe\/#\/schema\/person\/d1ad6d77ec2ff1837830735b5f074c95","name":"Maria Z\u00f6gernitz","image":{"@type":"ImageObject","inLanguage":"de","@id":"https:\/\/www.radlobby.org\/noe\/#\/schema\/person\/image\/","url":"https:\/\/secure.gravatar.com\/avatar\/f0ec056831cd418e44e25a41becb89b06234dc4c32d644fddd8329785f26d862?s=96&d=mm&r=g","contentUrl":"https:\/\/secure.gravatar.com\/avatar\/f0ec056831cd418e44e25a41becb89b06234dc4c32d644fddd8329785f26d862?s=96&d=mm&r=g","caption":"Maria Z\u00f6gernitz"},"description":"Ortsgruppe St. P\u00f6lten","url":"https:\/\/www.radlobby.org\/noe\/author\/maria-zoegernitz\/"}]}},"_links":{"self":[{"href":"https:\/\/www.radlobby.org\/noe\/wp-json\/wp\/v2\/posts\/37327","targetHints":{"allow":["GET"]}}],"collection":[{"href":"https:\/\/www.radlobby.org\/noe\/wp-json\/wp\/v2\/posts"}],"about":[{"href":"https:\/\/www.radlobby.org\/noe\/wp-json\/wp\/v2\/types\/post"}],"author":[{"embeddable":true,"href":"https:\/\/www.radlobby.org\/noe\/wp-json\/wp\/v2\/users\/33"}],"replies":[{"embeddable":true,"href":"https:\/\/www.radlobby.org\/noe\/wp-json\/wp\/v2\/comments?post=37327"}],"version-history":[{"count":23,"href":"https:\/\/www.radlobby.org\/noe\/wp-json\/wp\/v2\/posts\/37327\/revisions"}],"predecessor-version":[{"id":39142,"href":"https:\/\/www.radlobby.org\/noe\/wp-json\/wp\/v2\/posts\/37327\/revisions\/39142"}],"wp:featuredmedia":[{"embeddable":true,"href":"https:\/\/www.radlobby.org\/noe\/wp-json\/wp\/v2\/media\/37317"}],"wp:attachment":[{"href":"https:\/\/www.radlobby.org\/noe\/wp-json\/wp\/v2\/media?parent=37327"}],"wp:term":[{"taxonomy":"category","embeddable":true,"href":"https:\/\/www.radlobby.org\/noe\/wp-json\/wp\/v2\/categories?post=37327"},{"taxonomy":"post_tag","embeddable":true,"href":"https:\/\/www.radlobby.org\/noe\/wp-json\/wp\/v2\/tags?post=37327"}],"curies":[{"name":"wp","href":"https:\/\/api.w.org\/{rel}","templated":true}]}}