{"id":37315,"date":"2024-12-08T21:15:49","date_gmt":"2024-12-08T20:15:49","guid":{"rendered":"https:\/\/www.radlobby.org\/noe\/?p=37315"},"modified":"2024-12-30T16:39:29","modified_gmt":"2024-12-30T15:39:29","slug":"presseaussendung_massnahmenkatalog","status":"publish","type":"post","link":"https:\/\/www.radlobby.org\/noe\/presseaussendung_massnahmenkatalog\/","title":{"rendered":"Presseartikel der Radlobby Amstetten: Ver\u00f6ffentlichung Ma\u00dfnahmenkatalog, November 2024"},"content":{"rendered":"<p><strong>Ma\u00dfnahmenkatalog f\u00fcr radfreundliche Stadt \u00fcbergeben.<\/strong><\/p>\n<p><img loading=\"lazy\" decoding=\"async\" class=\"alignright size-medium wp-image-37317\" src=\"https:\/\/www.radlobby.org\/noe\/wp-content\/uploads\/DSCN6446-300x225.jpg\" alt=\"\" width=\"300\" height=\"225\" srcset=\"https:\/\/www.radlobby.org\/noe\/wp-content\/uploads\/DSCN6446-300x225.jpg 300w, https:\/\/www.radlobby.org\/noe\/wp-content\/uploads\/DSCN6446-768x576.jpg 768w, https:\/\/www.radlobby.org\/noe\/wp-content\/uploads\/DSCN6446-1536x1152.jpg 1536w, https:\/\/www.radlobby.org\/noe\/wp-content\/uploads\/DSCN6446-2048x1536.jpg 2048w\" sizes=\"auto, (max-width: 300px) 100vw, 300px\" \/><\/p>\n<p>\u201cAmstetten kommt gut an\u201c \u2013 dieser Slogan der Stadtgemeinde Amstetten war Ausgangspunkt f\u00fcr die Radlobby Ortsgruppe Amstetten, um der Frage nachzugehen, wie gut es um die Radinfrastruktur im Gemeindegebiet bestellt ist. Ergebnis dieser Erhebungen ist ein umfangreicher Ma\u00dfnahmenkatalog, der auf zentrale Problemstellen und Verbesserungspotenziale f\u00fcrs Radfahren aufmerksam macht. Darin werden neben langfristigen\u00a0Projekten (bewusstseinsbildende Ma\u00dfnahmen und eine allgemeine Temporeduktion) auch mittelfristige (Anbindung des Bahnhofs und des CCA an Radwege) und rasch umzusetzende Ma\u00dfnahmen aufgezeigt (bessere Ausschilderung und Markierung bestehender Radwege).<\/p>\n<p>Diesen Ma\u00dfnahmenkatalog \u00fcbergab die Radlobby Amstetten nun allen Personen, die dem Gemeinderatsausschuss f\u00fcr Mobilit\u00e4t angeh\u00f6ren sowie allen im Gemeinderat vertretenen Parteien.<\/p>\n<p>\u201eEs gibt in der Stadt durchaus Projekte, die die aktive Mobilit\u00e4t f\u00f6rdern und Verbesserungen f\u00fcr Radfahrende und Zufu\u00dfgehende bringen \u2013 etwa die Neugestaltung des Hauptplatzes\u201c, so der Sprecher der Radlobby Amstetten Andreas Halbmayr. Der Ma\u00dfnahmenkatalog zeige jedoch auf, wo nach wie vor Gefahrenstellen liegen und Verbesserungspotenzial vorhanden ist. Insbesondere brauche es langfristig ein zusammenh\u00e4ngendes Radwegenetz f\u00fcr den Alltagsradverkehr, um Radfahren nachhaltig als sichere und attraktive Mobilit\u00e4tsform zu etablieren. Mit dem Ma\u00dfnahmenkatalog m\u00f6chte die Radlobby den zust\u00e4ndigen politischen Vertretern und Vertreterinnen konkrete Handlungsvorschl\u00e4ge an die Hand geben und steht als Ansprechpartnerin in Angelegenheiten der aktiven Mobilit\u00e4t zur Verf\u00fcgung.<\/p>\n<p>Die Radlobby wird im Rahmen der bevorstehenden Gemeinderatswahl eine Umfrage unter den wahlwerbenden Parteien zu ihren jeweiligen Ideen zur F\u00f6rderung der aktiven Mobilit\u00e4t durchf\u00fchren. Die Ergebnisse werden im J\u00e4nner pr\u00e4sentiert.<\/p>\n<p>Der Ma\u00dfnahmenkatalog wurde an alle politisch vertretenen Parteien im Gemeinderat, sowie an alle Personen im zust\u00e4ndigen Ausschuss \u00fcbermittelt und ist hier downloadbar: <a href=\"https:\/\/www.radlobby.org\/noe\/wp-content\/uploads\/Radlobby-Massnahmenkatalog_-2024.pdf\" target=\"_blank\" rel=\"noopener\">Hier klicken<\/a><\/p>\n","protected":false},"excerpt":{"rendered":"<p>Ma\u00dfnahmenkatalog f\u00fcr radfreundliche Stadt \u00fcbergeben. \u201cAmstetten kommt gut an\u201c \u2013 dieser Slogan der Stadtgemeinde Amstetten war Ausgangspunkt f\u00fcr die Radlobby Ortsgruppe Amstetten, um der Frage nachzugehen, wie gut es um die Radinfrastruktur im Gemeindegebiet bestellt ist. Ergebnis dieser Erhebungen ist<\/p>\n","protected":false},"author":85,"featured_media":37317,"comment_status":"closed","ping_status":"closed","sticky":false,"template":"","format":"standard","meta":{"footnotes":""},"categories":[1,383,579,321,20,596],"tags":[],"class_list":["post-37315","post","type-post","status-publish","format-standard","has-post-thumbnail","hentry","category-allgemein","category-presse-medien","category-amstetten","category-enns-donauwinkel","category-niederoesterreich","category-ybbstal"],"yoast_head":"<!-- This site is optimized with the Yoast SEO plugin v26.9 - https:\/\/yoast.com\/product\/yoast-seo-wordpress\/ -->\n<title>Presseartikel der Radlobby Amstetten: Ver\u00f6ffentlichung Ma\u00dfnahmenkatalog, November 2024 - Radlobby Nieder\u00f6sterreich<\/title>\n<meta name=\"robots\" content=\"index, follow, max-snippet:-1, max-image-preview:large, max-video-preview:-1\" \/>\n<link rel=\"canonical\" href=\"https:\/\/www.radlobby.org\/noe\/presseaussendung_massnahmenkatalog\/\" \/>\n<meta property=\"og:locale\" content=\"de_DE\" \/>\n<meta property=\"og:type\" content=\"article\" \/>\n<meta property=\"og:title\" content=\"Presseartikel der Radlobby Amstetten: Ver\u00f6ffentlichung Ma\u00dfnahmenkatalog, November 2024 - Radlobby Nieder\u00f6sterreich\" \/>\n<meta property=\"og:description\" content=\"Ma\u00dfnahmenkatalog f\u00fcr radfreundliche Stadt \u00fcbergeben. \u201cAmstetten kommt gut an\u201c \u2013 dieser Slogan der Stadtgemeinde Amstetten war Ausgangspunkt f\u00fcr die Radlobby Ortsgruppe Amstetten, um der Frage nachzugehen, wie gut es um die Radinfrastruktur im Gemeindegebiet bestellt ist. Ergebnis dieser Erhebungen ist\" \/>\n<meta property=\"og:url\" content=\"https:\/\/www.radlobby.org\/noe\/presseaussendung_massnahmenkatalog\/\" \/>\n<meta property=\"og:site_name\" content=\"Radlobby Nieder\u00f6sterreich\" \/>\n<meta property=\"article:publisher\" content=\"https:\/\/www.facebook.com\/groups\/radfahren.in.noe\/\" \/>\n<meta property=\"article:published_time\" content=\"2024-12-08T20:15:49+00:00\" \/>\n<meta property=\"article:modified_time\" content=\"2024-12-30T15:39:29+00:00\" \/>\n<meta property=\"og:image\" content=\"https:\/\/www.radlobby.org\/noe\/wp-content\/uploads\/DSCN6446-scaled.jpg\" \/>\n\t<meta property=\"og:image:width\" content=\"2560\" \/>\n\t<meta property=\"og:image:height\" content=\"1920\" \/>\n\t<meta property=\"og:image:type\" content=\"image\/jpeg\" \/>\n<meta name=\"author\" content=\"Patrick Haslinger\" \/>\n<meta name=\"twitter:card\" content=\"summary_large_image\" \/>\n<meta name=\"twitter:label1\" content=\"Verfasst von\" \/>\n\t<meta name=\"twitter:data1\" content=\"Patrick Haslinger\" \/>\n\t<meta name=\"twitter:label2\" content=\"Gesch\u00e4tzte Lesezeit\" \/>\n\t<meta name=\"twitter:data2\" content=\"2\u00a0Minuten\" \/>\n<script type=\"application\/ld+json\" class=\"yoast-schema-graph\">{\"@context\":\"https:\/\/schema.org\",\"@graph\":[{\"@type\":\"Article\",\"@id\":\"https:\/\/www.radlobby.org\/noe\/presseaussendung_massnahmenkatalog\/#article\",\"isPartOf\":{\"@id\":\"https:\/\/www.radlobby.org\/noe\/presseaussendung_massnahmenkatalog\/\"},\"author\":{\"name\":\"Patrick Haslinger\",\"@id\":\"https:\/\/www.radlobby.org\/noe\/#\/schema\/person\/afe0233b9fb4bb6eaceaa46c6751785c\"},\"headline\":\"Presseartikel der Radlobby Amstetten: Ver\u00f6ffentlichung Ma\u00dfnahmenkatalog, November 2024\",\"datePublished\":\"2024-12-08T20:15:49+00:00\",\"dateModified\":\"2024-12-30T15:39:29+00:00\",\"mainEntityOfPage\":{\"@id\":\"https:\/\/www.radlobby.org\/noe\/presseaussendung_massnahmenkatalog\/\"},\"wordCount\":296,\"publisher\":{\"@id\":\"https:\/\/www.radlobby.org\/noe\/#organization\"},\"image\":{\"@id\":\"https:\/\/www.radlobby.org\/noe\/presseaussendung_massnahmenkatalog\/#primaryimage\"},\"thumbnailUrl\":\"https:\/\/www.radlobby.org\/noe\/wp-content\/uploads\/DSCN6446-scaled.jpg\",\"articleSection\":{\"1\":\"Presse &amp; Medien\",\"2\":\"Radlobby Amstetten\",\"3\":\"Radlobby Enns-Donauwinkel\",\"4\":\"Radlobby Nieder\u00f6sterreich\",\"5\":\"Radlobby Ybbstal\"},\"inLanguage\":\"de\"},{\"@type\":\"WebPage\",\"@id\":\"https:\/\/www.radlobby.org\/noe\/presseaussendung_massnahmenkatalog\/\",\"url\":\"https:\/\/www.radlobby.org\/noe\/presseaussendung_massnahmenkatalog\/\",\"name\":\"Presseartikel der Radlobby Amstetten: Ver\u00f6ffentlichung Ma\u00dfnahmenkatalog, November 2024 - Radlobby Nieder\u00f6sterreich\",\"isPartOf\":{\"@id\":\"https:\/\/www.radlobby.org\/noe\/#website\"},\"primaryImageOfPage\":{\"@id\":\"https:\/\/www.radlobby.org\/noe\/presseaussendung_massnahmenkatalog\/#primaryimage\"},\"image\":{\"@id\":\"https:\/\/www.radlobby.org\/noe\/presseaussendung_massnahmenkatalog\/#primaryimage\"},\"thumbnailUrl\":\"https:\/\/www.radlobby.org\/noe\/wp-content\/uploads\/DSCN6446-scaled.jpg\",\"datePublished\":\"2024-12-08T20:15:49+00:00\",\"dateModified\":\"2024-12-30T15:39:29+00:00\",\"breadcrumb\":{\"@id\":\"https:\/\/www.radlobby.org\/noe\/presseaussendung_massnahmenkatalog\/#breadcrumb\"},\"inLanguage\":\"de\",\"potentialAction\":[{\"@type\":\"ReadAction\",\"target\":[\"https:\/\/www.radlobby.org\/noe\/presseaussendung_massnahmenkatalog\/\"]}]},{\"@type\":\"ImageObject\",\"inLanguage\":\"de\",\"@id\":\"https:\/\/www.radlobby.org\/noe\/presseaussendung_massnahmenkatalog\/#primaryimage\",\"url\":\"https:\/\/www.radlobby.org\/noe\/wp-content\/uploads\/DSCN6446-scaled.jpg\",\"contentUrl\":\"https:\/\/www.radlobby.org\/noe\/wp-content\/uploads\/DSCN6446-scaled.jpg\",\"width\":2560,\"height\":1920,\"caption\":\"Ma\u00dfnahmen- und Verbesserungsvorschl\u00e4ge f\u00fcr Nieder\u00f6sterreich\"},{\"@type\":\"BreadcrumbList\",\"@id\":\"https:\/\/www.radlobby.org\/noe\/presseaussendung_massnahmenkatalog\/#breadcrumb\",\"itemListElement\":[{\"@type\":\"ListItem\",\"position\":1,\"name\":\"Startseite\",\"item\":\"https:\/\/www.radlobby.org\/noe\/\"},{\"@type\":\"ListItem\",\"position\":2,\"name\":\"Presseartikel der Radlobby Amstetten: Ver\u00f6ffentlichung Ma\u00dfnahmenkatalog, November 2024\"}]},{\"@type\":\"WebSite\",\"@id\":\"https:\/\/www.radlobby.org\/noe\/#website\",\"url\":\"https:\/\/www.radlobby.org\/noe\/\",\"name\":\"Radlobby Nieder\u00f6sterreich\",\"description\":\"Radverkehr, Fahrrad, Radfahren, Radreisen, Radtouren, Radweg\",\"publisher\":{\"@id\":\"https:\/\/www.radlobby.org\/noe\/#organization\"},\"potentialAction\":[{\"@type\":\"SearchAction\",\"target\":{\"@type\":\"EntryPoint\",\"urlTemplate\":\"https:\/\/www.radlobby.org\/noe\/?s={search_term_string}\"},\"query-input\":{\"@type\":\"PropertyValueSpecification\",\"valueRequired\":true,\"valueName\":\"search_term_string\"}}],\"inLanguage\":\"de\"},{\"@type\":\"Organization\",\"@id\":\"https:\/\/www.radlobby.org\/noe\/#organization\",\"name\":\"Radlobby Nieder\u00f6sterreich\",\"url\":\"https:\/\/www.radlobby.org\/noe\/\",\"logo\":{\"@type\":\"ImageObject\",\"inLanguage\":\"de\",\"@id\":\"https:\/\/www.radlobby.org\/noe\/#\/schema\/logo\/image\/\",\"url\":\"https:\/\/www.radlobby.org\/noe\/wp-content\/uploads\/2017\/01\/cropped-Logo_Radlobby_Niederoesterreich_50-400px_quer-1.jpg\",\"contentUrl\":\"https:\/\/www.radlobby.org\/noe\/wp-content\/uploads\/2017\/01\/cropped-Logo_Radlobby_Niederoesterreich_50-400px_quer-1.jpg\",\"width\":450,\"height\":124,\"caption\":\"Radlobby Nieder\u00f6sterreich\"},\"image\":{\"@id\":\"https:\/\/www.radlobby.org\/noe\/#\/schema\/logo\/image\/\"},\"sameAs\":[\"https:\/\/www.facebook.com\/groups\/radfahren.in.noe\/\"]},{\"@type\":\"Person\",\"@id\":\"https:\/\/www.radlobby.org\/noe\/#\/schema\/person\/afe0233b9fb4bb6eaceaa46c6751785c\",\"name\":\"Patrick Haslinger\",\"image\":{\"@type\":\"ImageObject\",\"inLanguage\":\"de\",\"@id\":\"https:\/\/www.radlobby.org\/noe\/#\/schema\/person\/image\/\",\"url\":\"https:\/\/secure.gravatar.com\/avatar\/e4e98524259135452c397dd1b66d0b10e5e5e96b0b2426c95f00c17c53897790?s=96&d=mm&r=g\",\"contentUrl\":\"https:\/\/secure.gravatar.com\/avatar\/e4e98524259135452c397dd1b66d0b10e5e5e96b0b2426c95f00c17c53897790?s=96&d=mm&r=g\",\"caption\":\"Patrick Haslinger\"},\"url\":\"https:\/\/www.radlobby.org\/noe\/author\/patrick-haslinger\/\"}]}<\/script>\n<!-- \/ Yoast SEO plugin. -->","yoast_head_json":{"title":"Presseartikel der Radlobby Amstetten: Ver\u00f6ffentlichung Ma\u00dfnahmenkatalog, November 2024 - Radlobby Nieder\u00f6sterreich","robots":{"index":"index","follow":"follow","max-snippet":"max-snippet:-1","max-image-preview":"max-image-preview:large","max-video-preview":"max-video-preview:-1"},"canonical":"https:\/\/www.radlobby.org\/noe\/presseaussendung_massnahmenkatalog\/","og_locale":"de_DE","og_type":"article","og_title":"Presseartikel der Radlobby Amstetten: Ver\u00f6ffentlichung Ma\u00dfnahmenkatalog, November 2024 - Radlobby Nieder\u00f6sterreich","og_description":"Ma\u00dfnahmenkatalog f\u00fcr radfreundliche Stadt \u00fcbergeben. \u201cAmstetten kommt gut an\u201c \u2013 dieser Slogan der Stadtgemeinde Amstetten war Ausgangspunkt f\u00fcr die Radlobby Ortsgruppe Amstetten, um der Frage nachzugehen, wie gut es um die Radinfrastruktur im Gemeindegebiet bestellt ist. Ergebnis dieser Erhebungen ist","og_url":"https:\/\/www.radlobby.org\/noe\/presseaussendung_massnahmenkatalog\/","og_site_name":"Radlobby Nieder\u00f6sterreich","article_publisher":"https:\/\/www.facebook.com\/groups\/radfahren.in.noe\/","article_published_time":"2024-12-08T20:15:49+00:00","article_modified_time":"2024-12-30T15:39:29+00:00","og_image":[{"width":2560,"height":1920,"url":"https:\/\/www.radlobby.org\/noe\/wp-content\/uploads\/DSCN6446-scaled.jpg","type":"image\/jpeg"}],"author":"Patrick Haslinger","twitter_card":"summary_large_image","twitter_misc":{"Verfasst von":"Patrick Haslinger","Gesch\u00e4tzte Lesezeit":"2\u00a0Minuten"},"schema":{"@context":"https:\/\/schema.org","@graph":[{"@type":"Article","@id":"https:\/\/www.radlobby.org\/noe\/presseaussendung_massnahmenkatalog\/#article","isPartOf":{"@id":"https:\/\/www.radlobby.org\/noe\/presseaussendung_massnahmenkatalog\/"},"author":{"name":"Patrick Haslinger","@id":"https:\/\/www.radlobby.org\/noe\/#\/schema\/person\/afe0233b9fb4bb6eaceaa46c6751785c"},"headline":"Presseartikel der Radlobby Amstetten: Ver\u00f6ffentlichung Ma\u00dfnahmenkatalog, November 2024","datePublished":"2024-12-08T20:15:49+00:00","dateModified":"2024-12-30T15:39:29+00:00","mainEntityOfPage":{"@id":"https:\/\/www.radlobby.org\/noe\/presseaussendung_massnahmenkatalog\/"},"wordCount":296,"publisher":{"@id":"https:\/\/www.radlobby.org\/noe\/#organization"},"image":{"@id":"https:\/\/www.radlobby.org\/noe\/presseaussendung_massnahmenkatalog\/#primaryimage"},"thumbnailUrl":"https:\/\/www.radlobby.org\/noe\/wp-content\/uploads\/DSCN6446-scaled.jpg","articleSection":{"1":"Presse &amp; Medien","2":"Radlobby Amstetten","3":"Radlobby Enns-Donauwinkel","4":"Radlobby Nieder\u00f6sterreich","5":"Radlobby Ybbstal"},"inLanguage":"de"},{"@type":"WebPage","@id":"https:\/\/www.radlobby.org\/noe\/presseaussendung_massnahmenkatalog\/","url":"https:\/\/www.radlobby.org\/noe\/presseaussendung_massnahmenkatalog\/","name":"Presseartikel der Radlobby Amstetten: Ver\u00f6ffentlichung Ma\u00dfnahmenkatalog, November 2024 - Radlobby Nieder\u00f6sterreich","isPartOf":{"@id":"https:\/\/www.radlobby.org\/noe\/#website"},"primaryImageOfPage":{"@id":"https:\/\/www.radlobby.org\/noe\/presseaussendung_massnahmenkatalog\/#primaryimage"},"image":{"@id":"https:\/\/www.radlobby.org\/noe\/presseaussendung_massnahmenkatalog\/#primaryimage"},"thumbnailUrl":"https:\/\/www.radlobby.org\/noe\/wp-content\/uploads\/DSCN6446-scaled.jpg","datePublished":"2024-12-08T20:15:49+00:00","dateModified":"2024-12-30T15:39:29+00:00","breadcrumb":{"@id":"https:\/\/www.radlobby.org\/noe\/presseaussendung_massnahmenkatalog\/#breadcrumb"},"inLanguage":"de","potentialAction":[{"@type":"ReadAction","target":["https:\/\/www.radlobby.org\/noe\/presseaussendung_massnahmenkatalog\/"]}]},{"@type":"ImageObject","inLanguage":"de","@id":"https:\/\/www.radlobby.org\/noe\/presseaussendung_massnahmenkatalog\/#primaryimage","url":"https:\/\/www.radlobby.org\/noe\/wp-content\/uploads\/DSCN6446-scaled.jpg","contentUrl":"https:\/\/www.radlobby.org\/noe\/wp-content\/uploads\/DSCN6446-scaled.jpg","width":2560,"height":1920,"caption":"Ma\u00dfnahmen- und Verbesserungsvorschl\u00e4ge f\u00fcr Nieder\u00f6sterreich"},{"@type":"BreadcrumbList","@id":"https:\/\/www.radlobby.org\/noe\/presseaussendung_massnahmenkatalog\/#breadcrumb","itemListElement":[{"@type":"ListItem","position":1,"name":"Startseite","item":"https:\/\/www.radlobby.org\/noe\/"},{"@type":"ListItem","position":2,"name":"Presseartikel der Radlobby Amstetten: Ver\u00f6ffentlichung Ma\u00dfnahmenkatalog, November 2024"}]},{"@type":"WebSite","@id":"https:\/\/www.radlobby.org\/noe\/#website","url":"https:\/\/www.radlobby.org\/noe\/","name":"Radlobby Nieder\u00f6sterreich","description":"Radverkehr, Fahrrad, Radfahren, Radreisen, Radtouren, Radweg","publisher":{"@id":"https:\/\/www.radlobby.org\/noe\/#organization"},"potentialAction":[{"@type":"SearchAction","target":{"@type":"EntryPoint","urlTemplate":"https:\/\/www.radlobby.org\/noe\/?s={search_term_string}"},"query-input":{"@type":"PropertyValueSpecification","valueRequired":true,"valueName":"search_term_string"}}],"inLanguage":"de"},{"@type":"Organization","@id":"https:\/\/www.radlobby.org\/noe\/#organization","name":"Radlobby Nieder\u00f6sterreich","url":"https:\/\/www.radlobby.org\/noe\/","logo":{"@type":"ImageObject","inLanguage":"de","@id":"https:\/\/www.radlobby.org\/noe\/#\/schema\/logo\/image\/","url":"https:\/\/www.radlobby.org\/noe\/wp-content\/uploads\/2017\/01\/cropped-Logo_Radlobby_Niederoesterreich_50-400px_quer-1.jpg","contentUrl":"https:\/\/www.radlobby.org\/noe\/wp-content\/uploads\/2017\/01\/cropped-Logo_Radlobby_Niederoesterreich_50-400px_quer-1.jpg","width":450,"height":124,"caption":"Radlobby Nieder\u00f6sterreich"},"image":{"@id":"https:\/\/www.radlobby.org\/noe\/#\/schema\/logo\/image\/"},"sameAs":["https:\/\/www.facebook.com\/groups\/radfahren.in.noe\/"]},{"@type":"Person","@id":"https:\/\/www.radlobby.org\/noe\/#\/schema\/person\/afe0233b9fb4bb6eaceaa46c6751785c","name":"Patrick Haslinger","image":{"@type":"ImageObject","inLanguage":"de","@id":"https:\/\/www.radlobby.org\/noe\/#\/schema\/person\/image\/","url":"https:\/\/secure.gravatar.com\/avatar\/e4e98524259135452c397dd1b66d0b10e5e5e96b0b2426c95f00c17c53897790?s=96&d=mm&r=g","contentUrl":"https:\/\/secure.gravatar.com\/avatar\/e4e98524259135452c397dd1b66d0b10e5e5e96b0b2426c95f00c17c53897790?s=96&d=mm&r=g","caption":"Patrick Haslinger"},"url":"https:\/\/www.radlobby.org\/noe\/author\/patrick-haslinger\/"}]}},"_links":{"self":[{"href":"https:\/\/www.radlobby.org\/noe\/wp-json\/wp\/v2\/posts\/37315","targetHints":{"allow":["GET"]}}],"collection":[{"href":"https:\/\/www.radlobby.org\/noe\/wp-json\/wp\/v2\/posts"}],"about":[{"href":"https:\/\/www.radlobby.org\/noe\/wp-json\/wp\/v2\/types\/post"}],"author":[{"embeddable":true,"href":"https:\/\/www.radlobby.org\/noe\/wp-json\/wp\/v2\/users\/85"}],"replies":[{"embeddable":true,"href":"https:\/\/www.radlobby.org\/noe\/wp-json\/wp\/v2\/comments?post=37315"}],"version-history":[{"count":3,"href":"https:\/\/www.radlobby.org\/noe\/wp-json\/wp\/v2\/posts\/37315\/revisions"}],"predecessor-version":[{"id":37321,"href":"https:\/\/www.radlobby.org\/noe\/wp-json\/wp\/v2\/posts\/37315\/revisions\/37321"}],"wp:featuredmedia":[{"embeddable":true,"href":"https:\/\/www.radlobby.org\/noe\/wp-json\/wp\/v2\/media\/37317"}],"wp:attachment":[{"href":"https:\/\/www.radlobby.org\/noe\/wp-json\/wp\/v2\/media?parent=37315"}],"wp:term":[{"taxonomy":"category","embeddable":true,"href":"https:\/\/www.radlobby.org\/noe\/wp-json\/wp\/v2\/categories?post=37315"},{"taxonomy":"post_tag","embeddable":true,"href":"https:\/\/www.radlobby.org\/noe\/wp-json\/wp\/v2\/tags?post=37315"}],"curies":[{"name":"wp","href":"https:\/\/api.w.org\/{rel}","templated":true}]}}