{"id":37255,"date":"2024-12-03T12:27:31","date_gmt":"2024-12-03T11:27:31","guid":{"rendered":"https:\/\/www.radlobby.org\/noe\/?p=37255"},"modified":"2024-12-03T15:31:19","modified_gmt":"2024-12-03T14:31:19","slug":"neujahresradeln-von-bad-voeslau-nach-bad-fischau-zum-neujahresschwimmen-am-1-jaenner-2025","status":"publish","type":"post","link":"https:\/\/www.radlobby.org\/noe\/neujahresradeln-von-bad-voeslau-nach-bad-fischau-zum-neujahresschwimmen-am-1-jaenner-2025\/","title":{"rendered":"Neujahresradeln von Bad V\u00f6slau nach Bad Fischau zum Neujahresschwimmen am 1. J\u00e4nner 2025"},"content":{"rendered":"<h3><strong>Neujahresradeln von Bad V\u00f6slau nach Bad Fischau<\/strong><\/h3>\n<p>Starten Sie sportlich ins neue Jahr! Die Radlobby Bad V\u00f6slau l\u00e4dt herzlich zum <strong>Neujahresradeln<\/strong> ein. Gemeinsam folgen wir dem Beispiel der Wiener Neust\u00e4dter und radeln zum Neujahresschwimmen nach Bad Fischau. Unsere Route ist mit ca. 22 km etwas l\u00e4nger, daher starten wir schon fr\u00fcher \u2013 kommen Sie mit!<\/p>\n<hr \/>\n<h4><strong>Das erwartet Sie beim Neujahresschwimmen<\/strong><\/h4>\n<p>Wer Lust hat, kann in das erfrischende, 18 Grad \u201ewarme\u201c Wasser eintauchen und sich anschlie\u00dfend in der Sauna aufw\u00e4rmen. Denken Sie an <strong>Badegewand, gro\u00dfes Handtuch und Badeschlapfen<\/strong>!<\/p>\n<ul>\n<li><strong>Kulinarik:<\/strong><br \/>\nF\u00fcr Speis und Trank sorgt die Gemeinde Bad Fischau.<\/li>\n<li><strong>Unterhaltung:<\/strong><br \/>\nDas Neujahrskonzert der Wiener Philharmoniker wird auf gro\u00dfen Schirmen \u00fcbertragen.<\/li>\n<\/ul>\n<p>Weitere Informationen finden Sie direkt auf der Seite des <a href=\"https:\/\/www.fischauer-thermalbad.at\/#\"><strong>Thermalbads Bad Fischau<\/strong><\/a><\/p>\n<hr \/>\n<h4><strong>Details im \u00dcberblick<\/strong><\/h4>\n<ul>\n<li><strong>Treffpunkt:<\/strong><br \/>\n9:15 Uhr, Thermalbad Bad V\u00f6slau (p\u00fcnktlich bitte!)<\/li>\n<li><strong>Ziel:<\/strong><br \/>\n11:00 Uhr, <a href=\"https:\/\/www.fischauer-thermalbad.at\/\">Thermalbad Bad Fischau<\/a><\/li>\n<li><strong>Route:<\/strong><br \/>\nVon Bad V\u00f6slau nach Bad Fischau<br \/>\nStrecke: ca. 22 km<br \/>\n<a href=\"https:\/\/de.mapy.cz\/s\/defajudahe\" rel=\"noopener\">Details zur Route ansehen<\/a><\/li>\n<\/ul>\n<hr \/>\n<h4><strong>Hinweise zur Anmeldung<\/strong><\/h4>\n<p>Um \u00fcber m\u00f6gliche \u00c4nderungen (z. B. wetterbedingt) informiert zu bleiben, empfehlen wir eine Anmeldung per E-Mail: <strong><a href=\"mailto:badvoeslau@radlobby.at\" rel=\"noopener\">badvoeslau@radlobby.at<\/a><\/strong><\/p>\n<hr \/>\n<h3><strong>Machen Sie mit!<\/strong><\/h3>\n<p>Ob begeisterte Radfahrer:innen oder Neujahrsschwimmer:innen \u2013 alle sind herzlich eingeladen, mit uns das Jahr 2025 aktiv und fr\u00f6hlich zu beginnen.<\/p>\n<p>Weitere Infos zum Neujahresradeln der Radlobby Wiener Neustadt finden Sie <a href=\"https:\/\/www.radlobby.org\/noe\/neujahrsradeln-2025-wiener-neustadt-bad-fischau-3\/\" rel=\"noopener\">hier<\/a>.<\/p>\n<p>&nbsp;<\/p>\n","protected":false},"excerpt":{"rendered":"<p>Neujahresradeln von Bad V\u00f6slau nach Bad Fischau Starten Sie sportlich ins neue Jahr! Die Radlobby Bad V\u00f6slau l\u00e4dt herzlich zum Neujahresradeln ein. Gemeinsam folgen wir dem Beispiel der Wiener Neust\u00e4dter und radeln zum Neujahresschwimmen nach Bad Fischau. Unsere Route ist<\/p>\n","protected":false},"author":65,"featured_media":37260,"comment_status":"closed","ping_status":"closed","sticky":false,"template":"","format":"standard","meta":{"footnotes":""},"categories":[547],"tags":[],"class_list":["post-37255","post","type-post","status-publish","format-standard","has-post-thumbnail","hentry","category-badvoeslau"],"yoast_head":"<!-- This site is optimized with the Yoast SEO plugin v26.9 - https:\/\/yoast.com\/product\/yoast-seo-wordpress\/ -->\n<title>Neujahresradeln von Bad V\u00f6slau nach Bad Fischau zum Neujahresschwimmen am 1. J\u00e4nner 2025 - Radlobby Nieder\u00f6sterreich<\/title>\n<meta name=\"robots\" content=\"index, follow, max-snippet:-1, max-image-preview:large, max-video-preview:-1\" \/>\n<link rel=\"canonical\" href=\"https:\/\/www.radlobby.org\/noe\/neujahresradeln-von-bad-voeslau-nach-bad-fischau-zum-neujahresschwimmen-am-1-jaenner-2025\/\" \/>\n<meta property=\"og:locale\" content=\"de_DE\" \/>\n<meta property=\"og:type\" content=\"article\" \/>\n<meta property=\"og:title\" content=\"Neujahresradeln von Bad V\u00f6slau nach Bad Fischau zum Neujahresschwimmen am 1. J\u00e4nner 2025 - Radlobby Nieder\u00f6sterreich\" \/>\n<meta property=\"og:description\" content=\"Neujahresradeln von Bad V\u00f6slau nach Bad Fischau Starten Sie sportlich ins neue Jahr! Die Radlobby Bad V\u00f6slau l\u00e4dt herzlich zum Neujahresradeln ein. Gemeinsam folgen wir dem Beispiel der Wiener Neust\u00e4dter und radeln zum Neujahresschwimmen nach Bad Fischau. Unsere Route ist\" \/>\n<meta property=\"og:url\" content=\"https:\/\/www.radlobby.org\/noe\/neujahresradeln-von-bad-voeslau-nach-bad-fischau-zum-neujahresschwimmen-am-1-jaenner-2025\/\" \/>\n<meta property=\"og:site_name\" content=\"Radlobby Nieder\u00f6sterreich\" \/>\n<meta property=\"article:publisher\" content=\"https:\/\/www.facebook.com\/groups\/radfahren.in.noe\/\" \/>\n<meta property=\"article:published_time\" content=\"2024-12-03T11:27:31+00:00\" \/>\n<meta property=\"article:modified_time\" content=\"2024-12-03T14:31:19+00:00\" \/>\n<meta property=\"og:image\" content=\"https:\/\/www.radlobby.org\/noe\/wp-content\/uploads\/fischauer-thermalbad.jpg\" \/>\n\t<meta property=\"og:image:width\" content=\"680\" \/>\n\t<meta property=\"og:image:height\" content=\"385\" \/>\n\t<meta property=\"og:image:type\" content=\"image\/jpeg\" \/>\n<meta name=\"author\" content=\"Laura Kafka\" \/>\n<meta name=\"twitter:card\" content=\"summary_large_image\" \/>\n<meta name=\"twitter:label1\" content=\"Verfasst von\" \/>\n\t<meta name=\"twitter:data1\" content=\"Laura Kafka\" \/>\n\t<meta name=\"twitter:label2\" content=\"Gesch\u00e4tzte Lesezeit\" \/>\n\t<meta name=\"twitter:data2\" content=\"2\u00a0Minuten\" \/>\n<script type=\"application\/ld+json\" class=\"yoast-schema-graph\">{\"@context\":\"https:\/\/schema.org\",\"@graph\":[{\"@type\":\"Article\",\"@id\":\"https:\/\/www.radlobby.org\/noe\/neujahresradeln-von-bad-voeslau-nach-bad-fischau-zum-neujahresschwimmen-am-1-jaenner-2025\/#article\",\"isPartOf\":{\"@id\":\"https:\/\/www.radlobby.org\/noe\/neujahresradeln-von-bad-voeslau-nach-bad-fischau-zum-neujahresschwimmen-am-1-jaenner-2025\/\"},\"author\":{\"name\":\"Laura Kafka\",\"@id\":\"https:\/\/www.radlobby.org\/noe\/#\/schema\/person\/3d46d5baaa32e9fab65201812c570448\"},\"headline\":\"Neujahresradeln von Bad V\u00f6slau nach Bad Fischau zum Neujahresschwimmen am 1. J\u00e4nner 2025\",\"datePublished\":\"2024-12-03T11:27:31+00:00\",\"dateModified\":\"2024-12-03T14:31:19+00:00\",\"mainEntityOfPage\":{\"@id\":\"https:\/\/www.radlobby.org\/noe\/neujahresradeln-von-bad-voeslau-nach-bad-fischau-zum-neujahresschwimmen-am-1-jaenner-2025\/\"},\"wordCount\":232,\"publisher\":{\"@id\":\"https:\/\/www.radlobby.org\/noe\/#organization\"},\"image\":{\"@id\":\"https:\/\/www.radlobby.org\/noe\/neujahresradeln-von-bad-voeslau-nach-bad-fischau-zum-neujahresschwimmen-am-1-jaenner-2025\/#primaryimage\"},\"thumbnailUrl\":\"https:\/\/www.radlobby.org\/noe\/wp-content\/uploads\/fischauer-thermalbad.jpg\",\"articleSection\":[\"Radlobby Bad V\u00f6slau\"],\"inLanguage\":\"de\"},{\"@type\":\"WebPage\",\"@id\":\"https:\/\/www.radlobby.org\/noe\/neujahresradeln-von-bad-voeslau-nach-bad-fischau-zum-neujahresschwimmen-am-1-jaenner-2025\/\",\"url\":\"https:\/\/www.radlobby.org\/noe\/neujahresradeln-von-bad-voeslau-nach-bad-fischau-zum-neujahresschwimmen-am-1-jaenner-2025\/\",\"name\":\"Neujahresradeln von Bad V\u00f6slau nach Bad Fischau zum Neujahresschwimmen am 1. J\u00e4nner 2025 - Radlobby Nieder\u00f6sterreich\",\"isPartOf\":{\"@id\":\"https:\/\/www.radlobby.org\/noe\/#website\"},\"primaryImageOfPage\":{\"@id\":\"https:\/\/www.radlobby.org\/noe\/neujahresradeln-von-bad-voeslau-nach-bad-fischau-zum-neujahresschwimmen-am-1-jaenner-2025\/#primaryimage\"},\"image\":{\"@id\":\"https:\/\/www.radlobby.org\/noe\/neujahresradeln-von-bad-voeslau-nach-bad-fischau-zum-neujahresschwimmen-am-1-jaenner-2025\/#primaryimage\"},\"thumbnailUrl\":\"https:\/\/www.radlobby.org\/noe\/wp-content\/uploads\/fischauer-thermalbad.jpg\",\"datePublished\":\"2024-12-03T11:27:31+00:00\",\"dateModified\":\"2024-12-03T14:31:19+00:00\",\"breadcrumb\":{\"@id\":\"https:\/\/www.radlobby.org\/noe\/neujahresradeln-von-bad-voeslau-nach-bad-fischau-zum-neujahresschwimmen-am-1-jaenner-2025\/#breadcrumb\"},\"inLanguage\":\"de\",\"potentialAction\":[{\"@type\":\"ReadAction\",\"target\":[\"https:\/\/www.radlobby.org\/noe\/neujahresradeln-von-bad-voeslau-nach-bad-fischau-zum-neujahresschwimmen-am-1-jaenner-2025\/\"]}]},{\"@type\":\"ImageObject\",\"inLanguage\":\"de\",\"@id\":\"https:\/\/www.radlobby.org\/noe\/neujahresradeln-von-bad-voeslau-nach-bad-fischau-zum-neujahresschwimmen-am-1-jaenner-2025\/#primaryimage\",\"url\":\"https:\/\/www.radlobby.org\/noe\/wp-content\/uploads\/fischauer-thermalbad.jpg\",\"contentUrl\":\"https:\/\/www.radlobby.org\/noe\/wp-content\/uploads\/fischauer-thermalbad.jpg\",\"width\":680,\"height\":385},{\"@type\":\"BreadcrumbList\",\"@id\":\"https:\/\/www.radlobby.org\/noe\/neujahresradeln-von-bad-voeslau-nach-bad-fischau-zum-neujahresschwimmen-am-1-jaenner-2025\/#breadcrumb\",\"itemListElement\":[{\"@type\":\"ListItem\",\"position\":1,\"name\":\"Startseite\",\"item\":\"https:\/\/www.radlobby.org\/noe\/\"},{\"@type\":\"ListItem\",\"position\":2,\"name\":\"Neujahresradeln von Bad V\u00f6slau nach Bad Fischau zum Neujahresschwimmen am 1. J\u00e4nner 2025\"}]},{\"@type\":\"WebSite\",\"@id\":\"https:\/\/www.radlobby.org\/noe\/#website\",\"url\":\"https:\/\/www.radlobby.org\/noe\/\",\"name\":\"Radlobby Nieder\u00f6sterreich\",\"description\":\"Radverkehr, Fahrrad, Radfahren, Radreisen, Radtouren, Radweg\",\"publisher\":{\"@id\":\"https:\/\/www.radlobby.org\/noe\/#organization\"},\"potentialAction\":[{\"@type\":\"SearchAction\",\"target\":{\"@type\":\"EntryPoint\",\"urlTemplate\":\"https:\/\/www.radlobby.org\/noe\/?s={search_term_string}\"},\"query-input\":{\"@type\":\"PropertyValueSpecification\",\"valueRequired\":true,\"valueName\":\"search_term_string\"}}],\"inLanguage\":\"de\"},{\"@type\":\"Organization\",\"@id\":\"https:\/\/www.radlobby.org\/noe\/#organization\",\"name\":\"Radlobby Nieder\u00f6sterreich\",\"url\":\"https:\/\/www.radlobby.org\/noe\/\",\"logo\":{\"@type\":\"ImageObject\",\"inLanguage\":\"de\",\"@id\":\"https:\/\/www.radlobby.org\/noe\/#\/schema\/logo\/image\/\",\"url\":\"https:\/\/www.radlobby.org\/noe\/wp-content\/uploads\/2017\/01\/cropped-Logo_Radlobby_Niederoesterreich_50-400px_quer-1.jpg\",\"contentUrl\":\"https:\/\/www.radlobby.org\/noe\/wp-content\/uploads\/2017\/01\/cropped-Logo_Radlobby_Niederoesterreich_50-400px_quer-1.jpg\",\"width\":450,\"height\":124,\"caption\":\"Radlobby Nieder\u00f6sterreich\"},\"image\":{\"@id\":\"https:\/\/www.radlobby.org\/noe\/#\/schema\/logo\/image\/\"},\"sameAs\":[\"https:\/\/www.facebook.com\/groups\/radfahren.in.noe\/\"]},{\"@type\":\"Person\",\"@id\":\"https:\/\/www.radlobby.org\/noe\/#\/schema\/person\/3d46d5baaa32e9fab65201812c570448\",\"name\":\"Laura Kafka\",\"image\":{\"@type\":\"ImageObject\",\"inLanguage\":\"de\",\"@id\":\"https:\/\/www.radlobby.org\/noe\/#\/schema\/person\/image\/\",\"url\":\"https:\/\/secure.gravatar.com\/avatar\/141ec437f27b3084bc6c91857d881288555812a76d2e9c6af9f4ba5f626465e7?s=96&d=mm&r=g\",\"contentUrl\":\"https:\/\/secure.gravatar.com\/avatar\/141ec437f27b3084bc6c91857d881288555812a76d2e9c6af9f4ba5f626465e7?s=96&d=mm&r=g\",\"caption\":\"Laura Kafka\"},\"url\":\"https:\/\/www.radlobby.org\/noe\/author\/laura-kafka\/\"}]}<\/script>\n<!-- \/ Yoast SEO plugin. -->","yoast_head_json":{"title":"Neujahresradeln von Bad V\u00f6slau nach Bad Fischau zum Neujahresschwimmen am 1. J\u00e4nner 2025 - Radlobby Nieder\u00f6sterreich","robots":{"index":"index","follow":"follow","max-snippet":"max-snippet:-1","max-image-preview":"max-image-preview:large","max-video-preview":"max-video-preview:-1"},"canonical":"https:\/\/www.radlobby.org\/noe\/neujahresradeln-von-bad-voeslau-nach-bad-fischau-zum-neujahresschwimmen-am-1-jaenner-2025\/","og_locale":"de_DE","og_type":"article","og_title":"Neujahresradeln von Bad V\u00f6slau nach Bad Fischau zum Neujahresschwimmen am 1. J\u00e4nner 2025 - Radlobby Nieder\u00f6sterreich","og_description":"Neujahresradeln von Bad V\u00f6slau nach Bad Fischau Starten Sie sportlich ins neue Jahr! Die Radlobby Bad V\u00f6slau l\u00e4dt herzlich zum Neujahresradeln ein. Gemeinsam folgen wir dem Beispiel der Wiener Neust\u00e4dter und radeln zum Neujahresschwimmen nach Bad Fischau. Unsere Route ist","og_url":"https:\/\/www.radlobby.org\/noe\/neujahresradeln-von-bad-voeslau-nach-bad-fischau-zum-neujahresschwimmen-am-1-jaenner-2025\/","og_site_name":"Radlobby Nieder\u00f6sterreich","article_publisher":"https:\/\/www.facebook.com\/groups\/radfahren.in.noe\/","article_published_time":"2024-12-03T11:27:31+00:00","article_modified_time":"2024-12-03T14:31:19+00:00","og_image":[{"width":680,"height":385,"url":"https:\/\/www.radlobby.org\/noe\/wp-content\/uploads\/fischauer-thermalbad.jpg","type":"image\/jpeg"}],"author":"Laura Kafka","twitter_card":"summary_large_image","twitter_misc":{"Verfasst von":"Laura Kafka","Gesch\u00e4tzte Lesezeit":"2\u00a0Minuten"},"schema":{"@context":"https:\/\/schema.org","@graph":[{"@type":"Article","@id":"https:\/\/www.radlobby.org\/noe\/neujahresradeln-von-bad-voeslau-nach-bad-fischau-zum-neujahresschwimmen-am-1-jaenner-2025\/#article","isPartOf":{"@id":"https:\/\/www.radlobby.org\/noe\/neujahresradeln-von-bad-voeslau-nach-bad-fischau-zum-neujahresschwimmen-am-1-jaenner-2025\/"},"author":{"name":"Laura Kafka","@id":"https:\/\/www.radlobby.org\/noe\/#\/schema\/person\/3d46d5baaa32e9fab65201812c570448"},"headline":"Neujahresradeln von Bad V\u00f6slau nach Bad Fischau zum Neujahresschwimmen am 1. J\u00e4nner 2025","datePublished":"2024-12-03T11:27:31+00:00","dateModified":"2024-12-03T14:31:19+00:00","mainEntityOfPage":{"@id":"https:\/\/www.radlobby.org\/noe\/neujahresradeln-von-bad-voeslau-nach-bad-fischau-zum-neujahresschwimmen-am-1-jaenner-2025\/"},"wordCount":232,"publisher":{"@id":"https:\/\/www.radlobby.org\/noe\/#organization"},"image":{"@id":"https:\/\/www.radlobby.org\/noe\/neujahresradeln-von-bad-voeslau-nach-bad-fischau-zum-neujahresschwimmen-am-1-jaenner-2025\/#primaryimage"},"thumbnailUrl":"https:\/\/www.radlobby.org\/noe\/wp-content\/uploads\/fischauer-thermalbad.jpg","articleSection":["Radlobby Bad V\u00f6slau"],"inLanguage":"de"},{"@type":"WebPage","@id":"https:\/\/www.radlobby.org\/noe\/neujahresradeln-von-bad-voeslau-nach-bad-fischau-zum-neujahresschwimmen-am-1-jaenner-2025\/","url":"https:\/\/www.radlobby.org\/noe\/neujahresradeln-von-bad-voeslau-nach-bad-fischau-zum-neujahresschwimmen-am-1-jaenner-2025\/","name":"Neujahresradeln von Bad V\u00f6slau nach Bad Fischau zum Neujahresschwimmen am 1. J\u00e4nner 2025 - Radlobby Nieder\u00f6sterreich","isPartOf":{"@id":"https:\/\/www.radlobby.org\/noe\/#website"},"primaryImageOfPage":{"@id":"https:\/\/www.radlobby.org\/noe\/neujahresradeln-von-bad-voeslau-nach-bad-fischau-zum-neujahresschwimmen-am-1-jaenner-2025\/#primaryimage"},"image":{"@id":"https:\/\/www.radlobby.org\/noe\/neujahresradeln-von-bad-voeslau-nach-bad-fischau-zum-neujahresschwimmen-am-1-jaenner-2025\/#primaryimage"},"thumbnailUrl":"https:\/\/www.radlobby.org\/noe\/wp-content\/uploads\/fischauer-thermalbad.jpg","datePublished":"2024-12-03T11:27:31+00:00","dateModified":"2024-12-03T14:31:19+00:00","breadcrumb":{"@id":"https:\/\/www.radlobby.org\/noe\/neujahresradeln-von-bad-voeslau-nach-bad-fischau-zum-neujahresschwimmen-am-1-jaenner-2025\/#breadcrumb"},"inLanguage":"de","potentialAction":[{"@type":"ReadAction","target":["https:\/\/www.radlobby.org\/noe\/neujahresradeln-von-bad-voeslau-nach-bad-fischau-zum-neujahresschwimmen-am-1-jaenner-2025\/"]}]},{"@type":"ImageObject","inLanguage":"de","@id":"https:\/\/www.radlobby.org\/noe\/neujahresradeln-von-bad-voeslau-nach-bad-fischau-zum-neujahresschwimmen-am-1-jaenner-2025\/#primaryimage","url":"https:\/\/www.radlobby.org\/noe\/wp-content\/uploads\/fischauer-thermalbad.jpg","contentUrl":"https:\/\/www.radlobby.org\/noe\/wp-content\/uploads\/fischauer-thermalbad.jpg","width":680,"height":385},{"@type":"BreadcrumbList","@id":"https:\/\/www.radlobby.org\/noe\/neujahresradeln-von-bad-voeslau-nach-bad-fischau-zum-neujahresschwimmen-am-1-jaenner-2025\/#breadcrumb","itemListElement":[{"@type":"ListItem","position":1,"name":"Startseite","item":"https:\/\/www.radlobby.org\/noe\/"},{"@type":"ListItem","position":2,"name":"Neujahresradeln von Bad V\u00f6slau nach Bad Fischau zum Neujahresschwimmen am 1. J\u00e4nner 2025"}]},{"@type":"WebSite","@id":"https:\/\/www.radlobby.org\/noe\/#website","url":"https:\/\/www.radlobby.org\/noe\/","name":"Radlobby Nieder\u00f6sterreich","description":"Radverkehr, Fahrrad, Radfahren, Radreisen, Radtouren, Radweg","publisher":{"@id":"https:\/\/www.radlobby.org\/noe\/#organization"},"potentialAction":[{"@type":"SearchAction","target":{"@type":"EntryPoint","urlTemplate":"https:\/\/www.radlobby.org\/noe\/?s={search_term_string}"},"query-input":{"@type":"PropertyValueSpecification","valueRequired":true,"valueName":"search_term_string"}}],"inLanguage":"de"},{"@type":"Organization","@id":"https:\/\/www.radlobby.org\/noe\/#organization","name":"Radlobby Nieder\u00f6sterreich","url":"https:\/\/www.radlobby.org\/noe\/","logo":{"@type":"ImageObject","inLanguage":"de","@id":"https:\/\/www.radlobby.org\/noe\/#\/schema\/logo\/image\/","url":"https:\/\/www.radlobby.org\/noe\/wp-content\/uploads\/2017\/01\/cropped-Logo_Radlobby_Niederoesterreich_50-400px_quer-1.jpg","contentUrl":"https:\/\/www.radlobby.org\/noe\/wp-content\/uploads\/2017\/01\/cropped-Logo_Radlobby_Niederoesterreich_50-400px_quer-1.jpg","width":450,"height":124,"caption":"Radlobby Nieder\u00f6sterreich"},"image":{"@id":"https:\/\/www.radlobby.org\/noe\/#\/schema\/logo\/image\/"},"sameAs":["https:\/\/www.facebook.com\/groups\/radfahren.in.noe\/"]},{"@type":"Person","@id":"https:\/\/www.radlobby.org\/noe\/#\/schema\/person\/3d46d5baaa32e9fab65201812c570448","name":"Laura Kafka","image":{"@type":"ImageObject","inLanguage":"de","@id":"https:\/\/www.radlobby.org\/noe\/#\/schema\/person\/image\/","url":"https:\/\/secure.gravatar.com\/avatar\/141ec437f27b3084bc6c91857d881288555812a76d2e9c6af9f4ba5f626465e7?s=96&d=mm&r=g","contentUrl":"https:\/\/secure.gravatar.com\/avatar\/141ec437f27b3084bc6c91857d881288555812a76d2e9c6af9f4ba5f626465e7?s=96&d=mm&r=g","caption":"Laura Kafka"},"url":"https:\/\/www.radlobby.org\/noe\/author\/laura-kafka\/"}]}},"_links":{"self":[{"href":"https:\/\/www.radlobby.org\/noe\/wp-json\/wp\/v2\/posts\/37255","targetHints":{"allow":["GET"]}}],"collection":[{"href":"https:\/\/www.radlobby.org\/noe\/wp-json\/wp\/v2\/posts"}],"about":[{"href":"https:\/\/www.radlobby.org\/noe\/wp-json\/wp\/v2\/types\/post"}],"author":[{"embeddable":true,"href":"https:\/\/www.radlobby.org\/noe\/wp-json\/wp\/v2\/users\/65"}],"replies":[{"embeddable":true,"href":"https:\/\/www.radlobby.org\/noe\/wp-json\/wp\/v2\/comments?post=37255"}],"version-history":[{"count":5,"href":"https:\/\/www.radlobby.org\/noe\/wp-json\/wp\/v2\/posts\/37255\/revisions"}],"predecessor-version":[{"id":37262,"href":"https:\/\/www.radlobby.org\/noe\/wp-json\/wp\/v2\/posts\/37255\/revisions\/37262"}],"wp:featuredmedia":[{"embeddable":true,"href":"https:\/\/www.radlobby.org\/noe\/wp-json\/wp\/v2\/media\/37260"}],"wp:attachment":[{"href":"https:\/\/www.radlobby.org\/noe\/wp-json\/wp\/v2\/media?parent=37255"}],"wp:term":[{"taxonomy":"category","embeddable":true,"href":"https:\/\/www.radlobby.org\/noe\/wp-json\/wp\/v2\/categories?post=37255"},{"taxonomy":"post_tag","embeddable":true,"href":"https:\/\/www.radlobby.org\/noe\/wp-json\/wp\/v2\/tags?post=37255"}],"curies":[{"name":"wp","href":"https:\/\/api.w.org\/{rel}","templated":true}]}}