{"id":37136,"date":"2024-11-20T20:08:12","date_gmt":"2024-11-20T19:08:12","guid":{"rendered":"https:\/\/www.radlobby.org\/noe\/?p=37136"},"modified":"2025-01-01T18:52:25","modified_gmt":"2025-01-01T17:52:25","slug":"neujahrsradeln-2025-wiener-neustadt-bad-fischau-3-2","status":"publish","type":"post","link":"https:\/\/www.radlobby.org\/noe\/neujahrsradeln-2025-wiener-neustadt-bad-fischau-3-2\/","title":{"rendered":"Neujahrsradeln 2025: ab Wiener Neustadt zum &#8220;Neujahrsschwimmen&#8221; in Bad Fischau"},"content":{"rendered":"\r\n<figure id=\"attachment_37149\" aria-describedby=\"caption-attachment-37149\" style=\"width: 300px\" class=\"wp-caption alignright\"><a href=\"https:\/\/www.radlobby.org\/noe\/wp-content\/uploads\/20240101_103701_Neujahrsradeln@BF-1.jpg\" data-src=\"https:\/\/www.radlobby.org\/noe\/wp-content\/uploads\/20240101_103701_Neujahrsradeln@BF-1.jpg\" data-thumb=\"https:\/\/www.radlobby.org\/noe\/wp-content\/uploads\/20240101_103701_Neujahrsradeln@BF-1-300x143.jpg\" class=\"ml-lightbox-enabled\"><img loading=\"lazy\" decoding=\"async\" class=\"wp-image-37149 size-medium\" src=\"https:\/\/www.radlobby.org\/noe\/wp-content\/uploads\/20240101_103701_Neujahrsradeln@BF-1-300x143.jpg\" alt=\"\" width=\"300\" height=\"143\" srcset=\"https:\/\/www.radlobby.org\/noe\/wp-content\/uploads\/20240101_103701_Neujahrsradeln@BF-1-300x143.jpg 300w, https:\/\/www.radlobby.org\/noe\/wp-content\/uploads\/20240101_103701_Neujahrsradeln@BF-1-768x367.jpg 768w, https:\/\/www.radlobby.org\/noe\/wp-content\/uploads\/20240101_103701_Neujahrsradeln@BF-1-1536x734.jpg 1536w, https:\/\/www.radlobby.org\/noe\/wp-content\/uploads\/20240101_103701_Neujahrsradeln@BF-1.jpg 1920w\" sizes=\"auto, (max-width: 300px) 100vw, 300px\" \/><\/a><figcaption id=\"caption-attachment-37149\" class=\"wp-caption-text\">Neujahr 2024: am Bahnhofsplatz<\/figcaption><\/figure>\r\n<p>Der erste gemeinsame Radausflug der Radlobbygruppe Wiener Neustadt zur Er\u00f6ffnung der Radsaison 2025 startet schon am Vormittag des 1. J\u00e4nners!<br \/>Ziel ist die <a href=\"https:\/\/www.fischauer-thermalbad.at\/\" target=\"_blank\" rel=\"noopener\">Kristalltherme Bad Fischau<\/a>, wo ab 11:00 das traditionelle &#8220;Neujahrsschwimmen&#8221; stattfindet (s. Plakat links)!<\/p>\r\n<p><strong>Abfahrt um 10:40 vom Bahnhofsvorplatz!<\/strong><\/p>\r\n\r\n\r\n\r\n<p>S<a href=\"https:\/\/www.radlobby.org\/noe\/wp-content\/uploads\/20250101-NeujahrsschwimmenBadFischau-scaled.jpg\" data-src=\"https:\/\/www.radlobby.org\/noe\/wp-content\/uploads\/20250101-NeujahrsschwimmenBadFischau-scaled.jpg\" data-thumb=\"https:\/\/www.radlobby.org\/noe\/wp-content\/uploads\/20250101-NeujahrsschwimmenBadFischau-212x300.jpg\" class=\"ml-lightbox-enabled\"><img loading=\"lazy\" decoding=\"async\" class=\"alignleft size-medium wp-image-37356\" src=\"https:\/\/www.radlobby.org\/noe\/wp-content\/uploads\/20250101-NeujahrsschwimmenBadFischau-212x300.jpg\" alt=\"\" width=\"212\" height=\"300\" srcset=\"https:\/\/www.radlobby.org\/noe\/wp-content\/uploads\/20250101-NeujahrsschwimmenBadFischau-212x300.jpg 212w, https:\/\/www.radlobby.org\/noe\/wp-content\/uploads\/20250101-NeujahrsschwimmenBadFischau-768x1086.jpg 768w, https:\/\/www.radlobby.org\/noe\/wp-content\/uploads\/20250101-NeujahrsschwimmenBadFischau-1086x1536.jpg 1086w, https:\/\/www.radlobby.org\/noe\/wp-content\/uploads\/20250101-NeujahrsschwimmenBadFischau-1448x2048.jpg 1448w, https:\/\/www.radlobby.org\/noe\/wp-content\/uploads\/20250101-NeujahrsschwimmenBadFischau-scaled.jpg 1811w\" sizes=\"auto, (max-width: 212px) 100vw, 212px\" \/><\/a>trecke ca. 6 km pro Richtung: <a href=\"https:\/\/www.komoot.com\/de-de\/invite-tour\/1960288374?code=cqchl2-jM6vwosC9l1nPvuUgOi761y4c8O1kmB1aGiuel-cwkA&amp;ref=&amp;share_token=aaTQzosbaXI5ftzeyKfIf2nfYi3ygn4Wo8FCuxNHjuOnBMziG7\" target=\"_blank\" rel=\"noopener\">Hauptbahnhof Wr.Neustadt &#8211; Zehnergasse &#8211; Roseggergasse &#8211; Radweg nach Bad Fischau<\/a>.<br \/>Praktizierter Umweltschutz: Wir f\u00fchren einen M\u00fcllsack mit, den &#8211; wer Lust hat &#8211; mit sichtbar ungef\u00e4hrlichen B\u00f6llerei-Resten am Radweg f\u00fcllen und als &#8220;Gegengeschenk&#8221; mitbringen.<\/p>\r\n<figure id=\"attachment_37150\" aria-describedby=\"caption-attachment-37150\" style=\"width: 150px\" class=\"wp-caption alignright\"><a href=\"https:\/\/www.radlobby.org\/noe\/wp-content\/uploads\/20240101_123215_Neujahrsradeln@BF-1.jpg\" data-src=\"https:\/\/www.radlobby.org\/noe\/wp-content\/uploads\/20240101_123215_Neujahrsradeln@BF-1.jpg\" data-thumb=\"https:\/\/www.radlobby.org\/noe\/wp-content\/uploads\/20240101_123215_Neujahrsradeln@BF-1-e1734122229450-150x150.jpg\" class=\"ml-lightbox-enabled\"><img loading=\"lazy\" decoding=\"async\" class=\"wp-image-37150 size-thumbnail\" src=\"https:\/\/www.radlobby.org\/noe\/wp-content\/uploads\/20240101_123215_Neujahrsradeln@BF-1-e1734122229450-150x150.jpg\" alt=\"\" width=\"150\" height=\"150\" srcset=\"https:\/\/www.radlobby.org\/noe\/wp-content\/uploads\/20240101_123215_Neujahrsradeln@BF-1-e1734122229450-150x150.jpg 150w, https:\/\/www.radlobby.org\/noe\/wp-content\/uploads\/20240101_123215_Neujahrsradeln@BF-1-e1734122229450-270x270.jpg 270w, https:\/\/www.radlobby.org\/noe\/wp-content\/uploads\/20240101_123215_Neujahrsradeln@BF-1-e1734122229450-230x230.jpg 230w\" sizes=\"auto, (max-width: 150px) 100vw, 150px\" \/><\/a><figcaption id=\"caption-attachment-37150\" class=\"wp-caption-text\">Neujahr 2024: in der Kristalltherme<\/figcaption><\/figure>\r\n<p>F\u00fcr <strong>Speis und Trank sorgt die Gemeinde Bad Fischau<\/strong>.<br \/>Auf gro\u00dfen Schirmen wird das <strong>Neujahrskonzert der Wiener Philharmoniker<\/strong> \u00fcbertragen.<br \/><strong>Wer will, kann ins 18 Grad &#8220;warme&#8221; Wasser hupfen und sich anschlie\u00dfend in der Sauna aufw\u00e4rmen.<\/strong> <br \/>Badegewand und gro\u00dfes Handtuch Badeschlapfen mitnehmen!<\/p>\r\n<p>Anschlie\u00dfend ab 12:30 Aufw\u00e4rmen in der <a href=\"https:\/\/www.biohof-flechl.at\/Buschenschank\" target=\"_blank\" rel=\"noopener\">Buschenschank Flechl <\/a>(Wiener Neust\u00e4dterstra\u00dfe 5) und R\u00fcckfahrt &#8211; diese ist nat\u00fcrlich auch individuell abwandelbar und sogar mit den \u00d6BB m\u00f6glich!<\/p>\r\n<p><strong>Anmeldung unter <a href=\"mailto:wn@radlobby.org\" target=\"_blank\" rel=\"noopener\">wn@radlobby.org<\/a> wegen eventuell kurzfristiger \u00c4nderungen empfohlen !<\/strong><\/p>\r\n<p>&nbsp;<\/p>\r\n","protected":false},"excerpt":{"rendered":"<p>Am 1. J\u00e4nner 2025 findet das &#8220;Neujahrsradeln&#8221; der Radlobbygruppe Wiener Neustadt zur Kristalltherme Bad Fischau mit optionalem &#8220;Neujahrsschwimmen&#8221; statt. Abfahrt um 10:45 vom Bahnhofsvorplatz! <\/p>\n","protected":false},"author":55,"featured_media":37149,"comment_status":"closed","ping_status":"closed","sticky":false,"template":"","format":"standard","meta":{"footnotes":""},"categories":[668,547,20,12,7],"tags":[],"class_list":["post-37136","post","type-post","status-publish","format-standard","has-post-thumbnail","hentry","category-aktion","category-badvoeslau","category-niederoesterreich","category-schwarzatal","category-wiener-neustadt"],"yoast_head":"<!-- This site is optimized with the Yoast SEO plugin v26.9 - https:\/\/yoast.com\/product\/yoast-seo-wordpress\/ -->\n<title>Neujahrsradeln 2025: ab Wiener Neustadt zum &quot;Neujahrsschwimmen&quot; in Bad Fischau - Radlobby Nieder\u00f6sterreich<\/title>\n<meta name=\"robots\" content=\"index, follow, max-snippet:-1, max-image-preview:large, max-video-preview:-1\" \/>\n<link rel=\"canonical\" href=\"https:\/\/www.radlobby.org\/noe\/neujahrsradeln-2025-wiener-neustadt-bad-fischau-3-2\/\" \/>\n<meta property=\"og:locale\" content=\"de_DE\" \/>\n<meta property=\"og:type\" content=\"article\" \/>\n<meta property=\"og:title\" content=\"Neujahrsradeln 2025: ab Wiener Neustadt zum &quot;Neujahrsschwimmen&quot; in Bad Fischau - Radlobby Nieder\u00f6sterreich\" \/>\n<meta property=\"og:description\" content=\"Am 1. J\u00e4nner 2025 findet das &quot;Neujahrsradeln&quot; der Radlobbygruppe Wiener Neustadt zur Kristalltherme Bad Fischau mit optionalem &quot;Neujahrsschwimmen&quot; statt. Abfahrt um 10:45 vom Bahnhofsvorplatz!\" \/>\n<meta property=\"og:url\" content=\"https:\/\/www.radlobby.org\/noe\/neujahrsradeln-2025-wiener-neustadt-bad-fischau-3-2\/\" \/>\n<meta property=\"og:site_name\" content=\"Radlobby Nieder\u00f6sterreich\" \/>\n<meta property=\"article:publisher\" content=\"https:\/\/www.facebook.com\/groups\/radfahren.in.noe\/\" \/>\n<meta property=\"article:published_time\" content=\"2024-11-20T19:08:12+00:00\" \/>\n<meta property=\"article:modified_time\" content=\"2025-01-01T17:52:25+00:00\" \/>\n<meta property=\"og:image\" content=\"https:\/\/www.radlobby.org\/noe\/wp-content\/uploads\/20240101_103701_Neujahrsradeln@BF-1.jpg\" \/>\n\t<meta property=\"og:image:width\" content=\"1920\" \/>\n\t<meta property=\"og:image:height\" content=\"917\" \/>\n\t<meta property=\"og:image:type\" content=\"image\/jpeg\" \/>\n<meta name=\"author\" content=\"Gerold Petritsch\" \/>\n<meta name=\"twitter:card\" content=\"summary_large_image\" \/>\n<meta name=\"twitter:label1\" content=\"Verfasst von\" \/>\n\t<meta name=\"twitter:data1\" content=\"Gerold Petritsch\" \/>\n\t<meta name=\"twitter:label2\" content=\"Gesch\u00e4tzte Lesezeit\" \/>\n\t<meta name=\"twitter:data2\" content=\"2\u00a0Minuten\" \/>\n<script type=\"application\/ld+json\" class=\"yoast-schema-graph\">{\"@context\":\"https:\/\/schema.org\",\"@graph\":[{\"@type\":\"Article\",\"@id\":\"https:\/\/www.radlobby.org\/noe\/neujahrsradeln-2025-wiener-neustadt-bad-fischau-3-2\/#article\",\"isPartOf\":{\"@id\":\"https:\/\/www.radlobby.org\/noe\/neujahrsradeln-2025-wiener-neustadt-bad-fischau-3-2\/\"},\"author\":{\"name\":\"Gerold Petritsch\",\"@id\":\"https:\/\/www.radlobby.org\/noe\/#\/schema\/person\/6575d09b0e7b7970d5b81d0bab520c61\"},\"headline\":\"Neujahrsradeln 2025: ab Wiener Neustadt zum &#8220;Neujahrsschwimmen&#8221; in Bad Fischau\",\"datePublished\":\"2024-11-20T19:08:12+00:00\",\"dateModified\":\"2025-01-01T17:52:25+00:00\",\"mainEntityOfPage\":{\"@id\":\"https:\/\/www.radlobby.org\/noe\/neujahrsradeln-2025-wiener-neustadt-bad-fischau-3-2\/\"},\"wordCount\":203,\"publisher\":{\"@id\":\"https:\/\/www.radlobby.org\/noe\/#organization\"},\"image\":{\"@id\":\"https:\/\/www.radlobby.org\/noe\/neujahrsradeln-2025-wiener-neustadt-bad-fischau-3-2\/#primaryimage\"},\"thumbnailUrl\":\"https:\/\/www.radlobby.org\/noe\/wp-content\/uploads\/20240101_103701_Neujahrsradeln@BF-1.jpg\",\"articleSection\":[\"Aktion\",\"Radlobby Bad V\u00f6slau\",\"Radlobby Nieder\u00f6sterreich\",\"Radlobby Schwarzatal\",\"Radlobby Wiener Neustadt\"],\"inLanguage\":\"de\"},{\"@type\":\"WebPage\",\"@id\":\"https:\/\/www.radlobby.org\/noe\/neujahrsradeln-2025-wiener-neustadt-bad-fischau-3-2\/\",\"url\":\"https:\/\/www.radlobby.org\/noe\/neujahrsradeln-2025-wiener-neustadt-bad-fischau-3-2\/\",\"name\":\"Neujahrsradeln 2025: ab Wiener Neustadt zum \\\"Neujahrsschwimmen\\\" in Bad Fischau - Radlobby Nieder\u00f6sterreich\",\"isPartOf\":{\"@id\":\"https:\/\/www.radlobby.org\/noe\/#website\"},\"primaryImageOfPage\":{\"@id\":\"https:\/\/www.radlobby.org\/noe\/neujahrsradeln-2025-wiener-neustadt-bad-fischau-3-2\/#primaryimage\"},\"image\":{\"@id\":\"https:\/\/www.radlobby.org\/noe\/neujahrsradeln-2025-wiener-neustadt-bad-fischau-3-2\/#primaryimage\"},\"thumbnailUrl\":\"https:\/\/www.radlobby.org\/noe\/wp-content\/uploads\/20240101_103701_Neujahrsradeln@BF-1.jpg\",\"datePublished\":\"2024-11-20T19:08:12+00:00\",\"dateModified\":\"2025-01-01T17:52:25+00:00\",\"breadcrumb\":{\"@id\":\"https:\/\/www.radlobby.org\/noe\/neujahrsradeln-2025-wiener-neustadt-bad-fischau-3-2\/#breadcrumb\"},\"inLanguage\":\"de\",\"potentialAction\":[{\"@type\":\"ReadAction\",\"target\":[\"https:\/\/www.radlobby.org\/noe\/neujahrsradeln-2025-wiener-neustadt-bad-fischau-3-2\/\"]}]},{\"@type\":\"ImageObject\",\"inLanguage\":\"de\",\"@id\":\"https:\/\/www.radlobby.org\/noe\/neujahrsradeln-2025-wiener-neustadt-bad-fischau-3-2\/#primaryimage\",\"url\":\"https:\/\/www.radlobby.org\/noe\/wp-content\/uploads\/20240101_103701_Neujahrsradeln@BF-1.jpg\",\"contentUrl\":\"https:\/\/www.radlobby.org\/noe\/wp-content\/uploads\/20240101_103701_Neujahrsradeln@BF-1.jpg\",\"width\":1920,\"height\":917,\"caption\":\"Neujahr 2024: am Bahnhofsplatz\"},{\"@type\":\"BreadcrumbList\",\"@id\":\"https:\/\/www.radlobby.org\/noe\/neujahrsradeln-2025-wiener-neustadt-bad-fischau-3-2\/#breadcrumb\",\"itemListElement\":[{\"@type\":\"ListItem\",\"position\":1,\"name\":\"Startseite\",\"item\":\"https:\/\/www.radlobby.org\/noe\/\"},{\"@type\":\"ListItem\",\"position\":2,\"name\":\"Neujahrsradeln 2025: ab Wiener Neustadt zum &#8222;Neujahrsschwimmen&#8220; in Bad Fischau\"}]},{\"@type\":\"WebSite\",\"@id\":\"https:\/\/www.radlobby.org\/noe\/#website\",\"url\":\"https:\/\/www.radlobby.org\/noe\/\",\"name\":\"Radlobby Nieder\u00f6sterreich\",\"description\":\"Radverkehr, Fahrrad, Radfahren, Radreisen, Radtouren, Radweg\",\"publisher\":{\"@id\":\"https:\/\/www.radlobby.org\/noe\/#organization\"},\"potentialAction\":[{\"@type\":\"SearchAction\",\"target\":{\"@type\":\"EntryPoint\",\"urlTemplate\":\"https:\/\/www.radlobby.org\/noe\/?s={search_term_string}\"},\"query-input\":{\"@type\":\"PropertyValueSpecification\",\"valueRequired\":true,\"valueName\":\"search_term_string\"}}],\"inLanguage\":\"de\"},{\"@type\":\"Organization\",\"@id\":\"https:\/\/www.radlobby.org\/noe\/#organization\",\"name\":\"Radlobby Nieder\u00f6sterreich\",\"url\":\"https:\/\/www.radlobby.org\/noe\/\",\"logo\":{\"@type\":\"ImageObject\",\"inLanguage\":\"de\",\"@id\":\"https:\/\/www.radlobby.org\/noe\/#\/schema\/logo\/image\/\",\"url\":\"https:\/\/www.radlobby.org\/noe\/wp-content\/uploads\/2017\/01\/cropped-Logo_Radlobby_Niederoesterreich_50-400px_quer-1.jpg\",\"contentUrl\":\"https:\/\/www.radlobby.org\/noe\/wp-content\/uploads\/2017\/01\/cropped-Logo_Radlobby_Niederoesterreich_50-400px_quer-1.jpg\",\"width\":450,\"height\":124,\"caption\":\"Radlobby Nieder\u00f6sterreich\"},\"image\":{\"@id\":\"https:\/\/www.radlobby.org\/noe\/#\/schema\/logo\/image\/\"},\"sameAs\":[\"https:\/\/www.facebook.com\/groups\/radfahren.in.noe\/\"]},{\"@type\":\"Person\",\"@id\":\"https:\/\/www.radlobby.org\/noe\/#\/schema\/person\/6575d09b0e7b7970d5b81d0bab520c61\",\"name\":\"Gerold Petritsch\",\"image\":{\"@type\":\"ImageObject\",\"inLanguage\":\"de\",\"@id\":\"https:\/\/www.radlobby.org\/noe\/#\/schema\/person\/image\/\",\"url\":\"https:\/\/secure.gravatar.com\/avatar\/9dc36f4c91f9894712dd7fdc25d6d6bc3448cf31a66187da4b2a4081af93013d?s=96&d=mm&r=g\",\"contentUrl\":\"https:\/\/secure.gravatar.com\/avatar\/9dc36f4c91f9894712dd7fdc25d6d6bc3448cf31a66187da4b2a4081af93013d?s=96&d=mm&r=g\",\"caption\":\"Gerold Petritsch\"},\"url\":\"https:\/\/www.radlobby.org\/noe\/author\/gerold-petritsch\/\"}]}<\/script>\n<!-- \/ Yoast SEO plugin. -->","yoast_head_json":{"title":"Neujahrsradeln 2025: ab Wiener Neustadt zum \"Neujahrsschwimmen\" in Bad Fischau - Radlobby Nieder\u00f6sterreich","robots":{"index":"index","follow":"follow","max-snippet":"max-snippet:-1","max-image-preview":"max-image-preview:large","max-video-preview":"max-video-preview:-1"},"canonical":"https:\/\/www.radlobby.org\/noe\/neujahrsradeln-2025-wiener-neustadt-bad-fischau-3-2\/","og_locale":"de_DE","og_type":"article","og_title":"Neujahrsradeln 2025: ab Wiener Neustadt zum \"Neujahrsschwimmen\" in Bad Fischau - Radlobby Nieder\u00f6sterreich","og_description":"Am 1. J\u00e4nner 2025 findet das \"Neujahrsradeln\" der Radlobbygruppe Wiener Neustadt zur Kristalltherme Bad Fischau mit optionalem \"Neujahrsschwimmen\" statt. Abfahrt um 10:45 vom Bahnhofsvorplatz!","og_url":"https:\/\/www.radlobby.org\/noe\/neujahrsradeln-2025-wiener-neustadt-bad-fischau-3-2\/","og_site_name":"Radlobby Nieder\u00f6sterreich","article_publisher":"https:\/\/www.facebook.com\/groups\/radfahren.in.noe\/","article_published_time":"2024-11-20T19:08:12+00:00","article_modified_time":"2025-01-01T17:52:25+00:00","og_image":[{"width":1920,"height":917,"url":"https:\/\/www.radlobby.org\/noe\/wp-content\/uploads\/20240101_103701_Neujahrsradeln@BF-1.jpg","type":"image\/jpeg"}],"author":"Gerold Petritsch","twitter_card":"summary_large_image","twitter_misc":{"Verfasst von":"Gerold Petritsch","Gesch\u00e4tzte Lesezeit":"2\u00a0Minuten"},"schema":{"@context":"https:\/\/schema.org","@graph":[{"@type":"Article","@id":"https:\/\/www.radlobby.org\/noe\/neujahrsradeln-2025-wiener-neustadt-bad-fischau-3-2\/#article","isPartOf":{"@id":"https:\/\/www.radlobby.org\/noe\/neujahrsradeln-2025-wiener-neustadt-bad-fischau-3-2\/"},"author":{"name":"Gerold Petritsch","@id":"https:\/\/www.radlobby.org\/noe\/#\/schema\/person\/6575d09b0e7b7970d5b81d0bab520c61"},"headline":"Neujahrsradeln 2025: ab Wiener Neustadt zum &#8220;Neujahrsschwimmen&#8221; in Bad Fischau","datePublished":"2024-11-20T19:08:12+00:00","dateModified":"2025-01-01T17:52:25+00:00","mainEntityOfPage":{"@id":"https:\/\/www.radlobby.org\/noe\/neujahrsradeln-2025-wiener-neustadt-bad-fischau-3-2\/"},"wordCount":203,"publisher":{"@id":"https:\/\/www.radlobby.org\/noe\/#organization"},"image":{"@id":"https:\/\/www.radlobby.org\/noe\/neujahrsradeln-2025-wiener-neustadt-bad-fischau-3-2\/#primaryimage"},"thumbnailUrl":"https:\/\/www.radlobby.org\/noe\/wp-content\/uploads\/20240101_103701_Neujahrsradeln@BF-1.jpg","articleSection":["Aktion","Radlobby Bad V\u00f6slau","Radlobby Nieder\u00f6sterreich","Radlobby Schwarzatal","Radlobby Wiener Neustadt"],"inLanguage":"de"},{"@type":"WebPage","@id":"https:\/\/www.radlobby.org\/noe\/neujahrsradeln-2025-wiener-neustadt-bad-fischau-3-2\/","url":"https:\/\/www.radlobby.org\/noe\/neujahrsradeln-2025-wiener-neustadt-bad-fischau-3-2\/","name":"Neujahrsradeln 2025: ab Wiener Neustadt zum \"Neujahrsschwimmen\" in Bad Fischau - Radlobby Nieder\u00f6sterreich","isPartOf":{"@id":"https:\/\/www.radlobby.org\/noe\/#website"},"primaryImageOfPage":{"@id":"https:\/\/www.radlobby.org\/noe\/neujahrsradeln-2025-wiener-neustadt-bad-fischau-3-2\/#primaryimage"},"image":{"@id":"https:\/\/www.radlobby.org\/noe\/neujahrsradeln-2025-wiener-neustadt-bad-fischau-3-2\/#primaryimage"},"thumbnailUrl":"https:\/\/www.radlobby.org\/noe\/wp-content\/uploads\/20240101_103701_Neujahrsradeln@BF-1.jpg","datePublished":"2024-11-20T19:08:12+00:00","dateModified":"2025-01-01T17:52:25+00:00","breadcrumb":{"@id":"https:\/\/www.radlobby.org\/noe\/neujahrsradeln-2025-wiener-neustadt-bad-fischau-3-2\/#breadcrumb"},"inLanguage":"de","potentialAction":[{"@type":"ReadAction","target":["https:\/\/www.radlobby.org\/noe\/neujahrsradeln-2025-wiener-neustadt-bad-fischau-3-2\/"]}]},{"@type":"ImageObject","inLanguage":"de","@id":"https:\/\/www.radlobby.org\/noe\/neujahrsradeln-2025-wiener-neustadt-bad-fischau-3-2\/#primaryimage","url":"https:\/\/www.radlobby.org\/noe\/wp-content\/uploads\/20240101_103701_Neujahrsradeln@BF-1.jpg","contentUrl":"https:\/\/www.radlobby.org\/noe\/wp-content\/uploads\/20240101_103701_Neujahrsradeln@BF-1.jpg","width":1920,"height":917,"caption":"Neujahr 2024: am Bahnhofsplatz"},{"@type":"BreadcrumbList","@id":"https:\/\/www.radlobby.org\/noe\/neujahrsradeln-2025-wiener-neustadt-bad-fischau-3-2\/#breadcrumb","itemListElement":[{"@type":"ListItem","position":1,"name":"Startseite","item":"https:\/\/www.radlobby.org\/noe\/"},{"@type":"ListItem","position":2,"name":"Neujahrsradeln 2025: ab Wiener Neustadt zum &#8222;Neujahrsschwimmen&#8220; in Bad Fischau"}]},{"@type":"WebSite","@id":"https:\/\/www.radlobby.org\/noe\/#website","url":"https:\/\/www.radlobby.org\/noe\/","name":"Radlobby Nieder\u00f6sterreich","description":"Radverkehr, Fahrrad, Radfahren, Radreisen, Radtouren, Radweg","publisher":{"@id":"https:\/\/www.radlobby.org\/noe\/#organization"},"potentialAction":[{"@type":"SearchAction","target":{"@type":"EntryPoint","urlTemplate":"https:\/\/www.radlobby.org\/noe\/?s={search_term_string}"},"query-input":{"@type":"PropertyValueSpecification","valueRequired":true,"valueName":"search_term_string"}}],"inLanguage":"de"},{"@type":"Organization","@id":"https:\/\/www.radlobby.org\/noe\/#organization","name":"Radlobby Nieder\u00f6sterreich","url":"https:\/\/www.radlobby.org\/noe\/","logo":{"@type":"ImageObject","inLanguage":"de","@id":"https:\/\/www.radlobby.org\/noe\/#\/schema\/logo\/image\/","url":"https:\/\/www.radlobby.org\/noe\/wp-content\/uploads\/2017\/01\/cropped-Logo_Radlobby_Niederoesterreich_50-400px_quer-1.jpg","contentUrl":"https:\/\/www.radlobby.org\/noe\/wp-content\/uploads\/2017\/01\/cropped-Logo_Radlobby_Niederoesterreich_50-400px_quer-1.jpg","width":450,"height":124,"caption":"Radlobby Nieder\u00f6sterreich"},"image":{"@id":"https:\/\/www.radlobby.org\/noe\/#\/schema\/logo\/image\/"},"sameAs":["https:\/\/www.facebook.com\/groups\/radfahren.in.noe\/"]},{"@type":"Person","@id":"https:\/\/www.radlobby.org\/noe\/#\/schema\/person\/6575d09b0e7b7970d5b81d0bab520c61","name":"Gerold Petritsch","image":{"@type":"ImageObject","inLanguage":"de","@id":"https:\/\/www.radlobby.org\/noe\/#\/schema\/person\/image\/","url":"https:\/\/secure.gravatar.com\/avatar\/9dc36f4c91f9894712dd7fdc25d6d6bc3448cf31a66187da4b2a4081af93013d?s=96&d=mm&r=g","contentUrl":"https:\/\/secure.gravatar.com\/avatar\/9dc36f4c91f9894712dd7fdc25d6d6bc3448cf31a66187da4b2a4081af93013d?s=96&d=mm&r=g","caption":"Gerold Petritsch"},"url":"https:\/\/www.radlobby.org\/noe\/author\/gerold-petritsch\/"}]}},"_links":{"self":[{"href":"https:\/\/www.radlobby.org\/noe\/wp-json\/wp\/v2\/posts\/37136","targetHints":{"allow":["GET"]}}],"collection":[{"href":"https:\/\/www.radlobby.org\/noe\/wp-json\/wp\/v2\/posts"}],"about":[{"href":"https:\/\/www.radlobby.org\/noe\/wp-json\/wp\/v2\/types\/post"}],"author":[{"embeddable":true,"href":"https:\/\/www.radlobby.org\/noe\/wp-json\/wp\/v2\/users\/55"}],"replies":[{"embeddable":true,"href":"https:\/\/www.radlobby.org\/noe\/wp-json\/wp\/v2\/comments?post=37136"}],"version-history":[{"count":11,"href":"https:\/\/www.radlobby.org\/noe\/wp-json\/wp\/v2\/posts\/37136\/revisions"}],"predecessor-version":[{"id":37538,"href":"https:\/\/www.radlobby.org\/noe\/wp-json\/wp\/v2\/posts\/37136\/revisions\/37538"}],"wp:featuredmedia":[{"embeddable":true,"href":"https:\/\/www.radlobby.org\/noe\/wp-json\/wp\/v2\/media\/37149"}],"wp:attachment":[{"href":"https:\/\/www.radlobby.org\/noe\/wp-json\/wp\/v2\/media?parent=37136"}],"wp:term":[{"taxonomy":"category","embeddable":true,"href":"https:\/\/www.radlobby.org\/noe\/wp-json\/wp\/v2\/categories?post=37136"},{"taxonomy":"post_tag","embeddable":true,"href":"https:\/\/www.radlobby.org\/noe\/wp-json\/wp\/v2\/tags?post=37136"}],"curies":[{"name":"wp","href":"https:\/\/api.w.org\/{rel}","templated":true}]}}