{"id":37130,"date":"2024-11-16T18:04:14","date_gmt":"2024-11-16T17:04:14","guid":{"rendered":"https:\/\/www.radlobby.org\/noe\/?p=37130"},"modified":"2025-01-01T17:40:52","modified_gmt":"2025-01-01T16:40:52","slug":"radlobby-bad-voeslau-reparatur-workshop-mit-joe-kreuzer-am-5-11-2024","status":"publish","type":"post","link":"https:\/\/www.radlobby.org\/noe\/radlobby-bad-voeslau-reparatur-workshop-mit-joe-kreuzer-am-5-11-2024\/","title":{"rendered":"Radlobby Bad V\u00f6slau: Reparatur-Workshop mit Joe Kreuzer am 5.11.2024"},"content":{"rendered":"<h2>Workshop von Joe Kreuzer am 5.11.2024 <a href=\"https:\/\/www.radlobby.org\/noe\/wp-content\/uploads\/signal-2024-11-11-193824_008.jpeg\" data-src=\"https:\/\/www.radlobby.org\/noe\/wp-content\/uploads\/signal-2024-11-11-193824_008.jpeg\" data-thumb=\"https:\/\/www.radlobby.org\/noe\/wp-content\/uploads\/signal-2024-11-11-193824_008-300x225.jpeg\" class=\"ml-lightbox-enabled\"><img loading=\"lazy\" decoding=\"async\" class=\"size-medium wp-image-37131 alignright\" src=\"https:\/\/www.radlobby.org\/noe\/wp-content\/uploads\/signal-2024-11-11-193824_008-300x225.jpeg\" alt=\"\" width=\"300\" height=\"225\" srcset=\"https:\/\/www.radlobby.org\/noe\/wp-content\/uploads\/signal-2024-11-11-193824_008-300x225.jpeg 300w, https:\/\/www.radlobby.org\/noe\/wp-content\/uploads\/signal-2024-11-11-193824_008-768x576.jpeg 768w, https:\/\/www.radlobby.org\/noe\/wp-content\/uploads\/signal-2024-11-11-193824_008-1536x1152.jpeg 1536w, https:\/\/www.radlobby.org\/noe\/wp-content\/uploads\/signal-2024-11-11-193824_008.jpeg 1600w\" sizes=\"auto, (max-width: 300px) 100vw, 300px\" \/><\/a><\/h2>\n<p>von Heiko Reimers<\/p>\n<h1><u>Tipps &amp; Tricks bei einem \u201ePlatten unterwegs\u201c <\/u><\/h1>\n<p>Der Ausl\u00f6ser dieses Workshops war, nicht die Abh\u00e4ngigkeit von einem Auto gegen die Abh\u00e4ngigkeit eines Fahrrades zu tauschen, sondern sich zur Not auch selbst helfen zu k\u00f6nnen. Ziel war es, dass eine (mehrt\u00e4gige) Fahrradtour durch einen Platten nicht getr\u00fcbt werden sollte und so trafen sich 9 Gleichgesinnte beim Bikeshop Kreuzer ein.<\/p>\n<p>Eigentlich hatte ich ja schon genug Erfahrung mit Fahrradschl\u00e4uchen reparieren, hatte ich doch schon Jahrelang ein Werksfahrrad in einem Metallbetrieb fast w\u00f6chentlich zu flicken. Ich rechnete mit dem ein oder anderem Neuen, nicht aber mit dieser F\u00fclle an Details wie man es sich im (Rad) Leben leichter machen kann. Die Abl\u00e4ufe wurden praktisch vorgezeigt und exakt erkl\u00e4rt. Auch die Handhabung mit einem Pannenspray, f\u00fcr &amp; wieder einer Dichtmilch sowie alle Fragen rund um den Schlauchtausch wurden von Joe perfekt beantwortet. Zum Schluss kamen als \u201eZugabe\u201c noch die Bremsen dran. Backen-, Scheibenbremsen, hydraulisch &amp; mechanisch.<\/p>\n<h3><u>Das Ergebnis:<\/u><\/h3>\n<p>Es war unbezahlbar, einem Profi bei der Arbeit zu zuschauen und es gab endlich Antworten zu den verschiedenen Verhalten von Bremsen.<\/p>\n<p>Ein Platter unterwegs ist unangenehm, darum Bereifung kontrollieren und am besten Pannensichere M\u00e4ntel fahren.<\/p>\n<p>Die Grenzen kennen und manches doch vom Profi machen lassen.<\/p>\n<p>Danke nochmals Joe<\/p>\n<p>&nbsp;<\/p>\n<p>Bikeshop-Kreuzer<\/p>\n<p>Badnerstrasse 49<br \/>\n2540 Bad V\u00f6slau<br \/>\n<a href=\"tel:+43225270716\">02252 \/ 707 16<\/a><br \/>\n<a href=\"mailto:info@bikeshop-kreuzer.at\">info@bikeshop-kreuzer.at<\/a><\/p>\n<p>&nbsp;<\/p>\n<p>[BadV\u00f6slau_Radparaden]<\/p>\n","protected":false},"excerpt":{"rendered":"<p>Workshop von Joe Kreuzer am 5.11.2024 von Heiko Reimers Tipps &amp; Tricks bei einem \u201ePlatten unterwegs\u201c Der Ausl\u00f6ser dieses Workshops war, nicht die Abh\u00e4ngigkeit von einem Auto gegen die Abh\u00e4ngigkeit eines Fahrrades zu tauschen, sondern sich zur Not auch selbst<\/p>\n","protected":false},"author":65,"featured_media":37132,"comment_status":"closed","ping_status":"closed","sticky":false,"template":"","format":"standard","meta":{"footnotes":""},"categories":[547,195],"tags":[],"class_list":["post-37130","post","type-post","status-publish","format-standard","has-post-thumbnail","hentry","category-badvoeslau","category-baden"],"yoast_head":"<!-- This site is optimized with the Yoast SEO plugin v26.9 - https:\/\/yoast.com\/product\/yoast-seo-wordpress\/ -->\n<title>Radlobby Bad V\u00f6slau: Reparatur-Workshop mit Joe Kreuzer am 5.11.2024 - Radlobby Nieder\u00f6sterreich<\/title>\n<meta name=\"robots\" content=\"index, follow, max-snippet:-1, max-image-preview:large, max-video-preview:-1\" \/>\n<link rel=\"canonical\" href=\"https:\/\/www.radlobby.org\/noe\/radlobby-bad-voeslau-reparatur-workshop-mit-joe-kreuzer-am-5-11-2024\/\" \/>\n<meta property=\"og:locale\" content=\"de_DE\" \/>\n<meta property=\"og:type\" content=\"article\" \/>\n<meta property=\"og:title\" content=\"Radlobby Bad V\u00f6slau: Reparatur-Workshop mit Joe Kreuzer am 5.11.2024 - Radlobby Nieder\u00f6sterreich\" \/>\n<meta property=\"og:description\" content=\"Workshop von Joe Kreuzer am 5.11.2024 von Heiko Reimers Tipps &amp; Tricks bei einem \u201ePlatten unterwegs\u201c Der Ausl\u00f6ser dieses Workshops war, nicht die Abh\u00e4ngigkeit von einem Auto gegen die Abh\u00e4ngigkeit eines Fahrrades zu tauschen, sondern sich zur Not auch selbst\" \/>\n<meta property=\"og:url\" content=\"https:\/\/www.radlobby.org\/noe\/radlobby-bad-voeslau-reparatur-workshop-mit-joe-kreuzer-am-5-11-2024\/\" \/>\n<meta property=\"og:site_name\" content=\"Radlobby Nieder\u00f6sterreich\" \/>\n<meta property=\"article:publisher\" content=\"https:\/\/www.facebook.com\/groups\/radfahren.in.noe\/\" \/>\n<meta property=\"article:published_time\" content=\"2024-11-16T17:04:14+00:00\" \/>\n<meta property=\"article:modified_time\" content=\"2025-01-01T16:40:52+00:00\" \/>\n<meta property=\"og:image\" content=\"https:\/\/www.radlobby.org\/noe\/wp-content\/uploads\/signal-2024-11-11-193824_003.jpeg\" \/>\n\t<meta property=\"og:image:width\" content=\"1600\" \/>\n\t<meta property=\"og:image:height\" content=\"1200\" \/>\n\t<meta property=\"og:image:type\" content=\"image\/jpeg\" \/>\n<meta name=\"author\" content=\"Laura Kafka\" \/>\n<meta name=\"twitter:card\" content=\"summary_large_image\" \/>\n<meta name=\"twitter:label1\" content=\"Verfasst von\" \/>\n\t<meta name=\"twitter:data1\" content=\"Laura Kafka\" \/>\n\t<meta name=\"twitter:label2\" content=\"Gesch\u00e4tzte Lesezeit\" \/>\n\t<meta name=\"twitter:data2\" content=\"2\u00a0Minuten\" \/>\n<script type=\"application\/ld+json\" class=\"yoast-schema-graph\">{\"@context\":\"https:\/\/schema.org\",\"@graph\":[{\"@type\":\"Article\",\"@id\":\"https:\/\/www.radlobby.org\/noe\/radlobby-bad-voeslau-reparatur-workshop-mit-joe-kreuzer-am-5-11-2024\/#article\",\"isPartOf\":{\"@id\":\"https:\/\/www.radlobby.org\/noe\/radlobby-bad-voeslau-reparatur-workshop-mit-joe-kreuzer-am-5-11-2024\/\"},\"author\":{\"name\":\"Laura Kafka\",\"@id\":\"https:\/\/www.radlobby.org\/noe\/#\/schema\/person\/3d46d5baaa32e9fab65201812c570448\"},\"headline\":\"Radlobby Bad V\u00f6slau: Reparatur-Workshop mit Joe Kreuzer am 5.11.2024\",\"datePublished\":\"2024-11-16T17:04:14+00:00\",\"dateModified\":\"2025-01-01T16:40:52+00:00\",\"mainEntityOfPage\":{\"@id\":\"https:\/\/www.radlobby.org\/noe\/radlobby-bad-voeslau-reparatur-workshop-mit-joe-kreuzer-am-5-11-2024\/\"},\"wordCount\":244,\"publisher\":{\"@id\":\"https:\/\/www.radlobby.org\/noe\/#organization\"},\"image\":{\"@id\":\"https:\/\/www.radlobby.org\/noe\/radlobby-bad-voeslau-reparatur-workshop-mit-joe-kreuzer-am-5-11-2024\/#primaryimage\"},\"thumbnailUrl\":\"https:\/\/www.radlobby.org\/noe\/wp-content\/uploads\/signal-2024-11-11-193824_003.jpeg\",\"articleSection\":[\"Radlobby Bad V\u00f6slau\",\"Radlobby Baden\"],\"inLanguage\":\"de\"},{\"@type\":\"WebPage\",\"@id\":\"https:\/\/www.radlobby.org\/noe\/radlobby-bad-voeslau-reparatur-workshop-mit-joe-kreuzer-am-5-11-2024\/\",\"url\":\"https:\/\/www.radlobby.org\/noe\/radlobby-bad-voeslau-reparatur-workshop-mit-joe-kreuzer-am-5-11-2024\/\",\"name\":\"Radlobby Bad V\u00f6slau: Reparatur-Workshop mit Joe Kreuzer am 5.11.2024 - Radlobby Nieder\u00f6sterreich\",\"isPartOf\":{\"@id\":\"https:\/\/www.radlobby.org\/noe\/#website\"},\"primaryImageOfPage\":{\"@id\":\"https:\/\/www.radlobby.org\/noe\/radlobby-bad-voeslau-reparatur-workshop-mit-joe-kreuzer-am-5-11-2024\/#primaryimage\"},\"image\":{\"@id\":\"https:\/\/www.radlobby.org\/noe\/radlobby-bad-voeslau-reparatur-workshop-mit-joe-kreuzer-am-5-11-2024\/#primaryimage\"},\"thumbnailUrl\":\"https:\/\/www.radlobby.org\/noe\/wp-content\/uploads\/signal-2024-11-11-193824_003.jpeg\",\"datePublished\":\"2024-11-16T17:04:14+00:00\",\"dateModified\":\"2025-01-01T16:40:52+00:00\",\"breadcrumb\":{\"@id\":\"https:\/\/www.radlobby.org\/noe\/radlobby-bad-voeslau-reparatur-workshop-mit-joe-kreuzer-am-5-11-2024\/#breadcrumb\"},\"inLanguage\":\"de\",\"potentialAction\":[{\"@type\":\"ReadAction\",\"target\":[\"https:\/\/www.radlobby.org\/noe\/radlobby-bad-voeslau-reparatur-workshop-mit-joe-kreuzer-am-5-11-2024\/\"]}]},{\"@type\":\"ImageObject\",\"inLanguage\":\"de\",\"@id\":\"https:\/\/www.radlobby.org\/noe\/radlobby-bad-voeslau-reparatur-workshop-mit-joe-kreuzer-am-5-11-2024\/#primaryimage\",\"url\":\"https:\/\/www.radlobby.org\/noe\/wp-content\/uploads\/signal-2024-11-11-193824_003.jpeg\",\"contentUrl\":\"https:\/\/www.radlobby.org\/noe\/wp-content\/uploads\/signal-2024-11-11-193824_003.jpeg\",\"width\":1600,\"height\":1200},{\"@type\":\"BreadcrumbList\",\"@id\":\"https:\/\/www.radlobby.org\/noe\/radlobby-bad-voeslau-reparatur-workshop-mit-joe-kreuzer-am-5-11-2024\/#breadcrumb\",\"itemListElement\":[{\"@type\":\"ListItem\",\"position\":1,\"name\":\"Startseite\",\"item\":\"https:\/\/www.radlobby.org\/noe\/\"},{\"@type\":\"ListItem\",\"position\":2,\"name\":\"Radlobby Bad V\u00f6slau: Reparatur-Workshop mit Joe Kreuzer am 5.11.2024\"}]},{\"@type\":\"WebSite\",\"@id\":\"https:\/\/www.radlobby.org\/noe\/#website\",\"url\":\"https:\/\/www.radlobby.org\/noe\/\",\"name\":\"Radlobby Nieder\u00f6sterreich\",\"description\":\"Radverkehr, Fahrrad, Radfahren, Radreisen, Radtouren, Radweg\",\"publisher\":{\"@id\":\"https:\/\/www.radlobby.org\/noe\/#organization\"},\"potentialAction\":[{\"@type\":\"SearchAction\",\"target\":{\"@type\":\"EntryPoint\",\"urlTemplate\":\"https:\/\/www.radlobby.org\/noe\/?s={search_term_string}\"},\"query-input\":{\"@type\":\"PropertyValueSpecification\",\"valueRequired\":true,\"valueName\":\"search_term_string\"}}],\"inLanguage\":\"de\"},{\"@type\":\"Organization\",\"@id\":\"https:\/\/www.radlobby.org\/noe\/#organization\",\"name\":\"Radlobby Nieder\u00f6sterreich\",\"url\":\"https:\/\/www.radlobby.org\/noe\/\",\"logo\":{\"@type\":\"ImageObject\",\"inLanguage\":\"de\",\"@id\":\"https:\/\/www.radlobby.org\/noe\/#\/schema\/logo\/image\/\",\"url\":\"https:\/\/www.radlobby.org\/noe\/wp-content\/uploads\/2017\/01\/cropped-Logo_Radlobby_Niederoesterreich_50-400px_quer-1.jpg\",\"contentUrl\":\"https:\/\/www.radlobby.org\/noe\/wp-content\/uploads\/2017\/01\/cropped-Logo_Radlobby_Niederoesterreich_50-400px_quer-1.jpg\",\"width\":450,\"height\":124,\"caption\":\"Radlobby Nieder\u00f6sterreich\"},\"image\":{\"@id\":\"https:\/\/www.radlobby.org\/noe\/#\/schema\/logo\/image\/\"},\"sameAs\":[\"https:\/\/www.facebook.com\/groups\/radfahren.in.noe\/\"]},{\"@type\":\"Person\",\"@id\":\"https:\/\/www.radlobby.org\/noe\/#\/schema\/person\/3d46d5baaa32e9fab65201812c570448\",\"name\":\"Laura Kafka\",\"image\":{\"@type\":\"ImageObject\",\"inLanguage\":\"de\",\"@id\":\"https:\/\/www.radlobby.org\/noe\/#\/schema\/person\/image\/\",\"url\":\"https:\/\/secure.gravatar.com\/avatar\/141ec437f27b3084bc6c91857d881288555812a76d2e9c6af9f4ba5f626465e7?s=96&d=mm&r=g\",\"contentUrl\":\"https:\/\/secure.gravatar.com\/avatar\/141ec437f27b3084bc6c91857d881288555812a76d2e9c6af9f4ba5f626465e7?s=96&d=mm&r=g\",\"caption\":\"Laura Kafka\"},\"url\":\"https:\/\/www.radlobby.org\/noe\/author\/laura-kafka\/\"}]}<\/script>\n<!-- \/ Yoast SEO plugin. -->","yoast_head_json":{"title":"Radlobby Bad V\u00f6slau: Reparatur-Workshop mit Joe Kreuzer am 5.11.2024 - Radlobby Nieder\u00f6sterreich","robots":{"index":"index","follow":"follow","max-snippet":"max-snippet:-1","max-image-preview":"max-image-preview:large","max-video-preview":"max-video-preview:-1"},"canonical":"https:\/\/www.radlobby.org\/noe\/radlobby-bad-voeslau-reparatur-workshop-mit-joe-kreuzer-am-5-11-2024\/","og_locale":"de_DE","og_type":"article","og_title":"Radlobby Bad V\u00f6slau: Reparatur-Workshop mit Joe Kreuzer am 5.11.2024 - Radlobby Nieder\u00f6sterreich","og_description":"Workshop von Joe Kreuzer am 5.11.2024 von Heiko Reimers Tipps &amp; Tricks bei einem \u201ePlatten unterwegs\u201c Der Ausl\u00f6ser dieses Workshops war, nicht die Abh\u00e4ngigkeit von einem Auto gegen die Abh\u00e4ngigkeit eines Fahrrades zu tauschen, sondern sich zur Not auch selbst","og_url":"https:\/\/www.radlobby.org\/noe\/radlobby-bad-voeslau-reparatur-workshop-mit-joe-kreuzer-am-5-11-2024\/","og_site_name":"Radlobby Nieder\u00f6sterreich","article_publisher":"https:\/\/www.facebook.com\/groups\/radfahren.in.noe\/","article_published_time":"2024-11-16T17:04:14+00:00","article_modified_time":"2025-01-01T16:40:52+00:00","og_image":[{"width":1600,"height":1200,"url":"https:\/\/www.radlobby.org\/noe\/wp-content\/uploads\/signal-2024-11-11-193824_003.jpeg","type":"image\/jpeg"}],"author":"Laura Kafka","twitter_card":"summary_large_image","twitter_misc":{"Verfasst von":"Laura Kafka","Gesch\u00e4tzte Lesezeit":"2\u00a0Minuten"},"schema":{"@context":"https:\/\/schema.org","@graph":[{"@type":"Article","@id":"https:\/\/www.radlobby.org\/noe\/radlobby-bad-voeslau-reparatur-workshop-mit-joe-kreuzer-am-5-11-2024\/#article","isPartOf":{"@id":"https:\/\/www.radlobby.org\/noe\/radlobby-bad-voeslau-reparatur-workshop-mit-joe-kreuzer-am-5-11-2024\/"},"author":{"name":"Laura Kafka","@id":"https:\/\/www.radlobby.org\/noe\/#\/schema\/person\/3d46d5baaa32e9fab65201812c570448"},"headline":"Radlobby Bad V\u00f6slau: Reparatur-Workshop mit Joe Kreuzer am 5.11.2024","datePublished":"2024-11-16T17:04:14+00:00","dateModified":"2025-01-01T16:40:52+00:00","mainEntityOfPage":{"@id":"https:\/\/www.radlobby.org\/noe\/radlobby-bad-voeslau-reparatur-workshop-mit-joe-kreuzer-am-5-11-2024\/"},"wordCount":244,"publisher":{"@id":"https:\/\/www.radlobby.org\/noe\/#organization"},"image":{"@id":"https:\/\/www.radlobby.org\/noe\/radlobby-bad-voeslau-reparatur-workshop-mit-joe-kreuzer-am-5-11-2024\/#primaryimage"},"thumbnailUrl":"https:\/\/www.radlobby.org\/noe\/wp-content\/uploads\/signal-2024-11-11-193824_003.jpeg","articleSection":["Radlobby Bad V\u00f6slau","Radlobby Baden"],"inLanguage":"de"},{"@type":"WebPage","@id":"https:\/\/www.radlobby.org\/noe\/radlobby-bad-voeslau-reparatur-workshop-mit-joe-kreuzer-am-5-11-2024\/","url":"https:\/\/www.radlobby.org\/noe\/radlobby-bad-voeslau-reparatur-workshop-mit-joe-kreuzer-am-5-11-2024\/","name":"Radlobby Bad V\u00f6slau: Reparatur-Workshop mit Joe Kreuzer am 5.11.2024 - Radlobby Nieder\u00f6sterreich","isPartOf":{"@id":"https:\/\/www.radlobby.org\/noe\/#website"},"primaryImageOfPage":{"@id":"https:\/\/www.radlobby.org\/noe\/radlobby-bad-voeslau-reparatur-workshop-mit-joe-kreuzer-am-5-11-2024\/#primaryimage"},"image":{"@id":"https:\/\/www.radlobby.org\/noe\/radlobby-bad-voeslau-reparatur-workshop-mit-joe-kreuzer-am-5-11-2024\/#primaryimage"},"thumbnailUrl":"https:\/\/www.radlobby.org\/noe\/wp-content\/uploads\/signal-2024-11-11-193824_003.jpeg","datePublished":"2024-11-16T17:04:14+00:00","dateModified":"2025-01-01T16:40:52+00:00","breadcrumb":{"@id":"https:\/\/www.radlobby.org\/noe\/radlobby-bad-voeslau-reparatur-workshop-mit-joe-kreuzer-am-5-11-2024\/#breadcrumb"},"inLanguage":"de","potentialAction":[{"@type":"ReadAction","target":["https:\/\/www.radlobby.org\/noe\/radlobby-bad-voeslau-reparatur-workshop-mit-joe-kreuzer-am-5-11-2024\/"]}]},{"@type":"ImageObject","inLanguage":"de","@id":"https:\/\/www.radlobby.org\/noe\/radlobby-bad-voeslau-reparatur-workshop-mit-joe-kreuzer-am-5-11-2024\/#primaryimage","url":"https:\/\/www.radlobby.org\/noe\/wp-content\/uploads\/signal-2024-11-11-193824_003.jpeg","contentUrl":"https:\/\/www.radlobby.org\/noe\/wp-content\/uploads\/signal-2024-11-11-193824_003.jpeg","width":1600,"height":1200},{"@type":"BreadcrumbList","@id":"https:\/\/www.radlobby.org\/noe\/radlobby-bad-voeslau-reparatur-workshop-mit-joe-kreuzer-am-5-11-2024\/#breadcrumb","itemListElement":[{"@type":"ListItem","position":1,"name":"Startseite","item":"https:\/\/www.radlobby.org\/noe\/"},{"@type":"ListItem","position":2,"name":"Radlobby Bad V\u00f6slau: Reparatur-Workshop mit Joe Kreuzer am 5.11.2024"}]},{"@type":"WebSite","@id":"https:\/\/www.radlobby.org\/noe\/#website","url":"https:\/\/www.radlobby.org\/noe\/","name":"Radlobby Nieder\u00f6sterreich","description":"Radverkehr, Fahrrad, Radfahren, Radreisen, Radtouren, Radweg","publisher":{"@id":"https:\/\/www.radlobby.org\/noe\/#organization"},"potentialAction":[{"@type":"SearchAction","target":{"@type":"EntryPoint","urlTemplate":"https:\/\/www.radlobby.org\/noe\/?s={search_term_string}"},"query-input":{"@type":"PropertyValueSpecification","valueRequired":true,"valueName":"search_term_string"}}],"inLanguage":"de"},{"@type":"Organization","@id":"https:\/\/www.radlobby.org\/noe\/#organization","name":"Radlobby Nieder\u00f6sterreich","url":"https:\/\/www.radlobby.org\/noe\/","logo":{"@type":"ImageObject","inLanguage":"de","@id":"https:\/\/www.radlobby.org\/noe\/#\/schema\/logo\/image\/","url":"https:\/\/www.radlobby.org\/noe\/wp-content\/uploads\/2017\/01\/cropped-Logo_Radlobby_Niederoesterreich_50-400px_quer-1.jpg","contentUrl":"https:\/\/www.radlobby.org\/noe\/wp-content\/uploads\/2017\/01\/cropped-Logo_Radlobby_Niederoesterreich_50-400px_quer-1.jpg","width":450,"height":124,"caption":"Radlobby Nieder\u00f6sterreich"},"image":{"@id":"https:\/\/www.radlobby.org\/noe\/#\/schema\/logo\/image\/"},"sameAs":["https:\/\/www.facebook.com\/groups\/radfahren.in.noe\/"]},{"@type":"Person","@id":"https:\/\/www.radlobby.org\/noe\/#\/schema\/person\/3d46d5baaa32e9fab65201812c570448","name":"Laura Kafka","image":{"@type":"ImageObject","inLanguage":"de","@id":"https:\/\/www.radlobby.org\/noe\/#\/schema\/person\/image\/","url":"https:\/\/secure.gravatar.com\/avatar\/141ec437f27b3084bc6c91857d881288555812a76d2e9c6af9f4ba5f626465e7?s=96&d=mm&r=g","contentUrl":"https:\/\/secure.gravatar.com\/avatar\/141ec437f27b3084bc6c91857d881288555812a76d2e9c6af9f4ba5f626465e7?s=96&d=mm&r=g","caption":"Laura Kafka"},"url":"https:\/\/www.radlobby.org\/noe\/author\/laura-kafka\/"}]}},"_links":{"self":[{"href":"https:\/\/www.radlobby.org\/noe\/wp-json\/wp\/v2\/posts\/37130","targetHints":{"allow":["GET"]}}],"collection":[{"href":"https:\/\/www.radlobby.org\/noe\/wp-json\/wp\/v2\/posts"}],"about":[{"href":"https:\/\/www.radlobby.org\/noe\/wp-json\/wp\/v2\/types\/post"}],"author":[{"embeddable":true,"href":"https:\/\/www.radlobby.org\/noe\/wp-json\/wp\/v2\/users\/65"}],"replies":[{"embeddable":true,"href":"https:\/\/www.radlobby.org\/noe\/wp-json\/wp\/v2\/comments?post=37130"}],"version-history":[{"count":2,"href":"https:\/\/www.radlobby.org\/noe\/wp-json\/wp\/v2\/posts\/37130\/revisions"}],"predecessor-version":[{"id":37639,"href":"https:\/\/www.radlobby.org\/noe\/wp-json\/wp\/v2\/posts\/37130\/revisions\/37639"}],"wp:featuredmedia":[{"embeddable":true,"href":"https:\/\/www.radlobby.org\/noe\/wp-json\/wp\/v2\/media\/37132"}],"wp:attachment":[{"href":"https:\/\/www.radlobby.org\/noe\/wp-json\/wp\/v2\/media?parent=37130"}],"wp:term":[{"taxonomy":"category","embeddable":true,"href":"https:\/\/www.radlobby.org\/noe\/wp-json\/wp\/v2\/categories?post=37130"},{"taxonomy":"post_tag","embeddable":true,"href":"https:\/\/www.radlobby.org\/noe\/wp-json\/wp\/v2\/tags?post=37130"}],"curies":[{"name":"wp","href":"https:\/\/api.w.org\/{rel}","templated":true}]}}