{"id":37077,"date":"2024-11-04T15:45:52","date_gmt":"2024-11-04T14:45:52","guid":{"rendered":"https:\/\/www.radlobby.org\/noe\/?p=37077"},"modified":"2026-04-01T12:52:44","modified_gmt":"2026-04-01T10:52:44","slug":"stammtisch-der-radlobby-bad-voeslau-am-08-november-2024","status":"publish","type":"post","link":"https:\/\/www.radlobby.org\/noe\/stammtisch-der-radlobby-bad-voeslau-am-08-november-2024\/","title":{"rendered":"Baden \/ Bad V\u00f6slau | Radlobby-Stammtisch am 8. November 2024"},"content":{"rendered":"<figure id=\"attachment_31262\" aria-describedby=\"caption-attachment-31262\" style=\"width: 300px\" class=\"wp-caption alignright\"><a href=\"https:\/\/www.radlobby.org\/noe\/wp-content\/uploads\/signal-2022-10-21-173700_002-1.jpeg\" data-src=\"https:\/\/www.radlobby.org\/noe\/wp-content\/uploads\/signal-2022-10-21-173700_002-1.jpeg\" data-thumb=\"https:\/\/www.radlobby.org\/noe\/wp-content\/uploads\/signal-2022-10-21-173700_002-1-300x185.jpeg\" class=\"ml-lightbox-enabled\"><img loading=\"lazy\" decoding=\"async\" class=\"wp-image-31262 size-medium\" src=\"https:\/\/www.radlobby.org\/noe\/wp-content\/uploads\/signal-2022-10-21-173700_002-1-300x185.jpeg\" alt=\"\" width=\"300\" height=\"185\" srcset=\"https:\/\/www.radlobby.org\/noe\/wp-content\/uploads\/signal-2022-10-21-173700_002-1-300x185.jpeg 300w, https:\/\/www.radlobby.org\/noe\/wp-content\/uploads\/signal-2022-10-21-173700_002-1-768x473.jpeg 768w, https:\/\/www.radlobby.org\/noe\/wp-content\/uploads\/signal-2022-10-21-173700_002-1-1536x946.jpeg 1536w, https:\/\/www.radlobby.org\/noe\/wp-content\/uploads\/signal-2022-10-21-173700_002-1.jpeg 1600w\" sizes=\"auto, (max-width: 300px) 100vw, 300px\" \/><\/a><figcaption id=\"caption-attachment-31262\" class=\"wp-caption-text\">Bildrechte: Radlobby<\/figcaption><\/figure>\n<h1><strong>Stammtisch am 8.11.2024<br \/>\n<\/strong><\/h1>\n<h2>Im Restaurant des <a href=\"https:\/\/www.college-garden-hotels.com\/restaurant\/\">College Garden Hotels<\/a><\/h2>\n<p><span class=\"list-content\">Johann Strau\u00df-Stra\u00dfe 2<\/span><\/p>\n<p><span class=\"list-content\">2540 Bad V\u00f6slau <\/span><\/p>\n<p>Treffpunkt ist um 18:00, Ende ca. um 22:00<\/p>\n<p>Unsere nun monatlichen Stammtische bieten eine entspannte Atmosph\u00e4re, um sich auszutauschen, kommende und vergangene Veranstaltungen zu besprechen sowie Ideen und Anliegen zu teilen. Es ist die perfekte Gelegenheit f\u00fcr alle Radbegeisterten, sich zu vernetzen und gemeinsam L\u00f6sungen zu erarbeiten.<\/p>\n<p>Ob Sie regelm\u00e4\u00dfig radeln, Mitglied einer anderen Radlobby sind oder sogar Einrad fahren \u2013 wir freuen uns \u00fcber jedes Gesicht, das wir neu kennenlernen d\u00fcrfen. Alle sind herzlich willkommen! &#x1f642;<\/p>\n","protected":false},"excerpt":{"rendered":"<p>Stammtisch am 8.11.2024 Im Restaurant des College Garden Hotels Johann Strau\u00df-Stra\u00dfe 2 2540 Bad V\u00f6slau Treffpunkt ist um 18:00, Ende ca. um 22:00 Unsere nun monatlichen Stammtische bieten eine entspannte Atmosph\u00e4re, um sich auszutauschen, kommende und vergangene Veranstaltungen zu besprechen<\/p>\n","protected":false},"author":65,"featured_media":37095,"comment_status":"closed","ping_status":"closed","sticky":false,"template":"","format":"standard","meta":{"footnotes":""},"categories":[547,195],"tags":[],"class_list":["post-37077","post","type-post","status-publish","format-standard","has-post-thumbnail","hentry","category-badvoeslau","category-baden"],"yoast_head":"<!-- This site is optimized with the Yoast SEO plugin v26.9 - https:\/\/yoast.com\/product\/yoast-seo-wordpress\/ -->\n<title>Baden \/ Bad V\u00f6slau | Radlobby-Stammtisch am 8. November 2024 - Radlobby Nieder\u00f6sterreich<\/title>\n<meta name=\"robots\" content=\"index, follow, max-snippet:-1, max-image-preview:large, max-video-preview:-1\" \/>\n<link rel=\"canonical\" href=\"https:\/\/www.radlobby.org\/noe\/stammtisch-der-radlobby-bad-voeslau-am-08-november-2024\/\" \/>\n<meta property=\"og:locale\" content=\"de_DE\" \/>\n<meta property=\"og:type\" content=\"article\" \/>\n<meta property=\"og:title\" content=\"Baden \/ Bad V\u00f6slau | Radlobby-Stammtisch am 8. November 2024 - Radlobby Nieder\u00f6sterreich\" \/>\n<meta property=\"og:description\" content=\"Stammtisch am 8.11.2024 Im Restaurant des College Garden Hotels Johann Strau\u00df-Stra\u00dfe 2 2540 Bad V\u00f6slau Treffpunkt ist um 18:00, Ende ca. um 22:00 Unsere nun monatlichen Stammtische bieten eine entspannte Atmosph\u00e4re, um sich auszutauschen, kommende und vergangene Veranstaltungen zu besprechen\" \/>\n<meta property=\"og:url\" content=\"https:\/\/www.radlobby.org\/noe\/stammtisch-der-radlobby-bad-voeslau-am-08-november-2024\/\" \/>\n<meta property=\"og:site_name\" content=\"Radlobby Nieder\u00f6sterreich\" \/>\n<meta property=\"article:publisher\" content=\"https:\/\/www.facebook.com\/groups\/radfahren.in.noe\/\" \/>\n<meta property=\"article:published_time\" content=\"2024-11-04T14:45:52+00:00\" \/>\n<meta property=\"article:modified_time\" content=\"2026-04-01T10:52:44+00:00\" \/>\n<meta property=\"og:image\" content=\"https:\/\/www.radlobby.org\/noe\/wp-content\/uploads\/signal-2024-11-07-191325.jpeg\" \/>\n\t<meta property=\"og:image:width\" content=\"1024\" \/>\n\t<meta property=\"og:image:height\" content=\"1024\" \/>\n\t<meta property=\"og:image:type\" content=\"image\/jpeg\" \/>\n<meta name=\"author\" content=\"Laura Kafka\" \/>\n<meta name=\"twitter:card\" content=\"summary_large_image\" \/>\n<meta name=\"twitter:label1\" content=\"Verfasst von\" \/>\n\t<meta name=\"twitter:data1\" content=\"Laura Kafka\" \/>\n\t<meta name=\"twitter:label2\" content=\"Gesch\u00e4tzte Lesezeit\" \/>\n\t<meta name=\"twitter:data2\" content=\"1\u00a0Minute\" \/>\n<script type=\"application\/ld+json\" class=\"yoast-schema-graph\">{\"@context\":\"https:\/\/schema.org\",\"@graph\":[{\"@type\":\"Article\",\"@id\":\"https:\/\/www.radlobby.org\/noe\/stammtisch-der-radlobby-bad-voeslau-am-08-november-2024\/#article\",\"isPartOf\":{\"@id\":\"https:\/\/www.radlobby.org\/noe\/stammtisch-der-radlobby-bad-voeslau-am-08-november-2024\/\"},\"author\":{\"name\":\"Laura Kafka\",\"@id\":\"https:\/\/www.radlobby.org\/noe\/#\/schema\/person\/3d46d5baaa32e9fab65201812c570448\"},\"headline\":\"Baden \/ Bad V\u00f6slau | Radlobby-Stammtisch am 8. November 2024\",\"datePublished\":\"2024-11-04T14:45:52+00:00\",\"dateModified\":\"2026-04-01T10:52:44+00:00\",\"mainEntityOfPage\":{\"@id\":\"https:\/\/www.radlobby.org\/noe\/stammtisch-der-radlobby-bad-voeslau-am-08-november-2024\/\"},\"wordCount\":111,\"publisher\":{\"@id\":\"https:\/\/www.radlobby.org\/noe\/#organization\"},\"image\":{\"@id\":\"https:\/\/www.radlobby.org\/noe\/stammtisch-der-radlobby-bad-voeslau-am-08-november-2024\/#primaryimage\"},\"thumbnailUrl\":\"https:\/\/www.radlobby.org\/noe\/wp-content\/uploads\/signal-2024-11-07-191325.jpeg\",\"articleSection\":[\"Radlobby Bad V\u00f6slau\",\"Radlobby Baden\"],\"inLanguage\":\"de\"},{\"@type\":\"WebPage\",\"@id\":\"https:\/\/www.radlobby.org\/noe\/stammtisch-der-radlobby-bad-voeslau-am-08-november-2024\/\",\"url\":\"https:\/\/www.radlobby.org\/noe\/stammtisch-der-radlobby-bad-voeslau-am-08-november-2024\/\",\"name\":\"Baden \/ Bad V\u00f6slau | Radlobby-Stammtisch am 8. November 2024 - Radlobby Nieder\u00f6sterreich\",\"isPartOf\":{\"@id\":\"https:\/\/www.radlobby.org\/noe\/#website\"},\"primaryImageOfPage\":{\"@id\":\"https:\/\/www.radlobby.org\/noe\/stammtisch-der-radlobby-bad-voeslau-am-08-november-2024\/#primaryimage\"},\"image\":{\"@id\":\"https:\/\/www.radlobby.org\/noe\/stammtisch-der-radlobby-bad-voeslau-am-08-november-2024\/#primaryimage\"},\"thumbnailUrl\":\"https:\/\/www.radlobby.org\/noe\/wp-content\/uploads\/signal-2024-11-07-191325.jpeg\",\"datePublished\":\"2024-11-04T14:45:52+00:00\",\"dateModified\":\"2026-04-01T10:52:44+00:00\",\"breadcrumb\":{\"@id\":\"https:\/\/www.radlobby.org\/noe\/stammtisch-der-radlobby-bad-voeslau-am-08-november-2024\/#breadcrumb\"},\"inLanguage\":\"de\",\"potentialAction\":[{\"@type\":\"ReadAction\",\"target\":[\"https:\/\/www.radlobby.org\/noe\/stammtisch-der-radlobby-bad-voeslau-am-08-november-2024\/\"]}]},{\"@type\":\"ImageObject\",\"inLanguage\":\"de\",\"@id\":\"https:\/\/www.radlobby.org\/noe\/stammtisch-der-radlobby-bad-voeslau-am-08-november-2024\/#primaryimage\",\"url\":\"https:\/\/www.radlobby.org\/noe\/wp-content\/uploads\/signal-2024-11-07-191325.jpeg\",\"contentUrl\":\"https:\/\/www.radlobby.org\/noe\/wp-content\/uploads\/signal-2024-11-07-191325.jpeg\",\"width\":1024,\"height\":1024},{\"@type\":\"BreadcrumbList\",\"@id\":\"https:\/\/www.radlobby.org\/noe\/stammtisch-der-radlobby-bad-voeslau-am-08-november-2024\/#breadcrumb\",\"itemListElement\":[{\"@type\":\"ListItem\",\"position\":1,\"name\":\"Startseite\",\"item\":\"https:\/\/www.radlobby.org\/noe\/\"},{\"@type\":\"ListItem\",\"position\":2,\"name\":\"Baden \/ Bad V\u00f6slau | Radlobby-Stammtisch am 8. November 2024\"}]},{\"@type\":\"WebSite\",\"@id\":\"https:\/\/www.radlobby.org\/noe\/#website\",\"url\":\"https:\/\/www.radlobby.org\/noe\/\",\"name\":\"Radlobby Nieder\u00f6sterreich\",\"description\":\"Radverkehr, Fahrrad, Radfahren, Radreisen, Radtouren, Radweg\",\"publisher\":{\"@id\":\"https:\/\/www.radlobby.org\/noe\/#organization\"},\"potentialAction\":[{\"@type\":\"SearchAction\",\"target\":{\"@type\":\"EntryPoint\",\"urlTemplate\":\"https:\/\/www.radlobby.org\/noe\/?s={search_term_string}\"},\"query-input\":{\"@type\":\"PropertyValueSpecification\",\"valueRequired\":true,\"valueName\":\"search_term_string\"}}],\"inLanguage\":\"de\"},{\"@type\":\"Organization\",\"@id\":\"https:\/\/www.radlobby.org\/noe\/#organization\",\"name\":\"Radlobby Nieder\u00f6sterreich\",\"url\":\"https:\/\/www.radlobby.org\/noe\/\",\"logo\":{\"@type\":\"ImageObject\",\"inLanguage\":\"de\",\"@id\":\"https:\/\/www.radlobby.org\/noe\/#\/schema\/logo\/image\/\",\"url\":\"https:\/\/www.radlobby.org\/noe\/wp-content\/uploads\/2017\/01\/cropped-Logo_Radlobby_Niederoesterreich_50-400px_quer-1.jpg\",\"contentUrl\":\"https:\/\/www.radlobby.org\/noe\/wp-content\/uploads\/2017\/01\/cropped-Logo_Radlobby_Niederoesterreich_50-400px_quer-1.jpg\",\"width\":450,\"height\":124,\"caption\":\"Radlobby Nieder\u00f6sterreich\"},\"image\":{\"@id\":\"https:\/\/www.radlobby.org\/noe\/#\/schema\/logo\/image\/\"},\"sameAs\":[\"https:\/\/www.facebook.com\/groups\/radfahren.in.noe\/\"]},{\"@type\":\"Person\",\"@id\":\"https:\/\/www.radlobby.org\/noe\/#\/schema\/person\/3d46d5baaa32e9fab65201812c570448\",\"name\":\"Laura Kafka\",\"image\":{\"@type\":\"ImageObject\",\"inLanguage\":\"de\",\"@id\":\"https:\/\/www.radlobby.org\/noe\/#\/schema\/person\/image\/\",\"url\":\"https:\/\/secure.gravatar.com\/avatar\/141ec437f27b3084bc6c91857d881288555812a76d2e9c6af9f4ba5f626465e7?s=96&d=mm&r=g\",\"contentUrl\":\"https:\/\/secure.gravatar.com\/avatar\/141ec437f27b3084bc6c91857d881288555812a76d2e9c6af9f4ba5f626465e7?s=96&d=mm&r=g\",\"caption\":\"Laura Kafka\"},\"url\":\"https:\/\/www.radlobby.org\/noe\/author\/laura-kafka\/\"}]}<\/script>\n<!-- \/ Yoast SEO plugin. -->","yoast_head_json":{"title":"Baden \/ Bad V\u00f6slau | Radlobby-Stammtisch am 8. November 2024 - Radlobby Nieder\u00f6sterreich","robots":{"index":"index","follow":"follow","max-snippet":"max-snippet:-1","max-image-preview":"max-image-preview:large","max-video-preview":"max-video-preview:-1"},"canonical":"https:\/\/www.radlobby.org\/noe\/stammtisch-der-radlobby-bad-voeslau-am-08-november-2024\/","og_locale":"de_DE","og_type":"article","og_title":"Baden \/ Bad V\u00f6slau | Radlobby-Stammtisch am 8. November 2024 - Radlobby Nieder\u00f6sterreich","og_description":"Stammtisch am 8.11.2024 Im Restaurant des College Garden Hotels Johann Strau\u00df-Stra\u00dfe 2 2540 Bad V\u00f6slau Treffpunkt ist um 18:00, Ende ca. um 22:00 Unsere nun monatlichen Stammtische bieten eine entspannte Atmosph\u00e4re, um sich auszutauschen, kommende und vergangene Veranstaltungen zu besprechen","og_url":"https:\/\/www.radlobby.org\/noe\/stammtisch-der-radlobby-bad-voeslau-am-08-november-2024\/","og_site_name":"Radlobby Nieder\u00f6sterreich","article_publisher":"https:\/\/www.facebook.com\/groups\/radfahren.in.noe\/","article_published_time":"2024-11-04T14:45:52+00:00","article_modified_time":"2026-04-01T10:52:44+00:00","og_image":[{"width":1024,"height":1024,"url":"https:\/\/www.radlobby.org\/noe\/wp-content\/uploads\/signal-2024-11-07-191325.jpeg","type":"image\/jpeg"}],"author":"Laura Kafka","twitter_card":"summary_large_image","twitter_misc":{"Verfasst von":"Laura Kafka","Gesch\u00e4tzte Lesezeit":"1\u00a0Minute"},"schema":{"@context":"https:\/\/schema.org","@graph":[{"@type":"Article","@id":"https:\/\/www.radlobby.org\/noe\/stammtisch-der-radlobby-bad-voeslau-am-08-november-2024\/#article","isPartOf":{"@id":"https:\/\/www.radlobby.org\/noe\/stammtisch-der-radlobby-bad-voeslau-am-08-november-2024\/"},"author":{"name":"Laura Kafka","@id":"https:\/\/www.radlobby.org\/noe\/#\/schema\/person\/3d46d5baaa32e9fab65201812c570448"},"headline":"Baden \/ Bad V\u00f6slau | Radlobby-Stammtisch am 8. November 2024","datePublished":"2024-11-04T14:45:52+00:00","dateModified":"2026-04-01T10:52:44+00:00","mainEntityOfPage":{"@id":"https:\/\/www.radlobby.org\/noe\/stammtisch-der-radlobby-bad-voeslau-am-08-november-2024\/"},"wordCount":111,"publisher":{"@id":"https:\/\/www.radlobby.org\/noe\/#organization"},"image":{"@id":"https:\/\/www.radlobby.org\/noe\/stammtisch-der-radlobby-bad-voeslau-am-08-november-2024\/#primaryimage"},"thumbnailUrl":"https:\/\/www.radlobby.org\/noe\/wp-content\/uploads\/signal-2024-11-07-191325.jpeg","articleSection":["Radlobby Bad V\u00f6slau","Radlobby Baden"],"inLanguage":"de"},{"@type":"WebPage","@id":"https:\/\/www.radlobby.org\/noe\/stammtisch-der-radlobby-bad-voeslau-am-08-november-2024\/","url":"https:\/\/www.radlobby.org\/noe\/stammtisch-der-radlobby-bad-voeslau-am-08-november-2024\/","name":"Baden \/ Bad V\u00f6slau | Radlobby-Stammtisch am 8. November 2024 - Radlobby Nieder\u00f6sterreich","isPartOf":{"@id":"https:\/\/www.radlobby.org\/noe\/#website"},"primaryImageOfPage":{"@id":"https:\/\/www.radlobby.org\/noe\/stammtisch-der-radlobby-bad-voeslau-am-08-november-2024\/#primaryimage"},"image":{"@id":"https:\/\/www.radlobby.org\/noe\/stammtisch-der-radlobby-bad-voeslau-am-08-november-2024\/#primaryimage"},"thumbnailUrl":"https:\/\/www.radlobby.org\/noe\/wp-content\/uploads\/signal-2024-11-07-191325.jpeg","datePublished":"2024-11-04T14:45:52+00:00","dateModified":"2026-04-01T10:52:44+00:00","breadcrumb":{"@id":"https:\/\/www.radlobby.org\/noe\/stammtisch-der-radlobby-bad-voeslau-am-08-november-2024\/#breadcrumb"},"inLanguage":"de","potentialAction":[{"@type":"ReadAction","target":["https:\/\/www.radlobby.org\/noe\/stammtisch-der-radlobby-bad-voeslau-am-08-november-2024\/"]}]},{"@type":"ImageObject","inLanguage":"de","@id":"https:\/\/www.radlobby.org\/noe\/stammtisch-der-radlobby-bad-voeslau-am-08-november-2024\/#primaryimage","url":"https:\/\/www.radlobby.org\/noe\/wp-content\/uploads\/signal-2024-11-07-191325.jpeg","contentUrl":"https:\/\/www.radlobby.org\/noe\/wp-content\/uploads\/signal-2024-11-07-191325.jpeg","width":1024,"height":1024},{"@type":"BreadcrumbList","@id":"https:\/\/www.radlobby.org\/noe\/stammtisch-der-radlobby-bad-voeslau-am-08-november-2024\/#breadcrumb","itemListElement":[{"@type":"ListItem","position":1,"name":"Startseite","item":"https:\/\/www.radlobby.org\/noe\/"},{"@type":"ListItem","position":2,"name":"Baden \/ Bad V\u00f6slau | Radlobby-Stammtisch am 8. November 2024"}]},{"@type":"WebSite","@id":"https:\/\/www.radlobby.org\/noe\/#website","url":"https:\/\/www.radlobby.org\/noe\/","name":"Radlobby Nieder\u00f6sterreich","description":"Radverkehr, Fahrrad, Radfahren, Radreisen, Radtouren, Radweg","publisher":{"@id":"https:\/\/www.radlobby.org\/noe\/#organization"},"potentialAction":[{"@type":"SearchAction","target":{"@type":"EntryPoint","urlTemplate":"https:\/\/www.radlobby.org\/noe\/?s={search_term_string}"},"query-input":{"@type":"PropertyValueSpecification","valueRequired":true,"valueName":"search_term_string"}}],"inLanguage":"de"},{"@type":"Organization","@id":"https:\/\/www.radlobby.org\/noe\/#organization","name":"Radlobby Nieder\u00f6sterreich","url":"https:\/\/www.radlobby.org\/noe\/","logo":{"@type":"ImageObject","inLanguage":"de","@id":"https:\/\/www.radlobby.org\/noe\/#\/schema\/logo\/image\/","url":"https:\/\/www.radlobby.org\/noe\/wp-content\/uploads\/2017\/01\/cropped-Logo_Radlobby_Niederoesterreich_50-400px_quer-1.jpg","contentUrl":"https:\/\/www.radlobby.org\/noe\/wp-content\/uploads\/2017\/01\/cropped-Logo_Radlobby_Niederoesterreich_50-400px_quer-1.jpg","width":450,"height":124,"caption":"Radlobby Nieder\u00f6sterreich"},"image":{"@id":"https:\/\/www.radlobby.org\/noe\/#\/schema\/logo\/image\/"},"sameAs":["https:\/\/www.facebook.com\/groups\/radfahren.in.noe\/"]},{"@type":"Person","@id":"https:\/\/www.radlobby.org\/noe\/#\/schema\/person\/3d46d5baaa32e9fab65201812c570448","name":"Laura Kafka","image":{"@type":"ImageObject","inLanguage":"de","@id":"https:\/\/www.radlobby.org\/noe\/#\/schema\/person\/image\/","url":"https:\/\/secure.gravatar.com\/avatar\/141ec437f27b3084bc6c91857d881288555812a76d2e9c6af9f4ba5f626465e7?s=96&d=mm&r=g","contentUrl":"https:\/\/secure.gravatar.com\/avatar\/141ec437f27b3084bc6c91857d881288555812a76d2e9c6af9f4ba5f626465e7?s=96&d=mm&r=g","caption":"Laura Kafka"},"url":"https:\/\/www.radlobby.org\/noe\/author\/laura-kafka\/"}]}},"_links":{"self":[{"href":"https:\/\/www.radlobby.org\/noe\/wp-json\/wp\/v2\/posts\/37077","targetHints":{"allow":["GET"]}}],"collection":[{"href":"https:\/\/www.radlobby.org\/noe\/wp-json\/wp\/v2\/posts"}],"about":[{"href":"https:\/\/www.radlobby.org\/noe\/wp-json\/wp\/v2\/types\/post"}],"author":[{"embeddable":true,"href":"https:\/\/www.radlobby.org\/noe\/wp-json\/wp\/v2\/users\/65"}],"replies":[{"embeddable":true,"href":"https:\/\/www.radlobby.org\/noe\/wp-json\/wp\/v2\/comments?post=37077"}],"version-history":[{"count":5,"href":"https:\/\/www.radlobby.org\/noe\/wp-json\/wp\/v2\/posts\/37077\/revisions"}],"predecessor-version":[{"id":41612,"href":"https:\/\/www.radlobby.org\/noe\/wp-json\/wp\/v2\/posts\/37077\/revisions\/41612"}],"wp:featuredmedia":[{"embeddable":true,"href":"https:\/\/www.radlobby.org\/noe\/wp-json\/wp\/v2\/media\/37095"}],"wp:attachment":[{"href":"https:\/\/www.radlobby.org\/noe\/wp-json\/wp\/v2\/media?parent=37077"}],"wp:term":[{"taxonomy":"category","embeddable":true,"href":"https:\/\/www.radlobby.org\/noe\/wp-json\/wp\/v2\/categories?post=37077"},{"taxonomy":"post_tag","embeddable":true,"href":"https:\/\/www.radlobby.org\/noe\/wp-json\/wp\/v2\/tags?post=37077"}],"curies":[{"name":"wp","href":"https:\/\/api.w.org\/{rel}","templated":true}]}}