{"id":37072,"date":"2024-11-02T15:51:23","date_gmt":"2024-11-02T14:51:23","guid":{"rendered":"https:\/\/www.radlobby.org\/noe\/?p=37072"},"modified":"2024-12-31T20:40:50","modified_gmt":"2024-12-31T19:40:50","slug":"radreisen","status":"publish","type":"post","link":"https:\/\/www.radlobby.org\/noe\/radreisen\/","title":{"rendered":"Neuer Termin in Traismauer:  Erfahrungsaustausch Radreisen 11. J\u00e4nner 2025"},"content":{"rendered":"<p><strong>Die Radlobby Traismauer l\u00e4dt am Samstag, den 11. J\u00e4nner 2025 von 14 bis 17 Uhr klassische Radreisende in das Schloss Traismauer zu einem lockeren Erfahrungsaustausch ein<\/strong>.<\/p>\n<p><span class=\"Apple-converted-space\">Die urspr\u00fcnglich Anfang November geplante Veranstaltung wurde wegen der vor\u00fcbergehenden Einstellung des Personenzugverkehrs auf J\u00e4nner verschoben.<\/span><\/p>\n<figure id=\"attachment_37073\" aria-describedby=\"caption-attachment-37073\" style=\"width: 1000px\" class=\"wp-caption aligncenter\"><img loading=\"lazy\" decoding=\"async\" class=\"wp-image-37073\" src=\"https:\/\/www.radlobby.org\/noe\/wp-content\/uploads\/2024-05-22_Gravina_Foto-Reischauer-1-scaled.jpg\" alt=\"\" width=\"1000\" height=\"665\" srcset=\"https:\/\/www.radlobby.org\/noe\/wp-content\/uploads\/2024-05-22_Gravina_Foto-Reischauer-1-scaled.jpg 2560w, https:\/\/www.radlobby.org\/noe\/wp-content\/uploads\/2024-05-22_Gravina_Foto-Reischauer-1-300x200.jpg 300w, https:\/\/www.radlobby.org\/noe\/wp-content\/uploads\/2024-05-22_Gravina_Foto-Reischauer-1-768x511.jpg 768w, https:\/\/www.radlobby.org\/noe\/wp-content\/uploads\/2024-05-22_Gravina_Foto-Reischauer-1-1536x1022.jpg 1536w, https:\/\/www.radlobby.org\/noe\/wp-content\/uploads\/2024-05-22_Gravina_Foto-Reischauer-1-2048x1363.jpg 2048w\" sizes=\"auto, (max-width: 1000px) 100vw, 1000px\" \/><figcaption id=\"caption-attachment-37073\" class=\"wp-caption-text\">Apulien Mai 2024 Foto E. Reischauer<\/figcaption><\/figure>\n<p>Die Einladung richtet sich an jene, die 2024 im Ausland eine Tour unternommen haben und bereit sind, ca. eine Viertelstunde \u00fcber ihre Erfahrungen zu berichten. Gefragt sind insbesondere Tipps f\u00fcr die An- und Abreise, \u00dcbernachtungshinweise, Verkehrsverh\u00e4ltnisse; auch Beobachtungen \u00fcber vorbildliche Rad-Infrastruktureinrichtungen, die bei uns in N\u00d6 eingef\u00fchrt werden k\u00f6nnten, w\u00e4ren interessant.<\/p>\n<p>Selbstverst\u00e4ndlich sind auch Radlerinnen und Radler willkommen, die 2025 mit einer Tour lieb\u00e4ugeln und keinen Reisebericht abgeben. Mittlerweile besteht die Gefahr, dass echte Radreisende auf der \u201eRoten Liste\u201c landen und bald nur mehr Zweiradfahrer mit Hilfsmotor, Begleitfahrzeug sowie lange vorausgebuchten Unterk\u00fcnften unterwegs sind.<\/p>\n<p><strong>Zugesagte Berichte<\/strong> (Stand: 31. Dezember):<\/p>\n<p><b>ATLANTIKK\u00dcSTE<\/b> (F, E, P) \u2013 Maria u. Sigi Sauermoser aus Schwaz\/Tirol<span class=\"Apple-converted-space\">\u00a0<\/span><\/p>\n<p><b>OSTSEE<\/b> (D) \u2013 Sonja Scheider aus Seeboden\/K\u00e4rnten <span class=\"Apple-converted-space\">\u00a0<\/span><\/p>\n<p><b>Trelleborg &gt; Nordkap<\/b> (S, FIN, N) \u2013 Dieter Grass aus Pressbaum\/N\u00d6<\/p>\n<p><b>Alpe-Adria<\/b> (A, I) \u2013 Gerda H\u00fcbner aus Feuersbrunn, Radlobby Krems\/N\u00d6<\/p>\n<p><b>Hamburg &gt; Prag<\/b> (D, CS) \u2013 Martin u. Ulli Brandner, Neulengbach\/N\u00d6<\/p>\n<p><b>ANDALUSIEN<\/b> (E) \u2013 Klaus Otepka, Krems\/N\u00d6<\/p>\n<p><strong>TANDEM<\/strong>\u00a0 Wien &gt; Bayern &gt; Ligurische- u. Tyrrhenische K\u00fcste &#8211; Alexandra u. Gerhard Friedhuber, ARGUS Wien<\/p>\n<p><b>\u201eINS BLAUE\u201c<\/b><span class=\"Apple-converted-space\">\u00a0 <\/span>\u2013 Birgit Aigenbauer, Radlobby Ybbstal\/N\u00d6<\/p>\n<p><strong>Serbien\/Montenegro &#8211; <\/strong>Helmut Schachinger, Radlobby Ried i. I. \/O\u00d6<\/p>\n<p><b>APULIEN<\/b> (I) \u2013 Magda u. Ernst Reischauer, Radlobby Traismauer<\/p>\n<p><strong>ORGANISATORISCHES<\/strong><\/p>\n<p><b>Anmeldung<\/b><\/p>\n<p>Jene, die kommen wollen und noch nicht angemeldet sind, werden gebeten, sich bis Silvester zu melden!<\/p>\n<p>Kontakt: ernst.reischauer@radlobby.at bzw. Tel. +43 664 8244322<\/p>\n<p><b>Anreise<\/b><\/p>\n<p>Traismauer liegt am Knotenpunkt von Donau-, Traisen- und Tullnerfeldradweg.<\/p>\n<p>Auch die An- und R\u00fcckreise per Bahn ist unkompliziert. Zwischen den auf der Westbahnstrecke gelegenen Bahnh\u00f6fen St. P\u00f6lten und Tullnerfeld verkehren im Stundentakt Z\u00fcge nach Traismauer. Das Schloss Traismauer befindet sich am Hauptplatz Nr. 1 und ist 450 Meter vom Bahnhof entfernt.<\/p>\n<p><b>Ablauf<\/b><\/p>\n<p>Einlass ins Schloss ab 12 Uhr<\/p>\n<p>Erfahrungsaustausch: 14 bis ca. 17 Uhr<\/p>\n<p>Verabschiedung mit Gruppenfoto<\/p>\n<p>Ein gem\u00fctlicher Ausklang ist geplant.<\/p>\n<p><b>Technik<\/b><\/p>\n<p>Es stehen Flipchart, Beamer und Laptop zur Verf\u00fcgung.<\/p>\n<p><b>Verpflegung<\/b><\/p>\n<p>Eine Verk\u00f6stigung w\u00e4hrend der Veranstaltung ist nicht vorgesehen.<\/p>\n<p>Um die Mittagszeit haben mehrere Lokale in Fu\u00df- bzw. Radentfernung ge\u00f6ffnet; es gibt im Ort auch drei Nahversorger. Im Schloss werden einige Stehtische aufgestellt, die bis zum Beginn als \u201eJausenplatz\u201c ben\u00fctzt werden k\u00f6nnen.<\/p>\n<p>Die Berichterstattung erfolgt ehrenamtlich, daf\u00fcr ist die Teilnahme kostenlos!<\/p>\n","protected":false},"excerpt":{"rendered":"<p>Die Radlobby Traismauer l\u00e4dt am Samstag, den 11. J\u00e4nner 2025 von 14 bis 17 Uhr klassische Radreisende in das Schloss Traismauer zu einem lockeren Erfahrungsaustausch ein.\u00a0<\/p>\n","protected":false},"author":53,"featured_media":37073,"comment_status":"closed","ping_status":"closed","sticky":false,"template":"","format":"standard","meta":{"footnotes":""},"categories":[20,412],"tags":[],"class_list":["post-37072","post","type-post","status-publish","format-standard","has-post-thumbnail","hentry","category-niederoesterreich","category-traismauer"],"yoast_head":"<!-- This site is optimized with the Yoast SEO plugin v26.9 - https:\/\/yoast.com\/product\/yoast-seo-wordpress\/ -->\n<title>Neuer Termin in Traismauer: Erfahrungsaustausch Radreisen 11. J\u00e4nner 2025 - Radlobby Nieder\u00f6sterreich<\/title>\n<meta name=\"robots\" content=\"index, follow, max-snippet:-1, max-image-preview:large, max-video-preview:-1\" \/>\n<link rel=\"canonical\" href=\"https:\/\/www.radlobby.org\/noe\/radreisen\/\" \/>\n<meta property=\"og:locale\" content=\"de_DE\" \/>\n<meta property=\"og:type\" content=\"article\" \/>\n<meta property=\"og:title\" content=\"Neuer Termin in Traismauer: Erfahrungsaustausch Radreisen 11. J\u00e4nner 2025 - Radlobby Nieder\u00f6sterreich\" \/>\n<meta property=\"og:description\" content=\"Die Radlobby Traismauer l\u00e4dt am Samstag, den 11. J\u00e4nner 2025 von 14 bis 17 Uhr klassische Radreisende in das Schloss Traismauer zu einem lockeren Erfahrungsaustausch ein.\u00a0\" \/>\n<meta property=\"og:url\" content=\"https:\/\/www.radlobby.org\/noe\/radreisen\/\" \/>\n<meta property=\"og:site_name\" content=\"Radlobby Nieder\u00f6sterreich\" \/>\n<meta property=\"article:publisher\" content=\"https:\/\/www.facebook.com\/groups\/radfahren.in.noe\/\" \/>\n<meta property=\"article:published_time\" content=\"2024-11-02T14:51:23+00:00\" \/>\n<meta property=\"article:modified_time\" content=\"2024-12-31T19:40:50+00:00\" \/>\n<meta property=\"og:image\" content=\"https:\/\/www.radlobby.org\/noe\/wp-content\/uploads\/2024-05-22_Gravina_Foto-Reischauer-1-scaled.jpg\" \/>\n\t<meta property=\"og:image:width\" content=\"2560\" \/>\n\t<meta property=\"og:image:height\" content=\"1703\" \/>\n\t<meta property=\"og:image:type\" content=\"image\/jpeg\" \/>\n<meta name=\"author\" content=\"Ernst Reischauer\" \/>\n<meta name=\"twitter:card\" content=\"summary_large_image\" \/>\n<meta name=\"twitter:label1\" content=\"Verfasst von\" \/>\n\t<meta name=\"twitter:data1\" content=\"Ernst Reischauer\" \/>\n\t<meta name=\"twitter:label2\" content=\"Gesch\u00e4tzte Lesezeit\" \/>\n\t<meta name=\"twitter:data2\" content=\"3\u00a0Minuten\" \/>\n<script type=\"application\/ld+json\" class=\"yoast-schema-graph\">{\"@context\":\"https:\/\/schema.org\",\"@graph\":[{\"@type\":\"Article\",\"@id\":\"https:\/\/www.radlobby.org\/noe\/radreisen\/#article\",\"isPartOf\":{\"@id\":\"https:\/\/www.radlobby.org\/noe\/radreisen\/\"},\"author\":{\"name\":\"Ernst Reischauer\",\"@id\":\"https:\/\/www.radlobby.org\/noe\/#\/schema\/person\/2a54438f8204f2499e497e3db91a8f72\"},\"headline\":\"Neuer Termin in Traismauer: Erfahrungsaustausch Radreisen 11. J\u00e4nner 2025\",\"datePublished\":\"2024-11-02T14:51:23+00:00\",\"dateModified\":\"2024-12-31T19:40:50+00:00\",\"mainEntityOfPage\":{\"@id\":\"https:\/\/www.radlobby.org\/noe\/radreisen\/\"},\"wordCount\":434,\"publisher\":{\"@id\":\"https:\/\/www.radlobby.org\/noe\/#organization\"},\"image\":{\"@id\":\"https:\/\/www.radlobby.org\/noe\/radreisen\/#primaryimage\"},\"thumbnailUrl\":\"https:\/\/www.radlobby.org\/noe\/wp-content\/uploads\/2024-05-22_Gravina_Foto-Reischauer-1-scaled.jpg\",\"articleSection\":[\"Radlobby Nieder\u00f6sterreich\",\"Radlobby Traismauer\"],\"inLanguage\":\"de\"},{\"@type\":\"WebPage\",\"@id\":\"https:\/\/www.radlobby.org\/noe\/radreisen\/\",\"url\":\"https:\/\/www.radlobby.org\/noe\/radreisen\/\",\"name\":\"Neuer Termin in Traismauer: Erfahrungsaustausch Radreisen 11. J\u00e4nner 2025 - Radlobby Nieder\u00f6sterreich\",\"isPartOf\":{\"@id\":\"https:\/\/www.radlobby.org\/noe\/#website\"},\"primaryImageOfPage\":{\"@id\":\"https:\/\/www.radlobby.org\/noe\/radreisen\/#primaryimage\"},\"image\":{\"@id\":\"https:\/\/www.radlobby.org\/noe\/radreisen\/#primaryimage\"},\"thumbnailUrl\":\"https:\/\/www.radlobby.org\/noe\/wp-content\/uploads\/2024-05-22_Gravina_Foto-Reischauer-1-scaled.jpg\",\"datePublished\":\"2024-11-02T14:51:23+00:00\",\"dateModified\":\"2024-12-31T19:40:50+00:00\",\"breadcrumb\":{\"@id\":\"https:\/\/www.radlobby.org\/noe\/radreisen\/#breadcrumb\"},\"inLanguage\":\"de\",\"potentialAction\":[{\"@type\":\"ReadAction\",\"target\":[\"https:\/\/www.radlobby.org\/noe\/radreisen\/\"]}]},{\"@type\":\"ImageObject\",\"inLanguage\":\"de\",\"@id\":\"https:\/\/www.radlobby.org\/noe\/radreisen\/#primaryimage\",\"url\":\"https:\/\/www.radlobby.org\/noe\/wp-content\/uploads\/2024-05-22_Gravina_Foto-Reischauer-1-scaled.jpg\",\"contentUrl\":\"https:\/\/www.radlobby.org\/noe\/wp-content\/uploads\/2024-05-22_Gravina_Foto-Reischauer-1-scaled.jpg\",\"width\":2560,\"height\":1703,\"caption\":\"Apulien Mai 2024\"},{\"@type\":\"BreadcrumbList\",\"@id\":\"https:\/\/www.radlobby.org\/noe\/radreisen\/#breadcrumb\",\"itemListElement\":[{\"@type\":\"ListItem\",\"position\":1,\"name\":\"Startseite\",\"item\":\"https:\/\/www.radlobby.org\/noe\/\"},{\"@type\":\"ListItem\",\"position\":2,\"name\":\"Neuer Termin in Traismauer: Erfahrungsaustausch Radreisen 11. J\u00e4nner 2025\"}]},{\"@type\":\"WebSite\",\"@id\":\"https:\/\/www.radlobby.org\/noe\/#website\",\"url\":\"https:\/\/www.radlobby.org\/noe\/\",\"name\":\"Radlobby Nieder\u00f6sterreich\",\"description\":\"Radverkehr, Fahrrad, Radfahren, Radreisen, Radtouren, Radweg\",\"publisher\":{\"@id\":\"https:\/\/www.radlobby.org\/noe\/#organization\"},\"potentialAction\":[{\"@type\":\"SearchAction\",\"target\":{\"@type\":\"EntryPoint\",\"urlTemplate\":\"https:\/\/www.radlobby.org\/noe\/?s={search_term_string}\"},\"query-input\":{\"@type\":\"PropertyValueSpecification\",\"valueRequired\":true,\"valueName\":\"search_term_string\"}}],\"inLanguage\":\"de\"},{\"@type\":\"Organization\",\"@id\":\"https:\/\/www.radlobby.org\/noe\/#organization\",\"name\":\"Radlobby Nieder\u00f6sterreich\",\"url\":\"https:\/\/www.radlobby.org\/noe\/\",\"logo\":{\"@type\":\"ImageObject\",\"inLanguage\":\"de\",\"@id\":\"https:\/\/www.radlobby.org\/noe\/#\/schema\/logo\/image\/\",\"url\":\"https:\/\/www.radlobby.org\/noe\/wp-content\/uploads\/2017\/01\/cropped-Logo_Radlobby_Niederoesterreich_50-400px_quer-1.jpg\",\"contentUrl\":\"https:\/\/www.radlobby.org\/noe\/wp-content\/uploads\/2017\/01\/cropped-Logo_Radlobby_Niederoesterreich_50-400px_quer-1.jpg\",\"width\":450,\"height\":124,\"caption\":\"Radlobby Nieder\u00f6sterreich\"},\"image\":{\"@id\":\"https:\/\/www.radlobby.org\/noe\/#\/schema\/logo\/image\/\"},\"sameAs\":[\"https:\/\/www.facebook.com\/groups\/radfahren.in.noe\/\"]},{\"@type\":\"Person\",\"@id\":\"https:\/\/www.radlobby.org\/noe\/#\/schema\/person\/2a54438f8204f2499e497e3db91a8f72\",\"name\":\"Ernst Reischauer\",\"image\":{\"@type\":\"ImageObject\",\"inLanguage\":\"de\",\"@id\":\"https:\/\/www.radlobby.org\/noe\/#\/schema\/person\/image\/\",\"url\":\"https:\/\/secure.gravatar.com\/avatar\/a892db63abdfdced1eee4344eed5373f766aed0a520fae0d912d753935f36fcd?s=96&d=mm&r=g\",\"contentUrl\":\"https:\/\/secure.gravatar.com\/avatar\/a892db63abdfdced1eee4344eed5373f766aed0a520fae0d912d753935f36fcd?s=96&d=mm&r=g\",\"caption\":\"Ernst Reischauer\"},\"url\":\"https:\/\/www.radlobby.org\/noe\/author\/ernst-reischauer\/\"}]}<\/script>\n<!-- \/ Yoast SEO plugin. -->","yoast_head_json":{"title":"Neuer Termin in Traismauer: Erfahrungsaustausch Radreisen 11. J\u00e4nner 2025 - Radlobby Nieder\u00f6sterreich","robots":{"index":"index","follow":"follow","max-snippet":"max-snippet:-1","max-image-preview":"max-image-preview:large","max-video-preview":"max-video-preview:-1"},"canonical":"https:\/\/www.radlobby.org\/noe\/radreisen\/","og_locale":"de_DE","og_type":"article","og_title":"Neuer Termin in Traismauer: Erfahrungsaustausch Radreisen 11. J\u00e4nner 2025 - Radlobby Nieder\u00f6sterreich","og_description":"Die Radlobby Traismauer l\u00e4dt am Samstag, den 11. J\u00e4nner 2025 von 14 bis 17 Uhr klassische Radreisende in das Schloss Traismauer zu einem lockeren Erfahrungsaustausch ein.\u00a0","og_url":"https:\/\/www.radlobby.org\/noe\/radreisen\/","og_site_name":"Radlobby Nieder\u00f6sterreich","article_publisher":"https:\/\/www.facebook.com\/groups\/radfahren.in.noe\/","article_published_time":"2024-11-02T14:51:23+00:00","article_modified_time":"2024-12-31T19:40:50+00:00","og_image":[{"width":2560,"height":1703,"url":"https:\/\/www.radlobby.org\/noe\/wp-content\/uploads\/2024-05-22_Gravina_Foto-Reischauer-1-scaled.jpg","type":"image\/jpeg"}],"author":"Ernst Reischauer","twitter_card":"summary_large_image","twitter_misc":{"Verfasst von":"Ernst Reischauer","Gesch\u00e4tzte Lesezeit":"3\u00a0Minuten"},"schema":{"@context":"https:\/\/schema.org","@graph":[{"@type":"Article","@id":"https:\/\/www.radlobby.org\/noe\/radreisen\/#article","isPartOf":{"@id":"https:\/\/www.radlobby.org\/noe\/radreisen\/"},"author":{"name":"Ernst Reischauer","@id":"https:\/\/www.radlobby.org\/noe\/#\/schema\/person\/2a54438f8204f2499e497e3db91a8f72"},"headline":"Neuer Termin in Traismauer: Erfahrungsaustausch Radreisen 11. J\u00e4nner 2025","datePublished":"2024-11-02T14:51:23+00:00","dateModified":"2024-12-31T19:40:50+00:00","mainEntityOfPage":{"@id":"https:\/\/www.radlobby.org\/noe\/radreisen\/"},"wordCount":434,"publisher":{"@id":"https:\/\/www.radlobby.org\/noe\/#organization"},"image":{"@id":"https:\/\/www.radlobby.org\/noe\/radreisen\/#primaryimage"},"thumbnailUrl":"https:\/\/www.radlobby.org\/noe\/wp-content\/uploads\/2024-05-22_Gravina_Foto-Reischauer-1-scaled.jpg","articleSection":["Radlobby Nieder\u00f6sterreich","Radlobby Traismauer"],"inLanguage":"de"},{"@type":"WebPage","@id":"https:\/\/www.radlobby.org\/noe\/radreisen\/","url":"https:\/\/www.radlobby.org\/noe\/radreisen\/","name":"Neuer Termin in Traismauer: Erfahrungsaustausch Radreisen 11. J\u00e4nner 2025 - Radlobby Nieder\u00f6sterreich","isPartOf":{"@id":"https:\/\/www.radlobby.org\/noe\/#website"},"primaryImageOfPage":{"@id":"https:\/\/www.radlobby.org\/noe\/radreisen\/#primaryimage"},"image":{"@id":"https:\/\/www.radlobby.org\/noe\/radreisen\/#primaryimage"},"thumbnailUrl":"https:\/\/www.radlobby.org\/noe\/wp-content\/uploads\/2024-05-22_Gravina_Foto-Reischauer-1-scaled.jpg","datePublished":"2024-11-02T14:51:23+00:00","dateModified":"2024-12-31T19:40:50+00:00","breadcrumb":{"@id":"https:\/\/www.radlobby.org\/noe\/radreisen\/#breadcrumb"},"inLanguage":"de","potentialAction":[{"@type":"ReadAction","target":["https:\/\/www.radlobby.org\/noe\/radreisen\/"]}]},{"@type":"ImageObject","inLanguage":"de","@id":"https:\/\/www.radlobby.org\/noe\/radreisen\/#primaryimage","url":"https:\/\/www.radlobby.org\/noe\/wp-content\/uploads\/2024-05-22_Gravina_Foto-Reischauer-1-scaled.jpg","contentUrl":"https:\/\/www.radlobby.org\/noe\/wp-content\/uploads\/2024-05-22_Gravina_Foto-Reischauer-1-scaled.jpg","width":2560,"height":1703,"caption":"Apulien Mai 2024"},{"@type":"BreadcrumbList","@id":"https:\/\/www.radlobby.org\/noe\/radreisen\/#breadcrumb","itemListElement":[{"@type":"ListItem","position":1,"name":"Startseite","item":"https:\/\/www.radlobby.org\/noe\/"},{"@type":"ListItem","position":2,"name":"Neuer Termin in Traismauer: Erfahrungsaustausch Radreisen 11. J\u00e4nner 2025"}]},{"@type":"WebSite","@id":"https:\/\/www.radlobby.org\/noe\/#website","url":"https:\/\/www.radlobby.org\/noe\/","name":"Radlobby Nieder\u00f6sterreich","description":"Radverkehr, Fahrrad, Radfahren, Radreisen, Radtouren, Radweg","publisher":{"@id":"https:\/\/www.radlobby.org\/noe\/#organization"},"potentialAction":[{"@type":"SearchAction","target":{"@type":"EntryPoint","urlTemplate":"https:\/\/www.radlobby.org\/noe\/?s={search_term_string}"},"query-input":{"@type":"PropertyValueSpecification","valueRequired":true,"valueName":"search_term_string"}}],"inLanguage":"de"},{"@type":"Organization","@id":"https:\/\/www.radlobby.org\/noe\/#organization","name":"Radlobby Nieder\u00f6sterreich","url":"https:\/\/www.radlobby.org\/noe\/","logo":{"@type":"ImageObject","inLanguage":"de","@id":"https:\/\/www.radlobby.org\/noe\/#\/schema\/logo\/image\/","url":"https:\/\/www.radlobby.org\/noe\/wp-content\/uploads\/2017\/01\/cropped-Logo_Radlobby_Niederoesterreich_50-400px_quer-1.jpg","contentUrl":"https:\/\/www.radlobby.org\/noe\/wp-content\/uploads\/2017\/01\/cropped-Logo_Radlobby_Niederoesterreich_50-400px_quer-1.jpg","width":450,"height":124,"caption":"Radlobby Nieder\u00f6sterreich"},"image":{"@id":"https:\/\/www.radlobby.org\/noe\/#\/schema\/logo\/image\/"},"sameAs":["https:\/\/www.facebook.com\/groups\/radfahren.in.noe\/"]},{"@type":"Person","@id":"https:\/\/www.radlobby.org\/noe\/#\/schema\/person\/2a54438f8204f2499e497e3db91a8f72","name":"Ernst Reischauer","image":{"@type":"ImageObject","inLanguage":"de","@id":"https:\/\/www.radlobby.org\/noe\/#\/schema\/person\/image\/","url":"https:\/\/secure.gravatar.com\/avatar\/a892db63abdfdced1eee4344eed5373f766aed0a520fae0d912d753935f36fcd?s=96&d=mm&r=g","contentUrl":"https:\/\/secure.gravatar.com\/avatar\/a892db63abdfdced1eee4344eed5373f766aed0a520fae0d912d753935f36fcd?s=96&d=mm&r=g","caption":"Ernst Reischauer"},"url":"https:\/\/www.radlobby.org\/noe\/author\/ernst-reischauer\/"}]}},"_links":{"self":[{"href":"https:\/\/www.radlobby.org\/noe\/wp-json\/wp\/v2\/posts\/37072","targetHints":{"allow":["GET"]}}],"collection":[{"href":"https:\/\/www.radlobby.org\/noe\/wp-json\/wp\/v2\/posts"}],"about":[{"href":"https:\/\/www.radlobby.org\/noe\/wp-json\/wp\/v2\/types\/post"}],"author":[{"embeddable":true,"href":"https:\/\/www.radlobby.org\/noe\/wp-json\/wp\/v2\/users\/53"}],"replies":[{"embeddable":true,"href":"https:\/\/www.radlobby.org\/noe\/wp-json\/wp\/v2\/comments?post=37072"}],"version-history":[{"count":7,"href":"https:\/\/www.radlobby.org\/noe\/wp-json\/wp\/v2\/posts\/37072\/revisions"}],"predecessor-version":[{"id":37609,"href":"https:\/\/www.radlobby.org\/noe\/wp-json\/wp\/v2\/posts\/37072\/revisions\/37609"}],"wp:featuredmedia":[{"embeddable":true,"href":"https:\/\/www.radlobby.org\/noe\/wp-json\/wp\/v2\/media\/37073"}],"wp:attachment":[{"href":"https:\/\/www.radlobby.org\/noe\/wp-json\/wp\/v2\/media?parent=37072"}],"wp:term":[{"taxonomy":"category","embeddable":true,"href":"https:\/\/www.radlobby.org\/noe\/wp-json\/wp\/v2\/categories?post=37072"},{"taxonomy":"post_tag","embeddable":true,"href":"https:\/\/www.radlobby.org\/noe\/wp-json\/wp\/v2\/tags?post=37072"}],"curies":[{"name":"wp","href":"https:\/\/api.w.org\/{rel}","templated":true}]}}