{"id":3687,"date":"2017-06-26T14:07:52","date_gmt":"2017-06-26T12:07:52","guid":{"rendered":"http:\/\/www.radlobby.org\/noe\/?p=3687"},"modified":"2017-06-26T14:07:52","modified_gmt":"2017-06-26T12:07:52","slug":"st-poeltner-und-st-poeltnerinnen-feierten-200-geburtstag-des-rades-radparade-mit-historischen-kleidern-und-raedern","status":"publish","type":"post","link":"https:\/\/www.radlobby.org\/noe\/st-poeltner-und-st-poeltnerinnen-feierten-200-geburtstag-des-rades-radparade-mit-historischen-kleidern-und-raedern\/","title":{"rendered":"St. P\u00f6ltner und St. P\u00f6ltnerinnen feierten 200. Geburtstag des Rades Radparade mit historischen Kleidern und R\u00e4dern"},"content":{"rendered":"<p>Mitte Juni j\u00e4hrte sich zum 200sten Mal die Jungfernfahrt des Karl Freiherr von Drais mit seiner von ihm 1817 konstruierten \u201eLaufmaschine\u201c, auch bekannt unter dem Namen \u201eDraisine\u201c, dem Vorl\u00e4ufer des heutigen Fahrrades.<\/p>\n<p><img loading=\"lazy\" decoding=\"async\" class=\"size-medium wp-image-3691 alignleft\" src=\"http:\/\/www.radlobby.org\/noe\/wp-content\/uploads\/Radparade-Sankt-Poelten-Gruppe-300x200.jpg\" alt=\"\" width=\"300\" height=\"200\" srcset=\"https:\/\/www.radlobby.org\/noe\/wp-content\/uploads\/Radparade-Sankt-Poelten-Gruppe-300x200.jpg 300w, https:\/\/www.radlobby.org\/noe\/wp-content\/uploads\/Radparade-Sankt-Poelten-Gruppe-768x512.jpg 768w, https:\/\/www.radlobby.org\/noe\/wp-content\/uploads\/Radparade-Sankt-Poelten-Gruppe.jpg 1350w\" sizes=\"auto, (max-width: 300px) 100vw, 300px\" \/>Circa 70 Radlerinnen und Radler feierten mit der Radlobby St. P\u00f6lten und der Radlselbsthilfewerkstatt St. P\u00f6lten den 200. Geburtstag des Velos. Am\u00a0<strong>Mittwoch, dem 14. Juni<\/strong>\u00a02017 ging es 14 Kilometer mit einer Radparade durch St. P\u00f6lten. Die Distanz der Radparade orientierte sich dabei an der von Drais mit seiner Laufmaschine zur\u00fcckgelegten Strecke von circa 14 Kilometern.<\/p>\n<p>Die Route verlief vom Bahnhofsplatz mit einer kleinen Runde durch die Innenstadt schlie\u00dflich \u00fcber die neue Traisenbr\u00fccke nach Wagram, durch den Landhaustunnel \u00fcber den Nieder\u00f6sterreichring wieder von Osten nach Westen in den Stadtwald mit einer kleinen \u201eH\u00f6henwertung\u201c.<img loading=\"lazy\" decoding=\"async\" class=\"size-medium wp-image-3690 alignright\" src=\"http:\/\/www.radlobby.org\/noe\/wp-content\/uploads\/Radparade-Sankt-Poelten-Gewinner-300x200.jpg\" alt=\"\" width=\"300\" height=\"200\" srcset=\"https:\/\/www.radlobby.org\/noe\/wp-content\/uploads\/Radparade-Sankt-Poelten-Gewinner-300x200.jpg 300w, https:\/\/www.radlobby.org\/noe\/wp-content\/uploads\/Radparade-Sankt-Poelten-Gewinner-768x512.jpg 768w, https:\/\/www.radlobby.org\/noe\/wp-content\/uploads\/Radparade-Sankt-Poelten-Gewinner.jpg 1350w\" sizes=\"auto, (max-width: 300px) 100vw, 300px\" \/><\/p>\n<p>In der Alten Reichsstra\u00dfe bei der Radschneiderei gab es einen Zwischenstopp. Hier wurde die historischste Erscheinung pr\u00e4miert. Herr Johannes Graf \u00fcberzeugte die Jury bestehend aus dem Mitradlerinnen und Mitradlern mit franz\u00f6sischem Tandemrad mit klassischem Picknickkorb und die passende Tweedlook-Kleidung.<\/p>\n<p>\u00dcber die Mariazeller Stra\u00dfe gings in den S\u00fcden und schlie\u00dflich zum Sonnenpark.<\/p>\n<p><img loading=\"lazy\" decoding=\"async\" class=\"size-medium wp-image-3689 alignleft\" src=\"http:\/\/www.radlobby.org\/noe\/wp-content\/uploads\/Radparade-Sankt-Poelten-Sonnenpark-300x200.jpg\" alt=\"\" width=\"300\" height=\"200\" srcset=\"https:\/\/www.radlobby.org\/noe\/wp-content\/uploads\/Radparade-Sankt-Poelten-Sonnenpark-300x200.jpg 300w, https:\/\/www.radlobby.org\/noe\/wp-content\/uploads\/Radparade-Sankt-Poelten-Sonnenpark-768x512.jpg 768w, https:\/\/www.radlobby.org\/noe\/wp-content\/uploads\/Radparade-Sankt-Poelten-Sonnenpark.jpg 1356w\" sizes=\"auto, (max-width: 300px) 100vw, 300px\" \/>Unter Anleitung der Radlselbsthilfewerkstatt wurde im Sonnenpark eine Draisine gebastelt. Es gab verschiedenste Funbikes zum Ausprobieren und einen Velogolf-Bewerb. Bei optimalen Wetterbedingungen wurde unter B\u00e4umen gepicknickt und velosophiert.<\/p>\n<p>Fotos: G\u00fcnther B\u00f6ck<\/p>\n<p>&nbsp;<\/p>\n","protected":false},"excerpt":{"rendered":"<p>Mitte Juni j\u00e4hrte sich zum 200sten Mal die Jungfernfahrt des Karl Freiherr von Drais mit seiner von ihm 1817 konstruierten \u201eLaufmaschine\u201c, auch bekannt unter dem Namen \u201eDraisine\u201c, dem Vorl\u00e4ufer des heutigen Fahrrades. Circa 70 Radlerinnen und Radler feierten mit der<\/p>\n","protected":false},"author":14,"featured_media":3690,"comment_status":"closed","ping_status":"closed","sticky":false,"template":"","format":"standard","meta":{"footnotes":""},"categories":[1,20,28],"tags":[],"class_list":["post-3687","post","type-post","status-publish","format-standard","has-post-thumbnail","hentry","category-allgemein","category-niederoesterreich","category-st-poelten"],"yoast_head":"<!-- This site is optimized with the Yoast SEO plugin v26.9 - https:\/\/yoast.com\/product\/yoast-seo-wordpress\/ -->\n<title>St. P\u00f6ltner und St. P\u00f6ltnerinnen feierten 200. Geburtstag des Rades Radparade mit historischen Kleidern und R\u00e4dern - Radlobby Nieder\u00f6sterreich<\/title>\n<meta name=\"robots\" content=\"index, follow, max-snippet:-1, max-image-preview:large, max-video-preview:-1\" \/>\n<link rel=\"canonical\" href=\"https:\/\/www.radlobby.org\/noe\/st-poeltner-und-st-poeltnerinnen-feierten-200-geburtstag-des-rades-radparade-mit-historischen-kleidern-und-raedern\/\" \/>\n<meta property=\"og:locale\" content=\"de_DE\" \/>\n<meta property=\"og:type\" content=\"article\" \/>\n<meta property=\"og:title\" content=\"St. P\u00f6ltner und St. P\u00f6ltnerinnen feierten 200. Geburtstag des Rades Radparade mit historischen Kleidern und R\u00e4dern - Radlobby Nieder\u00f6sterreich\" \/>\n<meta property=\"og:description\" content=\"Mitte Juni j\u00e4hrte sich zum 200sten Mal die Jungfernfahrt des Karl Freiherr von Drais mit seiner von ihm 1817 konstruierten \u201eLaufmaschine\u201c, auch bekannt unter dem Namen \u201eDraisine\u201c, dem Vorl\u00e4ufer des heutigen Fahrrades. Circa 70 Radlerinnen und Radler feierten mit der\" \/>\n<meta property=\"og:url\" content=\"https:\/\/www.radlobby.org\/noe\/st-poeltner-und-st-poeltnerinnen-feierten-200-geburtstag-des-rades-radparade-mit-historischen-kleidern-und-raedern\/\" \/>\n<meta property=\"og:site_name\" content=\"Radlobby Nieder\u00f6sterreich\" \/>\n<meta property=\"article:publisher\" content=\"https:\/\/www.facebook.com\/groups\/radfahren.in.noe\/\" \/>\n<meta property=\"article:published_time\" content=\"2017-06-26T12:07:52+00:00\" \/>\n<meta property=\"og:image\" content=\"https:\/\/www.radlobby.org\/noe\/wp-content\/uploads\/Radparade-Sankt-Poelten-Gewinner.jpg\" \/>\n\t<meta property=\"og:image:width\" content=\"1350\" \/>\n\t<meta property=\"og:image:height\" content=\"900\" \/>\n\t<meta property=\"og:image:type\" content=\"image\/jpeg\" \/>\n<meta name=\"author\" content=\"Irmgard Poisel\" \/>\n<meta name=\"twitter:card\" content=\"summary_large_image\" \/>\n<meta name=\"twitter:label1\" content=\"Verfasst von\" \/>\n\t<meta name=\"twitter:data1\" content=\"Irmgard Poisel\" \/>\n\t<meta name=\"twitter:label2\" content=\"Gesch\u00e4tzte Lesezeit\" \/>\n\t<meta name=\"twitter:data2\" content=\"1\u00a0Minute\" \/>\n<script type=\"application\/ld+json\" class=\"yoast-schema-graph\">{\"@context\":\"https:\/\/schema.org\",\"@graph\":[{\"@type\":\"Article\",\"@id\":\"https:\/\/www.radlobby.org\/noe\/st-poeltner-und-st-poeltnerinnen-feierten-200-geburtstag-des-rades-radparade-mit-historischen-kleidern-und-raedern\/#article\",\"isPartOf\":{\"@id\":\"https:\/\/www.radlobby.org\/noe\/st-poeltner-und-st-poeltnerinnen-feierten-200-geburtstag-des-rades-radparade-mit-historischen-kleidern-und-raedern\/\"},\"author\":{\"name\":\"Irmgard Poisel\",\"@id\":\"https:\/\/www.radlobby.org\/noe\/#\/schema\/person\/00464705a59faa632b8c418e348c0fbc\"},\"headline\":\"St. P\u00f6ltner und St. P\u00f6ltnerinnen feierten 200. Geburtstag des Rades Radparade mit historischen Kleidern und R\u00e4dern\",\"datePublished\":\"2017-06-26T12:07:52+00:00\",\"mainEntityOfPage\":{\"@id\":\"https:\/\/www.radlobby.org\/noe\/st-poeltner-und-st-poeltnerinnen-feierten-200-geburtstag-des-rades-radparade-mit-historischen-kleidern-und-raedern\/\"},\"wordCount\":239,\"publisher\":{\"@id\":\"https:\/\/www.radlobby.org\/noe\/#organization\"},\"image\":{\"@id\":\"https:\/\/www.radlobby.org\/noe\/st-poeltner-und-st-poeltnerinnen-feierten-200-geburtstag-des-rades-radparade-mit-historischen-kleidern-und-raedern\/#primaryimage\"},\"thumbnailUrl\":\"https:\/\/www.radlobby.org\/noe\/wp-content\/uploads\/Radparade-Sankt-Poelten-Gewinner.jpg\",\"articleSection\":{\"1\":\"Radlobby Nieder\u00f6sterreich\",\"2\":\"Radlobby St. P\u00f6lten\"},\"inLanguage\":\"de\"},{\"@type\":\"WebPage\",\"@id\":\"https:\/\/www.radlobby.org\/noe\/st-poeltner-und-st-poeltnerinnen-feierten-200-geburtstag-des-rades-radparade-mit-historischen-kleidern-und-raedern\/\",\"url\":\"https:\/\/www.radlobby.org\/noe\/st-poeltner-und-st-poeltnerinnen-feierten-200-geburtstag-des-rades-radparade-mit-historischen-kleidern-und-raedern\/\",\"name\":\"St. P\u00f6ltner und St. P\u00f6ltnerinnen feierten 200. Geburtstag des Rades Radparade mit historischen Kleidern und R\u00e4dern - Radlobby Nieder\u00f6sterreich\",\"isPartOf\":{\"@id\":\"https:\/\/www.radlobby.org\/noe\/#website\"},\"primaryImageOfPage\":{\"@id\":\"https:\/\/www.radlobby.org\/noe\/st-poeltner-und-st-poeltnerinnen-feierten-200-geburtstag-des-rades-radparade-mit-historischen-kleidern-und-raedern\/#primaryimage\"},\"image\":{\"@id\":\"https:\/\/www.radlobby.org\/noe\/st-poeltner-und-st-poeltnerinnen-feierten-200-geburtstag-des-rades-radparade-mit-historischen-kleidern-und-raedern\/#primaryimage\"},\"thumbnailUrl\":\"https:\/\/www.radlobby.org\/noe\/wp-content\/uploads\/Radparade-Sankt-Poelten-Gewinner.jpg\",\"datePublished\":\"2017-06-26T12:07:52+00:00\",\"breadcrumb\":{\"@id\":\"https:\/\/www.radlobby.org\/noe\/st-poeltner-und-st-poeltnerinnen-feierten-200-geburtstag-des-rades-radparade-mit-historischen-kleidern-und-raedern\/#breadcrumb\"},\"inLanguage\":\"de\",\"potentialAction\":[{\"@type\":\"ReadAction\",\"target\":[\"https:\/\/www.radlobby.org\/noe\/st-poeltner-und-st-poeltnerinnen-feierten-200-geburtstag-des-rades-radparade-mit-historischen-kleidern-und-raedern\/\"]}]},{\"@type\":\"ImageObject\",\"inLanguage\":\"de\",\"@id\":\"https:\/\/www.radlobby.org\/noe\/st-poeltner-und-st-poeltnerinnen-feierten-200-geburtstag-des-rades-radparade-mit-historischen-kleidern-und-raedern\/#primaryimage\",\"url\":\"https:\/\/www.radlobby.org\/noe\/wp-content\/uploads\/Radparade-Sankt-Poelten-Gewinner.jpg\",\"contentUrl\":\"https:\/\/www.radlobby.org\/noe\/wp-content\/uploads\/Radparade-Sankt-Poelten-Gewinner.jpg\",\"width\":1350,\"height\":900,\"caption\":\"(c) G\u00fcnther Bock\"},{\"@type\":\"BreadcrumbList\",\"@id\":\"https:\/\/www.radlobby.org\/noe\/st-poeltner-und-st-poeltnerinnen-feierten-200-geburtstag-des-rades-radparade-mit-historischen-kleidern-und-raedern\/#breadcrumb\",\"itemListElement\":[{\"@type\":\"ListItem\",\"position\":1,\"name\":\"Startseite\",\"item\":\"https:\/\/www.radlobby.org\/noe\/\"},{\"@type\":\"ListItem\",\"position\":2,\"name\":\"St. P\u00f6ltner und St. P\u00f6ltnerinnen feierten 200. Geburtstag des Rades Radparade mit historischen Kleidern und R\u00e4dern\"}]},{\"@type\":\"WebSite\",\"@id\":\"https:\/\/www.radlobby.org\/noe\/#website\",\"url\":\"https:\/\/www.radlobby.org\/noe\/\",\"name\":\"Radlobby Nieder\u00f6sterreich\",\"description\":\"Radverkehr, Fahrrad, Radfahren, Radreisen, Radtouren, Radweg\",\"publisher\":{\"@id\":\"https:\/\/www.radlobby.org\/noe\/#organization\"},\"potentialAction\":[{\"@type\":\"SearchAction\",\"target\":{\"@type\":\"EntryPoint\",\"urlTemplate\":\"https:\/\/www.radlobby.org\/noe\/?s={search_term_string}\"},\"query-input\":{\"@type\":\"PropertyValueSpecification\",\"valueRequired\":true,\"valueName\":\"search_term_string\"}}],\"inLanguage\":\"de\"},{\"@type\":\"Organization\",\"@id\":\"https:\/\/www.radlobby.org\/noe\/#organization\",\"name\":\"Radlobby Nieder\u00f6sterreich\",\"url\":\"https:\/\/www.radlobby.org\/noe\/\",\"logo\":{\"@type\":\"ImageObject\",\"inLanguage\":\"de\",\"@id\":\"https:\/\/www.radlobby.org\/noe\/#\/schema\/logo\/image\/\",\"url\":\"https:\/\/www.radlobby.org\/noe\/wp-content\/uploads\/2017\/01\/cropped-Logo_Radlobby_Niederoesterreich_50-400px_quer-1.jpg\",\"contentUrl\":\"https:\/\/www.radlobby.org\/noe\/wp-content\/uploads\/2017\/01\/cropped-Logo_Radlobby_Niederoesterreich_50-400px_quer-1.jpg\",\"width\":450,\"height\":124,\"caption\":\"Radlobby Nieder\u00f6sterreich\"},\"image\":{\"@id\":\"https:\/\/www.radlobby.org\/noe\/#\/schema\/logo\/image\/\"},\"sameAs\":[\"https:\/\/www.facebook.com\/groups\/radfahren.in.noe\/\"]},{\"@type\":\"Person\",\"@id\":\"https:\/\/www.radlobby.org\/noe\/#\/schema\/person\/00464705a59faa632b8c418e348c0fbc\",\"name\":\"Irmgard Poisel\",\"image\":{\"@type\":\"ImageObject\",\"inLanguage\":\"de\",\"@id\":\"https:\/\/www.radlobby.org\/noe\/#\/schema\/person\/image\/\",\"url\":\"https:\/\/secure.gravatar.com\/avatar\/22b01936dbfe38ee99a42bfdeacfb2f6598a39fc1e1b1a2f488c05dd1e9a0ce1?s=96&d=mm&r=g\",\"contentUrl\":\"https:\/\/secure.gravatar.com\/avatar\/22b01936dbfe38ee99a42bfdeacfb2f6598a39fc1e1b1a2f488c05dd1e9a0ce1?s=96&d=mm&r=g\",\"caption\":\"Irmgard Poisel\"},\"url\":\"https:\/\/www.radlobby.org\/noe\/author\/irmgardpoisel\/\"}]}<\/script>\n<!-- \/ Yoast SEO plugin. -->","yoast_head_json":{"title":"St. P\u00f6ltner und St. P\u00f6ltnerinnen feierten 200. Geburtstag des Rades Radparade mit historischen Kleidern und R\u00e4dern - Radlobby Nieder\u00f6sterreich","robots":{"index":"index","follow":"follow","max-snippet":"max-snippet:-1","max-image-preview":"max-image-preview:large","max-video-preview":"max-video-preview:-1"},"canonical":"https:\/\/www.radlobby.org\/noe\/st-poeltner-und-st-poeltnerinnen-feierten-200-geburtstag-des-rades-radparade-mit-historischen-kleidern-und-raedern\/","og_locale":"de_DE","og_type":"article","og_title":"St. P\u00f6ltner und St. P\u00f6ltnerinnen feierten 200. Geburtstag des Rades Radparade mit historischen Kleidern und R\u00e4dern - Radlobby Nieder\u00f6sterreich","og_description":"Mitte Juni j\u00e4hrte sich zum 200sten Mal die Jungfernfahrt des Karl Freiherr von Drais mit seiner von ihm 1817 konstruierten \u201eLaufmaschine\u201c, auch bekannt unter dem Namen \u201eDraisine\u201c, dem Vorl\u00e4ufer des heutigen Fahrrades. Circa 70 Radlerinnen und Radler feierten mit der","og_url":"https:\/\/www.radlobby.org\/noe\/st-poeltner-und-st-poeltnerinnen-feierten-200-geburtstag-des-rades-radparade-mit-historischen-kleidern-und-raedern\/","og_site_name":"Radlobby Nieder\u00f6sterreich","article_publisher":"https:\/\/www.facebook.com\/groups\/radfahren.in.noe\/","article_published_time":"2017-06-26T12:07:52+00:00","og_image":[{"width":1350,"height":900,"url":"https:\/\/www.radlobby.org\/noe\/wp-content\/uploads\/Radparade-Sankt-Poelten-Gewinner.jpg","type":"image\/jpeg"}],"author":"Irmgard Poisel","twitter_card":"summary_large_image","twitter_misc":{"Verfasst von":"Irmgard Poisel","Gesch\u00e4tzte Lesezeit":"1\u00a0Minute"},"schema":{"@context":"https:\/\/schema.org","@graph":[{"@type":"Article","@id":"https:\/\/www.radlobby.org\/noe\/st-poeltner-und-st-poeltnerinnen-feierten-200-geburtstag-des-rades-radparade-mit-historischen-kleidern-und-raedern\/#article","isPartOf":{"@id":"https:\/\/www.radlobby.org\/noe\/st-poeltner-und-st-poeltnerinnen-feierten-200-geburtstag-des-rades-radparade-mit-historischen-kleidern-und-raedern\/"},"author":{"name":"Irmgard Poisel","@id":"https:\/\/www.radlobby.org\/noe\/#\/schema\/person\/00464705a59faa632b8c418e348c0fbc"},"headline":"St. P\u00f6ltner und St. P\u00f6ltnerinnen feierten 200. Geburtstag des Rades Radparade mit historischen Kleidern und R\u00e4dern","datePublished":"2017-06-26T12:07:52+00:00","mainEntityOfPage":{"@id":"https:\/\/www.radlobby.org\/noe\/st-poeltner-und-st-poeltnerinnen-feierten-200-geburtstag-des-rades-radparade-mit-historischen-kleidern-und-raedern\/"},"wordCount":239,"publisher":{"@id":"https:\/\/www.radlobby.org\/noe\/#organization"},"image":{"@id":"https:\/\/www.radlobby.org\/noe\/st-poeltner-und-st-poeltnerinnen-feierten-200-geburtstag-des-rades-radparade-mit-historischen-kleidern-und-raedern\/#primaryimage"},"thumbnailUrl":"https:\/\/www.radlobby.org\/noe\/wp-content\/uploads\/Radparade-Sankt-Poelten-Gewinner.jpg","articleSection":{"1":"Radlobby Nieder\u00f6sterreich","2":"Radlobby St. P\u00f6lten"},"inLanguage":"de"},{"@type":"WebPage","@id":"https:\/\/www.radlobby.org\/noe\/st-poeltner-und-st-poeltnerinnen-feierten-200-geburtstag-des-rades-radparade-mit-historischen-kleidern-und-raedern\/","url":"https:\/\/www.radlobby.org\/noe\/st-poeltner-und-st-poeltnerinnen-feierten-200-geburtstag-des-rades-radparade-mit-historischen-kleidern-und-raedern\/","name":"St. P\u00f6ltner und St. P\u00f6ltnerinnen feierten 200. Geburtstag des Rades Radparade mit historischen Kleidern und R\u00e4dern - Radlobby Nieder\u00f6sterreich","isPartOf":{"@id":"https:\/\/www.radlobby.org\/noe\/#website"},"primaryImageOfPage":{"@id":"https:\/\/www.radlobby.org\/noe\/st-poeltner-und-st-poeltnerinnen-feierten-200-geburtstag-des-rades-radparade-mit-historischen-kleidern-und-raedern\/#primaryimage"},"image":{"@id":"https:\/\/www.radlobby.org\/noe\/st-poeltner-und-st-poeltnerinnen-feierten-200-geburtstag-des-rades-radparade-mit-historischen-kleidern-und-raedern\/#primaryimage"},"thumbnailUrl":"https:\/\/www.radlobby.org\/noe\/wp-content\/uploads\/Radparade-Sankt-Poelten-Gewinner.jpg","datePublished":"2017-06-26T12:07:52+00:00","breadcrumb":{"@id":"https:\/\/www.radlobby.org\/noe\/st-poeltner-und-st-poeltnerinnen-feierten-200-geburtstag-des-rades-radparade-mit-historischen-kleidern-und-raedern\/#breadcrumb"},"inLanguage":"de","potentialAction":[{"@type":"ReadAction","target":["https:\/\/www.radlobby.org\/noe\/st-poeltner-und-st-poeltnerinnen-feierten-200-geburtstag-des-rades-radparade-mit-historischen-kleidern-und-raedern\/"]}]},{"@type":"ImageObject","inLanguage":"de","@id":"https:\/\/www.radlobby.org\/noe\/st-poeltner-und-st-poeltnerinnen-feierten-200-geburtstag-des-rades-radparade-mit-historischen-kleidern-und-raedern\/#primaryimage","url":"https:\/\/www.radlobby.org\/noe\/wp-content\/uploads\/Radparade-Sankt-Poelten-Gewinner.jpg","contentUrl":"https:\/\/www.radlobby.org\/noe\/wp-content\/uploads\/Radparade-Sankt-Poelten-Gewinner.jpg","width":1350,"height":900,"caption":"(c) G\u00fcnther Bock"},{"@type":"BreadcrumbList","@id":"https:\/\/www.radlobby.org\/noe\/st-poeltner-und-st-poeltnerinnen-feierten-200-geburtstag-des-rades-radparade-mit-historischen-kleidern-und-raedern\/#breadcrumb","itemListElement":[{"@type":"ListItem","position":1,"name":"Startseite","item":"https:\/\/www.radlobby.org\/noe\/"},{"@type":"ListItem","position":2,"name":"St. P\u00f6ltner und St. P\u00f6ltnerinnen feierten 200. Geburtstag des Rades Radparade mit historischen Kleidern und R\u00e4dern"}]},{"@type":"WebSite","@id":"https:\/\/www.radlobby.org\/noe\/#website","url":"https:\/\/www.radlobby.org\/noe\/","name":"Radlobby Nieder\u00f6sterreich","description":"Radverkehr, Fahrrad, Radfahren, Radreisen, Radtouren, Radweg","publisher":{"@id":"https:\/\/www.radlobby.org\/noe\/#organization"},"potentialAction":[{"@type":"SearchAction","target":{"@type":"EntryPoint","urlTemplate":"https:\/\/www.radlobby.org\/noe\/?s={search_term_string}"},"query-input":{"@type":"PropertyValueSpecification","valueRequired":true,"valueName":"search_term_string"}}],"inLanguage":"de"},{"@type":"Organization","@id":"https:\/\/www.radlobby.org\/noe\/#organization","name":"Radlobby Nieder\u00f6sterreich","url":"https:\/\/www.radlobby.org\/noe\/","logo":{"@type":"ImageObject","inLanguage":"de","@id":"https:\/\/www.radlobby.org\/noe\/#\/schema\/logo\/image\/","url":"https:\/\/www.radlobby.org\/noe\/wp-content\/uploads\/2017\/01\/cropped-Logo_Radlobby_Niederoesterreich_50-400px_quer-1.jpg","contentUrl":"https:\/\/www.radlobby.org\/noe\/wp-content\/uploads\/2017\/01\/cropped-Logo_Radlobby_Niederoesterreich_50-400px_quer-1.jpg","width":450,"height":124,"caption":"Radlobby Nieder\u00f6sterreich"},"image":{"@id":"https:\/\/www.radlobby.org\/noe\/#\/schema\/logo\/image\/"},"sameAs":["https:\/\/www.facebook.com\/groups\/radfahren.in.noe\/"]},{"@type":"Person","@id":"https:\/\/www.radlobby.org\/noe\/#\/schema\/person\/00464705a59faa632b8c418e348c0fbc","name":"Irmgard Poisel","image":{"@type":"ImageObject","inLanguage":"de","@id":"https:\/\/www.radlobby.org\/noe\/#\/schema\/person\/image\/","url":"https:\/\/secure.gravatar.com\/avatar\/22b01936dbfe38ee99a42bfdeacfb2f6598a39fc1e1b1a2f488c05dd1e9a0ce1?s=96&d=mm&r=g","contentUrl":"https:\/\/secure.gravatar.com\/avatar\/22b01936dbfe38ee99a42bfdeacfb2f6598a39fc1e1b1a2f488c05dd1e9a0ce1?s=96&d=mm&r=g","caption":"Irmgard Poisel"},"url":"https:\/\/www.radlobby.org\/noe\/author\/irmgardpoisel\/"}]}},"_links":{"self":[{"href":"https:\/\/www.radlobby.org\/noe\/wp-json\/wp\/v2\/posts\/3687","targetHints":{"allow":["GET"]}}],"collection":[{"href":"https:\/\/www.radlobby.org\/noe\/wp-json\/wp\/v2\/posts"}],"about":[{"href":"https:\/\/www.radlobby.org\/noe\/wp-json\/wp\/v2\/types\/post"}],"author":[{"embeddable":true,"href":"https:\/\/www.radlobby.org\/noe\/wp-json\/wp\/v2\/users\/14"}],"replies":[{"embeddable":true,"href":"https:\/\/www.radlobby.org\/noe\/wp-json\/wp\/v2\/comments?post=3687"}],"version-history":[{"count":0,"href":"https:\/\/www.radlobby.org\/noe\/wp-json\/wp\/v2\/posts\/3687\/revisions"}],"wp:featuredmedia":[{"embeddable":true,"href":"https:\/\/www.radlobby.org\/noe\/wp-json\/wp\/v2\/media\/3690"}],"wp:attachment":[{"href":"https:\/\/www.radlobby.org\/noe\/wp-json\/wp\/v2\/media?parent=3687"}],"wp:term":[{"taxonomy":"category","embeddable":true,"href":"https:\/\/www.radlobby.org\/noe\/wp-json\/wp\/v2\/categories?post=3687"},{"taxonomy":"post_tag","embeddable":true,"href":"https:\/\/www.radlobby.org\/noe\/wp-json\/wp\/v2\/tags?post=3687"}],"curies":[{"name":"wp","href":"https:\/\/api.w.org\/{rel}","templated":true}]}}