{"id":36831,"date":"2024-10-07T09:48:45","date_gmt":"2024-10-07T07:48:45","guid":{"rendered":"https:\/\/www.radlobby.org\/noe\/?p=36831"},"modified":"2024-10-18T12:21:33","modified_gmt":"2024-10-18T10:21:33","slug":"gemeinsam-zur-kunst-radeln","status":"publish","type":"post","link":"https:\/\/www.radlobby.org\/noe\/gemeinsam-zur-kunst-radeln\/","title":{"rendered":"Gemeinsam zur Kunst radeln"},"content":{"rendered":"<h4>Tage der offenen Ateliers<\/h4>\n<p>Am 19. und 20. Oktober finden wieder die Tage der offenen Ateliers in Nieder\u00f6sterreich statt.<\/p>\n<p>Die Radlobby hat schon in den letzten Jahren dazu aufgerufen, die Ateliers in unserer Region per Rad zu besuchen.<\/p>\n<p>Diese Idee hat heuer auch der Veranstalter, die Kulturvernetzung Nieder\u00f6sterreich, aufgegriffen.<\/p>\n<p><a href=\"https:\/\/www.radlobby.org\/noe\/wp-content\/uploads\/FahrradundBlaetter.jpg\" data-src=\"https:\/\/www.radlobby.org\/noe\/wp-content\/uploads\/FahrradundBlaetter.jpg\" data-thumb=\"https:\/\/www.radlobby.org\/noe\/wp-content\/uploads\/FahrradundBlaetter-300x200.jpg\" class=\"ml-lightbox-enabled\"><img loading=\"lazy\" decoding=\"async\" class=\"alignnone wp-image-36856 size-medium\" src=\"https:\/\/www.radlobby.org\/noe\/wp-content\/uploads\/FahrradundBlaetter-300x200.jpg\" alt=\"\" width=\"300\" height=\"200\" srcset=\"https:\/\/www.radlobby.org\/noe\/wp-content\/uploads\/FahrradundBlaetter-300x200.jpg 300w, https:\/\/www.radlobby.org\/noe\/wp-content\/uploads\/FahrradundBlaetter-768x512.jpg 768w, https:\/\/www.radlobby.org\/noe\/wp-content\/uploads\/FahrradundBlaetter-1536x1024.jpg 1536w, https:\/\/www.radlobby.org\/noe\/wp-content\/uploads\/FahrradundBlaetter-2048x1365.jpg 2048w\" sizes=\"auto, (max-width: 300px) 100vw, 300px\" \/><\/a><\/p>\n<h4>Radtour mit Anmeldung und bei Bedarf mit Leihrad<\/h4>\n<p>Bei der Radtour, zu der man sich bis 17.10. <a href=\"https:\/\/www.kulturvernetzung.at\/files\/downloads\/tdoa-2024-ateliertour-mit-dem-fahrrad.pdf\">hier<\/a> anmelden kann, werden\u00a0 die offenen Ateliers von acht K\u00fcnstlerinnen und K\u00fcnstlern in Wolkersdorf, Obersdorf und Ulrichskirchen besucht. Diese Tour ist insgesamt ca. 12 Kilometer lang. Kunstinteressierten, die noch mehr Kunst erradeln wollen, wird zum Abschluss noch die Gemeinschaftsausstellung \u201cKunst und Wein in der Kellergasse\u201d in Gro\u00dfebersdorf angeboten. F\u00fcr Personen die mit \u00f6ffentlichen Verkehrsmitteln anreisen, gibt es die M\u00f6glichkeit, ein E-Bike auszuborgen.<\/p>\n<p>Mit 18.10.2024 wurde die erforderliche Zahl an Teilnehmerinnen oder Teilnehmern nicht erreicht. Daher wird keine organisierte Tour stattfinden. Wir\u00a0 denken, dass viele Kunstinteressierte aus der Region die Ateliers mit ihren Fahrr\u00e4dern individuell besuchen werden. Viel Spa\u00df dabei!<\/p>\n<p><a href=\"https:\/\/www.radlobby.org\/noe\/wp-content\/uploads\/TDOA-2024-Ateliertour-mit-dem-Fahrrad.pdf\"><img loading=\"lazy\" decoding=\"async\" class=\"alignnone wp-image-36859 size-medium\" src=\"https:\/\/www.radlobby.org\/noe\/wp-content\/uploads\/TDOA-2024-Ateliertour-mit-dem-Fahrrad-300x125.jpg\" alt=\"\" width=\"300\" height=\"125\" srcset=\"https:\/\/www.radlobby.org\/noe\/wp-content\/uploads\/TDOA-2024-Ateliertour-mit-dem-Fahrrad-300x125.jpg 300w, https:\/\/www.radlobby.org\/noe\/wp-content\/uploads\/TDOA-2024-Ateliertour-mit-dem-Fahrrad-768x319.jpg 768w, https:\/\/www.radlobby.org\/noe\/wp-content\/uploads\/TDOA-2024-Ateliertour-mit-dem-Fahrrad.jpg 1118w\" sizes=\"auto, (max-width: 300px) 100vw, 300px\" \/><\/a><\/p>\n<p><a href=\"https:\/\/www.kulturvernetzung.at\/de\/orte-und-menschen\/#tdoa\">Hier<\/a> geht es zur Datenbank der teilnehmenden Kunstschaffenden.<\/p>\n<p>In unserer Region sind das<\/p>\n<p><a href=\"https:\/\/www.kulturvernetzung.at\/de\/manfred-staudinger\/\">Manfred Staudinger<\/a>, Wolkersdorf<\/p>\n<p><a href=\"https:\/\/www.kulturvernetzung.at\/de\/woodfield-kreativwerkstatt\/\">Waltraud Klos<\/a>, Wolkersdorf<\/p>\n<p><a href=\"https:\/\/www.kulturvernetzung.at\/de\/romy-pfyl\/\">Romy Pfyl<\/a>, Obersdorf<\/p>\n<p><a href=\"https:\/\/www.kulturvernetzung.at\/de\/herbert-unger\/\">Herbert Unger<\/a>, Obersdorf<\/p>\n<p><a href=\"https:\/\/www.kulturvernetzung.at\/de\/krippenverein-wolkersdorf-im-weinviertel\/\">Krippenverein Wolkersdorf<\/a>, Obersdorf<\/p>\n<p><a href=\"https:\/\/www.kulturvernetzung.at\/de\/gindlarte\/\">Wolfgang Django Gindl<\/a>, Pillichsdorf<\/p>\n<p><a href=\"https:\/\/www.kulturvernetzung.at\/de\/robertnagel\/\">Robert Nagel<\/a>, Ulrichskirchen<\/p>\n<p>und die Gemeinschaftsausstellung \u201cKunst und Wein in der Kellergasse\u201d in Gro\u00dfebersdorf.<\/p>\n<p>Das aktuell von Herbert Unger geschaffene Werk aus altem Glumpert hei\u00dft &#8220;Ein K\u00e4fig voller Narren&#8221;. Wer wissen will, wer diese Narren sind, der muss am 19. oder 20.10.2024 sein Atelier besuchen, am besten mit Fahrrad.<\/p>\n<p>&nbsp;<\/p>\n<p>&nbsp;<\/p>\n","protected":false},"excerpt":{"rendered":"<p>Tage der offenen Ateliers Am 19. und 20. Oktober finden wieder die Tage der offenen Ateliers in Nieder\u00f6sterreich statt. Die Radlobby hat schon in den letzten Jahren dazu aufgerufen, die Ateliers in unserer Region per Rad zu besuchen. Diese Idee<\/p>\n","protected":false},"author":3,"featured_media":36856,"comment_status":"closed","ping_status":"closed","sticky":false,"template":"","format":"standard","meta":{"footnotes":""},"categories":[80,11,6,16],"tags":[737,736],"class_list":["post-36831","post","type-post","status-publish","format-standard","has-post-thumbnail","hentry","category-deutsch-wagram","category-korneuburg","category-mistelbach","category-wolkersdorf","tag-tage-der-offenen-ateliers","tag-zur-kunst-radeln"],"yoast_head":"<!-- This site is optimized with the Yoast SEO plugin v26.9 - https:\/\/yoast.com\/product\/yoast-seo-wordpress\/ -->\n<title>Gemeinsam zur Kunst radeln - Radlobby Nieder\u00f6sterreich<\/title>\n<meta name=\"robots\" content=\"index, follow, max-snippet:-1, max-image-preview:large, max-video-preview:-1\" \/>\n<link rel=\"canonical\" href=\"https:\/\/www.radlobby.org\/noe\/gemeinsam-zur-kunst-radeln\/\" \/>\n<meta property=\"og:locale\" content=\"de_DE\" \/>\n<meta property=\"og:type\" content=\"article\" \/>\n<meta property=\"og:title\" content=\"Gemeinsam zur Kunst radeln - Radlobby Nieder\u00f6sterreich\" \/>\n<meta property=\"og:description\" content=\"Tage der offenen Ateliers Am 19. und 20. Oktober finden wieder die Tage der offenen Ateliers in Nieder\u00f6sterreich statt. Die Radlobby hat schon in den letzten Jahren dazu aufgerufen, die Ateliers in unserer Region per Rad zu besuchen. Diese Idee\" \/>\n<meta property=\"og:url\" content=\"https:\/\/www.radlobby.org\/noe\/gemeinsam-zur-kunst-radeln\/\" \/>\n<meta property=\"og:site_name\" content=\"Radlobby Nieder\u00f6sterreich\" \/>\n<meta property=\"article:publisher\" content=\"https:\/\/www.facebook.com\/groups\/radfahren.in.noe\/\" \/>\n<meta property=\"article:published_time\" content=\"2024-10-07T07:48:45+00:00\" \/>\n<meta property=\"article:modified_time\" content=\"2024-10-18T10:21:33+00:00\" \/>\n<meta property=\"og:image\" content=\"https:\/\/www.radlobby.org\/noe\/wp-content\/uploads\/FahrradundBlaetter.jpg\" \/>\n\t<meta property=\"og:image:width\" content=\"2400\" \/>\n\t<meta property=\"og:image:height\" content=\"1600\" \/>\n\t<meta property=\"og:image:type\" content=\"image\/jpeg\" \/>\n<meta name=\"author\" content=\"Hermann Hiebner\" \/>\n<meta name=\"twitter:card\" content=\"summary_large_image\" \/>\n<meta name=\"twitter:label1\" content=\"Verfasst von\" \/>\n\t<meta name=\"twitter:data1\" content=\"Hermann Hiebner\" \/>\n\t<meta name=\"twitter:label2\" content=\"Gesch\u00e4tzte Lesezeit\" \/>\n\t<meta name=\"twitter:data2\" content=\"2\u00a0Minuten\" \/>\n<script type=\"application\/ld+json\" class=\"yoast-schema-graph\">{\"@context\":\"https:\/\/schema.org\",\"@graph\":[{\"@type\":\"Article\",\"@id\":\"https:\/\/www.radlobby.org\/noe\/gemeinsam-zur-kunst-radeln\/#article\",\"isPartOf\":{\"@id\":\"https:\/\/www.radlobby.org\/noe\/gemeinsam-zur-kunst-radeln\/\"},\"author\":{\"name\":\"Hermann Hiebner\",\"@id\":\"https:\/\/www.radlobby.org\/noe\/#\/schema\/person\/c91605b70aca449bea4cb27190b0dbe2\"},\"headline\":\"Gemeinsam zur Kunst radeln\",\"datePublished\":\"2024-10-07T07:48:45+00:00\",\"dateModified\":\"2024-10-18T10:21:33+00:00\",\"mainEntityOfPage\":{\"@id\":\"https:\/\/www.radlobby.org\/noe\/gemeinsam-zur-kunst-radeln\/\"},\"wordCount\":256,\"publisher\":{\"@id\":\"https:\/\/www.radlobby.org\/noe\/#organization\"},\"image\":{\"@id\":\"https:\/\/www.radlobby.org\/noe\/gemeinsam-zur-kunst-radeln\/#primaryimage\"},\"thumbnailUrl\":\"https:\/\/www.radlobby.org\/noe\/wp-content\/uploads\/FahrradundBlaetter.jpg\",\"keywords\":[\"tage der offenen ateliers\",\"zur kunst radeln\"],\"articleSection\":[\"Radlobby Deutsch-Wagram\",\"Radlobby Korneuburg\",\"Radlobby Mistelbach\",\"Radlobby Wolkersdorf\"],\"inLanguage\":\"de\"},{\"@type\":\"WebPage\",\"@id\":\"https:\/\/www.radlobby.org\/noe\/gemeinsam-zur-kunst-radeln\/\",\"url\":\"https:\/\/www.radlobby.org\/noe\/gemeinsam-zur-kunst-radeln\/\",\"name\":\"Gemeinsam zur Kunst radeln - Radlobby Nieder\u00f6sterreich\",\"isPartOf\":{\"@id\":\"https:\/\/www.radlobby.org\/noe\/#website\"},\"primaryImageOfPage\":{\"@id\":\"https:\/\/www.radlobby.org\/noe\/gemeinsam-zur-kunst-radeln\/#primaryimage\"},\"image\":{\"@id\":\"https:\/\/www.radlobby.org\/noe\/gemeinsam-zur-kunst-radeln\/#primaryimage\"},\"thumbnailUrl\":\"https:\/\/www.radlobby.org\/noe\/wp-content\/uploads\/FahrradundBlaetter.jpg\",\"datePublished\":\"2024-10-07T07:48:45+00:00\",\"dateModified\":\"2024-10-18T10:21:33+00:00\",\"breadcrumb\":{\"@id\":\"https:\/\/www.radlobby.org\/noe\/gemeinsam-zur-kunst-radeln\/#breadcrumb\"},\"inLanguage\":\"de\",\"potentialAction\":[{\"@type\":\"ReadAction\",\"target\":[\"https:\/\/www.radlobby.org\/noe\/gemeinsam-zur-kunst-radeln\/\"]}]},{\"@type\":\"ImageObject\",\"inLanguage\":\"de\",\"@id\":\"https:\/\/www.radlobby.org\/noe\/gemeinsam-zur-kunst-radeln\/#primaryimage\",\"url\":\"https:\/\/www.radlobby.org\/noe\/wp-content\/uploads\/FahrradundBlaetter.jpg\",\"contentUrl\":\"https:\/\/www.radlobby.org\/noe\/wp-content\/uploads\/FahrradundBlaetter.jpg\",\"width\":2400,\"height\":1600},{\"@type\":\"BreadcrumbList\",\"@id\":\"https:\/\/www.radlobby.org\/noe\/gemeinsam-zur-kunst-radeln\/#breadcrumb\",\"itemListElement\":[{\"@type\":\"ListItem\",\"position\":1,\"name\":\"Startseite\",\"item\":\"https:\/\/www.radlobby.org\/noe\/\"},{\"@type\":\"ListItem\",\"position\":2,\"name\":\"Gemeinsam zur Kunst radeln\"}]},{\"@type\":\"WebSite\",\"@id\":\"https:\/\/www.radlobby.org\/noe\/#website\",\"url\":\"https:\/\/www.radlobby.org\/noe\/\",\"name\":\"Radlobby Nieder\u00f6sterreich\",\"description\":\"Radverkehr, Fahrrad, Radfahren, Radreisen, Radtouren, Radweg\",\"publisher\":{\"@id\":\"https:\/\/www.radlobby.org\/noe\/#organization\"},\"potentialAction\":[{\"@type\":\"SearchAction\",\"target\":{\"@type\":\"EntryPoint\",\"urlTemplate\":\"https:\/\/www.radlobby.org\/noe\/?s={search_term_string}\"},\"query-input\":{\"@type\":\"PropertyValueSpecification\",\"valueRequired\":true,\"valueName\":\"search_term_string\"}}],\"inLanguage\":\"de\"},{\"@type\":\"Organization\",\"@id\":\"https:\/\/www.radlobby.org\/noe\/#organization\",\"name\":\"Radlobby Nieder\u00f6sterreich\",\"url\":\"https:\/\/www.radlobby.org\/noe\/\",\"logo\":{\"@type\":\"ImageObject\",\"inLanguage\":\"de\",\"@id\":\"https:\/\/www.radlobby.org\/noe\/#\/schema\/logo\/image\/\",\"url\":\"https:\/\/www.radlobby.org\/noe\/wp-content\/uploads\/2017\/01\/cropped-Logo_Radlobby_Niederoesterreich_50-400px_quer-1.jpg\",\"contentUrl\":\"https:\/\/www.radlobby.org\/noe\/wp-content\/uploads\/2017\/01\/cropped-Logo_Radlobby_Niederoesterreich_50-400px_quer-1.jpg\",\"width\":450,\"height\":124,\"caption\":\"Radlobby Nieder\u00f6sterreich\"},\"image\":{\"@id\":\"https:\/\/www.radlobby.org\/noe\/#\/schema\/logo\/image\/\"},\"sameAs\":[\"https:\/\/www.facebook.com\/groups\/radfahren.in.noe\/\"]},{\"@type\":\"Person\",\"@id\":\"https:\/\/www.radlobby.org\/noe\/#\/schema\/person\/c91605b70aca449bea4cb27190b0dbe2\",\"name\":\"Hermann Hiebner\",\"image\":{\"@type\":\"ImageObject\",\"inLanguage\":\"de\",\"@id\":\"https:\/\/www.radlobby.org\/noe\/#\/schema\/person\/image\/\",\"url\":\"https:\/\/secure.gravatar.com\/avatar\/d9d442cd70d260be25a46bab5f85206043aabce00da594192c593e7d4fc65f72?s=96&d=mm&r=g\",\"contentUrl\":\"https:\/\/secure.gravatar.com\/avatar\/d9d442cd70d260be25a46bab5f85206043aabce00da594192c593e7d4fc65f72?s=96&d=mm&r=g\",\"caption\":\"Hermann Hiebner\"},\"url\":\"https:\/\/www.radlobby.org\/noe\/author\/hermannhiebner\/\"}]}<\/script>\n<!-- \/ Yoast SEO plugin. -->","yoast_head_json":{"title":"Gemeinsam zur Kunst radeln - Radlobby Nieder\u00f6sterreich","robots":{"index":"index","follow":"follow","max-snippet":"max-snippet:-1","max-image-preview":"max-image-preview:large","max-video-preview":"max-video-preview:-1"},"canonical":"https:\/\/www.radlobby.org\/noe\/gemeinsam-zur-kunst-radeln\/","og_locale":"de_DE","og_type":"article","og_title":"Gemeinsam zur Kunst radeln - Radlobby Nieder\u00f6sterreich","og_description":"Tage der offenen Ateliers Am 19. und 20. Oktober finden wieder die Tage der offenen Ateliers in Nieder\u00f6sterreich statt. Die Radlobby hat schon in den letzten Jahren dazu aufgerufen, die Ateliers in unserer Region per Rad zu besuchen. Diese Idee","og_url":"https:\/\/www.radlobby.org\/noe\/gemeinsam-zur-kunst-radeln\/","og_site_name":"Radlobby Nieder\u00f6sterreich","article_publisher":"https:\/\/www.facebook.com\/groups\/radfahren.in.noe\/","article_published_time":"2024-10-07T07:48:45+00:00","article_modified_time":"2024-10-18T10:21:33+00:00","og_image":[{"width":2400,"height":1600,"url":"https:\/\/www.radlobby.org\/noe\/wp-content\/uploads\/FahrradundBlaetter.jpg","type":"image\/jpeg"}],"author":"Hermann Hiebner","twitter_card":"summary_large_image","twitter_misc":{"Verfasst von":"Hermann Hiebner","Gesch\u00e4tzte Lesezeit":"2\u00a0Minuten"},"schema":{"@context":"https:\/\/schema.org","@graph":[{"@type":"Article","@id":"https:\/\/www.radlobby.org\/noe\/gemeinsam-zur-kunst-radeln\/#article","isPartOf":{"@id":"https:\/\/www.radlobby.org\/noe\/gemeinsam-zur-kunst-radeln\/"},"author":{"name":"Hermann Hiebner","@id":"https:\/\/www.radlobby.org\/noe\/#\/schema\/person\/c91605b70aca449bea4cb27190b0dbe2"},"headline":"Gemeinsam zur Kunst radeln","datePublished":"2024-10-07T07:48:45+00:00","dateModified":"2024-10-18T10:21:33+00:00","mainEntityOfPage":{"@id":"https:\/\/www.radlobby.org\/noe\/gemeinsam-zur-kunst-radeln\/"},"wordCount":256,"publisher":{"@id":"https:\/\/www.radlobby.org\/noe\/#organization"},"image":{"@id":"https:\/\/www.radlobby.org\/noe\/gemeinsam-zur-kunst-radeln\/#primaryimage"},"thumbnailUrl":"https:\/\/www.radlobby.org\/noe\/wp-content\/uploads\/FahrradundBlaetter.jpg","keywords":["tage der offenen ateliers","zur kunst radeln"],"articleSection":["Radlobby Deutsch-Wagram","Radlobby Korneuburg","Radlobby Mistelbach","Radlobby Wolkersdorf"],"inLanguage":"de"},{"@type":"WebPage","@id":"https:\/\/www.radlobby.org\/noe\/gemeinsam-zur-kunst-radeln\/","url":"https:\/\/www.radlobby.org\/noe\/gemeinsam-zur-kunst-radeln\/","name":"Gemeinsam zur Kunst radeln - Radlobby Nieder\u00f6sterreich","isPartOf":{"@id":"https:\/\/www.radlobby.org\/noe\/#website"},"primaryImageOfPage":{"@id":"https:\/\/www.radlobby.org\/noe\/gemeinsam-zur-kunst-radeln\/#primaryimage"},"image":{"@id":"https:\/\/www.radlobby.org\/noe\/gemeinsam-zur-kunst-radeln\/#primaryimage"},"thumbnailUrl":"https:\/\/www.radlobby.org\/noe\/wp-content\/uploads\/FahrradundBlaetter.jpg","datePublished":"2024-10-07T07:48:45+00:00","dateModified":"2024-10-18T10:21:33+00:00","breadcrumb":{"@id":"https:\/\/www.radlobby.org\/noe\/gemeinsam-zur-kunst-radeln\/#breadcrumb"},"inLanguage":"de","potentialAction":[{"@type":"ReadAction","target":["https:\/\/www.radlobby.org\/noe\/gemeinsam-zur-kunst-radeln\/"]}]},{"@type":"ImageObject","inLanguage":"de","@id":"https:\/\/www.radlobby.org\/noe\/gemeinsam-zur-kunst-radeln\/#primaryimage","url":"https:\/\/www.radlobby.org\/noe\/wp-content\/uploads\/FahrradundBlaetter.jpg","contentUrl":"https:\/\/www.radlobby.org\/noe\/wp-content\/uploads\/FahrradundBlaetter.jpg","width":2400,"height":1600},{"@type":"BreadcrumbList","@id":"https:\/\/www.radlobby.org\/noe\/gemeinsam-zur-kunst-radeln\/#breadcrumb","itemListElement":[{"@type":"ListItem","position":1,"name":"Startseite","item":"https:\/\/www.radlobby.org\/noe\/"},{"@type":"ListItem","position":2,"name":"Gemeinsam zur Kunst radeln"}]},{"@type":"WebSite","@id":"https:\/\/www.radlobby.org\/noe\/#website","url":"https:\/\/www.radlobby.org\/noe\/","name":"Radlobby Nieder\u00f6sterreich","description":"Radverkehr, Fahrrad, Radfahren, Radreisen, Radtouren, Radweg","publisher":{"@id":"https:\/\/www.radlobby.org\/noe\/#organization"},"potentialAction":[{"@type":"SearchAction","target":{"@type":"EntryPoint","urlTemplate":"https:\/\/www.radlobby.org\/noe\/?s={search_term_string}"},"query-input":{"@type":"PropertyValueSpecification","valueRequired":true,"valueName":"search_term_string"}}],"inLanguage":"de"},{"@type":"Organization","@id":"https:\/\/www.radlobby.org\/noe\/#organization","name":"Radlobby Nieder\u00f6sterreich","url":"https:\/\/www.radlobby.org\/noe\/","logo":{"@type":"ImageObject","inLanguage":"de","@id":"https:\/\/www.radlobby.org\/noe\/#\/schema\/logo\/image\/","url":"https:\/\/www.radlobby.org\/noe\/wp-content\/uploads\/2017\/01\/cropped-Logo_Radlobby_Niederoesterreich_50-400px_quer-1.jpg","contentUrl":"https:\/\/www.radlobby.org\/noe\/wp-content\/uploads\/2017\/01\/cropped-Logo_Radlobby_Niederoesterreich_50-400px_quer-1.jpg","width":450,"height":124,"caption":"Radlobby Nieder\u00f6sterreich"},"image":{"@id":"https:\/\/www.radlobby.org\/noe\/#\/schema\/logo\/image\/"},"sameAs":["https:\/\/www.facebook.com\/groups\/radfahren.in.noe\/"]},{"@type":"Person","@id":"https:\/\/www.radlobby.org\/noe\/#\/schema\/person\/c91605b70aca449bea4cb27190b0dbe2","name":"Hermann Hiebner","image":{"@type":"ImageObject","inLanguage":"de","@id":"https:\/\/www.radlobby.org\/noe\/#\/schema\/person\/image\/","url":"https:\/\/secure.gravatar.com\/avatar\/d9d442cd70d260be25a46bab5f85206043aabce00da594192c593e7d4fc65f72?s=96&d=mm&r=g","contentUrl":"https:\/\/secure.gravatar.com\/avatar\/d9d442cd70d260be25a46bab5f85206043aabce00da594192c593e7d4fc65f72?s=96&d=mm&r=g","caption":"Hermann Hiebner"},"url":"https:\/\/www.radlobby.org\/noe\/author\/hermannhiebner\/"}]}},"_links":{"self":[{"href":"https:\/\/www.radlobby.org\/noe\/wp-json\/wp\/v2\/posts\/36831","targetHints":{"allow":["GET"]}}],"collection":[{"href":"https:\/\/www.radlobby.org\/noe\/wp-json\/wp\/v2\/posts"}],"about":[{"href":"https:\/\/www.radlobby.org\/noe\/wp-json\/wp\/v2\/types\/post"}],"author":[{"embeddable":true,"href":"https:\/\/www.radlobby.org\/noe\/wp-json\/wp\/v2\/users\/3"}],"replies":[{"embeddable":true,"href":"https:\/\/www.radlobby.org\/noe\/wp-json\/wp\/v2\/comments?post=36831"}],"version-history":[{"count":10,"href":"https:\/\/www.radlobby.org\/noe\/wp-json\/wp\/v2\/posts\/36831\/revisions"}],"predecessor-version":[{"id":37050,"href":"https:\/\/www.radlobby.org\/noe\/wp-json\/wp\/v2\/posts\/36831\/revisions\/37050"}],"wp:featuredmedia":[{"embeddable":true,"href":"https:\/\/www.radlobby.org\/noe\/wp-json\/wp\/v2\/media\/36856"}],"wp:attachment":[{"href":"https:\/\/www.radlobby.org\/noe\/wp-json\/wp\/v2\/media?parent=36831"}],"wp:term":[{"taxonomy":"category","embeddable":true,"href":"https:\/\/www.radlobby.org\/noe\/wp-json\/wp\/v2\/categories?post=36831"},{"taxonomy":"post_tag","embeddable":true,"href":"https:\/\/www.radlobby.org\/noe\/wp-json\/wp\/v2\/tags?post=36831"}],"curies":[{"name":"wp","href":"https:\/\/api.w.org\/{rel}","templated":true}]}}