{"id":36753,"date":"2024-09-27T15:46:13","date_gmt":"2024-09-27T13:46:13","guid":{"rendered":"https:\/\/www.radlobby.org\/noe\/?p=36753"},"modified":"2024-09-30T12:58:00","modified_gmt":"2024-09-30T10:58:00","slug":"vortrag-meschik-2024-vortragsfolien","status":"publish","type":"post","link":"https:\/\/www.radlobby.org\/noe\/vortrag-meschik-2024-vortragsfolien\/","title":{"rendered":"Vortrag Michael Meschik \u201eRadfahren und Gehen in Melk\u201c anl\u00e4sslich 10-Jahre Radlobby Melk am 25.9.2024<br>die VORTRAGSFOLIEN"},"content":{"rendered":"<p><strong>Michael Meschik ist einer der erfahrensten Radverkehrs-Experten in \u00d6sterreich. Und kennt auch die Verkehrssituation in Melk gut. In seinem Vortag liefert Michael Meschik eine sehr anschauliche Bestandaufnahme der M\u00e4ngel und Potenziale zur Mobilit\u00e4t per Fahrrad und zu Fu\u00df in Melk &#8211; die Vortragsfolien des Vortrags.<\/strong><\/p>\n<p>Der Vortrag \u201eRadfahren und Gehen in Melk\u201c von Prof. Dipl.-Ing. Dr. Michael Meschik vom Verkehrsinstitut der BOKU Wien richtet den Blick auf die Klimaauswirkungen der Verkehrsentwicklung und stellte das Thema Mobilit\u00e4t in den Zusammenhang der gro\u00dfen Themenkonplexe Volkswirtschaft, Gesundheit, Nachhaltigkeit, Klimawandel samt Unwetterkatastrophen wie Hochwasser und D\u00fcrre. Und skizziert L\u00f6sungspotenziale durch mehr Gehen und Radfahren. Dann geht er ins praktische Detail, mit vielen interessanten Denkanst\u00f6\u00dfen zu m\u00f6glichen und notwendigen konkreten Verbesserungen in Melk. Prof. Dr. Meschik schaute auf konkrete Verkehrssituationen in Melk und forderte aus fachlicher Sicht unter anderem eine rasche und m\u00f6glichst umfassende Einbahn\u00f6ffnung f\u00fcr das Radfahren, die Schaffung kurzer und direkter Wege, die rasche und konsequente Erweiterung von inner\u00f6rtlichem Tempo 30 als Basis f\u00fcr mehr Verkehrssicherheit f\u00fcr Gehende und Radfahrende, mehr Entsiegelung und Begr\u00fcnung und mehr Platz f\u00fcr Radfahrer:innen und Fu\u00dfg\u00e4nger:innen in Melk.<\/p>\n<p>Die Vortragsfolien: <a href=\"https:\/\/www.radlobby.org\/noe\/wp-content\/uploads\/Vortragsfolien-2024-09-25-Meschik-Rad-Fuss-in-Melk.pdf\" target=\"_blank\" rel=\"noopener\">Vortragsfolien 2024-09-25 Meschik Rad Fu\u00df in Melk<\/a><\/p>\n<p><a href=\"https:\/\/www.radlobby.org\/noe\/wp-content\/uploads\/Foto_Meschik-M.jpg\" data-src=\"https:\/\/www.radlobby.org\/noe\/wp-content\/uploads\/Foto_Meschik-M.jpg\" data-thumb=\"https:\/\/www.radlobby.org\/noe\/wp-content\/uploads\/Foto_Meschik-M-247x300.jpg\" class=\"ml-lightbox-enabled\"><img loading=\"lazy\" decoding=\"async\" class=\"alignnone size-medium wp-image-35501\" src=\"https:\/\/www.radlobby.org\/noe\/wp-content\/uploads\/Foto_Meschik-M-247x300.jpg\" alt=\"\" width=\"247\" height=\"300\" srcset=\"https:\/\/www.radlobby.org\/noe\/wp-content\/uploads\/Foto_Meschik-M-247x300.jpg 247w, https:\/\/www.radlobby.org\/noe\/wp-content\/uploads\/Foto_Meschik-M-768x934.jpg 768w, https:\/\/www.radlobby.org\/noe\/wp-content\/uploads\/Foto_Meschik-M-1263x1536.jpg 1263w, https:\/\/www.radlobby.org\/noe\/wp-content\/uploads\/Foto_Meschik-M.jpg 1561w\" sizes=\"auto, (max-width: 247px) 100vw, 247px\" \/><\/a><\/p>\n<p>&nbsp;<\/p>\n","protected":false},"excerpt":{"rendered":"<p>Michael Meschik ist einer der erfahrensten Radverkehrs-Experten in \u00d6sterreich. Und kennt auch die Verkehrssituation in Melk gut. In seinem Vortag liefert Michael Meschik eine sehr anschauliche Bestandaufnahme der M\u00e4ngel und Potenziale zur Mobilit\u00e4t per Fahrrad und zu Fu\u00df in Melk<\/p>\n","protected":false},"author":10,"featured_media":36763,"comment_status":"closed","ping_status":"closed","sticky":false,"template":"","format":"standard","meta":{"footnotes":""},"categories":[9,20],"tags":[26],"class_list":["post-36753","post","type-post","status-publish","format-standard","has-post-thumbnail","hentry","category-melk","category-niederoesterreich","tag-aktionen"],"yoast_head":"<!-- This site is optimized with the Yoast SEO plugin v26.9 - https:\/\/yoast.com\/product\/yoast-seo-wordpress\/ -->\n<title>Vortrag Michael Meschik \u201eRadfahren und Gehen in Melk\u201c anl\u00e4sslich 10-Jahre Radlobby Melk am 25.9.2024die VORTRAGSFOLIEN - Radlobby Nieder\u00f6sterreich<\/title>\n<meta name=\"robots\" content=\"index, follow, max-snippet:-1, max-image-preview:large, max-video-preview:-1\" \/>\n<link rel=\"canonical\" href=\"https:\/\/www.radlobby.org\/noe\/vortrag-meschik-2024-vortragsfolien\/\" \/>\n<meta property=\"og:locale\" content=\"de_DE\" \/>\n<meta property=\"og:type\" content=\"article\" \/>\n<meta property=\"og:title\" content=\"Vortrag Michael Meschik \u201eRadfahren und Gehen in Melk\u201c anl\u00e4sslich 10-Jahre Radlobby Melk am 25.9.2024die VORTRAGSFOLIEN - Radlobby Nieder\u00f6sterreich\" \/>\n<meta property=\"og:description\" content=\"Michael Meschik ist einer der erfahrensten Radverkehrs-Experten in \u00d6sterreich. Und kennt auch die Verkehrssituation in Melk gut. In seinem Vortag liefert Michael Meschik eine sehr anschauliche Bestandaufnahme der M\u00e4ngel und Potenziale zur Mobilit\u00e4t per Fahrrad und zu Fu\u00df in Melk\" \/>\n<meta property=\"og:url\" content=\"https:\/\/www.radlobby.org\/noe\/vortrag-meschik-2024-vortragsfolien\/\" \/>\n<meta property=\"og:site_name\" content=\"Radlobby Nieder\u00f6sterreich\" \/>\n<meta property=\"article:publisher\" content=\"https:\/\/www.facebook.com\/groups\/radfahren.in.noe\/\" \/>\n<meta property=\"article:published_time\" content=\"2024-09-27T13:46:13+00:00\" \/>\n<meta property=\"article:modified_time\" content=\"2024-09-30T10:58:00+00:00\" \/>\n<meta property=\"og:image\" content=\"https:\/\/www.radlobby.org\/noe\/wp-content\/uploads\/20200101-RLWN-Neujahrsaradeln-DSC_0105a_1900px-1.jpg\" \/>\n\t<meta property=\"og:image:width\" content=\"1900\" \/>\n\t<meta property=\"og:image:height\" content=\"770\" \/>\n\t<meta property=\"og:image:type\" content=\"image\/jpeg\" \/>\n<meta name=\"author\" content=\"Christian H\u00f6ller\" \/>\n<meta name=\"twitter:card\" content=\"summary_large_image\" \/>\n<meta name=\"twitter:label1\" content=\"Verfasst von\" \/>\n\t<meta name=\"twitter:data1\" content=\"Christian H\u00f6ller\" \/>\n\t<meta name=\"twitter:label2\" content=\"Gesch\u00e4tzte Lesezeit\" \/>\n\t<meta name=\"twitter:data2\" content=\"2\u00a0Minuten\" \/>\n<script type=\"application\/ld+json\" class=\"yoast-schema-graph\">{\"@context\":\"https:\/\/schema.org\",\"@graph\":[{\"@type\":\"Article\",\"@id\":\"https:\/\/www.radlobby.org\/noe\/vortrag-meschik-2024-vortragsfolien\/#article\",\"isPartOf\":{\"@id\":\"https:\/\/www.radlobby.org\/noe\/vortrag-meschik-2024-vortragsfolien\/\"},\"author\":{\"name\":\"Christian H\u00f6ller\",\"@id\":\"https:\/\/www.radlobby.org\/noe\/#\/schema\/person\/9edd0d27788b22085d15e9b4dad58751\"},\"headline\":\"Vortrag Michael Meschik \u201eRadfahren und Gehen in Melk\u201c anl\u00e4sslich 10-Jahre Radlobby Melk am 25.9.2024 die VORTRAGSFOLIEN\",\"datePublished\":\"2024-09-27T13:46:13+00:00\",\"dateModified\":\"2024-09-30T10:58:00+00:00\",\"mainEntityOfPage\":{\"@id\":\"https:\/\/www.radlobby.org\/noe\/vortrag-meschik-2024-vortragsfolien\/\"},\"wordCount\":227,\"publisher\":{\"@id\":\"https:\/\/www.radlobby.org\/noe\/#organization\"},\"image\":{\"@id\":\"https:\/\/www.radlobby.org\/noe\/vortrag-meschik-2024-vortragsfolien\/#primaryimage\"},\"thumbnailUrl\":\"https:\/\/www.radlobby.org\/noe\/wp-content\/uploads\/Vortag_Titelfolie-pdf.jpg\",\"keywords\":[\"Aktionen\"],\"articleSection\":[\"Radlobby Melk\",\"Radlobby Nieder\u00f6sterreich\"],\"inLanguage\":\"de\"},{\"@type\":\"WebPage\",\"@id\":\"https:\/\/www.radlobby.org\/noe\/vortrag-meschik-2024-vortragsfolien\/\",\"url\":\"https:\/\/www.radlobby.org\/noe\/vortrag-meschik-2024-vortragsfolien\/\",\"name\":\"Vortrag Michael Meschik \u201eRadfahren und Gehen in Melk\u201c anl\u00e4sslich 10-Jahre Radlobby Melk am 25.9.2024 die VORTRAGSFOLIEN - Radlobby Nieder\u00f6sterreich\",\"isPartOf\":{\"@id\":\"https:\/\/www.radlobby.org\/noe\/#website\"},\"primaryImageOfPage\":{\"@id\":\"https:\/\/www.radlobby.org\/noe\/vortrag-meschik-2024-vortragsfolien\/#primaryimage\"},\"image\":{\"@id\":\"https:\/\/www.radlobby.org\/noe\/vortrag-meschik-2024-vortragsfolien\/#primaryimage\"},\"thumbnailUrl\":\"https:\/\/www.radlobby.org\/noe\/wp-content\/uploads\/Vortag_Titelfolie-pdf.jpg\",\"datePublished\":\"2024-09-27T13:46:13+00:00\",\"dateModified\":\"2024-09-30T10:58:00+00:00\",\"breadcrumb\":{\"@id\":\"https:\/\/www.radlobby.org\/noe\/vortrag-meschik-2024-vortragsfolien\/#breadcrumb\"},\"inLanguage\":\"de\",\"potentialAction\":[{\"@type\":\"ReadAction\",\"target\":[\"https:\/\/www.radlobby.org\/noe\/vortrag-meschik-2024-vortragsfolien\/\"]}]},{\"@type\":\"ImageObject\",\"inLanguage\":\"de\",\"@id\":\"https:\/\/www.radlobby.org\/noe\/vortrag-meschik-2024-vortragsfolien\/#primaryimage\",\"url\":\"https:\/\/www.radlobby.org\/noe\/wp-content\/uploads\/Vortag_Titelfolie-pdf.jpg\",\"contentUrl\":\"https:\/\/www.radlobby.org\/noe\/wp-content\/uploads\/Vortag_Titelfolie-pdf.jpg\"},{\"@type\":\"BreadcrumbList\",\"@id\":\"https:\/\/www.radlobby.org\/noe\/vortrag-meschik-2024-vortragsfolien\/#breadcrumb\",\"itemListElement\":[{\"@type\":\"ListItem\",\"position\":1,\"name\":\"Startseite\",\"item\":\"https:\/\/www.radlobby.org\/noe\/\"},{\"@type\":\"ListItem\",\"position\":2,\"name\":\"Vortrag Michael Meschik \u201eRadfahren und Gehen in Melk\u201c anl\u00e4sslich 10-Jahre Radlobby Melk am 25.9.2024die VORTRAGSFOLIEN\"}]},{\"@type\":\"WebSite\",\"@id\":\"https:\/\/www.radlobby.org\/noe\/#website\",\"url\":\"https:\/\/www.radlobby.org\/noe\/\",\"name\":\"Radlobby Nieder\u00f6sterreich\",\"description\":\"Radverkehr, Fahrrad, Radfahren, Radreisen, Radtouren, Radweg\",\"publisher\":{\"@id\":\"https:\/\/www.radlobby.org\/noe\/#organization\"},\"potentialAction\":[{\"@type\":\"SearchAction\",\"target\":{\"@type\":\"EntryPoint\",\"urlTemplate\":\"https:\/\/www.radlobby.org\/noe\/?s={search_term_string}\"},\"query-input\":{\"@type\":\"PropertyValueSpecification\",\"valueRequired\":true,\"valueName\":\"search_term_string\"}}],\"inLanguage\":\"de\"},{\"@type\":\"Organization\",\"@id\":\"https:\/\/www.radlobby.org\/noe\/#organization\",\"name\":\"Radlobby Nieder\u00f6sterreich\",\"url\":\"https:\/\/www.radlobby.org\/noe\/\",\"logo\":{\"@type\":\"ImageObject\",\"inLanguage\":\"de\",\"@id\":\"https:\/\/www.radlobby.org\/noe\/#\/schema\/logo\/image\/\",\"url\":\"https:\/\/www.radlobby.org\/noe\/wp-content\/uploads\/2017\/01\/cropped-Logo_Radlobby_Niederoesterreich_50-400px_quer-1.jpg\",\"contentUrl\":\"https:\/\/www.radlobby.org\/noe\/wp-content\/uploads\/2017\/01\/cropped-Logo_Radlobby_Niederoesterreich_50-400px_quer-1.jpg\",\"width\":450,\"height\":124,\"caption\":\"Radlobby Nieder\u00f6sterreich\"},\"image\":{\"@id\":\"https:\/\/www.radlobby.org\/noe\/#\/schema\/logo\/image\/\"},\"sameAs\":[\"https:\/\/www.facebook.com\/groups\/radfahren.in.noe\/\"]},{\"@type\":\"Person\",\"@id\":\"https:\/\/www.radlobby.org\/noe\/#\/schema\/person\/9edd0d27788b22085d15e9b4dad58751\",\"name\":\"Christian H\u00f6ller\",\"image\":{\"@type\":\"ImageObject\",\"inLanguage\":\"de\",\"@id\":\"https:\/\/www.radlobby.org\/noe\/#\/schema\/person\/image\/\",\"url\":\"https:\/\/secure.gravatar.com\/avatar\/7d22484a7ff001a2124b9145038af080348d51ac7e445cb4831a25cbdc57e0b9?s=96&d=mm&r=g\",\"contentUrl\":\"https:\/\/secure.gravatar.com\/avatar\/7d22484a7ff001a2124b9145038af080348d51ac7e445cb4831a25cbdc57e0b9?s=96&d=mm&r=g\",\"caption\":\"Christian H\u00f6ller\"},\"url\":\"https:\/\/www.radlobby.org\/noe\/author\/christianhoeller\/\"}]}<\/script>\n<!-- \/ Yoast SEO plugin. -->","yoast_head_json":{"title":"Vortrag Michael Meschik \u201eRadfahren und Gehen in Melk\u201c anl\u00e4sslich 10-Jahre Radlobby Melk am 25.9.2024die VORTRAGSFOLIEN - Radlobby Nieder\u00f6sterreich","robots":{"index":"index","follow":"follow","max-snippet":"max-snippet:-1","max-image-preview":"max-image-preview:large","max-video-preview":"max-video-preview:-1"},"canonical":"https:\/\/www.radlobby.org\/noe\/vortrag-meschik-2024-vortragsfolien\/","og_locale":"de_DE","og_type":"article","og_title":"Vortrag Michael Meschik \u201eRadfahren und Gehen in Melk\u201c anl\u00e4sslich 10-Jahre Radlobby Melk am 25.9.2024die VORTRAGSFOLIEN - Radlobby Nieder\u00f6sterreich","og_description":"Michael Meschik ist einer der erfahrensten Radverkehrs-Experten in \u00d6sterreich. Und kennt auch die Verkehrssituation in Melk gut. In seinem Vortag liefert Michael Meschik eine sehr anschauliche Bestandaufnahme der M\u00e4ngel und Potenziale zur Mobilit\u00e4t per Fahrrad und zu Fu\u00df in Melk","og_url":"https:\/\/www.radlobby.org\/noe\/vortrag-meschik-2024-vortragsfolien\/","og_site_name":"Radlobby Nieder\u00f6sterreich","article_publisher":"https:\/\/www.facebook.com\/groups\/radfahren.in.noe\/","article_published_time":"2024-09-27T13:46:13+00:00","article_modified_time":"2024-09-30T10:58:00+00:00","og_image":[{"width":1900,"height":770,"url":"https:\/\/www.radlobby.org\/noe\/wp-content\/uploads\/20200101-RLWN-Neujahrsaradeln-DSC_0105a_1900px-1.jpg","type":"image\/jpeg"}],"author":"Christian H\u00f6ller","twitter_card":"summary_large_image","twitter_misc":{"Verfasst von":"Christian H\u00f6ller","Gesch\u00e4tzte Lesezeit":"2\u00a0Minuten"},"schema":{"@context":"https:\/\/schema.org","@graph":[{"@type":"Article","@id":"https:\/\/www.radlobby.org\/noe\/vortrag-meschik-2024-vortragsfolien\/#article","isPartOf":{"@id":"https:\/\/www.radlobby.org\/noe\/vortrag-meschik-2024-vortragsfolien\/"},"author":{"name":"Christian H\u00f6ller","@id":"https:\/\/www.radlobby.org\/noe\/#\/schema\/person\/9edd0d27788b22085d15e9b4dad58751"},"headline":"Vortrag Michael Meschik \u201eRadfahren und Gehen in Melk\u201c anl\u00e4sslich 10-Jahre Radlobby Melk am 25.9.2024 die VORTRAGSFOLIEN","datePublished":"2024-09-27T13:46:13+00:00","dateModified":"2024-09-30T10:58:00+00:00","mainEntityOfPage":{"@id":"https:\/\/www.radlobby.org\/noe\/vortrag-meschik-2024-vortragsfolien\/"},"wordCount":227,"publisher":{"@id":"https:\/\/www.radlobby.org\/noe\/#organization"},"image":{"@id":"https:\/\/www.radlobby.org\/noe\/vortrag-meschik-2024-vortragsfolien\/#primaryimage"},"thumbnailUrl":"https:\/\/www.radlobby.org\/noe\/wp-content\/uploads\/Vortag_Titelfolie-pdf.jpg","keywords":["Aktionen"],"articleSection":["Radlobby Melk","Radlobby Nieder\u00f6sterreich"],"inLanguage":"de"},{"@type":"WebPage","@id":"https:\/\/www.radlobby.org\/noe\/vortrag-meschik-2024-vortragsfolien\/","url":"https:\/\/www.radlobby.org\/noe\/vortrag-meschik-2024-vortragsfolien\/","name":"Vortrag Michael Meschik \u201eRadfahren und Gehen in Melk\u201c anl\u00e4sslich 10-Jahre Radlobby Melk am 25.9.2024 die VORTRAGSFOLIEN - Radlobby Nieder\u00f6sterreich","isPartOf":{"@id":"https:\/\/www.radlobby.org\/noe\/#website"},"primaryImageOfPage":{"@id":"https:\/\/www.radlobby.org\/noe\/vortrag-meschik-2024-vortragsfolien\/#primaryimage"},"image":{"@id":"https:\/\/www.radlobby.org\/noe\/vortrag-meschik-2024-vortragsfolien\/#primaryimage"},"thumbnailUrl":"https:\/\/www.radlobby.org\/noe\/wp-content\/uploads\/Vortag_Titelfolie-pdf.jpg","datePublished":"2024-09-27T13:46:13+00:00","dateModified":"2024-09-30T10:58:00+00:00","breadcrumb":{"@id":"https:\/\/www.radlobby.org\/noe\/vortrag-meschik-2024-vortragsfolien\/#breadcrumb"},"inLanguage":"de","potentialAction":[{"@type":"ReadAction","target":["https:\/\/www.radlobby.org\/noe\/vortrag-meschik-2024-vortragsfolien\/"]}]},{"@type":"ImageObject","inLanguage":"de","@id":"https:\/\/www.radlobby.org\/noe\/vortrag-meschik-2024-vortragsfolien\/#primaryimage","url":"https:\/\/www.radlobby.org\/noe\/wp-content\/uploads\/Vortag_Titelfolie-pdf.jpg","contentUrl":"https:\/\/www.radlobby.org\/noe\/wp-content\/uploads\/Vortag_Titelfolie-pdf.jpg"},{"@type":"BreadcrumbList","@id":"https:\/\/www.radlobby.org\/noe\/vortrag-meschik-2024-vortragsfolien\/#breadcrumb","itemListElement":[{"@type":"ListItem","position":1,"name":"Startseite","item":"https:\/\/www.radlobby.org\/noe\/"},{"@type":"ListItem","position":2,"name":"Vortrag Michael Meschik \u201eRadfahren und Gehen in Melk\u201c anl\u00e4sslich 10-Jahre Radlobby Melk am 25.9.2024die VORTRAGSFOLIEN"}]},{"@type":"WebSite","@id":"https:\/\/www.radlobby.org\/noe\/#website","url":"https:\/\/www.radlobby.org\/noe\/","name":"Radlobby Nieder\u00f6sterreich","description":"Radverkehr, Fahrrad, Radfahren, Radreisen, Radtouren, Radweg","publisher":{"@id":"https:\/\/www.radlobby.org\/noe\/#organization"},"potentialAction":[{"@type":"SearchAction","target":{"@type":"EntryPoint","urlTemplate":"https:\/\/www.radlobby.org\/noe\/?s={search_term_string}"},"query-input":{"@type":"PropertyValueSpecification","valueRequired":true,"valueName":"search_term_string"}}],"inLanguage":"de"},{"@type":"Organization","@id":"https:\/\/www.radlobby.org\/noe\/#organization","name":"Radlobby Nieder\u00f6sterreich","url":"https:\/\/www.radlobby.org\/noe\/","logo":{"@type":"ImageObject","inLanguage":"de","@id":"https:\/\/www.radlobby.org\/noe\/#\/schema\/logo\/image\/","url":"https:\/\/www.radlobby.org\/noe\/wp-content\/uploads\/2017\/01\/cropped-Logo_Radlobby_Niederoesterreich_50-400px_quer-1.jpg","contentUrl":"https:\/\/www.radlobby.org\/noe\/wp-content\/uploads\/2017\/01\/cropped-Logo_Radlobby_Niederoesterreich_50-400px_quer-1.jpg","width":450,"height":124,"caption":"Radlobby Nieder\u00f6sterreich"},"image":{"@id":"https:\/\/www.radlobby.org\/noe\/#\/schema\/logo\/image\/"},"sameAs":["https:\/\/www.facebook.com\/groups\/radfahren.in.noe\/"]},{"@type":"Person","@id":"https:\/\/www.radlobby.org\/noe\/#\/schema\/person\/9edd0d27788b22085d15e9b4dad58751","name":"Christian H\u00f6ller","image":{"@type":"ImageObject","inLanguage":"de","@id":"https:\/\/www.radlobby.org\/noe\/#\/schema\/person\/image\/","url":"https:\/\/secure.gravatar.com\/avatar\/7d22484a7ff001a2124b9145038af080348d51ac7e445cb4831a25cbdc57e0b9?s=96&d=mm&r=g","contentUrl":"https:\/\/secure.gravatar.com\/avatar\/7d22484a7ff001a2124b9145038af080348d51ac7e445cb4831a25cbdc57e0b9?s=96&d=mm&r=g","caption":"Christian H\u00f6ller"},"url":"https:\/\/www.radlobby.org\/noe\/author\/christianhoeller\/"}]}},"_links":{"self":[{"href":"https:\/\/www.radlobby.org\/noe\/wp-json\/wp\/v2\/posts\/36753","targetHints":{"allow":["GET"]}}],"collection":[{"href":"https:\/\/www.radlobby.org\/noe\/wp-json\/wp\/v2\/posts"}],"about":[{"href":"https:\/\/www.radlobby.org\/noe\/wp-json\/wp\/v2\/types\/post"}],"author":[{"embeddable":true,"href":"https:\/\/www.radlobby.org\/noe\/wp-json\/wp\/v2\/users\/10"}],"replies":[{"embeddable":true,"href":"https:\/\/www.radlobby.org\/noe\/wp-json\/wp\/v2\/comments?post=36753"}],"version-history":[{"count":7,"href":"https:\/\/www.radlobby.org\/noe\/wp-json\/wp\/v2\/posts\/36753\/revisions"}],"predecessor-version":[{"id":36783,"href":"https:\/\/www.radlobby.org\/noe\/wp-json\/wp\/v2\/posts\/36753\/revisions\/36783"}],"wp:featuredmedia":[{"embeddable":true,"href":"https:\/\/www.radlobby.org\/noe\/wp-json\/wp\/v2\/media\/36763"}],"wp:attachment":[{"href":"https:\/\/www.radlobby.org\/noe\/wp-json\/wp\/v2\/media?parent=36753"}],"wp:term":[{"taxonomy":"category","embeddable":true,"href":"https:\/\/www.radlobby.org\/noe\/wp-json\/wp\/v2\/categories?post=36753"},{"taxonomy":"post_tag","embeddable":true,"href":"https:\/\/www.radlobby.org\/noe\/wp-json\/wp\/v2\/tags?post=36753"}],"curies":[{"name":"wp","href":"https:\/\/api.w.org\/{rel}","templated":true}]}}