{"id":36742,"date":"2024-09-27T12:35:54","date_gmt":"2024-09-27T10:35:54","guid":{"rendered":"https:\/\/www.radlobby.org\/noe\/?p=36742"},"modified":"2024-09-27T14:30:37","modified_gmt":"2024-09-27T12:30:37","slug":"10-jahre-radlobby-melk-fest","status":"publish","type":"post","link":"https:\/\/www.radlobby.org\/noe\/10-jahre-radlobby-melk-fest\/","title":{"rendered":"10 Jahre Radlobby Melk \u2013 ein tolles Fest in der Tischlerei mit Blick zur\u00fcck und nach vorne"},"content":{"rendered":"<p>50 Interessierte kamen zum gemeinsamen R\u00fcckblick und Feiern von 10 Jahre Radlobby Melk. Seit der Gr\u00fcndung am 1. April 2014 und somit seit 3.831 Tagen ist die Radlobby Melk eine starke und konsequente Stimme f\u00fcr bessere Rahmenbedingungen f\u00fcr das Gehen und Radfahren in Melk, den wichtigen klimavertr\u00e4glichen Mobilit\u00e4tsformen.<\/p>\n<p>DANKE f\u00fcr das gro\u00dfe Interesse und das Dabeisein an unserer 10-Jahres Feier in der Tischlerei Melk am 25. September 2024.<\/p>\n<p><a href=\"https:\/\/www.radlobby.org\/noe\/wp-content\/uploads\/10-Jahre-Radlobby-Melk_IMG_7760.jpg\" data-src=\"https:\/\/www.radlobby.org\/noe\/wp-content\/uploads\/10-Jahre-Radlobby-Melk_IMG_7760.jpg\" data-thumb=\"https:\/\/www.radlobby.org\/noe\/wp-content\/uploads\/10-Jahre-Radlobby-Melk_IMG_7760-300x225.jpg\" class=\"ml-lightbox-enabled\"><img loading=\"lazy\" decoding=\"async\" class=\"alignnone size-medium wp-image-36743\" src=\"https:\/\/www.radlobby.org\/noe\/wp-content\/uploads\/10-Jahre-Radlobby-Melk_IMG_7760-300x225.jpg\" alt=\"\" width=\"300\" height=\"225\" srcset=\"https:\/\/www.radlobby.org\/noe\/wp-content\/uploads\/10-Jahre-Radlobby-Melk_IMG_7760-300x225.jpg 300w, https:\/\/www.radlobby.org\/noe\/wp-content\/uploads\/10-Jahre-Radlobby-Melk_IMG_7760-768x576.jpg 768w, https:\/\/www.radlobby.org\/noe\/wp-content\/uploads\/10-Jahre-Radlobby-Melk_IMG_7760-1536x1152.jpg 1536w, https:\/\/www.radlobby.org\/noe\/wp-content\/uploads\/10-Jahre-Radlobby-Melk_IMG_7760.jpg 1600w\" sizes=\"auto, (max-width: 300px) 100vw, 300px\" \/><\/a><\/p>\n<p><strong>R\u00fcckschau auf 10 Jahre Radlobby Melk <\/strong><\/p>\n<p>Die beiden Sprecher der Radlobby-Ortsgruppe Melk, Christian H\u00f6ller und Johannes Haselsteiner, blickten gemeinsam auf die geleistete Arbeit des engagierten und unerm\u00fcdlichen Radlobby Melk -Teams zur\u00fcck, auf die erreichten Erfolge, die umgesetzten Projekte und Aktionen. Anschaulich erg\u00e4nzt wurde der R\u00fcckblick durch eine liebevoll gestaltete Fotoausstellung in acht Stationen, die in der Tischlerei aufgebaut war.<\/p>\n<p><strong>Kritischer Blick nach vorne \u2013 der Vortrag von Prof. Dipl.-Ing. Dr. Michael Meschik <\/strong><\/p>\n<p>Auf die R\u00fcckschau und Leistungsbilanz folgte der Blick nach vorne, unter dem Motto \u201eEs bleibt noch viel zu tun!\u201c:<\/p>\n<p>Der Vortrag \u201eZu Fu\u00df &amp; per Fahrrad mobil in Melk\u201c von Prof. Dipl.-Ing. Dr. Michael Meschik vom Verkehrsinstitut der BOKU Wien warf den Blick auf die Klimaauswirkungen der Verkehrsentwicklung und stellte das Thema Mobilit\u00e4t in den Zusammenhang der gro\u00dfen Themenkonplexe Volkswirtschaft, Gesundheit, Nachhaltigkeit, Klimawandel samt Unwetterkatastrophen wie Hochwasser und D\u00fcrre. Und skizzierte die L\u00f6sungspotenziale durch mehr Gehen und Radfahren. Dann ging es ins praktische Detail, mit vielen interessanten Denkanst\u00f6\u00dfen zu m\u00f6glichen und notwendigen konkreten Verbesserungen in Melk. Prof. Dr. Meschik schaute mit dem Publikum auf konkrete Verkehrssituationen in Melk und forderte aus fachlicher Sicht unter anderem eine rasche und m\u00f6glichst umfassende Einbahn\u00f6ffnung f\u00fcr das Radfahren, die Schaffung kurzer und direkter Wege, die rasche und konsequente Erweiterung von inner\u00f6rtlichem Tempo 30 als Basis f\u00fcr mehr Verkehrssicherheit f\u00fcr Gehende und Radfahrende, mehr Entsiegelung und Begr\u00fcnung und mehr Platz f\u00fcr Radfahrer:innen und Fu\u00dfg\u00e4nger:innen in Melk (die Folien des Vortrags sind auf dieser Website zu finden). Zu den pr\u00e4sentierten Ideen gab es anschlie\u00dfend auch viele interessierte und angeregte Fragen und Diskussionen mit dem Publikum.<\/p>\n<p><a href=\"https:\/\/www.radlobby.org\/noe\/wp-content\/uploads\/Doris_Ingrid_Meschik_image.jpeg\" data-src=\"https:\/\/www.radlobby.org\/noe\/wp-content\/uploads\/Doris_Ingrid_Meschik_image.jpeg\" data-thumb=\"https:\/\/www.radlobby.org\/noe\/wp-content\/uploads\/Doris_Ingrid_Meschik_image-225x300.jpeg\" class=\"ml-lightbox-enabled\"><img loading=\"lazy\" decoding=\"async\" class=\"alignnone size-medium wp-image-36750\" src=\"https:\/\/www.radlobby.org\/noe\/wp-content\/uploads\/Doris_Ingrid_Meschik_image-225x300.jpeg\" alt=\"\" width=\"225\" height=\"300\" srcset=\"https:\/\/www.radlobby.org\/noe\/wp-content\/uploads\/Doris_Ingrid_Meschik_image-225x300.jpeg 225w, https:\/\/www.radlobby.org\/noe\/wp-content\/uploads\/Doris_Ingrid_Meschik_image-768x1024.jpeg 768w, https:\/\/www.radlobby.org\/noe\/wp-content\/uploads\/Doris_Ingrid_Meschik_image-1152x1536.jpeg 1152w, https:\/\/www.radlobby.org\/noe\/wp-content\/uploads\/Doris_Ingrid_Meschik_image.jpeg 1200w\" sizes=\"auto, (max-width: 225px) 100vw, 225px\" \/><\/a> Ingrid Garschall, Michael Meschik, Doris Schlatzer<\/p>\n<p><strong>Radlersongs und Klimalieder <\/strong><\/p>\n<p>Musikalisch umrahmt und aufgelockert wurde der Abend von Peter Czermak, Musiker und Klimaaktivist, der auf dem Akkordeon Radlersongs und Klimalieder vortrug.<\/p>\n<p><a href=\"https:\/\/www.radlobby.org\/noe\/wp-content\/uploads\/Buehne-mit-Musik_IMG_7750.jpg\" data-src=\"https:\/\/www.radlobby.org\/noe\/wp-content\/uploads\/Buehne-mit-Musik_IMG_7750.jpg\" data-thumb=\"https:\/\/www.radlobby.org\/noe\/wp-content\/uploads\/Buehne-mit-Musik_IMG_7750-225x300.jpg\" class=\"ml-lightbox-enabled\"><img loading=\"lazy\" decoding=\"async\" class=\"alignnone size-medium wp-image-36747\" src=\"https:\/\/www.radlobby.org\/noe\/wp-content\/uploads\/Buehne-mit-Musik_IMG_7750-225x300.jpg\" alt=\"\" width=\"225\" height=\"300\" srcset=\"https:\/\/www.radlobby.org\/noe\/wp-content\/uploads\/Buehne-mit-Musik_IMG_7750-225x300.jpg 225w, https:\/\/www.radlobby.org\/noe\/wp-content\/uploads\/Buehne-mit-Musik_IMG_7750-768x1024.jpg 768w, https:\/\/www.radlobby.org\/noe\/wp-content\/uploads\/Buehne-mit-Musik_IMG_7750-1152x1536.jpg 1152w, https:\/\/www.radlobby.org\/noe\/wp-content\/uploads\/Buehne-mit-Musik_IMG_7750.jpg 1200w\" sizes=\"auto, (max-width: 225px) 100vw, 225px\" \/> <span style=\"color: #000000;\">Peter Czermak musiziert<\/span><\/a><\/p>\n<p><strong>Spenden f\u00fcr Hochwasserbetroffene<\/strong><\/p>\n<p>Im Rahmen des Abends konnten 850 Euro Spenden f\u00fcr hochwasserbetroffene Menschen gesammelt werden. DANKE!<\/p>\n<p><strong>DANKE an alle \u2026<\/strong><\/p>\n<p>Die Radlobby Melk m\u00f6chte sich bedanken bei allen, ohne die das Jubil\u00e4umsfest nicht m\u00f6glich gewesen w\u00e4re:<\/p>\n<p>DANKE an die Familie F\u00fcrst, die uns die R\u00e4umlichkeiten der Tischlerei kostenfrei zur Verf\u00fcgung gestellt hat.<\/p>\n<p>DANKE an das Team der Tischlerei Melk f\u00fcr die Unterst\u00fctzung im Vorfeld und auch an Martina Romako und den Freundesverein der Wachaukultur Melk \u00a0f\u00fcr die Betreuung der Gastro.<\/p>\n<p>DANKE an alle Mitglieder des Gemeinderates der Stadt Melk, die sich trotz der herausfordernden und kr\u00e4ftezehrenden Tage im Zuge der Hochwasserkatastrophe die Zeit genommen und das Interesse aufgebracht haben, mit uns auf 10 Jahre Radlobby Melk zur\u00fcck und auf eine m\u00f6glich Zukunft der Mobilit\u00e4tsgestaltung in Melk zu blicken: Wolfgang Kaufmann, Ashur Namrud, Lukas F\u00fcrst, Leopold Emminger, Heidi Niederer, Walter Schneck, Benjamin Steyrer.<\/p>\n<p>DANKE an die Radlobby Amstetten f\u00fcr das Dabeisein und Mitfeiern!<\/p>\n<p>DANKE an alle G\u00e4ste, Freunde, Interessierte und Wegbegleiter.<\/p>\n<p>Und DANKE an das Team der in der Radlobby Melk Aktiven \u2013 die engagierte und kundige Zusammenarbeit machte die erfolgreichen 10 Jahre und das stimmige Jubil\u00e4umsfest erst m\u00f6glich!<\/p>\n<p><a href=\"https:\/\/www.radlobby.org\/noe\/wp-content\/uploads\/Gruppe_image.jpeg\" data-src=\"https:\/\/www.radlobby.org\/noe\/wp-content\/uploads\/Gruppe_image.jpeg\" data-thumb=\"https:\/\/www.radlobby.org\/noe\/wp-content\/uploads\/Gruppe_image-225x300.jpeg\" class=\"ml-lightbox-enabled\"><img loading=\"lazy\" decoding=\"async\" class=\"alignnone size-medium wp-image-36748\" src=\"https:\/\/www.radlobby.org\/noe\/wp-content\/uploads\/Gruppe_image-225x300.jpeg\" alt=\"\" width=\"225\" height=\"300\" srcset=\"https:\/\/www.radlobby.org\/noe\/wp-content\/uploads\/Gruppe_image-225x300.jpeg 225w, https:\/\/www.radlobby.org\/noe\/wp-content\/uploads\/Gruppe_image-768x1024.jpeg 768w, https:\/\/www.radlobby.org\/noe\/wp-content\/uploads\/Gruppe_image-1152x1536.jpeg 1152w, https:\/\/www.radlobby.org\/noe\/wp-content\/uploads\/Gruppe_image.jpeg 1200w\" sizes=\"auto, (max-width: 225px) 100vw, 225px\" \/><\/a><\/p>\n","protected":false},"excerpt":{"rendered":"<p>50 Interessierte kamen zum gemeinsamen R\u00fcckblick und Feiern von 10 Jahre Radlobby Melk. Seit der Gr\u00fcndung am 1. April 2014 und somit seit 3.831 Tagen ist die Radlobby Melk eine starke und konsequente Stimme f\u00fcr bessere Rahmenbedingungen f\u00fcr das Gehen<\/p>\n","protected":false},"author":10,"featured_media":36743,"comment_status":"closed","ping_status":"closed","sticky":false,"template":"","format":"standard","meta":{"footnotes":""},"categories":[9,20],"tags":[26],"class_list":["post-36742","post","type-post","status-publish","format-standard","has-post-thumbnail","hentry","category-melk","category-niederoesterreich","tag-aktionen"],"yoast_head":"<!-- This site is optimized with the Yoast SEO plugin v26.9 - https:\/\/yoast.com\/product\/yoast-seo-wordpress\/ -->\n<title>10 Jahre Radlobby Melk \u2013 ein tolles Fest in der Tischlerei mit Blick zur\u00fcck und nach vorne - Radlobby Nieder\u00f6sterreich<\/title>\n<meta name=\"robots\" content=\"index, follow, max-snippet:-1, max-image-preview:large, max-video-preview:-1\" \/>\n<link rel=\"canonical\" href=\"https:\/\/www.radlobby.org\/noe\/10-jahre-radlobby-melk-fest\/\" \/>\n<meta property=\"og:locale\" content=\"de_DE\" \/>\n<meta property=\"og:type\" content=\"article\" \/>\n<meta property=\"og:title\" content=\"10 Jahre Radlobby Melk \u2013 ein tolles Fest in der Tischlerei mit Blick zur\u00fcck und nach vorne - Radlobby Nieder\u00f6sterreich\" \/>\n<meta property=\"og:description\" content=\"50 Interessierte kamen zum gemeinsamen R\u00fcckblick und Feiern von 10 Jahre Radlobby Melk. Seit der Gr\u00fcndung am 1. April 2014 und somit seit 3.831 Tagen ist die Radlobby Melk eine starke und konsequente Stimme f\u00fcr bessere Rahmenbedingungen f\u00fcr das Gehen\" \/>\n<meta property=\"og:url\" content=\"https:\/\/www.radlobby.org\/noe\/10-jahre-radlobby-melk-fest\/\" \/>\n<meta property=\"og:site_name\" content=\"Radlobby Nieder\u00f6sterreich\" \/>\n<meta property=\"article:publisher\" content=\"https:\/\/www.facebook.com\/groups\/radfahren.in.noe\/\" \/>\n<meta property=\"article:published_time\" content=\"2024-09-27T10:35:54+00:00\" \/>\n<meta property=\"article:modified_time\" content=\"2024-09-27T12:30:37+00:00\" \/>\n<meta property=\"og:image\" content=\"https:\/\/www.radlobby.org\/noe\/wp-content\/uploads\/10-Jahre-Radlobby-Melk_IMG_7760.jpg\" \/>\n\t<meta property=\"og:image:width\" content=\"1600\" \/>\n\t<meta property=\"og:image:height\" content=\"1200\" \/>\n\t<meta property=\"og:image:type\" content=\"image\/jpeg\" \/>\n<meta name=\"author\" content=\"Christian H\u00f6ller\" \/>\n<meta name=\"twitter:card\" content=\"summary_large_image\" \/>\n<meta name=\"twitter:label1\" content=\"Verfasst von\" \/>\n\t<meta name=\"twitter:data1\" content=\"Christian H\u00f6ller\" \/>\n\t<meta name=\"twitter:label2\" content=\"Gesch\u00e4tzte Lesezeit\" \/>\n\t<meta name=\"twitter:data2\" content=\"5\u00a0Minuten\" \/>\n<script type=\"application\/ld+json\" class=\"yoast-schema-graph\">{\"@context\":\"https:\/\/schema.org\",\"@graph\":[{\"@type\":\"Article\",\"@id\":\"https:\/\/www.radlobby.org\/noe\/10-jahre-radlobby-melk-fest\/#article\",\"isPartOf\":{\"@id\":\"https:\/\/www.radlobby.org\/noe\/10-jahre-radlobby-melk-fest\/\"},\"author\":{\"name\":\"Christian H\u00f6ller\",\"@id\":\"https:\/\/www.radlobby.org\/noe\/#\/schema\/person\/9edd0d27788b22085d15e9b4dad58751\"},\"headline\":\"10 Jahre Radlobby Melk \u2013 ein tolles Fest in der Tischlerei mit Blick zur\u00fcck und nach vorne\",\"datePublished\":\"2024-09-27T10:35:54+00:00\",\"dateModified\":\"2024-09-27T12:30:37+00:00\",\"mainEntityOfPage\":{\"@id\":\"https:\/\/www.radlobby.org\/noe\/10-jahre-radlobby-melk-fest\/\"},\"wordCount\":610,\"publisher\":{\"@id\":\"https:\/\/www.radlobby.org\/noe\/#organization\"},\"image\":{\"@id\":\"https:\/\/www.radlobby.org\/noe\/10-jahre-radlobby-melk-fest\/#primaryimage\"},\"thumbnailUrl\":\"https:\/\/www.radlobby.org\/noe\/wp-content\/uploads\/10-Jahre-Radlobby-Melk_IMG_7760.jpg\",\"keywords\":[\"Aktionen\"],\"articleSection\":[\"Radlobby Melk\",\"Radlobby Nieder\u00f6sterreich\"],\"inLanguage\":\"de\"},{\"@type\":\"WebPage\",\"@id\":\"https:\/\/www.radlobby.org\/noe\/10-jahre-radlobby-melk-fest\/\",\"url\":\"https:\/\/www.radlobby.org\/noe\/10-jahre-radlobby-melk-fest\/\",\"name\":\"10 Jahre Radlobby Melk \u2013 ein tolles Fest in der Tischlerei mit Blick zur\u00fcck und nach vorne - Radlobby Nieder\u00f6sterreich\",\"isPartOf\":{\"@id\":\"https:\/\/www.radlobby.org\/noe\/#website\"},\"primaryImageOfPage\":{\"@id\":\"https:\/\/www.radlobby.org\/noe\/10-jahre-radlobby-melk-fest\/#primaryimage\"},\"image\":{\"@id\":\"https:\/\/www.radlobby.org\/noe\/10-jahre-radlobby-melk-fest\/#primaryimage\"},\"thumbnailUrl\":\"https:\/\/www.radlobby.org\/noe\/wp-content\/uploads\/10-Jahre-Radlobby-Melk_IMG_7760.jpg\",\"datePublished\":\"2024-09-27T10:35:54+00:00\",\"dateModified\":\"2024-09-27T12:30:37+00:00\",\"breadcrumb\":{\"@id\":\"https:\/\/www.radlobby.org\/noe\/10-jahre-radlobby-melk-fest\/#breadcrumb\"},\"inLanguage\":\"de\",\"potentialAction\":[{\"@type\":\"ReadAction\",\"target\":[\"https:\/\/www.radlobby.org\/noe\/10-jahre-radlobby-melk-fest\/\"]}]},{\"@type\":\"ImageObject\",\"inLanguage\":\"de\",\"@id\":\"https:\/\/www.radlobby.org\/noe\/10-jahre-radlobby-melk-fest\/#primaryimage\",\"url\":\"https:\/\/www.radlobby.org\/noe\/wp-content\/uploads\/10-Jahre-Radlobby-Melk_IMG_7760.jpg\",\"contentUrl\":\"https:\/\/www.radlobby.org\/noe\/wp-content\/uploads\/10-Jahre-Radlobby-Melk_IMG_7760.jpg\",\"width\":1600,\"height\":1200},{\"@type\":\"BreadcrumbList\",\"@id\":\"https:\/\/www.radlobby.org\/noe\/10-jahre-radlobby-melk-fest\/#breadcrumb\",\"itemListElement\":[{\"@type\":\"ListItem\",\"position\":1,\"name\":\"Startseite\",\"item\":\"https:\/\/www.radlobby.org\/noe\/\"},{\"@type\":\"ListItem\",\"position\":2,\"name\":\"10 Jahre Radlobby Melk \u2013 ein tolles Fest in der Tischlerei mit Blick zur\u00fcck und nach vorne\"}]},{\"@type\":\"WebSite\",\"@id\":\"https:\/\/www.radlobby.org\/noe\/#website\",\"url\":\"https:\/\/www.radlobby.org\/noe\/\",\"name\":\"Radlobby Nieder\u00f6sterreich\",\"description\":\"Radverkehr, Fahrrad, Radfahren, Radreisen, Radtouren, Radweg\",\"publisher\":{\"@id\":\"https:\/\/www.radlobby.org\/noe\/#organization\"},\"potentialAction\":[{\"@type\":\"SearchAction\",\"target\":{\"@type\":\"EntryPoint\",\"urlTemplate\":\"https:\/\/www.radlobby.org\/noe\/?s={search_term_string}\"},\"query-input\":{\"@type\":\"PropertyValueSpecification\",\"valueRequired\":true,\"valueName\":\"search_term_string\"}}],\"inLanguage\":\"de\"},{\"@type\":\"Organization\",\"@id\":\"https:\/\/www.radlobby.org\/noe\/#organization\",\"name\":\"Radlobby Nieder\u00f6sterreich\",\"url\":\"https:\/\/www.radlobby.org\/noe\/\",\"logo\":{\"@type\":\"ImageObject\",\"inLanguage\":\"de\",\"@id\":\"https:\/\/www.radlobby.org\/noe\/#\/schema\/logo\/image\/\",\"url\":\"https:\/\/www.radlobby.org\/noe\/wp-content\/uploads\/2017\/01\/cropped-Logo_Radlobby_Niederoesterreich_50-400px_quer-1.jpg\",\"contentUrl\":\"https:\/\/www.radlobby.org\/noe\/wp-content\/uploads\/2017\/01\/cropped-Logo_Radlobby_Niederoesterreich_50-400px_quer-1.jpg\",\"width\":450,\"height\":124,\"caption\":\"Radlobby Nieder\u00f6sterreich\"},\"image\":{\"@id\":\"https:\/\/www.radlobby.org\/noe\/#\/schema\/logo\/image\/\"},\"sameAs\":[\"https:\/\/www.facebook.com\/groups\/radfahren.in.noe\/\"]},{\"@type\":\"Person\",\"@id\":\"https:\/\/www.radlobby.org\/noe\/#\/schema\/person\/9edd0d27788b22085d15e9b4dad58751\",\"name\":\"Christian H\u00f6ller\",\"image\":{\"@type\":\"ImageObject\",\"inLanguage\":\"de\",\"@id\":\"https:\/\/www.radlobby.org\/noe\/#\/schema\/person\/image\/\",\"url\":\"https:\/\/secure.gravatar.com\/avatar\/7d22484a7ff001a2124b9145038af080348d51ac7e445cb4831a25cbdc57e0b9?s=96&d=mm&r=g\",\"contentUrl\":\"https:\/\/secure.gravatar.com\/avatar\/7d22484a7ff001a2124b9145038af080348d51ac7e445cb4831a25cbdc57e0b9?s=96&d=mm&r=g\",\"caption\":\"Christian H\u00f6ller\"},\"url\":\"https:\/\/www.radlobby.org\/noe\/author\/christianhoeller\/\"}]}<\/script>\n<!-- \/ Yoast SEO plugin. -->","yoast_head_json":{"title":"10 Jahre Radlobby Melk \u2013 ein tolles Fest in der Tischlerei mit Blick zur\u00fcck und nach vorne - Radlobby Nieder\u00f6sterreich","robots":{"index":"index","follow":"follow","max-snippet":"max-snippet:-1","max-image-preview":"max-image-preview:large","max-video-preview":"max-video-preview:-1"},"canonical":"https:\/\/www.radlobby.org\/noe\/10-jahre-radlobby-melk-fest\/","og_locale":"de_DE","og_type":"article","og_title":"10 Jahre Radlobby Melk \u2013 ein tolles Fest in der Tischlerei mit Blick zur\u00fcck und nach vorne - Radlobby Nieder\u00f6sterreich","og_description":"50 Interessierte kamen zum gemeinsamen R\u00fcckblick und Feiern von 10 Jahre Radlobby Melk. Seit der Gr\u00fcndung am 1. April 2014 und somit seit 3.831 Tagen ist die Radlobby Melk eine starke und konsequente Stimme f\u00fcr bessere Rahmenbedingungen f\u00fcr das Gehen","og_url":"https:\/\/www.radlobby.org\/noe\/10-jahre-radlobby-melk-fest\/","og_site_name":"Radlobby Nieder\u00f6sterreich","article_publisher":"https:\/\/www.facebook.com\/groups\/radfahren.in.noe\/","article_published_time":"2024-09-27T10:35:54+00:00","article_modified_time":"2024-09-27T12:30:37+00:00","og_image":[{"width":1600,"height":1200,"url":"https:\/\/www.radlobby.org\/noe\/wp-content\/uploads\/10-Jahre-Radlobby-Melk_IMG_7760.jpg","type":"image\/jpeg"}],"author":"Christian H\u00f6ller","twitter_card":"summary_large_image","twitter_misc":{"Verfasst von":"Christian H\u00f6ller","Gesch\u00e4tzte Lesezeit":"5\u00a0Minuten"},"schema":{"@context":"https:\/\/schema.org","@graph":[{"@type":"Article","@id":"https:\/\/www.radlobby.org\/noe\/10-jahre-radlobby-melk-fest\/#article","isPartOf":{"@id":"https:\/\/www.radlobby.org\/noe\/10-jahre-radlobby-melk-fest\/"},"author":{"name":"Christian H\u00f6ller","@id":"https:\/\/www.radlobby.org\/noe\/#\/schema\/person\/9edd0d27788b22085d15e9b4dad58751"},"headline":"10 Jahre Radlobby Melk \u2013 ein tolles Fest in der Tischlerei mit Blick zur\u00fcck und nach vorne","datePublished":"2024-09-27T10:35:54+00:00","dateModified":"2024-09-27T12:30:37+00:00","mainEntityOfPage":{"@id":"https:\/\/www.radlobby.org\/noe\/10-jahre-radlobby-melk-fest\/"},"wordCount":610,"publisher":{"@id":"https:\/\/www.radlobby.org\/noe\/#organization"},"image":{"@id":"https:\/\/www.radlobby.org\/noe\/10-jahre-radlobby-melk-fest\/#primaryimage"},"thumbnailUrl":"https:\/\/www.radlobby.org\/noe\/wp-content\/uploads\/10-Jahre-Radlobby-Melk_IMG_7760.jpg","keywords":["Aktionen"],"articleSection":["Radlobby Melk","Radlobby Nieder\u00f6sterreich"],"inLanguage":"de"},{"@type":"WebPage","@id":"https:\/\/www.radlobby.org\/noe\/10-jahre-radlobby-melk-fest\/","url":"https:\/\/www.radlobby.org\/noe\/10-jahre-radlobby-melk-fest\/","name":"10 Jahre Radlobby Melk \u2013 ein tolles Fest in der Tischlerei mit Blick zur\u00fcck und nach vorne - Radlobby Nieder\u00f6sterreich","isPartOf":{"@id":"https:\/\/www.radlobby.org\/noe\/#website"},"primaryImageOfPage":{"@id":"https:\/\/www.radlobby.org\/noe\/10-jahre-radlobby-melk-fest\/#primaryimage"},"image":{"@id":"https:\/\/www.radlobby.org\/noe\/10-jahre-radlobby-melk-fest\/#primaryimage"},"thumbnailUrl":"https:\/\/www.radlobby.org\/noe\/wp-content\/uploads\/10-Jahre-Radlobby-Melk_IMG_7760.jpg","datePublished":"2024-09-27T10:35:54+00:00","dateModified":"2024-09-27T12:30:37+00:00","breadcrumb":{"@id":"https:\/\/www.radlobby.org\/noe\/10-jahre-radlobby-melk-fest\/#breadcrumb"},"inLanguage":"de","potentialAction":[{"@type":"ReadAction","target":["https:\/\/www.radlobby.org\/noe\/10-jahre-radlobby-melk-fest\/"]}]},{"@type":"ImageObject","inLanguage":"de","@id":"https:\/\/www.radlobby.org\/noe\/10-jahre-radlobby-melk-fest\/#primaryimage","url":"https:\/\/www.radlobby.org\/noe\/wp-content\/uploads\/10-Jahre-Radlobby-Melk_IMG_7760.jpg","contentUrl":"https:\/\/www.radlobby.org\/noe\/wp-content\/uploads\/10-Jahre-Radlobby-Melk_IMG_7760.jpg","width":1600,"height":1200},{"@type":"BreadcrumbList","@id":"https:\/\/www.radlobby.org\/noe\/10-jahre-radlobby-melk-fest\/#breadcrumb","itemListElement":[{"@type":"ListItem","position":1,"name":"Startseite","item":"https:\/\/www.radlobby.org\/noe\/"},{"@type":"ListItem","position":2,"name":"10 Jahre Radlobby Melk \u2013 ein tolles Fest in der Tischlerei mit Blick zur\u00fcck und nach vorne"}]},{"@type":"WebSite","@id":"https:\/\/www.radlobby.org\/noe\/#website","url":"https:\/\/www.radlobby.org\/noe\/","name":"Radlobby Nieder\u00f6sterreich","description":"Radverkehr, Fahrrad, Radfahren, Radreisen, Radtouren, Radweg","publisher":{"@id":"https:\/\/www.radlobby.org\/noe\/#organization"},"potentialAction":[{"@type":"SearchAction","target":{"@type":"EntryPoint","urlTemplate":"https:\/\/www.radlobby.org\/noe\/?s={search_term_string}"},"query-input":{"@type":"PropertyValueSpecification","valueRequired":true,"valueName":"search_term_string"}}],"inLanguage":"de"},{"@type":"Organization","@id":"https:\/\/www.radlobby.org\/noe\/#organization","name":"Radlobby Nieder\u00f6sterreich","url":"https:\/\/www.radlobby.org\/noe\/","logo":{"@type":"ImageObject","inLanguage":"de","@id":"https:\/\/www.radlobby.org\/noe\/#\/schema\/logo\/image\/","url":"https:\/\/www.radlobby.org\/noe\/wp-content\/uploads\/2017\/01\/cropped-Logo_Radlobby_Niederoesterreich_50-400px_quer-1.jpg","contentUrl":"https:\/\/www.radlobby.org\/noe\/wp-content\/uploads\/2017\/01\/cropped-Logo_Radlobby_Niederoesterreich_50-400px_quer-1.jpg","width":450,"height":124,"caption":"Radlobby Nieder\u00f6sterreich"},"image":{"@id":"https:\/\/www.radlobby.org\/noe\/#\/schema\/logo\/image\/"},"sameAs":["https:\/\/www.facebook.com\/groups\/radfahren.in.noe\/"]},{"@type":"Person","@id":"https:\/\/www.radlobby.org\/noe\/#\/schema\/person\/9edd0d27788b22085d15e9b4dad58751","name":"Christian H\u00f6ller","image":{"@type":"ImageObject","inLanguage":"de","@id":"https:\/\/www.radlobby.org\/noe\/#\/schema\/person\/image\/","url":"https:\/\/secure.gravatar.com\/avatar\/7d22484a7ff001a2124b9145038af080348d51ac7e445cb4831a25cbdc57e0b9?s=96&d=mm&r=g","contentUrl":"https:\/\/secure.gravatar.com\/avatar\/7d22484a7ff001a2124b9145038af080348d51ac7e445cb4831a25cbdc57e0b9?s=96&d=mm&r=g","caption":"Christian H\u00f6ller"},"url":"https:\/\/www.radlobby.org\/noe\/author\/christianhoeller\/"}]}},"_links":{"self":[{"href":"https:\/\/www.radlobby.org\/noe\/wp-json\/wp\/v2\/posts\/36742","targetHints":{"allow":["GET"]}}],"collection":[{"href":"https:\/\/www.radlobby.org\/noe\/wp-json\/wp\/v2\/posts"}],"about":[{"href":"https:\/\/www.radlobby.org\/noe\/wp-json\/wp\/v2\/types\/post"}],"author":[{"embeddable":true,"href":"https:\/\/www.radlobby.org\/noe\/wp-json\/wp\/v2\/users\/10"}],"replies":[{"embeddable":true,"href":"https:\/\/www.radlobby.org\/noe\/wp-json\/wp\/v2\/comments?post=36742"}],"version-history":[{"count":4,"href":"https:\/\/www.radlobby.org\/noe\/wp-json\/wp\/v2\/posts\/36742\/revisions"}],"predecessor-version":[{"id":36751,"href":"https:\/\/www.radlobby.org\/noe\/wp-json\/wp\/v2\/posts\/36742\/revisions\/36751"}],"wp:featuredmedia":[{"embeddable":true,"href":"https:\/\/www.radlobby.org\/noe\/wp-json\/wp\/v2\/media\/36743"}],"wp:attachment":[{"href":"https:\/\/www.radlobby.org\/noe\/wp-json\/wp\/v2\/media?parent=36742"}],"wp:term":[{"taxonomy":"category","embeddable":true,"href":"https:\/\/www.radlobby.org\/noe\/wp-json\/wp\/v2\/categories?post=36742"},{"taxonomy":"post_tag","embeddable":true,"href":"https:\/\/www.radlobby.org\/noe\/wp-json\/wp\/v2\/tags?post=36742"}],"curies":[{"name":"wp","href":"https:\/\/api.w.org\/{rel}","templated":true}]}}