{"id":36662,"date":"2024-09-23T09:56:47","date_gmt":"2024-09-23T07:56:47","guid":{"rendered":"https:\/\/www.radlobby.org\/noe\/?p=36662"},"modified":"2024-09-26T10:39:05","modified_gmt":"2024-09-26T08:39:05","slug":"gmuend-240923-abstandsaktion","status":"publish","type":"post","link":"https:\/\/www.radlobby.org\/noe\/gmuend-240923-abstandsaktion\/","title":{"rendered":"Aktion zum \u00dcberholabstand in Gm\u00fcnd"},"content":{"rendered":"<h2>Der sichere \u00dcberholabstand war ein Schwerpunktthema der heurigen Mobilit\u00e4tswoche in Gm\u00fcnd<\/h2>\n<p>Auch in diesem Jahr hat die Radlobby-Gruppe Gm\u00fcnd zusammen mit der Stadtgemeinde Gm\u00fcnd an der <a href=\"https:\/\/www.mobilitaetswoche.at\/\" target=\"_blank\" rel=\"noopener\">Europ\u00e4ischen Mobilit\u00e4tswoche<\/a> teilgenommen. Sicherheit beim Radfahren war einer der beiden Schwerpunkte. Au\u00dferdem wurde im Rahmen der Mobilit\u00e4tswoche mit MeterWeit-Wegweisern an zahlreichen Stellen in der Stadt zum Zufu\u00dfgehen und Radfahren aufgefordert.<\/p>\n<p>Dass seit Oktober 2022 in der StVo ein Mindestabstand beim \u00dcberholen (1,5 m im Ortsgebiet, 2 m au\u00dferorts) konkret festgehalten ist, ist bei den meisten Menschen noch nicht wirklich angekommen. Auch tschechische Lenker:innen (in Tschechien gilt ein 1,5-m-\u00dcberholabstand bereits seit 2021) \u00fcberholen regelm\u00e4\u00dfig gef\u00e4hrlich knapp, ungeachtet Gegenverkehr und Platzmangel.<\/p>\n<p>In der Mitte der Woche \u2013 als die akute Hochwassersituation vor\u00fcber war \u2013 haben wir an zwei stark frequentierten Stra\u00dfen im Stadtgebiet gut sichtbar Banner mit dem Motiv \u201eAbstand macht sicher!\u201c angebracht: auf der Lainsitzbr\u00fccke kurz vor der Abzweigung zur Grenze nach Tschechien und an der Kreuzung in der Stadtmitte, einer der meistbefahrenen Kreuzungen im Waldviertel.<\/p>\n<p><a href=\"https:\/\/www.radlobby.org\/noe\/wp-content\/uploads\/GD-Abstand-bruecke.jpg\" data-src=\"https:\/\/www.radlobby.org\/noe\/wp-content\/uploads\/GD-Abstand-bruecke.jpg\" data-thumb=\"https:\/\/www.radlobby.org\/noe\/wp-content\/uploads\/GD-Abstand-bruecke.jpg\" class=\"ml-lightbox-enabled\"><img loading=\"lazy\" decoding=\"async\" class=\"alignnone\" src=\"https:\/\/www.radlobby.org\/noe\/wp-content\/uploads\/GD-Abstand-bruecke.jpg\" alt=\"\" width=\"350\" height=\"350\" \/><\/a> <a href=\"https:\/\/www.radlobby.org\/noe\/wp-content\/uploads\/GD-Abstand_Banner-kreuzung.jpg\" data-src=\"https:\/\/www.radlobby.org\/noe\/wp-content\/uploads\/GD-Abstand_Banner-kreuzung.jpg\" data-thumb=\"https:\/\/www.radlobby.org\/noe\/wp-content\/uploads\/GD-Abstand_Banner-kreuzung.jpg\" class=\"ml-lightbox-enabled\"><img loading=\"lazy\" decoding=\"async\" class=\"alignnone\" src=\"https:\/\/www.radlobby.org\/noe\/wp-content\/uploads\/GD-Abstand_Banner-kreuzung.jpg\" alt=\"\" width=\"350\" height=\"350\" \/><\/a><\/p>\n<p>Am Samstag, den 21. September, versuchten wir das Thema sicherer \u00dcberholabstand mit einer Aktion m\u00f6glichst anschaulich in die K\u00f6pfe der Kfz-Lenker:innen zu bringen.<\/p>\n<p>Mit zwei Fahrr\u00e4dern, die seitlich mit Schwimmnudeln zum Veranschaulichen der 1,5 m ausgestattet waren, drehten wir zwei Stunden lang am Samstagvormittag Runden durch ganz Gm\u00fcnd. Dies sorgte f\u00fcr manche gehobene Augenbraue, und nicht wenige Kfz-Lenkerinnen griffen sich theatralisch ans Hirn.Was f\u00fcr eine Zumutung! Die Erkenntnis, dass man eben manchmal aufs \u00dcberholen verzichten muss, ist hoffentlich bei allen angekommen.<\/p>\n<p>Zus\u00e4tzlich bot ein Infostand am Stadtplatz die Gelegenheit, sich ausf\u00fchrlicher zu informieren, \u00fcber das Abstandsthema und alle anderen Fragen zum Alltagsradeln.<\/p>\n<p><a href=\"https:\/\/www.radlobby.org\/noe\/wp-content\/uploads\/GD-Abstand-Nudel2.jpeg\" data-src=\"https:\/\/www.radlobby.org\/noe\/wp-content\/uploads\/GD-Abstand-Nudel2.jpeg\" data-thumb=\"https:\/\/www.radlobby.org\/noe\/wp-content\/uploads\/GD-Abstand-Nudel2.jpeg\" class=\"ml-lightbox-enabled\"><img loading=\"lazy\" decoding=\"async\" class=\"alignnone\" src=\"https:\/\/www.radlobby.org\/noe\/wp-content\/uploads\/GD-Abstand-Nudel2.jpeg\" alt=\"\" width=\"350\" height=\"350\" \/><\/a>\u00a0 <a href=\"https:\/\/www.radlobby.org\/noe\/wp-content\/uploads\/GD-Abstand-Nudel1.jpg\" data-src=\"https:\/\/www.radlobby.org\/noe\/wp-content\/uploads\/GD-Abstand-Nudel1.jpg\" data-thumb=\"https:\/\/www.radlobby.org\/noe\/wp-content\/uploads\/GD-Abstand-Nudel1.jpg\" class=\"ml-lightbox-enabled\"><img loading=\"lazy\" decoding=\"async\" class=\"alignnone\" src=\"https:\/\/www.radlobby.org\/noe\/wp-content\/uploads\/GD-Abstand-Nudel1.jpg\" alt=\"\" width=\"350\" height=\"350\" \/><\/a><\/p>\n<ul>\n<li>Hier geht&#8217;s zu einem <a href=\"https:\/\/youtu.be\/B0j9Ooh-wUw?si=WsjoSn4nHRUXWQe1\" target=\"_blank\" rel=\"noopener\">Video<\/a> von der Rundfahrt!<\/li>\n<\/ul>\n<figure style=\"width: 495px\" class=\"wp-caption alignright\"><a href=\"https:\/\/www.radlobby.org\/noe\/wp-content\/uploads\/GD_20240924_Troestl_web.jpg\" data-src=\"https:\/\/www.radlobby.org\/noe\/wp-content\/uploads\/GD_20240924_Troestl_web.jpg\" data-thumb=\"https:\/\/www.radlobby.org\/noe\/wp-content\/uploads\/GD_20240924_Troestl_web.jpg\" class=\"ml-lightbox-enabled\"><img loading=\"lazy\" decoding=\"async\" src=\"https:\/\/www.radlobby.org\/noe\/wp-content\/uploads\/GD_20240924_Troestl_web.jpg\" alt=\"\" width=\"495\" height=\"330\" \/><\/a><figcaption class=\"wp-caption-text\">Foto: Karl Tr\u00f6stl<\/figcaption><\/figure>\n<p>Alle Ma\u00dfnahmen erfolgten in Kooperation mit der <a href=\"https:\/\/www.gmuend.at\/de\" target=\"_blank\" rel=\"noopener\">Stadtgemeinde Gm\u00fcnd<\/a> und der Stadtpolizei. Die Genehmigung f\u00fcr das Anbringen der Banner erhielten wir dankenswerterweise rasch und ohne b\u00fcrokratische H\u00fcrden.<\/p>\n<p>B\u00fcrgermeisterin Helga Rosenmayer, Vizebgm. Hubert Hauer und Stadtrat Alexander Berger schauten auch bei unserem Infostand vorbei.<\/p>\n<p>Die Polizei hat uns leider am Vortag wegen eines Zivilschutzeinsatzes nach dem Hochwasser abgesagt. Die Pr\u00e4senz der Polizei bei den Rundfahrten mit den Schwimmnudeln und bei Gespr\u00e4chen am Infostand w\u00e4re f\u00fcr die Aktion zweifellos sehr hilfreich gewesen.<\/p>\n<ul>\n<li>Bericht in den <a href=\"https:\/\/www.meinbezirk.at\/gmuend\/c-lokales\/aktion-der-radlobby-gmuend-zu-richtigem-abstandhalten_a6910854?ref=curate#gallery=null\" target=\"_blank\" rel=\"noopener\">Bezirksbl\u00e4ttern<\/a><\/li>\n<\/ul>\n<p>&nbsp;<\/p>\n<p>&nbsp;<\/p>\n<p>&nbsp;<\/p>\n<blockquote>\n<h6>Wenn euch als Radfahrer:in oder auch Fu\u00dfg\u00e4nger:in in Gm\u00fcnd etwas fehlt, wenn ihr auf gef\u00e4hrliche Situationen sto\u00dft oder euch fragt, wie diese Radwege denn nun eigentlich zu benutzen sind &#8211; und nat\u00fcrlich auch, wenn ihr Anregungen habt, wie Radeln in Gm\u00fcnd sicherer und freudvoller werden kann, meldet euch bei uns &#8211; siehe <a href=\"https:\/\/www.radlobby.org\/noe\/gmuend-team\/\">Radlobby Gm\u00fcnd \u2013 Team<\/a>.<\/h6>\n<\/blockquote>\n<p>&nbsp;<\/p>\n","protected":false},"excerpt":{"rendered":"<p>Der sichere \u00dcberholabstand war ein Schwerpunktthema der heurigen Mobilit\u00e4tswoche in Gm\u00fcnd Auch in diesem Jahr hat die Radlobby-Gruppe Gm\u00fcnd zusammen mit der Stadtgemeinde Gm\u00fcnd an der Europ\u00e4ischen Mobilit\u00e4tswoche teilgenommen. Sicherheit beim Radfahren war einer der beiden Schwerpunkte. Au\u00dferdem wurde im<\/p>\n","protected":false},"author":27,"featured_media":36664,"comment_status":"closed","ping_status":"closed","sticky":false,"template":"","format":"standard","meta":{"footnotes":""},"categories":[282,20],"tags":[179,26,24,226,730,732],"class_list":["post-36662","post","type-post","status-publish","format-standard","has-post-thumbnail","hentry","category-gmuend","category-niederoesterreich","tag-abstand","tag-aktionen","tag-sicherheit","tag-stvo","tag-ueberholabstand","tag-ueberholen"],"yoast_head":"<!-- This site is optimized with the Yoast SEO plugin v26.9 - https:\/\/yoast.com\/product\/yoast-seo-wordpress\/ -->\n<title>Aktion zum \u00dcberholabstand in Gm\u00fcnd - Radlobby Nieder\u00f6sterreich<\/title>\n<meta name=\"description\" content=\"Der sichere \u00dcberholabstand war Thema einer Aktion der Radlobby Gm\u00fcnd in der Mobilit\u00e4tswoche 2024 .\" \/>\n<meta name=\"robots\" content=\"index, follow, max-snippet:-1, max-image-preview:large, max-video-preview:-1\" \/>\n<link rel=\"canonical\" href=\"https:\/\/www.radlobby.org\/noe\/gmuend-240923-abstandsaktion\/\" \/>\n<meta property=\"og:locale\" content=\"de_DE\" \/>\n<meta property=\"og:type\" content=\"article\" \/>\n<meta property=\"og:title\" content=\"Aktion zum \u00dcberholabstand in Gm\u00fcnd - Radlobby Nieder\u00f6sterreich\" \/>\n<meta property=\"og:description\" content=\"Der sichere \u00dcberholabstand war Thema einer Aktion der Radlobby Gm\u00fcnd in der Mobilit\u00e4tswoche 2024 .\" \/>\n<meta property=\"og:url\" content=\"https:\/\/www.radlobby.org\/noe\/gmuend-240923-abstandsaktion\/\" \/>\n<meta property=\"og:site_name\" content=\"Radlobby Nieder\u00f6sterreich\" \/>\n<meta property=\"article:publisher\" content=\"https:\/\/www.facebook.com\/groups\/radfahren.in.noe\/\" \/>\n<meta property=\"article:published_time\" content=\"2024-09-23T07:56:47+00:00\" \/>\n<meta property=\"article:modified_time\" content=\"2024-09-26T08:39:05+00:00\" \/>\n<meta property=\"og:image\" content=\"https:\/\/www.radlobby.org\/noe\/wp-content\/uploads\/GD-Abstand_Banner_mini.jpg\" \/>\n\t<meta property=\"og:image:width\" content=\"376\" \/>\n\t<meta property=\"og:image:height\" content=\"376\" \/>\n\t<meta property=\"og:image:type\" content=\"image\/jpeg\" \/>\n<meta name=\"author\" content=\"Kristin Harrich\" \/>\n<meta name=\"twitter:card\" content=\"summary_large_image\" \/>\n<meta name=\"twitter:label1\" content=\"Verfasst von\" \/>\n\t<meta name=\"twitter:data1\" content=\"Kristin Harrich\" \/>\n\t<meta name=\"twitter:label2\" content=\"Gesch\u00e4tzte Lesezeit\" \/>\n\t<meta name=\"twitter:data2\" content=\"4\u00a0Minuten\" \/>\n<script type=\"application\/ld+json\" class=\"yoast-schema-graph\">{\"@context\":\"https:\/\/schema.org\",\"@graph\":[{\"@type\":\"Article\",\"@id\":\"https:\/\/www.radlobby.org\/noe\/gmuend-240923-abstandsaktion\/#article\",\"isPartOf\":{\"@id\":\"https:\/\/www.radlobby.org\/noe\/gmuend-240923-abstandsaktion\/\"},\"author\":{\"name\":\"Kristin Harrich\",\"@id\":\"https:\/\/www.radlobby.org\/noe\/#\/schema\/person\/6b0053ef563e368f14308d7792bfbfc0\"},\"headline\":\"Aktion zum \u00dcberholabstand in Gm\u00fcnd\",\"datePublished\":\"2024-09-23T07:56:47+00:00\",\"dateModified\":\"2024-09-26T08:39:05+00:00\",\"mainEntityOfPage\":{\"@id\":\"https:\/\/www.radlobby.org\/noe\/gmuend-240923-abstandsaktion\/\"},\"wordCount\":471,\"publisher\":{\"@id\":\"https:\/\/www.radlobby.org\/noe\/#organization\"},\"image\":{\"@id\":\"https:\/\/www.radlobby.org\/noe\/gmuend-240923-abstandsaktion\/#primaryimage\"},\"thumbnailUrl\":\"https:\/\/www.radlobby.org\/noe\/wp-content\/uploads\/GD-Abstand_Banner_mini.jpg\",\"keywords\":[\"Abstand\",\"Aktionen\",\"Sicherheit\",\"StVO\",\"\u00dcberholabstand\",\"\u00dcberholen\"],\"articleSection\":[\"Radlobby Gm\u00fcnd\",\"Radlobby Nieder\u00f6sterreich\"],\"inLanguage\":\"de\"},{\"@type\":\"WebPage\",\"@id\":\"https:\/\/www.radlobby.org\/noe\/gmuend-240923-abstandsaktion\/\",\"url\":\"https:\/\/www.radlobby.org\/noe\/gmuend-240923-abstandsaktion\/\",\"name\":\"Aktion zum \u00dcberholabstand in Gm\u00fcnd - Radlobby Nieder\u00f6sterreich\",\"isPartOf\":{\"@id\":\"https:\/\/www.radlobby.org\/noe\/#website\"},\"primaryImageOfPage\":{\"@id\":\"https:\/\/www.radlobby.org\/noe\/gmuend-240923-abstandsaktion\/#primaryimage\"},\"image\":{\"@id\":\"https:\/\/www.radlobby.org\/noe\/gmuend-240923-abstandsaktion\/#primaryimage\"},\"thumbnailUrl\":\"https:\/\/www.radlobby.org\/noe\/wp-content\/uploads\/GD-Abstand_Banner_mini.jpg\",\"datePublished\":\"2024-09-23T07:56:47+00:00\",\"dateModified\":\"2024-09-26T08:39:05+00:00\",\"description\":\"Der sichere \u00dcberholabstand war Thema einer Aktion der Radlobby Gm\u00fcnd in der Mobilit\u00e4tswoche 2024 .\",\"breadcrumb\":{\"@id\":\"https:\/\/www.radlobby.org\/noe\/gmuend-240923-abstandsaktion\/#breadcrumb\"},\"inLanguage\":\"de\",\"potentialAction\":[{\"@type\":\"ReadAction\",\"target\":[\"https:\/\/www.radlobby.org\/noe\/gmuend-240923-abstandsaktion\/\"]}]},{\"@type\":\"ImageObject\",\"inLanguage\":\"de\",\"@id\":\"https:\/\/www.radlobby.org\/noe\/gmuend-240923-abstandsaktion\/#primaryimage\",\"url\":\"https:\/\/www.radlobby.org\/noe\/wp-content\/uploads\/GD-Abstand_Banner_mini.jpg\",\"contentUrl\":\"https:\/\/www.radlobby.org\/noe\/wp-content\/uploads\/GD-Abstand_Banner_mini.jpg\",\"width\":376,\"height\":376},{\"@type\":\"BreadcrumbList\",\"@id\":\"https:\/\/www.radlobby.org\/noe\/gmuend-240923-abstandsaktion\/#breadcrumb\",\"itemListElement\":[{\"@type\":\"ListItem\",\"position\":1,\"name\":\"Startseite\",\"item\":\"https:\/\/www.radlobby.org\/noe\/\"},{\"@type\":\"ListItem\",\"position\":2,\"name\":\"Aktion zum \u00dcberholabstand in Gm\u00fcnd\"}]},{\"@type\":\"WebSite\",\"@id\":\"https:\/\/www.radlobby.org\/noe\/#website\",\"url\":\"https:\/\/www.radlobby.org\/noe\/\",\"name\":\"Radlobby Nieder\u00f6sterreich\",\"description\":\"Radverkehr, Fahrrad, Radfahren, Radreisen, Radtouren, Radweg\",\"publisher\":{\"@id\":\"https:\/\/www.radlobby.org\/noe\/#organization\"},\"potentialAction\":[{\"@type\":\"SearchAction\",\"target\":{\"@type\":\"EntryPoint\",\"urlTemplate\":\"https:\/\/www.radlobby.org\/noe\/?s={search_term_string}\"},\"query-input\":{\"@type\":\"PropertyValueSpecification\",\"valueRequired\":true,\"valueName\":\"search_term_string\"}}],\"inLanguage\":\"de\"},{\"@type\":\"Organization\",\"@id\":\"https:\/\/www.radlobby.org\/noe\/#organization\",\"name\":\"Radlobby Nieder\u00f6sterreich\",\"url\":\"https:\/\/www.radlobby.org\/noe\/\",\"logo\":{\"@type\":\"ImageObject\",\"inLanguage\":\"de\",\"@id\":\"https:\/\/www.radlobby.org\/noe\/#\/schema\/logo\/image\/\",\"url\":\"https:\/\/www.radlobby.org\/noe\/wp-content\/uploads\/2017\/01\/cropped-Logo_Radlobby_Niederoesterreich_50-400px_quer-1.jpg\",\"contentUrl\":\"https:\/\/www.radlobby.org\/noe\/wp-content\/uploads\/2017\/01\/cropped-Logo_Radlobby_Niederoesterreich_50-400px_quer-1.jpg\",\"width\":450,\"height\":124,\"caption\":\"Radlobby Nieder\u00f6sterreich\"},\"image\":{\"@id\":\"https:\/\/www.radlobby.org\/noe\/#\/schema\/logo\/image\/\"},\"sameAs\":[\"https:\/\/www.facebook.com\/groups\/radfahren.in.noe\/\"]},{\"@type\":\"Person\",\"@id\":\"https:\/\/www.radlobby.org\/noe\/#\/schema\/person\/6b0053ef563e368f14308d7792bfbfc0\",\"name\":\"Kristin Harrich\",\"image\":{\"@type\":\"ImageObject\",\"inLanguage\":\"de\",\"@id\":\"https:\/\/www.radlobby.org\/noe\/#\/schema\/person\/image\/\",\"url\":\"https:\/\/secure.gravatar.com\/avatar\/fae3c9085f86cf2c3d0ec7ea03ae71cda2f36050a7f451f72c07840cdab68d7c?s=96&d=mm&r=g\",\"contentUrl\":\"https:\/\/secure.gravatar.com\/avatar\/fae3c9085f86cf2c3d0ec7ea03ae71cda2f36050a7f451f72c07840cdab68d7c?s=96&d=mm&r=g\",\"caption\":\"Kristin Harrich\"},\"url\":\"https:\/\/www.radlobby.org\/noe\/author\/kristinharrich\/\"}]}<\/script>\n<!-- \/ Yoast SEO plugin. -->","yoast_head_json":{"title":"Aktion zum \u00dcberholabstand in Gm\u00fcnd - Radlobby Nieder\u00f6sterreich","description":"Der sichere \u00dcberholabstand war Thema einer Aktion der Radlobby Gm\u00fcnd in der Mobilit\u00e4tswoche 2024 .","robots":{"index":"index","follow":"follow","max-snippet":"max-snippet:-1","max-image-preview":"max-image-preview:large","max-video-preview":"max-video-preview:-1"},"canonical":"https:\/\/www.radlobby.org\/noe\/gmuend-240923-abstandsaktion\/","og_locale":"de_DE","og_type":"article","og_title":"Aktion zum \u00dcberholabstand in Gm\u00fcnd - Radlobby Nieder\u00f6sterreich","og_description":"Der sichere \u00dcberholabstand war Thema einer Aktion der Radlobby Gm\u00fcnd in der Mobilit\u00e4tswoche 2024 .","og_url":"https:\/\/www.radlobby.org\/noe\/gmuend-240923-abstandsaktion\/","og_site_name":"Radlobby Nieder\u00f6sterreich","article_publisher":"https:\/\/www.facebook.com\/groups\/radfahren.in.noe\/","article_published_time":"2024-09-23T07:56:47+00:00","article_modified_time":"2024-09-26T08:39:05+00:00","og_image":[{"width":376,"height":376,"url":"https:\/\/www.radlobby.org\/noe\/wp-content\/uploads\/GD-Abstand_Banner_mini.jpg","type":"image\/jpeg"}],"author":"Kristin Harrich","twitter_card":"summary_large_image","twitter_misc":{"Verfasst von":"Kristin Harrich","Gesch\u00e4tzte Lesezeit":"4\u00a0Minuten"},"schema":{"@context":"https:\/\/schema.org","@graph":[{"@type":"Article","@id":"https:\/\/www.radlobby.org\/noe\/gmuend-240923-abstandsaktion\/#article","isPartOf":{"@id":"https:\/\/www.radlobby.org\/noe\/gmuend-240923-abstandsaktion\/"},"author":{"name":"Kristin Harrich","@id":"https:\/\/www.radlobby.org\/noe\/#\/schema\/person\/6b0053ef563e368f14308d7792bfbfc0"},"headline":"Aktion zum \u00dcberholabstand in Gm\u00fcnd","datePublished":"2024-09-23T07:56:47+00:00","dateModified":"2024-09-26T08:39:05+00:00","mainEntityOfPage":{"@id":"https:\/\/www.radlobby.org\/noe\/gmuend-240923-abstandsaktion\/"},"wordCount":471,"publisher":{"@id":"https:\/\/www.radlobby.org\/noe\/#organization"},"image":{"@id":"https:\/\/www.radlobby.org\/noe\/gmuend-240923-abstandsaktion\/#primaryimage"},"thumbnailUrl":"https:\/\/www.radlobby.org\/noe\/wp-content\/uploads\/GD-Abstand_Banner_mini.jpg","keywords":["Abstand","Aktionen","Sicherheit","StVO","\u00dcberholabstand","\u00dcberholen"],"articleSection":["Radlobby Gm\u00fcnd","Radlobby Nieder\u00f6sterreich"],"inLanguage":"de"},{"@type":"WebPage","@id":"https:\/\/www.radlobby.org\/noe\/gmuend-240923-abstandsaktion\/","url":"https:\/\/www.radlobby.org\/noe\/gmuend-240923-abstandsaktion\/","name":"Aktion zum \u00dcberholabstand in Gm\u00fcnd - Radlobby Nieder\u00f6sterreich","isPartOf":{"@id":"https:\/\/www.radlobby.org\/noe\/#website"},"primaryImageOfPage":{"@id":"https:\/\/www.radlobby.org\/noe\/gmuend-240923-abstandsaktion\/#primaryimage"},"image":{"@id":"https:\/\/www.radlobby.org\/noe\/gmuend-240923-abstandsaktion\/#primaryimage"},"thumbnailUrl":"https:\/\/www.radlobby.org\/noe\/wp-content\/uploads\/GD-Abstand_Banner_mini.jpg","datePublished":"2024-09-23T07:56:47+00:00","dateModified":"2024-09-26T08:39:05+00:00","description":"Der sichere \u00dcberholabstand war Thema einer Aktion der Radlobby Gm\u00fcnd in der Mobilit\u00e4tswoche 2024 .","breadcrumb":{"@id":"https:\/\/www.radlobby.org\/noe\/gmuend-240923-abstandsaktion\/#breadcrumb"},"inLanguage":"de","potentialAction":[{"@type":"ReadAction","target":["https:\/\/www.radlobby.org\/noe\/gmuend-240923-abstandsaktion\/"]}]},{"@type":"ImageObject","inLanguage":"de","@id":"https:\/\/www.radlobby.org\/noe\/gmuend-240923-abstandsaktion\/#primaryimage","url":"https:\/\/www.radlobby.org\/noe\/wp-content\/uploads\/GD-Abstand_Banner_mini.jpg","contentUrl":"https:\/\/www.radlobby.org\/noe\/wp-content\/uploads\/GD-Abstand_Banner_mini.jpg","width":376,"height":376},{"@type":"BreadcrumbList","@id":"https:\/\/www.radlobby.org\/noe\/gmuend-240923-abstandsaktion\/#breadcrumb","itemListElement":[{"@type":"ListItem","position":1,"name":"Startseite","item":"https:\/\/www.radlobby.org\/noe\/"},{"@type":"ListItem","position":2,"name":"Aktion zum \u00dcberholabstand in Gm\u00fcnd"}]},{"@type":"WebSite","@id":"https:\/\/www.radlobby.org\/noe\/#website","url":"https:\/\/www.radlobby.org\/noe\/","name":"Radlobby Nieder\u00f6sterreich","description":"Radverkehr, Fahrrad, Radfahren, Radreisen, Radtouren, Radweg","publisher":{"@id":"https:\/\/www.radlobby.org\/noe\/#organization"},"potentialAction":[{"@type":"SearchAction","target":{"@type":"EntryPoint","urlTemplate":"https:\/\/www.radlobby.org\/noe\/?s={search_term_string}"},"query-input":{"@type":"PropertyValueSpecification","valueRequired":true,"valueName":"search_term_string"}}],"inLanguage":"de"},{"@type":"Organization","@id":"https:\/\/www.radlobby.org\/noe\/#organization","name":"Radlobby Nieder\u00f6sterreich","url":"https:\/\/www.radlobby.org\/noe\/","logo":{"@type":"ImageObject","inLanguage":"de","@id":"https:\/\/www.radlobby.org\/noe\/#\/schema\/logo\/image\/","url":"https:\/\/www.radlobby.org\/noe\/wp-content\/uploads\/2017\/01\/cropped-Logo_Radlobby_Niederoesterreich_50-400px_quer-1.jpg","contentUrl":"https:\/\/www.radlobby.org\/noe\/wp-content\/uploads\/2017\/01\/cropped-Logo_Radlobby_Niederoesterreich_50-400px_quer-1.jpg","width":450,"height":124,"caption":"Radlobby Nieder\u00f6sterreich"},"image":{"@id":"https:\/\/www.radlobby.org\/noe\/#\/schema\/logo\/image\/"},"sameAs":["https:\/\/www.facebook.com\/groups\/radfahren.in.noe\/"]},{"@type":"Person","@id":"https:\/\/www.radlobby.org\/noe\/#\/schema\/person\/6b0053ef563e368f14308d7792bfbfc0","name":"Kristin Harrich","image":{"@type":"ImageObject","inLanguage":"de","@id":"https:\/\/www.radlobby.org\/noe\/#\/schema\/person\/image\/","url":"https:\/\/secure.gravatar.com\/avatar\/fae3c9085f86cf2c3d0ec7ea03ae71cda2f36050a7f451f72c07840cdab68d7c?s=96&d=mm&r=g","contentUrl":"https:\/\/secure.gravatar.com\/avatar\/fae3c9085f86cf2c3d0ec7ea03ae71cda2f36050a7f451f72c07840cdab68d7c?s=96&d=mm&r=g","caption":"Kristin Harrich"},"url":"https:\/\/www.radlobby.org\/noe\/author\/kristinharrich\/"}]}},"_links":{"self":[{"href":"https:\/\/www.radlobby.org\/noe\/wp-json\/wp\/v2\/posts\/36662","targetHints":{"allow":["GET"]}}],"collection":[{"href":"https:\/\/www.radlobby.org\/noe\/wp-json\/wp\/v2\/posts"}],"about":[{"href":"https:\/\/www.radlobby.org\/noe\/wp-json\/wp\/v2\/types\/post"}],"author":[{"embeddable":true,"href":"https:\/\/www.radlobby.org\/noe\/wp-json\/wp\/v2\/users\/27"}],"replies":[{"embeddable":true,"href":"https:\/\/www.radlobby.org\/noe\/wp-json\/wp\/v2\/comments?post=36662"}],"version-history":[{"count":10,"href":"https:\/\/www.radlobby.org\/noe\/wp-json\/wp\/v2\/posts\/36662\/revisions"}],"predecessor-version":[{"id":36735,"href":"https:\/\/www.radlobby.org\/noe\/wp-json\/wp\/v2\/posts\/36662\/revisions\/36735"}],"wp:featuredmedia":[{"embeddable":true,"href":"https:\/\/www.radlobby.org\/noe\/wp-json\/wp\/v2\/media\/36664"}],"wp:attachment":[{"href":"https:\/\/www.radlobby.org\/noe\/wp-json\/wp\/v2\/media?parent=36662"}],"wp:term":[{"taxonomy":"category","embeddable":true,"href":"https:\/\/www.radlobby.org\/noe\/wp-json\/wp\/v2\/categories?post=36662"},{"taxonomy":"post_tag","embeddable":true,"href":"https:\/\/www.radlobby.org\/noe\/wp-json\/wp\/v2\/tags?post=36662"}],"curies":[{"name":"wp","href":"https:\/\/api.w.org\/{rel}","templated":true}]}}