{"id":36551,"date":"2024-09-13T21:49:40","date_gmt":"2024-09-13T19:49:40","guid":{"rendered":"https:\/\/www.radlobby.org\/noe\/?p=36551"},"modified":"2024-09-13T22:23:24","modified_gmt":"2024-09-13T20:23:24","slug":"massnahmenkatalog","status":"publish","type":"post","link":"https:\/\/www.radlobby.org\/noe\/massnahmenkatalog\/","title":{"rendered":"Ma\u00dfnahmenkatalog f\u00fcr den Radverkehr"},"content":{"rendered":"<h4>&#8220;Amstetten kommt gut an&#8221; muss auch f\u00fcr Radfahrende gelten<\/h4>\n<p>Das Radwegenetz in Amstetten weist einige gro\u00dfe L\u00fccken und Problemstellen auf. Zudem sind viele wichtige Ziele nicht gut und sicher erreichbar. Zur Erreichung einer klimafitten und radfreundlichen Stadt ist es notwendig, auf politischer Ebene sowohl kurz- als auch langfristig angelegte Ma\u00dfnahmen zu setzen.<a href=\"https:\/\/www.radlobby.org\/noe\/wp-content\/uploads\/Radlobby-Massnahmenkatalog_-2024.pdf\" target=\"_blank\" rel=\"noopener\"><img loading=\"lazy\" decoding=\"async\" class=\"alignright wp-image-36562 size-medium\" src=\"https:\/\/www.radlobby.org\/noe\/wp-content\/uploads\/massnahmenkatalog_titelseite-1-213x300.jpg\" alt=\"\" width=\"213\" height=\"300\" srcset=\"https:\/\/www.radlobby.org\/noe\/wp-content\/uploads\/massnahmenkatalog_titelseite-1-213x300.jpg 213w, https:\/\/www.radlobby.org\/noe\/wp-content\/uploads\/massnahmenkatalog_titelseite-1-768x1080.jpg 768w, https:\/\/www.radlobby.org\/noe\/wp-content\/uploads\/massnahmenkatalog_titelseite-1.jpg 1030w\" sizes=\"auto, (max-width: 213px) 100vw, 213px\" \/><\/a><\/p>\n<p>Dazu hat die Radlobby Amstetten einen Ma\u00dfnahmenkatalog erstellt, der Problemstellen sowie neue Verbindungen aufzeigt. Damit der Slogan der Stadtgemeinde Amstetten (&#8220;Amstetten kommt gut an&#8221;) auch f\u00fcr den Radverkehr gilt, sind Ma\u00dfnahmen in die Infrastruktur f\u00fcr den Radverkehr n\u00f6tig.<\/p>\n<p>Der Ma\u00dfnahmenkatalog wurde an alle politisch vertretenen Parteien im Gemeinderat, sowie an alle Personen im zust\u00e4ndigen Ausschuss \u00fcbermittelt und ist hier downloadbar: <a href=\"https:\/\/www.radlobby.org\/noe\/wp-content\/uploads\/Radlobby-Massnahmenkatalog_-2024.pdf\" target=\"_blank\" rel=\"noopener\">Hier klicken<\/a><\/p>\n","protected":false},"excerpt":{"rendered":"<p>&#8220;Amstetten kommt gut an&#8221; muss auch f\u00fcr Radfahrende gelten Das Radwegenetz in Amstetten weist einige gro\u00dfe L\u00fccken und Problemstellen auf. Zudem sind viele wichtige Ziele nicht gut und sicher erreichbar. Zur Erreichung einer klimafitten und radfreundlichen Stadt ist es notwendig,<\/p>\n","protected":false},"author":85,"featured_media":36562,"comment_status":"closed","ping_status":"closed","sticky":false,"template":"","format":"standard","meta":{"footnotes":""},"categories":[1,383,579,321,9,20,596],"tags":[],"class_list":["post-36551","post","type-post","status-publish","format-standard","has-post-thumbnail","hentry","category-allgemein","category-presse-medien","category-amstetten","category-enns-donauwinkel","category-melk","category-niederoesterreich","category-ybbstal"],"yoast_head":"<!-- This site is optimized with the Yoast SEO plugin v26.9 - https:\/\/yoast.com\/product\/yoast-seo-wordpress\/ -->\n<title>Ma\u00dfnahmenkatalog f\u00fcr den Radverkehr - Radlobby Nieder\u00f6sterreich<\/title>\n<meta name=\"robots\" content=\"index, follow, max-snippet:-1, max-image-preview:large, max-video-preview:-1\" \/>\n<link rel=\"canonical\" href=\"https:\/\/www.radlobby.org\/noe\/massnahmenkatalog\/\" \/>\n<meta property=\"og:locale\" content=\"de_DE\" \/>\n<meta property=\"og:type\" content=\"article\" \/>\n<meta property=\"og:title\" content=\"Ma\u00dfnahmenkatalog f\u00fcr den Radverkehr - Radlobby Nieder\u00f6sterreich\" \/>\n<meta property=\"og:description\" content=\"&#8220;Amstetten kommt gut an&#8221; muss auch f\u00fcr Radfahrende gelten Das Radwegenetz in Amstetten weist einige gro\u00dfe L\u00fccken und Problemstellen auf. Zudem sind viele wichtige Ziele nicht gut und sicher erreichbar. Zur Erreichung einer klimafitten und radfreundlichen Stadt ist es notwendig,\" \/>\n<meta property=\"og:url\" content=\"https:\/\/www.radlobby.org\/noe\/massnahmenkatalog\/\" \/>\n<meta property=\"og:site_name\" content=\"Radlobby Nieder\u00f6sterreich\" \/>\n<meta property=\"article:publisher\" content=\"https:\/\/www.facebook.com\/groups\/radfahren.in.noe\/\" \/>\n<meta property=\"article:published_time\" content=\"2024-09-13T19:49:40+00:00\" \/>\n<meta property=\"article:modified_time\" content=\"2024-09-13T20:23:24+00:00\" \/>\n<meta property=\"og:image\" content=\"https:\/\/www.radlobby.org\/noe\/wp-content\/uploads\/massnahmenkatalog_titelseite-1.jpg\" \/>\n\t<meta property=\"og:image:width\" content=\"1030\" \/>\n\t<meta property=\"og:image:height\" content=\"1448\" \/>\n\t<meta property=\"og:image:type\" content=\"image\/jpeg\" \/>\n<meta name=\"author\" content=\"Patrick Haslinger\" \/>\n<meta name=\"twitter:card\" content=\"summary_large_image\" \/>\n<meta name=\"twitter:label1\" content=\"Verfasst von\" \/>\n\t<meta name=\"twitter:data1\" content=\"Patrick Haslinger\" \/>\n\t<meta name=\"twitter:label2\" content=\"Gesch\u00e4tzte Lesezeit\" \/>\n\t<meta name=\"twitter:data2\" content=\"2\u00a0Minuten\" \/>\n<script type=\"application\/ld+json\" class=\"yoast-schema-graph\">{\"@context\":\"https:\/\/schema.org\",\"@graph\":[{\"@type\":\"Article\",\"@id\":\"https:\/\/www.radlobby.org\/noe\/massnahmenkatalog\/#article\",\"isPartOf\":{\"@id\":\"https:\/\/www.radlobby.org\/noe\/massnahmenkatalog\/\"},\"author\":{\"name\":\"Patrick Haslinger\",\"@id\":\"https:\/\/www.radlobby.org\/noe\/#\/schema\/person\/afe0233b9fb4bb6eaceaa46c6751785c\"},\"headline\":\"Ma\u00dfnahmenkatalog f\u00fcr den Radverkehr\",\"datePublished\":\"2024-09-13T19:49:40+00:00\",\"dateModified\":\"2024-09-13T20:23:24+00:00\",\"mainEntityOfPage\":{\"@id\":\"https:\/\/www.radlobby.org\/noe\/massnahmenkatalog\/\"},\"wordCount\":131,\"publisher\":{\"@id\":\"https:\/\/www.radlobby.org\/noe\/#organization\"},\"image\":{\"@id\":\"https:\/\/www.radlobby.org\/noe\/massnahmenkatalog\/#primaryimage\"},\"thumbnailUrl\":\"https:\/\/www.radlobby.org\/noe\/wp-content\/uploads\/massnahmenkatalog_titelseite-1.jpg\",\"articleSection\":{\"1\":\"Presse &amp; Medien\",\"2\":\"Radlobby Amstetten\",\"3\":\"Radlobby Enns-Donauwinkel\",\"4\":\"Radlobby Melk\",\"5\":\"Radlobby Nieder\u00f6sterreich\",\"6\":\"Radlobby Ybbstal\"},\"inLanguage\":\"de\"},{\"@type\":\"WebPage\",\"@id\":\"https:\/\/www.radlobby.org\/noe\/massnahmenkatalog\/\",\"url\":\"https:\/\/www.radlobby.org\/noe\/massnahmenkatalog\/\",\"name\":\"Ma\u00dfnahmenkatalog f\u00fcr den Radverkehr - Radlobby Nieder\u00f6sterreich\",\"isPartOf\":{\"@id\":\"https:\/\/www.radlobby.org\/noe\/#website\"},\"primaryImageOfPage\":{\"@id\":\"https:\/\/www.radlobby.org\/noe\/massnahmenkatalog\/#primaryimage\"},\"image\":{\"@id\":\"https:\/\/www.radlobby.org\/noe\/massnahmenkatalog\/#primaryimage\"},\"thumbnailUrl\":\"https:\/\/www.radlobby.org\/noe\/wp-content\/uploads\/massnahmenkatalog_titelseite-1.jpg\",\"datePublished\":\"2024-09-13T19:49:40+00:00\",\"dateModified\":\"2024-09-13T20:23:24+00:00\",\"breadcrumb\":{\"@id\":\"https:\/\/www.radlobby.org\/noe\/massnahmenkatalog\/#breadcrumb\"},\"inLanguage\":\"de\",\"potentialAction\":[{\"@type\":\"ReadAction\",\"target\":[\"https:\/\/www.radlobby.org\/noe\/massnahmenkatalog\/\"]}]},{\"@type\":\"ImageObject\",\"inLanguage\":\"de\",\"@id\":\"https:\/\/www.radlobby.org\/noe\/massnahmenkatalog\/#primaryimage\",\"url\":\"https:\/\/www.radlobby.org\/noe\/wp-content\/uploads\/massnahmenkatalog_titelseite-1.jpg\",\"contentUrl\":\"https:\/\/www.radlobby.org\/noe\/wp-content\/uploads\/massnahmenkatalog_titelseite-1.jpg\",\"width\":1030,\"height\":1448},{\"@type\":\"BreadcrumbList\",\"@id\":\"https:\/\/www.radlobby.org\/noe\/massnahmenkatalog\/#breadcrumb\",\"itemListElement\":[{\"@type\":\"ListItem\",\"position\":1,\"name\":\"Startseite\",\"item\":\"https:\/\/www.radlobby.org\/noe\/\"},{\"@type\":\"ListItem\",\"position\":2,\"name\":\"Ma\u00dfnahmenkatalog f\u00fcr den Radverkehr\"}]},{\"@type\":\"WebSite\",\"@id\":\"https:\/\/www.radlobby.org\/noe\/#website\",\"url\":\"https:\/\/www.radlobby.org\/noe\/\",\"name\":\"Radlobby Nieder\u00f6sterreich\",\"description\":\"Radverkehr, Fahrrad, Radfahren, Radreisen, Radtouren, Radweg\",\"publisher\":{\"@id\":\"https:\/\/www.radlobby.org\/noe\/#organization\"},\"potentialAction\":[{\"@type\":\"SearchAction\",\"target\":{\"@type\":\"EntryPoint\",\"urlTemplate\":\"https:\/\/www.radlobby.org\/noe\/?s={search_term_string}\"},\"query-input\":{\"@type\":\"PropertyValueSpecification\",\"valueRequired\":true,\"valueName\":\"search_term_string\"}}],\"inLanguage\":\"de\"},{\"@type\":\"Organization\",\"@id\":\"https:\/\/www.radlobby.org\/noe\/#organization\",\"name\":\"Radlobby Nieder\u00f6sterreich\",\"url\":\"https:\/\/www.radlobby.org\/noe\/\",\"logo\":{\"@type\":\"ImageObject\",\"inLanguage\":\"de\",\"@id\":\"https:\/\/www.radlobby.org\/noe\/#\/schema\/logo\/image\/\",\"url\":\"https:\/\/www.radlobby.org\/noe\/wp-content\/uploads\/2017\/01\/cropped-Logo_Radlobby_Niederoesterreich_50-400px_quer-1.jpg\",\"contentUrl\":\"https:\/\/www.radlobby.org\/noe\/wp-content\/uploads\/2017\/01\/cropped-Logo_Radlobby_Niederoesterreich_50-400px_quer-1.jpg\",\"width\":450,\"height\":124,\"caption\":\"Radlobby Nieder\u00f6sterreich\"},\"image\":{\"@id\":\"https:\/\/www.radlobby.org\/noe\/#\/schema\/logo\/image\/\"},\"sameAs\":[\"https:\/\/www.facebook.com\/groups\/radfahren.in.noe\/\"]},{\"@type\":\"Person\",\"@id\":\"https:\/\/www.radlobby.org\/noe\/#\/schema\/person\/afe0233b9fb4bb6eaceaa46c6751785c\",\"name\":\"Patrick Haslinger\",\"image\":{\"@type\":\"ImageObject\",\"inLanguage\":\"de\",\"@id\":\"https:\/\/www.radlobby.org\/noe\/#\/schema\/person\/image\/\",\"url\":\"https:\/\/secure.gravatar.com\/avatar\/e4e98524259135452c397dd1b66d0b10e5e5e96b0b2426c95f00c17c53897790?s=96&d=mm&r=g\",\"contentUrl\":\"https:\/\/secure.gravatar.com\/avatar\/e4e98524259135452c397dd1b66d0b10e5e5e96b0b2426c95f00c17c53897790?s=96&d=mm&r=g\",\"caption\":\"Patrick Haslinger\"},\"url\":\"https:\/\/www.radlobby.org\/noe\/author\/patrick-haslinger\/\"}]}<\/script>\n<!-- \/ Yoast SEO plugin. -->","yoast_head_json":{"title":"Ma\u00dfnahmenkatalog f\u00fcr den Radverkehr - Radlobby Nieder\u00f6sterreich","robots":{"index":"index","follow":"follow","max-snippet":"max-snippet:-1","max-image-preview":"max-image-preview:large","max-video-preview":"max-video-preview:-1"},"canonical":"https:\/\/www.radlobby.org\/noe\/massnahmenkatalog\/","og_locale":"de_DE","og_type":"article","og_title":"Ma\u00dfnahmenkatalog f\u00fcr den Radverkehr - Radlobby Nieder\u00f6sterreich","og_description":"&#8220;Amstetten kommt gut an&#8221; muss auch f\u00fcr Radfahrende gelten Das Radwegenetz in Amstetten weist einige gro\u00dfe L\u00fccken und Problemstellen auf. Zudem sind viele wichtige Ziele nicht gut und sicher erreichbar. Zur Erreichung einer klimafitten und radfreundlichen Stadt ist es notwendig,","og_url":"https:\/\/www.radlobby.org\/noe\/massnahmenkatalog\/","og_site_name":"Radlobby Nieder\u00f6sterreich","article_publisher":"https:\/\/www.facebook.com\/groups\/radfahren.in.noe\/","article_published_time":"2024-09-13T19:49:40+00:00","article_modified_time":"2024-09-13T20:23:24+00:00","og_image":[{"width":1030,"height":1448,"url":"https:\/\/www.radlobby.org\/noe\/wp-content\/uploads\/massnahmenkatalog_titelseite-1.jpg","type":"image\/jpeg"}],"author":"Patrick Haslinger","twitter_card":"summary_large_image","twitter_misc":{"Verfasst von":"Patrick Haslinger","Gesch\u00e4tzte Lesezeit":"2\u00a0Minuten"},"schema":{"@context":"https:\/\/schema.org","@graph":[{"@type":"Article","@id":"https:\/\/www.radlobby.org\/noe\/massnahmenkatalog\/#article","isPartOf":{"@id":"https:\/\/www.radlobby.org\/noe\/massnahmenkatalog\/"},"author":{"name":"Patrick Haslinger","@id":"https:\/\/www.radlobby.org\/noe\/#\/schema\/person\/afe0233b9fb4bb6eaceaa46c6751785c"},"headline":"Ma\u00dfnahmenkatalog f\u00fcr den Radverkehr","datePublished":"2024-09-13T19:49:40+00:00","dateModified":"2024-09-13T20:23:24+00:00","mainEntityOfPage":{"@id":"https:\/\/www.radlobby.org\/noe\/massnahmenkatalog\/"},"wordCount":131,"publisher":{"@id":"https:\/\/www.radlobby.org\/noe\/#organization"},"image":{"@id":"https:\/\/www.radlobby.org\/noe\/massnahmenkatalog\/#primaryimage"},"thumbnailUrl":"https:\/\/www.radlobby.org\/noe\/wp-content\/uploads\/massnahmenkatalog_titelseite-1.jpg","articleSection":{"1":"Presse &amp; Medien","2":"Radlobby Amstetten","3":"Radlobby Enns-Donauwinkel","4":"Radlobby Melk","5":"Radlobby Nieder\u00f6sterreich","6":"Radlobby Ybbstal"},"inLanguage":"de"},{"@type":"WebPage","@id":"https:\/\/www.radlobby.org\/noe\/massnahmenkatalog\/","url":"https:\/\/www.radlobby.org\/noe\/massnahmenkatalog\/","name":"Ma\u00dfnahmenkatalog f\u00fcr den Radverkehr - Radlobby Nieder\u00f6sterreich","isPartOf":{"@id":"https:\/\/www.radlobby.org\/noe\/#website"},"primaryImageOfPage":{"@id":"https:\/\/www.radlobby.org\/noe\/massnahmenkatalog\/#primaryimage"},"image":{"@id":"https:\/\/www.radlobby.org\/noe\/massnahmenkatalog\/#primaryimage"},"thumbnailUrl":"https:\/\/www.radlobby.org\/noe\/wp-content\/uploads\/massnahmenkatalog_titelseite-1.jpg","datePublished":"2024-09-13T19:49:40+00:00","dateModified":"2024-09-13T20:23:24+00:00","breadcrumb":{"@id":"https:\/\/www.radlobby.org\/noe\/massnahmenkatalog\/#breadcrumb"},"inLanguage":"de","potentialAction":[{"@type":"ReadAction","target":["https:\/\/www.radlobby.org\/noe\/massnahmenkatalog\/"]}]},{"@type":"ImageObject","inLanguage":"de","@id":"https:\/\/www.radlobby.org\/noe\/massnahmenkatalog\/#primaryimage","url":"https:\/\/www.radlobby.org\/noe\/wp-content\/uploads\/massnahmenkatalog_titelseite-1.jpg","contentUrl":"https:\/\/www.radlobby.org\/noe\/wp-content\/uploads\/massnahmenkatalog_titelseite-1.jpg","width":1030,"height":1448},{"@type":"BreadcrumbList","@id":"https:\/\/www.radlobby.org\/noe\/massnahmenkatalog\/#breadcrumb","itemListElement":[{"@type":"ListItem","position":1,"name":"Startseite","item":"https:\/\/www.radlobby.org\/noe\/"},{"@type":"ListItem","position":2,"name":"Ma\u00dfnahmenkatalog f\u00fcr den Radverkehr"}]},{"@type":"WebSite","@id":"https:\/\/www.radlobby.org\/noe\/#website","url":"https:\/\/www.radlobby.org\/noe\/","name":"Radlobby Nieder\u00f6sterreich","description":"Radverkehr, Fahrrad, Radfahren, Radreisen, Radtouren, Radweg","publisher":{"@id":"https:\/\/www.radlobby.org\/noe\/#organization"},"potentialAction":[{"@type":"SearchAction","target":{"@type":"EntryPoint","urlTemplate":"https:\/\/www.radlobby.org\/noe\/?s={search_term_string}"},"query-input":{"@type":"PropertyValueSpecification","valueRequired":true,"valueName":"search_term_string"}}],"inLanguage":"de"},{"@type":"Organization","@id":"https:\/\/www.radlobby.org\/noe\/#organization","name":"Radlobby Nieder\u00f6sterreich","url":"https:\/\/www.radlobby.org\/noe\/","logo":{"@type":"ImageObject","inLanguage":"de","@id":"https:\/\/www.radlobby.org\/noe\/#\/schema\/logo\/image\/","url":"https:\/\/www.radlobby.org\/noe\/wp-content\/uploads\/2017\/01\/cropped-Logo_Radlobby_Niederoesterreich_50-400px_quer-1.jpg","contentUrl":"https:\/\/www.radlobby.org\/noe\/wp-content\/uploads\/2017\/01\/cropped-Logo_Radlobby_Niederoesterreich_50-400px_quer-1.jpg","width":450,"height":124,"caption":"Radlobby Nieder\u00f6sterreich"},"image":{"@id":"https:\/\/www.radlobby.org\/noe\/#\/schema\/logo\/image\/"},"sameAs":["https:\/\/www.facebook.com\/groups\/radfahren.in.noe\/"]},{"@type":"Person","@id":"https:\/\/www.radlobby.org\/noe\/#\/schema\/person\/afe0233b9fb4bb6eaceaa46c6751785c","name":"Patrick Haslinger","image":{"@type":"ImageObject","inLanguage":"de","@id":"https:\/\/www.radlobby.org\/noe\/#\/schema\/person\/image\/","url":"https:\/\/secure.gravatar.com\/avatar\/e4e98524259135452c397dd1b66d0b10e5e5e96b0b2426c95f00c17c53897790?s=96&d=mm&r=g","contentUrl":"https:\/\/secure.gravatar.com\/avatar\/e4e98524259135452c397dd1b66d0b10e5e5e96b0b2426c95f00c17c53897790?s=96&d=mm&r=g","caption":"Patrick Haslinger"},"url":"https:\/\/www.radlobby.org\/noe\/author\/patrick-haslinger\/"}]}},"_links":{"self":[{"href":"https:\/\/www.radlobby.org\/noe\/wp-json\/wp\/v2\/posts\/36551","targetHints":{"allow":["GET"]}}],"collection":[{"href":"https:\/\/www.radlobby.org\/noe\/wp-json\/wp\/v2\/posts"}],"about":[{"href":"https:\/\/www.radlobby.org\/noe\/wp-json\/wp\/v2\/types\/post"}],"author":[{"embeddable":true,"href":"https:\/\/www.radlobby.org\/noe\/wp-json\/wp\/v2\/users\/85"}],"replies":[{"embeddable":true,"href":"https:\/\/www.radlobby.org\/noe\/wp-json\/wp\/v2\/comments?post=36551"}],"version-history":[{"count":5,"href":"https:\/\/www.radlobby.org\/noe\/wp-json\/wp\/v2\/posts\/36551\/revisions"}],"predecessor-version":[{"id":36567,"href":"https:\/\/www.radlobby.org\/noe\/wp-json\/wp\/v2\/posts\/36551\/revisions\/36567"}],"wp:featuredmedia":[{"embeddable":true,"href":"https:\/\/www.radlobby.org\/noe\/wp-json\/wp\/v2\/media\/36562"}],"wp:attachment":[{"href":"https:\/\/www.radlobby.org\/noe\/wp-json\/wp\/v2\/media?parent=36551"}],"wp:term":[{"taxonomy":"category","embeddable":true,"href":"https:\/\/www.radlobby.org\/noe\/wp-json\/wp\/v2\/categories?post=36551"},{"taxonomy":"post_tag","embeddable":true,"href":"https:\/\/www.radlobby.org\/noe\/wp-json\/wp\/v2\/tags?post=36551"}],"curies":[{"name":"wp","href":"https:\/\/api.w.org\/{rel}","templated":true}]}}