{"id":36540,"date":"2026-02-06T13:48:27","date_gmt":"2026-02-06T12:48:27","guid":{"rendered":"https:\/\/www.radlobby.org\/noe\/?p=36540"},"modified":"2026-02-19T15:52:15","modified_gmt":"2026-02-19T14:52:15","slug":"radlobby_noetag","status":"publish","type":"post","link":"https:\/\/www.radlobby.org\/noe\/radlobby_noetag\/","title":{"rendered":"4. Radlobby N\u00d6-Tag am Samstag, 28. Februar 2026"},"content":{"rendered":"<p><strong>Dabei sein, dran bleiben, in Balance bleiben<\/strong><\/p>\n<p>Einladung zum 4. Radlobby-Tag.<\/p>\n<p>28. Februar 2026 , Haus des Lernens, Daniel Gran Stra\u00dfe 36, 3100 St. P\u00f6lten<\/p>\n<p><strong>Anmeldung m\u00f6glich bis 19. Februar 2026<\/strong><\/p>\n<p><a href=\"https:\/\/forms.gle\/kLbBxLSJQxYkVNp5A\" target=\"_blank\" rel=\"noopener\">Anmeldung (offen bis 19. Februar 2026)<\/a><\/p>\n<p><strong>Agenda<\/strong><\/p>\n<p>9:30 Uhr Willkommen\/Einlass<\/p>\n<p>10:00 Uhr Hauptversammlung, Tagesordnung: Statuten-Anpassung<br \/>\nDie au\u00dferordentliche Hauptversammlung dient zur Anpassung der Statuten (einheitliche Begriffe, logische Struktur, etc.)<\/p>\n<p><strong>11:00 Uhr Marktplatz (Start auch f\u00fcr Nicht-Mitglieder)<\/strong><\/p>\n<ul>\n<li>etwa zu Radlkarte.at, Bus und Rad etc.<\/li>\n<\/ul>\n<p>12:00 Uhr Pr\u00e4sentation und Diskussion mit DI Dr. Michael Meschik<\/p>\n<ul>\n<li>senior lecturer and researcher i.R. zu Querungshilfen und Temposchutz<\/li>\n<\/ul>\n<p>13:00 Uhr Pause inkl. Verpflegung<\/p>\n<p>14:00 Uhr Workshops<\/p>\n<p>17:00 Uhr Ende<\/p>\n<p>Moderation: Dr.in Katharina Novy, Mag. Dr. Gert Dressel<\/p>\n<ul>\n<li>anschlie\u00dfend M\u00f6glichkeit des gemeinsamen Abendessens im Flieberbr\u00e4u, Ferstlergasse 9, 3100 St. P\u00f6lten<\/li>\n<\/ul>\n<p>Eintritt frei!<\/p>\n<p>&nbsp;<\/p>\n<p class=\"text-build-content\"><strong>Info und Anmeldung<\/strong><\/p>\n<p class=\"text-build-content\">Eingeladen sind alle Radlobby Mitglieder, die in N\u00d6 leben sowie Interessierte, die neu mitmachen wollen.<br \/>\nUm den gemeinsamen Tag gut vorbereiten zu k\u00f6nnen, ersuchen wir um Deine \u00a0\u203a <a href=\"https:\/\/forms.gle\/kLbBxLSJQxYkVNp5A\" target=\"_blank\" rel=\"noopener\">Anmeldung (offen bis 19. Februar 2026)<\/a><br \/>\nbis 19. Februar 2026!<br \/>\nF\u00fcr Verpflegung und Mittagessen ist gesorgt.<br \/>\nDie Kosten f\u00fcr die Anreise in der H\u00f6he des \u00d6BB-Vorteilstickets \u00fcbernimmt die Radlobby N\u00d6 f\u00fcr die Mitglieder.<\/p>\n<p class=\"text-build-content\">Wir freuen uns sehr auf Dein Kommen zu diesem spannenden Tag!<\/p>\n<p>&nbsp;<\/p>\n<figure style=\"width: 581px\" class=\"wp-caption alignnone\"><img loading=\"lazy\" decoding=\"async\" class=\"\" title=\"3. Radlobby N\u00d6-Tag\" src=\"https:\/\/www.radlobby.org\/noe\/wp-content\/uploads\/2025-03-01_Radlobbytag_Foto-E.Reischauer-scaled.jpg\" alt=\"3. Radlobby N\u00d6-Tag \" width=\"581\" height=\"581\" \/><figcaption class=\"wp-caption-text\">3. Radlobby N\u00d6-Tag, Fotocredit: E. Reischauer M\u00e4rz 2025<\/figcaption><\/figure>\n<p>Im Mittelpunkt stand der Austausch und die Vernetzung unter dem Motto nach au\u00dfen stark, nach innen verbunden.<\/p>\n<figure style=\"width: 586px\" class=\"wp-caption alignnone\"><img loading=\"lazy\" decoding=\"async\" class=\"\" src=\"https:\/\/www.radlobby.org\/noe\/wp-content\/uploads\/2025-03-01_NOe-Radlobbytag_Foto-E.-Reischauer_komp.-14-scaled.jpg\" alt=\"\" width=\"586\" height=\"390\" \/><figcaption class=\"wp-caption-text\">Der neu gew\u00e4hlte Vorstand der Radlobby N\u00d6; von links nach rechts: Johannes Flandorfer, Elisabeth F\u00fcssl, Wolfgang Pruschinski und Maria Z\u00f6gernitz, Fotocredit: E. Reischauer<\/figcaption><\/figure>\n<p>Bei der Generalversammlung wurden als Vorstandmitglieder gew\u00e4hlt: Elisabeth F\u00fcssl (Ebreichsdorf), Wolfgang Pruschinski (M\u00f6dling), Maria Z\u00f6gernitz (St. P\u00f6lten) und als Finanzreferent Johannes Flandorfer (Wolkersdorf). Die neuen alten Rechnungspr\u00fcfenden sind Werner Hawle und Uwe Rosenow.<\/p>\n<figure style=\"width: 572px\" class=\"wp-caption alignnone\"><img loading=\"lazy\" decoding=\"async\" class=\"\" src=\"https:\/\/www.radlobby.org\/noe\/wp-content\/uploads\/2025-03-01_Radlobbytag_Foto_E.Reischauer-scaled.jpg\" alt=\"\" width=\"572\" height=\"381\" \/><figcaption class=\"wp-caption-text\">Workshop im Zuge des Radobby-Tages; Fotocredit: E. Reischauer<\/figcaption><\/figure>\n<p>Die Radlobby N\u00d6 ist weiter gewachsen und z\u00e4hlt\u00a0 nun \u00fcber 1600 Mitglieder und 33 Ortsgruppen. 2024 nahmen mehrere tausend Menschen an Veranstaltungen wie Kidical Mass, Podiumsdiskussionen, Radlstammtischen, Infost\u00e4nden, Infrastrukturausfahrten der Radlobby N\u00d6 teil. 2025 begann mit dem traditionellen Neujahrsradeln. Im Zuge der \u00a0Gemeinderatswahlen erstellten die Ortsgruppen Ma\u00dfnahmenvorschl\u00e4ge und befragten die Parteien zu ihren Vorschl\u00e4gen um Radfahren attraktiver und sicherer zu machen. Katharina Novy<span style=\"font-weight: 400;\">\u00a0und <\/span>Gert Dressel<span style=\"font-weight: 400;\"> f\u00fchrten\u00a0 durch das abwechslungsreiche Programm.<\/span><\/p>\n<figure style=\"width: 580px\" class=\"wp-caption alignnone\"><img loading=\"lazy\" decoding=\"async\" class=\"\" src=\"https:\/\/www.radlobby.org\/noe\/wp-content\/uploads\/2025-03-01_Pano_Foto-E.Reischauer-scaled.jpg\" alt=\"\" width=\"580\" height=\"243\" \/><figcaption class=\"wp-caption-text\">Dialog und Vernetzung, 3. Radlobby-Tag, Fotocredit: E. Reischauer<\/figcaption><\/figure>\n<p>&nbsp;<\/p>\n<p>&nbsp;<\/p>\n<figure style=\"width: 577px\" class=\"wp-caption alignnone\"><img loading=\"lazy\" decoding=\"async\" class=\"\" src=\"https:\/\/www.radlobby.org\/noe\/wp-content\/uploads\/2025-03-01_Mobilitaetspyramide_Foto-E.Reischauer-1-scaled.jpg\" alt=\"\" width=\"577\" height=\"384\" \/><figcaption class=\"wp-caption-text\">Mobilit\u00e4tspyramide: 1. Aufenthaltsqualit\u00e4t, 2. Fu\u00df, 3. Rad, 4. E-Rad Transport, 5. \u00d6V, 6. Sharing, 7. Auto; 1 bis 3 in der aktiven Mobilit\u00e4t; 4 bis 6 passive Mobilit\u00e4t; Foto E. Reischauer<\/figcaption><\/figure>\n<p>&nbsp;<\/p>\n","protected":false},"excerpt":{"rendered":"<p>Radlobby Nieder\u00f6sterreich-Tag am 28. Februar 2026; Anmeldung bis 19. Februar 2026<\/p>\n","protected":false},"author":33,"featured_media":38207,"comment_status":"closed","ping_status":"closed","sticky":false,"template":"","format":"standard","meta":{"footnotes":""},"categories":[1,381,383,20,667],"tags":[756,755,89],"class_list":["post-36540","post","type-post","status-publish","format-standard","has-post-thumbnail","hentry","category-allgemein","category-mitglieder","category-presse-medien","category-niederoesterreich","category-radpolitik-in-noe","tag-radverkehr-stark-vertreten","tag-vernetzen","tag-vortrag"],"yoast_head":"<!-- This site is optimized with the Yoast SEO plugin v26.9 - https:\/\/yoast.com\/product\/yoast-seo-wordpress\/ -->\n<title>4. Radlobby N\u00d6-Tag am Samstag, 28. Februar 2026 - Radlobby Nieder\u00f6sterreich<\/title>\n<meta name=\"robots\" content=\"index, follow, max-snippet:-1, max-image-preview:large, max-video-preview:-1\" \/>\n<link rel=\"canonical\" href=\"https:\/\/www.radlobby.org\/noe\/radlobby_noetag\/\" \/>\n<meta property=\"og:locale\" content=\"de_DE\" \/>\n<meta property=\"og:type\" content=\"article\" \/>\n<meta property=\"og:title\" content=\"4. Radlobby N\u00d6-Tag am Samstag, 28. Februar 2026 - Radlobby Nieder\u00f6sterreich\" \/>\n<meta property=\"og:description\" content=\"Radlobby Nieder\u00f6sterreich-Tag am 28. Februar 2026; Anmeldung bis 19. Februar 2026\" \/>\n<meta property=\"og:url\" content=\"https:\/\/www.radlobby.org\/noe\/radlobby_noetag\/\" \/>\n<meta property=\"og:site_name\" content=\"Radlobby Nieder\u00f6sterreich\" \/>\n<meta property=\"article:publisher\" content=\"https:\/\/www.facebook.com\/groups\/radfahren.in.noe\/\" \/>\n<meta property=\"article:published_time\" content=\"2026-02-06T12:48:27+00:00\" \/>\n<meta property=\"article:modified_time\" content=\"2026-02-19T14:52:15+00:00\" \/>\n<meta property=\"og:image\" content=\"https:\/\/www.radlobby.org\/noe\/wp-content\/uploads\/2025-03-01_Radlobbytag_Foto-E.Reischauer-scaled.jpg\" \/>\n\t<meta property=\"og:image:width\" content=\"2560\" \/>\n\t<meta property=\"og:image:height\" content=\"2560\" \/>\n\t<meta property=\"og:image:type\" content=\"image\/jpeg\" \/>\n<meta name=\"author\" content=\"Maria Z\u00f6gernitz\" \/>\n<meta name=\"twitter:card\" content=\"summary_large_image\" \/>\n<meta name=\"twitter:label1\" content=\"Verfasst von\" \/>\n\t<meta name=\"twitter:data1\" content=\"Maria Z\u00f6gernitz\" \/>\n\t<meta name=\"twitter:label2\" content=\"Gesch\u00e4tzte Lesezeit\" \/>\n\t<meta name=\"twitter:data2\" content=\"4\u00a0Minuten\" \/>\n<script type=\"application\/ld+json\" class=\"yoast-schema-graph\">{\"@context\":\"https:\/\/schema.org\",\"@graph\":[{\"@type\":\"Article\",\"@id\":\"https:\/\/www.radlobby.org\/noe\/radlobby_noetag\/#article\",\"isPartOf\":{\"@id\":\"https:\/\/www.radlobby.org\/noe\/radlobby_noetag\/\"},\"author\":{\"name\":\"Maria Z\u00f6gernitz\",\"@id\":\"https:\/\/www.radlobby.org\/noe\/#\/schema\/person\/d1ad6d77ec2ff1837830735b5f074c95\"},\"headline\":\"4. Radlobby N\u00d6-Tag am Samstag, 28. Februar 2026\",\"datePublished\":\"2026-02-06T12:48:27+00:00\",\"dateModified\":\"2026-02-19T14:52:15+00:00\",\"mainEntityOfPage\":{\"@id\":\"https:\/\/www.radlobby.org\/noe\/radlobby_noetag\/\"},\"wordCount\":439,\"publisher\":{\"@id\":\"https:\/\/www.radlobby.org\/noe\/#organization\"},\"image\":{\"@id\":\"https:\/\/www.radlobby.org\/noe\/radlobby_noetag\/#primaryimage\"},\"thumbnailUrl\":\"https:\/\/www.radlobby.org\/noe\/wp-content\/uploads\/2025-03-01_Radlobbytag_Foto-E.Reischauer-scaled.jpg\",\"keywords\":[\"Radverkehr stark vertreten\",\"vernetzen\",\"Vortrag\"],\"articleSection\":{\"1\":\"Mitglieder\",\"2\":\"Presse &amp; Medien\",\"3\":\"Radlobby Nieder\u00f6sterreich\",\"4\":\"Radpolitik in N\u00d6\"},\"inLanguage\":\"de\"},{\"@type\":\"WebPage\",\"@id\":\"https:\/\/www.radlobby.org\/noe\/radlobby_noetag\/\",\"url\":\"https:\/\/www.radlobby.org\/noe\/radlobby_noetag\/\",\"name\":\"4. Radlobby N\u00d6-Tag am Samstag, 28. Februar 2026 - Radlobby Nieder\u00f6sterreich\",\"isPartOf\":{\"@id\":\"https:\/\/www.radlobby.org\/noe\/#website\"},\"primaryImageOfPage\":{\"@id\":\"https:\/\/www.radlobby.org\/noe\/radlobby_noetag\/#primaryimage\"},\"image\":{\"@id\":\"https:\/\/www.radlobby.org\/noe\/radlobby_noetag\/#primaryimage\"},\"thumbnailUrl\":\"https:\/\/www.radlobby.org\/noe\/wp-content\/uploads\/2025-03-01_Radlobbytag_Foto-E.Reischauer-scaled.jpg\",\"datePublished\":\"2026-02-06T12:48:27+00:00\",\"dateModified\":\"2026-02-19T14:52:15+00:00\",\"breadcrumb\":{\"@id\":\"https:\/\/www.radlobby.org\/noe\/radlobby_noetag\/#breadcrumb\"},\"inLanguage\":\"de\",\"potentialAction\":[{\"@type\":\"ReadAction\",\"target\":[\"https:\/\/www.radlobby.org\/noe\/radlobby_noetag\/\"]}]},{\"@type\":\"ImageObject\",\"inLanguage\":\"de\",\"@id\":\"https:\/\/www.radlobby.org\/noe\/radlobby_noetag\/#primaryimage\",\"url\":\"https:\/\/www.radlobby.org\/noe\/wp-content\/uploads\/2025-03-01_Radlobbytag_Foto-E.Reischauer-scaled.jpg\",\"contentUrl\":\"https:\/\/www.radlobby.org\/noe\/wp-content\/uploads\/2025-03-01_Radlobbytag_Foto-E.Reischauer-scaled.jpg\",\"width\":2560,\"height\":2560,\"caption\":\"3. Radlobby N\u00d6-Tag im M\u00e4rz 2025\"},{\"@type\":\"BreadcrumbList\",\"@id\":\"https:\/\/www.radlobby.org\/noe\/radlobby_noetag\/#breadcrumb\",\"itemListElement\":[{\"@type\":\"ListItem\",\"position\":1,\"name\":\"Startseite\",\"item\":\"https:\/\/www.radlobby.org\/noe\/\"},{\"@type\":\"ListItem\",\"position\":2,\"name\":\"4. Radlobby N\u00d6-Tag am Samstag, 28. Februar 2026\"}]},{\"@type\":\"WebSite\",\"@id\":\"https:\/\/www.radlobby.org\/noe\/#website\",\"url\":\"https:\/\/www.radlobby.org\/noe\/\",\"name\":\"Radlobby Nieder\u00f6sterreich\",\"description\":\"Radverkehr, Fahrrad, Radfahren, Radreisen, Radtouren, Radweg\",\"publisher\":{\"@id\":\"https:\/\/www.radlobby.org\/noe\/#organization\"},\"potentialAction\":[{\"@type\":\"SearchAction\",\"target\":{\"@type\":\"EntryPoint\",\"urlTemplate\":\"https:\/\/www.radlobby.org\/noe\/?s={search_term_string}\"},\"query-input\":{\"@type\":\"PropertyValueSpecification\",\"valueRequired\":true,\"valueName\":\"search_term_string\"}}],\"inLanguage\":\"de\"},{\"@type\":\"Organization\",\"@id\":\"https:\/\/www.radlobby.org\/noe\/#organization\",\"name\":\"Radlobby Nieder\u00f6sterreich\",\"url\":\"https:\/\/www.radlobby.org\/noe\/\",\"logo\":{\"@type\":\"ImageObject\",\"inLanguage\":\"de\",\"@id\":\"https:\/\/www.radlobby.org\/noe\/#\/schema\/logo\/image\/\",\"url\":\"https:\/\/www.radlobby.org\/noe\/wp-content\/uploads\/2017\/01\/cropped-Logo_Radlobby_Niederoesterreich_50-400px_quer-1.jpg\",\"contentUrl\":\"https:\/\/www.radlobby.org\/noe\/wp-content\/uploads\/2017\/01\/cropped-Logo_Radlobby_Niederoesterreich_50-400px_quer-1.jpg\",\"width\":450,\"height\":124,\"caption\":\"Radlobby Nieder\u00f6sterreich\"},\"image\":{\"@id\":\"https:\/\/www.radlobby.org\/noe\/#\/schema\/logo\/image\/\"},\"sameAs\":[\"https:\/\/www.facebook.com\/groups\/radfahren.in.noe\/\"]},{\"@type\":\"Person\",\"@id\":\"https:\/\/www.radlobby.org\/noe\/#\/schema\/person\/d1ad6d77ec2ff1837830735b5f074c95\",\"name\":\"Maria Z\u00f6gernitz\",\"image\":{\"@type\":\"ImageObject\",\"inLanguage\":\"de\",\"@id\":\"https:\/\/www.radlobby.org\/noe\/#\/schema\/person\/image\/\",\"url\":\"https:\/\/secure.gravatar.com\/avatar\/f0ec056831cd418e44e25a41becb89b06234dc4c32d644fddd8329785f26d862?s=96&d=mm&r=g\",\"contentUrl\":\"https:\/\/secure.gravatar.com\/avatar\/f0ec056831cd418e44e25a41becb89b06234dc4c32d644fddd8329785f26d862?s=96&d=mm&r=g\",\"caption\":\"Maria Z\u00f6gernitz\"},\"description\":\"Ortsgruppe St. P\u00f6lten\",\"url\":\"https:\/\/www.radlobby.org\/noe\/author\/maria-zoegernitz\/\"}]}<\/script>\n<!-- \/ Yoast SEO plugin. -->","yoast_head_json":{"title":"4. Radlobby N\u00d6-Tag am Samstag, 28. Februar 2026 - Radlobby Nieder\u00f6sterreich","robots":{"index":"index","follow":"follow","max-snippet":"max-snippet:-1","max-image-preview":"max-image-preview:large","max-video-preview":"max-video-preview:-1"},"canonical":"https:\/\/www.radlobby.org\/noe\/radlobby_noetag\/","og_locale":"de_DE","og_type":"article","og_title":"4. Radlobby N\u00d6-Tag am Samstag, 28. Februar 2026 - Radlobby Nieder\u00f6sterreich","og_description":"Radlobby Nieder\u00f6sterreich-Tag am 28. Februar 2026; Anmeldung bis 19. Februar 2026","og_url":"https:\/\/www.radlobby.org\/noe\/radlobby_noetag\/","og_site_name":"Radlobby Nieder\u00f6sterreich","article_publisher":"https:\/\/www.facebook.com\/groups\/radfahren.in.noe\/","article_published_time":"2026-02-06T12:48:27+00:00","article_modified_time":"2026-02-19T14:52:15+00:00","og_image":[{"width":2560,"height":2560,"url":"https:\/\/www.radlobby.org\/noe\/wp-content\/uploads\/2025-03-01_Radlobbytag_Foto-E.Reischauer-scaled.jpg","type":"image\/jpeg"}],"author":"Maria Z\u00f6gernitz","twitter_card":"summary_large_image","twitter_misc":{"Verfasst von":"Maria Z\u00f6gernitz","Gesch\u00e4tzte Lesezeit":"4\u00a0Minuten"},"schema":{"@context":"https:\/\/schema.org","@graph":[{"@type":"Article","@id":"https:\/\/www.radlobby.org\/noe\/radlobby_noetag\/#article","isPartOf":{"@id":"https:\/\/www.radlobby.org\/noe\/radlobby_noetag\/"},"author":{"name":"Maria Z\u00f6gernitz","@id":"https:\/\/www.radlobby.org\/noe\/#\/schema\/person\/d1ad6d77ec2ff1837830735b5f074c95"},"headline":"4. Radlobby N\u00d6-Tag am Samstag, 28. Februar 2026","datePublished":"2026-02-06T12:48:27+00:00","dateModified":"2026-02-19T14:52:15+00:00","mainEntityOfPage":{"@id":"https:\/\/www.radlobby.org\/noe\/radlobby_noetag\/"},"wordCount":439,"publisher":{"@id":"https:\/\/www.radlobby.org\/noe\/#organization"},"image":{"@id":"https:\/\/www.radlobby.org\/noe\/radlobby_noetag\/#primaryimage"},"thumbnailUrl":"https:\/\/www.radlobby.org\/noe\/wp-content\/uploads\/2025-03-01_Radlobbytag_Foto-E.Reischauer-scaled.jpg","keywords":["Radverkehr stark vertreten","vernetzen","Vortrag"],"articleSection":{"1":"Mitglieder","2":"Presse &amp; Medien","3":"Radlobby Nieder\u00f6sterreich","4":"Radpolitik in N\u00d6"},"inLanguage":"de"},{"@type":"WebPage","@id":"https:\/\/www.radlobby.org\/noe\/radlobby_noetag\/","url":"https:\/\/www.radlobby.org\/noe\/radlobby_noetag\/","name":"4. Radlobby N\u00d6-Tag am Samstag, 28. Februar 2026 - Radlobby Nieder\u00f6sterreich","isPartOf":{"@id":"https:\/\/www.radlobby.org\/noe\/#website"},"primaryImageOfPage":{"@id":"https:\/\/www.radlobby.org\/noe\/radlobby_noetag\/#primaryimage"},"image":{"@id":"https:\/\/www.radlobby.org\/noe\/radlobby_noetag\/#primaryimage"},"thumbnailUrl":"https:\/\/www.radlobby.org\/noe\/wp-content\/uploads\/2025-03-01_Radlobbytag_Foto-E.Reischauer-scaled.jpg","datePublished":"2026-02-06T12:48:27+00:00","dateModified":"2026-02-19T14:52:15+00:00","breadcrumb":{"@id":"https:\/\/www.radlobby.org\/noe\/radlobby_noetag\/#breadcrumb"},"inLanguage":"de","potentialAction":[{"@type":"ReadAction","target":["https:\/\/www.radlobby.org\/noe\/radlobby_noetag\/"]}]},{"@type":"ImageObject","inLanguage":"de","@id":"https:\/\/www.radlobby.org\/noe\/radlobby_noetag\/#primaryimage","url":"https:\/\/www.radlobby.org\/noe\/wp-content\/uploads\/2025-03-01_Radlobbytag_Foto-E.Reischauer-scaled.jpg","contentUrl":"https:\/\/www.radlobby.org\/noe\/wp-content\/uploads\/2025-03-01_Radlobbytag_Foto-E.Reischauer-scaled.jpg","width":2560,"height":2560,"caption":"3. Radlobby N\u00d6-Tag im M\u00e4rz 2025"},{"@type":"BreadcrumbList","@id":"https:\/\/www.radlobby.org\/noe\/radlobby_noetag\/#breadcrumb","itemListElement":[{"@type":"ListItem","position":1,"name":"Startseite","item":"https:\/\/www.radlobby.org\/noe\/"},{"@type":"ListItem","position":2,"name":"4. Radlobby N\u00d6-Tag am Samstag, 28. Februar 2026"}]},{"@type":"WebSite","@id":"https:\/\/www.radlobby.org\/noe\/#website","url":"https:\/\/www.radlobby.org\/noe\/","name":"Radlobby Nieder\u00f6sterreich","description":"Radverkehr, Fahrrad, Radfahren, Radreisen, Radtouren, Radweg","publisher":{"@id":"https:\/\/www.radlobby.org\/noe\/#organization"},"potentialAction":[{"@type":"SearchAction","target":{"@type":"EntryPoint","urlTemplate":"https:\/\/www.radlobby.org\/noe\/?s={search_term_string}"},"query-input":{"@type":"PropertyValueSpecification","valueRequired":true,"valueName":"search_term_string"}}],"inLanguage":"de"},{"@type":"Organization","@id":"https:\/\/www.radlobby.org\/noe\/#organization","name":"Radlobby Nieder\u00f6sterreich","url":"https:\/\/www.radlobby.org\/noe\/","logo":{"@type":"ImageObject","inLanguage":"de","@id":"https:\/\/www.radlobby.org\/noe\/#\/schema\/logo\/image\/","url":"https:\/\/www.radlobby.org\/noe\/wp-content\/uploads\/2017\/01\/cropped-Logo_Radlobby_Niederoesterreich_50-400px_quer-1.jpg","contentUrl":"https:\/\/www.radlobby.org\/noe\/wp-content\/uploads\/2017\/01\/cropped-Logo_Radlobby_Niederoesterreich_50-400px_quer-1.jpg","width":450,"height":124,"caption":"Radlobby Nieder\u00f6sterreich"},"image":{"@id":"https:\/\/www.radlobby.org\/noe\/#\/schema\/logo\/image\/"},"sameAs":["https:\/\/www.facebook.com\/groups\/radfahren.in.noe\/"]},{"@type":"Person","@id":"https:\/\/www.radlobby.org\/noe\/#\/schema\/person\/d1ad6d77ec2ff1837830735b5f074c95","name":"Maria Z\u00f6gernitz","image":{"@type":"ImageObject","inLanguage":"de","@id":"https:\/\/www.radlobby.org\/noe\/#\/schema\/person\/image\/","url":"https:\/\/secure.gravatar.com\/avatar\/f0ec056831cd418e44e25a41becb89b06234dc4c32d644fddd8329785f26d862?s=96&d=mm&r=g","contentUrl":"https:\/\/secure.gravatar.com\/avatar\/f0ec056831cd418e44e25a41becb89b06234dc4c32d644fddd8329785f26d862?s=96&d=mm&r=g","caption":"Maria Z\u00f6gernitz"},"description":"Ortsgruppe St. P\u00f6lten","url":"https:\/\/www.radlobby.org\/noe\/author\/maria-zoegernitz\/"}]}},"_links":{"self":[{"href":"https:\/\/www.radlobby.org\/noe\/wp-json\/wp\/v2\/posts\/36540","targetHints":{"allow":["GET"]}}],"collection":[{"href":"https:\/\/www.radlobby.org\/noe\/wp-json\/wp\/v2\/posts"}],"about":[{"href":"https:\/\/www.radlobby.org\/noe\/wp-json\/wp\/v2\/types\/post"}],"author":[{"embeddable":true,"href":"https:\/\/www.radlobby.org\/noe\/wp-json\/wp\/v2\/users\/33"}],"replies":[{"embeddable":true,"href":"https:\/\/www.radlobby.org\/noe\/wp-json\/wp\/v2\/comments?post=36540"}],"version-history":[{"count":41,"href":"https:\/\/www.radlobby.org\/noe\/wp-json\/wp\/v2\/posts\/36540\/revisions"}],"predecessor-version":[{"id":41285,"href":"https:\/\/www.radlobby.org\/noe\/wp-json\/wp\/v2\/posts\/36540\/revisions\/41285"}],"wp:featuredmedia":[{"embeddable":true,"href":"https:\/\/www.radlobby.org\/noe\/wp-json\/wp\/v2\/media\/38207"}],"wp:attachment":[{"href":"https:\/\/www.radlobby.org\/noe\/wp-json\/wp\/v2\/media?parent=36540"}],"wp:term":[{"taxonomy":"category","embeddable":true,"href":"https:\/\/www.radlobby.org\/noe\/wp-json\/wp\/v2\/categories?post=36540"},{"taxonomy":"post_tag","embeddable":true,"href":"https:\/\/www.radlobby.org\/noe\/wp-json\/wp\/v2\/tags?post=36540"}],"curies":[{"name":"wp","href":"https:\/\/api.w.org\/{rel}","templated":true}]}}