{"id":36341,"date":"2024-09-07T19:27:19","date_gmt":"2024-09-07T17:27:19","guid":{"rendered":"https:\/\/www.radlobby.org\/noe\/?p=36341"},"modified":"2026-04-01T12:48:26","modified_gmt":"2026-04-01T10:48:26","slug":"pre-event-am-12-9-zu-den-klima-und-umweltfilmtagen-im-cinema-paradiso-baden-der-automobile-mensch","status":"publish","type":"post","link":"https:\/\/www.radlobby.org\/noe\/pre-event-am-12-9-zu-den-klima-und-umweltfilmtagen-im-cinema-paradiso-baden-der-automobile-mensch\/","title":{"rendered":"Baden | Der automobile Mensch: Pre-Event am 12.9. zu den Klima- und Umweltfilmtagen im Cinema Paradiso Baden"},"content":{"rendered":"<div class=\"mb-6\">\n<h1>Der automobile Mensch<a href=\"https:\/\/www.radlobby.org\/noe\/wp-content\/uploads\/automobile_mensch_filmplakat-graphql.jpg\" data-src=\"https:\/\/www.radlobby.org\/noe\/wp-content\/uploads\/automobile_mensch_filmplakat-graphql.jpg\" data-thumb=\"https:\/\/www.radlobby.org\/noe\/wp-content\/uploads\/automobile_mensch_filmplakat-graphql-200x300.jpg\" class=\"ml-lightbox-enabled\"><img loading=\"lazy\" decoding=\"async\" class=\"size-medium wp-image-36343 alignright\" src=\"https:\/\/www.radlobby.org\/noe\/wp-content\/uploads\/automobile_mensch_filmplakat-graphql-200x300.jpg\" alt=\"\" width=\"200\" height=\"300\" srcset=\"https:\/\/www.radlobby.org\/noe\/wp-content\/uploads\/automobile_mensch_filmplakat-graphql-200x300.jpg 200w, https:\/\/www.radlobby.org\/noe\/wp-content\/uploads\/automobile_mensch_filmplakat-graphql.jpg 447w\" sizes=\"auto, (max-width: 200px) 100vw, 200px\" \/><\/a><\/h1>\n<h5>Im Rahmen der europ\u00e4ischen Mobilit\u00e4tswoche pr\u00e4sentieren wir gemeinsam mit der Radlobby und \u201epoint&amp;\u201c die aktuelle Dokumentation des Stadtplaners, Fachpublizisten und Filmemachers Reinhard Sei\u00df.<\/h5>\n<\/div>\n<div>\n<p><span class=\"fontstyle0\">Er beleuchtet in seinem Film die vielf\u00e4ltigen Aspekte des heutigen Verkehrsgeschehens und entlarvt die direkten und indirekten Treiber des \u201eSystems Auto\u201c. Durch \u00fcberzeugende Best-Practice-Beispiele zeigt der Film, dass sowohl Wirtschaft als auch Bev\u00f6lkerung mit deutlich weniger Autoverkehr auskommen k\u00f6nnten. Gleichzeitig wird deutlich, wie Technologiegl\u00e4ubigkeit und Wachstumsfixierung unserer Gesellschaft eine echte Wende blockieren. Sei\u00df pr\u00e4sentiert zahlreiche ersch\u00fctternde und absurde Beispiele politischer und unternehmerischer Realit\u00e4tsverweigerung und Sch\u00f6nf\u00e4rberei. Der Film reflektiert die komplexen r\u00e4umlichen, \u00f6kologischen, \u00f6konomischen und gesellschaftlichen Auspr\u00e4gungen des Verkehrs und macht deutlich, dass eine Verkehrswende unerl\u00e4sslich ist, um Klimaschutz sowie Boden- und Ressourcenschonung effektiv voranzutreiben. Aufr\u00fcttelndes Pl\u00e4doyer f\u00fcr eine zukunftstaugliche Mobilit\u00e4t und ein wertvoller Beitrag zur Debatte um nachhaltigen Verkehr und Umweltschutz. <\/span><\/p>\n<p><span class=\"fontstyle2\"><strong>12.9.24, 19.30 Uhr, Pre-Event zu \u201eKlima &amp; Umwelt Filmtage Baden\u201c<\/strong><\/span><span class=\"fontstyle0\">im Rahmen der europ\u00e4- ischen Mobilit\u00e4tswoche, <\/span><span class=\"fontstyle2\">nach dem Film Publikumsgespr\u00e4ch <\/span><span class=\"fontstyle0\">mit Reinhard Sei\u00df <\/span><span class=\"fontstyle0\">(Regisseur), Lina Mosshammer (\u201epoint&amp;\u201c), Moderation: Hannes H\u00f6ller (AEA)<\/span><\/p>\n<p><strong><span class=\"fontstyle2\">26.9.24, 9 Uhr<\/span><span class=\"fontstyle0\">, <\/span><span class=\"fontstyle2\">Cinema School<\/span><span class=\"fontstyle0\">, <\/span><\/strong><span class=\"fontstyle2\"><strong>nach dem Film Publikumsgespr\u00e4ch<\/strong><\/span><span class=\"fontstyle0\">mit ExpertIn der Radlobby Bad V\u00f6slau, in Kooperation mit Radlobby und \u201epoint&amp;\u201c<\/span><\/p>\n<\/div>\n<p>Tickets unter: <a href=\"https:\/\/www.cinema-paradiso.at\/baden\/film\/8994729\">https:\/\/www.cinema-paradiso.at\/baden\/film\/8994729<\/a><\/p>\n<p>[BadV\u00f6slau_Radparaden]<\/p>\n","protected":false},"excerpt":{"rendered":"<p>Der automobile Mensch Im Rahmen der europ\u00e4ischen Mobilit\u00e4tswoche pr\u00e4sentieren wir gemeinsam mit der Radlobby und \u201epoint&amp;\u201c die aktuelle Dokumentation des Stadtplaners, Fachpublizisten und Filmemachers Reinhard Sei\u00df. Er beleuchtet in seinem Film die vielf\u00e4ltigen Aspekte des heutigen Verkehrsgeschehens und entlarvt die<\/p>\n","protected":false},"author":65,"featured_media":36343,"comment_status":"closed","ping_status":"closed","sticky":false,"template":"","format":"standard","meta":{"footnotes":""},"categories":[382,547,195],"tags":[],"class_list":["post-36341","post","type-post","status-publish","format-standard","has-post-thumbnail","hentry","category-klima","category-badvoeslau","category-baden"],"yoast_head":"<!-- This site is optimized with the Yoast SEO plugin v26.9 - https:\/\/yoast.com\/product\/yoast-seo-wordpress\/ -->\n<title>Baden | Der automobile Mensch: Pre-Event am 12.9. zu den Klima- und Umweltfilmtagen im Cinema Paradiso Baden - Radlobby Nieder\u00f6sterreich<\/title>\n<meta name=\"robots\" content=\"index, follow, max-snippet:-1, max-image-preview:large, max-video-preview:-1\" \/>\n<link rel=\"canonical\" href=\"https:\/\/www.radlobby.org\/noe\/pre-event-am-12-9-zu-den-klima-und-umweltfilmtagen-im-cinema-paradiso-baden-der-automobile-mensch\/\" \/>\n<meta property=\"og:locale\" content=\"de_DE\" \/>\n<meta property=\"og:type\" content=\"article\" \/>\n<meta property=\"og:title\" content=\"Baden | Der automobile Mensch: Pre-Event am 12.9. zu den Klima- und Umweltfilmtagen im Cinema Paradiso Baden - Radlobby Nieder\u00f6sterreich\" \/>\n<meta property=\"og:description\" content=\"Der automobile Mensch Im Rahmen der europ\u00e4ischen Mobilit\u00e4tswoche pr\u00e4sentieren wir gemeinsam mit der Radlobby und \u201epoint&amp;\u201c die aktuelle Dokumentation des Stadtplaners, Fachpublizisten und Filmemachers Reinhard Sei\u00df. Er beleuchtet in seinem Film die vielf\u00e4ltigen Aspekte des heutigen Verkehrsgeschehens und entlarvt die\" \/>\n<meta property=\"og:url\" content=\"https:\/\/www.radlobby.org\/noe\/pre-event-am-12-9-zu-den-klima-und-umweltfilmtagen-im-cinema-paradiso-baden-der-automobile-mensch\/\" \/>\n<meta property=\"og:site_name\" content=\"Radlobby Nieder\u00f6sterreich\" \/>\n<meta property=\"article:publisher\" content=\"https:\/\/www.facebook.com\/groups\/radfahren.in.noe\/\" \/>\n<meta property=\"article:published_time\" content=\"2024-09-07T17:27:19+00:00\" \/>\n<meta property=\"article:modified_time\" content=\"2026-04-01T10:48:26+00:00\" \/>\n<meta property=\"og:image\" content=\"https:\/\/www.radlobby.org\/noe\/wp-content\/uploads\/automobile_mensch_filmplakat-graphql.jpg\" \/>\n\t<meta property=\"og:image:width\" content=\"447\" \/>\n\t<meta property=\"og:image:height\" content=\"671\" \/>\n\t<meta property=\"og:image:type\" content=\"image\/jpeg\" \/>\n<meta name=\"author\" content=\"Laura Kafka\" \/>\n<meta name=\"twitter:card\" content=\"summary_large_image\" \/>\n<meta name=\"twitter:label1\" content=\"Verfasst von\" \/>\n\t<meta name=\"twitter:data1\" content=\"Laura Kafka\" \/>\n\t<meta name=\"twitter:label2\" content=\"Gesch\u00e4tzte Lesezeit\" \/>\n\t<meta name=\"twitter:data2\" content=\"2\u00a0Minuten\" \/>\n<script type=\"application\/ld+json\" class=\"yoast-schema-graph\">{\"@context\":\"https:\/\/schema.org\",\"@graph\":[{\"@type\":\"Article\",\"@id\":\"https:\/\/www.radlobby.org\/noe\/pre-event-am-12-9-zu-den-klima-und-umweltfilmtagen-im-cinema-paradiso-baden-der-automobile-mensch\/#article\",\"isPartOf\":{\"@id\":\"https:\/\/www.radlobby.org\/noe\/pre-event-am-12-9-zu-den-klima-und-umweltfilmtagen-im-cinema-paradiso-baden-der-automobile-mensch\/\"},\"author\":{\"name\":\"Laura Kafka\",\"@id\":\"https:\/\/www.radlobby.org\/noe\/#\/schema\/person\/3d46d5baaa32e9fab65201812c570448\"},\"headline\":\"Baden | Der automobile Mensch: Pre-Event am 12.9. zu den Klima- und Umweltfilmtagen im Cinema Paradiso Baden\",\"datePublished\":\"2024-09-07T17:27:19+00:00\",\"dateModified\":\"2026-04-01T10:48:26+00:00\",\"mainEntityOfPage\":{\"@id\":\"https:\/\/www.radlobby.org\/noe\/pre-event-am-12-9-zu-den-klima-und-umweltfilmtagen-im-cinema-paradiso-baden-der-automobile-mensch\/\"},\"wordCount\":239,\"publisher\":{\"@id\":\"https:\/\/www.radlobby.org\/noe\/#organization\"},\"image\":{\"@id\":\"https:\/\/www.radlobby.org\/noe\/pre-event-am-12-9-zu-den-klima-und-umweltfilmtagen-im-cinema-paradiso-baden-der-automobile-mensch\/#primaryimage\"},\"thumbnailUrl\":\"https:\/\/www.radlobby.org\/noe\/wp-content\/uploads\/automobile_mensch_filmplakat-graphql.jpg\",\"articleSection\":[\"Klima\",\"Radlobby Bad V\u00f6slau\",\"Radlobby Baden\"],\"inLanguage\":\"de\"},{\"@type\":\"WebPage\",\"@id\":\"https:\/\/www.radlobby.org\/noe\/pre-event-am-12-9-zu-den-klima-und-umweltfilmtagen-im-cinema-paradiso-baden-der-automobile-mensch\/\",\"url\":\"https:\/\/www.radlobby.org\/noe\/pre-event-am-12-9-zu-den-klima-und-umweltfilmtagen-im-cinema-paradiso-baden-der-automobile-mensch\/\",\"name\":\"Baden | Der automobile Mensch: Pre-Event am 12.9. zu den Klima- und Umweltfilmtagen im Cinema Paradiso Baden - Radlobby Nieder\u00f6sterreich\",\"isPartOf\":{\"@id\":\"https:\/\/www.radlobby.org\/noe\/#website\"},\"primaryImageOfPage\":{\"@id\":\"https:\/\/www.radlobby.org\/noe\/pre-event-am-12-9-zu-den-klima-und-umweltfilmtagen-im-cinema-paradiso-baden-der-automobile-mensch\/#primaryimage\"},\"image\":{\"@id\":\"https:\/\/www.radlobby.org\/noe\/pre-event-am-12-9-zu-den-klima-und-umweltfilmtagen-im-cinema-paradiso-baden-der-automobile-mensch\/#primaryimage\"},\"thumbnailUrl\":\"https:\/\/www.radlobby.org\/noe\/wp-content\/uploads\/automobile_mensch_filmplakat-graphql.jpg\",\"datePublished\":\"2024-09-07T17:27:19+00:00\",\"dateModified\":\"2026-04-01T10:48:26+00:00\",\"breadcrumb\":{\"@id\":\"https:\/\/www.radlobby.org\/noe\/pre-event-am-12-9-zu-den-klima-und-umweltfilmtagen-im-cinema-paradiso-baden-der-automobile-mensch\/#breadcrumb\"},\"inLanguage\":\"de\",\"potentialAction\":[{\"@type\":\"ReadAction\",\"target\":[\"https:\/\/www.radlobby.org\/noe\/pre-event-am-12-9-zu-den-klima-und-umweltfilmtagen-im-cinema-paradiso-baden-der-automobile-mensch\/\"]}]},{\"@type\":\"ImageObject\",\"inLanguage\":\"de\",\"@id\":\"https:\/\/www.radlobby.org\/noe\/pre-event-am-12-9-zu-den-klima-und-umweltfilmtagen-im-cinema-paradiso-baden-der-automobile-mensch\/#primaryimage\",\"url\":\"https:\/\/www.radlobby.org\/noe\/wp-content\/uploads\/automobile_mensch_filmplakat-graphql.jpg\",\"contentUrl\":\"https:\/\/www.radlobby.org\/noe\/wp-content\/uploads\/automobile_mensch_filmplakat-graphql.jpg\",\"width\":447,\"height\":671},{\"@type\":\"BreadcrumbList\",\"@id\":\"https:\/\/www.radlobby.org\/noe\/pre-event-am-12-9-zu-den-klima-und-umweltfilmtagen-im-cinema-paradiso-baden-der-automobile-mensch\/#breadcrumb\",\"itemListElement\":[{\"@type\":\"ListItem\",\"position\":1,\"name\":\"Startseite\",\"item\":\"https:\/\/www.radlobby.org\/noe\/\"},{\"@type\":\"ListItem\",\"position\":2,\"name\":\"Baden | Der automobile Mensch: Pre-Event am 12.9. zu den Klima- und Umweltfilmtagen im Cinema Paradiso Baden\"}]},{\"@type\":\"WebSite\",\"@id\":\"https:\/\/www.radlobby.org\/noe\/#website\",\"url\":\"https:\/\/www.radlobby.org\/noe\/\",\"name\":\"Radlobby Nieder\u00f6sterreich\",\"description\":\"Radverkehr, Fahrrad, Radfahren, Radreisen, Radtouren, Radweg\",\"publisher\":{\"@id\":\"https:\/\/www.radlobby.org\/noe\/#organization\"},\"potentialAction\":[{\"@type\":\"SearchAction\",\"target\":{\"@type\":\"EntryPoint\",\"urlTemplate\":\"https:\/\/www.radlobby.org\/noe\/?s={search_term_string}\"},\"query-input\":{\"@type\":\"PropertyValueSpecification\",\"valueRequired\":true,\"valueName\":\"search_term_string\"}}],\"inLanguage\":\"de\"},{\"@type\":\"Organization\",\"@id\":\"https:\/\/www.radlobby.org\/noe\/#organization\",\"name\":\"Radlobby Nieder\u00f6sterreich\",\"url\":\"https:\/\/www.radlobby.org\/noe\/\",\"logo\":{\"@type\":\"ImageObject\",\"inLanguage\":\"de\",\"@id\":\"https:\/\/www.radlobby.org\/noe\/#\/schema\/logo\/image\/\",\"url\":\"https:\/\/www.radlobby.org\/noe\/wp-content\/uploads\/2017\/01\/cropped-Logo_Radlobby_Niederoesterreich_50-400px_quer-1.jpg\",\"contentUrl\":\"https:\/\/www.radlobby.org\/noe\/wp-content\/uploads\/2017\/01\/cropped-Logo_Radlobby_Niederoesterreich_50-400px_quer-1.jpg\",\"width\":450,\"height\":124,\"caption\":\"Radlobby Nieder\u00f6sterreich\"},\"image\":{\"@id\":\"https:\/\/www.radlobby.org\/noe\/#\/schema\/logo\/image\/\"},\"sameAs\":[\"https:\/\/www.facebook.com\/groups\/radfahren.in.noe\/\"]},{\"@type\":\"Person\",\"@id\":\"https:\/\/www.radlobby.org\/noe\/#\/schema\/person\/3d46d5baaa32e9fab65201812c570448\",\"name\":\"Laura Kafka\",\"image\":{\"@type\":\"ImageObject\",\"inLanguage\":\"de\",\"@id\":\"https:\/\/www.radlobby.org\/noe\/#\/schema\/person\/image\/\",\"url\":\"https:\/\/secure.gravatar.com\/avatar\/141ec437f27b3084bc6c91857d881288555812a76d2e9c6af9f4ba5f626465e7?s=96&d=mm&r=g\",\"contentUrl\":\"https:\/\/secure.gravatar.com\/avatar\/141ec437f27b3084bc6c91857d881288555812a76d2e9c6af9f4ba5f626465e7?s=96&d=mm&r=g\",\"caption\":\"Laura Kafka\"},\"url\":\"https:\/\/www.radlobby.org\/noe\/author\/laura-kafka\/\"}]}<\/script>\n<!-- \/ Yoast SEO plugin. -->","yoast_head_json":{"title":"Baden | Der automobile Mensch: Pre-Event am 12.9. zu den Klima- und Umweltfilmtagen im Cinema Paradiso Baden - Radlobby Nieder\u00f6sterreich","robots":{"index":"index","follow":"follow","max-snippet":"max-snippet:-1","max-image-preview":"max-image-preview:large","max-video-preview":"max-video-preview:-1"},"canonical":"https:\/\/www.radlobby.org\/noe\/pre-event-am-12-9-zu-den-klima-und-umweltfilmtagen-im-cinema-paradiso-baden-der-automobile-mensch\/","og_locale":"de_DE","og_type":"article","og_title":"Baden | Der automobile Mensch: Pre-Event am 12.9. zu den Klima- und Umweltfilmtagen im Cinema Paradiso Baden - Radlobby Nieder\u00f6sterreich","og_description":"Der automobile Mensch Im Rahmen der europ\u00e4ischen Mobilit\u00e4tswoche pr\u00e4sentieren wir gemeinsam mit der Radlobby und \u201epoint&amp;\u201c die aktuelle Dokumentation des Stadtplaners, Fachpublizisten und Filmemachers Reinhard Sei\u00df. Er beleuchtet in seinem Film die vielf\u00e4ltigen Aspekte des heutigen Verkehrsgeschehens und entlarvt die","og_url":"https:\/\/www.radlobby.org\/noe\/pre-event-am-12-9-zu-den-klima-und-umweltfilmtagen-im-cinema-paradiso-baden-der-automobile-mensch\/","og_site_name":"Radlobby Nieder\u00f6sterreich","article_publisher":"https:\/\/www.facebook.com\/groups\/radfahren.in.noe\/","article_published_time":"2024-09-07T17:27:19+00:00","article_modified_time":"2026-04-01T10:48:26+00:00","og_image":[{"width":447,"height":671,"url":"https:\/\/www.radlobby.org\/noe\/wp-content\/uploads\/automobile_mensch_filmplakat-graphql.jpg","type":"image\/jpeg"}],"author":"Laura Kafka","twitter_card":"summary_large_image","twitter_misc":{"Verfasst von":"Laura Kafka","Gesch\u00e4tzte Lesezeit":"2\u00a0Minuten"},"schema":{"@context":"https:\/\/schema.org","@graph":[{"@type":"Article","@id":"https:\/\/www.radlobby.org\/noe\/pre-event-am-12-9-zu-den-klima-und-umweltfilmtagen-im-cinema-paradiso-baden-der-automobile-mensch\/#article","isPartOf":{"@id":"https:\/\/www.radlobby.org\/noe\/pre-event-am-12-9-zu-den-klima-und-umweltfilmtagen-im-cinema-paradiso-baden-der-automobile-mensch\/"},"author":{"name":"Laura Kafka","@id":"https:\/\/www.radlobby.org\/noe\/#\/schema\/person\/3d46d5baaa32e9fab65201812c570448"},"headline":"Baden | Der automobile Mensch: Pre-Event am 12.9. zu den Klima- und Umweltfilmtagen im Cinema Paradiso Baden","datePublished":"2024-09-07T17:27:19+00:00","dateModified":"2026-04-01T10:48:26+00:00","mainEntityOfPage":{"@id":"https:\/\/www.radlobby.org\/noe\/pre-event-am-12-9-zu-den-klima-und-umweltfilmtagen-im-cinema-paradiso-baden-der-automobile-mensch\/"},"wordCount":239,"publisher":{"@id":"https:\/\/www.radlobby.org\/noe\/#organization"},"image":{"@id":"https:\/\/www.radlobby.org\/noe\/pre-event-am-12-9-zu-den-klima-und-umweltfilmtagen-im-cinema-paradiso-baden-der-automobile-mensch\/#primaryimage"},"thumbnailUrl":"https:\/\/www.radlobby.org\/noe\/wp-content\/uploads\/automobile_mensch_filmplakat-graphql.jpg","articleSection":["Klima","Radlobby Bad V\u00f6slau","Radlobby Baden"],"inLanguage":"de"},{"@type":"WebPage","@id":"https:\/\/www.radlobby.org\/noe\/pre-event-am-12-9-zu-den-klima-und-umweltfilmtagen-im-cinema-paradiso-baden-der-automobile-mensch\/","url":"https:\/\/www.radlobby.org\/noe\/pre-event-am-12-9-zu-den-klima-und-umweltfilmtagen-im-cinema-paradiso-baden-der-automobile-mensch\/","name":"Baden | Der automobile Mensch: Pre-Event am 12.9. zu den Klima- und Umweltfilmtagen im Cinema Paradiso Baden - Radlobby Nieder\u00f6sterreich","isPartOf":{"@id":"https:\/\/www.radlobby.org\/noe\/#website"},"primaryImageOfPage":{"@id":"https:\/\/www.radlobby.org\/noe\/pre-event-am-12-9-zu-den-klima-und-umweltfilmtagen-im-cinema-paradiso-baden-der-automobile-mensch\/#primaryimage"},"image":{"@id":"https:\/\/www.radlobby.org\/noe\/pre-event-am-12-9-zu-den-klima-und-umweltfilmtagen-im-cinema-paradiso-baden-der-automobile-mensch\/#primaryimage"},"thumbnailUrl":"https:\/\/www.radlobby.org\/noe\/wp-content\/uploads\/automobile_mensch_filmplakat-graphql.jpg","datePublished":"2024-09-07T17:27:19+00:00","dateModified":"2026-04-01T10:48:26+00:00","breadcrumb":{"@id":"https:\/\/www.radlobby.org\/noe\/pre-event-am-12-9-zu-den-klima-und-umweltfilmtagen-im-cinema-paradiso-baden-der-automobile-mensch\/#breadcrumb"},"inLanguage":"de","potentialAction":[{"@type":"ReadAction","target":["https:\/\/www.radlobby.org\/noe\/pre-event-am-12-9-zu-den-klima-und-umweltfilmtagen-im-cinema-paradiso-baden-der-automobile-mensch\/"]}]},{"@type":"ImageObject","inLanguage":"de","@id":"https:\/\/www.radlobby.org\/noe\/pre-event-am-12-9-zu-den-klima-und-umweltfilmtagen-im-cinema-paradiso-baden-der-automobile-mensch\/#primaryimage","url":"https:\/\/www.radlobby.org\/noe\/wp-content\/uploads\/automobile_mensch_filmplakat-graphql.jpg","contentUrl":"https:\/\/www.radlobby.org\/noe\/wp-content\/uploads\/automobile_mensch_filmplakat-graphql.jpg","width":447,"height":671},{"@type":"BreadcrumbList","@id":"https:\/\/www.radlobby.org\/noe\/pre-event-am-12-9-zu-den-klima-und-umweltfilmtagen-im-cinema-paradiso-baden-der-automobile-mensch\/#breadcrumb","itemListElement":[{"@type":"ListItem","position":1,"name":"Startseite","item":"https:\/\/www.radlobby.org\/noe\/"},{"@type":"ListItem","position":2,"name":"Baden | Der automobile Mensch: Pre-Event am 12.9. zu den Klima- und Umweltfilmtagen im Cinema Paradiso Baden"}]},{"@type":"WebSite","@id":"https:\/\/www.radlobby.org\/noe\/#website","url":"https:\/\/www.radlobby.org\/noe\/","name":"Radlobby Nieder\u00f6sterreich","description":"Radverkehr, Fahrrad, Radfahren, Radreisen, Radtouren, Radweg","publisher":{"@id":"https:\/\/www.radlobby.org\/noe\/#organization"},"potentialAction":[{"@type":"SearchAction","target":{"@type":"EntryPoint","urlTemplate":"https:\/\/www.radlobby.org\/noe\/?s={search_term_string}"},"query-input":{"@type":"PropertyValueSpecification","valueRequired":true,"valueName":"search_term_string"}}],"inLanguage":"de"},{"@type":"Organization","@id":"https:\/\/www.radlobby.org\/noe\/#organization","name":"Radlobby Nieder\u00f6sterreich","url":"https:\/\/www.radlobby.org\/noe\/","logo":{"@type":"ImageObject","inLanguage":"de","@id":"https:\/\/www.radlobby.org\/noe\/#\/schema\/logo\/image\/","url":"https:\/\/www.radlobby.org\/noe\/wp-content\/uploads\/2017\/01\/cropped-Logo_Radlobby_Niederoesterreich_50-400px_quer-1.jpg","contentUrl":"https:\/\/www.radlobby.org\/noe\/wp-content\/uploads\/2017\/01\/cropped-Logo_Radlobby_Niederoesterreich_50-400px_quer-1.jpg","width":450,"height":124,"caption":"Radlobby Nieder\u00f6sterreich"},"image":{"@id":"https:\/\/www.radlobby.org\/noe\/#\/schema\/logo\/image\/"},"sameAs":["https:\/\/www.facebook.com\/groups\/radfahren.in.noe\/"]},{"@type":"Person","@id":"https:\/\/www.radlobby.org\/noe\/#\/schema\/person\/3d46d5baaa32e9fab65201812c570448","name":"Laura Kafka","image":{"@type":"ImageObject","inLanguage":"de","@id":"https:\/\/www.radlobby.org\/noe\/#\/schema\/person\/image\/","url":"https:\/\/secure.gravatar.com\/avatar\/141ec437f27b3084bc6c91857d881288555812a76d2e9c6af9f4ba5f626465e7?s=96&d=mm&r=g","contentUrl":"https:\/\/secure.gravatar.com\/avatar\/141ec437f27b3084bc6c91857d881288555812a76d2e9c6af9f4ba5f626465e7?s=96&d=mm&r=g","caption":"Laura Kafka"},"url":"https:\/\/www.radlobby.org\/noe\/author\/laura-kafka\/"}]}},"_links":{"self":[{"href":"https:\/\/www.radlobby.org\/noe\/wp-json\/wp\/v2\/posts\/36341","targetHints":{"allow":["GET"]}}],"collection":[{"href":"https:\/\/www.radlobby.org\/noe\/wp-json\/wp\/v2\/posts"}],"about":[{"href":"https:\/\/www.radlobby.org\/noe\/wp-json\/wp\/v2\/types\/post"}],"author":[{"embeddable":true,"href":"https:\/\/www.radlobby.org\/noe\/wp-json\/wp\/v2\/users\/65"}],"replies":[{"embeddable":true,"href":"https:\/\/www.radlobby.org\/noe\/wp-json\/wp\/v2\/comments?post=36341"}],"version-history":[{"count":6,"href":"https:\/\/www.radlobby.org\/noe\/wp-json\/wp\/v2\/posts\/36341\/revisions"}],"predecessor-version":[{"id":41605,"href":"https:\/\/www.radlobby.org\/noe\/wp-json\/wp\/v2\/posts\/36341\/revisions\/41605"}],"wp:featuredmedia":[{"embeddable":true,"href":"https:\/\/www.radlobby.org\/noe\/wp-json\/wp\/v2\/media\/36343"}],"wp:attachment":[{"href":"https:\/\/www.radlobby.org\/noe\/wp-json\/wp\/v2\/media?parent=36341"}],"wp:term":[{"taxonomy":"category","embeddable":true,"href":"https:\/\/www.radlobby.org\/noe\/wp-json\/wp\/v2\/categories?post=36341"},{"taxonomy":"post_tag","embeddable":true,"href":"https:\/\/www.radlobby.org\/noe\/wp-json\/wp\/v2\/tags?post=36341"}],"curies":[{"name":"wp","href":"https:\/\/api.w.org\/{rel}","templated":true}]}}