{"id":36272,"date":"2024-08-30T13:59:29","date_gmt":"2024-08-30T11:59:29","guid":{"rendered":"https:\/\/www.radlobby.org\/noe\/?p=36272"},"modified":"2024-08-30T14:03:33","modified_gmt":"2024-08-30T12:03:33","slug":"podiumsdiskussion-radfahren-in-und-um-in-bruck-an-der-leitha-wie-geht-es-weiter","status":"publish","type":"post","link":"https:\/\/www.radlobby.org\/noe\/podiumsdiskussion-radfahren-in-und-um-in-bruck-an-der-leitha-wie-geht-es-weiter\/","title":{"rendered":"Podiumsdiskussion: Radfahren in und um in Bruck an der Leitha &#8211; Wie geht es weiter?"},"content":{"rendered":"<p><strong>Wann<\/strong><br \/>\n17. September 2024, 19:00 Uhr<\/p>\n<p><strong>Wo<\/strong><br \/>\nStadttheater Bruck an der Leitha,<\/p>\n<p>freier Eintritt<\/p>\n<p><strong>Was<\/strong><br \/>\nDie Radlobby Bruck an der Leitha l\u00e4dt anl\u00e4sslich der Europ\u00e4ischen Mobilit\u00e4tswoche zur Podiumsdiskussion zur Zukunft des Radfahrens in Bruck an der Leitha.<\/p>\n<ul>\n<li><strong>Diskutant:innen<\/strong><br \/>\nDieter Schmidradler, Verkehrswende.at (Verkehrswende: Die Antworten der Politik)<\/li>\n<li>Isabella Grosinger, N\u00d6 regional<\/li>\n<li>Roland Romano, Sprecher Radlobby \u00d6sterreich<\/li>\n<li>Peter Wallaszkovitz, Mobilit\u00e4tszentrale Burgenland<\/li>\n<li>Wolfgang Hohenauer, Radlobby Bruck an der Leitha<\/li>\n<\/ul>\n<p>Moderation: Maria Z\u00f6gernitz, Vorstandsmitglied Radlobby Nieder\u00f6sterreich<\/p>\n<p>&nbsp;<\/p>\n<p>&nbsp;<\/p>\n<p>&nbsp;<\/p>\n<p>&nbsp;<\/p>\n","protected":false},"excerpt":{"rendered":"<p>Die Radlobby Bruck an der Leitha l\u00e4dt zur Podiumsdiskussion zur Zukunft des Radfahrens in Bruck an der Leitha.<\/p>\n","protected":false},"author":33,"featured_media":0,"comment_status":"closed","ping_status":"closed","sticky":false,"template":"","format":"standard","meta":{"footnotes":""},"categories":[1,375],"tags":[90,718],"class_list":["post-36272","post","type-post","status-publish","format-standard","hentry","category-allgemein","category-bruck-an-der-leitha","tag-diskussion","tag-weiterarbeiten-austausch"],"yoast_head":"<!-- This site is optimized with the Yoast SEO plugin v26.9 - https:\/\/yoast.com\/product\/yoast-seo-wordpress\/ -->\n<title>Podiumsdiskussion: Radfahren in und um in Bruck an der Leitha - Wie geht es weiter? - Radlobby Nieder\u00f6sterreich<\/title>\n<meta name=\"robots\" content=\"index, follow, max-snippet:-1, max-image-preview:large, max-video-preview:-1\" \/>\n<link rel=\"canonical\" href=\"https:\/\/www.radlobby.org\/noe\/podiumsdiskussion-radfahren-in-und-um-in-bruck-an-der-leitha-wie-geht-es-weiter\/\" \/>\n<meta property=\"og:locale\" content=\"de_DE\" \/>\n<meta property=\"og:type\" content=\"article\" \/>\n<meta property=\"og:title\" content=\"Podiumsdiskussion: Radfahren in und um in Bruck an der Leitha - Wie geht es weiter? - Radlobby Nieder\u00f6sterreich\" \/>\n<meta property=\"og:description\" content=\"Die Radlobby Bruck an der Leitha l\u00e4dt zur Podiumsdiskussion zur Zukunft des Radfahrens in Bruck an der Leitha.\" \/>\n<meta property=\"og:url\" content=\"https:\/\/www.radlobby.org\/noe\/podiumsdiskussion-radfahren-in-und-um-in-bruck-an-der-leitha-wie-geht-es-weiter\/\" \/>\n<meta property=\"og:site_name\" content=\"Radlobby Nieder\u00f6sterreich\" \/>\n<meta property=\"article:publisher\" content=\"https:\/\/www.facebook.com\/groups\/radfahren.in.noe\/\" \/>\n<meta property=\"article:published_time\" content=\"2024-08-30T11:59:29+00:00\" \/>\n<meta property=\"article:modified_time\" content=\"2024-08-30T12:03:33+00:00\" \/>\n<meta property=\"og:image\" content=\"https:\/\/www.radlobby.org\/noe\/wp-content\/uploads\/20200101-RLWN-Neujahrsaradeln-DSC_0105a_1900px-1.jpg\" \/>\n\t<meta property=\"og:image:width\" content=\"1900\" \/>\n\t<meta property=\"og:image:height\" content=\"770\" \/>\n\t<meta property=\"og:image:type\" content=\"image\/jpeg\" \/>\n<meta name=\"author\" content=\"Maria Z\u00f6gernitz\" \/>\n<meta name=\"twitter:card\" content=\"summary_large_image\" \/>\n<meta name=\"twitter:label1\" content=\"Verfasst von\" \/>\n\t<meta name=\"twitter:data1\" content=\"Maria Z\u00f6gernitz\" \/>\n\t<meta name=\"twitter:label2\" content=\"Gesch\u00e4tzte Lesezeit\" \/>\n\t<meta name=\"twitter:data2\" content=\"1\u00a0Minute\" \/>\n<script type=\"application\/ld+json\" class=\"yoast-schema-graph\">{\"@context\":\"https:\/\/schema.org\",\"@graph\":[{\"@type\":\"Article\",\"@id\":\"https:\/\/www.radlobby.org\/noe\/podiumsdiskussion-radfahren-in-und-um-in-bruck-an-der-leitha-wie-geht-es-weiter\/#article\",\"isPartOf\":{\"@id\":\"https:\/\/www.radlobby.org\/noe\/podiumsdiskussion-radfahren-in-und-um-in-bruck-an-der-leitha-wie-geht-es-weiter\/\"},\"author\":{\"name\":\"Maria Z\u00f6gernitz\",\"@id\":\"https:\/\/www.radlobby.org\/noe\/#\/schema\/person\/d1ad6d77ec2ff1837830735b5f074c95\"},\"headline\":\"Podiumsdiskussion: Radfahren in und um in Bruck an der Leitha &#8211; Wie geht es weiter?\",\"datePublished\":\"2024-08-30T11:59:29+00:00\",\"dateModified\":\"2024-08-30T12:03:33+00:00\",\"mainEntityOfPage\":{\"@id\":\"https:\/\/www.radlobby.org\/noe\/podiumsdiskussion-radfahren-in-und-um-in-bruck-an-der-leitha-wie-geht-es-weiter\/\"},\"wordCount\":97,\"publisher\":{\"@id\":\"https:\/\/www.radlobby.org\/noe\/#organization\"},\"keywords\":[\"Diskussion\",\"Weiterarbeiten Austausch\"],\"articleSection\":{\"1\":\"Radlobby Bruck an der Leitha\"},\"inLanguage\":\"de\"},{\"@type\":\"WebPage\",\"@id\":\"https:\/\/www.radlobby.org\/noe\/podiumsdiskussion-radfahren-in-und-um-in-bruck-an-der-leitha-wie-geht-es-weiter\/\",\"url\":\"https:\/\/www.radlobby.org\/noe\/podiumsdiskussion-radfahren-in-und-um-in-bruck-an-der-leitha-wie-geht-es-weiter\/\",\"name\":\"Podiumsdiskussion: Radfahren in und um in Bruck an der Leitha - Wie geht es weiter? - Radlobby Nieder\u00f6sterreich\",\"isPartOf\":{\"@id\":\"https:\/\/www.radlobby.org\/noe\/#website\"},\"datePublished\":\"2024-08-30T11:59:29+00:00\",\"dateModified\":\"2024-08-30T12:03:33+00:00\",\"breadcrumb\":{\"@id\":\"https:\/\/www.radlobby.org\/noe\/podiumsdiskussion-radfahren-in-und-um-in-bruck-an-der-leitha-wie-geht-es-weiter\/#breadcrumb\"},\"inLanguage\":\"de\",\"potentialAction\":[{\"@type\":\"ReadAction\",\"target\":[\"https:\/\/www.radlobby.org\/noe\/podiumsdiskussion-radfahren-in-und-um-in-bruck-an-der-leitha-wie-geht-es-weiter\/\"]}]},{\"@type\":\"BreadcrumbList\",\"@id\":\"https:\/\/www.radlobby.org\/noe\/podiumsdiskussion-radfahren-in-und-um-in-bruck-an-der-leitha-wie-geht-es-weiter\/#breadcrumb\",\"itemListElement\":[{\"@type\":\"ListItem\",\"position\":1,\"name\":\"Startseite\",\"item\":\"https:\/\/www.radlobby.org\/noe\/\"},{\"@type\":\"ListItem\",\"position\":2,\"name\":\"Podiumsdiskussion: Radfahren in und um in Bruck an der Leitha &#8211; Wie geht es weiter?\"}]},{\"@type\":\"WebSite\",\"@id\":\"https:\/\/www.radlobby.org\/noe\/#website\",\"url\":\"https:\/\/www.radlobby.org\/noe\/\",\"name\":\"Radlobby Nieder\u00f6sterreich\",\"description\":\"Radverkehr, Fahrrad, Radfahren, Radreisen, Radtouren, Radweg\",\"publisher\":{\"@id\":\"https:\/\/www.radlobby.org\/noe\/#organization\"},\"potentialAction\":[{\"@type\":\"SearchAction\",\"target\":{\"@type\":\"EntryPoint\",\"urlTemplate\":\"https:\/\/www.radlobby.org\/noe\/?s={search_term_string}\"},\"query-input\":{\"@type\":\"PropertyValueSpecification\",\"valueRequired\":true,\"valueName\":\"search_term_string\"}}],\"inLanguage\":\"de\"},{\"@type\":\"Organization\",\"@id\":\"https:\/\/www.radlobby.org\/noe\/#organization\",\"name\":\"Radlobby Nieder\u00f6sterreich\",\"url\":\"https:\/\/www.radlobby.org\/noe\/\",\"logo\":{\"@type\":\"ImageObject\",\"inLanguage\":\"de\",\"@id\":\"https:\/\/www.radlobby.org\/noe\/#\/schema\/logo\/image\/\",\"url\":\"https:\/\/www.radlobby.org\/noe\/wp-content\/uploads\/2017\/01\/cropped-Logo_Radlobby_Niederoesterreich_50-400px_quer-1.jpg\",\"contentUrl\":\"https:\/\/www.radlobby.org\/noe\/wp-content\/uploads\/2017\/01\/cropped-Logo_Radlobby_Niederoesterreich_50-400px_quer-1.jpg\",\"width\":450,\"height\":124,\"caption\":\"Radlobby Nieder\u00f6sterreich\"},\"image\":{\"@id\":\"https:\/\/www.radlobby.org\/noe\/#\/schema\/logo\/image\/\"},\"sameAs\":[\"https:\/\/www.facebook.com\/groups\/radfahren.in.noe\/\"]},{\"@type\":\"Person\",\"@id\":\"https:\/\/www.radlobby.org\/noe\/#\/schema\/person\/d1ad6d77ec2ff1837830735b5f074c95\",\"name\":\"Maria Z\u00f6gernitz\",\"image\":{\"@type\":\"ImageObject\",\"inLanguage\":\"de\",\"@id\":\"https:\/\/www.radlobby.org\/noe\/#\/schema\/person\/image\/\",\"url\":\"https:\/\/secure.gravatar.com\/avatar\/f0ec056831cd418e44e25a41becb89b06234dc4c32d644fddd8329785f26d862?s=96&d=mm&r=g\",\"contentUrl\":\"https:\/\/secure.gravatar.com\/avatar\/f0ec056831cd418e44e25a41becb89b06234dc4c32d644fddd8329785f26d862?s=96&d=mm&r=g\",\"caption\":\"Maria Z\u00f6gernitz\"},\"description\":\"Ortsgruppe St. P\u00f6lten\",\"url\":\"https:\/\/www.radlobby.org\/noe\/author\/maria-zoegernitz\/\"}]}<\/script>\n<!-- \/ Yoast SEO plugin. -->","yoast_head_json":{"title":"Podiumsdiskussion: Radfahren in und um in Bruck an der Leitha - Wie geht es weiter? - Radlobby Nieder\u00f6sterreich","robots":{"index":"index","follow":"follow","max-snippet":"max-snippet:-1","max-image-preview":"max-image-preview:large","max-video-preview":"max-video-preview:-1"},"canonical":"https:\/\/www.radlobby.org\/noe\/podiumsdiskussion-radfahren-in-und-um-in-bruck-an-der-leitha-wie-geht-es-weiter\/","og_locale":"de_DE","og_type":"article","og_title":"Podiumsdiskussion: Radfahren in und um in Bruck an der Leitha - Wie geht es weiter? - Radlobby Nieder\u00f6sterreich","og_description":"Die Radlobby Bruck an der Leitha l\u00e4dt zur Podiumsdiskussion zur Zukunft des Radfahrens in Bruck an der Leitha.","og_url":"https:\/\/www.radlobby.org\/noe\/podiumsdiskussion-radfahren-in-und-um-in-bruck-an-der-leitha-wie-geht-es-weiter\/","og_site_name":"Radlobby Nieder\u00f6sterreich","article_publisher":"https:\/\/www.facebook.com\/groups\/radfahren.in.noe\/","article_published_time":"2024-08-30T11:59:29+00:00","article_modified_time":"2024-08-30T12:03:33+00:00","og_image":[{"width":1900,"height":770,"url":"https:\/\/www.radlobby.org\/noe\/wp-content\/uploads\/20200101-RLWN-Neujahrsaradeln-DSC_0105a_1900px-1.jpg","type":"image\/jpeg"}],"author":"Maria Z\u00f6gernitz","twitter_card":"summary_large_image","twitter_misc":{"Verfasst von":"Maria Z\u00f6gernitz","Gesch\u00e4tzte Lesezeit":"1\u00a0Minute"},"schema":{"@context":"https:\/\/schema.org","@graph":[{"@type":"Article","@id":"https:\/\/www.radlobby.org\/noe\/podiumsdiskussion-radfahren-in-und-um-in-bruck-an-der-leitha-wie-geht-es-weiter\/#article","isPartOf":{"@id":"https:\/\/www.radlobby.org\/noe\/podiumsdiskussion-radfahren-in-und-um-in-bruck-an-der-leitha-wie-geht-es-weiter\/"},"author":{"name":"Maria Z\u00f6gernitz","@id":"https:\/\/www.radlobby.org\/noe\/#\/schema\/person\/d1ad6d77ec2ff1837830735b5f074c95"},"headline":"Podiumsdiskussion: Radfahren in und um in Bruck an der Leitha &#8211; Wie geht es weiter?","datePublished":"2024-08-30T11:59:29+00:00","dateModified":"2024-08-30T12:03:33+00:00","mainEntityOfPage":{"@id":"https:\/\/www.radlobby.org\/noe\/podiumsdiskussion-radfahren-in-und-um-in-bruck-an-der-leitha-wie-geht-es-weiter\/"},"wordCount":97,"publisher":{"@id":"https:\/\/www.radlobby.org\/noe\/#organization"},"keywords":["Diskussion","Weiterarbeiten Austausch"],"articleSection":{"1":"Radlobby Bruck an der Leitha"},"inLanguage":"de"},{"@type":"WebPage","@id":"https:\/\/www.radlobby.org\/noe\/podiumsdiskussion-radfahren-in-und-um-in-bruck-an-der-leitha-wie-geht-es-weiter\/","url":"https:\/\/www.radlobby.org\/noe\/podiumsdiskussion-radfahren-in-und-um-in-bruck-an-der-leitha-wie-geht-es-weiter\/","name":"Podiumsdiskussion: Radfahren in und um in Bruck an der Leitha - Wie geht es weiter? - Radlobby Nieder\u00f6sterreich","isPartOf":{"@id":"https:\/\/www.radlobby.org\/noe\/#website"},"datePublished":"2024-08-30T11:59:29+00:00","dateModified":"2024-08-30T12:03:33+00:00","breadcrumb":{"@id":"https:\/\/www.radlobby.org\/noe\/podiumsdiskussion-radfahren-in-und-um-in-bruck-an-der-leitha-wie-geht-es-weiter\/#breadcrumb"},"inLanguage":"de","potentialAction":[{"@type":"ReadAction","target":["https:\/\/www.radlobby.org\/noe\/podiumsdiskussion-radfahren-in-und-um-in-bruck-an-der-leitha-wie-geht-es-weiter\/"]}]},{"@type":"BreadcrumbList","@id":"https:\/\/www.radlobby.org\/noe\/podiumsdiskussion-radfahren-in-und-um-in-bruck-an-der-leitha-wie-geht-es-weiter\/#breadcrumb","itemListElement":[{"@type":"ListItem","position":1,"name":"Startseite","item":"https:\/\/www.radlobby.org\/noe\/"},{"@type":"ListItem","position":2,"name":"Podiumsdiskussion: Radfahren in und um in Bruck an der Leitha &#8211; Wie geht es weiter?"}]},{"@type":"WebSite","@id":"https:\/\/www.radlobby.org\/noe\/#website","url":"https:\/\/www.radlobby.org\/noe\/","name":"Radlobby Nieder\u00f6sterreich","description":"Radverkehr, Fahrrad, Radfahren, Radreisen, Radtouren, Radweg","publisher":{"@id":"https:\/\/www.radlobby.org\/noe\/#organization"},"potentialAction":[{"@type":"SearchAction","target":{"@type":"EntryPoint","urlTemplate":"https:\/\/www.radlobby.org\/noe\/?s={search_term_string}"},"query-input":{"@type":"PropertyValueSpecification","valueRequired":true,"valueName":"search_term_string"}}],"inLanguage":"de"},{"@type":"Organization","@id":"https:\/\/www.radlobby.org\/noe\/#organization","name":"Radlobby Nieder\u00f6sterreich","url":"https:\/\/www.radlobby.org\/noe\/","logo":{"@type":"ImageObject","inLanguage":"de","@id":"https:\/\/www.radlobby.org\/noe\/#\/schema\/logo\/image\/","url":"https:\/\/www.radlobby.org\/noe\/wp-content\/uploads\/2017\/01\/cropped-Logo_Radlobby_Niederoesterreich_50-400px_quer-1.jpg","contentUrl":"https:\/\/www.radlobby.org\/noe\/wp-content\/uploads\/2017\/01\/cropped-Logo_Radlobby_Niederoesterreich_50-400px_quer-1.jpg","width":450,"height":124,"caption":"Radlobby Nieder\u00f6sterreich"},"image":{"@id":"https:\/\/www.radlobby.org\/noe\/#\/schema\/logo\/image\/"},"sameAs":["https:\/\/www.facebook.com\/groups\/radfahren.in.noe\/"]},{"@type":"Person","@id":"https:\/\/www.radlobby.org\/noe\/#\/schema\/person\/d1ad6d77ec2ff1837830735b5f074c95","name":"Maria Z\u00f6gernitz","image":{"@type":"ImageObject","inLanguage":"de","@id":"https:\/\/www.radlobby.org\/noe\/#\/schema\/person\/image\/","url":"https:\/\/secure.gravatar.com\/avatar\/f0ec056831cd418e44e25a41becb89b06234dc4c32d644fddd8329785f26d862?s=96&d=mm&r=g","contentUrl":"https:\/\/secure.gravatar.com\/avatar\/f0ec056831cd418e44e25a41becb89b06234dc4c32d644fddd8329785f26d862?s=96&d=mm&r=g","caption":"Maria Z\u00f6gernitz"},"description":"Ortsgruppe St. P\u00f6lten","url":"https:\/\/www.radlobby.org\/noe\/author\/maria-zoegernitz\/"}]}},"_links":{"self":[{"href":"https:\/\/www.radlobby.org\/noe\/wp-json\/wp\/v2\/posts\/36272","targetHints":{"allow":["GET"]}}],"collection":[{"href":"https:\/\/www.radlobby.org\/noe\/wp-json\/wp\/v2\/posts"}],"about":[{"href":"https:\/\/www.radlobby.org\/noe\/wp-json\/wp\/v2\/types\/post"}],"author":[{"embeddable":true,"href":"https:\/\/www.radlobby.org\/noe\/wp-json\/wp\/v2\/users\/33"}],"replies":[{"embeddable":true,"href":"https:\/\/www.radlobby.org\/noe\/wp-json\/wp\/v2\/comments?post=36272"}],"version-history":[{"count":2,"href":"https:\/\/www.radlobby.org\/noe\/wp-json\/wp\/v2\/posts\/36272\/revisions"}],"predecessor-version":[{"id":36274,"href":"https:\/\/www.radlobby.org\/noe\/wp-json\/wp\/v2\/posts\/36272\/revisions\/36274"}],"wp:attachment":[{"href":"https:\/\/www.radlobby.org\/noe\/wp-json\/wp\/v2\/media?parent=36272"}],"wp:term":[{"taxonomy":"category","embeddable":true,"href":"https:\/\/www.radlobby.org\/noe\/wp-json\/wp\/v2\/categories?post=36272"},{"taxonomy":"post_tag","embeddable":true,"href":"https:\/\/www.radlobby.org\/noe\/wp-json\/wp\/v2\/tags?post=36272"}],"curies":[{"name":"wp","href":"https:\/\/api.w.org\/{rel}","templated":true}]}}