{"id":36208,"date":"2024-09-01T13:03:13","date_gmt":"2024-09-01T11:03:13","guid":{"rendered":"https:\/\/www.radlobby.org\/noe\/?p=36208"},"modified":"2026-04-01T12:46:52","modified_gmt":"2026-04-01T10:46:52","slug":"2-radparade-in-baden-am-15-09-2024","status":"publish","type":"post","link":"https:\/\/www.radlobby.org\/noe\/2-radparade-in-baden-am-15-09-2024\/","title":{"rendered":"Baden | 2. Radparade in Baden am 15.9.2024 &#8211; abgesagt!!!"},"content":{"rendered":"<h1>2. Radparade Baden &#8211; abgesagt!<\/h1>\n<h2>(aufgrund des Schlechtwetters)<\/h2>\n<h2><del>am 15.9.2024<\/del><\/h2>\n<h5><del><strong><strong><span style=\"font-family: helvetica, arial, sans-serif;\">Nun ist es bald so weit: In Baden bei Wien findet die zweite Radparade der Radlobby Baden statt.<\/span><\/strong><\/strong><\/p>\n<figure id=\"attachment_36545\" aria-describedby=\"caption-attachment-36545\" style=\"width: 192px\" class=\"wp-caption alignright\"><a href=\"https:\/\/www.radlobby.org\/noe\/wp-content\/uploads\/signal-2024-09-13-155812_002.jpeg\" data-src=\"https:\/\/www.radlobby.org\/noe\/wp-content\/uploads\/signal-2024-09-13-155812_002.jpeg\" data-thumb=\"https:\/\/www.radlobby.org\/noe\/wp-content\/uploads\/signal-2024-09-13-155812_002-192x300.jpeg\" class=\"ml-lightbox-enabled\"><img loading=\"lazy\" decoding=\"async\" class=\"wp-image-36545 size-medium\" src=\"https:\/\/www.radlobby.org\/noe\/wp-content\/uploads\/signal-2024-09-13-155812_002-192x300.jpeg\" alt=\"\" width=\"192\" height=\"300\" srcset=\"https:\/\/www.radlobby.org\/noe\/wp-content\/uploads\/signal-2024-09-13-155812_002-192x300.jpeg 192w, https:\/\/www.radlobby.org\/noe\/wp-content\/uploads\/signal-2024-09-13-155812_002.jpeg 720w\" sizes=\"auto, (max-width: 192px) 100vw, 192px\" \/><\/a><figcaption id=\"caption-attachment-36545\" class=\"wp-caption-text\">Bildrechte: Radlobby<\/figcaption><\/figure>\n<p><\/del><\/h5>\n<h4><del>Wann?<\/del><\/h4>\n<p><del>Sonntag 15.September 2024, 10.00<\/del><\/p>\n<h4><del>Wo?<\/del><\/h4>\n<p><del>Arthur Schnitzler Park (Bahnhof Baden)<\/del><\/p>\n<h4><del>Abfahrt &amp; Route:<\/del><\/h4>\n<p><del>10.30 Abfahrt, ca. 10 km lange Route durch Baden<\/del><\/p>\n<h4><del>Ende:<\/del><\/h4>\n<p><del>11.30 Ankunft beim Gymnasium Biondekgasse<\/del><\/p>\n<h4><del>Ausklang:<\/del><\/h4>\n<p><del>Optionaler Ausklang beim Heuriger<\/del><\/p>\n<h2><strong><span style=\"font-family: helvetica, arial, sans-serif;\">Was ist eine Radparade?<\/span><\/strong><\/h2>\n<p><span style=\"font-family: helvetica, arial, sans-serif;\">Eine Radparade ist ein bunter und fr\u00f6hlicher Zug aus vielen verschiedenen Radfahrenden, die gemeinsam durch die normalerweise oft stark befahrenen Stra\u00dfen von Baden fahren. In gem\u00e4chlichem Tempo und auf einer flachen ca. 10 km langen Strecke geht es durch gro\u00dfe Teile von Baden, vorbei am Josephsplatz, Strandbad, usw. \u2026 Die Sicherheit auf den Stra\u00dfen wird durch Polizei und Mitglieder der Radlobby Baden gew\u00e4hrleistet, die darauf achten, dass keine Fahrzeuge in den Paraden-Zug gelangen. F\u00fcr Spa\u00df und Aufmerksamkeit sorgt Musik aus Lautsprechern auf Radanh\u00e4ngern, aber auch das Klingeln mit der Fahrradklingel ist jederzeit erlaubt. Bei dem gem\u00fctlichen Tempo nutzen viele Mitfahrenden die Gelegenheit neue Leute kennenzulernen oder einfach mit ihren Bekannten zu plaudern.<\/span><\/p>\n<p>&nbsp;<\/p>\n<h4>Kontakt:<\/h4>\n<p><a href=\"mailto:baden@radlobby.at\">baden@radlobby.at<\/a><\/p>\n<p>&nbsp;<\/p>\n<p>[BadV\u00f6slau_Radparaden]<\/p>\n","protected":false},"excerpt":{"rendered":"<p>2. Radparade Baden &#8211; abgesagt! (aufgrund des Schlechtwetters) am 15.9.2024 Nun ist es bald so weit: In Baden bei Wien findet die zweite Radparade der Radlobby Baden statt. Wann? Sonntag 15.September 2024, 10.00 Wo? Arthur Schnitzler Park (Bahnhof Baden) Abfahrt<\/p>\n","protected":false},"author":65,"featured_media":36545,"comment_status":"closed","ping_status":"closed","sticky":false,"template":"","format":"standard","meta":{"footnotes":""},"categories":[547,195,20],"tags":[],"class_list":["post-36208","post","type-post","status-publish","format-standard","has-post-thumbnail","hentry","category-badvoeslau","category-baden","category-niederoesterreich"],"yoast_head":"<!-- This site is optimized with the Yoast SEO plugin v26.9 - https:\/\/yoast.com\/product\/yoast-seo-wordpress\/ -->\n<title>Baden | 2. Radparade in Baden am 15.9.2024 - abgesagt!!! - Radlobby Nieder\u00f6sterreich<\/title>\n<meta name=\"robots\" content=\"index, follow, max-snippet:-1, max-image-preview:large, max-video-preview:-1\" \/>\n<link rel=\"canonical\" href=\"https:\/\/www.radlobby.org\/noe\/2-radparade-in-baden-am-15-09-2024\/\" \/>\n<meta property=\"og:locale\" content=\"de_DE\" \/>\n<meta property=\"og:type\" content=\"article\" \/>\n<meta property=\"og:title\" content=\"Baden | 2. Radparade in Baden am 15.9.2024 - abgesagt!!! - Radlobby Nieder\u00f6sterreich\" \/>\n<meta property=\"og:description\" content=\"2. Radparade Baden &#8211; abgesagt! (aufgrund des Schlechtwetters) am 15.9.2024 Nun ist es bald so weit: In Baden bei Wien findet die zweite Radparade der Radlobby Baden statt. Wann? Sonntag 15.September 2024, 10.00 Wo? Arthur Schnitzler Park (Bahnhof Baden) Abfahrt\" \/>\n<meta property=\"og:url\" content=\"https:\/\/www.radlobby.org\/noe\/2-radparade-in-baden-am-15-09-2024\/\" \/>\n<meta property=\"og:site_name\" content=\"Radlobby Nieder\u00f6sterreich\" \/>\n<meta property=\"article:publisher\" content=\"https:\/\/www.facebook.com\/groups\/radfahren.in.noe\/\" \/>\n<meta property=\"article:published_time\" content=\"2024-09-01T11:03:13+00:00\" \/>\n<meta property=\"article:modified_time\" content=\"2026-04-01T10:46:52+00:00\" \/>\n<meta property=\"og:image\" content=\"https:\/\/www.radlobby.org\/noe\/wp-content\/uploads\/signal-2024-09-13-155812_002.jpeg\" \/>\n\t<meta property=\"og:image:width\" content=\"720\" \/>\n\t<meta property=\"og:image:height\" content=\"1124\" \/>\n\t<meta property=\"og:image:type\" content=\"image\/jpeg\" \/>\n<meta name=\"author\" content=\"Laura Kafka\" \/>\n<meta name=\"twitter:card\" content=\"summary_large_image\" \/>\n<meta name=\"twitter:label1\" content=\"Verfasst von\" \/>\n\t<meta name=\"twitter:data1\" content=\"Laura Kafka\" \/>\n\t<meta name=\"twitter:label2\" content=\"Gesch\u00e4tzte Lesezeit\" \/>\n\t<meta name=\"twitter:data2\" content=\"2\u00a0Minuten\" \/>\n<script type=\"application\/ld+json\" class=\"yoast-schema-graph\">{\"@context\":\"https:\/\/schema.org\",\"@graph\":[{\"@type\":\"Article\",\"@id\":\"https:\/\/www.radlobby.org\/noe\/2-radparade-in-baden-am-15-09-2024\/#article\",\"isPartOf\":{\"@id\":\"https:\/\/www.radlobby.org\/noe\/2-radparade-in-baden-am-15-09-2024\/\"},\"author\":{\"name\":\"Laura Kafka\",\"@id\":\"https:\/\/www.radlobby.org\/noe\/#\/schema\/person\/3d46d5baaa32e9fab65201812c570448\"},\"headline\":\"Baden | 2. Radparade in Baden am 15.9.2024 &#8211; abgesagt!!!\",\"datePublished\":\"2024-09-01T11:03:13+00:00\",\"dateModified\":\"2026-04-01T10:46:52+00:00\",\"mainEntityOfPage\":{\"@id\":\"https:\/\/www.radlobby.org\/noe\/2-radparade-in-baden-am-15-09-2024\/\"},\"wordCount\":203,\"publisher\":{\"@id\":\"https:\/\/www.radlobby.org\/noe\/#organization\"},\"image\":{\"@id\":\"https:\/\/www.radlobby.org\/noe\/2-radparade-in-baden-am-15-09-2024\/#primaryimage\"},\"thumbnailUrl\":\"https:\/\/www.radlobby.org\/noe\/wp-content\/uploads\/signal-2024-09-13-155812_002.jpeg\",\"articleSection\":[\"Radlobby Bad V\u00f6slau\",\"Radlobby Baden\",\"Radlobby Nieder\u00f6sterreich\"],\"inLanguage\":\"de\"},{\"@type\":\"WebPage\",\"@id\":\"https:\/\/www.radlobby.org\/noe\/2-radparade-in-baden-am-15-09-2024\/\",\"url\":\"https:\/\/www.radlobby.org\/noe\/2-radparade-in-baden-am-15-09-2024\/\",\"name\":\"Baden | 2. Radparade in Baden am 15.9.2024 - abgesagt!!! - Radlobby Nieder\u00f6sterreich\",\"isPartOf\":{\"@id\":\"https:\/\/www.radlobby.org\/noe\/#website\"},\"primaryImageOfPage\":{\"@id\":\"https:\/\/www.radlobby.org\/noe\/2-radparade-in-baden-am-15-09-2024\/#primaryimage\"},\"image\":{\"@id\":\"https:\/\/www.radlobby.org\/noe\/2-radparade-in-baden-am-15-09-2024\/#primaryimage\"},\"thumbnailUrl\":\"https:\/\/www.radlobby.org\/noe\/wp-content\/uploads\/signal-2024-09-13-155812_002.jpeg\",\"datePublished\":\"2024-09-01T11:03:13+00:00\",\"dateModified\":\"2026-04-01T10:46:52+00:00\",\"breadcrumb\":{\"@id\":\"https:\/\/www.radlobby.org\/noe\/2-radparade-in-baden-am-15-09-2024\/#breadcrumb\"},\"inLanguage\":\"de\",\"potentialAction\":[{\"@type\":\"ReadAction\",\"target\":[\"https:\/\/www.radlobby.org\/noe\/2-radparade-in-baden-am-15-09-2024\/\"]}]},{\"@type\":\"ImageObject\",\"inLanguage\":\"de\",\"@id\":\"https:\/\/www.radlobby.org\/noe\/2-radparade-in-baden-am-15-09-2024\/#primaryimage\",\"url\":\"https:\/\/www.radlobby.org\/noe\/wp-content\/uploads\/signal-2024-09-13-155812_002.jpeg\",\"contentUrl\":\"https:\/\/www.radlobby.org\/noe\/wp-content\/uploads\/signal-2024-09-13-155812_002.jpeg\",\"width\":720,\"height\":1124},{\"@type\":\"BreadcrumbList\",\"@id\":\"https:\/\/www.radlobby.org\/noe\/2-radparade-in-baden-am-15-09-2024\/#breadcrumb\",\"itemListElement\":[{\"@type\":\"ListItem\",\"position\":1,\"name\":\"Startseite\",\"item\":\"https:\/\/www.radlobby.org\/noe\/\"},{\"@type\":\"ListItem\",\"position\":2,\"name\":\"Baden | 2. Radparade in Baden am 15.9.2024 &#8211; abgesagt!!!\"}]},{\"@type\":\"WebSite\",\"@id\":\"https:\/\/www.radlobby.org\/noe\/#website\",\"url\":\"https:\/\/www.radlobby.org\/noe\/\",\"name\":\"Radlobby Nieder\u00f6sterreich\",\"description\":\"Radverkehr, Fahrrad, Radfahren, Radreisen, Radtouren, Radweg\",\"publisher\":{\"@id\":\"https:\/\/www.radlobby.org\/noe\/#organization\"},\"potentialAction\":[{\"@type\":\"SearchAction\",\"target\":{\"@type\":\"EntryPoint\",\"urlTemplate\":\"https:\/\/www.radlobby.org\/noe\/?s={search_term_string}\"},\"query-input\":{\"@type\":\"PropertyValueSpecification\",\"valueRequired\":true,\"valueName\":\"search_term_string\"}}],\"inLanguage\":\"de\"},{\"@type\":\"Organization\",\"@id\":\"https:\/\/www.radlobby.org\/noe\/#organization\",\"name\":\"Radlobby Nieder\u00f6sterreich\",\"url\":\"https:\/\/www.radlobby.org\/noe\/\",\"logo\":{\"@type\":\"ImageObject\",\"inLanguage\":\"de\",\"@id\":\"https:\/\/www.radlobby.org\/noe\/#\/schema\/logo\/image\/\",\"url\":\"https:\/\/www.radlobby.org\/noe\/wp-content\/uploads\/2017\/01\/cropped-Logo_Radlobby_Niederoesterreich_50-400px_quer-1.jpg\",\"contentUrl\":\"https:\/\/www.radlobby.org\/noe\/wp-content\/uploads\/2017\/01\/cropped-Logo_Radlobby_Niederoesterreich_50-400px_quer-1.jpg\",\"width\":450,\"height\":124,\"caption\":\"Radlobby Nieder\u00f6sterreich\"},\"image\":{\"@id\":\"https:\/\/www.radlobby.org\/noe\/#\/schema\/logo\/image\/\"},\"sameAs\":[\"https:\/\/www.facebook.com\/groups\/radfahren.in.noe\/\"]},{\"@type\":\"Person\",\"@id\":\"https:\/\/www.radlobby.org\/noe\/#\/schema\/person\/3d46d5baaa32e9fab65201812c570448\",\"name\":\"Laura Kafka\",\"image\":{\"@type\":\"ImageObject\",\"inLanguage\":\"de\",\"@id\":\"https:\/\/www.radlobby.org\/noe\/#\/schema\/person\/image\/\",\"url\":\"https:\/\/secure.gravatar.com\/avatar\/141ec437f27b3084bc6c91857d881288555812a76d2e9c6af9f4ba5f626465e7?s=96&d=mm&r=g\",\"contentUrl\":\"https:\/\/secure.gravatar.com\/avatar\/141ec437f27b3084bc6c91857d881288555812a76d2e9c6af9f4ba5f626465e7?s=96&d=mm&r=g\",\"caption\":\"Laura Kafka\"},\"url\":\"https:\/\/www.radlobby.org\/noe\/author\/laura-kafka\/\"}]}<\/script>\n<!-- \/ Yoast SEO plugin. -->","yoast_head_json":{"title":"Baden | 2. Radparade in Baden am 15.9.2024 - abgesagt!!! - Radlobby Nieder\u00f6sterreich","robots":{"index":"index","follow":"follow","max-snippet":"max-snippet:-1","max-image-preview":"max-image-preview:large","max-video-preview":"max-video-preview:-1"},"canonical":"https:\/\/www.radlobby.org\/noe\/2-radparade-in-baden-am-15-09-2024\/","og_locale":"de_DE","og_type":"article","og_title":"Baden | 2. Radparade in Baden am 15.9.2024 - abgesagt!!! - Radlobby Nieder\u00f6sterreich","og_description":"2. Radparade Baden &#8211; abgesagt! (aufgrund des Schlechtwetters) am 15.9.2024 Nun ist es bald so weit: In Baden bei Wien findet die zweite Radparade der Radlobby Baden statt. Wann? Sonntag 15.September 2024, 10.00 Wo? Arthur Schnitzler Park (Bahnhof Baden) Abfahrt","og_url":"https:\/\/www.radlobby.org\/noe\/2-radparade-in-baden-am-15-09-2024\/","og_site_name":"Radlobby Nieder\u00f6sterreich","article_publisher":"https:\/\/www.facebook.com\/groups\/radfahren.in.noe\/","article_published_time":"2024-09-01T11:03:13+00:00","article_modified_time":"2026-04-01T10:46:52+00:00","og_image":[{"width":720,"height":1124,"url":"https:\/\/www.radlobby.org\/noe\/wp-content\/uploads\/signal-2024-09-13-155812_002.jpeg","type":"image\/jpeg"}],"author":"Laura Kafka","twitter_card":"summary_large_image","twitter_misc":{"Verfasst von":"Laura Kafka","Gesch\u00e4tzte Lesezeit":"2\u00a0Minuten"},"schema":{"@context":"https:\/\/schema.org","@graph":[{"@type":"Article","@id":"https:\/\/www.radlobby.org\/noe\/2-radparade-in-baden-am-15-09-2024\/#article","isPartOf":{"@id":"https:\/\/www.radlobby.org\/noe\/2-radparade-in-baden-am-15-09-2024\/"},"author":{"name":"Laura Kafka","@id":"https:\/\/www.radlobby.org\/noe\/#\/schema\/person\/3d46d5baaa32e9fab65201812c570448"},"headline":"Baden | 2. Radparade in Baden am 15.9.2024 &#8211; abgesagt!!!","datePublished":"2024-09-01T11:03:13+00:00","dateModified":"2026-04-01T10:46:52+00:00","mainEntityOfPage":{"@id":"https:\/\/www.radlobby.org\/noe\/2-radparade-in-baden-am-15-09-2024\/"},"wordCount":203,"publisher":{"@id":"https:\/\/www.radlobby.org\/noe\/#organization"},"image":{"@id":"https:\/\/www.radlobby.org\/noe\/2-radparade-in-baden-am-15-09-2024\/#primaryimage"},"thumbnailUrl":"https:\/\/www.radlobby.org\/noe\/wp-content\/uploads\/signal-2024-09-13-155812_002.jpeg","articleSection":["Radlobby Bad V\u00f6slau","Radlobby Baden","Radlobby Nieder\u00f6sterreich"],"inLanguage":"de"},{"@type":"WebPage","@id":"https:\/\/www.radlobby.org\/noe\/2-radparade-in-baden-am-15-09-2024\/","url":"https:\/\/www.radlobby.org\/noe\/2-radparade-in-baden-am-15-09-2024\/","name":"Baden | 2. Radparade in Baden am 15.9.2024 - abgesagt!!! - Radlobby Nieder\u00f6sterreich","isPartOf":{"@id":"https:\/\/www.radlobby.org\/noe\/#website"},"primaryImageOfPage":{"@id":"https:\/\/www.radlobby.org\/noe\/2-radparade-in-baden-am-15-09-2024\/#primaryimage"},"image":{"@id":"https:\/\/www.radlobby.org\/noe\/2-radparade-in-baden-am-15-09-2024\/#primaryimage"},"thumbnailUrl":"https:\/\/www.radlobby.org\/noe\/wp-content\/uploads\/signal-2024-09-13-155812_002.jpeg","datePublished":"2024-09-01T11:03:13+00:00","dateModified":"2026-04-01T10:46:52+00:00","breadcrumb":{"@id":"https:\/\/www.radlobby.org\/noe\/2-radparade-in-baden-am-15-09-2024\/#breadcrumb"},"inLanguage":"de","potentialAction":[{"@type":"ReadAction","target":["https:\/\/www.radlobby.org\/noe\/2-radparade-in-baden-am-15-09-2024\/"]}]},{"@type":"ImageObject","inLanguage":"de","@id":"https:\/\/www.radlobby.org\/noe\/2-radparade-in-baden-am-15-09-2024\/#primaryimage","url":"https:\/\/www.radlobby.org\/noe\/wp-content\/uploads\/signal-2024-09-13-155812_002.jpeg","contentUrl":"https:\/\/www.radlobby.org\/noe\/wp-content\/uploads\/signal-2024-09-13-155812_002.jpeg","width":720,"height":1124},{"@type":"BreadcrumbList","@id":"https:\/\/www.radlobby.org\/noe\/2-radparade-in-baden-am-15-09-2024\/#breadcrumb","itemListElement":[{"@type":"ListItem","position":1,"name":"Startseite","item":"https:\/\/www.radlobby.org\/noe\/"},{"@type":"ListItem","position":2,"name":"Baden | 2. Radparade in Baden am 15.9.2024 &#8211; abgesagt!!!"}]},{"@type":"WebSite","@id":"https:\/\/www.radlobby.org\/noe\/#website","url":"https:\/\/www.radlobby.org\/noe\/","name":"Radlobby Nieder\u00f6sterreich","description":"Radverkehr, Fahrrad, Radfahren, Radreisen, Radtouren, Radweg","publisher":{"@id":"https:\/\/www.radlobby.org\/noe\/#organization"},"potentialAction":[{"@type":"SearchAction","target":{"@type":"EntryPoint","urlTemplate":"https:\/\/www.radlobby.org\/noe\/?s={search_term_string}"},"query-input":{"@type":"PropertyValueSpecification","valueRequired":true,"valueName":"search_term_string"}}],"inLanguage":"de"},{"@type":"Organization","@id":"https:\/\/www.radlobby.org\/noe\/#organization","name":"Radlobby Nieder\u00f6sterreich","url":"https:\/\/www.radlobby.org\/noe\/","logo":{"@type":"ImageObject","inLanguage":"de","@id":"https:\/\/www.radlobby.org\/noe\/#\/schema\/logo\/image\/","url":"https:\/\/www.radlobby.org\/noe\/wp-content\/uploads\/2017\/01\/cropped-Logo_Radlobby_Niederoesterreich_50-400px_quer-1.jpg","contentUrl":"https:\/\/www.radlobby.org\/noe\/wp-content\/uploads\/2017\/01\/cropped-Logo_Radlobby_Niederoesterreich_50-400px_quer-1.jpg","width":450,"height":124,"caption":"Radlobby Nieder\u00f6sterreich"},"image":{"@id":"https:\/\/www.radlobby.org\/noe\/#\/schema\/logo\/image\/"},"sameAs":["https:\/\/www.facebook.com\/groups\/radfahren.in.noe\/"]},{"@type":"Person","@id":"https:\/\/www.radlobby.org\/noe\/#\/schema\/person\/3d46d5baaa32e9fab65201812c570448","name":"Laura Kafka","image":{"@type":"ImageObject","inLanguage":"de","@id":"https:\/\/www.radlobby.org\/noe\/#\/schema\/person\/image\/","url":"https:\/\/secure.gravatar.com\/avatar\/141ec437f27b3084bc6c91857d881288555812a76d2e9c6af9f4ba5f626465e7?s=96&d=mm&r=g","contentUrl":"https:\/\/secure.gravatar.com\/avatar\/141ec437f27b3084bc6c91857d881288555812a76d2e9c6af9f4ba5f626465e7?s=96&d=mm&r=g","caption":"Laura Kafka"},"url":"https:\/\/www.radlobby.org\/noe\/author\/laura-kafka\/"}]}},"_links":{"self":[{"href":"https:\/\/www.radlobby.org\/noe\/wp-json\/wp\/v2\/posts\/36208","targetHints":{"allow":["GET"]}}],"collection":[{"href":"https:\/\/www.radlobby.org\/noe\/wp-json\/wp\/v2\/posts"}],"about":[{"href":"https:\/\/www.radlobby.org\/noe\/wp-json\/wp\/v2\/types\/post"}],"author":[{"embeddable":true,"href":"https:\/\/www.radlobby.org\/noe\/wp-json\/wp\/v2\/users\/65"}],"replies":[{"embeddable":true,"href":"https:\/\/www.radlobby.org\/noe\/wp-json\/wp\/v2\/comments?post=36208"}],"version-history":[{"count":11,"href":"https:\/\/www.radlobby.org\/noe\/wp-json\/wp\/v2\/posts\/36208\/revisions"}],"predecessor-version":[{"id":41604,"href":"https:\/\/www.radlobby.org\/noe\/wp-json\/wp\/v2\/posts\/36208\/revisions\/41604"}],"wp:featuredmedia":[{"embeddable":true,"href":"https:\/\/www.radlobby.org\/noe\/wp-json\/wp\/v2\/media\/36545"}],"wp:attachment":[{"href":"https:\/\/www.radlobby.org\/noe\/wp-json\/wp\/v2\/media?parent=36208"}],"wp:term":[{"taxonomy":"category","embeddable":true,"href":"https:\/\/www.radlobby.org\/noe\/wp-json\/wp\/v2\/categories?post=36208"},{"taxonomy":"post_tag","embeddable":true,"href":"https:\/\/www.radlobby.org\/noe\/wp-json\/wp\/v2\/tags?post=36208"}],"curies":[{"name":"wp","href":"https:\/\/api.w.org\/{rel}","templated":true}]}}