{"id":36201,"date":"2024-08-26T19:42:24","date_gmt":"2024-08-26T17:42:24","guid":{"rendered":"https:\/\/www.radlobby.org\/noe\/?p=36201"},"modified":"2024-11-10T19:35:49","modified_gmt":"2024-11-10T18:35:49","slug":"1-tullner-kidical-mass-am-20-9","status":"publish","type":"post","link":"https:\/\/www.radlobby.org\/noe\/1-tullner-kidical-mass-am-20-9\/","title":{"rendered":"1. Tullner Kidical Mass: Wegen Hochwasser abgesagt. Neuer Termin am 15.11."},"content":{"rendered":"<p>Leider mussten wir die Kidical Mass im September wegen der Aufr\u00e4umarbeiten im Nachgang des Hochwassers im Tullnerfeld absagen. <strong>Der neue Termin steht: 15.11. um 14 Uhr. Treffpunkt Nibelungenplatz!<\/strong><\/p>\n<p>&#8212;&#8212;&#8212;&#8212;&#8212;&#8212;-<\/p>\n<p>Die Tullner Ortsgruppe der Radlobby nimmt sich den Weltkindertag, die Europ\u00e4ische Mobilit\u00e4tswoche und den Weltweiten Klimastreik zum Anlass und veranstaltet die erste Kidical Mass in Tulln.<\/p>\n<p>Treffpunkt ist der neu gestaltete und entsiegelte <strong>Nibelungenplatz<\/strong>.<\/p>\n<p style=\"text-align: center;\"><strong>Um 15 Uhr geht&#8217;s los. <\/strong><\/p>\n<p>Die Route, die wir fahren, k\u00f6nnt ihr hier einsehen: <a href=\"https:\/\/radlobby-tulln.github.io\/kidical-mass-2024\/\">https:\/\/radlobby-tulln.github.io\/kidical-mass-2024\/<\/a><\/p>\n<p>Wir freuen uns auf viele Kinder mit Fahrr\u00e4dern und ihren Begleitpersonen auf dem Fahrrad. Zufu\u00dfgehende und Kinder mit Laufr\u00e4dern k\u00f6nnen um 16 Uhr am Rathausplatz dazusto\u00dfen. Gemeinsam fahren\/gehen wir dann \u00fcber die Br\u00fcdergasse zur\u00fcck zum Nibelungenplatz. Dort gibt es dann eine kleine \u00dcberraschung f\u00fcr die teilnehmenden Kinder!<\/p>\n<p><img loading=\"lazy\" decoding=\"async\" class=\"alignnone wp-image-36204\" src=\"https:\/\/www.radlobby.org\/noe\/wp-content\/uploads\/Kidical_Tulln_A3_26_8_NEU-212x300.png\" alt=\"\" width=\"283\" height=\"487\" \/><\/p>\n","protected":false},"excerpt":{"rendered":"<p>Leider mussten wir die Kidical Mass im September wegen der Aufr\u00e4umarbeiten im Nachgang des Hochwassers im Tullnerfeld absagen. Der neue Termin steht: 15.11. um 14 Uhr. Treffpunkt Nibelungenplatz! &#8212;&#8212;&#8212;&#8212;&#8212;&#8212;- Die Tullner Ortsgruppe der Radlobby nimmt sich den Weltkindertag, die Europ\u00e4ische<\/p>\n","protected":false},"author":87,"featured_media":36204,"comment_status":"closed","ping_status":"closed","sticky":false,"template":"","format":"standard","meta":{"footnotes":""},"categories":[668,20,13,45],"tags":[],"class_list":["post-36201","post","type-post","status-publish","format-standard","has-post-thumbnail","hentry","category-aktion","category-niederoesterreich","category-tulln","category-radtour"],"yoast_head":"<!-- This site is optimized with the Yoast SEO plugin v26.9 - https:\/\/yoast.com\/product\/yoast-seo-wordpress\/ -->\n<title>1. Tullner Kidical Mass: Wegen Hochwasser abgesagt. Neuer Termin am 15.11. - Radlobby Nieder\u00f6sterreich<\/title>\n<meta name=\"robots\" content=\"index, follow, max-snippet:-1, max-image-preview:large, max-video-preview:-1\" \/>\n<link rel=\"canonical\" href=\"https:\/\/www.radlobby.org\/noe\/1-tullner-kidical-mass-am-20-9\/\" \/>\n<meta property=\"og:locale\" content=\"de_DE\" \/>\n<meta property=\"og:type\" content=\"article\" \/>\n<meta property=\"og:title\" content=\"1. Tullner Kidical Mass: Wegen Hochwasser abgesagt. Neuer Termin am 15.11. - Radlobby Nieder\u00f6sterreich\" \/>\n<meta property=\"og:description\" content=\"Leider mussten wir die Kidical Mass im September wegen der Aufr\u00e4umarbeiten im Nachgang des Hochwassers im Tullnerfeld absagen. Der neue Termin steht: 15.11. um 14 Uhr. Treffpunkt Nibelungenplatz! &#8212;&#8212;&#8212;&#8212;&#8212;&#8212;- Die Tullner Ortsgruppe der Radlobby nimmt sich den Weltkindertag, die Europ\u00e4ische\" \/>\n<meta property=\"og:url\" content=\"https:\/\/www.radlobby.org\/noe\/1-tullner-kidical-mass-am-20-9\/\" \/>\n<meta property=\"og:site_name\" content=\"Radlobby Nieder\u00f6sterreich\" \/>\n<meta property=\"article:publisher\" content=\"https:\/\/www.facebook.com\/groups\/radfahren.in.noe\/\" \/>\n<meta property=\"article:published_time\" content=\"2024-08-26T17:42:24+00:00\" \/>\n<meta property=\"article:modified_time\" content=\"2024-11-10T18:35:49+00:00\" \/>\n<meta property=\"og:image\" content=\"https:\/\/www.radlobby.org\/noe\/wp-content\/uploads\/Kidical_Tulln_A3_26_8_NEU.png\" \/>\n\t<meta property=\"og:image:width\" content=\"1169\" \/>\n\t<meta property=\"og:image:height\" content=\"1653\" \/>\n\t<meta property=\"og:image:type\" content=\"image\/png\" \/>\n<meta name=\"author\" content=\"Severin Ettl\" \/>\n<meta name=\"twitter:card\" content=\"summary_large_image\" \/>\n<meta name=\"twitter:label1\" content=\"Verfasst von\" \/>\n\t<meta name=\"twitter:data1\" content=\"Severin Ettl\" \/>\n\t<meta name=\"twitter:label2\" content=\"Gesch\u00e4tzte Lesezeit\" \/>\n\t<meta name=\"twitter:data2\" content=\"2\u00a0Minuten\" \/>\n<script type=\"application\/ld+json\" class=\"yoast-schema-graph\">{\"@context\":\"https:\/\/schema.org\",\"@graph\":[{\"@type\":\"Article\",\"@id\":\"https:\/\/www.radlobby.org\/noe\/1-tullner-kidical-mass-am-20-9\/#article\",\"isPartOf\":{\"@id\":\"https:\/\/www.radlobby.org\/noe\/1-tullner-kidical-mass-am-20-9\/\"},\"author\":{\"name\":\"Severin Ettl\",\"@id\":\"https:\/\/www.radlobby.org\/noe\/#\/schema\/person\/cbc4a4e8cc70dd86ddfb836e7c78666d\"},\"headline\":\"1. Tullner Kidical Mass: Wegen Hochwasser abgesagt. Neuer Termin am 15.11.\",\"datePublished\":\"2024-08-26T17:42:24+00:00\",\"dateModified\":\"2024-11-10T18:35:49+00:00\",\"mainEntityOfPage\":{\"@id\":\"https:\/\/www.radlobby.org\/noe\/1-tullner-kidical-mass-am-20-9\/\"},\"wordCount\":148,\"publisher\":{\"@id\":\"https:\/\/www.radlobby.org\/noe\/#organization\"},\"image\":{\"@id\":\"https:\/\/www.radlobby.org\/noe\/1-tullner-kidical-mass-am-20-9\/#primaryimage\"},\"thumbnailUrl\":\"https:\/\/www.radlobby.org\/noe\/wp-content\/uploads\/Kidical_Tulln_A3_26_8_NEU.png\",\"articleSection\":[\"Aktion\",\"Radlobby Nieder\u00f6sterreich\",\"Radlobby Tulln\",\"Radtour\"],\"inLanguage\":\"de\"},{\"@type\":\"WebPage\",\"@id\":\"https:\/\/www.radlobby.org\/noe\/1-tullner-kidical-mass-am-20-9\/\",\"url\":\"https:\/\/www.radlobby.org\/noe\/1-tullner-kidical-mass-am-20-9\/\",\"name\":\"1. Tullner Kidical Mass: Wegen Hochwasser abgesagt. Neuer Termin am 15.11. - Radlobby Nieder\u00f6sterreich\",\"isPartOf\":{\"@id\":\"https:\/\/www.radlobby.org\/noe\/#website\"},\"primaryImageOfPage\":{\"@id\":\"https:\/\/www.radlobby.org\/noe\/1-tullner-kidical-mass-am-20-9\/#primaryimage\"},\"image\":{\"@id\":\"https:\/\/www.radlobby.org\/noe\/1-tullner-kidical-mass-am-20-9\/#primaryimage\"},\"thumbnailUrl\":\"https:\/\/www.radlobby.org\/noe\/wp-content\/uploads\/Kidical_Tulln_A3_26_8_NEU.png\",\"datePublished\":\"2024-08-26T17:42:24+00:00\",\"dateModified\":\"2024-11-10T18:35:49+00:00\",\"breadcrumb\":{\"@id\":\"https:\/\/www.radlobby.org\/noe\/1-tullner-kidical-mass-am-20-9\/#breadcrumb\"},\"inLanguage\":\"de\",\"potentialAction\":[{\"@type\":\"ReadAction\",\"target\":[\"https:\/\/www.radlobby.org\/noe\/1-tullner-kidical-mass-am-20-9\/\"]}]},{\"@type\":\"ImageObject\",\"inLanguage\":\"de\",\"@id\":\"https:\/\/www.radlobby.org\/noe\/1-tullner-kidical-mass-am-20-9\/#primaryimage\",\"url\":\"https:\/\/www.radlobby.org\/noe\/wp-content\/uploads\/Kidical_Tulln_A3_26_8_NEU.png\",\"contentUrl\":\"https:\/\/www.radlobby.org\/noe\/wp-content\/uploads\/Kidical_Tulln_A3_26_8_NEU.png\",\"width\":1169,\"height\":1653},{\"@type\":\"BreadcrumbList\",\"@id\":\"https:\/\/www.radlobby.org\/noe\/1-tullner-kidical-mass-am-20-9\/#breadcrumb\",\"itemListElement\":[{\"@type\":\"ListItem\",\"position\":1,\"name\":\"Startseite\",\"item\":\"https:\/\/www.radlobby.org\/noe\/\"},{\"@type\":\"ListItem\",\"position\":2,\"name\":\"1. Tullner Kidical Mass: Wegen Hochwasser abgesagt. Neuer Termin am 15.11.\"}]},{\"@type\":\"WebSite\",\"@id\":\"https:\/\/www.radlobby.org\/noe\/#website\",\"url\":\"https:\/\/www.radlobby.org\/noe\/\",\"name\":\"Radlobby Nieder\u00f6sterreich\",\"description\":\"Radverkehr, Fahrrad, Radfahren, Radreisen, Radtouren, Radweg\",\"publisher\":{\"@id\":\"https:\/\/www.radlobby.org\/noe\/#organization\"},\"potentialAction\":[{\"@type\":\"SearchAction\",\"target\":{\"@type\":\"EntryPoint\",\"urlTemplate\":\"https:\/\/www.radlobby.org\/noe\/?s={search_term_string}\"},\"query-input\":{\"@type\":\"PropertyValueSpecification\",\"valueRequired\":true,\"valueName\":\"search_term_string\"}}],\"inLanguage\":\"de\"},{\"@type\":\"Organization\",\"@id\":\"https:\/\/www.radlobby.org\/noe\/#organization\",\"name\":\"Radlobby Nieder\u00f6sterreich\",\"url\":\"https:\/\/www.radlobby.org\/noe\/\",\"logo\":{\"@type\":\"ImageObject\",\"inLanguage\":\"de\",\"@id\":\"https:\/\/www.radlobby.org\/noe\/#\/schema\/logo\/image\/\",\"url\":\"https:\/\/www.radlobby.org\/noe\/wp-content\/uploads\/2017\/01\/cropped-Logo_Radlobby_Niederoesterreich_50-400px_quer-1.jpg\",\"contentUrl\":\"https:\/\/www.radlobby.org\/noe\/wp-content\/uploads\/2017\/01\/cropped-Logo_Radlobby_Niederoesterreich_50-400px_quer-1.jpg\",\"width\":450,\"height\":124,\"caption\":\"Radlobby Nieder\u00f6sterreich\"},\"image\":{\"@id\":\"https:\/\/www.radlobby.org\/noe\/#\/schema\/logo\/image\/\"},\"sameAs\":[\"https:\/\/www.facebook.com\/groups\/radfahren.in.noe\/\"]},{\"@type\":\"Person\",\"@id\":\"https:\/\/www.radlobby.org\/noe\/#\/schema\/person\/cbc4a4e8cc70dd86ddfb836e7c78666d\",\"name\":\"Severin Ettl\",\"image\":{\"@type\":\"ImageObject\",\"inLanguage\":\"de\",\"@id\":\"https:\/\/www.radlobby.org\/noe\/#\/schema\/person\/image\/\",\"url\":\"https:\/\/secure.gravatar.com\/avatar\/48afbeaf33bdb166c3cc22aa23cbfe321549184ca68d22db5b00f79d7c2d4c81?s=96&d=mm&r=g\",\"contentUrl\":\"https:\/\/secure.gravatar.com\/avatar\/48afbeaf33bdb166c3cc22aa23cbfe321549184ca68d22db5b00f79d7c2d4c81?s=96&d=mm&r=g\",\"caption\":\"Severin Ettl\"},\"url\":\"https:\/\/www.radlobby.org\/noe\/author\/severin-ettlradlobby-at\/\"}]}<\/script>\n<!-- \/ Yoast SEO plugin. -->","yoast_head_json":{"title":"1. Tullner Kidical Mass: Wegen Hochwasser abgesagt. Neuer Termin am 15.11. - Radlobby Nieder\u00f6sterreich","robots":{"index":"index","follow":"follow","max-snippet":"max-snippet:-1","max-image-preview":"max-image-preview:large","max-video-preview":"max-video-preview:-1"},"canonical":"https:\/\/www.radlobby.org\/noe\/1-tullner-kidical-mass-am-20-9\/","og_locale":"de_DE","og_type":"article","og_title":"1. Tullner Kidical Mass: Wegen Hochwasser abgesagt. Neuer Termin am 15.11. - Radlobby Nieder\u00f6sterreich","og_description":"Leider mussten wir die Kidical Mass im September wegen der Aufr\u00e4umarbeiten im Nachgang des Hochwassers im Tullnerfeld absagen. Der neue Termin steht: 15.11. um 14 Uhr. Treffpunkt Nibelungenplatz! &#8212;&#8212;&#8212;&#8212;&#8212;&#8212;- Die Tullner Ortsgruppe der Radlobby nimmt sich den Weltkindertag, die Europ\u00e4ische","og_url":"https:\/\/www.radlobby.org\/noe\/1-tullner-kidical-mass-am-20-9\/","og_site_name":"Radlobby Nieder\u00f6sterreich","article_publisher":"https:\/\/www.facebook.com\/groups\/radfahren.in.noe\/","article_published_time":"2024-08-26T17:42:24+00:00","article_modified_time":"2024-11-10T18:35:49+00:00","og_image":[{"width":1169,"height":1653,"url":"https:\/\/www.radlobby.org\/noe\/wp-content\/uploads\/Kidical_Tulln_A3_26_8_NEU.png","type":"image\/png"}],"author":"Severin Ettl","twitter_card":"summary_large_image","twitter_misc":{"Verfasst von":"Severin Ettl","Gesch\u00e4tzte Lesezeit":"2\u00a0Minuten"},"schema":{"@context":"https:\/\/schema.org","@graph":[{"@type":"Article","@id":"https:\/\/www.radlobby.org\/noe\/1-tullner-kidical-mass-am-20-9\/#article","isPartOf":{"@id":"https:\/\/www.radlobby.org\/noe\/1-tullner-kidical-mass-am-20-9\/"},"author":{"name":"Severin Ettl","@id":"https:\/\/www.radlobby.org\/noe\/#\/schema\/person\/cbc4a4e8cc70dd86ddfb836e7c78666d"},"headline":"1. Tullner Kidical Mass: Wegen Hochwasser abgesagt. Neuer Termin am 15.11.","datePublished":"2024-08-26T17:42:24+00:00","dateModified":"2024-11-10T18:35:49+00:00","mainEntityOfPage":{"@id":"https:\/\/www.radlobby.org\/noe\/1-tullner-kidical-mass-am-20-9\/"},"wordCount":148,"publisher":{"@id":"https:\/\/www.radlobby.org\/noe\/#organization"},"image":{"@id":"https:\/\/www.radlobby.org\/noe\/1-tullner-kidical-mass-am-20-9\/#primaryimage"},"thumbnailUrl":"https:\/\/www.radlobby.org\/noe\/wp-content\/uploads\/Kidical_Tulln_A3_26_8_NEU.png","articleSection":["Aktion","Radlobby Nieder\u00f6sterreich","Radlobby Tulln","Radtour"],"inLanguage":"de"},{"@type":"WebPage","@id":"https:\/\/www.radlobby.org\/noe\/1-tullner-kidical-mass-am-20-9\/","url":"https:\/\/www.radlobby.org\/noe\/1-tullner-kidical-mass-am-20-9\/","name":"1. Tullner Kidical Mass: Wegen Hochwasser abgesagt. Neuer Termin am 15.11. - Radlobby Nieder\u00f6sterreich","isPartOf":{"@id":"https:\/\/www.radlobby.org\/noe\/#website"},"primaryImageOfPage":{"@id":"https:\/\/www.radlobby.org\/noe\/1-tullner-kidical-mass-am-20-9\/#primaryimage"},"image":{"@id":"https:\/\/www.radlobby.org\/noe\/1-tullner-kidical-mass-am-20-9\/#primaryimage"},"thumbnailUrl":"https:\/\/www.radlobby.org\/noe\/wp-content\/uploads\/Kidical_Tulln_A3_26_8_NEU.png","datePublished":"2024-08-26T17:42:24+00:00","dateModified":"2024-11-10T18:35:49+00:00","breadcrumb":{"@id":"https:\/\/www.radlobby.org\/noe\/1-tullner-kidical-mass-am-20-9\/#breadcrumb"},"inLanguage":"de","potentialAction":[{"@type":"ReadAction","target":["https:\/\/www.radlobby.org\/noe\/1-tullner-kidical-mass-am-20-9\/"]}]},{"@type":"ImageObject","inLanguage":"de","@id":"https:\/\/www.radlobby.org\/noe\/1-tullner-kidical-mass-am-20-9\/#primaryimage","url":"https:\/\/www.radlobby.org\/noe\/wp-content\/uploads\/Kidical_Tulln_A3_26_8_NEU.png","contentUrl":"https:\/\/www.radlobby.org\/noe\/wp-content\/uploads\/Kidical_Tulln_A3_26_8_NEU.png","width":1169,"height":1653},{"@type":"BreadcrumbList","@id":"https:\/\/www.radlobby.org\/noe\/1-tullner-kidical-mass-am-20-9\/#breadcrumb","itemListElement":[{"@type":"ListItem","position":1,"name":"Startseite","item":"https:\/\/www.radlobby.org\/noe\/"},{"@type":"ListItem","position":2,"name":"1. Tullner Kidical Mass: Wegen Hochwasser abgesagt. Neuer Termin am 15.11."}]},{"@type":"WebSite","@id":"https:\/\/www.radlobby.org\/noe\/#website","url":"https:\/\/www.radlobby.org\/noe\/","name":"Radlobby Nieder\u00f6sterreich","description":"Radverkehr, Fahrrad, Radfahren, Radreisen, Radtouren, Radweg","publisher":{"@id":"https:\/\/www.radlobby.org\/noe\/#organization"},"potentialAction":[{"@type":"SearchAction","target":{"@type":"EntryPoint","urlTemplate":"https:\/\/www.radlobby.org\/noe\/?s={search_term_string}"},"query-input":{"@type":"PropertyValueSpecification","valueRequired":true,"valueName":"search_term_string"}}],"inLanguage":"de"},{"@type":"Organization","@id":"https:\/\/www.radlobby.org\/noe\/#organization","name":"Radlobby Nieder\u00f6sterreich","url":"https:\/\/www.radlobby.org\/noe\/","logo":{"@type":"ImageObject","inLanguage":"de","@id":"https:\/\/www.radlobby.org\/noe\/#\/schema\/logo\/image\/","url":"https:\/\/www.radlobby.org\/noe\/wp-content\/uploads\/2017\/01\/cropped-Logo_Radlobby_Niederoesterreich_50-400px_quer-1.jpg","contentUrl":"https:\/\/www.radlobby.org\/noe\/wp-content\/uploads\/2017\/01\/cropped-Logo_Radlobby_Niederoesterreich_50-400px_quer-1.jpg","width":450,"height":124,"caption":"Radlobby Nieder\u00f6sterreich"},"image":{"@id":"https:\/\/www.radlobby.org\/noe\/#\/schema\/logo\/image\/"},"sameAs":["https:\/\/www.facebook.com\/groups\/radfahren.in.noe\/"]},{"@type":"Person","@id":"https:\/\/www.radlobby.org\/noe\/#\/schema\/person\/cbc4a4e8cc70dd86ddfb836e7c78666d","name":"Severin Ettl","image":{"@type":"ImageObject","inLanguage":"de","@id":"https:\/\/www.radlobby.org\/noe\/#\/schema\/person\/image\/","url":"https:\/\/secure.gravatar.com\/avatar\/48afbeaf33bdb166c3cc22aa23cbfe321549184ca68d22db5b00f79d7c2d4c81?s=96&d=mm&r=g","contentUrl":"https:\/\/secure.gravatar.com\/avatar\/48afbeaf33bdb166c3cc22aa23cbfe321549184ca68d22db5b00f79d7c2d4c81?s=96&d=mm&r=g","caption":"Severin Ettl"},"url":"https:\/\/www.radlobby.org\/noe\/author\/severin-ettlradlobby-at\/"}]}},"_links":{"self":[{"href":"https:\/\/www.radlobby.org\/noe\/wp-json\/wp\/v2\/posts\/36201","targetHints":{"allow":["GET"]}}],"collection":[{"href":"https:\/\/www.radlobby.org\/noe\/wp-json\/wp\/v2\/posts"}],"about":[{"href":"https:\/\/www.radlobby.org\/noe\/wp-json\/wp\/v2\/types\/post"}],"author":[{"embeddable":true,"href":"https:\/\/www.radlobby.org\/noe\/wp-json\/wp\/v2\/users\/87"}],"replies":[{"embeddable":true,"href":"https:\/\/www.radlobby.org\/noe\/wp-json\/wp\/v2\/comments?post=36201"}],"version-history":[{"count":4,"href":"https:\/\/www.radlobby.org\/noe\/wp-json\/wp\/v2\/posts\/36201\/revisions"}],"predecessor-version":[{"id":37106,"href":"https:\/\/www.radlobby.org\/noe\/wp-json\/wp\/v2\/posts\/36201\/revisions\/37106"}],"wp:featuredmedia":[{"embeddable":true,"href":"https:\/\/www.radlobby.org\/noe\/wp-json\/wp\/v2\/media\/36204"}],"wp:attachment":[{"href":"https:\/\/www.radlobby.org\/noe\/wp-json\/wp\/v2\/media?parent=36201"}],"wp:term":[{"taxonomy":"category","embeddable":true,"href":"https:\/\/www.radlobby.org\/noe\/wp-json\/wp\/v2\/categories?post=36201"},{"taxonomy":"post_tag","embeddable":true,"href":"https:\/\/www.radlobby.org\/noe\/wp-json\/wp\/v2\/tags?post=36201"}],"curies":[{"name":"wp","href":"https:\/\/api.w.org\/{rel}","templated":true}]}}