{"id":36168,"date":"2024-08-26T12:07:30","date_gmt":"2024-08-26T10:07:30","guid":{"rendered":"https:\/\/www.radlobby.org\/noe\/?p=36168"},"modified":"2024-08-26T12:40:10","modified_gmt":"2024-08-26T10:40:10","slug":"27-aug-2024-rl-purkersdorf-stammtisch","status":"publish","type":"post","link":"https:\/\/www.radlobby.org\/noe\/27-aug-2024-rl-purkersdorf-stammtisch\/","title":{"rendered":"27. Aug. 2024 &#8211; RL Purkersdorf Stammtisch"},"content":{"rendered":"\n<h3 class=\"wp-block-heading\"><strong>Die RL Purkersdorf l\u00e4dt ein zum Stammtisch am Dienstag, 27. Aug. 2024 um 19:00.<\/strong><\/h3>\n\n\n\n<figure class=\"wp-block-gallery has-nested-images columns-default is-cropped wp-block-gallery-1 is-layout-flex wp-block-gallery-is-layout-flex\">\n<figure class=\"wp-block-image size-large\"><img loading=\"lazy\" decoding=\"async\" width=\"1136\" height=\"594\" data-id=\"36176\" src=\"https:\/\/www.radlobby.org\/noe\/wp-content\/uploads\/Stammtisch-Purkersdorf.png\" alt=\"\" class=\"wp-image-36176\" srcset=\"https:\/\/www.radlobby.org\/noe\/wp-content\/uploads\/Stammtisch-Purkersdorf.png 1136w, https:\/\/www.radlobby.org\/noe\/wp-content\/uploads\/Stammtisch-Purkersdorf-300x157.png 300w, https:\/\/www.radlobby.org\/noe\/wp-content\/uploads\/Stammtisch-Purkersdorf-768x402.png 768w\" sizes=\"auto, (max-width: 1136px) 100vw, 1136px\" \/><\/figure>\n<\/figure>\n\n\n\n<p>Auf diesem Stammtisch wollen wir die Neugr\u00fcndung bzw. Reaktivierung der RL Purkersdorf besprechen und uns als Team vorstellen.<\/p>\n\n\n\n<p>Wir treffen uns zu diesem ersten Stammtisch in der Bibliothek des Pfarrhofs St. Jakob, <a href=\"https:\/\/maps.app.goo.gl\/fsBfZ5JdiwEU1NSKA\" target=\"_blank\" rel=\"noopener\">Pfarrhofgasse 1, 3002 Purkersdorf<\/a>. Wir h\u00e4ngen ein paar Schilder auf, damit Ihr uns auch sicher findet. Ein paar Getr\u00e4nke werden wir organisieren. Sonderw\u00fcnsche bitte selber mitbringen \ud83d\ude09<\/p>\n\n\n\n<p>Wo und wie oft dann zuk\u00fcnftige RL-Stammtische in Purkersdorf stattfinden, werden wir bei diesem ersten Treffen gemeinsam \u00fcberlegen.<\/p>\n\n\n\n<p>Wir freuen uns auf Euch!<\/p>\n","protected":false},"excerpt":{"rendered":"<p>Die RL Purkersdorf l\u00e4dt ein zum Stammtisch am Dienstag, 27. Aug. 2024 um 19:00. Auf diesem Stammtisch wollen wir die Neugr\u00fcndung bzw. Reaktivierung der RL Purkersdorf besprechen und uns als Team vorstellen. Wir treffen uns zu diesem ersten Stammtisch in<\/p>\n","protected":false},"author":88,"featured_media":36176,"comment_status":"closed","ping_status":"closed","sticky":false,"template":"","format":"standard","meta":{"footnotes":""},"categories":[283],"tags":[328,40],"class_list":["post-36168","post","type-post","status-publish","format-standard","has-post-thumbnail","hentry","category-purkersdorf","tag-purkersdorf","tag-stammtisch"],"yoast_head":"<!-- This site is optimized with the Yoast SEO plugin v26.9 - https:\/\/yoast.com\/product\/yoast-seo-wordpress\/ -->\n<title>27. Aug. 2024 - RL Purkersdorf Stammtisch - Radlobby Nieder\u00f6sterreich<\/title>\n<meta name=\"robots\" content=\"index, follow, max-snippet:-1, max-image-preview:large, max-video-preview:-1\" \/>\n<link rel=\"canonical\" href=\"https:\/\/www.radlobby.org\/noe\/27-aug-2024-rl-purkersdorf-stammtisch\/\" \/>\n<meta property=\"og:locale\" content=\"de_DE\" \/>\n<meta property=\"og:type\" content=\"article\" \/>\n<meta property=\"og:title\" content=\"27. Aug. 2024 - RL Purkersdorf Stammtisch - Radlobby Nieder\u00f6sterreich\" \/>\n<meta property=\"og:description\" content=\"Die RL Purkersdorf l\u00e4dt ein zum Stammtisch am Dienstag, 27. Aug. 2024 um 19:00. Auf diesem Stammtisch wollen wir die Neugr\u00fcndung bzw. Reaktivierung der RL Purkersdorf besprechen und uns als Team vorstellen. Wir treffen uns zu diesem ersten Stammtisch in\" \/>\n<meta property=\"og:url\" content=\"https:\/\/www.radlobby.org\/noe\/27-aug-2024-rl-purkersdorf-stammtisch\/\" \/>\n<meta property=\"og:site_name\" content=\"Radlobby Nieder\u00f6sterreich\" \/>\n<meta property=\"article:publisher\" content=\"https:\/\/www.facebook.com\/groups\/radfahren.in.noe\/\" \/>\n<meta property=\"article:published_time\" content=\"2024-08-26T10:07:30+00:00\" \/>\n<meta property=\"article:modified_time\" content=\"2024-08-26T10:40:10+00:00\" \/>\n<meta property=\"og:image\" content=\"https:\/\/www.radlobby.org\/noe\/wp-content\/uploads\/Stammtisch-Purkersdorf.png\" \/>\n\t<meta property=\"og:image:width\" content=\"1136\" \/>\n\t<meta property=\"og:image:height\" content=\"594\" \/>\n\t<meta property=\"og:image:type\" content=\"image\/png\" \/>\n<meta name=\"author\" content=\"Dirk Strickmann\" \/>\n<meta name=\"twitter:card\" content=\"summary_large_image\" \/>\n<meta name=\"twitter:label1\" content=\"Verfasst von\" \/>\n\t<meta name=\"twitter:data1\" content=\"Dirk Strickmann\" \/>\n\t<meta name=\"twitter:label2\" content=\"Gesch\u00e4tzte Lesezeit\" \/>\n\t<meta name=\"twitter:data2\" content=\"1\u00a0Minute\" \/>\n<script type=\"application\/ld+json\" class=\"yoast-schema-graph\">{\"@context\":\"https:\/\/schema.org\",\"@graph\":[{\"@type\":\"Article\",\"@id\":\"https:\/\/www.radlobby.org\/noe\/27-aug-2024-rl-purkersdorf-stammtisch\/#article\",\"isPartOf\":{\"@id\":\"https:\/\/www.radlobby.org\/noe\/27-aug-2024-rl-purkersdorf-stammtisch\/\"},\"author\":{\"name\":\"Dirk Strickmann\",\"@id\":\"https:\/\/www.radlobby.org\/noe\/#\/schema\/person\/39f07e7bdde8c4a9c6c8d14478b77dc5\"},\"headline\":\"27. Aug. 2024 &#8211; RL Purkersdorf Stammtisch\",\"datePublished\":\"2024-08-26T10:07:30+00:00\",\"dateModified\":\"2024-08-26T10:40:10+00:00\",\"mainEntityOfPage\":{\"@id\":\"https:\/\/www.radlobby.org\/noe\/27-aug-2024-rl-purkersdorf-stammtisch\/\"},\"wordCount\":102,\"publisher\":{\"@id\":\"https:\/\/www.radlobby.org\/noe\/#organization\"},\"image\":{\"@id\":\"https:\/\/www.radlobby.org\/noe\/27-aug-2024-rl-purkersdorf-stammtisch\/#primaryimage\"},\"thumbnailUrl\":\"https:\/\/www.radlobby.org\/noe\/wp-content\/uploads\/Stammtisch-Purkersdorf.png\",\"keywords\":[\"Purkersdorf\",\"Stammtisch\"],\"articleSection\":[\"Radlobby Purkersdorf\"],\"inLanguage\":\"de\"},{\"@type\":\"WebPage\",\"@id\":\"https:\/\/www.radlobby.org\/noe\/27-aug-2024-rl-purkersdorf-stammtisch\/\",\"url\":\"https:\/\/www.radlobby.org\/noe\/27-aug-2024-rl-purkersdorf-stammtisch\/\",\"name\":\"27. Aug. 2024 - RL Purkersdorf Stammtisch - Radlobby Nieder\u00f6sterreich\",\"isPartOf\":{\"@id\":\"https:\/\/www.radlobby.org\/noe\/#website\"},\"primaryImageOfPage\":{\"@id\":\"https:\/\/www.radlobby.org\/noe\/27-aug-2024-rl-purkersdorf-stammtisch\/#primaryimage\"},\"image\":{\"@id\":\"https:\/\/www.radlobby.org\/noe\/27-aug-2024-rl-purkersdorf-stammtisch\/#primaryimage\"},\"thumbnailUrl\":\"https:\/\/www.radlobby.org\/noe\/wp-content\/uploads\/Stammtisch-Purkersdorf.png\",\"datePublished\":\"2024-08-26T10:07:30+00:00\",\"dateModified\":\"2024-08-26T10:40:10+00:00\",\"breadcrumb\":{\"@id\":\"https:\/\/www.radlobby.org\/noe\/27-aug-2024-rl-purkersdorf-stammtisch\/#breadcrumb\"},\"inLanguage\":\"de\",\"potentialAction\":[{\"@type\":\"ReadAction\",\"target\":[\"https:\/\/www.radlobby.org\/noe\/27-aug-2024-rl-purkersdorf-stammtisch\/\"]}]},{\"@type\":\"ImageObject\",\"inLanguage\":\"de\",\"@id\":\"https:\/\/www.radlobby.org\/noe\/27-aug-2024-rl-purkersdorf-stammtisch\/#primaryimage\",\"url\":\"https:\/\/www.radlobby.org\/noe\/wp-content\/uploads\/Stammtisch-Purkersdorf.png\",\"contentUrl\":\"https:\/\/www.radlobby.org\/noe\/wp-content\/uploads\/Stammtisch-Purkersdorf.png\",\"width\":1136,\"height\":594},{\"@type\":\"BreadcrumbList\",\"@id\":\"https:\/\/www.radlobby.org\/noe\/27-aug-2024-rl-purkersdorf-stammtisch\/#breadcrumb\",\"itemListElement\":[{\"@type\":\"ListItem\",\"position\":1,\"name\":\"Startseite\",\"item\":\"https:\/\/www.radlobby.org\/noe\/\"},{\"@type\":\"ListItem\",\"position\":2,\"name\":\"27. Aug. 2024 &#8211; RL Purkersdorf Stammtisch\"}]},{\"@type\":\"WebSite\",\"@id\":\"https:\/\/www.radlobby.org\/noe\/#website\",\"url\":\"https:\/\/www.radlobby.org\/noe\/\",\"name\":\"Radlobby Nieder\u00f6sterreich\",\"description\":\"Radverkehr, Fahrrad, Radfahren, Radreisen, Radtouren, Radweg\",\"publisher\":{\"@id\":\"https:\/\/www.radlobby.org\/noe\/#organization\"},\"potentialAction\":[{\"@type\":\"SearchAction\",\"target\":{\"@type\":\"EntryPoint\",\"urlTemplate\":\"https:\/\/www.radlobby.org\/noe\/?s={search_term_string}\"},\"query-input\":{\"@type\":\"PropertyValueSpecification\",\"valueRequired\":true,\"valueName\":\"search_term_string\"}}],\"inLanguage\":\"de\"},{\"@type\":\"Organization\",\"@id\":\"https:\/\/www.radlobby.org\/noe\/#organization\",\"name\":\"Radlobby Nieder\u00f6sterreich\",\"url\":\"https:\/\/www.radlobby.org\/noe\/\",\"logo\":{\"@type\":\"ImageObject\",\"inLanguage\":\"de\",\"@id\":\"https:\/\/www.radlobby.org\/noe\/#\/schema\/logo\/image\/\",\"url\":\"https:\/\/www.radlobby.org\/noe\/wp-content\/uploads\/2017\/01\/cropped-Logo_Radlobby_Niederoesterreich_50-400px_quer-1.jpg\",\"contentUrl\":\"https:\/\/www.radlobby.org\/noe\/wp-content\/uploads\/2017\/01\/cropped-Logo_Radlobby_Niederoesterreich_50-400px_quer-1.jpg\",\"width\":450,\"height\":124,\"caption\":\"Radlobby Nieder\u00f6sterreich\"},\"image\":{\"@id\":\"https:\/\/www.radlobby.org\/noe\/#\/schema\/logo\/image\/\"},\"sameAs\":[\"https:\/\/www.facebook.com\/groups\/radfahren.in.noe\/\"]},{\"@type\":\"Person\",\"@id\":\"https:\/\/www.radlobby.org\/noe\/#\/schema\/person\/39f07e7bdde8c4a9c6c8d14478b77dc5\",\"name\":\"Dirk Strickmann\",\"image\":{\"@type\":\"ImageObject\",\"inLanguage\":\"de\",\"@id\":\"https:\/\/www.radlobby.org\/noe\/#\/schema\/person\/image\/\",\"url\":\"https:\/\/secure.gravatar.com\/avatar\/b7c2ed65b09124eadbd26308cb41b0914443ac5831a7c765bb6af2b92cfc3f06?s=96&d=mm&r=g\",\"contentUrl\":\"https:\/\/secure.gravatar.com\/avatar\/b7c2ed65b09124eadbd26308cb41b0914443ac5831a7c765bb6af2b92cfc3f06?s=96&d=mm&r=g\",\"caption\":\"Dirk Strickmann\"},\"url\":\"https:\/\/www.radlobby.org\/noe\/author\/dirk\/\"}]}<\/script>\n<!-- \/ Yoast SEO plugin. -->","yoast_head_json":{"title":"27. Aug. 2024 - RL Purkersdorf Stammtisch - Radlobby Nieder\u00f6sterreich","robots":{"index":"index","follow":"follow","max-snippet":"max-snippet:-1","max-image-preview":"max-image-preview:large","max-video-preview":"max-video-preview:-1"},"canonical":"https:\/\/www.radlobby.org\/noe\/27-aug-2024-rl-purkersdorf-stammtisch\/","og_locale":"de_DE","og_type":"article","og_title":"27. Aug. 2024 - RL Purkersdorf Stammtisch - Radlobby Nieder\u00f6sterreich","og_description":"Die RL Purkersdorf l\u00e4dt ein zum Stammtisch am Dienstag, 27. Aug. 2024 um 19:00. Auf diesem Stammtisch wollen wir die Neugr\u00fcndung bzw. Reaktivierung der RL Purkersdorf besprechen und uns als Team vorstellen. Wir treffen uns zu diesem ersten Stammtisch in","og_url":"https:\/\/www.radlobby.org\/noe\/27-aug-2024-rl-purkersdorf-stammtisch\/","og_site_name":"Radlobby Nieder\u00f6sterreich","article_publisher":"https:\/\/www.facebook.com\/groups\/radfahren.in.noe\/","article_published_time":"2024-08-26T10:07:30+00:00","article_modified_time":"2024-08-26T10:40:10+00:00","og_image":[{"width":1136,"height":594,"url":"https:\/\/www.radlobby.org\/noe\/wp-content\/uploads\/Stammtisch-Purkersdorf.png","type":"image\/png"}],"author":"Dirk Strickmann","twitter_card":"summary_large_image","twitter_misc":{"Verfasst von":"Dirk Strickmann","Gesch\u00e4tzte Lesezeit":"1\u00a0Minute"},"schema":{"@context":"https:\/\/schema.org","@graph":[{"@type":"Article","@id":"https:\/\/www.radlobby.org\/noe\/27-aug-2024-rl-purkersdorf-stammtisch\/#article","isPartOf":{"@id":"https:\/\/www.radlobby.org\/noe\/27-aug-2024-rl-purkersdorf-stammtisch\/"},"author":{"name":"Dirk Strickmann","@id":"https:\/\/www.radlobby.org\/noe\/#\/schema\/person\/39f07e7bdde8c4a9c6c8d14478b77dc5"},"headline":"27. Aug. 2024 &#8211; RL Purkersdorf Stammtisch","datePublished":"2024-08-26T10:07:30+00:00","dateModified":"2024-08-26T10:40:10+00:00","mainEntityOfPage":{"@id":"https:\/\/www.radlobby.org\/noe\/27-aug-2024-rl-purkersdorf-stammtisch\/"},"wordCount":102,"publisher":{"@id":"https:\/\/www.radlobby.org\/noe\/#organization"},"image":{"@id":"https:\/\/www.radlobby.org\/noe\/27-aug-2024-rl-purkersdorf-stammtisch\/#primaryimage"},"thumbnailUrl":"https:\/\/www.radlobby.org\/noe\/wp-content\/uploads\/Stammtisch-Purkersdorf.png","keywords":["Purkersdorf","Stammtisch"],"articleSection":["Radlobby Purkersdorf"],"inLanguage":"de"},{"@type":"WebPage","@id":"https:\/\/www.radlobby.org\/noe\/27-aug-2024-rl-purkersdorf-stammtisch\/","url":"https:\/\/www.radlobby.org\/noe\/27-aug-2024-rl-purkersdorf-stammtisch\/","name":"27. Aug. 2024 - RL Purkersdorf Stammtisch - Radlobby Nieder\u00f6sterreich","isPartOf":{"@id":"https:\/\/www.radlobby.org\/noe\/#website"},"primaryImageOfPage":{"@id":"https:\/\/www.radlobby.org\/noe\/27-aug-2024-rl-purkersdorf-stammtisch\/#primaryimage"},"image":{"@id":"https:\/\/www.radlobby.org\/noe\/27-aug-2024-rl-purkersdorf-stammtisch\/#primaryimage"},"thumbnailUrl":"https:\/\/www.radlobby.org\/noe\/wp-content\/uploads\/Stammtisch-Purkersdorf.png","datePublished":"2024-08-26T10:07:30+00:00","dateModified":"2024-08-26T10:40:10+00:00","breadcrumb":{"@id":"https:\/\/www.radlobby.org\/noe\/27-aug-2024-rl-purkersdorf-stammtisch\/#breadcrumb"},"inLanguage":"de","potentialAction":[{"@type":"ReadAction","target":["https:\/\/www.radlobby.org\/noe\/27-aug-2024-rl-purkersdorf-stammtisch\/"]}]},{"@type":"ImageObject","inLanguage":"de","@id":"https:\/\/www.radlobby.org\/noe\/27-aug-2024-rl-purkersdorf-stammtisch\/#primaryimage","url":"https:\/\/www.radlobby.org\/noe\/wp-content\/uploads\/Stammtisch-Purkersdorf.png","contentUrl":"https:\/\/www.radlobby.org\/noe\/wp-content\/uploads\/Stammtisch-Purkersdorf.png","width":1136,"height":594},{"@type":"BreadcrumbList","@id":"https:\/\/www.radlobby.org\/noe\/27-aug-2024-rl-purkersdorf-stammtisch\/#breadcrumb","itemListElement":[{"@type":"ListItem","position":1,"name":"Startseite","item":"https:\/\/www.radlobby.org\/noe\/"},{"@type":"ListItem","position":2,"name":"27. Aug. 2024 &#8211; RL Purkersdorf Stammtisch"}]},{"@type":"WebSite","@id":"https:\/\/www.radlobby.org\/noe\/#website","url":"https:\/\/www.radlobby.org\/noe\/","name":"Radlobby Nieder\u00f6sterreich","description":"Radverkehr, Fahrrad, Radfahren, Radreisen, Radtouren, Radweg","publisher":{"@id":"https:\/\/www.radlobby.org\/noe\/#organization"},"potentialAction":[{"@type":"SearchAction","target":{"@type":"EntryPoint","urlTemplate":"https:\/\/www.radlobby.org\/noe\/?s={search_term_string}"},"query-input":{"@type":"PropertyValueSpecification","valueRequired":true,"valueName":"search_term_string"}}],"inLanguage":"de"},{"@type":"Organization","@id":"https:\/\/www.radlobby.org\/noe\/#organization","name":"Radlobby Nieder\u00f6sterreich","url":"https:\/\/www.radlobby.org\/noe\/","logo":{"@type":"ImageObject","inLanguage":"de","@id":"https:\/\/www.radlobby.org\/noe\/#\/schema\/logo\/image\/","url":"https:\/\/www.radlobby.org\/noe\/wp-content\/uploads\/2017\/01\/cropped-Logo_Radlobby_Niederoesterreich_50-400px_quer-1.jpg","contentUrl":"https:\/\/www.radlobby.org\/noe\/wp-content\/uploads\/2017\/01\/cropped-Logo_Radlobby_Niederoesterreich_50-400px_quer-1.jpg","width":450,"height":124,"caption":"Radlobby Nieder\u00f6sterreich"},"image":{"@id":"https:\/\/www.radlobby.org\/noe\/#\/schema\/logo\/image\/"},"sameAs":["https:\/\/www.facebook.com\/groups\/radfahren.in.noe\/"]},{"@type":"Person","@id":"https:\/\/www.radlobby.org\/noe\/#\/schema\/person\/39f07e7bdde8c4a9c6c8d14478b77dc5","name":"Dirk Strickmann","image":{"@type":"ImageObject","inLanguage":"de","@id":"https:\/\/www.radlobby.org\/noe\/#\/schema\/person\/image\/","url":"https:\/\/secure.gravatar.com\/avatar\/b7c2ed65b09124eadbd26308cb41b0914443ac5831a7c765bb6af2b92cfc3f06?s=96&d=mm&r=g","contentUrl":"https:\/\/secure.gravatar.com\/avatar\/b7c2ed65b09124eadbd26308cb41b0914443ac5831a7c765bb6af2b92cfc3f06?s=96&d=mm&r=g","caption":"Dirk Strickmann"},"url":"https:\/\/www.radlobby.org\/noe\/author\/dirk\/"}]}},"_links":{"self":[{"href":"https:\/\/www.radlobby.org\/noe\/wp-json\/wp\/v2\/posts\/36168","targetHints":{"allow":["GET"]}}],"collection":[{"href":"https:\/\/www.radlobby.org\/noe\/wp-json\/wp\/v2\/posts"}],"about":[{"href":"https:\/\/www.radlobby.org\/noe\/wp-json\/wp\/v2\/types\/post"}],"author":[{"embeddable":true,"href":"https:\/\/www.radlobby.org\/noe\/wp-json\/wp\/v2\/users\/88"}],"replies":[{"embeddable":true,"href":"https:\/\/www.radlobby.org\/noe\/wp-json\/wp\/v2\/comments?post=36168"}],"version-history":[{"count":12,"href":"https:\/\/www.radlobby.org\/noe\/wp-json\/wp\/v2\/posts\/36168\/revisions"}],"predecessor-version":[{"id":36184,"href":"https:\/\/www.radlobby.org\/noe\/wp-json\/wp\/v2\/posts\/36168\/revisions\/36184"}],"wp:featuredmedia":[{"embeddable":true,"href":"https:\/\/www.radlobby.org\/noe\/wp-json\/wp\/v2\/media\/36176"}],"wp:attachment":[{"href":"https:\/\/www.radlobby.org\/noe\/wp-json\/wp\/v2\/media?parent=36168"}],"wp:term":[{"taxonomy":"category","embeddable":true,"href":"https:\/\/www.radlobby.org\/noe\/wp-json\/wp\/v2\/categories?post=36168"},{"taxonomy":"post_tag","embeddable":true,"href":"https:\/\/www.radlobby.org\/noe\/wp-json\/wp\/v2\/tags?post=36168"}],"curies":[{"name":"wp","href":"https:\/\/api.w.org\/{rel}","templated":true}]}}