{"id":36157,"date":"2024-08-26T21:35:13","date_gmt":"2024-08-26T19:35:13","guid":{"rendered":"https:\/\/www.radlobby.org\/noe\/?p=36157"},"modified":"2024-08-26T21:35:13","modified_gmt":"2024-08-26T19:35:13","slug":"vortrag-kolumbien-land-in-bewegung-18-september-2024","status":"publish","type":"post","link":"https:\/\/www.radlobby.org\/noe\/vortrag-kolumbien-land-in-bewegung-18-september-2024\/","title":{"rendered":"Vortrag: KOLUMBIEN &#8211; Land in Bewegung 18. September 2024"},"content":{"rendered":"<p><img loading=\"lazy\" decoding=\"async\" class=\"size-medium wp-image-36211 alignleft\" src=\"https:\/\/www.radlobby.org\/noe\/wp-content\/uploads\/RadVortrag_Simi-1-212x300.png\" alt=\"\" width=\"212\" height=\"300\" \/><\/p>\n<p>&nbsp;<\/p>\n<p>&nbsp;<\/p>\n<p>Am 18. September berichtet Fotoreporter Wolfgang Simlinger im Gasthof Wallner (St. Valentin) \u00fcber \u201edas Fortbewegungsmittel\u201c des Landes. Jeden Sonn- und Feiertag sind Bogot\u00e1s Stra\u00dfen nur f\u00fcr Radfahrer*innen und Fu\u00dfg\u00e4nger*innen offen. Radfahren ist Kult und vereint diese bunte Metropole und ihre unterschiedlichen Gesellschaftsschichten.<\/p>\n","protected":false},"excerpt":{"rendered":"<p>&nbsp; &nbsp; Am 18. September berichtet Fotoreporter Wolfgang Simlinger im Gasthof Wallner (St. Valentin) \u00fcber \u201edas Fortbewegungsmittel\u201c des Landes. Jeden Sonn- und Feiertag sind Bogot\u00e1s Stra\u00dfen nur f\u00fcr Radfahrer*innen und Fu\u00dfg\u00e4nger*innen offen. Radfahren ist Kult und vereint diese bunte Metropole<\/p>\n","protected":false},"author":83,"featured_media":36211,"comment_status":"closed","ping_status":"closed","sticky":false,"template":"","format":"standard","meta":{"footnotes":""},"categories":[321,20],"tags":[],"class_list":["post-36157","post","type-post","status-publish","format-standard","has-post-thumbnail","hentry","category-enns-donauwinkel","category-niederoesterreich"],"yoast_head":"<!-- This site is optimized with the Yoast SEO plugin v26.9 - https:\/\/yoast.com\/product\/yoast-seo-wordpress\/ -->\n<title>Vortrag: KOLUMBIEN - Land in Bewegung 18. September 2024 - Radlobby Nieder\u00f6sterreich<\/title>\n<meta name=\"robots\" content=\"index, follow, max-snippet:-1, max-image-preview:large, max-video-preview:-1\" \/>\n<link rel=\"canonical\" href=\"https:\/\/www.radlobby.org\/noe\/vortrag-kolumbien-land-in-bewegung-18-september-2024\/\" \/>\n<meta property=\"og:locale\" content=\"de_DE\" \/>\n<meta property=\"og:type\" content=\"article\" \/>\n<meta property=\"og:title\" content=\"Vortrag: KOLUMBIEN - Land in Bewegung 18. September 2024 - Radlobby Nieder\u00f6sterreich\" \/>\n<meta property=\"og:description\" content=\"&nbsp; &nbsp; Am 18. September berichtet Fotoreporter Wolfgang Simlinger im Gasthof Wallner (St. Valentin) \u00fcber \u201edas Fortbewegungsmittel\u201c des Landes. Jeden Sonn- und Feiertag sind Bogot\u00e1s Stra\u00dfen nur f\u00fcr Radfahrer*innen und Fu\u00dfg\u00e4nger*innen offen. Radfahren ist Kult und vereint diese bunte Metropole\" \/>\n<meta property=\"og:url\" content=\"https:\/\/www.radlobby.org\/noe\/vortrag-kolumbien-land-in-bewegung-18-september-2024\/\" \/>\n<meta property=\"og:site_name\" content=\"Radlobby Nieder\u00f6sterreich\" \/>\n<meta property=\"article:publisher\" content=\"https:\/\/www.facebook.com\/groups\/radfahren.in.noe\/\" \/>\n<meta property=\"article:published_time\" content=\"2024-08-26T19:35:13+00:00\" \/>\n<meta property=\"og:image\" content=\"https:\/\/www.radlobby.org\/noe\/wp-content\/uploads\/RadVortrag_Simi-1.png\" \/>\n\t<meta property=\"og:image:width\" content=\"750\" \/>\n\t<meta property=\"og:image:height\" content=\"1060\" \/>\n\t<meta property=\"og:image:type\" content=\"image\/png\" \/>\n<meta name=\"author\" content=\"Susanne Kimeswenger\" \/>\n<meta name=\"twitter:card\" content=\"summary_large_image\" \/>\n<meta name=\"twitter:label1\" content=\"Verfasst von\" \/>\n\t<meta name=\"twitter:data1\" content=\"Susanne Kimeswenger\" \/>\n\t<meta name=\"twitter:label2\" content=\"Gesch\u00e4tzte Lesezeit\" \/>\n\t<meta name=\"twitter:data2\" content=\"1\u00a0Minute\" \/>\n<script type=\"application\/ld+json\" class=\"yoast-schema-graph\">{\"@context\":\"https:\/\/schema.org\",\"@graph\":[{\"@type\":\"Article\",\"@id\":\"https:\/\/www.radlobby.org\/noe\/vortrag-kolumbien-land-in-bewegung-18-september-2024\/#article\",\"isPartOf\":{\"@id\":\"https:\/\/www.radlobby.org\/noe\/vortrag-kolumbien-land-in-bewegung-18-september-2024\/\"},\"author\":{\"name\":\"Susanne Kimeswenger\",\"@id\":\"https:\/\/www.radlobby.org\/noe\/#\/schema\/person\/ce5e151487534254d7653bb05dd062a6\"},\"headline\":\"Vortrag: KOLUMBIEN &#8211; Land in Bewegung 18. September 2024\",\"datePublished\":\"2024-08-26T19:35:13+00:00\",\"mainEntityOfPage\":{\"@id\":\"https:\/\/www.radlobby.org\/noe\/vortrag-kolumbien-land-in-bewegung-18-september-2024\/\"},\"wordCount\":57,\"publisher\":{\"@id\":\"https:\/\/www.radlobby.org\/noe\/#organization\"},\"image\":{\"@id\":\"https:\/\/www.radlobby.org\/noe\/vortrag-kolumbien-land-in-bewegung-18-september-2024\/#primaryimage\"},\"thumbnailUrl\":\"https:\/\/www.radlobby.org\/noe\/wp-content\/uploads\/RadVortrag_Simi-1-e1724938266874.png\",\"articleSection\":[\"Radlobby Enns-Donauwinkel\",\"Radlobby Nieder\u00f6sterreich\"],\"inLanguage\":\"de\"},{\"@type\":\"WebPage\",\"@id\":\"https:\/\/www.radlobby.org\/noe\/vortrag-kolumbien-land-in-bewegung-18-september-2024\/\",\"url\":\"https:\/\/www.radlobby.org\/noe\/vortrag-kolumbien-land-in-bewegung-18-september-2024\/\",\"name\":\"Vortrag: KOLUMBIEN - Land in Bewegung 18. September 2024 - Radlobby Nieder\u00f6sterreich\",\"isPartOf\":{\"@id\":\"https:\/\/www.radlobby.org\/noe\/#website\"},\"primaryImageOfPage\":{\"@id\":\"https:\/\/www.radlobby.org\/noe\/vortrag-kolumbien-land-in-bewegung-18-september-2024\/#primaryimage\"},\"image\":{\"@id\":\"https:\/\/www.radlobby.org\/noe\/vortrag-kolumbien-land-in-bewegung-18-september-2024\/#primaryimage\"},\"thumbnailUrl\":\"https:\/\/www.radlobby.org\/noe\/wp-content\/uploads\/RadVortrag_Simi-1-e1724938266874.png\",\"datePublished\":\"2024-08-26T19:35:13+00:00\",\"breadcrumb\":{\"@id\":\"https:\/\/www.radlobby.org\/noe\/vortrag-kolumbien-land-in-bewegung-18-september-2024\/#breadcrumb\"},\"inLanguage\":\"de\",\"potentialAction\":[{\"@type\":\"ReadAction\",\"target\":[\"https:\/\/www.radlobby.org\/noe\/vortrag-kolumbien-land-in-bewegung-18-september-2024\/\"]}]},{\"@type\":\"ImageObject\",\"inLanguage\":\"de\",\"@id\":\"https:\/\/www.radlobby.org\/noe\/vortrag-kolumbien-land-in-bewegung-18-september-2024\/#primaryimage\",\"url\":\"https:\/\/www.radlobby.org\/noe\/wp-content\/uploads\/RadVortrag_Simi-1-e1724938266874.png\",\"contentUrl\":\"https:\/\/www.radlobby.org\/noe\/wp-content\/uploads\/RadVortrag_Simi-1-e1724938266874.png\",\"width\":1238,\"height\":1384},{\"@type\":\"BreadcrumbList\",\"@id\":\"https:\/\/www.radlobby.org\/noe\/vortrag-kolumbien-land-in-bewegung-18-september-2024\/#breadcrumb\",\"itemListElement\":[{\"@type\":\"ListItem\",\"position\":1,\"name\":\"Startseite\",\"item\":\"https:\/\/www.radlobby.org\/noe\/\"},{\"@type\":\"ListItem\",\"position\":2,\"name\":\"Vortrag: KOLUMBIEN &#8211; Land in Bewegung 18. September 2024\"}]},{\"@type\":\"WebSite\",\"@id\":\"https:\/\/www.radlobby.org\/noe\/#website\",\"url\":\"https:\/\/www.radlobby.org\/noe\/\",\"name\":\"Radlobby Nieder\u00f6sterreich\",\"description\":\"Radverkehr, Fahrrad, Radfahren, Radreisen, Radtouren, Radweg\",\"publisher\":{\"@id\":\"https:\/\/www.radlobby.org\/noe\/#organization\"},\"potentialAction\":[{\"@type\":\"SearchAction\",\"target\":{\"@type\":\"EntryPoint\",\"urlTemplate\":\"https:\/\/www.radlobby.org\/noe\/?s={search_term_string}\"},\"query-input\":{\"@type\":\"PropertyValueSpecification\",\"valueRequired\":true,\"valueName\":\"search_term_string\"}}],\"inLanguage\":\"de\"},{\"@type\":\"Organization\",\"@id\":\"https:\/\/www.radlobby.org\/noe\/#organization\",\"name\":\"Radlobby Nieder\u00f6sterreich\",\"url\":\"https:\/\/www.radlobby.org\/noe\/\",\"logo\":{\"@type\":\"ImageObject\",\"inLanguage\":\"de\",\"@id\":\"https:\/\/www.radlobby.org\/noe\/#\/schema\/logo\/image\/\",\"url\":\"https:\/\/www.radlobby.org\/noe\/wp-content\/uploads\/2017\/01\/cropped-Logo_Radlobby_Niederoesterreich_50-400px_quer-1.jpg\",\"contentUrl\":\"https:\/\/www.radlobby.org\/noe\/wp-content\/uploads\/2017\/01\/cropped-Logo_Radlobby_Niederoesterreich_50-400px_quer-1.jpg\",\"width\":450,\"height\":124,\"caption\":\"Radlobby Nieder\u00f6sterreich\"},\"image\":{\"@id\":\"https:\/\/www.radlobby.org\/noe\/#\/schema\/logo\/image\/\"},\"sameAs\":[\"https:\/\/www.facebook.com\/groups\/radfahren.in.noe\/\"]},{\"@type\":\"Person\",\"@id\":\"https:\/\/www.radlobby.org\/noe\/#\/schema\/person\/ce5e151487534254d7653bb05dd062a6\",\"name\":\"Susanne Kimeswenger\",\"image\":{\"@type\":\"ImageObject\",\"inLanguage\":\"de\",\"@id\":\"https:\/\/www.radlobby.org\/noe\/#\/schema\/person\/image\/\",\"url\":\"https:\/\/secure.gravatar.com\/avatar\/48e5c56a6569a7299f4b72186fca254af3cffa3c70732f743e64c0858327c4bb?s=96&d=mm&r=g\",\"contentUrl\":\"https:\/\/secure.gravatar.com\/avatar\/48e5c56a6569a7299f4b72186fca254af3cffa3c70732f743e64c0858327c4bb?s=96&d=mm&r=g\",\"caption\":\"Susanne Kimeswenger\"},\"url\":\"https:\/\/www.radlobby.org\/noe\/author\/susanne-kimeswenger\/\"}]}<\/script>\n<!-- \/ Yoast SEO plugin. -->","yoast_head_json":{"title":"Vortrag: KOLUMBIEN - Land in Bewegung 18. September 2024 - Radlobby Nieder\u00f6sterreich","robots":{"index":"index","follow":"follow","max-snippet":"max-snippet:-1","max-image-preview":"max-image-preview:large","max-video-preview":"max-video-preview:-1"},"canonical":"https:\/\/www.radlobby.org\/noe\/vortrag-kolumbien-land-in-bewegung-18-september-2024\/","og_locale":"de_DE","og_type":"article","og_title":"Vortrag: KOLUMBIEN - Land in Bewegung 18. September 2024 - Radlobby Nieder\u00f6sterreich","og_description":"&nbsp; &nbsp; Am 18. September berichtet Fotoreporter Wolfgang Simlinger im Gasthof Wallner (St. Valentin) \u00fcber \u201edas Fortbewegungsmittel\u201c des Landes. Jeden Sonn- und Feiertag sind Bogot\u00e1s Stra\u00dfen nur f\u00fcr Radfahrer*innen und Fu\u00dfg\u00e4nger*innen offen. Radfahren ist Kult und vereint diese bunte Metropole","og_url":"https:\/\/www.radlobby.org\/noe\/vortrag-kolumbien-land-in-bewegung-18-september-2024\/","og_site_name":"Radlobby Nieder\u00f6sterreich","article_publisher":"https:\/\/www.facebook.com\/groups\/radfahren.in.noe\/","article_published_time":"2024-08-26T19:35:13+00:00","og_image":[{"url":"https:\/\/www.radlobby.org\/noe\/wp-content\/uploads\/RadVortrag_Simi-1.png","width":750,"height":1060,"type":"image\/png"}],"author":"Susanne Kimeswenger","twitter_card":"summary_large_image","twitter_misc":{"Verfasst von":"Susanne Kimeswenger","Gesch\u00e4tzte Lesezeit":"1\u00a0Minute"},"schema":{"@context":"https:\/\/schema.org","@graph":[{"@type":"Article","@id":"https:\/\/www.radlobby.org\/noe\/vortrag-kolumbien-land-in-bewegung-18-september-2024\/#article","isPartOf":{"@id":"https:\/\/www.radlobby.org\/noe\/vortrag-kolumbien-land-in-bewegung-18-september-2024\/"},"author":{"name":"Susanne Kimeswenger","@id":"https:\/\/www.radlobby.org\/noe\/#\/schema\/person\/ce5e151487534254d7653bb05dd062a6"},"headline":"Vortrag: KOLUMBIEN &#8211; Land in Bewegung 18. September 2024","datePublished":"2024-08-26T19:35:13+00:00","mainEntityOfPage":{"@id":"https:\/\/www.radlobby.org\/noe\/vortrag-kolumbien-land-in-bewegung-18-september-2024\/"},"wordCount":57,"publisher":{"@id":"https:\/\/www.radlobby.org\/noe\/#organization"},"image":{"@id":"https:\/\/www.radlobby.org\/noe\/vortrag-kolumbien-land-in-bewegung-18-september-2024\/#primaryimage"},"thumbnailUrl":"https:\/\/www.radlobby.org\/noe\/wp-content\/uploads\/RadVortrag_Simi-1-e1724938266874.png","articleSection":["Radlobby Enns-Donauwinkel","Radlobby Nieder\u00f6sterreich"],"inLanguage":"de"},{"@type":"WebPage","@id":"https:\/\/www.radlobby.org\/noe\/vortrag-kolumbien-land-in-bewegung-18-september-2024\/","url":"https:\/\/www.radlobby.org\/noe\/vortrag-kolumbien-land-in-bewegung-18-september-2024\/","name":"Vortrag: KOLUMBIEN - Land in Bewegung 18. September 2024 - Radlobby Nieder\u00f6sterreich","isPartOf":{"@id":"https:\/\/www.radlobby.org\/noe\/#website"},"primaryImageOfPage":{"@id":"https:\/\/www.radlobby.org\/noe\/vortrag-kolumbien-land-in-bewegung-18-september-2024\/#primaryimage"},"image":{"@id":"https:\/\/www.radlobby.org\/noe\/vortrag-kolumbien-land-in-bewegung-18-september-2024\/#primaryimage"},"thumbnailUrl":"https:\/\/www.radlobby.org\/noe\/wp-content\/uploads\/RadVortrag_Simi-1-e1724938266874.png","datePublished":"2024-08-26T19:35:13+00:00","breadcrumb":{"@id":"https:\/\/www.radlobby.org\/noe\/vortrag-kolumbien-land-in-bewegung-18-september-2024\/#breadcrumb"},"inLanguage":"de","potentialAction":[{"@type":"ReadAction","target":["https:\/\/www.radlobby.org\/noe\/vortrag-kolumbien-land-in-bewegung-18-september-2024\/"]}]},{"@type":"ImageObject","inLanguage":"de","@id":"https:\/\/www.radlobby.org\/noe\/vortrag-kolumbien-land-in-bewegung-18-september-2024\/#primaryimage","url":"https:\/\/www.radlobby.org\/noe\/wp-content\/uploads\/RadVortrag_Simi-1-e1724938266874.png","contentUrl":"https:\/\/www.radlobby.org\/noe\/wp-content\/uploads\/RadVortrag_Simi-1-e1724938266874.png","width":1238,"height":1384},{"@type":"BreadcrumbList","@id":"https:\/\/www.radlobby.org\/noe\/vortrag-kolumbien-land-in-bewegung-18-september-2024\/#breadcrumb","itemListElement":[{"@type":"ListItem","position":1,"name":"Startseite","item":"https:\/\/www.radlobby.org\/noe\/"},{"@type":"ListItem","position":2,"name":"Vortrag: KOLUMBIEN &#8211; Land in Bewegung 18. September 2024"}]},{"@type":"WebSite","@id":"https:\/\/www.radlobby.org\/noe\/#website","url":"https:\/\/www.radlobby.org\/noe\/","name":"Radlobby Nieder\u00f6sterreich","description":"Radverkehr, Fahrrad, Radfahren, Radreisen, Radtouren, Radweg","publisher":{"@id":"https:\/\/www.radlobby.org\/noe\/#organization"},"potentialAction":[{"@type":"SearchAction","target":{"@type":"EntryPoint","urlTemplate":"https:\/\/www.radlobby.org\/noe\/?s={search_term_string}"},"query-input":{"@type":"PropertyValueSpecification","valueRequired":true,"valueName":"search_term_string"}}],"inLanguage":"de"},{"@type":"Organization","@id":"https:\/\/www.radlobby.org\/noe\/#organization","name":"Radlobby Nieder\u00f6sterreich","url":"https:\/\/www.radlobby.org\/noe\/","logo":{"@type":"ImageObject","inLanguage":"de","@id":"https:\/\/www.radlobby.org\/noe\/#\/schema\/logo\/image\/","url":"https:\/\/www.radlobby.org\/noe\/wp-content\/uploads\/2017\/01\/cropped-Logo_Radlobby_Niederoesterreich_50-400px_quer-1.jpg","contentUrl":"https:\/\/www.radlobby.org\/noe\/wp-content\/uploads\/2017\/01\/cropped-Logo_Radlobby_Niederoesterreich_50-400px_quer-1.jpg","width":450,"height":124,"caption":"Radlobby Nieder\u00f6sterreich"},"image":{"@id":"https:\/\/www.radlobby.org\/noe\/#\/schema\/logo\/image\/"},"sameAs":["https:\/\/www.facebook.com\/groups\/radfahren.in.noe\/"]},{"@type":"Person","@id":"https:\/\/www.radlobby.org\/noe\/#\/schema\/person\/ce5e151487534254d7653bb05dd062a6","name":"Susanne Kimeswenger","image":{"@type":"ImageObject","inLanguage":"de","@id":"https:\/\/www.radlobby.org\/noe\/#\/schema\/person\/image\/","url":"https:\/\/secure.gravatar.com\/avatar\/48e5c56a6569a7299f4b72186fca254af3cffa3c70732f743e64c0858327c4bb?s=96&d=mm&r=g","contentUrl":"https:\/\/secure.gravatar.com\/avatar\/48e5c56a6569a7299f4b72186fca254af3cffa3c70732f743e64c0858327c4bb?s=96&d=mm&r=g","caption":"Susanne Kimeswenger"},"url":"https:\/\/www.radlobby.org\/noe\/author\/susanne-kimeswenger\/"}]}},"_links":{"self":[{"href":"https:\/\/www.radlobby.org\/noe\/wp-json\/wp\/v2\/posts\/36157","targetHints":{"allow":["GET"]}}],"collection":[{"href":"https:\/\/www.radlobby.org\/noe\/wp-json\/wp\/v2\/posts"}],"about":[{"href":"https:\/\/www.radlobby.org\/noe\/wp-json\/wp\/v2\/types\/post"}],"author":[{"embeddable":true,"href":"https:\/\/www.radlobby.org\/noe\/wp-json\/wp\/v2\/users\/83"}],"replies":[{"embeddable":true,"href":"https:\/\/www.radlobby.org\/noe\/wp-json\/wp\/v2\/comments?post=36157"}],"version-history":[{"count":3,"href":"https:\/\/www.radlobby.org\/noe\/wp-json\/wp\/v2\/posts\/36157\/revisions"}],"predecessor-version":[{"id":36214,"href":"https:\/\/www.radlobby.org\/noe\/wp-json\/wp\/v2\/posts\/36157\/revisions\/36214"}],"wp:featuredmedia":[{"embeddable":true,"href":"https:\/\/www.radlobby.org\/noe\/wp-json\/wp\/v2\/media\/36211"}],"wp:attachment":[{"href":"https:\/\/www.radlobby.org\/noe\/wp-json\/wp\/v2\/media?parent=36157"}],"wp:term":[{"taxonomy":"category","embeddable":true,"href":"https:\/\/www.radlobby.org\/noe\/wp-json\/wp\/v2\/categories?post=36157"},{"taxonomy":"post_tag","embeddable":true,"href":"https:\/\/www.radlobby.org\/noe\/wp-json\/wp\/v2\/tags?post=36157"}],"curies":[{"name":"wp","href":"https:\/\/api.w.org\/{rel}","templated":true}]}}