{"id":36011,"date":"2024-07-27T22:10:36","date_gmt":"2024-07-27T20:10:36","guid":{"rendered":"https:\/\/www.radlobby.org\/noe\/?p=36011"},"modified":"2024-07-27T22:21:11","modified_gmt":"2024-07-27T20:21:11","slug":"1-kidical-mass-in-ebreichsdorf","status":"publish","type":"post","link":"https:\/\/www.radlobby.org\/noe\/1-kidical-mass-in-ebreichsdorf\/","title":{"rendered":"1. Kidical Mass in Ebreichsdorf am 21.9.2024"},"content":{"rendered":"<p>Am 21.9.2024 findet in Ebreichsdorf erstmals die kidical mass statt. Wir starten um 14 Uhr beim ALTEN Bahnhof in Ebreichsdorf. Treffpunkt ist auf dem Spielplatz gleich daneben.<\/p>\n<h3>Was ist eine &#8220;kidical mass&#8221;?<\/h3>\n<p>Das ist eine Radparade speziell f\u00fcr Kinder, bei der es darum geht, dass wir f\u00fcr gute uns sichere Radverbindungen werben &#8211; zum Beispiel zu Kinderg\u00e4rten und Schulen. Kinder und ihre erwachsenen Begleitpersonen sollen stressfrei mit dem Rad im Alltag unterwegs sein k\u00f6nnen.<\/p>\n<p>Hier gibt es noch mehr Info zur kidical mass\u00a0<a href=\"https:\/\/www.kidicalmass.at\/\">https:\/\/www.kidicalmass.at\/<\/a><\/p>\n<p>Um vom Elterntaxi aber aufs Rad umzusteigen, braucht es eine entsprechende Infrastruktur.<\/p>\n<h3>Unsere Forderungen<\/h3>\n<ul class=\"n8H08c UVNKR \">\n<li class=\"zfr3Q TYR86d eD0Rn \" dir=\"ltr\"><span class=\"C9DxTc \">Kindergerechte Radinfrastruktur (breite Radwege; durchg\u00e4ngiges Radwegnetz)<\/span><\/li>\n<li class=\"zfr3Q TYR86d eD0Rn \" dir=\"ltr\"><span class=\"C9DxTc \">Verkehrsberuhigte Zonen vor Schulen und Kinderg\u00e4rten, damit Kinder, die zu Fu\u00df oder mit dem Rad kommen, nicht durch Erwachsene mit PKW gef\u00e4hrdet werden\u00a0<\/span><\/li>\n<li class=\"zfr3Q TYR86d eD0Rn \" dir=\"ltr\"><span class=\"C9DxTc \">Kreuzungen kindergerecht gestalten (Querungshilfen &#8211; insbesondere Bundesstra\u00dfen, Sichtbeziehungen; Aufstellfl\u00e4chen)<\/span><\/li>\n<li class=\"zfr3Q TYR86d eD0Rn \" dir=\"ltr\"><span class=\"C9DxTc \">Sichere und gute Abstellpl\u00e4tze f\u00fcr R\u00e4der bei den Schulen und Kinderg\u00e4rten<\/span><\/li>\n<\/ul>\n<h3>Wir bringen die Dinge ins Rollen<\/h3>\n<p>Die Route der kidical mass f\u00fchrt zun\u00e4chst zur Volksschule in Ebreichsdorf, dann weiter entlang der Wiener Neust\u00e4dterstra\u00dfe vorbei zum neu gebauten Kindergarten beim City Center, weiter zur Volksschule in Weigelsdorf, dann weiter zum Kindergarten in Weigelsdorf, Ende der kidical mass ist auf der &#8220;Guberwiese&#8221; (Spielplatz unweit vom Kindergarten Weigelsdorf).<\/p>\n<p>Die Polizei wird uns begleiten und zusammen mit den Ordern der Radlobby gut auf alle aufpassen.<\/p>\n<p>Dauer ca. 1 Stunde.<\/p>\n<p>Wir werden so langsam fahren, dass es f\u00fcr die Kinder einfach ist mitzufahren.<\/p>\n<p>Es sind ALLE ganz herzlich eingeladen mitzuradeln, denen das sichere Radfahren f\u00fcr Kinder \/ mit Kindern ein Anliegen ist.<\/p>\n<p><b>BITTE ZAHLREICH MITFAHREN UND DIE EINLADUNG WEITERGEBEN!<\/b><\/p>\n<p>Wir freuen uns auf euch!<\/p>\n<p>Sch\u00f6nen Sommer bis dahin.<\/p>\n","protected":false},"excerpt":{"rendered":"<p>Am 21.9.2024 findet in Ebreichsdorf erstmals die kidical mass statt. Wir starten um 14 Uhr beim ALTEN Bahnhof in Ebreichsdorf. Treffpunkt ist auf dem Spielplatz gleich daneben. Was ist eine &#8220;kidical mass&#8221;? Das ist eine Radparade speziell f\u00fcr Kinder, bei<\/p>\n","protected":false},"author":42,"featured_media":36012,"comment_status":"closed","ping_status":"closed","sticky":false,"template":"","format":"standard","meta":{"footnotes":""},"categories":[668,343],"tags":[],"class_list":["post-36011","post","type-post","status-publish","format-standard","has-post-thumbnail","hentry","category-aktion","category-ebreichsdorf"],"yoast_head":"<!-- This site is optimized with the Yoast SEO plugin v26.9 - https:\/\/yoast.com\/product\/yoast-seo-wordpress\/ -->\n<title>1. Kidical Mass in Ebreichsdorf am 21.9.2024 - Radlobby Nieder\u00f6sterreich<\/title>\n<meta name=\"description\" content=\"F\u00fcr sicheres Radfahren zu Kindergarten und Schule radeln wir mit Gro\u00df und Klein gemeinsam durch Ebreichsdorf\" \/>\n<meta name=\"robots\" content=\"index, follow, max-snippet:-1, max-image-preview:large, max-video-preview:-1\" \/>\n<link rel=\"canonical\" href=\"https:\/\/www.radlobby.org\/noe\/1-kidical-mass-in-ebreichsdorf\/\" \/>\n<meta property=\"og:locale\" content=\"de_DE\" \/>\n<meta property=\"og:type\" content=\"article\" \/>\n<meta property=\"og:title\" content=\"1. Kidical Mass in Ebreichsdorf am 21.9.2024 - Radlobby Nieder\u00f6sterreich\" \/>\n<meta property=\"og:description\" content=\"F\u00fcr sicheres Radfahren zu Kindergarten und Schule radeln wir mit Gro\u00df und Klein gemeinsam durch Ebreichsdorf\" \/>\n<meta property=\"og:url\" content=\"https:\/\/www.radlobby.org\/noe\/1-kidical-mass-in-ebreichsdorf\/\" \/>\n<meta property=\"og:site_name\" content=\"Radlobby Nieder\u00f6sterreich\" \/>\n<meta property=\"article:publisher\" content=\"https:\/\/www.facebook.com\/groups\/radfahren.in.noe\/\" \/>\n<meta property=\"article:published_time\" content=\"2024-07-27T20:10:36+00:00\" \/>\n<meta property=\"article:modified_time\" content=\"2024-07-27T20:21:11+00:00\" \/>\n<meta property=\"og:image\" content=\"https:\/\/www.radlobby.org\/noe\/wp-content\/uploads\/kidicalmass-ankuendigung.jpg\" \/>\n\t<meta property=\"og:image:width\" content=\"1170\" \/>\n\t<meta property=\"og:image:height\" content=\"1654\" \/>\n\t<meta property=\"og:image:type\" content=\"image\/jpeg\" \/>\n<meta name=\"author\" content=\"Elisabeth F\u00fcssl\" \/>\n<meta name=\"twitter:card\" content=\"summary_large_image\" \/>\n<meta name=\"twitter:label1\" content=\"Verfasst von\" \/>\n\t<meta name=\"twitter:data1\" content=\"Elisabeth F\u00fcssl\" \/>\n\t<meta name=\"twitter:label2\" content=\"Gesch\u00e4tzte Lesezeit\" \/>\n\t<meta name=\"twitter:data2\" content=\"2\u00a0Minuten\" \/>\n<script type=\"application\/ld+json\" class=\"yoast-schema-graph\">{\"@context\":\"https:\/\/schema.org\",\"@graph\":[{\"@type\":\"Article\",\"@id\":\"https:\/\/www.radlobby.org\/noe\/1-kidical-mass-in-ebreichsdorf\/#article\",\"isPartOf\":{\"@id\":\"https:\/\/www.radlobby.org\/noe\/1-kidical-mass-in-ebreichsdorf\/\"},\"author\":{\"name\":\"Elisabeth F\u00fcssl\",\"@id\":\"https:\/\/www.radlobby.org\/noe\/#\/schema\/person\/18e43e1a260d8e6fa8d3ddcfea65577c\"},\"headline\":\"1. Kidical Mass in Ebreichsdorf am 21.9.2024\",\"datePublished\":\"2024-07-27T20:10:36+00:00\",\"dateModified\":\"2024-07-27T20:21:11+00:00\",\"mainEntityOfPage\":{\"@id\":\"https:\/\/www.radlobby.org\/noe\/1-kidical-mass-in-ebreichsdorf\/\"},\"wordCount\":294,\"publisher\":{\"@id\":\"https:\/\/www.radlobby.org\/noe\/#organization\"},\"image\":{\"@id\":\"https:\/\/www.radlobby.org\/noe\/1-kidical-mass-in-ebreichsdorf\/#primaryimage\"},\"thumbnailUrl\":\"https:\/\/www.radlobby.org\/noe\/wp-content\/uploads\/kidicalmass-ankuendigung.jpg\",\"articleSection\":[\"Aktion\",\"Radlobby Ebreichsdorf\"],\"inLanguage\":\"de\"},{\"@type\":\"WebPage\",\"@id\":\"https:\/\/www.radlobby.org\/noe\/1-kidical-mass-in-ebreichsdorf\/\",\"url\":\"https:\/\/www.radlobby.org\/noe\/1-kidical-mass-in-ebreichsdorf\/\",\"name\":\"1. Kidical Mass in Ebreichsdorf am 21.9.2024 - Radlobby Nieder\u00f6sterreich\",\"isPartOf\":{\"@id\":\"https:\/\/www.radlobby.org\/noe\/#website\"},\"primaryImageOfPage\":{\"@id\":\"https:\/\/www.radlobby.org\/noe\/1-kidical-mass-in-ebreichsdorf\/#primaryimage\"},\"image\":{\"@id\":\"https:\/\/www.radlobby.org\/noe\/1-kidical-mass-in-ebreichsdorf\/#primaryimage\"},\"thumbnailUrl\":\"https:\/\/www.radlobby.org\/noe\/wp-content\/uploads\/kidicalmass-ankuendigung.jpg\",\"datePublished\":\"2024-07-27T20:10:36+00:00\",\"dateModified\":\"2024-07-27T20:21:11+00:00\",\"description\":\"F\u00fcr sicheres Radfahren zu Kindergarten und Schule radeln wir mit Gro\u00df und Klein gemeinsam durch Ebreichsdorf\",\"breadcrumb\":{\"@id\":\"https:\/\/www.radlobby.org\/noe\/1-kidical-mass-in-ebreichsdorf\/#breadcrumb\"},\"inLanguage\":\"de\",\"potentialAction\":[{\"@type\":\"ReadAction\",\"target\":[\"https:\/\/www.radlobby.org\/noe\/1-kidical-mass-in-ebreichsdorf\/\"]}]},{\"@type\":\"ImageObject\",\"inLanguage\":\"de\",\"@id\":\"https:\/\/www.radlobby.org\/noe\/1-kidical-mass-in-ebreichsdorf\/#primaryimage\",\"url\":\"https:\/\/www.radlobby.org\/noe\/wp-content\/uploads\/kidicalmass-ankuendigung.jpg\",\"contentUrl\":\"https:\/\/www.radlobby.org\/noe\/wp-content\/uploads\/kidicalmass-ankuendigung.jpg\",\"width\":1170,\"height\":1654},{\"@type\":\"BreadcrumbList\",\"@id\":\"https:\/\/www.radlobby.org\/noe\/1-kidical-mass-in-ebreichsdorf\/#breadcrumb\",\"itemListElement\":[{\"@type\":\"ListItem\",\"position\":1,\"name\":\"Startseite\",\"item\":\"https:\/\/www.radlobby.org\/noe\/\"},{\"@type\":\"ListItem\",\"position\":2,\"name\":\"1. Kidical Mass in Ebreichsdorf am 21.9.2024\"}]},{\"@type\":\"WebSite\",\"@id\":\"https:\/\/www.radlobby.org\/noe\/#website\",\"url\":\"https:\/\/www.radlobby.org\/noe\/\",\"name\":\"Radlobby Nieder\u00f6sterreich\",\"description\":\"Radverkehr, Fahrrad, Radfahren, Radreisen, Radtouren, Radweg\",\"publisher\":{\"@id\":\"https:\/\/www.radlobby.org\/noe\/#organization\"},\"potentialAction\":[{\"@type\":\"SearchAction\",\"target\":{\"@type\":\"EntryPoint\",\"urlTemplate\":\"https:\/\/www.radlobby.org\/noe\/?s={search_term_string}\"},\"query-input\":{\"@type\":\"PropertyValueSpecification\",\"valueRequired\":true,\"valueName\":\"search_term_string\"}}],\"inLanguage\":\"de\"},{\"@type\":\"Organization\",\"@id\":\"https:\/\/www.radlobby.org\/noe\/#organization\",\"name\":\"Radlobby Nieder\u00f6sterreich\",\"url\":\"https:\/\/www.radlobby.org\/noe\/\",\"logo\":{\"@type\":\"ImageObject\",\"inLanguage\":\"de\",\"@id\":\"https:\/\/www.radlobby.org\/noe\/#\/schema\/logo\/image\/\",\"url\":\"https:\/\/www.radlobby.org\/noe\/wp-content\/uploads\/2017\/01\/cropped-Logo_Radlobby_Niederoesterreich_50-400px_quer-1.jpg\",\"contentUrl\":\"https:\/\/www.radlobby.org\/noe\/wp-content\/uploads\/2017\/01\/cropped-Logo_Radlobby_Niederoesterreich_50-400px_quer-1.jpg\",\"width\":450,\"height\":124,\"caption\":\"Radlobby Nieder\u00f6sterreich\"},\"image\":{\"@id\":\"https:\/\/www.radlobby.org\/noe\/#\/schema\/logo\/image\/\"},\"sameAs\":[\"https:\/\/www.facebook.com\/groups\/radfahren.in.noe\/\"]},{\"@type\":\"Person\",\"@id\":\"https:\/\/www.radlobby.org\/noe\/#\/schema\/person\/18e43e1a260d8e6fa8d3ddcfea65577c\",\"name\":\"Elisabeth F\u00fcssl\",\"image\":{\"@type\":\"ImageObject\",\"inLanguage\":\"de\",\"@id\":\"https:\/\/www.radlobby.org\/noe\/#\/schema\/person\/image\/\",\"url\":\"https:\/\/secure.gravatar.com\/avatar\/8da78945c4a86c541704ecb3d3b6f2dacb957459b67a69595a42faf62e078ab3?s=96&d=mm&r=g\",\"contentUrl\":\"https:\/\/secure.gravatar.com\/avatar\/8da78945c4a86c541704ecb3d3b6f2dacb957459b67a69595a42faf62e078ab3?s=96&d=mm&r=g\",\"caption\":\"Elisabeth F\u00fcssl\"},\"url\":\"https:\/\/www.radlobby.org\/noe\/author\/elisabeth-fuessl\/\"}]}<\/script>\n<!-- \/ Yoast SEO plugin. -->","yoast_head_json":{"title":"1. Kidical Mass in Ebreichsdorf am 21.9.2024 - Radlobby Nieder\u00f6sterreich","description":"F\u00fcr sicheres Radfahren zu Kindergarten und Schule radeln wir mit Gro\u00df und Klein gemeinsam durch Ebreichsdorf","robots":{"index":"index","follow":"follow","max-snippet":"max-snippet:-1","max-image-preview":"max-image-preview:large","max-video-preview":"max-video-preview:-1"},"canonical":"https:\/\/www.radlobby.org\/noe\/1-kidical-mass-in-ebreichsdorf\/","og_locale":"de_DE","og_type":"article","og_title":"1. Kidical Mass in Ebreichsdorf am 21.9.2024 - Radlobby Nieder\u00f6sterreich","og_description":"F\u00fcr sicheres Radfahren zu Kindergarten und Schule radeln wir mit Gro\u00df und Klein gemeinsam durch Ebreichsdorf","og_url":"https:\/\/www.radlobby.org\/noe\/1-kidical-mass-in-ebreichsdorf\/","og_site_name":"Radlobby Nieder\u00f6sterreich","article_publisher":"https:\/\/www.facebook.com\/groups\/radfahren.in.noe\/","article_published_time":"2024-07-27T20:10:36+00:00","article_modified_time":"2024-07-27T20:21:11+00:00","og_image":[{"width":1170,"height":1654,"url":"https:\/\/www.radlobby.org\/noe\/wp-content\/uploads\/kidicalmass-ankuendigung.jpg","type":"image\/jpeg"}],"author":"Elisabeth F\u00fcssl","twitter_card":"summary_large_image","twitter_misc":{"Verfasst von":"Elisabeth F\u00fcssl","Gesch\u00e4tzte Lesezeit":"2\u00a0Minuten"},"schema":{"@context":"https:\/\/schema.org","@graph":[{"@type":"Article","@id":"https:\/\/www.radlobby.org\/noe\/1-kidical-mass-in-ebreichsdorf\/#article","isPartOf":{"@id":"https:\/\/www.radlobby.org\/noe\/1-kidical-mass-in-ebreichsdorf\/"},"author":{"name":"Elisabeth F\u00fcssl","@id":"https:\/\/www.radlobby.org\/noe\/#\/schema\/person\/18e43e1a260d8e6fa8d3ddcfea65577c"},"headline":"1. Kidical Mass in Ebreichsdorf am 21.9.2024","datePublished":"2024-07-27T20:10:36+00:00","dateModified":"2024-07-27T20:21:11+00:00","mainEntityOfPage":{"@id":"https:\/\/www.radlobby.org\/noe\/1-kidical-mass-in-ebreichsdorf\/"},"wordCount":294,"publisher":{"@id":"https:\/\/www.radlobby.org\/noe\/#organization"},"image":{"@id":"https:\/\/www.radlobby.org\/noe\/1-kidical-mass-in-ebreichsdorf\/#primaryimage"},"thumbnailUrl":"https:\/\/www.radlobby.org\/noe\/wp-content\/uploads\/kidicalmass-ankuendigung.jpg","articleSection":["Aktion","Radlobby Ebreichsdorf"],"inLanguage":"de"},{"@type":"WebPage","@id":"https:\/\/www.radlobby.org\/noe\/1-kidical-mass-in-ebreichsdorf\/","url":"https:\/\/www.radlobby.org\/noe\/1-kidical-mass-in-ebreichsdorf\/","name":"1. Kidical Mass in Ebreichsdorf am 21.9.2024 - Radlobby Nieder\u00f6sterreich","isPartOf":{"@id":"https:\/\/www.radlobby.org\/noe\/#website"},"primaryImageOfPage":{"@id":"https:\/\/www.radlobby.org\/noe\/1-kidical-mass-in-ebreichsdorf\/#primaryimage"},"image":{"@id":"https:\/\/www.radlobby.org\/noe\/1-kidical-mass-in-ebreichsdorf\/#primaryimage"},"thumbnailUrl":"https:\/\/www.radlobby.org\/noe\/wp-content\/uploads\/kidicalmass-ankuendigung.jpg","datePublished":"2024-07-27T20:10:36+00:00","dateModified":"2024-07-27T20:21:11+00:00","description":"F\u00fcr sicheres Radfahren zu Kindergarten und Schule radeln wir mit Gro\u00df und Klein gemeinsam durch Ebreichsdorf","breadcrumb":{"@id":"https:\/\/www.radlobby.org\/noe\/1-kidical-mass-in-ebreichsdorf\/#breadcrumb"},"inLanguage":"de","potentialAction":[{"@type":"ReadAction","target":["https:\/\/www.radlobby.org\/noe\/1-kidical-mass-in-ebreichsdorf\/"]}]},{"@type":"ImageObject","inLanguage":"de","@id":"https:\/\/www.radlobby.org\/noe\/1-kidical-mass-in-ebreichsdorf\/#primaryimage","url":"https:\/\/www.radlobby.org\/noe\/wp-content\/uploads\/kidicalmass-ankuendigung.jpg","contentUrl":"https:\/\/www.radlobby.org\/noe\/wp-content\/uploads\/kidicalmass-ankuendigung.jpg","width":1170,"height":1654},{"@type":"BreadcrumbList","@id":"https:\/\/www.radlobby.org\/noe\/1-kidical-mass-in-ebreichsdorf\/#breadcrumb","itemListElement":[{"@type":"ListItem","position":1,"name":"Startseite","item":"https:\/\/www.radlobby.org\/noe\/"},{"@type":"ListItem","position":2,"name":"1. Kidical Mass in Ebreichsdorf am 21.9.2024"}]},{"@type":"WebSite","@id":"https:\/\/www.radlobby.org\/noe\/#website","url":"https:\/\/www.radlobby.org\/noe\/","name":"Radlobby Nieder\u00f6sterreich","description":"Radverkehr, Fahrrad, Radfahren, Radreisen, Radtouren, Radweg","publisher":{"@id":"https:\/\/www.radlobby.org\/noe\/#organization"},"potentialAction":[{"@type":"SearchAction","target":{"@type":"EntryPoint","urlTemplate":"https:\/\/www.radlobby.org\/noe\/?s={search_term_string}"},"query-input":{"@type":"PropertyValueSpecification","valueRequired":true,"valueName":"search_term_string"}}],"inLanguage":"de"},{"@type":"Organization","@id":"https:\/\/www.radlobby.org\/noe\/#organization","name":"Radlobby Nieder\u00f6sterreich","url":"https:\/\/www.radlobby.org\/noe\/","logo":{"@type":"ImageObject","inLanguage":"de","@id":"https:\/\/www.radlobby.org\/noe\/#\/schema\/logo\/image\/","url":"https:\/\/www.radlobby.org\/noe\/wp-content\/uploads\/2017\/01\/cropped-Logo_Radlobby_Niederoesterreich_50-400px_quer-1.jpg","contentUrl":"https:\/\/www.radlobby.org\/noe\/wp-content\/uploads\/2017\/01\/cropped-Logo_Radlobby_Niederoesterreich_50-400px_quer-1.jpg","width":450,"height":124,"caption":"Radlobby Nieder\u00f6sterreich"},"image":{"@id":"https:\/\/www.radlobby.org\/noe\/#\/schema\/logo\/image\/"},"sameAs":["https:\/\/www.facebook.com\/groups\/radfahren.in.noe\/"]},{"@type":"Person","@id":"https:\/\/www.radlobby.org\/noe\/#\/schema\/person\/18e43e1a260d8e6fa8d3ddcfea65577c","name":"Elisabeth F\u00fcssl","image":{"@type":"ImageObject","inLanguage":"de","@id":"https:\/\/www.radlobby.org\/noe\/#\/schema\/person\/image\/","url":"https:\/\/secure.gravatar.com\/avatar\/8da78945c4a86c541704ecb3d3b6f2dacb957459b67a69595a42faf62e078ab3?s=96&d=mm&r=g","contentUrl":"https:\/\/secure.gravatar.com\/avatar\/8da78945c4a86c541704ecb3d3b6f2dacb957459b67a69595a42faf62e078ab3?s=96&d=mm&r=g","caption":"Elisabeth F\u00fcssl"},"url":"https:\/\/www.radlobby.org\/noe\/author\/elisabeth-fuessl\/"}]}},"_links":{"self":[{"href":"https:\/\/www.radlobby.org\/noe\/wp-json\/wp\/v2\/posts\/36011","targetHints":{"allow":["GET"]}}],"collection":[{"href":"https:\/\/www.radlobby.org\/noe\/wp-json\/wp\/v2\/posts"}],"about":[{"href":"https:\/\/www.radlobby.org\/noe\/wp-json\/wp\/v2\/types\/post"}],"author":[{"embeddable":true,"href":"https:\/\/www.radlobby.org\/noe\/wp-json\/wp\/v2\/users\/42"}],"replies":[{"embeddable":true,"href":"https:\/\/www.radlobby.org\/noe\/wp-json\/wp\/v2\/comments?post=36011"}],"version-history":[{"count":6,"href":"https:\/\/www.radlobby.org\/noe\/wp-json\/wp\/v2\/posts\/36011\/revisions"}],"predecessor-version":[{"id":36021,"href":"https:\/\/www.radlobby.org\/noe\/wp-json\/wp\/v2\/posts\/36011\/revisions\/36021"}],"wp:featuredmedia":[{"embeddable":true,"href":"https:\/\/www.radlobby.org\/noe\/wp-json\/wp\/v2\/media\/36012"}],"wp:attachment":[{"href":"https:\/\/www.radlobby.org\/noe\/wp-json\/wp\/v2\/media?parent=36011"}],"wp:term":[{"taxonomy":"category","embeddable":true,"href":"https:\/\/www.radlobby.org\/noe\/wp-json\/wp\/v2\/categories?post=36011"},{"taxonomy":"post_tag","embeddable":true,"href":"https:\/\/www.radlobby.org\/noe\/wp-json\/wp\/v2\/tags?post=36011"}],"curies":[{"name":"wp","href":"https:\/\/api.w.org\/{rel}","templated":true}]}}