{"id":36003,"date":"2024-07-26T21:34:12","date_gmt":"2024-07-26T19:34:12","guid":{"rendered":"https:\/\/www.radlobby.org\/noe\/?p=36003"},"modified":"2024-07-26T21:37:55","modified_gmt":"2024-07-26T19:37:55","slug":"radkino-wodo-20240920","status":"publish","type":"post","link":"https:\/\/www.radlobby.org\/noe\/radkino-wodo-20240920\/","title":{"rendered":"Radkino"},"content":{"rendered":"<p>Der Film \u201e<b>Immer die Radfahrer<\/b>\u201c wird im Anschluss an die <a href=\"https:\/\/www.radlobby.org\/noe\/fesch-am-rad-2024\/\">&#8220;Fesch-am-Radl-Tour&#8221;<\/a> gezeigt, die um 18:00 Uhr beim Schloss startet.<\/p>\n<p>Der Film bietet Unterhaltung f\u00fcr alle Altersgruppen und zeigt u.a. auf humorvolle Weise die Nutzung des Fahrrades in der Freizeit und im Tourismus zu einer Zeit, in der sich das Auto als Massenverkehrsmittel durchzusetzen begann.<\/p>\n<p><a href=\"https:\/\/www.radlobby.org\/noe\/wp-content\/uploads\/Immer_diese_Radfahrer_Titelfoto.webp\" data-src=\"https:\/\/www.radlobby.org\/noe\/wp-content\/uploads\/Immer_diese_Radfahrer_Titelfoto.webp\" data-thumb=\"https:\/\/www.radlobby.org\/noe\/wp-content\/uploads\/Immer_diese_Radfahrer_Titelfoto-300x169.webp\" class=\"ml-lightbox-enabled\"><img loading=\"lazy\" decoding=\"async\" class=\"alignnone wp-image-36000 size-medium\" src=\"https:\/\/www.radlobby.org\/noe\/wp-content\/uploads\/Immer_diese_Radfahrer_Titelfoto-300x169.webp\" alt=\"\" width=\"300\" height=\"169\" srcset=\"https:\/\/www.radlobby.org\/noe\/wp-content\/uploads\/Immer_diese_Radfahrer_Titelfoto-300x169.webp 300w, https:\/\/www.radlobby.org\/noe\/wp-content\/uploads\/Immer_diese_Radfahrer_Titelfoto.webp 389w\" sizes=\"auto, (max-width: 300px) 100vw, 300px\" \/><\/a><\/p>\n<p><strong>Zeit:<\/strong> 20.9.2024, 19:00 Uhr \/ Filmstart 19:15 Uhr<\/p>\n<p><strong>mit Buffet<\/strong><\/p>\n<p><strong>Eintritt und Buffet:<\/strong> freie Spende<\/p>\n<p>\u201e<b>Immer die Radfahrer<\/b>\u201c ist eine deutsch-\u00f6sterreichische Filmkom\u00f6die aus dem Jahr 1958.<\/p>\n<p><b>Wikipedia<\/b>: Die Dreharbeiten des von der Wiener Mundus-Film Dr. Alfred St\u00f6ger (Wien), Kurt Ulrich-Film GmbH (Berlin), hergestellten Films, fanden in den Ateliers der Wien-Film Gesellschaft mbH Atelier Rosenh\u00fcgel und in K\u00e4rnten statt. F\u00fcr die fiktive Stadt Burgsteinach, das Ziel der beiden Radtouren, stand die Stadt Gm\u00fcnd in K\u00e4rnten ein. Die Szenen um die Freilichtb\u00fchne wurden n\u00e4chst dem (zu jener Zeit im R\u00fcckbau begriffenen) Wiener Schloss P\u00f6tzleinsdorf gedreht. Zu Beginn der Reise sind die drei Radfahrer vor dem Panorama der Heiligenkreuzkirche Villach am gegen\u00fcberliegenden Ufer der Drau zu sehen, kurz darauf passieren sie die Burg Hochosterwitz.<\/p>\n<p>&nbsp;<\/p>\n","protected":false},"excerpt":{"rendered":"<p>Der Film \u201eImmer die Radfahrer\u201c wird im Anschluss an die &#8220;Fesch-am-Radl-Tour&#8221; gezeigt, die um 18:00 Uhr beim Schloss startet. Der Film bietet Unterhaltung f\u00fcr alle Altersgruppen und zeigt u.a. auf humorvolle Weise die Nutzung des Fahrrades in der Freizeit und<\/p>\n","protected":false},"author":3,"featured_media":36000,"comment_status":"closed","ping_status":"closed","sticky":false,"template":"","format":"standard","meta":{"footnotes":""},"categories":[16],"tags":[715,707,714],"class_list":["post-36003","post","type-post","status-publish","format-standard","has-post-thumbnail","hentry","category-wolkersdorf","tag-immer-diese-radfahrer","tag-kino","tag-radkino"],"yoast_head":"<!-- This site is optimized with the Yoast SEO plugin v26.9 - https:\/\/yoast.com\/product\/yoast-seo-wordpress\/ -->\n<title>Radkino - Radlobby Nieder\u00f6sterreich<\/title>\n<meta name=\"robots\" content=\"index, follow, max-snippet:-1, max-image-preview:large, max-video-preview:-1\" \/>\n<link rel=\"canonical\" href=\"https:\/\/www.radlobby.org\/noe\/radkino-wodo-20240920\/\" \/>\n<meta property=\"og:locale\" content=\"de_DE\" \/>\n<meta property=\"og:type\" content=\"article\" \/>\n<meta property=\"og:title\" content=\"Radkino - Radlobby Nieder\u00f6sterreich\" \/>\n<meta property=\"og:description\" content=\"Der Film \u201eImmer die Radfahrer\u201c wird im Anschluss an die &#8220;Fesch-am-Radl-Tour&#8221; gezeigt, die um 18:00 Uhr beim Schloss startet. Der Film bietet Unterhaltung f\u00fcr alle Altersgruppen und zeigt u.a. auf humorvolle Weise die Nutzung des Fahrrades in der Freizeit und\" \/>\n<meta property=\"og:url\" content=\"https:\/\/www.radlobby.org\/noe\/radkino-wodo-20240920\/\" \/>\n<meta property=\"og:site_name\" content=\"Radlobby Nieder\u00f6sterreich\" \/>\n<meta property=\"article:publisher\" content=\"https:\/\/www.facebook.com\/groups\/radfahren.in.noe\/\" \/>\n<meta property=\"article:published_time\" content=\"2024-07-26T19:34:12+00:00\" \/>\n<meta property=\"article:modified_time\" content=\"2024-07-26T19:37:55+00:00\" \/>\n<meta property=\"og:image\" content=\"https:\/\/www.radlobby.org\/noe\/wp-content\/uploads\/Immer_diese_Radfahrer_Titelfoto.webp\" \/>\n\t<meta property=\"og:image:width\" content=\"389\" \/>\n\t<meta property=\"og:image:height\" content=\"219\" \/>\n\t<meta property=\"og:image:type\" content=\"image\/webp\" \/>\n<meta name=\"author\" content=\"Hermann Hiebner\" \/>\n<meta name=\"twitter:card\" content=\"summary_large_image\" \/>\n<meta name=\"twitter:label1\" content=\"Verfasst von\" \/>\n\t<meta name=\"twitter:data1\" content=\"Hermann Hiebner\" \/>\n\t<meta name=\"twitter:label2\" content=\"Gesch\u00e4tzte Lesezeit\" \/>\n\t<meta name=\"twitter:data2\" content=\"2\u00a0Minuten\" \/>\n<script type=\"application\/ld+json\" class=\"yoast-schema-graph\">{\"@context\":\"https:\/\/schema.org\",\"@graph\":[{\"@type\":\"Article\",\"@id\":\"https:\/\/www.radlobby.org\/noe\/radkino-wodo-20240920\/#article\",\"isPartOf\":{\"@id\":\"https:\/\/www.radlobby.org\/noe\/radkino-wodo-20240920\/\"},\"author\":{\"name\":\"Hermann Hiebner\",\"@id\":\"https:\/\/www.radlobby.org\/noe\/#\/schema\/person\/c91605b70aca449bea4cb27190b0dbe2\"},\"headline\":\"Radkino\",\"datePublished\":\"2024-07-26T19:34:12+00:00\",\"dateModified\":\"2024-07-26T19:37:55+00:00\",\"mainEntityOfPage\":{\"@id\":\"https:\/\/www.radlobby.org\/noe\/radkino-wodo-20240920\/\"},\"wordCount\":186,\"publisher\":{\"@id\":\"https:\/\/www.radlobby.org\/noe\/#organization\"},\"image\":{\"@id\":\"https:\/\/www.radlobby.org\/noe\/radkino-wodo-20240920\/#primaryimage\"},\"thumbnailUrl\":\"https:\/\/www.radlobby.org\/noe\/wp-content\/uploads\/Immer_diese_Radfahrer_Titelfoto.webp\",\"keywords\":[\"immer diese radfahrer\",\"Kino\",\"radkino\"],\"articleSection\":[\"Radlobby Wolkersdorf\"],\"inLanguage\":\"de\"},{\"@type\":\"WebPage\",\"@id\":\"https:\/\/www.radlobby.org\/noe\/radkino-wodo-20240920\/\",\"url\":\"https:\/\/www.radlobby.org\/noe\/radkino-wodo-20240920\/\",\"name\":\"Radkino - Radlobby Nieder\u00f6sterreich\",\"isPartOf\":{\"@id\":\"https:\/\/www.radlobby.org\/noe\/#website\"},\"primaryImageOfPage\":{\"@id\":\"https:\/\/www.radlobby.org\/noe\/radkino-wodo-20240920\/#primaryimage\"},\"image\":{\"@id\":\"https:\/\/www.radlobby.org\/noe\/radkino-wodo-20240920\/#primaryimage\"},\"thumbnailUrl\":\"https:\/\/www.radlobby.org\/noe\/wp-content\/uploads\/Immer_diese_Radfahrer_Titelfoto.webp\",\"datePublished\":\"2024-07-26T19:34:12+00:00\",\"dateModified\":\"2024-07-26T19:37:55+00:00\",\"breadcrumb\":{\"@id\":\"https:\/\/www.radlobby.org\/noe\/radkino-wodo-20240920\/#breadcrumb\"},\"inLanguage\":\"de\",\"potentialAction\":[{\"@type\":\"ReadAction\",\"target\":[\"https:\/\/www.radlobby.org\/noe\/radkino-wodo-20240920\/\"]}]},{\"@type\":\"ImageObject\",\"inLanguage\":\"de\",\"@id\":\"https:\/\/www.radlobby.org\/noe\/radkino-wodo-20240920\/#primaryimage\",\"url\":\"https:\/\/www.radlobby.org\/noe\/wp-content\/uploads\/Immer_diese_Radfahrer_Titelfoto.webp\",\"contentUrl\":\"https:\/\/www.radlobby.org\/noe\/wp-content\/uploads\/Immer_diese_Radfahrer_Titelfoto.webp\",\"width\":389,\"height\":219},{\"@type\":\"BreadcrumbList\",\"@id\":\"https:\/\/www.radlobby.org\/noe\/radkino-wodo-20240920\/#breadcrumb\",\"itemListElement\":[{\"@type\":\"ListItem\",\"position\":1,\"name\":\"Startseite\",\"item\":\"https:\/\/www.radlobby.org\/noe\/\"},{\"@type\":\"ListItem\",\"position\":2,\"name\":\"Radkino\"}]},{\"@type\":\"WebSite\",\"@id\":\"https:\/\/www.radlobby.org\/noe\/#website\",\"url\":\"https:\/\/www.radlobby.org\/noe\/\",\"name\":\"Radlobby Nieder\u00f6sterreich\",\"description\":\"Radverkehr, Fahrrad, Radfahren, Radreisen, Radtouren, Radweg\",\"publisher\":{\"@id\":\"https:\/\/www.radlobby.org\/noe\/#organization\"},\"potentialAction\":[{\"@type\":\"SearchAction\",\"target\":{\"@type\":\"EntryPoint\",\"urlTemplate\":\"https:\/\/www.radlobby.org\/noe\/?s={search_term_string}\"},\"query-input\":{\"@type\":\"PropertyValueSpecification\",\"valueRequired\":true,\"valueName\":\"search_term_string\"}}],\"inLanguage\":\"de\"},{\"@type\":\"Organization\",\"@id\":\"https:\/\/www.radlobby.org\/noe\/#organization\",\"name\":\"Radlobby Nieder\u00f6sterreich\",\"url\":\"https:\/\/www.radlobby.org\/noe\/\",\"logo\":{\"@type\":\"ImageObject\",\"inLanguage\":\"de\",\"@id\":\"https:\/\/www.radlobby.org\/noe\/#\/schema\/logo\/image\/\",\"url\":\"https:\/\/www.radlobby.org\/noe\/wp-content\/uploads\/2017\/01\/cropped-Logo_Radlobby_Niederoesterreich_50-400px_quer-1.jpg\",\"contentUrl\":\"https:\/\/www.radlobby.org\/noe\/wp-content\/uploads\/2017\/01\/cropped-Logo_Radlobby_Niederoesterreich_50-400px_quer-1.jpg\",\"width\":450,\"height\":124,\"caption\":\"Radlobby Nieder\u00f6sterreich\"},\"image\":{\"@id\":\"https:\/\/www.radlobby.org\/noe\/#\/schema\/logo\/image\/\"},\"sameAs\":[\"https:\/\/www.facebook.com\/groups\/radfahren.in.noe\/\"]},{\"@type\":\"Person\",\"@id\":\"https:\/\/www.radlobby.org\/noe\/#\/schema\/person\/c91605b70aca449bea4cb27190b0dbe2\",\"name\":\"Hermann Hiebner\",\"image\":{\"@type\":\"ImageObject\",\"inLanguage\":\"de\",\"@id\":\"https:\/\/www.radlobby.org\/noe\/#\/schema\/person\/image\/\",\"url\":\"https:\/\/secure.gravatar.com\/avatar\/d9d442cd70d260be25a46bab5f85206043aabce00da594192c593e7d4fc65f72?s=96&d=mm&r=g\",\"contentUrl\":\"https:\/\/secure.gravatar.com\/avatar\/d9d442cd70d260be25a46bab5f85206043aabce00da594192c593e7d4fc65f72?s=96&d=mm&r=g\",\"caption\":\"Hermann Hiebner\"},\"url\":\"https:\/\/www.radlobby.org\/noe\/author\/hermannhiebner\/\"}]}<\/script>\n<!-- \/ Yoast SEO plugin. -->","yoast_head_json":{"title":"Radkino - Radlobby Nieder\u00f6sterreich","robots":{"index":"index","follow":"follow","max-snippet":"max-snippet:-1","max-image-preview":"max-image-preview:large","max-video-preview":"max-video-preview:-1"},"canonical":"https:\/\/www.radlobby.org\/noe\/radkino-wodo-20240920\/","og_locale":"de_DE","og_type":"article","og_title":"Radkino - Radlobby Nieder\u00f6sterreich","og_description":"Der Film \u201eImmer die Radfahrer\u201c wird im Anschluss an die &#8220;Fesch-am-Radl-Tour&#8221; gezeigt, die um 18:00 Uhr beim Schloss startet. Der Film bietet Unterhaltung f\u00fcr alle Altersgruppen und zeigt u.a. auf humorvolle Weise die Nutzung des Fahrrades in der Freizeit und","og_url":"https:\/\/www.radlobby.org\/noe\/radkino-wodo-20240920\/","og_site_name":"Radlobby Nieder\u00f6sterreich","article_publisher":"https:\/\/www.facebook.com\/groups\/radfahren.in.noe\/","article_published_time":"2024-07-26T19:34:12+00:00","article_modified_time":"2024-07-26T19:37:55+00:00","og_image":[{"width":389,"height":219,"url":"https:\/\/www.radlobby.org\/noe\/wp-content\/uploads\/Immer_diese_Radfahrer_Titelfoto.webp","type":"image\/webp"}],"author":"Hermann Hiebner","twitter_card":"summary_large_image","twitter_misc":{"Verfasst von":"Hermann Hiebner","Gesch\u00e4tzte Lesezeit":"2\u00a0Minuten"},"schema":{"@context":"https:\/\/schema.org","@graph":[{"@type":"Article","@id":"https:\/\/www.radlobby.org\/noe\/radkino-wodo-20240920\/#article","isPartOf":{"@id":"https:\/\/www.radlobby.org\/noe\/radkino-wodo-20240920\/"},"author":{"name":"Hermann Hiebner","@id":"https:\/\/www.radlobby.org\/noe\/#\/schema\/person\/c91605b70aca449bea4cb27190b0dbe2"},"headline":"Radkino","datePublished":"2024-07-26T19:34:12+00:00","dateModified":"2024-07-26T19:37:55+00:00","mainEntityOfPage":{"@id":"https:\/\/www.radlobby.org\/noe\/radkino-wodo-20240920\/"},"wordCount":186,"publisher":{"@id":"https:\/\/www.radlobby.org\/noe\/#organization"},"image":{"@id":"https:\/\/www.radlobby.org\/noe\/radkino-wodo-20240920\/#primaryimage"},"thumbnailUrl":"https:\/\/www.radlobby.org\/noe\/wp-content\/uploads\/Immer_diese_Radfahrer_Titelfoto.webp","keywords":["immer diese radfahrer","Kino","radkino"],"articleSection":["Radlobby Wolkersdorf"],"inLanguage":"de"},{"@type":"WebPage","@id":"https:\/\/www.radlobby.org\/noe\/radkino-wodo-20240920\/","url":"https:\/\/www.radlobby.org\/noe\/radkino-wodo-20240920\/","name":"Radkino - Radlobby Nieder\u00f6sterreich","isPartOf":{"@id":"https:\/\/www.radlobby.org\/noe\/#website"},"primaryImageOfPage":{"@id":"https:\/\/www.radlobby.org\/noe\/radkino-wodo-20240920\/#primaryimage"},"image":{"@id":"https:\/\/www.radlobby.org\/noe\/radkino-wodo-20240920\/#primaryimage"},"thumbnailUrl":"https:\/\/www.radlobby.org\/noe\/wp-content\/uploads\/Immer_diese_Radfahrer_Titelfoto.webp","datePublished":"2024-07-26T19:34:12+00:00","dateModified":"2024-07-26T19:37:55+00:00","breadcrumb":{"@id":"https:\/\/www.radlobby.org\/noe\/radkino-wodo-20240920\/#breadcrumb"},"inLanguage":"de","potentialAction":[{"@type":"ReadAction","target":["https:\/\/www.radlobby.org\/noe\/radkino-wodo-20240920\/"]}]},{"@type":"ImageObject","inLanguage":"de","@id":"https:\/\/www.radlobby.org\/noe\/radkino-wodo-20240920\/#primaryimage","url":"https:\/\/www.radlobby.org\/noe\/wp-content\/uploads\/Immer_diese_Radfahrer_Titelfoto.webp","contentUrl":"https:\/\/www.radlobby.org\/noe\/wp-content\/uploads\/Immer_diese_Radfahrer_Titelfoto.webp","width":389,"height":219},{"@type":"BreadcrumbList","@id":"https:\/\/www.radlobby.org\/noe\/radkino-wodo-20240920\/#breadcrumb","itemListElement":[{"@type":"ListItem","position":1,"name":"Startseite","item":"https:\/\/www.radlobby.org\/noe\/"},{"@type":"ListItem","position":2,"name":"Radkino"}]},{"@type":"WebSite","@id":"https:\/\/www.radlobby.org\/noe\/#website","url":"https:\/\/www.radlobby.org\/noe\/","name":"Radlobby Nieder\u00f6sterreich","description":"Radverkehr, Fahrrad, Radfahren, Radreisen, Radtouren, Radweg","publisher":{"@id":"https:\/\/www.radlobby.org\/noe\/#organization"},"potentialAction":[{"@type":"SearchAction","target":{"@type":"EntryPoint","urlTemplate":"https:\/\/www.radlobby.org\/noe\/?s={search_term_string}"},"query-input":{"@type":"PropertyValueSpecification","valueRequired":true,"valueName":"search_term_string"}}],"inLanguage":"de"},{"@type":"Organization","@id":"https:\/\/www.radlobby.org\/noe\/#organization","name":"Radlobby Nieder\u00f6sterreich","url":"https:\/\/www.radlobby.org\/noe\/","logo":{"@type":"ImageObject","inLanguage":"de","@id":"https:\/\/www.radlobby.org\/noe\/#\/schema\/logo\/image\/","url":"https:\/\/www.radlobby.org\/noe\/wp-content\/uploads\/2017\/01\/cropped-Logo_Radlobby_Niederoesterreich_50-400px_quer-1.jpg","contentUrl":"https:\/\/www.radlobby.org\/noe\/wp-content\/uploads\/2017\/01\/cropped-Logo_Radlobby_Niederoesterreich_50-400px_quer-1.jpg","width":450,"height":124,"caption":"Radlobby Nieder\u00f6sterreich"},"image":{"@id":"https:\/\/www.radlobby.org\/noe\/#\/schema\/logo\/image\/"},"sameAs":["https:\/\/www.facebook.com\/groups\/radfahren.in.noe\/"]},{"@type":"Person","@id":"https:\/\/www.radlobby.org\/noe\/#\/schema\/person\/c91605b70aca449bea4cb27190b0dbe2","name":"Hermann Hiebner","image":{"@type":"ImageObject","inLanguage":"de","@id":"https:\/\/www.radlobby.org\/noe\/#\/schema\/person\/image\/","url":"https:\/\/secure.gravatar.com\/avatar\/d9d442cd70d260be25a46bab5f85206043aabce00da594192c593e7d4fc65f72?s=96&d=mm&r=g","contentUrl":"https:\/\/secure.gravatar.com\/avatar\/d9d442cd70d260be25a46bab5f85206043aabce00da594192c593e7d4fc65f72?s=96&d=mm&r=g","caption":"Hermann Hiebner"},"url":"https:\/\/www.radlobby.org\/noe\/author\/hermannhiebner\/"}]}},"_links":{"self":[{"href":"https:\/\/www.radlobby.org\/noe\/wp-json\/wp\/v2\/posts\/36003","targetHints":{"allow":["GET"]}}],"collection":[{"href":"https:\/\/www.radlobby.org\/noe\/wp-json\/wp\/v2\/posts"}],"about":[{"href":"https:\/\/www.radlobby.org\/noe\/wp-json\/wp\/v2\/types\/post"}],"author":[{"embeddable":true,"href":"https:\/\/www.radlobby.org\/noe\/wp-json\/wp\/v2\/users\/3"}],"replies":[{"embeddable":true,"href":"https:\/\/www.radlobby.org\/noe\/wp-json\/wp\/v2\/comments?post=36003"}],"version-history":[{"count":3,"href":"https:\/\/www.radlobby.org\/noe\/wp-json\/wp\/v2\/posts\/36003\/revisions"}],"predecessor-version":[{"id":36009,"href":"https:\/\/www.radlobby.org\/noe\/wp-json\/wp\/v2\/posts\/36003\/revisions\/36009"}],"wp:featuredmedia":[{"embeddable":true,"href":"https:\/\/www.radlobby.org\/noe\/wp-json\/wp\/v2\/media\/36000"}],"wp:attachment":[{"href":"https:\/\/www.radlobby.org\/noe\/wp-json\/wp\/v2\/media?parent=36003"}],"wp:term":[{"taxonomy":"category","embeddable":true,"href":"https:\/\/www.radlobby.org\/noe\/wp-json\/wp\/v2\/categories?post=36003"},{"taxonomy":"post_tag","embeddable":true,"href":"https:\/\/www.radlobby.org\/noe\/wp-json\/wp\/v2\/tags?post=36003"}],"curies":[{"name":"wp","href":"https:\/\/api.w.org\/{rel}","templated":true}]}}