{"id":35865,"date":"2024-06-26T22:19:33","date_gmt":"2024-06-26T20:19:33","guid":{"rendered":"https:\/\/www.radlobby.org\/noe\/?p=35865"},"modified":"2024-08-25T17:52:17","modified_gmt":"2024-08-25T15:52:17","slug":"exkursion-umgestaltung-nibelungenplatz-tulln","status":"publish","type":"post","link":"https:\/\/www.radlobby.org\/noe\/exkursion-umgestaltung-nibelungenplatz-tulln\/","title":{"rendered":"Exkursion: Umgestaltung Nibelungenplatz Tulln"},"content":{"rendered":"<div><\/div>\n<div>Am <strong>Sonntag, den 14. Juli 2024<\/strong> machte die Radlobby Melk eine<strong> Exkursion zum neu umgestalteten Nibelungenplatz in Tulln.<\/strong><\/div>\n<div><\/div>\n<div><strong>Es ist eines der gr\u00f6\u00dften, innerst\u00e4dtischen Entsiegelungsprojekte \u00d6sterreichs.\u00a0 <\/strong><\/div>\n<div>Von den ehemals 200 KFZ-Stellpl\u00e4tzen fallen 150 weg. Die frei werdende Fl\u00e4che wird in einen Park f\u00fcr Menschen umgewandelt und die Aufenthaltsqualit\u00e4t in der Stadt wird dadurch erh\u00f6ht.<\/div>\n<div>Wir schauten uns dieses wegweisende Projekt gemeinsam an!<\/div>\n<div><\/div>\n<div><img loading=\"lazy\" decoding=\"async\" class=\"alignnone wp-image-35867\" src=\"https:\/\/www.radlobby.org\/noe\/wp-content\/uploads\/tulln-1-300x202.jpg\" alt=\"\" width=\"503\" height=\"339\" srcset=\"https:\/\/www.radlobby.org\/noe\/wp-content\/uploads\/tulln-1-300x202.jpg 300w, https:\/\/www.radlobby.org\/noe\/wp-content\/uploads\/tulln-1-768x517.jpg 768w, https:\/\/www.radlobby.org\/noe\/wp-content\/uploads\/tulln-1.jpg 1200w\" sizes=\"auto, (max-width: 503px) 100vw, 503px\" \/><\/div>\n<div><\/div>\n<div class=\"yiv7063212611ydp828f3281xdj266r yiv7063212611ydp828f3281x11i5rnm yiv7063212611ydp828f3281xat24cr yiv7063212611ydp828f3281x1mh8g0r yiv7063212611ydp828f3281x1vvkbs\"><strong>Ablauf der Exkursion:<\/strong><\/div>\n<div><\/div>\n<div class=\"yiv7063212611ydp828f3281x11i5rnm yiv7063212611ydp828f3281xat24cr yiv7063212611ydp828f3281x1mh8g0r yiv7063212611ydp828f3281x1vvkbs yiv7063212611ydp828f3281xtlvy1s\">8:40 bis 9:00\u00a0 \u00a0 \u00a0 \u00a0 \u00a0Zugfahrt von Melk nach St. P\u00f6lten mit dem Zug (im Niederflurfahrzeug)<\/div>\n<div class=\"yiv7063212611ydp828f3281x11i5rnm yiv7063212611ydp828f3281xat24cr yiv7063212611ydp828f3281x1mh8g0r yiv7063212611ydp828f3281x1vvkbs yiv7063212611ydp828f3281xtlvy1s\">9:00 bis 12:00\u00a0 \u00a0 \u00a0 \u00a0Radfahrt \u00fcber Traisen- und Donauradweg von St. P\u00f6lten nach Tulln.<\/div>\n<div class=\"yiv7063212611ydp828f3281x11i5rnm yiv7063212611ydp828f3281xat24cr yiv7063212611ydp828f3281x1mh8g0r yiv7063212611ydp828f3281x1vvkbs yiv7063212611ydp828f3281xtlvy1s\">\u00a0 \u00a0 \u00a0 \u00a0 \u00a0 \u00a0 \u00a0 \u00a0 \u00a0 \u00a0 \u00a0 \u00a0 \u00a0 \u00a0 \u00a0 \u00a0 \u00a0 (50km bzw. 2,5 Stunden Nettofahrzeit).<br class=\"yiv7063212611ydp828f3281html-br\" \/>12:30 bis 14:00\u00a0 \u00a0 \u00a0 Gemeinsames Mittagessen<br class=\"yiv7063212611ydp828f3281html-br\" \/>14:00 bis 15:00\u00a0 \u00a0 \u00a0 Besichtigung des umgestalteten Nibelungenplatzes<\/div>\n<div class=\"yiv7063212611ydp828f3281x11i5rnm yiv7063212611ydp828f3281xat24cr yiv7063212611ydp828f3281x1mh8g0r yiv7063212611ydp828f3281x1vvkbs yiv7063212611ydp828f3281xtlvy1s\"><br class=\"yiv7063212611ydp828f3281html-br\" \/>Danach: Gemeinsamer Ausklang und\/oder Heimfahrt<\/div>\n<div class=\"yiv7063212611ydp828f3281x11i5rnm yiv7063212611ydp828f3281xat24cr yiv7063212611ydp828f3281x1mh8g0r yiv7063212611ydp828f3281x1vvkbs yiv7063212611ydp828f3281xtlvy1s\"><img loading=\"lazy\" decoding=\"async\" class=\"alignnone wp-image-35873\" src=\"https:\/\/www.radlobby.org\/noe\/wp-content\/uploads\/2023_nib_aufsicht2023-276x300.jpg\" alt=\"\" width=\"373\" height=\"405\" srcset=\"https:\/\/www.radlobby.org\/noe\/wp-content\/uploads\/2023_nib_aufsicht2023-276x300.jpg 276w, https:\/\/www.radlobby.org\/noe\/wp-content\/uploads\/2023_nib_aufsicht2023.jpg 720w\" sizes=\"auto, (max-width: 373px) 100vw, 373px\" \/><\/div>\n<div><\/div>\n<div class=\"yiv7063212611ydp828f3281x11i5rnm yiv7063212611ydp828f3281xat24cr yiv7063212611ydp828f3281x1mh8g0r yiv7063212611ydp828f3281x1vvkbs yiv7063212611ydp828f3281xtlvy1s\"><strong>\u00dcber das Projekt, das am 26. Juni 2024 frisch er\u00f6ffnet wurde:<\/strong><br class=\"yiv7063212611ydp828f3281html-br\" \/>(Quelle:\u00a0<a class=\"yiv7063212611ydp828f3281x1i10hfl yiv7063212611ydp828f3281xjbqb8w yiv7063212611ydp828f3281x1ejq31n yiv7063212611ydp828f3281xd10rxx yiv7063212611ydp828f3281x1sy0etr yiv7063212611ydp828f3281x17r0tee yiv7063212611ydp828f3281x972fbf yiv7063212611ydp828f3281xcfux6l yiv7063212611ydp828f3281x1qhh985 yiv7063212611ydp828f3281xm0m39n yiv7063212611ydp828f3281x9f619 yiv7063212611ydp828f3281x1ypdohk yiv7063212611ydp828f3281xt0psk2 yiv7063212611ydp828f3281xe8uvvx yiv7063212611ydp828f3281xdj266r yiv7063212611ydp828f3281x11i5rnm yiv7063212611ydp828f3281xat24cr yiv7063212611ydp828f3281x1mh8g0r yiv7063212611ydp828f3281xexx8yu yiv7063212611ydp828f3281x4uap5 yiv7063212611ydp828f3281x18d9i69 yiv7063212611ydp828f3281xkhd6sd yiv7063212611ydp828f3281x16tdsg8 yiv7063212611ydp828f3281x1hl2dhg yiv7063212611ydp828f3281xggy1nq yiv7063212611ydp828f3281x1a2a7pz yiv7063212611ydp828f3281x1sur9pj yiv7063212611ydp828f3281xkrqix3 yiv7063212611ydp828f3281x1fey0fg\" tabindex=\"0\" href=\"https:\/\/l.facebook.com\/l.php?u=http%3A%2F%2Fwww.tulln.at%2F%3Ffbclid%3DIwZXh0bgNhZW0CMTAAAR3vCqIXY5dDss8u4jA7zjQrDcUc5V8G4_i5ksUmSpNHyadZT3xCF734r7I_aem_kN1aXEveq3YbPdXp0L90hw&amp;h=AT0MmIXubqteZ1iU6ny1ACmeHFtFLTPRL7UHOlj45E_CB6hTbA1rgOBMuiOQdxp9EI5ggquF3wFsZ3fRQB0p7L3kaZcNI_8glFJXusPIL6v6bcNgyTLAdrpYB_S-L0rq6TiY6RrTy1jwf9pbDPcv&amp;__tn__=q&amp;c[0]=AT1a63hb49oEfxGznrsmXONWCRFBVIGrHKT6Jx71IkCVOZvHQ26DfYytJCXdPMmpycCj3u_kmT9QzhYn72c9Bl8rhmPzGNyZcoSK5CM5ntbP1kASIqo6mTtB024MGK4M5uzo9xQR6z7L1KAtpk5yp4JZN7yopvY33rJAqwZKpGWwcUTarlBY\" target=\"_blank\" rel=\"nofollow noopener noreferrer\">www.tulln.at<\/a>)<\/div>\n<div class=\"yiv7063212611ydp828f3281x11i5rnm yiv7063212611ydp828f3281xat24cr yiv7063212611ydp828f3281x1mh8g0r yiv7063212611ydp828f3281x1vvkbs yiv7063212611ydp828f3281xtlvy1s\">Nach dem umfassenden B\u00fcrgerbeteiligungsprozess und der Volksbefragung im Jahr 2021 und der genauen Planung im Jahr 2022 wird der Nibelungenplatzes von Mai 2023 bis Juni 2024 umfassend umgestaltet. Das Projekt ist pionierhaft angesichts zukunftsfitter Stadtplanung und Klimaanpassung von Gemeinden.<\/div>\n<div class=\"yiv7063212611ydp828f3281x11i5rnm yiv7063212611ydp828f3281xat24cr yiv7063212611ydp828f3281x1mh8g0r yiv7063212611ydp828f3281x1vvkbs yiv7063212611ydp828f3281xtlvy1s\">Nat\u00fcrliche Beschattung und Schwammstadt<br class=\"yiv7063212611ydp828f3281html-br\" \/>Aktuell bieten die wenigen B\u00e4ume am Nibelungenplatz kaum Schatten und 80% der Gesamtfl\u00e4che sind nicht versickerungsf\u00e4hig \u2013 was im Sommer zu Temperaturen von \u00fcber 40 Grad f\u00fchrt. Um m\u00f6glichst viel Fl\u00e4che des Platzes nat\u00fcrlich zu beschatten, werden gro\u00dfe B\u00e4ume nach dem Schwammstadt-Prinzip gesetzt: Dank gro\u00dfem Wurzelraum und durchdachtem Stra\u00dfenunterbau kann viel Niederschlagswasser gespeichert werden, wodurch sich gro\u00dfkronige, gesunde B\u00e4ume entwickeln k\u00f6nnen. Nach der Umgestaltung werden 70% der Gesamtfl\u00e4che versickerungsoffen sein (Gr\u00fcnfl\u00e4chen, Kies etc.), zus\u00e4tzliche 23% der Gesamtfl\u00e4che versickerungsf\u00e4hig (Pflaster).<\/div>\n<div class=\"yiv7063212611ydp828f3281x11i5rnm yiv7063212611ydp828f3281xat24cr yiv7063212611ydp828f3281x1mh8g0r yiv7063212611ydp828f3281x1vvkbs yiv7063212611ydp828f3281xtlvy1s\"><strong>PLATZ F\u00dcR MENSCHEN STATT F\u00dcR AUTOS<\/strong><br class=\"yiv7063212611ydp828f3281html-br\" \/>\u201eDie Liste der positiven Effekte der Umgestaltung ist lang: F\u00fcr unsere B\u00fcrgerInnen und G\u00e4ste entsteht ein gro\u00dfz\u00fcgiger Ort des Miteinanders und wir st\u00e4rken die Attraktivit\u00e4t und Aufenthaltsqualit\u00e4t der Stadt in ihrer Gesamtheit sowie der Positionierung als DIE Gartenstadt des Landes. St\u00e4dtebaulich stellt der Platz eine Verbindung zwischen Hauptplatz und Donau dar. Touristisch schaffen wir ein einladendes Entr\u00e9e f\u00fcr die j\u00e4hrlich rund 100.000 FahrradtouristInnen von denen noch immer zu viele einfach an Tulln vorbeifahren. Und nicht zuletzt schaffen wir ein Vorzeigebeispiel, um St\u00e4dte klimafitter zu machen\u201c, so B\u00fcrgermeister Mag. Peter Eisenschenk.<\/div>\n","protected":false},"excerpt":{"rendered":"<p>Am Sonntag, den 14. Juli 2024 machte die Radlobby Melk eine Exkursion zum neu umgestalteten Nibelungenplatz in Tulln. Es ist eines der gr\u00f6\u00dften, innerst\u00e4dtischen Entsiegelungsprojekte \u00d6sterreichs.\u00a0 Von den ehemals 200 KFZ-Stellpl\u00e4tzen fallen 150 weg. Die frei werdende Fl\u00e4che wird in<\/p>\n","protected":false},"author":61,"featured_media":35866,"comment_status":"closed","ping_status":"closed","sticky":false,"template":"","format":"standard","meta":{"footnotes":""},"categories":[668,9,20],"tags":[],"class_list":["post-35865","post","type-post","status-publish","format-standard","has-post-thumbnail","hentry","category-aktion","category-melk","category-niederoesterreich"],"yoast_head":"<!-- This site is optimized with the Yoast SEO plugin v26.9 - https:\/\/yoast.com\/product\/yoast-seo-wordpress\/ -->\n<title>Exkursion: Umgestaltung Nibelungenplatz Tulln - Radlobby Nieder\u00f6sterreich<\/title>\n<meta name=\"robots\" content=\"index, follow, max-snippet:-1, max-image-preview:large, max-video-preview:-1\" \/>\n<link rel=\"canonical\" href=\"https:\/\/www.radlobby.org\/noe\/exkursion-umgestaltung-nibelungenplatz-tulln\/\" \/>\n<meta property=\"og:locale\" content=\"de_DE\" \/>\n<meta property=\"og:type\" content=\"article\" \/>\n<meta property=\"og:title\" content=\"Exkursion: Umgestaltung Nibelungenplatz Tulln - Radlobby Nieder\u00f6sterreich\" \/>\n<meta property=\"og:description\" content=\"Am Sonntag, den 14. Juli 2024 machte die Radlobby Melk eine Exkursion zum neu umgestalteten Nibelungenplatz in Tulln. Es ist eines der gr\u00f6\u00dften, innerst\u00e4dtischen Entsiegelungsprojekte \u00d6sterreichs.\u00a0 Von den ehemals 200 KFZ-Stellpl\u00e4tzen fallen 150 weg. Die frei werdende Fl\u00e4che wird in\" \/>\n<meta property=\"og:url\" content=\"https:\/\/www.radlobby.org\/noe\/exkursion-umgestaltung-nibelungenplatz-tulln\/\" \/>\n<meta property=\"og:site_name\" content=\"Radlobby Nieder\u00f6sterreich\" \/>\n<meta property=\"article:publisher\" content=\"https:\/\/www.facebook.com\/groups\/radfahren.in.noe\/\" \/>\n<meta property=\"article:published_time\" content=\"2024-06-26T20:19:33+00:00\" \/>\n<meta property=\"article:modified_time\" content=\"2024-08-25T15:52:17+00:00\" \/>\n<meta property=\"og:image\" content=\"https:\/\/www.radlobby.org\/noe\/wp-content\/uploads\/tulln.jpg\" \/>\n\t<meta property=\"og:image:width\" content=\"1200\" \/>\n\t<meta property=\"og:image:height\" content=\"808\" \/>\n\t<meta property=\"og:image:type\" content=\"image\/jpeg\" \/>\n<meta name=\"author\" content=\"Johannes Haselsteiner\" \/>\n<meta name=\"twitter:card\" content=\"summary_large_image\" \/>\n<meta name=\"twitter:label1\" content=\"Verfasst von\" \/>\n\t<meta name=\"twitter:data1\" content=\"Johannes Haselsteiner\" \/>\n\t<meta name=\"twitter:label2\" content=\"Gesch\u00e4tzte Lesezeit\" \/>\n\t<meta name=\"twitter:data2\" content=\"3\u00a0Minuten\" \/>\n<script type=\"application\/ld+json\" class=\"yoast-schema-graph\">{\"@context\":\"https:\/\/schema.org\",\"@graph\":[{\"@type\":\"Article\",\"@id\":\"https:\/\/www.radlobby.org\/noe\/exkursion-umgestaltung-nibelungenplatz-tulln\/#article\",\"isPartOf\":{\"@id\":\"https:\/\/www.radlobby.org\/noe\/exkursion-umgestaltung-nibelungenplatz-tulln\/\"},\"author\":{\"name\":\"Johannes Haselsteiner\",\"@id\":\"https:\/\/www.radlobby.org\/noe\/#\/schema\/person\/e6c4a7f0968472a289c80caac56df0af\"},\"headline\":\"Exkursion: Umgestaltung Nibelungenplatz Tulln\",\"datePublished\":\"2024-06-26T20:19:33+00:00\",\"dateModified\":\"2024-08-25T15:52:17+00:00\",\"mainEntityOfPage\":{\"@id\":\"https:\/\/www.radlobby.org\/noe\/exkursion-umgestaltung-nibelungenplatz-tulln\/\"},\"wordCount\":374,\"publisher\":{\"@id\":\"https:\/\/www.radlobby.org\/noe\/#organization\"},\"image\":{\"@id\":\"https:\/\/www.radlobby.org\/noe\/exkursion-umgestaltung-nibelungenplatz-tulln\/#primaryimage\"},\"thumbnailUrl\":\"https:\/\/www.radlobby.org\/noe\/wp-content\/uploads\/tulln.jpg\",\"articleSection\":[\"Aktion\",\"Radlobby Melk\",\"Radlobby Nieder\u00f6sterreich\"],\"inLanguage\":\"de\"},{\"@type\":\"WebPage\",\"@id\":\"https:\/\/www.radlobby.org\/noe\/exkursion-umgestaltung-nibelungenplatz-tulln\/\",\"url\":\"https:\/\/www.radlobby.org\/noe\/exkursion-umgestaltung-nibelungenplatz-tulln\/\",\"name\":\"Exkursion: Umgestaltung Nibelungenplatz Tulln - Radlobby Nieder\u00f6sterreich\",\"isPartOf\":{\"@id\":\"https:\/\/www.radlobby.org\/noe\/#website\"},\"primaryImageOfPage\":{\"@id\":\"https:\/\/www.radlobby.org\/noe\/exkursion-umgestaltung-nibelungenplatz-tulln\/#primaryimage\"},\"image\":{\"@id\":\"https:\/\/www.radlobby.org\/noe\/exkursion-umgestaltung-nibelungenplatz-tulln\/#primaryimage\"},\"thumbnailUrl\":\"https:\/\/www.radlobby.org\/noe\/wp-content\/uploads\/tulln.jpg\",\"datePublished\":\"2024-06-26T20:19:33+00:00\",\"dateModified\":\"2024-08-25T15:52:17+00:00\",\"breadcrumb\":{\"@id\":\"https:\/\/www.radlobby.org\/noe\/exkursion-umgestaltung-nibelungenplatz-tulln\/#breadcrumb\"},\"inLanguage\":\"de\",\"potentialAction\":[{\"@type\":\"ReadAction\",\"target\":[\"https:\/\/www.radlobby.org\/noe\/exkursion-umgestaltung-nibelungenplatz-tulln\/\"]}]},{\"@type\":\"ImageObject\",\"inLanguage\":\"de\",\"@id\":\"https:\/\/www.radlobby.org\/noe\/exkursion-umgestaltung-nibelungenplatz-tulln\/#primaryimage\",\"url\":\"https:\/\/www.radlobby.org\/noe\/wp-content\/uploads\/tulln.jpg\",\"contentUrl\":\"https:\/\/www.radlobby.org\/noe\/wp-content\/uploads\/tulln.jpg\",\"width\":1200,\"height\":808},{\"@type\":\"BreadcrumbList\",\"@id\":\"https:\/\/www.radlobby.org\/noe\/exkursion-umgestaltung-nibelungenplatz-tulln\/#breadcrumb\",\"itemListElement\":[{\"@type\":\"ListItem\",\"position\":1,\"name\":\"Startseite\",\"item\":\"https:\/\/www.radlobby.org\/noe\/\"},{\"@type\":\"ListItem\",\"position\":2,\"name\":\"Exkursion: Umgestaltung Nibelungenplatz Tulln\"}]},{\"@type\":\"WebSite\",\"@id\":\"https:\/\/www.radlobby.org\/noe\/#website\",\"url\":\"https:\/\/www.radlobby.org\/noe\/\",\"name\":\"Radlobby Nieder\u00f6sterreich\",\"description\":\"Radverkehr, Fahrrad, Radfahren, Radreisen, Radtouren, Radweg\",\"publisher\":{\"@id\":\"https:\/\/www.radlobby.org\/noe\/#organization\"},\"potentialAction\":[{\"@type\":\"SearchAction\",\"target\":{\"@type\":\"EntryPoint\",\"urlTemplate\":\"https:\/\/www.radlobby.org\/noe\/?s={search_term_string}\"},\"query-input\":{\"@type\":\"PropertyValueSpecification\",\"valueRequired\":true,\"valueName\":\"search_term_string\"}}],\"inLanguage\":\"de\"},{\"@type\":\"Organization\",\"@id\":\"https:\/\/www.radlobby.org\/noe\/#organization\",\"name\":\"Radlobby Nieder\u00f6sterreich\",\"url\":\"https:\/\/www.radlobby.org\/noe\/\",\"logo\":{\"@type\":\"ImageObject\",\"inLanguage\":\"de\",\"@id\":\"https:\/\/www.radlobby.org\/noe\/#\/schema\/logo\/image\/\",\"url\":\"https:\/\/www.radlobby.org\/noe\/wp-content\/uploads\/2017\/01\/cropped-Logo_Radlobby_Niederoesterreich_50-400px_quer-1.jpg\",\"contentUrl\":\"https:\/\/www.radlobby.org\/noe\/wp-content\/uploads\/2017\/01\/cropped-Logo_Radlobby_Niederoesterreich_50-400px_quer-1.jpg\",\"width\":450,\"height\":124,\"caption\":\"Radlobby Nieder\u00f6sterreich\"},\"image\":{\"@id\":\"https:\/\/www.radlobby.org\/noe\/#\/schema\/logo\/image\/\"},\"sameAs\":[\"https:\/\/www.facebook.com\/groups\/radfahren.in.noe\/\"]},{\"@type\":\"Person\",\"@id\":\"https:\/\/www.radlobby.org\/noe\/#\/schema\/person\/e6c4a7f0968472a289c80caac56df0af\",\"name\":\"Johannes Haselsteiner\",\"image\":{\"@type\":\"ImageObject\",\"inLanguage\":\"de\",\"@id\":\"https:\/\/www.radlobby.org\/noe\/#\/schema\/person\/image\/\",\"url\":\"https:\/\/secure.gravatar.com\/avatar\/2f949611a38f0cf1c096e98273d323112207f65e52f3ddda30478a7aa44b171e?s=96&d=mm&r=g\",\"contentUrl\":\"https:\/\/secure.gravatar.com\/avatar\/2f949611a38f0cf1c096e98273d323112207f65e52f3ddda30478a7aa44b171e?s=96&d=mm&r=g\",\"caption\":\"Johannes Haselsteiner\"},\"url\":\"https:\/\/www.radlobby.org\/noe\/author\/johannes-haselsteiner\/\"}]}<\/script>\n<!-- \/ Yoast SEO plugin. -->","yoast_head_json":{"title":"Exkursion: Umgestaltung Nibelungenplatz Tulln - Radlobby Nieder\u00f6sterreich","robots":{"index":"index","follow":"follow","max-snippet":"max-snippet:-1","max-image-preview":"max-image-preview:large","max-video-preview":"max-video-preview:-1"},"canonical":"https:\/\/www.radlobby.org\/noe\/exkursion-umgestaltung-nibelungenplatz-tulln\/","og_locale":"de_DE","og_type":"article","og_title":"Exkursion: Umgestaltung Nibelungenplatz Tulln - Radlobby Nieder\u00f6sterreich","og_description":"Am Sonntag, den 14. Juli 2024 machte die Radlobby Melk eine Exkursion zum neu umgestalteten Nibelungenplatz in Tulln. Es ist eines der gr\u00f6\u00dften, innerst\u00e4dtischen Entsiegelungsprojekte \u00d6sterreichs.\u00a0 Von den ehemals 200 KFZ-Stellpl\u00e4tzen fallen 150 weg. Die frei werdende Fl\u00e4che wird in","og_url":"https:\/\/www.radlobby.org\/noe\/exkursion-umgestaltung-nibelungenplatz-tulln\/","og_site_name":"Radlobby Nieder\u00f6sterreich","article_publisher":"https:\/\/www.facebook.com\/groups\/radfahren.in.noe\/","article_published_time":"2024-06-26T20:19:33+00:00","article_modified_time":"2024-08-25T15:52:17+00:00","og_image":[{"width":1200,"height":808,"url":"https:\/\/www.radlobby.org\/noe\/wp-content\/uploads\/tulln.jpg","type":"image\/jpeg"}],"author":"Johannes Haselsteiner","twitter_card":"summary_large_image","twitter_misc":{"Verfasst von":"Johannes Haselsteiner","Gesch\u00e4tzte Lesezeit":"3\u00a0Minuten"},"schema":{"@context":"https:\/\/schema.org","@graph":[{"@type":"Article","@id":"https:\/\/www.radlobby.org\/noe\/exkursion-umgestaltung-nibelungenplatz-tulln\/#article","isPartOf":{"@id":"https:\/\/www.radlobby.org\/noe\/exkursion-umgestaltung-nibelungenplatz-tulln\/"},"author":{"name":"Johannes Haselsteiner","@id":"https:\/\/www.radlobby.org\/noe\/#\/schema\/person\/e6c4a7f0968472a289c80caac56df0af"},"headline":"Exkursion: Umgestaltung Nibelungenplatz Tulln","datePublished":"2024-06-26T20:19:33+00:00","dateModified":"2024-08-25T15:52:17+00:00","mainEntityOfPage":{"@id":"https:\/\/www.radlobby.org\/noe\/exkursion-umgestaltung-nibelungenplatz-tulln\/"},"wordCount":374,"publisher":{"@id":"https:\/\/www.radlobby.org\/noe\/#organization"},"image":{"@id":"https:\/\/www.radlobby.org\/noe\/exkursion-umgestaltung-nibelungenplatz-tulln\/#primaryimage"},"thumbnailUrl":"https:\/\/www.radlobby.org\/noe\/wp-content\/uploads\/tulln.jpg","articleSection":["Aktion","Radlobby Melk","Radlobby Nieder\u00f6sterreich"],"inLanguage":"de"},{"@type":"WebPage","@id":"https:\/\/www.radlobby.org\/noe\/exkursion-umgestaltung-nibelungenplatz-tulln\/","url":"https:\/\/www.radlobby.org\/noe\/exkursion-umgestaltung-nibelungenplatz-tulln\/","name":"Exkursion: Umgestaltung Nibelungenplatz Tulln - Radlobby Nieder\u00f6sterreich","isPartOf":{"@id":"https:\/\/www.radlobby.org\/noe\/#website"},"primaryImageOfPage":{"@id":"https:\/\/www.radlobby.org\/noe\/exkursion-umgestaltung-nibelungenplatz-tulln\/#primaryimage"},"image":{"@id":"https:\/\/www.radlobby.org\/noe\/exkursion-umgestaltung-nibelungenplatz-tulln\/#primaryimage"},"thumbnailUrl":"https:\/\/www.radlobby.org\/noe\/wp-content\/uploads\/tulln.jpg","datePublished":"2024-06-26T20:19:33+00:00","dateModified":"2024-08-25T15:52:17+00:00","breadcrumb":{"@id":"https:\/\/www.radlobby.org\/noe\/exkursion-umgestaltung-nibelungenplatz-tulln\/#breadcrumb"},"inLanguage":"de","potentialAction":[{"@type":"ReadAction","target":["https:\/\/www.radlobby.org\/noe\/exkursion-umgestaltung-nibelungenplatz-tulln\/"]}]},{"@type":"ImageObject","inLanguage":"de","@id":"https:\/\/www.radlobby.org\/noe\/exkursion-umgestaltung-nibelungenplatz-tulln\/#primaryimage","url":"https:\/\/www.radlobby.org\/noe\/wp-content\/uploads\/tulln.jpg","contentUrl":"https:\/\/www.radlobby.org\/noe\/wp-content\/uploads\/tulln.jpg","width":1200,"height":808},{"@type":"BreadcrumbList","@id":"https:\/\/www.radlobby.org\/noe\/exkursion-umgestaltung-nibelungenplatz-tulln\/#breadcrumb","itemListElement":[{"@type":"ListItem","position":1,"name":"Startseite","item":"https:\/\/www.radlobby.org\/noe\/"},{"@type":"ListItem","position":2,"name":"Exkursion: Umgestaltung Nibelungenplatz Tulln"}]},{"@type":"WebSite","@id":"https:\/\/www.radlobby.org\/noe\/#website","url":"https:\/\/www.radlobby.org\/noe\/","name":"Radlobby Nieder\u00f6sterreich","description":"Radverkehr, Fahrrad, Radfahren, Radreisen, Radtouren, Radweg","publisher":{"@id":"https:\/\/www.radlobby.org\/noe\/#organization"},"potentialAction":[{"@type":"SearchAction","target":{"@type":"EntryPoint","urlTemplate":"https:\/\/www.radlobby.org\/noe\/?s={search_term_string}"},"query-input":{"@type":"PropertyValueSpecification","valueRequired":true,"valueName":"search_term_string"}}],"inLanguage":"de"},{"@type":"Organization","@id":"https:\/\/www.radlobby.org\/noe\/#organization","name":"Radlobby Nieder\u00f6sterreich","url":"https:\/\/www.radlobby.org\/noe\/","logo":{"@type":"ImageObject","inLanguage":"de","@id":"https:\/\/www.radlobby.org\/noe\/#\/schema\/logo\/image\/","url":"https:\/\/www.radlobby.org\/noe\/wp-content\/uploads\/2017\/01\/cropped-Logo_Radlobby_Niederoesterreich_50-400px_quer-1.jpg","contentUrl":"https:\/\/www.radlobby.org\/noe\/wp-content\/uploads\/2017\/01\/cropped-Logo_Radlobby_Niederoesterreich_50-400px_quer-1.jpg","width":450,"height":124,"caption":"Radlobby Nieder\u00f6sterreich"},"image":{"@id":"https:\/\/www.radlobby.org\/noe\/#\/schema\/logo\/image\/"},"sameAs":["https:\/\/www.facebook.com\/groups\/radfahren.in.noe\/"]},{"@type":"Person","@id":"https:\/\/www.radlobby.org\/noe\/#\/schema\/person\/e6c4a7f0968472a289c80caac56df0af","name":"Johannes Haselsteiner","image":{"@type":"ImageObject","inLanguage":"de","@id":"https:\/\/www.radlobby.org\/noe\/#\/schema\/person\/image\/","url":"https:\/\/secure.gravatar.com\/avatar\/2f949611a38f0cf1c096e98273d323112207f65e52f3ddda30478a7aa44b171e?s=96&d=mm&r=g","contentUrl":"https:\/\/secure.gravatar.com\/avatar\/2f949611a38f0cf1c096e98273d323112207f65e52f3ddda30478a7aa44b171e?s=96&d=mm&r=g","caption":"Johannes Haselsteiner"},"url":"https:\/\/www.radlobby.org\/noe\/author\/johannes-haselsteiner\/"}]}},"_links":{"self":[{"href":"https:\/\/www.radlobby.org\/noe\/wp-json\/wp\/v2\/posts\/35865","targetHints":{"allow":["GET"]}}],"collection":[{"href":"https:\/\/www.radlobby.org\/noe\/wp-json\/wp\/v2\/posts"}],"about":[{"href":"https:\/\/www.radlobby.org\/noe\/wp-json\/wp\/v2\/types\/post"}],"author":[{"embeddable":true,"href":"https:\/\/www.radlobby.org\/noe\/wp-json\/wp\/v2\/users\/61"}],"replies":[{"embeddable":true,"href":"https:\/\/www.radlobby.org\/noe\/wp-json\/wp\/v2\/comments?post=35865"}],"version-history":[{"count":8,"href":"https:\/\/www.radlobby.org\/noe\/wp-json\/wp\/v2\/posts\/35865\/revisions"}],"predecessor-version":[{"id":36146,"href":"https:\/\/www.radlobby.org\/noe\/wp-json\/wp\/v2\/posts\/35865\/revisions\/36146"}],"wp:featuredmedia":[{"embeddable":true,"href":"https:\/\/www.radlobby.org\/noe\/wp-json\/wp\/v2\/media\/35866"}],"wp:attachment":[{"href":"https:\/\/www.radlobby.org\/noe\/wp-json\/wp\/v2\/media?parent=35865"}],"wp:term":[{"taxonomy":"category","embeddable":true,"href":"https:\/\/www.radlobby.org\/noe\/wp-json\/wp\/v2\/categories?post=35865"},{"taxonomy":"post_tag","embeddable":true,"href":"https:\/\/www.radlobby.org\/noe\/wp-json\/wp\/v2\/tags?post=35865"}],"curies":[{"name":"wp","href":"https:\/\/api.w.org\/{rel}","templated":true}]}}