{"id":35846,"date":"2024-06-22T21:24:48","date_gmt":"2024-06-22T19:24:48","guid":{"rendered":"https:\/\/www.radlobby.org\/noe\/?p=35846"},"modified":"2024-06-22T21:26:58","modified_gmt":"2024-06-22T19:26:58","slug":"tullner-radlobby-wieder-voll-in-fahrt","status":"publish","type":"post","link":"https:\/\/www.radlobby.org\/noe\/tullner-radlobby-wieder-voll-in-fahrt\/","title":{"rendered":"Tullner Radlobby wieder voll in Fahrt"},"content":{"rendered":"<p>Nach einem erfolgreichen <a href=\"https:\/\/www.radlobby.org\/noe\/radlobby-tulln-formiert-sich-neu-treffen-am-13-6-fuer-alle-interessierten\/\">Kick-off Treffen am 13.6.<\/a> mit interaktiven Elementen und einem spannenden Vortrag zur Radlobby sowie Tempo 30 von Philipp Schober (Bundesverband) nimmt die Ortsgruppe Tulln die Arbeit im Jahr 2024 auf. Die Teilnehmenden haben dem Kernteam noch einmal interessante neue Ideen mitgegeben und bereits geplante Ambitionen best\u00e4tigt.<\/p>\n<p>Anhand der Zieldimensionen &#8220;sicher &amp; barrierefrei&#8221; sowie &#8220;alltagstauglich &amp; klimafreundlich&#8221; haben die Teilnehmenden, die aus Radlobby Mitgliedern, aber auch Interessierten aus der Gemeinde Tulln stammen, Ideen f\u00fcr Aktionen, Themen und Bedarfe im Tullner Radverkehr gesammelt.<\/p>\n<p>Ein gro\u00dfer Dank gilt allen Teilnehmenden, dem Team der Tullner Ortsgruppe, Philipp Schober f\u00fcr den packenden Vortrag und dem Alpenvereinshaus Tulln mit Birgit Rambacher, die uns herrlich verk\u00f6stigte.<\/p>\n<figure style=\"width: 1280px\" class=\"wp-caption alignnone\"><img loading=\"lazy\" decoding=\"async\" src=\"https:\/\/www.radlobby.org\/noe\/wp-content\/uploads\/2024-06-13_RL-Tulln_Foto-Reischauer-2.jpeg\" alt=\"Die Ortsgruppe Tulln traf sich zum Kick-off im Alpenvereinshaus Tulln zu Interaktion und einem spannenden Vortrag zu Tempo 30. (Foto von Ernst Reischauer RL Traismauer)\" width=\"1280\" height=\"852\" \/><figcaption class=\"wp-caption-text\">Die Ortsgruppe Tulln traf sich zum Kick-off im Alpenvereinshaus Tulln zu Interaktion und einem spannenden Vortrag zu Tempo 30. (Foto von Ernst Reischauer RL Traismauer)<\/figcaption><\/figure>\n","protected":false},"excerpt":{"rendered":"<p>Nach einem erfolgreichen Kick-off Treffen am 13.6. mit interaktiven Elementen und einem spannenden Vortrag zur Radlobby sowie Tempo 30 von Philipp Schober (Bundesverband) nimmt die Ortsgruppe Tulln die Arbeit im Jahr 2024 auf. Die Teilnehmenden haben dem Kernteam noch einmal<\/p>\n","protected":false},"author":87,"featured_media":35835,"comment_status":"closed","ping_status":"closed","sticky":false,"template":"","format":"standard","meta":{"footnotes":""},"categories":[20,13],"tags":[],"class_list":["post-35846","post","type-post","status-publish","format-standard","has-post-thumbnail","hentry","category-niederoesterreich","category-tulln"],"yoast_head":"<!-- This site is optimized with the Yoast SEO plugin v26.9 - https:\/\/yoast.com\/product\/yoast-seo-wordpress\/ -->\n<title>Tullner Radlobby wieder voll in Fahrt - Radlobby Nieder\u00f6sterreich<\/title>\n<meta name=\"robots\" content=\"index, follow, max-snippet:-1, max-image-preview:large, max-video-preview:-1\" \/>\n<link rel=\"canonical\" href=\"https:\/\/www.radlobby.org\/noe\/tullner-radlobby-wieder-voll-in-fahrt\/\" \/>\n<meta property=\"og:locale\" content=\"de_DE\" \/>\n<meta property=\"og:type\" content=\"article\" \/>\n<meta property=\"og:title\" content=\"Tullner Radlobby wieder voll in Fahrt - Radlobby Nieder\u00f6sterreich\" \/>\n<meta property=\"og:description\" content=\"Nach einem erfolgreichen Kick-off Treffen am 13.6. mit interaktiven Elementen und einem spannenden Vortrag zur Radlobby sowie Tempo 30 von Philipp Schober (Bundesverband) nimmt die Ortsgruppe Tulln die Arbeit im Jahr 2024 auf. Die Teilnehmenden haben dem Kernteam noch einmal\" \/>\n<meta property=\"og:url\" content=\"https:\/\/www.radlobby.org\/noe\/tullner-radlobby-wieder-voll-in-fahrt\/\" \/>\n<meta property=\"og:site_name\" content=\"Radlobby Nieder\u00f6sterreich\" \/>\n<meta property=\"article:publisher\" content=\"https:\/\/www.facebook.com\/groups\/radfahren.in.noe\/\" \/>\n<meta property=\"article:published_time\" content=\"2024-06-22T19:24:48+00:00\" \/>\n<meta property=\"article:modified_time\" content=\"2024-06-22T19:26:58+00:00\" \/>\n<meta property=\"og:image\" content=\"https:\/\/www.radlobby.org\/noe\/wp-content\/uploads\/IMG_2164-2-scaled.jpeg\" \/>\n\t<meta property=\"og:image:width\" content=\"1707\" \/>\n\t<meta property=\"og:image:height\" content=\"2560\" \/>\n\t<meta property=\"og:image:type\" content=\"image\/jpeg\" \/>\n<meta name=\"author\" content=\"Severin Ettl\" \/>\n<meta name=\"twitter:card\" content=\"summary_large_image\" \/>\n<meta name=\"twitter:label1\" content=\"Verfasst von\" \/>\n\t<meta name=\"twitter:data1\" content=\"Severin Ettl\" \/>\n\t<meta name=\"twitter:label2\" content=\"Gesch\u00e4tzte Lesezeit\" \/>\n\t<meta name=\"twitter:data2\" content=\"2\u00a0Minuten\" \/>\n<script type=\"application\/ld+json\" class=\"yoast-schema-graph\">{\"@context\":\"https:\/\/schema.org\",\"@graph\":[{\"@type\":\"Article\",\"@id\":\"https:\/\/www.radlobby.org\/noe\/tullner-radlobby-wieder-voll-in-fahrt\/#article\",\"isPartOf\":{\"@id\":\"https:\/\/www.radlobby.org\/noe\/tullner-radlobby-wieder-voll-in-fahrt\/\"},\"author\":{\"name\":\"Severin Ettl\",\"@id\":\"https:\/\/www.radlobby.org\/noe\/#\/schema\/person\/cbc4a4e8cc70dd86ddfb836e7c78666d\"},\"headline\":\"Tullner Radlobby wieder voll in Fahrt\",\"datePublished\":\"2024-06-22T19:24:48+00:00\",\"dateModified\":\"2024-06-22T19:26:58+00:00\",\"mainEntityOfPage\":{\"@id\":\"https:\/\/www.radlobby.org\/noe\/tullner-radlobby-wieder-voll-in-fahrt\/\"},\"wordCount\":150,\"publisher\":{\"@id\":\"https:\/\/www.radlobby.org\/noe\/#organization\"},\"image\":{\"@id\":\"https:\/\/www.radlobby.org\/noe\/tullner-radlobby-wieder-voll-in-fahrt\/#primaryimage\"},\"thumbnailUrl\":\"https:\/\/www.radlobby.org\/noe\/wp-content\/uploads\/IMG_2164-2-scaled.jpeg\",\"articleSection\":[\"Radlobby Nieder\u00f6sterreich\",\"Radlobby Tulln\"],\"inLanguage\":\"de\"},{\"@type\":\"WebPage\",\"@id\":\"https:\/\/www.radlobby.org\/noe\/tullner-radlobby-wieder-voll-in-fahrt\/\",\"url\":\"https:\/\/www.radlobby.org\/noe\/tullner-radlobby-wieder-voll-in-fahrt\/\",\"name\":\"Tullner Radlobby wieder voll in Fahrt - Radlobby Nieder\u00f6sterreich\",\"isPartOf\":{\"@id\":\"https:\/\/www.radlobby.org\/noe\/#website\"},\"primaryImageOfPage\":{\"@id\":\"https:\/\/www.radlobby.org\/noe\/tullner-radlobby-wieder-voll-in-fahrt\/#primaryimage\"},\"image\":{\"@id\":\"https:\/\/www.radlobby.org\/noe\/tullner-radlobby-wieder-voll-in-fahrt\/#primaryimage\"},\"thumbnailUrl\":\"https:\/\/www.radlobby.org\/noe\/wp-content\/uploads\/IMG_2164-2-scaled.jpeg\",\"datePublished\":\"2024-06-22T19:24:48+00:00\",\"dateModified\":\"2024-06-22T19:26:58+00:00\",\"breadcrumb\":{\"@id\":\"https:\/\/www.radlobby.org\/noe\/tullner-radlobby-wieder-voll-in-fahrt\/#breadcrumb\"},\"inLanguage\":\"de\",\"potentialAction\":[{\"@type\":\"ReadAction\",\"target\":[\"https:\/\/www.radlobby.org\/noe\/tullner-radlobby-wieder-voll-in-fahrt\/\"]}]},{\"@type\":\"ImageObject\",\"inLanguage\":\"de\",\"@id\":\"https:\/\/www.radlobby.org\/noe\/tullner-radlobby-wieder-voll-in-fahrt\/#primaryimage\",\"url\":\"https:\/\/www.radlobby.org\/noe\/wp-content\/uploads\/IMG_2164-2-scaled.jpeg\",\"contentUrl\":\"https:\/\/www.radlobby.org\/noe\/wp-content\/uploads\/IMG_2164-2-scaled.jpeg\",\"width\":1707,\"height\":2560},{\"@type\":\"BreadcrumbList\",\"@id\":\"https:\/\/www.radlobby.org\/noe\/tullner-radlobby-wieder-voll-in-fahrt\/#breadcrumb\",\"itemListElement\":[{\"@type\":\"ListItem\",\"position\":1,\"name\":\"Startseite\",\"item\":\"https:\/\/www.radlobby.org\/noe\/\"},{\"@type\":\"ListItem\",\"position\":2,\"name\":\"Tullner Radlobby wieder voll in Fahrt\"}]},{\"@type\":\"WebSite\",\"@id\":\"https:\/\/www.radlobby.org\/noe\/#website\",\"url\":\"https:\/\/www.radlobby.org\/noe\/\",\"name\":\"Radlobby Nieder\u00f6sterreich\",\"description\":\"Radverkehr, Fahrrad, Radfahren, Radreisen, Radtouren, Radweg\",\"publisher\":{\"@id\":\"https:\/\/www.radlobby.org\/noe\/#organization\"},\"potentialAction\":[{\"@type\":\"SearchAction\",\"target\":{\"@type\":\"EntryPoint\",\"urlTemplate\":\"https:\/\/www.radlobby.org\/noe\/?s={search_term_string}\"},\"query-input\":{\"@type\":\"PropertyValueSpecification\",\"valueRequired\":true,\"valueName\":\"search_term_string\"}}],\"inLanguage\":\"de\"},{\"@type\":\"Organization\",\"@id\":\"https:\/\/www.radlobby.org\/noe\/#organization\",\"name\":\"Radlobby Nieder\u00f6sterreich\",\"url\":\"https:\/\/www.radlobby.org\/noe\/\",\"logo\":{\"@type\":\"ImageObject\",\"inLanguage\":\"de\",\"@id\":\"https:\/\/www.radlobby.org\/noe\/#\/schema\/logo\/image\/\",\"url\":\"https:\/\/www.radlobby.org\/noe\/wp-content\/uploads\/2017\/01\/cropped-Logo_Radlobby_Niederoesterreich_50-400px_quer-1.jpg\",\"contentUrl\":\"https:\/\/www.radlobby.org\/noe\/wp-content\/uploads\/2017\/01\/cropped-Logo_Radlobby_Niederoesterreich_50-400px_quer-1.jpg\",\"width\":450,\"height\":124,\"caption\":\"Radlobby Nieder\u00f6sterreich\"},\"image\":{\"@id\":\"https:\/\/www.radlobby.org\/noe\/#\/schema\/logo\/image\/\"},\"sameAs\":[\"https:\/\/www.facebook.com\/groups\/radfahren.in.noe\/\"]},{\"@type\":\"Person\",\"@id\":\"https:\/\/www.radlobby.org\/noe\/#\/schema\/person\/cbc4a4e8cc70dd86ddfb836e7c78666d\",\"name\":\"Severin Ettl\",\"image\":{\"@type\":\"ImageObject\",\"inLanguage\":\"de\",\"@id\":\"https:\/\/www.radlobby.org\/noe\/#\/schema\/person\/image\/\",\"url\":\"https:\/\/secure.gravatar.com\/avatar\/48afbeaf33bdb166c3cc22aa23cbfe321549184ca68d22db5b00f79d7c2d4c81?s=96&d=mm&r=g\",\"contentUrl\":\"https:\/\/secure.gravatar.com\/avatar\/48afbeaf33bdb166c3cc22aa23cbfe321549184ca68d22db5b00f79d7c2d4c81?s=96&d=mm&r=g\",\"caption\":\"Severin Ettl\"},\"url\":\"https:\/\/www.radlobby.org\/noe\/author\/severin-ettlradlobby-at\/\"}]}<\/script>\n<!-- \/ Yoast SEO plugin. -->","yoast_head_json":{"title":"Tullner Radlobby wieder voll in Fahrt - Radlobby Nieder\u00f6sterreich","robots":{"index":"index","follow":"follow","max-snippet":"max-snippet:-1","max-image-preview":"max-image-preview:large","max-video-preview":"max-video-preview:-1"},"canonical":"https:\/\/www.radlobby.org\/noe\/tullner-radlobby-wieder-voll-in-fahrt\/","og_locale":"de_DE","og_type":"article","og_title":"Tullner Radlobby wieder voll in Fahrt - Radlobby Nieder\u00f6sterreich","og_description":"Nach einem erfolgreichen Kick-off Treffen am 13.6. mit interaktiven Elementen und einem spannenden Vortrag zur Radlobby sowie Tempo 30 von Philipp Schober (Bundesverband) nimmt die Ortsgruppe Tulln die Arbeit im Jahr 2024 auf. Die Teilnehmenden haben dem Kernteam noch einmal","og_url":"https:\/\/www.radlobby.org\/noe\/tullner-radlobby-wieder-voll-in-fahrt\/","og_site_name":"Radlobby Nieder\u00f6sterreich","article_publisher":"https:\/\/www.facebook.com\/groups\/radfahren.in.noe\/","article_published_time":"2024-06-22T19:24:48+00:00","article_modified_time":"2024-06-22T19:26:58+00:00","og_image":[{"width":1707,"height":2560,"url":"https:\/\/www.radlobby.org\/noe\/wp-content\/uploads\/IMG_2164-2-scaled.jpeg","type":"image\/jpeg"}],"author":"Severin Ettl","twitter_card":"summary_large_image","twitter_misc":{"Verfasst von":"Severin Ettl","Gesch\u00e4tzte Lesezeit":"2\u00a0Minuten"},"schema":{"@context":"https:\/\/schema.org","@graph":[{"@type":"Article","@id":"https:\/\/www.radlobby.org\/noe\/tullner-radlobby-wieder-voll-in-fahrt\/#article","isPartOf":{"@id":"https:\/\/www.radlobby.org\/noe\/tullner-radlobby-wieder-voll-in-fahrt\/"},"author":{"name":"Severin Ettl","@id":"https:\/\/www.radlobby.org\/noe\/#\/schema\/person\/cbc4a4e8cc70dd86ddfb836e7c78666d"},"headline":"Tullner Radlobby wieder voll in Fahrt","datePublished":"2024-06-22T19:24:48+00:00","dateModified":"2024-06-22T19:26:58+00:00","mainEntityOfPage":{"@id":"https:\/\/www.radlobby.org\/noe\/tullner-radlobby-wieder-voll-in-fahrt\/"},"wordCount":150,"publisher":{"@id":"https:\/\/www.radlobby.org\/noe\/#organization"},"image":{"@id":"https:\/\/www.radlobby.org\/noe\/tullner-radlobby-wieder-voll-in-fahrt\/#primaryimage"},"thumbnailUrl":"https:\/\/www.radlobby.org\/noe\/wp-content\/uploads\/IMG_2164-2-scaled.jpeg","articleSection":["Radlobby Nieder\u00f6sterreich","Radlobby Tulln"],"inLanguage":"de"},{"@type":"WebPage","@id":"https:\/\/www.radlobby.org\/noe\/tullner-radlobby-wieder-voll-in-fahrt\/","url":"https:\/\/www.radlobby.org\/noe\/tullner-radlobby-wieder-voll-in-fahrt\/","name":"Tullner Radlobby wieder voll in Fahrt - Radlobby Nieder\u00f6sterreich","isPartOf":{"@id":"https:\/\/www.radlobby.org\/noe\/#website"},"primaryImageOfPage":{"@id":"https:\/\/www.radlobby.org\/noe\/tullner-radlobby-wieder-voll-in-fahrt\/#primaryimage"},"image":{"@id":"https:\/\/www.radlobby.org\/noe\/tullner-radlobby-wieder-voll-in-fahrt\/#primaryimage"},"thumbnailUrl":"https:\/\/www.radlobby.org\/noe\/wp-content\/uploads\/IMG_2164-2-scaled.jpeg","datePublished":"2024-06-22T19:24:48+00:00","dateModified":"2024-06-22T19:26:58+00:00","breadcrumb":{"@id":"https:\/\/www.radlobby.org\/noe\/tullner-radlobby-wieder-voll-in-fahrt\/#breadcrumb"},"inLanguage":"de","potentialAction":[{"@type":"ReadAction","target":["https:\/\/www.radlobby.org\/noe\/tullner-radlobby-wieder-voll-in-fahrt\/"]}]},{"@type":"ImageObject","inLanguage":"de","@id":"https:\/\/www.radlobby.org\/noe\/tullner-radlobby-wieder-voll-in-fahrt\/#primaryimage","url":"https:\/\/www.radlobby.org\/noe\/wp-content\/uploads\/IMG_2164-2-scaled.jpeg","contentUrl":"https:\/\/www.radlobby.org\/noe\/wp-content\/uploads\/IMG_2164-2-scaled.jpeg","width":1707,"height":2560},{"@type":"BreadcrumbList","@id":"https:\/\/www.radlobby.org\/noe\/tullner-radlobby-wieder-voll-in-fahrt\/#breadcrumb","itemListElement":[{"@type":"ListItem","position":1,"name":"Startseite","item":"https:\/\/www.radlobby.org\/noe\/"},{"@type":"ListItem","position":2,"name":"Tullner Radlobby wieder voll in Fahrt"}]},{"@type":"WebSite","@id":"https:\/\/www.radlobby.org\/noe\/#website","url":"https:\/\/www.radlobby.org\/noe\/","name":"Radlobby Nieder\u00f6sterreich","description":"Radverkehr, Fahrrad, Radfahren, Radreisen, Radtouren, Radweg","publisher":{"@id":"https:\/\/www.radlobby.org\/noe\/#organization"},"potentialAction":[{"@type":"SearchAction","target":{"@type":"EntryPoint","urlTemplate":"https:\/\/www.radlobby.org\/noe\/?s={search_term_string}"},"query-input":{"@type":"PropertyValueSpecification","valueRequired":true,"valueName":"search_term_string"}}],"inLanguage":"de"},{"@type":"Organization","@id":"https:\/\/www.radlobby.org\/noe\/#organization","name":"Radlobby Nieder\u00f6sterreich","url":"https:\/\/www.radlobby.org\/noe\/","logo":{"@type":"ImageObject","inLanguage":"de","@id":"https:\/\/www.radlobby.org\/noe\/#\/schema\/logo\/image\/","url":"https:\/\/www.radlobby.org\/noe\/wp-content\/uploads\/2017\/01\/cropped-Logo_Radlobby_Niederoesterreich_50-400px_quer-1.jpg","contentUrl":"https:\/\/www.radlobby.org\/noe\/wp-content\/uploads\/2017\/01\/cropped-Logo_Radlobby_Niederoesterreich_50-400px_quer-1.jpg","width":450,"height":124,"caption":"Radlobby Nieder\u00f6sterreich"},"image":{"@id":"https:\/\/www.radlobby.org\/noe\/#\/schema\/logo\/image\/"},"sameAs":["https:\/\/www.facebook.com\/groups\/radfahren.in.noe\/"]},{"@type":"Person","@id":"https:\/\/www.radlobby.org\/noe\/#\/schema\/person\/cbc4a4e8cc70dd86ddfb836e7c78666d","name":"Severin Ettl","image":{"@type":"ImageObject","inLanguage":"de","@id":"https:\/\/www.radlobby.org\/noe\/#\/schema\/person\/image\/","url":"https:\/\/secure.gravatar.com\/avatar\/48afbeaf33bdb166c3cc22aa23cbfe321549184ca68d22db5b00f79d7c2d4c81?s=96&d=mm&r=g","contentUrl":"https:\/\/secure.gravatar.com\/avatar\/48afbeaf33bdb166c3cc22aa23cbfe321549184ca68d22db5b00f79d7c2d4c81?s=96&d=mm&r=g","caption":"Severin Ettl"},"url":"https:\/\/www.radlobby.org\/noe\/author\/severin-ettlradlobby-at\/"}]}},"_links":{"self":[{"href":"https:\/\/www.radlobby.org\/noe\/wp-json\/wp\/v2\/posts\/35846","targetHints":{"allow":["GET"]}}],"collection":[{"href":"https:\/\/www.radlobby.org\/noe\/wp-json\/wp\/v2\/posts"}],"about":[{"href":"https:\/\/www.radlobby.org\/noe\/wp-json\/wp\/v2\/types\/post"}],"author":[{"embeddable":true,"href":"https:\/\/www.radlobby.org\/noe\/wp-json\/wp\/v2\/users\/87"}],"replies":[{"embeddable":true,"href":"https:\/\/www.radlobby.org\/noe\/wp-json\/wp\/v2\/comments?post=35846"}],"version-history":[{"count":2,"href":"https:\/\/www.radlobby.org\/noe\/wp-json\/wp\/v2\/posts\/35846\/revisions"}],"predecessor-version":[{"id":35848,"href":"https:\/\/www.radlobby.org\/noe\/wp-json\/wp\/v2\/posts\/35846\/revisions\/35848"}],"wp:featuredmedia":[{"embeddable":true,"href":"https:\/\/www.radlobby.org\/noe\/wp-json\/wp\/v2\/media\/35835"}],"wp:attachment":[{"href":"https:\/\/www.radlobby.org\/noe\/wp-json\/wp\/v2\/media?parent=35846"}],"wp:term":[{"taxonomy":"category","embeddable":true,"href":"https:\/\/www.radlobby.org\/noe\/wp-json\/wp\/v2\/categories?post=35846"},{"taxonomy":"post_tag","embeddable":true,"href":"https:\/\/www.radlobby.org\/noe\/wp-json\/wp\/v2\/tags?post=35846"}],"curies":[{"name":"wp","href":"https:\/\/api.w.org\/{rel}","templated":true}]}}