{"id":35823,"date":"2024-06-22T08:51:10","date_gmt":"2024-06-22T06:51:10","guid":{"rendered":"https:\/\/www.radlobby.org\/noe\/?p=35823"},"modified":"2024-07-21T22:06:41","modified_gmt":"2024-07-21T20:06:41","slug":"reparaturliste","status":"publish","type":"post","link":"https:\/\/www.radlobby.org\/noe\/reparaturliste\/","title":{"rendered":"Rad-Reparaturliste f\u00fcr Amstetten"},"content":{"rendered":"<h4>Welche M\u00f6glichkeiten in Amstetten gibt es das Fahrrad zu reparieren \/ \u00fcberpr\u00fcfen zu lassen?<\/h4>\n<p>Manchmal weisen Fahrr\u00e4der kleinere oder gr\u00f6\u00dfere M\u00e4ngel auf, die einerseits den Fahrspa\u00df schm\u00e4lern und andererseits ein Sicherheitsrisiko darstellen k\u00f6nnen.<\/p>\n<p>Nicht alle wissen wie man solche M\u00e4ngel beheben kann. Die Radlobby Amstetten hat eine Liste mit Informationen erstellt wo Fahrr\u00e4der repariert werden k\u00f6nnen. Neben den Unternehmen gibt es zus\u00e4tzliche Informationen zu Rad-Servicestationen, dem Radverleihsystem Nextbike bzw. zu einem Reparatur-Caf\u00e9.<\/p>\n<p>Die Liste gibt es hier zum Download als pdf-Dokument: <a href=\"https:\/\/www.radlobby.org\/noe\/wp-content\/uploads\/Reparaturliste_zusammengefuehrt.pdf\">Link<\/a><\/p>\n<p><a href=\"https:\/\/www.radlobby.org\/noe\/wp-content\/uploads\/Reparaturliste-Seite-1.jpg\" data-src=\"https:\/\/www.radlobby.org\/noe\/wp-content\/uploads\/Reparaturliste-Seite-1.jpg\" data-thumb=\"https:\/\/www.radlobby.org\/noe\/wp-content\/uploads\/Reparaturliste-Seite-1-203x300.jpg\" class=\"ml-lightbox-enabled\"><img loading=\"lazy\" decoding=\"async\" class=\"alignnone wp-image-35981 size-medium\" src=\"https:\/\/www.radlobby.org\/noe\/wp-content\/uploads\/Reparaturliste-Seite-1-203x300.jpg\" alt=\"\" width=\"203\" height=\"300\" srcset=\"https:\/\/www.radlobby.org\/noe\/wp-content\/uploads\/Reparaturliste-Seite-1-203x300.jpg 203w, https:\/\/www.radlobby.org\/noe\/wp-content\/uploads\/Reparaturliste-Seite-1.jpg 759w\" sizes=\"auto, (max-width: 203px) 100vw, 203px\" \/><\/a><\/p>\n<p><a href=\"https:\/\/www.radlobby.org\/noe\/wp-content\/uploads\/Reparaturliste-Seite-2.jpg\" data-src=\"https:\/\/www.radlobby.org\/noe\/wp-content\/uploads\/Reparaturliste-Seite-2.jpg\" data-thumb=\"https:\/\/www.radlobby.org\/noe\/wp-content\/uploads\/Reparaturliste-Seite-2-203x300.jpg\" class=\"ml-lightbox-enabled\"><img loading=\"lazy\" decoding=\"async\" class=\"alignnone wp-image-35982 size-medium\" src=\"https:\/\/www.radlobby.org\/noe\/wp-content\/uploads\/Reparaturliste-Seite-2-203x300.jpg\" alt=\"\" width=\"203\" height=\"300\" srcset=\"https:\/\/www.radlobby.org\/noe\/wp-content\/uploads\/Reparaturliste-Seite-2-203x300.jpg 203w, https:\/\/www.radlobby.org\/noe\/wp-content\/uploads\/Reparaturliste-Seite-2.jpg 759w\" sizes=\"auto, (max-width: 203px) 100vw, 203px\" \/><\/a><\/p>\n","protected":false},"excerpt":{"rendered":"<p>Welche M\u00f6glichkeiten in Amstetten gibt es das Fahrrad zu reparieren \/ \u00fcberpr\u00fcfen zu lassen? Manchmal weisen Fahrr\u00e4der kleinere oder gr\u00f6\u00dfere M\u00e4ngel auf, die einerseits den Fahrspa\u00df schm\u00e4lern und andererseits ein Sicherheitsrisiko darstellen k\u00f6nnen. Nicht alle wissen wie man solche M\u00e4ngel<\/p>\n","protected":false},"author":85,"featured_media":35981,"comment_status":"closed","ping_status":"closed","sticky":false,"template":"","format":"standard","meta":{"footnotes":""},"categories":[1,383,579],"tags":[],"class_list":["post-35823","post","type-post","status-publish","format-standard","has-post-thumbnail","hentry","category-allgemein","category-presse-medien","category-amstetten"],"yoast_head":"<!-- This site is optimized with the Yoast SEO plugin v26.9 - https:\/\/yoast.com\/product\/yoast-seo-wordpress\/ -->\n<title>Rad-Reparaturliste f\u00fcr Amstetten - Radlobby Nieder\u00f6sterreich<\/title>\n<meta name=\"robots\" content=\"index, follow, max-snippet:-1, max-image-preview:large, max-video-preview:-1\" \/>\n<link rel=\"canonical\" href=\"https:\/\/www.radlobby.org\/noe\/reparaturliste\/\" \/>\n<meta property=\"og:locale\" content=\"de_DE\" \/>\n<meta property=\"og:type\" content=\"article\" \/>\n<meta property=\"og:title\" content=\"Rad-Reparaturliste f\u00fcr Amstetten - Radlobby Nieder\u00f6sterreich\" \/>\n<meta property=\"og:description\" content=\"Welche M\u00f6glichkeiten in Amstetten gibt es das Fahrrad zu reparieren \/ \u00fcberpr\u00fcfen zu lassen? Manchmal weisen Fahrr\u00e4der kleinere oder gr\u00f6\u00dfere M\u00e4ngel auf, die einerseits den Fahrspa\u00df schm\u00e4lern und andererseits ein Sicherheitsrisiko darstellen k\u00f6nnen. Nicht alle wissen wie man solche M\u00e4ngel\" \/>\n<meta property=\"og:url\" content=\"https:\/\/www.radlobby.org\/noe\/reparaturliste\/\" \/>\n<meta property=\"og:site_name\" content=\"Radlobby Nieder\u00f6sterreich\" \/>\n<meta property=\"article:publisher\" content=\"https:\/\/www.facebook.com\/groups\/radfahren.in.noe\/\" \/>\n<meta property=\"article:published_time\" content=\"2024-06-22T06:51:10+00:00\" \/>\n<meta property=\"article:modified_time\" content=\"2024-07-21T20:06:41+00:00\" \/>\n<meta property=\"og:image\" content=\"https:\/\/www.radlobby.org\/noe\/wp-content\/uploads\/Reparaturliste-Seite-1.jpg\" \/>\n\t<meta property=\"og:image:width\" content=\"759\" \/>\n\t<meta property=\"og:image:height\" content=\"1121\" \/>\n\t<meta property=\"og:image:type\" content=\"image\/jpeg\" \/>\n<meta name=\"author\" content=\"Patrick Haslinger\" \/>\n<meta name=\"twitter:card\" content=\"summary_large_image\" \/>\n<meta name=\"twitter:label1\" content=\"Verfasst von\" \/>\n\t<meta name=\"twitter:data1\" content=\"Patrick Haslinger\" \/>\n\t<meta name=\"twitter:label2\" content=\"Gesch\u00e4tzte Lesezeit\" \/>\n\t<meta name=\"twitter:data2\" content=\"2\u00a0Minuten\" \/>\n<script type=\"application\/ld+json\" class=\"yoast-schema-graph\">{\"@context\":\"https:\/\/schema.org\",\"@graph\":[{\"@type\":\"Article\",\"@id\":\"https:\/\/www.radlobby.org\/noe\/reparaturliste\/#article\",\"isPartOf\":{\"@id\":\"https:\/\/www.radlobby.org\/noe\/reparaturliste\/\"},\"author\":{\"name\":\"Patrick Haslinger\",\"@id\":\"https:\/\/www.radlobby.org\/noe\/#\/schema\/person\/afe0233b9fb4bb6eaceaa46c6751785c\"},\"headline\":\"Rad-Reparaturliste f\u00fcr Amstetten\",\"datePublished\":\"2024-06-22T06:51:10+00:00\",\"dateModified\":\"2024-07-21T20:06:41+00:00\",\"mainEntityOfPage\":{\"@id\":\"https:\/\/www.radlobby.org\/noe\/reparaturliste\/\"},\"wordCount\":96,\"publisher\":{\"@id\":\"https:\/\/www.radlobby.org\/noe\/#organization\"},\"image\":{\"@id\":\"https:\/\/www.radlobby.org\/noe\/reparaturliste\/#primaryimage\"},\"thumbnailUrl\":\"https:\/\/www.radlobby.org\/noe\/wp-content\/uploads\/Reparaturliste-Seite-1.jpg\",\"articleSection\":{\"1\":\"Presse &amp; Medien\",\"2\":\"Radlobby Amstetten\"},\"inLanguage\":\"de\"},{\"@type\":\"WebPage\",\"@id\":\"https:\/\/www.radlobby.org\/noe\/reparaturliste\/\",\"url\":\"https:\/\/www.radlobby.org\/noe\/reparaturliste\/\",\"name\":\"Rad-Reparaturliste f\u00fcr Amstetten - Radlobby Nieder\u00f6sterreich\",\"isPartOf\":{\"@id\":\"https:\/\/www.radlobby.org\/noe\/#website\"},\"primaryImageOfPage\":{\"@id\":\"https:\/\/www.radlobby.org\/noe\/reparaturliste\/#primaryimage\"},\"image\":{\"@id\":\"https:\/\/www.radlobby.org\/noe\/reparaturliste\/#primaryimage\"},\"thumbnailUrl\":\"https:\/\/www.radlobby.org\/noe\/wp-content\/uploads\/Reparaturliste-Seite-1.jpg\",\"datePublished\":\"2024-06-22T06:51:10+00:00\",\"dateModified\":\"2024-07-21T20:06:41+00:00\",\"breadcrumb\":{\"@id\":\"https:\/\/www.radlobby.org\/noe\/reparaturliste\/#breadcrumb\"},\"inLanguage\":\"de\",\"potentialAction\":[{\"@type\":\"ReadAction\",\"target\":[\"https:\/\/www.radlobby.org\/noe\/reparaturliste\/\"]}]},{\"@type\":\"ImageObject\",\"inLanguage\":\"de\",\"@id\":\"https:\/\/www.radlobby.org\/noe\/reparaturliste\/#primaryimage\",\"url\":\"https:\/\/www.radlobby.org\/noe\/wp-content\/uploads\/Reparaturliste-Seite-1.jpg\",\"contentUrl\":\"https:\/\/www.radlobby.org\/noe\/wp-content\/uploads\/Reparaturliste-Seite-1.jpg\",\"width\":759,\"height\":1121},{\"@type\":\"BreadcrumbList\",\"@id\":\"https:\/\/www.radlobby.org\/noe\/reparaturliste\/#breadcrumb\",\"itemListElement\":[{\"@type\":\"ListItem\",\"position\":1,\"name\":\"Startseite\",\"item\":\"https:\/\/www.radlobby.org\/noe\/\"},{\"@type\":\"ListItem\",\"position\":2,\"name\":\"Rad-Reparaturliste f\u00fcr Amstetten\"}]},{\"@type\":\"WebSite\",\"@id\":\"https:\/\/www.radlobby.org\/noe\/#website\",\"url\":\"https:\/\/www.radlobby.org\/noe\/\",\"name\":\"Radlobby Nieder\u00f6sterreich\",\"description\":\"Radverkehr, Fahrrad, Radfahren, Radreisen, Radtouren, Radweg\",\"publisher\":{\"@id\":\"https:\/\/www.radlobby.org\/noe\/#organization\"},\"potentialAction\":[{\"@type\":\"SearchAction\",\"target\":{\"@type\":\"EntryPoint\",\"urlTemplate\":\"https:\/\/www.radlobby.org\/noe\/?s={search_term_string}\"},\"query-input\":{\"@type\":\"PropertyValueSpecification\",\"valueRequired\":true,\"valueName\":\"search_term_string\"}}],\"inLanguage\":\"de\"},{\"@type\":\"Organization\",\"@id\":\"https:\/\/www.radlobby.org\/noe\/#organization\",\"name\":\"Radlobby Nieder\u00f6sterreich\",\"url\":\"https:\/\/www.radlobby.org\/noe\/\",\"logo\":{\"@type\":\"ImageObject\",\"inLanguage\":\"de\",\"@id\":\"https:\/\/www.radlobby.org\/noe\/#\/schema\/logo\/image\/\",\"url\":\"https:\/\/www.radlobby.org\/noe\/wp-content\/uploads\/2017\/01\/cropped-Logo_Radlobby_Niederoesterreich_50-400px_quer-1.jpg\",\"contentUrl\":\"https:\/\/www.radlobby.org\/noe\/wp-content\/uploads\/2017\/01\/cropped-Logo_Radlobby_Niederoesterreich_50-400px_quer-1.jpg\",\"width\":450,\"height\":124,\"caption\":\"Radlobby Nieder\u00f6sterreich\"},\"image\":{\"@id\":\"https:\/\/www.radlobby.org\/noe\/#\/schema\/logo\/image\/\"},\"sameAs\":[\"https:\/\/www.facebook.com\/groups\/radfahren.in.noe\/\"]},{\"@type\":\"Person\",\"@id\":\"https:\/\/www.radlobby.org\/noe\/#\/schema\/person\/afe0233b9fb4bb6eaceaa46c6751785c\",\"name\":\"Patrick Haslinger\",\"image\":{\"@type\":\"ImageObject\",\"inLanguage\":\"de\",\"@id\":\"https:\/\/www.radlobby.org\/noe\/#\/schema\/person\/image\/\",\"url\":\"https:\/\/secure.gravatar.com\/avatar\/e4e98524259135452c397dd1b66d0b10e5e5e96b0b2426c95f00c17c53897790?s=96&d=mm&r=g\",\"contentUrl\":\"https:\/\/secure.gravatar.com\/avatar\/e4e98524259135452c397dd1b66d0b10e5e5e96b0b2426c95f00c17c53897790?s=96&d=mm&r=g\",\"caption\":\"Patrick Haslinger\"},\"url\":\"https:\/\/www.radlobby.org\/noe\/author\/patrick-haslinger\/\"}]}<\/script>\n<!-- \/ Yoast SEO plugin. -->","yoast_head_json":{"title":"Rad-Reparaturliste f\u00fcr Amstetten - Radlobby Nieder\u00f6sterreich","robots":{"index":"index","follow":"follow","max-snippet":"max-snippet:-1","max-image-preview":"max-image-preview:large","max-video-preview":"max-video-preview:-1"},"canonical":"https:\/\/www.radlobby.org\/noe\/reparaturliste\/","og_locale":"de_DE","og_type":"article","og_title":"Rad-Reparaturliste f\u00fcr Amstetten - Radlobby Nieder\u00f6sterreich","og_description":"Welche M\u00f6glichkeiten in Amstetten gibt es das Fahrrad zu reparieren \/ \u00fcberpr\u00fcfen zu lassen? Manchmal weisen Fahrr\u00e4der kleinere oder gr\u00f6\u00dfere M\u00e4ngel auf, die einerseits den Fahrspa\u00df schm\u00e4lern und andererseits ein Sicherheitsrisiko darstellen k\u00f6nnen. Nicht alle wissen wie man solche M\u00e4ngel","og_url":"https:\/\/www.radlobby.org\/noe\/reparaturliste\/","og_site_name":"Radlobby Nieder\u00f6sterreich","article_publisher":"https:\/\/www.facebook.com\/groups\/radfahren.in.noe\/","article_published_time":"2024-06-22T06:51:10+00:00","article_modified_time":"2024-07-21T20:06:41+00:00","og_image":[{"width":759,"height":1121,"url":"https:\/\/www.radlobby.org\/noe\/wp-content\/uploads\/Reparaturliste-Seite-1.jpg","type":"image\/jpeg"}],"author":"Patrick Haslinger","twitter_card":"summary_large_image","twitter_misc":{"Verfasst von":"Patrick Haslinger","Gesch\u00e4tzte Lesezeit":"2\u00a0Minuten"},"schema":{"@context":"https:\/\/schema.org","@graph":[{"@type":"Article","@id":"https:\/\/www.radlobby.org\/noe\/reparaturliste\/#article","isPartOf":{"@id":"https:\/\/www.radlobby.org\/noe\/reparaturliste\/"},"author":{"name":"Patrick Haslinger","@id":"https:\/\/www.radlobby.org\/noe\/#\/schema\/person\/afe0233b9fb4bb6eaceaa46c6751785c"},"headline":"Rad-Reparaturliste f\u00fcr Amstetten","datePublished":"2024-06-22T06:51:10+00:00","dateModified":"2024-07-21T20:06:41+00:00","mainEntityOfPage":{"@id":"https:\/\/www.radlobby.org\/noe\/reparaturliste\/"},"wordCount":96,"publisher":{"@id":"https:\/\/www.radlobby.org\/noe\/#organization"},"image":{"@id":"https:\/\/www.radlobby.org\/noe\/reparaturliste\/#primaryimage"},"thumbnailUrl":"https:\/\/www.radlobby.org\/noe\/wp-content\/uploads\/Reparaturliste-Seite-1.jpg","articleSection":{"1":"Presse &amp; Medien","2":"Radlobby Amstetten"},"inLanguage":"de"},{"@type":"WebPage","@id":"https:\/\/www.radlobby.org\/noe\/reparaturliste\/","url":"https:\/\/www.radlobby.org\/noe\/reparaturliste\/","name":"Rad-Reparaturliste f\u00fcr Amstetten - Radlobby Nieder\u00f6sterreich","isPartOf":{"@id":"https:\/\/www.radlobby.org\/noe\/#website"},"primaryImageOfPage":{"@id":"https:\/\/www.radlobby.org\/noe\/reparaturliste\/#primaryimage"},"image":{"@id":"https:\/\/www.radlobby.org\/noe\/reparaturliste\/#primaryimage"},"thumbnailUrl":"https:\/\/www.radlobby.org\/noe\/wp-content\/uploads\/Reparaturliste-Seite-1.jpg","datePublished":"2024-06-22T06:51:10+00:00","dateModified":"2024-07-21T20:06:41+00:00","breadcrumb":{"@id":"https:\/\/www.radlobby.org\/noe\/reparaturliste\/#breadcrumb"},"inLanguage":"de","potentialAction":[{"@type":"ReadAction","target":["https:\/\/www.radlobby.org\/noe\/reparaturliste\/"]}]},{"@type":"ImageObject","inLanguage":"de","@id":"https:\/\/www.radlobby.org\/noe\/reparaturliste\/#primaryimage","url":"https:\/\/www.radlobby.org\/noe\/wp-content\/uploads\/Reparaturliste-Seite-1.jpg","contentUrl":"https:\/\/www.radlobby.org\/noe\/wp-content\/uploads\/Reparaturliste-Seite-1.jpg","width":759,"height":1121},{"@type":"BreadcrumbList","@id":"https:\/\/www.radlobby.org\/noe\/reparaturliste\/#breadcrumb","itemListElement":[{"@type":"ListItem","position":1,"name":"Startseite","item":"https:\/\/www.radlobby.org\/noe\/"},{"@type":"ListItem","position":2,"name":"Rad-Reparaturliste f\u00fcr Amstetten"}]},{"@type":"WebSite","@id":"https:\/\/www.radlobby.org\/noe\/#website","url":"https:\/\/www.radlobby.org\/noe\/","name":"Radlobby Nieder\u00f6sterreich","description":"Radverkehr, Fahrrad, Radfahren, Radreisen, Radtouren, Radweg","publisher":{"@id":"https:\/\/www.radlobby.org\/noe\/#organization"},"potentialAction":[{"@type":"SearchAction","target":{"@type":"EntryPoint","urlTemplate":"https:\/\/www.radlobby.org\/noe\/?s={search_term_string}"},"query-input":{"@type":"PropertyValueSpecification","valueRequired":true,"valueName":"search_term_string"}}],"inLanguage":"de"},{"@type":"Organization","@id":"https:\/\/www.radlobby.org\/noe\/#organization","name":"Radlobby Nieder\u00f6sterreich","url":"https:\/\/www.radlobby.org\/noe\/","logo":{"@type":"ImageObject","inLanguage":"de","@id":"https:\/\/www.radlobby.org\/noe\/#\/schema\/logo\/image\/","url":"https:\/\/www.radlobby.org\/noe\/wp-content\/uploads\/2017\/01\/cropped-Logo_Radlobby_Niederoesterreich_50-400px_quer-1.jpg","contentUrl":"https:\/\/www.radlobby.org\/noe\/wp-content\/uploads\/2017\/01\/cropped-Logo_Radlobby_Niederoesterreich_50-400px_quer-1.jpg","width":450,"height":124,"caption":"Radlobby Nieder\u00f6sterreich"},"image":{"@id":"https:\/\/www.radlobby.org\/noe\/#\/schema\/logo\/image\/"},"sameAs":["https:\/\/www.facebook.com\/groups\/radfahren.in.noe\/"]},{"@type":"Person","@id":"https:\/\/www.radlobby.org\/noe\/#\/schema\/person\/afe0233b9fb4bb6eaceaa46c6751785c","name":"Patrick Haslinger","image":{"@type":"ImageObject","inLanguage":"de","@id":"https:\/\/www.radlobby.org\/noe\/#\/schema\/person\/image\/","url":"https:\/\/secure.gravatar.com\/avatar\/e4e98524259135452c397dd1b66d0b10e5e5e96b0b2426c95f00c17c53897790?s=96&d=mm&r=g","contentUrl":"https:\/\/secure.gravatar.com\/avatar\/e4e98524259135452c397dd1b66d0b10e5e5e96b0b2426c95f00c17c53897790?s=96&d=mm&r=g","caption":"Patrick Haslinger"},"url":"https:\/\/www.radlobby.org\/noe\/author\/patrick-haslinger\/"}]}},"_links":{"self":[{"href":"https:\/\/www.radlobby.org\/noe\/wp-json\/wp\/v2\/posts\/35823","targetHints":{"allow":["GET"]}}],"collection":[{"href":"https:\/\/www.radlobby.org\/noe\/wp-json\/wp\/v2\/posts"}],"about":[{"href":"https:\/\/www.radlobby.org\/noe\/wp-json\/wp\/v2\/types\/post"}],"author":[{"embeddable":true,"href":"https:\/\/www.radlobby.org\/noe\/wp-json\/wp\/v2\/users\/85"}],"replies":[{"embeddable":true,"href":"https:\/\/www.radlobby.org\/noe\/wp-json\/wp\/v2\/comments?post=35823"}],"version-history":[{"count":8,"href":"https:\/\/www.radlobby.org\/noe\/wp-json\/wp\/v2\/posts\/35823\/revisions"}],"predecessor-version":[{"id":35985,"href":"https:\/\/www.radlobby.org\/noe\/wp-json\/wp\/v2\/posts\/35823\/revisions\/35985"}],"wp:featuredmedia":[{"embeddable":true,"href":"https:\/\/www.radlobby.org\/noe\/wp-json\/wp\/v2\/media\/35981"}],"wp:attachment":[{"href":"https:\/\/www.radlobby.org\/noe\/wp-json\/wp\/v2\/media?parent=35823"}],"wp:term":[{"taxonomy":"category","embeddable":true,"href":"https:\/\/www.radlobby.org\/noe\/wp-json\/wp\/v2\/categories?post=35823"},{"taxonomy":"post_tag","embeddable":true,"href":"https:\/\/www.radlobby.org\/noe\/wp-json\/wp\/v2\/tags?post=35823"}],"curies":[{"name":"wp","href":"https:\/\/api.w.org\/{rel}","templated":true}]}}