{"id":35737,"date":"2024-06-14T15:15:47","date_gmt":"2024-06-14T13:15:47","guid":{"rendered":"https:\/\/www.radlobby.org\/noe\/?p=35737"},"modified":"2026-04-01T12:45:16","modified_gmt":"2026-04-01T10:45:16","slug":"radlobby-bad-voeslau-mit-radeln-ohne-alter-rikscha-beim-maerchentag-in-kottingbrunn-16-6-2024","status":"publish","type":"post","link":"https:\/\/www.radlobby.org\/noe\/radlobby-bad-voeslau-mit-radeln-ohne-alter-rikscha-beim-maerchentag-in-kottingbrunn-16-6-2024\/","title":{"rendered":"Bad V\u00f6slau | Radeln ohne Alter Rikscha beim M\u00e4rchentag in Kottingbrunn: 16.6.2024"},"content":{"rendered":"<h1 id=\"ctl00_ctl00_ctl00_cph_col_a_cph_content_cph_content_title_heading\">M\u00e4rchentag<\/h1>\n<div class=\"width30 img_and_caption ext-border float_right veranstaltungfoto_img\">\n<p><a title=\"Plakat Maerchentag 2024\" href=\"https:\/\/www.kottingbrunn.gv.at\/system\/web\/GetImage.ashx?fileid=3118556&amp;mode=T&amp;width=1000&amp;height=800\" data-lbgroup=\"fg_4\"><img decoding=\"async\" class=\"width100\" src=\"https:\/\/www.kottingbrunn.gv.at\/system\/web\/GetImage.ashx?fileid=3118556&amp;mode=T&amp;width=350&amp;height=600&amp;cts=1706598359\" alt=\"Plakat Maerchentag 2024\" \/><\/a><\/p>\n<div class=\"img_caption txt_3118556\">\n<p><span class=\"img_copyright\">\u00a9DorfNeu<\/span><\/p>\n<\/div>\n<\/div>\n<div class=\"vatext_container\">\n<p>Unser sch\u00f6nes Wasserschloss samt Schlosspark wird zu einer m\u00e4rchenhaften B\u00fchne!<\/p>\n<p>Mit der Rikscha von <a href=\"https:\/\/radelnohnealter.at\/\">Radeln ohne Alter<\/a> kutschieren die V\u00f6slauer Radlobbyist:innen mutige Abenteurer:innen auf der Allee von einer Station zur n\u00e4chsten.<\/p>\n<p>Lass dich von dem m\u00e4rchenhaften Ambiente verzaubern!<\/p>\n<\/div>\n<p>Weitere Infos unter : <a href=\"https:\/\/www.kottingbrunn.gv.at\/Maerchentag\">https:\/\/www.kottingbrunn.gv.at\/Maerchentag<\/a><\/p>\n<p>[BadV\u00f6slau_Radparaden]<\/p>\n","protected":false},"excerpt":{"rendered":"<p>M\u00e4rchentag \u00a9DorfNeu Unser sch\u00f6nes Wasserschloss samt Schlosspark wird zu einer m\u00e4rchenhaften B\u00fchne! Mit der Rikscha von Radeln ohne Alter kutschieren die V\u00f6slauer Radlobbyist:innen mutige Abenteurer:innen auf der Allee von einer Station zur n\u00e4chsten. Lass dich von dem m\u00e4rchenhaften Ambiente verzaubern!<\/p>\n","protected":false},"author":65,"featured_media":35738,"comment_status":"closed","ping_status":"closed","sticky":false,"template":"","format":"standard","meta":{"footnotes":""},"categories":[547],"tags":[],"class_list":["post-35737","post","type-post","status-publish","format-standard","has-post-thumbnail","hentry","category-badvoeslau"],"yoast_head":"<!-- This site is optimized with the Yoast SEO plugin v26.9 - https:\/\/yoast.com\/product\/yoast-seo-wordpress\/ -->\n<title>Bad V\u00f6slau | Radeln ohne Alter Rikscha beim M\u00e4rchentag in Kottingbrunn: 16.6.2024 - Radlobby Nieder\u00f6sterreich<\/title>\n<meta name=\"robots\" content=\"index, follow, max-snippet:-1, max-image-preview:large, max-video-preview:-1\" \/>\n<link rel=\"canonical\" href=\"https:\/\/www.radlobby.org\/noe\/radlobby-bad-voeslau-mit-radeln-ohne-alter-rikscha-beim-maerchentag-in-kottingbrunn-16-6-2024\/\" \/>\n<meta property=\"og:locale\" content=\"de_DE\" \/>\n<meta property=\"og:type\" content=\"article\" \/>\n<meta property=\"og:title\" content=\"Bad V\u00f6slau | Radeln ohne Alter Rikscha beim M\u00e4rchentag in Kottingbrunn: 16.6.2024 - Radlobby Nieder\u00f6sterreich\" \/>\n<meta property=\"og:description\" content=\"M\u00e4rchentag \u00a9DorfNeu Unser sch\u00f6nes Wasserschloss samt Schlosspark wird zu einer m\u00e4rchenhaften B\u00fchne! Mit der Rikscha von Radeln ohne Alter kutschieren die V\u00f6slauer Radlobbyist:innen mutige Abenteurer:innen auf der Allee von einer Station zur n\u00e4chsten. Lass dich von dem m\u00e4rchenhaften Ambiente verzaubern!\" \/>\n<meta property=\"og:url\" content=\"https:\/\/www.radlobby.org\/noe\/radlobby-bad-voeslau-mit-radeln-ohne-alter-rikscha-beim-maerchentag-in-kottingbrunn-16-6-2024\/\" \/>\n<meta property=\"og:site_name\" content=\"Radlobby Nieder\u00f6sterreich\" \/>\n<meta property=\"article:publisher\" content=\"https:\/\/www.facebook.com\/groups\/radfahren.in.noe\/\" \/>\n<meta property=\"article:published_time\" content=\"2024-06-14T13:15:47+00:00\" \/>\n<meta property=\"article:modified_time\" content=\"2026-04-01T10:45:16+00:00\" \/>\n<meta property=\"og:image\" content=\"https:\/\/www.radlobby.org\/noe\/wp-content\/uploads\/Maerchenplakat_final.webp\" \/>\n\t<meta property=\"og:image:width\" content=\"566\" \/>\n\t<meta property=\"og:image:height\" content=\"800\" \/>\n\t<meta property=\"og:image:type\" content=\"image\/webp\" \/>\n<meta name=\"author\" content=\"Laura Kafka\" \/>\n<meta name=\"twitter:card\" content=\"summary_large_image\" \/>\n<meta name=\"twitter:label1\" content=\"Verfasst von\" \/>\n\t<meta name=\"twitter:data1\" content=\"Laura Kafka\" \/>\n\t<meta name=\"twitter:label2\" content=\"Gesch\u00e4tzte Lesezeit\" \/>\n\t<meta name=\"twitter:data2\" content=\"1\u00a0Minute\" \/>\n<script type=\"application\/ld+json\" class=\"yoast-schema-graph\">{\"@context\":\"https:\/\/schema.org\",\"@graph\":[{\"@type\":\"Article\",\"@id\":\"https:\/\/www.radlobby.org\/noe\/radlobby-bad-voeslau-mit-radeln-ohne-alter-rikscha-beim-maerchentag-in-kottingbrunn-16-6-2024\/#article\",\"isPartOf\":{\"@id\":\"https:\/\/www.radlobby.org\/noe\/radlobby-bad-voeslau-mit-radeln-ohne-alter-rikscha-beim-maerchentag-in-kottingbrunn-16-6-2024\/\"},\"author\":{\"name\":\"Laura Kafka\",\"@id\":\"https:\/\/www.radlobby.org\/noe\/#\/schema\/person\/3d46d5baaa32e9fab65201812c570448\"},\"headline\":\"Bad V\u00f6slau | Radeln ohne Alter Rikscha beim M\u00e4rchentag in Kottingbrunn: 16.6.2024\",\"datePublished\":\"2024-06-14T13:15:47+00:00\",\"dateModified\":\"2026-04-01T10:45:16+00:00\",\"mainEntityOfPage\":{\"@id\":\"https:\/\/www.radlobby.org\/noe\/radlobby-bad-voeslau-mit-radeln-ohne-alter-rikscha-beim-maerchentag-in-kottingbrunn-16-6-2024\/\"},\"wordCount\":73,\"publisher\":{\"@id\":\"https:\/\/www.radlobby.org\/noe\/#organization\"},\"image\":{\"@id\":\"https:\/\/www.radlobby.org\/noe\/radlobby-bad-voeslau-mit-radeln-ohne-alter-rikscha-beim-maerchentag-in-kottingbrunn-16-6-2024\/#primaryimage\"},\"thumbnailUrl\":\"https:\/\/www.radlobby.org\/noe\/wp-content\/uploads\/Maerchenplakat_final.webp\",\"articleSection\":[\"Radlobby Bad V\u00f6slau\"],\"inLanguage\":\"de\"},{\"@type\":\"WebPage\",\"@id\":\"https:\/\/www.radlobby.org\/noe\/radlobby-bad-voeslau-mit-radeln-ohne-alter-rikscha-beim-maerchentag-in-kottingbrunn-16-6-2024\/\",\"url\":\"https:\/\/www.radlobby.org\/noe\/radlobby-bad-voeslau-mit-radeln-ohne-alter-rikscha-beim-maerchentag-in-kottingbrunn-16-6-2024\/\",\"name\":\"Bad V\u00f6slau | Radeln ohne Alter Rikscha beim M\u00e4rchentag in Kottingbrunn: 16.6.2024 - Radlobby Nieder\u00f6sterreich\",\"isPartOf\":{\"@id\":\"https:\/\/www.radlobby.org\/noe\/#website\"},\"primaryImageOfPage\":{\"@id\":\"https:\/\/www.radlobby.org\/noe\/radlobby-bad-voeslau-mit-radeln-ohne-alter-rikscha-beim-maerchentag-in-kottingbrunn-16-6-2024\/#primaryimage\"},\"image\":{\"@id\":\"https:\/\/www.radlobby.org\/noe\/radlobby-bad-voeslau-mit-radeln-ohne-alter-rikscha-beim-maerchentag-in-kottingbrunn-16-6-2024\/#primaryimage\"},\"thumbnailUrl\":\"https:\/\/www.radlobby.org\/noe\/wp-content\/uploads\/Maerchenplakat_final.webp\",\"datePublished\":\"2024-06-14T13:15:47+00:00\",\"dateModified\":\"2026-04-01T10:45:16+00:00\",\"breadcrumb\":{\"@id\":\"https:\/\/www.radlobby.org\/noe\/radlobby-bad-voeslau-mit-radeln-ohne-alter-rikscha-beim-maerchentag-in-kottingbrunn-16-6-2024\/#breadcrumb\"},\"inLanguage\":\"de\",\"potentialAction\":[{\"@type\":\"ReadAction\",\"target\":[\"https:\/\/www.radlobby.org\/noe\/radlobby-bad-voeslau-mit-radeln-ohne-alter-rikscha-beim-maerchentag-in-kottingbrunn-16-6-2024\/\"]}]},{\"@type\":\"ImageObject\",\"inLanguage\":\"de\",\"@id\":\"https:\/\/www.radlobby.org\/noe\/radlobby-bad-voeslau-mit-radeln-ohne-alter-rikscha-beim-maerchentag-in-kottingbrunn-16-6-2024\/#primaryimage\",\"url\":\"https:\/\/www.radlobby.org\/noe\/wp-content\/uploads\/Maerchenplakat_final.webp\",\"contentUrl\":\"https:\/\/www.radlobby.org\/noe\/wp-content\/uploads\/Maerchenplakat_final.webp\",\"width\":566,\"height\":800},{\"@type\":\"BreadcrumbList\",\"@id\":\"https:\/\/www.radlobby.org\/noe\/radlobby-bad-voeslau-mit-radeln-ohne-alter-rikscha-beim-maerchentag-in-kottingbrunn-16-6-2024\/#breadcrumb\",\"itemListElement\":[{\"@type\":\"ListItem\",\"position\":1,\"name\":\"Startseite\",\"item\":\"https:\/\/www.radlobby.org\/noe\/\"},{\"@type\":\"ListItem\",\"position\":2,\"name\":\"Bad V\u00f6slau | Radeln ohne Alter Rikscha beim M\u00e4rchentag in Kottingbrunn: 16.6.2024\"}]},{\"@type\":\"WebSite\",\"@id\":\"https:\/\/www.radlobby.org\/noe\/#website\",\"url\":\"https:\/\/www.radlobby.org\/noe\/\",\"name\":\"Radlobby Nieder\u00f6sterreich\",\"description\":\"Radverkehr, Fahrrad, Radfahren, Radreisen, Radtouren, Radweg\",\"publisher\":{\"@id\":\"https:\/\/www.radlobby.org\/noe\/#organization\"},\"potentialAction\":[{\"@type\":\"SearchAction\",\"target\":{\"@type\":\"EntryPoint\",\"urlTemplate\":\"https:\/\/www.radlobby.org\/noe\/?s={search_term_string}\"},\"query-input\":{\"@type\":\"PropertyValueSpecification\",\"valueRequired\":true,\"valueName\":\"search_term_string\"}}],\"inLanguage\":\"de\"},{\"@type\":\"Organization\",\"@id\":\"https:\/\/www.radlobby.org\/noe\/#organization\",\"name\":\"Radlobby Nieder\u00f6sterreich\",\"url\":\"https:\/\/www.radlobby.org\/noe\/\",\"logo\":{\"@type\":\"ImageObject\",\"inLanguage\":\"de\",\"@id\":\"https:\/\/www.radlobby.org\/noe\/#\/schema\/logo\/image\/\",\"url\":\"https:\/\/www.radlobby.org\/noe\/wp-content\/uploads\/2017\/01\/cropped-Logo_Radlobby_Niederoesterreich_50-400px_quer-1.jpg\",\"contentUrl\":\"https:\/\/www.radlobby.org\/noe\/wp-content\/uploads\/2017\/01\/cropped-Logo_Radlobby_Niederoesterreich_50-400px_quer-1.jpg\",\"width\":450,\"height\":124,\"caption\":\"Radlobby Nieder\u00f6sterreich\"},\"image\":{\"@id\":\"https:\/\/www.radlobby.org\/noe\/#\/schema\/logo\/image\/\"},\"sameAs\":[\"https:\/\/www.facebook.com\/groups\/radfahren.in.noe\/\"]},{\"@type\":\"Person\",\"@id\":\"https:\/\/www.radlobby.org\/noe\/#\/schema\/person\/3d46d5baaa32e9fab65201812c570448\",\"name\":\"Laura Kafka\",\"image\":{\"@type\":\"ImageObject\",\"inLanguage\":\"de\",\"@id\":\"https:\/\/www.radlobby.org\/noe\/#\/schema\/person\/image\/\",\"url\":\"https:\/\/secure.gravatar.com\/avatar\/141ec437f27b3084bc6c91857d881288555812a76d2e9c6af9f4ba5f626465e7?s=96&d=mm&r=g\",\"contentUrl\":\"https:\/\/secure.gravatar.com\/avatar\/141ec437f27b3084bc6c91857d881288555812a76d2e9c6af9f4ba5f626465e7?s=96&d=mm&r=g\",\"caption\":\"Laura Kafka\"},\"url\":\"https:\/\/www.radlobby.org\/noe\/author\/laura-kafka\/\"}]}<\/script>\n<!-- \/ Yoast SEO plugin. -->","yoast_head_json":{"title":"Bad V\u00f6slau | Radeln ohne Alter Rikscha beim M\u00e4rchentag in Kottingbrunn: 16.6.2024 - Radlobby Nieder\u00f6sterreich","robots":{"index":"index","follow":"follow","max-snippet":"max-snippet:-1","max-image-preview":"max-image-preview:large","max-video-preview":"max-video-preview:-1"},"canonical":"https:\/\/www.radlobby.org\/noe\/radlobby-bad-voeslau-mit-radeln-ohne-alter-rikscha-beim-maerchentag-in-kottingbrunn-16-6-2024\/","og_locale":"de_DE","og_type":"article","og_title":"Bad V\u00f6slau | Radeln ohne Alter Rikscha beim M\u00e4rchentag in Kottingbrunn: 16.6.2024 - Radlobby Nieder\u00f6sterreich","og_description":"M\u00e4rchentag \u00a9DorfNeu Unser sch\u00f6nes Wasserschloss samt Schlosspark wird zu einer m\u00e4rchenhaften B\u00fchne! Mit der Rikscha von Radeln ohne Alter kutschieren die V\u00f6slauer Radlobbyist:innen mutige Abenteurer:innen auf der Allee von einer Station zur n\u00e4chsten. Lass dich von dem m\u00e4rchenhaften Ambiente verzaubern!","og_url":"https:\/\/www.radlobby.org\/noe\/radlobby-bad-voeslau-mit-radeln-ohne-alter-rikscha-beim-maerchentag-in-kottingbrunn-16-6-2024\/","og_site_name":"Radlobby Nieder\u00f6sterreich","article_publisher":"https:\/\/www.facebook.com\/groups\/radfahren.in.noe\/","article_published_time":"2024-06-14T13:15:47+00:00","article_modified_time":"2026-04-01T10:45:16+00:00","og_image":[{"width":566,"height":800,"url":"https:\/\/www.radlobby.org\/noe\/wp-content\/uploads\/Maerchenplakat_final.webp","type":"image\/webp"}],"author":"Laura Kafka","twitter_card":"summary_large_image","twitter_misc":{"Verfasst von":"Laura Kafka","Gesch\u00e4tzte Lesezeit":"1\u00a0Minute"},"schema":{"@context":"https:\/\/schema.org","@graph":[{"@type":"Article","@id":"https:\/\/www.radlobby.org\/noe\/radlobby-bad-voeslau-mit-radeln-ohne-alter-rikscha-beim-maerchentag-in-kottingbrunn-16-6-2024\/#article","isPartOf":{"@id":"https:\/\/www.radlobby.org\/noe\/radlobby-bad-voeslau-mit-radeln-ohne-alter-rikscha-beim-maerchentag-in-kottingbrunn-16-6-2024\/"},"author":{"name":"Laura Kafka","@id":"https:\/\/www.radlobby.org\/noe\/#\/schema\/person\/3d46d5baaa32e9fab65201812c570448"},"headline":"Bad V\u00f6slau | Radeln ohne Alter Rikscha beim M\u00e4rchentag in Kottingbrunn: 16.6.2024","datePublished":"2024-06-14T13:15:47+00:00","dateModified":"2026-04-01T10:45:16+00:00","mainEntityOfPage":{"@id":"https:\/\/www.radlobby.org\/noe\/radlobby-bad-voeslau-mit-radeln-ohne-alter-rikscha-beim-maerchentag-in-kottingbrunn-16-6-2024\/"},"wordCount":73,"publisher":{"@id":"https:\/\/www.radlobby.org\/noe\/#organization"},"image":{"@id":"https:\/\/www.radlobby.org\/noe\/radlobby-bad-voeslau-mit-radeln-ohne-alter-rikscha-beim-maerchentag-in-kottingbrunn-16-6-2024\/#primaryimage"},"thumbnailUrl":"https:\/\/www.radlobby.org\/noe\/wp-content\/uploads\/Maerchenplakat_final.webp","articleSection":["Radlobby Bad V\u00f6slau"],"inLanguage":"de"},{"@type":"WebPage","@id":"https:\/\/www.radlobby.org\/noe\/radlobby-bad-voeslau-mit-radeln-ohne-alter-rikscha-beim-maerchentag-in-kottingbrunn-16-6-2024\/","url":"https:\/\/www.radlobby.org\/noe\/radlobby-bad-voeslau-mit-radeln-ohne-alter-rikscha-beim-maerchentag-in-kottingbrunn-16-6-2024\/","name":"Bad V\u00f6slau | Radeln ohne Alter Rikscha beim M\u00e4rchentag in Kottingbrunn: 16.6.2024 - Radlobby Nieder\u00f6sterreich","isPartOf":{"@id":"https:\/\/www.radlobby.org\/noe\/#website"},"primaryImageOfPage":{"@id":"https:\/\/www.radlobby.org\/noe\/radlobby-bad-voeslau-mit-radeln-ohne-alter-rikscha-beim-maerchentag-in-kottingbrunn-16-6-2024\/#primaryimage"},"image":{"@id":"https:\/\/www.radlobby.org\/noe\/radlobby-bad-voeslau-mit-radeln-ohne-alter-rikscha-beim-maerchentag-in-kottingbrunn-16-6-2024\/#primaryimage"},"thumbnailUrl":"https:\/\/www.radlobby.org\/noe\/wp-content\/uploads\/Maerchenplakat_final.webp","datePublished":"2024-06-14T13:15:47+00:00","dateModified":"2026-04-01T10:45:16+00:00","breadcrumb":{"@id":"https:\/\/www.radlobby.org\/noe\/radlobby-bad-voeslau-mit-radeln-ohne-alter-rikscha-beim-maerchentag-in-kottingbrunn-16-6-2024\/#breadcrumb"},"inLanguage":"de","potentialAction":[{"@type":"ReadAction","target":["https:\/\/www.radlobby.org\/noe\/radlobby-bad-voeslau-mit-radeln-ohne-alter-rikscha-beim-maerchentag-in-kottingbrunn-16-6-2024\/"]}]},{"@type":"ImageObject","inLanguage":"de","@id":"https:\/\/www.radlobby.org\/noe\/radlobby-bad-voeslau-mit-radeln-ohne-alter-rikscha-beim-maerchentag-in-kottingbrunn-16-6-2024\/#primaryimage","url":"https:\/\/www.radlobby.org\/noe\/wp-content\/uploads\/Maerchenplakat_final.webp","contentUrl":"https:\/\/www.radlobby.org\/noe\/wp-content\/uploads\/Maerchenplakat_final.webp","width":566,"height":800},{"@type":"BreadcrumbList","@id":"https:\/\/www.radlobby.org\/noe\/radlobby-bad-voeslau-mit-radeln-ohne-alter-rikscha-beim-maerchentag-in-kottingbrunn-16-6-2024\/#breadcrumb","itemListElement":[{"@type":"ListItem","position":1,"name":"Startseite","item":"https:\/\/www.radlobby.org\/noe\/"},{"@type":"ListItem","position":2,"name":"Bad V\u00f6slau | Radeln ohne Alter Rikscha beim M\u00e4rchentag in Kottingbrunn: 16.6.2024"}]},{"@type":"WebSite","@id":"https:\/\/www.radlobby.org\/noe\/#website","url":"https:\/\/www.radlobby.org\/noe\/","name":"Radlobby Nieder\u00f6sterreich","description":"Radverkehr, Fahrrad, Radfahren, Radreisen, Radtouren, Radweg","publisher":{"@id":"https:\/\/www.radlobby.org\/noe\/#organization"},"potentialAction":[{"@type":"SearchAction","target":{"@type":"EntryPoint","urlTemplate":"https:\/\/www.radlobby.org\/noe\/?s={search_term_string}"},"query-input":{"@type":"PropertyValueSpecification","valueRequired":true,"valueName":"search_term_string"}}],"inLanguage":"de"},{"@type":"Organization","@id":"https:\/\/www.radlobby.org\/noe\/#organization","name":"Radlobby Nieder\u00f6sterreich","url":"https:\/\/www.radlobby.org\/noe\/","logo":{"@type":"ImageObject","inLanguage":"de","@id":"https:\/\/www.radlobby.org\/noe\/#\/schema\/logo\/image\/","url":"https:\/\/www.radlobby.org\/noe\/wp-content\/uploads\/2017\/01\/cropped-Logo_Radlobby_Niederoesterreich_50-400px_quer-1.jpg","contentUrl":"https:\/\/www.radlobby.org\/noe\/wp-content\/uploads\/2017\/01\/cropped-Logo_Radlobby_Niederoesterreich_50-400px_quer-1.jpg","width":450,"height":124,"caption":"Radlobby Nieder\u00f6sterreich"},"image":{"@id":"https:\/\/www.radlobby.org\/noe\/#\/schema\/logo\/image\/"},"sameAs":["https:\/\/www.facebook.com\/groups\/radfahren.in.noe\/"]},{"@type":"Person","@id":"https:\/\/www.radlobby.org\/noe\/#\/schema\/person\/3d46d5baaa32e9fab65201812c570448","name":"Laura Kafka","image":{"@type":"ImageObject","inLanguage":"de","@id":"https:\/\/www.radlobby.org\/noe\/#\/schema\/person\/image\/","url":"https:\/\/secure.gravatar.com\/avatar\/141ec437f27b3084bc6c91857d881288555812a76d2e9c6af9f4ba5f626465e7?s=96&d=mm&r=g","contentUrl":"https:\/\/secure.gravatar.com\/avatar\/141ec437f27b3084bc6c91857d881288555812a76d2e9c6af9f4ba5f626465e7?s=96&d=mm&r=g","caption":"Laura Kafka"},"url":"https:\/\/www.radlobby.org\/noe\/author\/laura-kafka\/"}]}},"_links":{"self":[{"href":"https:\/\/www.radlobby.org\/noe\/wp-json\/wp\/v2\/posts\/35737","targetHints":{"allow":["GET"]}}],"collection":[{"href":"https:\/\/www.radlobby.org\/noe\/wp-json\/wp\/v2\/posts"}],"about":[{"href":"https:\/\/www.radlobby.org\/noe\/wp-json\/wp\/v2\/types\/post"}],"author":[{"embeddable":true,"href":"https:\/\/www.radlobby.org\/noe\/wp-json\/wp\/v2\/users\/65"}],"replies":[{"embeddable":true,"href":"https:\/\/www.radlobby.org\/noe\/wp-json\/wp\/v2\/comments?post=35737"}],"version-history":[{"count":3,"href":"https:\/\/www.radlobby.org\/noe\/wp-json\/wp\/v2\/posts\/35737\/revisions"}],"predecessor-version":[{"id":41602,"href":"https:\/\/www.radlobby.org\/noe\/wp-json\/wp\/v2\/posts\/35737\/revisions\/41602"}],"wp:featuredmedia":[{"embeddable":true,"href":"https:\/\/www.radlobby.org\/noe\/wp-json\/wp\/v2\/media\/35738"}],"wp:attachment":[{"href":"https:\/\/www.radlobby.org\/noe\/wp-json\/wp\/v2\/media?parent=35737"}],"wp:term":[{"taxonomy":"category","embeddable":true,"href":"https:\/\/www.radlobby.org\/noe\/wp-json\/wp\/v2\/categories?post=35737"},{"taxonomy":"post_tag","embeddable":true,"href":"https:\/\/www.radlobby.org\/noe\/wp-json\/wp\/v2\/tags?post=35737"}],"curies":[{"name":"wp","href":"https:\/\/api.w.org\/{rel}","templated":true}]}}