{"id":35727,"date":"2024-06-23T17:06:25","date_gmt":"2024-06-23T15:06:25","guid":{"rendered":"https:\/\/www.radlobby.org\/noe\/?p=35727"},"modified":"2024-06-23T16:58:08","modified_gmt":"2024-06-23T14:58:08","slug":"durchgaengiges-radwege-netz-jetzt","status":"publish","type":"post","link":"https:\/\/www.radlobby.org\/noe\/durchgaengiges-radwege-netz-jetzt\/","title":{"rendered":"Durchg\u00e4ngiges Radwege-Netz JETZT"},"content":{"rendered":"<h2><strong>RAD-Verbindungen zum <\/strong><strong>Regierungsviertel JETZT! <\/strong><\/h2>\n<h2><strong>Stadt \u2013 Land \u2013 Fluss \u2013 VERBINDEN JETZT!<\/strong><\/h2>\n<p>St. P\u00f6lten, 22. Juni 2024<\/p>\n<p>Ort: Hammerweg, Ecke Rennbahnstra\u00dfe<\/p>\n<figure style=\"width: 950px\" class=\"wp-caption alignnone\"><img loading=\"lazy\" decoding=\"async\" src=\"https:\/\/www.radlobby.org\/noe\/wp-content\/uploads\/sichere_durchgaengige_Radwegverbindungen.jpg\" alt=\"\" width=\"950\" height=\"437\" \/><figcaption class=\"wp-caption-text\">(C) Jakob Z\u00f6gernitz<\/figcaption><\/figure>\n<p>St. P\u00f6lten ist seit 1986 Landeshauptstadt. 1997 wurde das Regierungsviertel fertig gestellt. Noch heute im Jahr 2024 ist das Regierungsviertel <strong>nicht<\/strong> ausreichend und <strong>sicher<\/strong> mit der Stadt <strong>verbunden<\/strong>. Radrouten enden vorm Regierungsviertel.<\/p>\n<p>Die Radlobby rollte einen Teppich \u00fcber die Rennbahnstra\u00dfe zum Regierungsviertel als tempor\u00e4re Rad- und Fu\u00dfwegverbindung aus. Die Radlobby errichtete im Zuge des Community Festivals <a href=\"https:\/\/www.tangente-st-poelten.at\/de\/produktionen\/stadtlandfluss-2024\/1076\">StadtLandFluss<\/a>\u00a0 eine tempor\u00e4re Br\u00fccke von der Stadt ins Regierungsviertel f\u00fcr Radfahrende und Zufu\u00dfgehende &#8211; unter dem Motto Mitmachen, Mitdenken, Mitreden und Radquerung ausprobieren.<\/p>\n<p>Facebook-Live-Video: <a href=\"https:\/\/www.facebook.com\/100092215576174\/videos\/479872494623061\">https:\/\/www.facebook.com\/100092215576174\/videos\/479872494623061\u00a0<\/a><\/p>\n<figure style=\"width: 787px\" class=\"wp-caption alignnone\"><img loading=\"lazy\" decoding=\"async\" src=\"https:\/\/www.radlobby.org\/noe\/wp-content\/uploads\/2024-06-22_RL-St.Poelten_Foto-Reischauer-1.jpeg\" alt=\"roter Teppich f\u00fcr Querungshilfe zum Regierungsviertel\" width=\"787\" height=\"524\" \/><figcaption class=\"wp-caption-text\">(C) Ernst Reischauer<\/figcaption><\/figure>\n<figure style=\"width: 789px\" class=\"wp-caption alignnone\"><img loading=\"lazy\" decoding=\"async\" src=\"https:\/\/www.radlobby.org\/noe\/wp-content\/uploads\/2024-06-22_RL-St.Poelten_Foto-Reischauer-2.jpeg\" alt=\"Querungshilfe der Radlobby \u00fcber Rennbahnstra\u00dfe\" width=\"789\" height=\"525\" \/><figcaption class=\"wp-caption-text\">(C) Ernst Reischauer<\/figcaption><\/figure>\n<figure style=\"width: 788px\" class=\"wp-caption alignnone\"><img loading=\"lazy\" decoding=\"async\" src=\"https:\/\/www.radlobby.org\/noe\/wp-content\/uploads\/2024-06-22_RL-St.Poelten_Foto-Reischauer-3.jpeg\" alt=\"Querungshilfe \u00fcber Rennbahnstra\u00dfe der Radlobby mit rotem Teppich\" width=\"788\" height=\"525\" \/><figcaption class=\"wp-caption-text\">(C) Ernst Reischauer<\/figcaption><\/figure>\n<figure style=\"width: 783px\" class=\"wp-caption alignnone\"><img loading=\"lazy\" decoding=\"async\" src=\"https:\/\/www.radlobby.org\/noe\/wp-content\/uploads\/2024-06-22_RL-St.Poelten_Foto-Reischauer-4.jpeg\" alt=\"Querungshilfe \" width=\"783\" height=\"521\" \/><figcaption class=\"wp-caption-text\">(C) Ernst Reischauer<\/figcaption><\/figure>\n","protected":false},"excerpt":{"rendered":"<p>RAD-Verbindungen zum Regierungsviertel JETZT! Stadt \u2013 Land \u2013 Fluss \u2013 VERBINDEN JETZT! St. P\u00f6lten, 22. Juni 2024 Ort: Hammerweg, Ecke Rennbahnstra\u00dfe St. P\u00f6lten ist seit 1986 Landeshauptstadt. 1997 wurde das Regierungsviertel fertig gestellt. Noch heute im Jahr 2024 ist das<\/p>\n","protected":false},"author":33,"featured_media":35852,"comment_status":"closed","ping_status":"closed","sticky":false,"template":"","format":"standard","meta":{"footnotes":""},"categories":[668,1,20,28],"tags":[],"class_list":["post-35727","post","type-post","status-publish","format-standard","has-post-thumbnail","hentry","category-aktion","category-allgemein","category-niederoesterreich","category-st-poelten"],"yoast_head":"<!-- This site is optimized with the Yoast SEO plugin v26.9 - https:\/\/yoast.com\/product\/yoast-seo-wordpress\/ -->\n<title>Durchg\u00e4ngiges Radwege-Netz JETZT - Radlobby Nieder\u00f6sterreich<\/title>\n<meta name=\"description\" content=\"Radwegverbindungen schaffen\" \/>\n<meta name=\"robots\" content=\"index, follow, max-snippet:-1, max-image-preview:large, max-video-preview:-1\" \/>\n<link rel=\"canonical\" href=\"https:\/\/www.radlobby.org\/noe\/durchgaengiges-radwege-netz-jetzt\/\" \/>\n<meta property=\"og:locale\" content=\"de_DE\" \/>\n<meta property=\"og:type\" content=\"article\" \/>\n<meta property=\"og:title\" content=\"Durchg\u00e4ngiges Radwege-Netz JETZT - Radlobby Nieder\u00f6sterreich\" \/>\n<meta property=\"og:description\" content=\"Radwegverbindungen schaffen\" \/>\n<meta property=\"og:url\" content=\"https:\/\/www.radlobby.org\/noe\/durchgaengiges-radwege-netz-jetzt\/\" \/>\n<meta property=\"og:site_name\" content=\"Radlobby Nieder\u00f6sterreich\" \/>\n<meta property=\"article:publisher\" content=\"https:\/\/www.facebook.com\/groups\/radfahren.in.noe\/\" \/>\n<meta property=\"article:published_time\" content=\"2024-06-23T15:06:25+00:00\" \/>\n<meta property=\"og:image\" content=\"https:\/\/www.radlobby.org\/noe\/wp-content\/uploads\/2024-06-22_RL-St.Poelten_Foto-Reischauer-4.jpeg\" \/>\n\t<meta property=\"og:image:width\" content=\"1280\" \/>\n\t<meta property=\"og:image:height\" content=\"852\" \/>\n\t<meta property=\"og:image:type\" content=\"image\/jpeg\" \/>\n<meta name=\"author\" content=\"Maria Z\u00f6gernitz\" \/>\n<meta name=\"twitter:card\" content=\"summary_large_image\" \/>\n<meta name=\"twitter:label1\" content=\"Verfasst von\" \/>\n\t<meta name=\"twitter:data1\" content=\"Maria Z\u00f6gernitz\" \/>\n\t<meta name=\"twitter:label2\" content=\"Gesch\u00e4tzte Lesezeit\" \/>\n\t<meta name=\"twitter:data2\" content=\"2\u00a0Minuten\" \/>\n<script type=\"application\/ld+json\" class=\"yoast-schema-graph\">{\"@context\":\"https:\/\/schema.org\",\"@graph\":[{\"@type\":\"Article\",\"@id\":\"https:\/\/www.radlobby.org\/noe\/durchgaengiges-radwege-netz-jetzt\/#article\",\"isPartOf\":{\"@id\":\"https:\/\/www.radlobby.org\/noe\/durchgaengiges-radwege-netz-jetzt\/\"},\"author\":{\"name\":\"Maria Z\u00f6gernitz\",\"@id\":\"https:\/\/www.radlobby.org\/noe\/#\/schema\/person\/d1ad6d77ec2ff1837830735b5f074c95\"},\"headline\":\"Durchg\u00e4ngiges Radwege-Netz JETZT\",\"datePublished\":\"2024-06-23T15:06:25+00:00\",\"mainEntityOfPage\":{\"@id\":\"https:\/\/www.radlobby.org\/noe\/durchgaengiges-radwege-netz-jetzt\/\"},\"wordCount\":158,\"publisher\":{\"@id\":\"https:\/\/www.radlobby.org\/noe\/#organization\"},\"image\":{\"@id\":\"https:\/\/www.radlobby.org\/noe\/durchgaengiges-radwege-netz-jetzt\/#primaryimage\"},\"thumbnailUrl\":\"https:\/\/www.radlobby.org\/noe\/wp-content\/uploads\/2024-06-22_RL-St.Poelten_Foto-Reischauer-4.jpeg\",\"articleSection\":{\"0\":\"Aktion\",\"2\":\"Radlobby Nieder\u00f6sterreich\",\"3\":\"Radlobby St. P\u00f6lten\"},\"inLanguage\":\"de\"},{\"@type\":\"WebPage\",\"@id\":\"https:\/\/www.radlobby.org\/noe\/durchgaengiges-radwege-netz-jetzt\/\",\"url\":\"https:\/\/www.radlobby.org\/noe\/durchgaengiges-radwege-netz-jetzt\/\",\"name\":\"Durchg\u00e4ngiges Radwege-Netz JETZT - Radlobby Nieder\u00f6sterreich\",\"isPartOf\":{\"@id\":\"https:\/\/www.radlobby.org\/noe\/#website\"},\"primaryImageOfPage\":{\"@id\":\"https:\/\/www.radlobby.org\/noe\/durchgaengiges-radwege-netz-jetzt\/#primaryimage\"},\"image\":{\"@id\":\"https:\/\/www.radlobby.org\/noe\/durchgaengiges-radwege-netz-jetzt\/#primaryimage\"},\"thumbnailUrl\":\"https:\/\/www.radlobby.org\/noe\/wp-content\/uploads\/2024-06-22_RL-St.Poelten_Foto-Reischauer-4.jpeg\",\"datePublished\":\"2024-06-23T15:06:25+00:00\",\"description\":\"Radwegverbindungen schaffen\",\"breadcrumb\":{\"@id\":\"https:\/\/www.radlobby.org\/noe\/durchgaengiges-radwege-netz-jetzt\/#breadcrumb\"},\"inLanguage\":\"de\",\"potentialAction\":[{\"@type\":\"ReadAction\",\"target\":[\"https:\/\/www.radlobby.org\/noe\/durchgaengiges-radwege-netz-jetzt\/\"]}]},{\"@type\":\"ImageObject\",\"inLanguage\":\"de\",\"@id\":\"https:\/\/www.radlobby.org\/noe\/durchgaengiges-radwege-netz-jetzt\/#primaryimage\",\"url\":\"https:\/\/www.radlobby.org\/noe\/wp-content\/uploads\/2024-06-22_RL-St.Poelten_Foto-Reischauer-4.jpeg\",\"contentUrl\":\"https:\/\/www.radlobby.org\/noe\/wp-content\/uploads\/2024-06-22_RL-St.Poelten_Foto-Reischauer-4.jpeg\",\"width\":1280,\"height\":852,\"caption\":\"(C) Ernst Reischauer\"},{\"@type\":\"BreadcrumbList\",\"@id\":\"https:\/\/www.radlobby.org\/noe\/durchgaengiges-radwege-netz-jetzt\/#breadcrumb\",\"itemListElement\":[{\"@type\":\"ListItem\",\"position\":1,\"name\":\"Startseite\",\"item\":\"https:\/\/www.radlobby.org\/noe\/\"},{\"@type\":\"ListItem\",\"position\":2,\"name\":\"Durchg\u00e4ngiges Radwege-Netz JETZT\"}]},{\"@type\":\"WebSite\",\"@id\":\"https:\/\/www.radlobby.org\/noe\/#website\",\"url\":\"https:\/\/www.radlobby.org\/noe\/\",\"name\":\"Radlobby Nieder\u00f6sterreich\",\"description\":\"Radverkehr, Fahrrad, Radfahren, Radreisen, Radtouren, Radweg\",\"publisher\":{\"@id\":\"https:\/\/www.radlobby.org\/noe\/#organization\"},\"potentialAction\":[{\"@type\":\"SearchAction\",\"target\":{\"@type\":\"EntryPoint\",\"urlTemplate\":\"https:\/\/www.radlobby.org\/noe\/?s={search_term_string}\"},\"query-input\":{\"@type\":\"PropertyValueSpecification\",\"valueRequired\":true,\"valueName\":\"search_term_string\"}}],\"inLanguage\":\"de\"},{\"@type\":\"Organization\",\"@id\":\"https:\/\/www.radlobby.org\/noe\/#organization\",\"name\":\"Radlobby Nieder\u00f6sterreich\",\"url\":\"https:\/\/www.radlobby.org\/noe\/\",\"logo\":{\"@type\":\"ImageObject\",\"inLanguage\":\"de\",\"@id\":\"https:\/\/www.radlobby.org\/noe\/#\/schema\/logo\/image\/\",\"url\":\"https:\/\/www.radlobby.org\/noe\/wp-content\/uploads\/2017\/01\/cropped-Logo_Radlobby_Niederoesterreich_50-400px_quer-1.jpg\",\"contentUrl\":\"https:\/\/www.radlobby.org\/noe\/wp-content\/uploads\/2017\/01\/cropped-Logo_Radlobby_Niederoesterreich_50-400px_quer-1.jpg\",\"width\":450,\"height\":124,\"caption\":\"Radlobby Nieder\u00f6sterreich\"},\"image\":{\"@id\":\"https:\/\/www.radlobby.org\/noe\/#\/schema\/logo\/image\/\"},\"sameAs\":[\"https:\/\/www.facebook.com\/groups\/radfahren.in.noe\/\"]},{\"@type\":\"Person\",\"@id\":\"https:\/\/www.radlobby.org\/noe\/#\/schema\/person\/d1ad6d77ec2ff1837830735b5f074c95\",\"name\":\"Maria Z\u00f6gernitz\",\"image\":{\"@type\":\"ImageObject\",\"inLanguage\":\"de\",\"@id\":\"https:\/\/www.radlobby.org\/noe\/#\/schema\/person\/image\/\",\"url\":\"https:\/\/secure.gravatar.com\/avatar\/f0ec056831cd418e44e25a41becb89b06234dc4c32d644fddd8329785f26d862?s=96&d=mm&r=g\",\"contentUrl\":\"https:\/\/secure.gravatar.com\/avatar\/f0ec056831cd418e44e25a41becb89b06234dc4c32d644fddd8329785f26d862?s=96&d=mm&r=g\",\"caption\":\"Maria Z\u00f6gernitz\"},\"description\":\"Ortsgruppe St. P\u00f6lten\",\"url\":\"https:\/\/www.radlobby.org\/noe\/author\/maria-zoegernitz\/\"}]}<\/script>\n<!-- \/ Yoast SEO plugin. -->","yoast_head_json":{"title":"Durchg\u00e4ngiges Radwege-Netz JETZT - Radlobby Nieder\u00f6sterreich","description":"Radwegverbindungen schaffen","robots":{"index":"index","follow":"follow","max-snippet":"max-snippet:-1","max-image-preview":"max-image-preview:large","max-video-preview":"max-video-preview:-1"},"canonical":"https:\/\/www.radlobby.org\/noe\/durchgaengiges-radwege-netz-jetzt\/","og_locale":"de_DE","og_type":"article","og_title":"Durchg\u00e4ngiges Radwege-Netz JETZT - Radlobby Nieder\u00f6sterreich","og_description":"Radwegverbindungen schaffen","og_url":"https:\/\/www.radlobby.org\/noe\/durchgaengiges-radwege-netz-jetzt\/","og_site_name":"Radlobby Nieder\u00f6sterreich","article_publisher":"https:\/\/www.facebook.com\/groups\/radfahren.in.noe\/","article_published_time":"2024-06-23T15:06:25+00:00","og_image":[{"width":1280,"height":852,"url":"https:\/\/www.radlobby.org\/noe\/wp-content\/uploads\/2024-06-22_RL-St.Poelten_Foto-Reischauer-4.jpeg","type":"image\/jpeg"}],"author":"Maria Z\u00f6gernitz","twitter_card":"summary_large_image","twitter_misc":{"Verfasst von":"Maria Z\u00f6gernitz","Gesch\u00e4tzte Lesezeit":"2\u00a0Minuten"},"schema":{"@context":"https:\/\/schema.org","@graph":[{"@type":"Article","@id":"https:\/\/www.radlobby.org\/noe\/durchgaengiges-radwege-netz-jetzt\/#article","isPartOf":{"@id":"https:\/\/www.radlobby.org\/noe\/durchgaengiges-radwege-netz-jetzt\/"},"author":{"name":"Maria Z\u00f6gernitz","@id":"https:\/\/www.radlobby.org\/noe\/#\/schema\/person\/d1ad6d77ec2ff1837830735b5f074c95"},"headline":"Durchg\u00e4ngiges Radwege-Netz JETZT","datePublished":"2024-06-23T15:06:25+00:00","mainEntityOfPage":{"@id":"https:\/\/www.radlobby.org\/noe\/durchgaengiges-radwege-netz-jetzt\/"},"wordCount":158,"publisher":{"@id":"https:\/\/www.radlobby.org\/noe\/#organization"},"image":{"@id":"https:\/\/www.radlobby.org\/noe\/durchgaengiges-radwege-netz-jetzt\/#primaryimage"},"thumbnailUrl":"https:\/\/www.radlobby.org\/noe\/wp-content\/uploads\/2024-06-22_RL-St.Poelten_Foto-Reischauer-4.jpeg","articleSection":{"0":"Aktion","2":"Radlobby Nieder\u00f6sterreich","3":"Radlobby St. P\u00f6lten"},"inLanguage":"de"},{"@type":"WebPage","@id":"https:\/\/www.radlobby.org\/noe\/durchgaengiges-radwege-netz-jetzt\/","url":"https:\/\/www.radlobby.org\/noe\/durchgaengiges-radwege-netz-jetzt\/","name":"Durchg\u00e4ngiges Radwege-Netz JETZT - Radlobby Nieder\u00f6sterreich","isPartOf":{"@id":"https:\/\/www.radlobby.org\/noe\/#website"},"primaryImageOfPage":{"@id":"https:\/\/www.radlobby.org\/noe\/durchgaengiges-radwege-netz-jetzt\/#primaryimage"},"image":{"@id":"https:\/\/www.radlobby.org\/noe\/durchgaengiges-radwege-netz-jetzt\/#primaryimage"},"thumbnailUrl":"https:\/\/www.radlobby.org\/noe\/wp-content\/uploads\/2024-06-22_RL-St.Poelten_Foto-Reischauer-4.jpeg","datePublished":"2024-06-23T15:06:25+00:00","description":"Radwegverbindungen schaffen","breadcrumb":{"@id":"https:\/\/www.radlobby.org\/noe\/durchgaengiges-radwege-netz-jetzt\/#breadcrumb"},"inLanguage":"de","potentialAction":[{"@type":"ReadAction","target":["https:\/\/www.radlobby.org\/noe\/durchgaengiges-radwege-netz-jetzt\/"]}]},{"@type":"ImageObject","inLanguage":"de","@id":"https:\/\/www.radlobby.org\/noe\/durchgaengiges-radwege-netz-jetzt\/#primaryimage","url":"https:\/\/www.radlobby.org\/noe\/wp-content\/uploads\/2024-06-22_RL-St.Poelten_Foto-Reischauer-4.jpeg","contentUrl":"https:\/\/www.radlobby.org\/noe\/wp-content\/uploads\/2024-06-22_RL-St.Poelten_Foto-Reischauer-4.jpeg","width":1280,"height":852,"caption":"(C) Ernst Reischauer"},{"@type":"BreadcrumbList","@id":"https:\/\/www.radlobby.org\/noe\/durchgaengiges-radwege-netz-jetzt\/#breadcrumb","itemListElement":[{"@type":"ListItem","position":1,"name":"Startseite","item":"https:\/\/www.radlobby.org\/noe\/"},{"@type":"ListItem","position":2,"name":"Durchg\u00e4ngiges Radwege-Netz JETZT"}]},{"@type":"WebSite","@id":"https:\/\/www.radlobby.org\/noe\/#website","url":"https:\/\/www.radlobby.org\/noe\/","name":"Radlobby Nieder\u00f6sterreich","description":"Radverkehr, Fahrrad, Radfahren, Radreisen, Radtouren, Radweg","publisher":{"@id":"https:\/\/www.radlobby.org\/noe\/#organization"},"potentialAction":[{"@type":"SearchAction","target":{"@type":"EntryPoint","urlTemplate":"https:\/\/www.radlobby.org\/noe\/?s={search_term_string}"},"query-input":{"@type":"PropertyValueSpecification","valueRequired":true,"valueName":"search_term_string"}}],"inLanguage":"de"},{"@type":"Organization","@id":"https:\/\/www.radlobby.org\/noe\/#organization","name":"Radlobby Nieder\u00f6sterreich","url":"https:\/\/www.radlobby.org\/noe\/","logo":{"@type":"ImageObject","inLanguage":"de","@id":"https:\/\/www.radlobby.org\/noe\/#\/schema\/logo\/image\/","url":"https:\/\/www.radlobby.org\/noe\/wp-content\/uploads\/2017\/01\/cropped-Logo_Radlobby_Niederoesterreich_50-400px_quer-1.jpg","contentUrl":"https:\/\/www.radlobby.org\/noe\/wp-content\/uploads\/2017\/01\/cropped-Logo_Radlobby_Niederoesterreich_50-400px_quer-1.jpg","width":450,"height":124,"caption":"Radlobby Nieder\u00f6sterreich"},"image":{"@id":"https:\/\/www.radlobby.org\/noe\/#\/schema\/logo\/image\/"},"sameAs":["https:\/\/www.facebook.com\/groups\/radfahren.in.noe\/"]},{"@type":"Person","@id":"https:\/\/www.radlobby.org\/noe\/#\/schema\/person\/d1ad6d77ec2ff1837830735b5f074c95","name":"Maria Z\u00f6gernitz","image":{"@type":"ImageObject","inLanguage":"de","@id":"https:\/\/www.radlobby.org\/noe\/#\/schema\/person\/image\/","url":"https:\/\/secure.gravatar.com\/avatar\/f0ec056831cd418e44e25a41becb89b06234dc4c32d644fddd8329785f26d862?s=96&d=mm&r=g","contentUrl":"https:\/\/secure.gravatar.com\/avatar\/f0ec056831cd418e44e25a41becb89b06234dc4c32d644fddd8329785f26d862?s=96&d=mm&r=g","caption":"Maria Z\u00f6gernitz"},"description":"Ortsgruppe St. P\u00f6lten","url":"https:\/\/www.radlobby.org\/noe\/author\/maria-zoegernitz\/"}]}},"_links":{"self":[{"href":"https:\/\/www.radlobby.org\/noe\/wp-json\/wp\/v2\/posts\/35727","targetHints":{"allow":["GET"]}}],"collection":[{"href":"https:\/\/www.radlobby.org\/noe\/wp-json\/wp\/v2\/posts"}],"about":[{"href":"https:\/\/www.radlobby.org\/noe\/wp-json\/wp\/v2\/types\/post"}],"author":[{"embeddable":true,"href":"https:\/\/www.radlobby.org\/noe\/wp-json\/wp\/v2\/users\/33"}],"replies":[{"embeddable":true,"href":"https:\/\/www.radlobby.org\/noe\/wp-json\/wp\/v2\/comments?post=35727"}],"version-history":[{"count":8,"href":"https:\/\/www.radlobby.org\/noe\/wp-json\/wp\/v2\/posts\/35727\/revisions"}],"predecessor-version":[{"id":35863,"href":"https:\/\/www.radlobby.org\/noe\/wp-json\/wp\/v2\/posts\/35727\/revisions\/35863"}],"wp:featuredmedia":[{"embeddable":true,"href":"https:\/\/www.radlobby.org\/noe\/wp-json\/wp\/v2\/media\/35852"}],"wp:attachment":[{"href":"https:\/\/www.radlobby.org\/noe\/wp-json\/wp\/v2\/media?parent=35727"}],"wp:term":[{"taxonomy":"category","embeddable":true,"href":"https:\/\/www.radlobby.org\/noe\/wp-json\/wp\/v2\/categories?post=35727"},{"taxonomy":"post_tag","embeddable":true,"href":"https:\/\/www.radlobby.org\/noe\/wp-json\/wp\/v2\/tags?post=35727"}],"curies":[{"name":"wp","href":"https:\/\/api.w.org\/{rel}","templated":true}]}}