{"id":35606,"date":"2024-06-02T22:25:36","date_gmt":"2024-06-02T20:25:36","guid":{"rendered":"https:\/\/www.radlobby.org\/noe\/?p=35606"},"modified":"2024-06-03T19:56:51","modified_gmt":"2024-06-03T17:56:51","slug":"kidical-mass-2024-erfolg","status":"publish","type":"post","link":"https:\/\/www.radlobby.org\/noe\/kidical-mass-2024-erfolg\/","title":{"rendered":"Die 2. Kidical Mass in Amstetten war ein voller Erfolg!"},"content":{"rendered":"<h4>Unsere Presseaussendung zur zweiten Kidical Mass in Amstetten:<\/h4>\n<h5>Zweite Kidical Mass in Amstetten<br \/>\nRadparade zeigt Potenziale f\u00fcr kindgerechte Radfahrbedingungen auf<\/h5>\n<p><span style=\"font-weight: 400;\">Am Samstag, 4. Mai 2024, fand in Amstetten die zweite &#8220;Kidical Mass&#8221; statt. Bei dieser Fahrradparade steht die kindgerechte Mobilit\u00e4t im Mittelpunkt. Rund 90 Kinder und Erwachsene machten sich auf den Weg, um auf die Bed\u00fcrfnisse von jungen Radfahrenden im Stra\u00dfenverkehr aufmerksam zu machen.<\/span><\/p>\n<p><span style=\"font-weight: 400;\">Die Radparade zog vom Verkehrserziehungspark in die Ybbsstra\u00dfe und weiter zum Stadion und zur Johann-P\u00f6lz-Halle. Von dort ging es durch das Schulviertel, wo sich im Besonderen zeigte, dass auf die Bed\u00fcrfnisse der Kinder am Schulweg eingegangen werden muss. Ausgelassen klingelnd, hupend und jubelnd ging es zur\u00fcck zum Ausgangspunkt, wo es f\u00fcr alle Kinder ein Eis und eine selbst gestaltete Teilnahme<\/span><span style=\"font-weight: 400;\">plakette<\/span><span style=\"font-weight: 400;\"> gab. Die Teilnehmenden waren begeistert von der Aktion und setzten damit ein Zeichen, dass in der Verkehrs- und Stadtplanung mehr auf die Sicherheit und Bed\u00fcrfnisse der Kinder geachtet werden muss.<\/span><\/p>\n<p><span style=\"font-weight: 400;\">Organisiert wurde die \u201eKidical Mass\u201c von der Amstettner Ortsgruppe der Radlobby N\u00d6. Diese setzt sich f\u00fcr bessere Bedingungen der aktiven Mobilit\u00e4t in der Region ein. \u201eEs ist wichtig, dass Kinder fr\u00fchzeitig lernen, aktiv und sicher mit dem Fahrrad unterwegs zu sein\u201c, erkl\u00e4rte Gruppenverantwortlicher Andreas Halbmayr. \u201eDurch die Kidical Mass m\u00f6chten wir darauf aufmerksam machen, dass die Bedingungen in Amstetten verbessert werden m\u00fcssen, um sicheres Radfahren f\u00fcr alle Kinder zu erm\u00f6glichen und damit klimafreundliche Mobilit\u00e4t zu f\u00f6rdern. Dazu geh\u00f6ren<\/span> zum Beispiel autofreie Zonen bei Schulen.\u201c<\/p>\n<p><span style=\"font-weight: 400;\">Angesichts der Klimakrise ist es f\u00fcr die Radlobbby klar, dass es f\u00fcr aktive Mobilit\u00e4tsformen wie Radfahren sichere und komfortable Rahmenbedingungen ben\u00f6tigt. Es liegt in der Verantwortung der (Stadt-)Politik dies in Planung und Umsetzung zu ber\u00fccksichtigen. Die Radlobby steht dabei als Ansprechpartnerin und Interessenvertretung f\u00fcr aktive Mobilit\u00e4t zur Verf\u00fcgung.<\/span><\/p>\n<p><img loading=\"lazy\" decoding=\"async\" class=\"size-medium wp-image-35608\" src=\"https:\/\/www.radlobby.org\/noe\/wp-content\/uploads\/DSCN5992-1-300x225.jpg\" alt=\"\" width=\"300\" height=\"225\" srcset=\"https:\/\/www.radlobby.org\/noe\/wp-content\/uploads\/DSCN5992-1-300x225.jpg 300w, https:\/\/www.radlobby.org\/noe\/wp-content\/uploads\/DSCN5992-1-768x576.jpg 768w, https:\/\/www.radlobby.org\/noe\/wp-content\/uploads\/DSCN5992-1-1536x1152.jpg 1536w, https:\/\/www.radlobby.org\/noe\/wp-content\/uploads\/DSCN5992-1-2048x1536.jpg 2048w\" sizes=\"auto, (max-width: 300px) 100vw, 300px\" \/><img loading=\"lazy\" decoding=\"async\" class=\"alignnone size-medium wp-image-35609\" src=\"https:\/\/www.radlobby.org\/noe\/wp-content\/uploads\/IMG_20240504_154606-225x300.jpg\" alt=\"\" width=\"225\" height=\"300\" srcset=\"https:\/\/www.radlobby.org\/noe\/wp-content\/uploads\/IMG_20240504_154606-225x300.jpg 225w, https:\/\/www.radlobby.org\/noe\/wp-content\/uploads\/IMG_20240504_154606-768x1024.jpg 768w, https:\/\/www.radlobby.org\/noe\/wp-content\/uploads\/IMG_20240504_154606-1152x1536.jpg 1152w, https:\/\/www.radlobby.org\/noe\/wp-content\/uploads\/IMG_20240504_154606-1536x2048.jpg 1536w, https:\/\/www.radlobby.org\/noe\/wp-content\/uploads\/IMG_20240504_154606-scaled.jpg 1920w\" sizes=\"auto, (max-width: 225px) 100vw, 225px\" \/><\/p>\n<p><strong>Berichte \u00fcber die 2. Kidical Mass in den Medien:<\/strong><\/p>\n<p><strong>N\u00d6N:<\/strong><\/p>\n<p><a href=\"https:\/\/www.radlobby.org\/noe\/wp-content\/uploads\/NOeN_Kidical-Mass-2024.jpg\">Artikel<\/a><\/p>\n<p>Link zum Artikel auf der Website und weiteren Fotos <a href=\"https:\/\/www.noen.at\/amstetten\/radlobby-amstetten-mit-klingeln-und-hupen-durch-die-strassen-amstettens-420733837\">hier<\/a><\/p>\n<p>&nbsp;<\/p>\n<p><strong>Bezirksbl\u00e4tter:<\/strong><\/p>\n<p>Link zum Artikel <a href=\"https:\/\/www.meinbezirk.at\/amstetten\/c-lokales\/kidical-mass-in-amstetten-setzt-zeichen-fuer-sichere-fahrradwege_a6679433?utm_term=Autofeed&amp;utm_medium=Social&amp;utm_source=Facebook&amp;fbclid=IwZXh0bgNhZW0CMTEAAR0FoXoaUjrVEGLII8UVAcAIROQI7nADDk0bwI1r6Mr_f2xkmTGxCVX9sZ8_aem_ARUcR4q9xG7rWIt4I7TMjXME87nmdOUI1yJqi15ENlzkOzdWjP58XAgmTx45aEibKtD2rrTl9i0b-yJzeGBwhkxj#Echobox=1715069356\">hier<\/a><\/p>\n","protected":false},"excerpt":{"rendered":"<p>Unsere Presseaussendung zur zweiten Kidical Mass in Amstetten: Zweite Kidical Mass in Amstetten Radparade zeigt Potenziale f\u00fcr kindgerechte Radfahrbedingungen auf Am Samstag, 4. Mai 2024, fand in Amstetten die zweite &#8220;Kidical Mass&#8221; statt. Bei dieser Fahrradparade steht die kindgerechte Mobilit\u00e4t<\/p>\n","protected":false},"author":85,"featured_media":35609,"comment_status":"closed","ping_status":"closed","sticky":false,"template":"","format":"standard","meta":{"footnotes":""},"categories":[579],"tags":[],"class_list":["post-35606","post","type-post","status-publish","format-standard","has-post-thumbnail","hentry","category-amstetten"],"yoast_head":"<!-- This site is optimized with the Yoast SEO plugin v26.9 - https:\/\/yoast.com\/product\/yoast-seo-wordpress\/ -->\n<title>Die 2. Kidical Mass in Amstetten war ein voller Erfolg! - Radlobby Nieder\u00f6sterreich<\/title>\n<meta name=\"robots\" content=\"index, follow, max-snippet:-1, max-image-preview:large, max-video-preview:-1\" \/>\n<link rel=\"canonical\" href=\"https:\/\/www.radlobby.org\/noe\/kidical-mass-2024-erfolg\/\" \/>\n<meta property=\"og:locale\" content=\"de_DE\" \/>\n<meta property=\"og:type\" content=\"article\" \/>\n<meta property=\"og:title\" content=\"Die 2. Kidical Mass in Amstetten war ein voller Erfolg! - Radlobby Nieder\u00f6sterreich\" \/>\n<meta property=\"og:description\" content=\"Unsere Presseaussendung zur zweiten Kidical Mass in Amstetten: Zweite Kidical Mass in Amstetten Radparade zeigt Potenziale f\u00fcr kindgerechte Radfahrbedingungen auf Am Samstag, 4. Mai 2024, fand in Amstetten die zweite &#8220;Kidical Mass&#8221; statt. Bei dieser Fahrradparade steht die kindgerechte Mobilit\u00e4t\" \/>\n<meta property=\"og:url\" content=\"https:\/\/www.radlobby.org\/noe\/kidical-mass-2024-erfolg\/\" \/>\n<meta property=\"og:site_name\" content=\"Radlobby Nieder\u00f6sterreich\" \/>\n<meta property=\"article:publisher\" content=\"https:\/\/www.facebook.com\/groups\/radfahren.in.noe\/\" \/>\n<meta property=\"article:published_time\" content=\"2024-06-02T20:25:36+00:00\" \/>\n<meta property=\"article:modified_time\" content=\"2024-06-03T17:56:51+00:00\" \/>\n<meta property=\"og:image\" content=\"https:\/\/www.radlobby.org\/noe\/wp-content\/uploads\/IMG_20240504_154606-scaled.jpg\" \/>\n\t<meta property=\"og:image:width\" content=\"1920\" \/>\n\t<meta property=\"og:image:height\" content=\"2560\" \/>\n\t<meta property=\"og:image:type\" content=\"image\/jpeg\" \/>\n<meta name=\"author\" content=\"Patrick Haslinger\" \/>\n<meta name=\"twitter:card\" content=\"summary_large_image\" \/>\n<meta name=\"twitter:label1\" content=\"Verfasst von\" \/>\n\t<meta name=\"twitter:data1\" content=\"Patrick Haslinger\" \/>\n\t<meta name=\"twitter:label2\" content=\"Gesch\u00e4tzte Lesezeit\" \/>\n\t<meta name=\"twitter:data2\" content=\"3\u00a0Minuten\" \/>\n<script type=\"application\/ld+json\" class=\"yoast-schema-graph\">{\"@context\":\"https:\/\/schema.org\",\"@graph\":[{\"@type\":\"Article\",\"@id\":\"https:\/\/www.radlobby.org\/noe\/kidical-mass-2024-erfolg\/#article\",\"isPartOf\":{\"@id\":\"https:\/\/www.radlobby.org\/noe\/kidical-mass-2024-erfolg\/\"},\"author\":{\"name\":\"Patrick Haslinger\",\"@id\":\"https:\/\/www.radlobby.org\/noe\/#\/schema\/person\/afe0233b9fb4bb6eaceaa46c6751785c\"},\"headline\":\"Die 2. Kidical Mass in Amstetten war ein voller Erfolg!\",\"datePublished\":\"2024-06-02T20:25:36+00:00\",\"dateModified\":\"2024-06-03T17:56:51+00:00\",\"mainEntityOfPage\":{\"@id\":\"https:\/\/www.radlobby.org\/noe\/kidical-mass-2024-erfolg\/\"},\"wordCount\":351,\"publisher\":{\"@id\":\"https:\/\/www.radlobby.org\/noe\/#organization\"},\"image\":{\"@id\":\"https:\/\/www.radlobby.org\/noe\/kidical-mass-2024-erfolg\/#primaryimage\"},\"thumbnailUrl\":\"https:\/\/www.radlobby.org\/noe\/wp-content\/uploads\/IMG_20240504_154606-scaled.jpg\",\"articleSection\":[\"Radlobby Amstetten\"],\"inLanguage\":\"de\"},{\"@type\":\"WebPage\",\"@id\":\"https:\/\/www.radlobby.org\/noe\/kidical-mass-2024-erfolg\/\",\"url\":\"https:\/\/www.radlobby.org\/noe\/kidical-mass-2024-erfolg\/\",\"name\":\"Die 2. Kidical Mass in Amstetten war ein voller Erfolg! - Radlobby Nieder\u00f6sterreich\",\"isPartOf\":{\"@id\":\"https:\/\/www.radlobby.org\/noe\/#website\"},\"primaryImageOfPage\":{\"@id\":\"https:\/\/www.radlobby.org\/noe\/kidical-mass-2024-erfolg\/#primaryimage\"},\"image\":{\"@id\":\"https:\/\/www.radlobby.org\/noe\/kidical-mass-2024-erfolg\/#primaryimage\"},\"thumbnailUrl\":\"https:\/\/www.radlobby.org\/noe\/wp-content\/uploads\/IMG_20240504_154606-scaled.jpg\",\"datePublished\":\"2024-06-02T20:25:36+00:00\",\"dateModified\":\"2024-06-03T17:56:51+00:00\",\"breadcrumb\":{\"@id\":\"https:\/\/www.radlobby.org\/noe\/kidical-mass-2024-erfolg\/#breadcrumb\"},\"inLanguage\":\"de\",\"potentialAction\":[{\"@type\":\"ReadAction\",\"target\":[\"https:\/\/www.radlobby.org\/noe\/kidical-mass-2024-erfolg\/\"]}]},{\"@type\":\"ImageObject\",\"inLanguage\":\"de\",\"@id\":\"https:\/\/www.radlobby.org\/noe\/kidical-mass-2024-erfolg\/#primaryimage\",\"url\":\"https:\/\/www.radlobby.org\/noe\/wp-content\/uploads\/IMG_20240504_154606-scaled.jpg\",\"contentUrl\":\"https:\/\/www.radlobby.org\/noe\/wp-content\/uploads\/IMG_20240504_154606-scaled.jpg\",\"width\":1920,\"height\":2560},{\"@type\":\"BreadcrumbList\",\"@id\":\"https:\/\/www.radlobby.org\/noe\/kidical-mass-2024-erfolg\/#breadcrumb\",\"itemListElement\":[{\"@type\":\"ListItem\",\"position\":1,\"name\":\"Startseite\",\"item\":\"https:\/\/www.radlobby.org\/noe\/\"},{\"@type\":\"ListItem\",\"position\":2,\"name\":\"Die 2. Kidical Mass in Amstetten war ein voller Erfolg!\"}]},{\"@type\":\"WebSite\",\"@id\":\"https:\/\/www.radlobby.org\/noe\/#website\",\"url\":\"https:\/\/www.radlobby.org\/noe\/\",\"name\":\"Radlobby Nieder\u00f6sterreich\",\"description\":\"Radverkehr, Fahrrad, Radfahren, Radreisen, Radtouren, Radweg\",\"publisher\":{\"@id\":\"https:\/\/www.radlobby.org\/noe\/#organization\"},\"potentialAction\":[{\"@type\":\"SearchAction\",\"target\":{\"@type\":\"EntryPoint\",\"urlTemplate\":\"https:\/\/www.radlobby.org\/noe\/?s={search_term_string}\"},\"query-input\":{\"@type\":\"PropertyValueSpecification\",\"valueRequired\":true,\"valueName\":\"search_term_string\"}}],\"inLanguage\":\"de\"},{\"@type\":\"Organization\",\"@id\":\"https:\/\/www.radlobby.org\/noe\/#organization\",\"name\":\"Radlobby Nieder\u00f6sterreich\",\"url\":\"https:\/\/www.radlobby.org\/noe\/\",\"logo\":{\"@type\":\"ImageObject\",\"inLanguage\":\"de\",\"@id\":\"https:\/\/www.radlobby.org\/noe\/#\/schema\/logo\/image\/\",\"url\":\"https:\/\/www.radlobby.org\/noe\/wp-content\/uploads\/2017\/01\/cropped-Logo_Radlobby_Niederoesterreich_50-400px_quer-1.jpg\",\"contentUrl\":\"https:\/\/www.radlobby.org\/noe\/wp-content\/uploads\/2017\/01\/cropped-Logo_Radlobby_Niederoesterreich_50-400px_quer-1.jpg\",\"width\":450,\"height\":124,\"caption\":\"Radlobby Nieder\u00f6sterreich\"},\"image\":{\"@id\":\"https:\/\/www.radlobby.org\/noe\/#\/schema\/logo\/image\/\"},\"sameAs\":[\"https:\/\/www.facebook.com\/groups\/radfahren.in.noe\/\"]},{\"@type\":\"Person\",\"@id\":\"https:\/\/www.radlobby.org\/noe\/#\/schema\/person\/afe0233b9fb4bb6eaceaa46c6751785c\",\"name\":\"Patrick Haslinger\",\"image\":{\"@type\":\"ImageObject\",\"inLanguage\":\"de\",\"@id\":\"https:\/\/www.radlobby.org\/noe\/#\/schema\/person\/image\/\",\"url\":\"https:\/\/secure.gravatar.com\/avatar\/e4e98524259135452c397dd1b66d0b10e5e5e96b0b2426c95f00c17c53897790?s=96&d=mm&r=g\",\"contentUrl\":\"https:\/\/secure.gravatar.com\/avatar\/e4e98524259135452c397dd1b66d0b10e5e5e96b0b2426c95f00c17c53897790?s=96&d=mm&r=g\",\"caption\":\"Patrick Haslinger\"},\"url\":\"https:\/\/www.radlobby.org\/noe\/author\/patrick-haslinger\/\"}]}<\/script>\n<!-- \/ Yoast SEO plugin. -->","yoast_head_json":{"title":"Die 2. Kidical Mass in Amstetten war ein voller Erfolg! - Radlobby Nieder\u00f6sterreich","robots":{"index":"index","follow":"follow","max-snippet":"max-snippet:-1","max-image-preview":"max-image-preview:large","max-video-preview":"max-video-preview:-1"},"canonical":"https:\/\/www.radlobby.org\/noe\/kidical-mass-2024-erfolg\/","og_locale":"de_DE","og_type":"article","og_title":"Die 2. Kidical Mass in Amstetten war ein voller Erfolg! - Radlobby Nieder\u00f6sterreich","og_description":"Unsere Presseaussendung zur zweiten Kidical Mass in Amstetten: Zweite Kidical Mass in Amstetten Radparade zeigt Potenziale f\u00fcr kindgerechte Radfahrbedingungen auf Am Samstag, 4. Mai 2024, fand in Amstetten die zweite &#8220;Kidical Mass&#8221; statt. Bei dieser Fahrradparade steht die kindgerechte Mobilit\u00e4t","og_url":"https:\/\/www.radlobby.org\/noe\/kidical-mass-2024-erfolg\/","og_site_name":"Radlobby Nieder\u00f6sterreich","article_publisher":"https:\/\/www.facebook.com\/groups\/radfahren.in.noe\/","article_published_time":"2024-06-02T20:25:36+00:00","article_modified_time":"2024-06-03T17:56:51+00:00","og_image":[{"width":1920,"height":2560,"url":"https:\/\/www.radlobby.org\/noe\/wp-content\/uploads\/IMG_20240504_154606-scaled.jpg","type":"image\/jpeg"}],"author":"Patrick Haslinger","twitter_card":"summary_large_image","twitter_misc":{"Verfasst von":"Patrick Haslinger","Gesch\u00e4tzte Lesezeit":"3\u00a0Minuten"},"schema":{"@context":"https:\/\/schema.org","@graph":[{"@type":"Article","@id":"https:\/\/www.radlobby.org\/noe\/kidical-mass-2024-erfolg\/#article","isPartOf":{"@id":"https:\/\/www.radlobby.org\/noe\/kidical-mass-2024-erfolg\/"},"author":{"name":"Patrick Haslinger","@id":"https:\/\/www.radlobby.org\/noe\/#\/schema\/person\/afe0233b9fb4bb6eaceaa46c6751785c"},"headline":"Die 2. Kidical Mass in Amstetten war ein voller Erfolg!","datePublished":"2024-06-02T20:25:36+00:00","dateModified":"2024-06-03T17:56:51+00:00","mainEntityOfPage":{"@id":"https:\/\/www.radlobby.org\/noe\/kidical-mass-2024-erfolg\/"},"wordCount":351,"publisher":{"@id":"https:\/\/www.radlobby.org\/noe\/#organization"},"image":{"@id":"https:\/\/www.radlobby.org\/noe\/kidical-mass-2024-erfolg\/#primaryimage"},"thumbnailUrl":"https:\/\/www.radlobby.org\/noe\/wp-content\/uploads\/IMG_20240504_154606-scaled.jpg","articleSection":["Radlobby Amstetten"],"inLanguage":"de"},{"@type":"WebPage","@id":"https:\/\/www.radlobby.org\/noe\/kidical-mass-2024-erfolg\/","url":"https:\/\/www.radlobby.org\/noe\/kidical-mass-2024-erfolg\/","name":"Die 2. Kidical Mass in Amstetten war ein voller Erfolg! - Radlobby Nieder\u00f6sterreich","isPartOf":{"@id":"https:\/\/www.radlobby.org\/noe\/#website"},"primaryImageOfPage":{"@id":"https:\/\/www.radlobby.org\/noe\/kidical-mass-2024-erfolg\/#primaryimage"},"image":{"@id":"https:\/\/www.radlobby.org\/noe\/kidical-mass-2024-erfolg\/#primaryimage"},"thumbnailUrl":"https:\/\/www.radlobby.org\/noe\/wp-content\/uploads\/IMG_20240504_154606-scaled.jpg","datePublished":"2024-06-02T20:25:36+00:00","dateModified":"2024-06-03T17:56:51+00:00","breadcrumb":{"@id":"https:\/\/www.radlobby.org\/noe\/kidical-mass-2024-erfolg\/#breadcrumb"},"inLanguage":"de","potentialAction":[{"@type":"ReadAction","target":["https:\/\/www.radlobby.org\/noe\/kidical-mass-2024-erfolg\/"]}]},{"@type":"ImageObject","inLanguage":"de","@id":"https:\/\/www.radlobby.org\/noe\/kidical-mass-2024-erfolg\/#primaryimage","url":"https:\/\/www.radlobby.org\/noe\/wp-content\/uploads\/IMG_20240504_154606-scaled.jpg","contentUrl":"https:\/\/www.radlobby.org\/noe\/wp-content\/uploads\/IMG_20240504_154606-scaled.jpg","width":1920,"height":2560},{"@type":"BreadcrumbList","@id":"https:\/\/www.radlobby.org\/noe\/kidical-mass-2024-erfolg\/#breadcrumb","itemListElement":[{"@type":"ListItem","position":1,"name":"Startseite","item":"https:\/\/www.radlobby.org\/noe\/"},{"@type":"ListItem","position":2,"name":"Die 2. Kidical Mass in Amstetten war ein voller Erfolg!"}]},{"@type":"WebSite","@id":"https:\/\/www.radlobby.org\/noe\/#website","url":"https:\/\/www.radlobby.org\/noe\/","name":"Radlobby Nieder\u00f6sterreich","description":"Radverkehr, Fahrrad, Radfahren, Radreisen, Radtouren, Radweg","publisher":{"@id":"https:\/\/www.radlobby.org\/noe\/#organization"},"potentialAction":[{"@type":"SearchAction","target":{"@type":"EntryPoint","urlTemplate":"https:\/\/www.radlobby.org\/noe\/?s={search_term_string}"},"query-input":{"@type":"PropertyValueSpecification","valueRequired":true,"valueName":"search_term_string"}}],"inLanguage":"de"},{"@type":"Organization","@id":"https:\/\/www.radlobby.org\/noe\/#organization","name":"Radlobby Nieder\u00f6sterreich","url":"https:\/\/www.radlobby.org\/noe\/","logo":{"@type":"ImageObject","inLanguage":"de","@id":"https:\/\/www.radlobby.org\/noe\/#\/schema\/logo\/image\/","url":"https:\/\/www.radlobby.org\/noe\/wp-content\/uploads\/2017\/01\/cropped-Logo_Radlobby_Niederoesterreich_50-400px_quer-1.jpg","contentUrl":"https:\/\/www.radlobby.org\/noe\/wp-content\/uploads\/2017\/01\/cropped-Logo_Radlobby_Niederoesterreich_50-400px_quer-1.jpg","width":450,"height":124,"caption":"Radlobby Nieder\u00f6sterreich"},"image":{"@id":"https:\/\/www.radlobby.org\/noe\/#\/schema\/logo\/image\/"},"sameAs":["https:\/\/www.facebook.com\/groups\/radfahren.in.noe\/"]},{"@type":"Person","@id":"https:\/\/www.radlobby.org\/noe\/#\/schema\/person\/afe0233b9fb4bb6eaceaa46c6751785c","name":"Patrick Haslinger","image":{"@type":"ImageObject","inLanguage":"de","@id":"https:\/\/www.radlobby.org\/noe\/#\/schema\/person\/image\/","url":"https:\/\/secure.gravatar.com\/avatar\/e4e98524259135452c397dd1b66d0b10e5e5e96b0b2426c95f00c17c53897790?s=96&d=mm&r=g","contentUrl":"https:\/\/secure.gravatar.com\/avatar\/e4e98524259135452c397dd1b66d0b10e5e5e96b0b2426c95f00c17c53897790?s=96&d=mm&r=g","caption":"Patrick Haslinger"},"url":"https:\/\/www.radlobby.org\/noe\/author\/patrick-haslinger\/"}]}},"_links":{"self":[{"href":"https:\/\/www.radlobby.org\/noe\/wp-json\/wp\/v2\/posts\/35606","targetHints":{"allow":["GET"]}}],"collection":[{"href":"https:\/\/www.radlobby.org\/noe\/wp-json\/wp\/v2\/posts"}],"about":[{"href":"https:\/\/www.radlobby.org\/noe\/wp-json\/wp\/v2\/types\/post"}],"author":[{"embeddable":true,"href":"https:\/\/www.radlobby.org\/noe\/wp-json\/wp\/v2\/users\/85"}],"replies":[{"embeddable":true,"href":"https:\/\/www.radlobby.org\/noe\/wp-json\/wp\/v2\/comments?post=35606"}],"version-history":[{"count":8,"href":"https:\/\/www.radlobby.org\/noe\/wp-json\/wp\/v2\/posts\/35606\/revisions"}],"predecessor-version":[{"id":35644,"href":"https:\/\/www.radlobby.org\/noe\/wp-json\/wp\/v2\/posts\/35606\/revisions\/35644"}],"wp:featuredmedia":[{"embeddable":true,"href":"https:\/\/www.radlobby.org\/noe\/wp-json\/wp\/v2\/media\/35609"}],"wp:attachment":[{"href":"https:\/\/www.radlobby.org\/noe\/wp-json\/wp\/v2\/media?parent=35606"}],"wp:term":[{"taxonomy":"category","embeddable":true,"href":"https:\/\/www.radlobby.org\/noe\/wp-json\/wp\/v2\/categories?post=35606"},{"taxonomy":"post_tag","embeddable":true,"href":"https:\/\/www.radlobby.org\/noe\/wp-json\/wp\/v2\/tags?post=35606"}],"curies":[{"name":"wp","href":"https:\/\/api.w.org\/{rel}","templated":true}]}}