{"id":35511,"date":"2024-08-23T21:52:43","date_gmt":"2024-08-23T19:52:43","guid":{"rendered":"https:\/\/www.radlobby.org\/noe\/?p=35511"},"modified":"2024-08-25T18:07:43","modified_gmt":"2024-08-25T16:07:43","slug":"tweedride-melk-2024","status":"publish","type":"post","link":"https:\/\/www.radlobby.org\/noe\/tweedride-melk-2024\/","title":{"rendered":"Save the date &#8211; 11. Tweedride\/Radcorso der Radlobby Melk  &#8211; Samstag 7. September 2024, 14 Uhr"},"content":{"rendered":"<p>Treffpunkt im pr\u00e4chtigen Pr\u00e4latenhof\u00a0 des Stiftes Melk.<\/p>\n<p><strong>Die Radlobby Melk l\u00e4dt ein: <\/strong><strong>Radeln Sie mit! <\/strong><strong>Schauen Sie sich das an!<\/strong><\/p>\n<p><a href=\"https:\/\/www.radlobby.org\/noe\/wp-content\/uploads\/377264716_7203509016345685_5715839970254963013_n.jpg\" data-src=\"https:\/\/www.radlobby.org\/noe\/wp-content\/uploads\/377264716_7203509016345685_5715839970254963013_n.jpg\" data-thumb=\"https:\/\/www.radlobby.org\/noe\/wp-content\/uploads\/377264716_7203509016345685_5715839970254963013_n-225x300.jpg\" class=\"ml-lightbox-enabled\"><img loading=\"lazy\" decoding=\"async\" class=\"alignnone size-medium wp-image-35512\" src=\"https:\/\/www.radlobby.org\/noe\/wp-content\/uploads\/377264716_7203509016345685_5715839970254963013_n-225x300.jpg\" alt=\"\" width=\"225\" height=\"300\" srcset=\"https:\/\/www.radlobby.org\/noe\/wp-content\/uploads\/377264716_7203509016345685_5715839970254963013_n-225x300.jpg 225w, https:\/\/www.radlobby.org\/noe\/wp-content\/uploads\/377264716_7203509016345685_5715839970254963013_n-768x1024.jpg 768w, https:\/\/www.radlobby.org\/noe\/wp-content\/uploads\/377264716_7203509016345685_5715839970254963013_n-1152x1536.jpg 1152w, https:\/\/www.radlobby.org\/noe\/wp-content\/uploads\/377264716_7203509016345685_5715839970254963013_n.jpg 1536w\" sizes=\"auto, (max-width: 225px) 100vw, 225px\" \/><\/a><a href=\"https:\/\/www.radlobby.org\/noe\/wp-content\/uploads\/376783390_1510039506411338_307578408930341044_n.jpg\" data-src=\"https:\/\/www.radlobby.org\/noe\/wp-content\/uploads\/376783390_1510039506411338_307578408930341044_n.jpg\" data-thumb=\"https:\/\/www.radlobby.org\/noe\/wp-content\/uploads\/376783390_1510039506411338_307578408930341044_n-206x300.jpg\" class=\"ml-lightbox-enabled\"><img loading=\"lazy\" decoding=\"async\" class=\"alignnone size-medium wp-image-35514\" src=\"https:\/\/www.radlobby.org\/noe\/wp-content\/uploads\/376783390_1510039506411338_307578408930341044_n-206x300.jpg\" alt=\"\" width=\"206\" height=\"300\" srcset=\"https:\/\/www.radlobby.org\/noe\/wp-content\/uploads\/376783390_1510039506411338_307578408930341044_n-206x300.jpg 206w, https:\/\/www.radlobby.org\/noe\/wp-content\/uploads\/376783390_1510039506411338_307578408930341044_n-768x1117.jpg 768w, https:\/\/www.radlobby.org\/noe\/wp-content\/uploads\/376783390_1510039506411338_307578408930341044_n-1056x1536.jpg 1056w, https:\/\/www.radlobby.org\/noe\/wp-content\/uploads\/376783390_1510039506411338_307578408930341044_n.jpg 1100w\" sizes=\"auto, (max-width: 206px) 100vw, 206px\" \/><\/a><\/p>\n<p><strong>\u00a0<\/strong>Der Tweedride Melk, der traditionsreichste Tweedride \u00d6sterreichs, macht es wieder augenf\u00e4llig: Radfahren ist sch\u00f6n \u2013 und macht sch\u00f6n!<\/p>\n<p>Stilvoll nostalgisch gekleidet, beschwingt vom Swing-Jazz der 20er und 30er-Jahre, gem\u00fctliche Rundfahrt auf sch\u00f6nen \u2013 falls vorhanden nostalgischen &#8211; Fahrr\u00e4dern etwa eine Stunde vom barocken Stift durch die Stadt Melk und auch zur Donau. Abschluss in der Innenstadt.<\/p>\n<p>Der Tweedride Melk 2024 findet bei jedem Wetter statt.<\/p>\n<p>Kontakt und Information: <a href=\"mailto:melk@radlobby.at\">melk@radlobby.at<\/a>; tel. 0676-7441877<\/p>\n<p><strong>Einfache Anreise aus Wien und St.P\u00f6lten: <\/strong>Es gibt st\u00fcndlich REX-Z\u00fcge mit Fahrrad-Mitnahme \u2013 ohne Umsteigen &#8211; von Wien\/St.P\u00f6lten nach Melk (und retour)!<\/p>\n<p><strong>Glossar \u201eTweedride\u201c:<\/strong><\/p>\n<p>Die internationale Tweedride-Bewegung (Tweed = britischer Kleiderwollstoff) fand im Jahr 2009 seinen Ausgang in London und hat mittlerweile weltweit eine stetig wachsende eingeschworene Fangemeinde gefunden, wie die zahlreichen (auch auf Youtube dokumentierten) Tweedrides (auch Tweedruns) aus Weltst\u00e4dten wie London, Wien, Melk :-), Budapest, Melbourne, Tokio etc. \u2013\u00a0 dokumentieren. In Melk findet der Tweedride heuer bereits zum 11-ten Mal statt.<\/p>\n<p><strong>\u00a0<\/strong><\/p>\n<p><strong>\u00a0<\/strong><\/p>\n","protected":false},"excerpt":{"rendered":"<p>Treffpunkt im pr\u00e4chtigen Pr\u00e4latenhof\u00a0 des Stiftes Melk. Die Radlobby Melk l\u00e4dt ein: Radeln Sie mit! Schauen Sie sich das an! \u00a0Der Tweedride Melk, der traditionsreichste Tweedride \u00d6sterreichs, macht es wieder augenf\u00e4llig: Radfahren ist sch\u00f6n \u2013 und macht sch\u00f6n! Stilvoll nostalgisch<\/p>\n","protected":false},"author":10,"featured_media":36148,"comment_status":"closed","ping_status":"closed","sticky":false,"template":"","format":"standard","meta":{"footnotes":""},"categories":[9,20],"tags":[26],"class_list":["post-35511","post","type-post","status-publish","format-standard","has-post-thumbnail","hentry","category-melk","category-niederoesterreich","tag-aktionen"],"yoast_head":"<!-- This site is optimized with the Yoast SEO plugin v26.9 - https:\/\/yoast.com\/product\/yoast-seo-wordpress\/ -->\n<title>Save the date - 11. Tweedride\/Radcorso der Radlobby Melk - Samstag 7. September 2024, 14 Uhr - Radlobby Nieder\u00f6sterreich<\/title>\n<meta name=\"robots\" content=\"index, follow, max-snippet:-1, max-image-preview:large, max-video-preview:-1\" \/>\n<link rel=\"canonical\" href=\"https:\/\/www.radlobby.org\/noe\/tweedride-melk-2024\/\" \/>\n<meta property=\"og:locale\" content=\"de_DE\" \/>\n<meta property=\"og:type\" content=\"article\" \/>\n<meta property=\"og:title\" content=\"Save the date - 11. Tweedride\/Radcorso der Radlobby Melk - Samstag 7. September 2024, 14 Uhr - Radlobby Nieder\u00f6sterreich\" \/>\n<meta property=\"og:description\" content=\"Treffpunkt im pr\u00e4chtigen Pr\u00e4latenhof\u00a0 des Stiftes Melk. Die Radlobby Melk l\u00e4dt ein: Radeln Sie mit! Schauen Sie sich das an! \u00a0Der Tweedride Melk, der traditionsreichste Tweedride \u00d6sterreichs, macht es wieder augenf\u00e4llig: Radfahren ist sch\u00f6n \u2013 und macht sch\u00f6n! Stilvoll nostalgisch\" \/>\n<meta property=\"og:url\" content=\"https:\/\/www.radlobby.org\/noe\/tweedride-melk-2024\/\" \/>\n<meta property=\"og:site_name\" content=\"Radlobby Nieder\u00f6sterreich\" \/>\n<meta property=\"article:publisher\" content=\"https:\/\/www.facebook.com\/groups\/radfahren.in.noe\/\" \/>\n<meta property=\"article:published_time\" content=\"2024-08-23T19:52:43+00:00\" \/>\n<meta property=\"article:modified_time\" content=\"2024-08-25T16:07:43+00:00\" \/>\n<meta property=\"og:image\" content=\"https:\/\/www.radlobby.org\/noe\/wp-content\/uploads\/velo_vintage_Magnet2024_mit_Text.png\" \/>\n\t<meta property=\"og:image:width\" content=\"1520\" \/>\n\t<meta property=\"og:image:height\" content=\"1128\" \/>\n\t<meta property=\"og:image:type\" content=\"image\/png\" \/>\n<meta name=\"author\" content=\"Christian H\u00f6ller\" \/>\n<meta name=\"twitter:card\" content=\"summary_large_image\" \/>\n<meta name=\"twitter:label1\" content=\"Verfasst von\" \/>\n\t<meta name=\"twitter:data1\" content=\"Christian H\u00f6ller\" \/>\n\t<meta name=\"twitter:label2\" content=\"Gesch\u00e4tzte Lesezeit\" \/>\n\t<meta name=\"twitter:data2\" content=\"2\u00a0Minuten\" \/>\n<script type=\"application\/ld+json\" class=\"yoast-schema-graph\">{\"@context\":\"https:\/\/schema.org\",\"@graph\":[{\"@type\":\"Article\",\"@id\":\"https:\/\/www.radlobby.org\/noe\/tweedride-melk-2024\/#article\",\"isPartOf\":{\"@id\":\"https:\/\/www.radlobby.org\/noe\/tweedride-melk-2024\/\"},\"author\":{\"name\":\"Christian H\u00f6ller\",\"@id\":\"https:\/\/www.radlobby.org\/noe\/#\/schema\/person\/9edd0d27788b22085d15e9b4dad58751\"},\"headline\":\"Save the date &#8211; 11. Tweedride\/Radcorso der Radlobby Melk &#8211; Samstag 7. September 2024, 14 Uhr\",\"datePublished\":\"2024-08-23T19:52:43+00:00\",\"dateModified\":\"2024-08-25T16:07:43+00:00\",\"mainEntityOfPage\":{\"@id\":\"https:\/\/www.radlobby.org\/noe\/tweedride-melk-2024\/\"},\"wordCount\":199,\"publisher\":{\"@id\":\"https:\/\/www.radlobby.org\/noe\/#organization\"},\"image\":{\"@id\":\"https:\/\/www.radlobby.org\/noe\/tweedride-melk-2024\/#primaryimage\"},\"thumbnailUrl\":\"https:\/\/www.radlobby.org\/noe\/wp-content\/uploads\/velo_vintage_Magnet2024_mit_Text.png\",\"keywords\":[\"Aktionen\"],\"articleSection\":[\"Radlobby Melk\",\"Radlobby Nieder\u00f6sterreich\"],\"inLanguage\":\"de\"},{\"@type\":\"WebPage\",\"@id\":\"https:\/\/www.radlobby.org\/noe\/tweedride-melk-2024\/\",\"url\":\"https:\/\/www.radlobby.org\/noe\/tweedride-melk-2024\/\",\"name\":\"Save the date - 11. Tweedride\/Radcorso der Radlobby Melk - Samstag 7. September 2024, 14 Uhr - Radlobby Nieder\u00f6sterreich\",\"isPartOf\":{\"@id\":\"https:\/\/www.radlobby.org\/noe\/#website\"},\"primaryImageOfPage\":{\"@id\":\"https:\/\/www.radlobby.org\/noe\/tweedride-melk-2024\/#primaryimage\"},\"image\":{\"@id\":\"https:\/\/www.radlobby.org\/noe\/tweedride-melk-2024\/#primaryimage\"},\"thumbnailUrl\":\"https:\/\/www.radlobby.org\/noe\/wp-content\/uploads\/velo_vintage_Magnet2024_mit_Text.png\",\"datePublished\":\"2024-08-23T19:52:43+00:00\",\"dateModified\":\"2024-08-25T16:07:43+00:00\",\"breadcrumb\":{\"@id\":\"https:\/\/www.radlobby.org\/noe\/tweedride-melk-2024\/#breadcrumb\"},\"inLanguage\":\"de\",\"potentialAction\":[{\"@type\":\"ReadAction\",\"target\":[\"https:\/\/www.radlobby.org\/noe\/tweedride-melk-2024\/\"]}]},{\"@type\":\"ImageObject\",\"inLanguage\":\"de\",\"@id\":\"https:\/\/www.radlobby.org\/noe\/tweedride-melk-2024\/#primaryimage\",\"url\":\"https:\/\/www.radlobby.org\/noe\/wp-content\/uploads\/velo_vintage_Magnet2024_mit_Text.png\",\"contentUrl\":\"https:\/\/www.radlobby.org\/noe\/wp-content\/uploads\/velo_vintage_Magnet2024_mit_Text.png\",\"width\":1520,\"height\":1128},{\"@type\":\"BreadcrumbList\",\"@id\":\"https:\/\/www.radlobby.org\/noe\/tweedride-melk-2024\/#breadcrumb\",\"itemListElement\":[{\"@type\":\"ListItem\",\"position\":1,\"name\":\"Startseite\",\"item\":\"https:\/\/www.radlobby.org\/noe\/\"},{\"@type\":\"ListItem\",\"position\":2,\"name\":\"Save the date &#8211; 11. Tweedride\/Radcorso der Radlobby Melk &#8211; Samstag 7. September 2024, 14 Uhr\"}]},{\"@type\":\"WebSite\",\"@id\":\"https:\/\/www.radlobby.org\/noe\/#website\",\"url\":\"https:\/\/www.radlobby.org\/noe\/\",\"name\":\"Radlobby Nieder\u00f6sterreich\",\"description\":\"Radverkehr, Fahrrad, Radfahren, Radreisen, Radtouren, Radweg\",\"publisher\":{\"@id\":\"https:\/\/www.radlobby.org\/noe\/#organization\"},\"potentialAction\":[{\"@type\":\"SearchAction\",\"target\":{\"@type\":\"EntryPoint\",\"urlTemplate\":\"https:\/\/www.radlobby.org\/noe\/?s={search_term_string}\"},\"query-input\":{\"@type\":\"PropertyValueSpecification\",\"valueRequired\":true,\"valueName\":\"search_term_string\"}}],\"inLanguage\":\"de\"},{\"@type\":\"Organization\",\"@id\":\"https:\/\/www.radlobby.org\/noe\/#organization\",\"name\":\"Radlobby Nieder\u00f6sterreich\",\"url\":\"https:\/\/www.radlobby.org\/noe\/\",\"logo\":{\"@type\":\"ImageObject\",\"inLanguage\":\"de\",\"@id\":\"https:\/\/www.radlobby.org\/noe\/#\/schema\/logo\/image\/\",\"url\":\"https:\/\/www.radlobby.org\/noe\/wp-content\/uploads\/2017\/01\/cropped-Logo_Radlobby_Niederoesterreich_50-400px_quer-1.jpg\",\"contentUrl\":\"https:\/\/www.radlobby.org\/noe\/wp-content\/uploads\/2017\/01\/cropped-Logo_Radlobby_Niederoesterreich_50-400px_quer-1.jpg\",\"width\":450,\"height\":124,\"caption\":\"Radlobby Nieder\u00f6sterreich\"},\"image\":{\"@id\":\"https:\/\/www.radlobby.org\/noe\/#\/schema\/logo\/image\/\"},\"sameAs\":[\"https:\/\/www.facebook.com\/groups\/radfahren.in.noe\/\"]},{\"@type\":\"Person\",\"@id\":\"https:\/\/www.radlobby.org\/noe\/#\/schema\/person\/9edd0d27788b22085d15e9b4dad58751\",\"name\":\"Christian H\u00f6ller\",\"image\":{\"@type\":\"ImageObject\",\"inLanguage\":\"de\",\"@id\":\"https:\/\/www.radlobby.org\/noe\/#\/schema\/person\/image\/\",\"url\":\"https:\/\/secure.gravatar.com\/avatar\/7d22484a7ff001a2124b9145038af080348d51ac7e445cb4831a25cbdc57e0b9?s=96&d=mm&r=g\",\"contentUrl\":\"https:\/\/secure.gravatar.com\/avatar\/7d22484a7ff001a2124b9145038af080348d51ac7e445cb4831a25cbdc57e0b9?s=96&d=mm&r=g\",\"caption\":\"Christian H\u00f6ller\"},\"url\":\"https:\/\/www.radlobby.org\/noe\/author\/christianhoeller\/\"}]}<\/script>\n<!-- \/ Yoast SEO plugin. -->","yoast_head_json":{"title":"Save the date - 11. Tweedride\/Radcorso der Radlobby Melk - Samstag 7. September 2024, 14 Uhr - Radlobby Nieder\u00f6sterreich","robots":{"index":"index","follow":"follow","max-snippet":"max-snippet:-1","max-image-preview":"max-image-preview:large","max-video-preview":"max-video-preview:-1"},"canonical":"https:\/\/www.radlobby.org\/noe\/tweedride-melk-2024\/","og_locale":"de_DE","og_type":"article","og_title":"Save the date - 11. Tweedride\/Radcorso der Radlobby Melk - Samstag 7. September 2024, 14 Uhr - Radlobby Nieder\u00f6sterreich","og_description":"Treffpunkt im pr\u00e4chtigen Pr\u00e4latenhof\u00a0 des Stiftes Melk. Die Radlobby Melk l\u00e4dt ein: Radeln Sie mit! Schauen Sie sich das an! \u00a0Der Tweedride Melk, der traditionsreichste Tweedride \u00d6sterreichs, macht es wieder augenf\u00e4llig: Radfahren ist sch\u00f6n \u2013 und macht sch\u00f6n! Stilvoll nostalgisch","og_url":"https:\/\/www.radlobby.org\/noe\/tweedride-melk-2024\/","og_site_name":"Radlobby Nieder\u00f6sterreich","article_publisher":"https:\/\/www.facebook.com\/groups\/radfahren.in.noe\/","article_published_time":"2024-08-23T19:52:43+00:00","article_modified_time":"2024-08-25T16:07:43+00:00","og_image":[{"width":1520,"height":1128,"url":"https:\/\/www.radlobby.org\/noe\/wp-content\/uploads\/velo_vintage_Magnet2024_mit_Text.png","type":"image\/png"}],"author":"Christian H\u00f6ller","twitter_card":"summary_large_image","twitter_misc":{"Verfasst von":"Christian H\u00f6ller","Gesch\u00e4tzte Lesezeit":"2\u00a0Minuten"},"schema":{"@context":"https:\/\/schema.org","@graph":[{"@type":"Article","@id":"https:\/\/www.radlobby.org\/noe\/tweedride-melk-2024\/#article","isPartOf":{"@id":"https:\/\/www.radlobby.org\/noe\/tweedride-melk-2024\/"},"author":{"name":"Christian H\u00f6ller","@id":"https:\/\/www.radlobby.org\/noe\/#\/schema\/person\/9edd0d27788b22085d15e9b4dad58751"},"headline":"Save the date &#8211; 11. Tweedride\/Radcorso der Radlobby Melk &#8211; Samstag 7. September 2024, 14 Uhr","datePublished":"2024-08-23T19:52:43+00:00","dateModified":"2024-08-25T16:07:43+00:00","mainEntityOfPage":{"@id":"https:\/\/www.radlobby.org\/noe\/tweedride-melk-2024\/"},"wordCount":199,"publisher":{"@id":"https:\/\/www.radlobby.org\/noe\/#organization"},"image":{"@id":"https:\/\/www.radlobby.org\/noe\/tweedride-melk-2024\/#primaryimage"},"thumbnailUrl":"https:\/\/www.radlobby.org\/noe\/wp-content\/uploads\/velo_vintage_Magnet2024_mit_Text.png","keywords":["Aktionen"],"articleSection":["Radlobby Melk","Radlobby Nieder\u00f6sterreich"],"inLanguage":"de"},{"@type":"WebPage","@id":"https:\/\/www.radlobby.org\/noe\/tweedride-melk-2024\/","url":"https:\/\/www.radlobby.org\/noe\/tweedride-melk-2024\/","name":"Save the date - 11. Tweedride\/Radcorso der Radlobby Melk - Samstag 7. September 2024, 14 Uhr - Radlobby Nieder\u00f6sterreich","isPartOf":{"@id":"https:\/\/www.radlobby.org\/noe\/#website"},"primaryImageOfPage":{"@id":"https:\/\/www.radlobby.org\/noe\/tweedride-melk-2024\/#primaryimage"},"image":{"@id":"https:\/\/www.radlobby.org\/noe\/tweedride-melk-2024\/#primaryimage"},"thumbnailUrl":"https:\/\/www.radlobby.org\/noe\/wp-content\/uploads\/velo_vintage_Magnet2024_mit_Text.png","datePublished":"2024-08-23T19:52:43+00:00","dateModified":"2024-08-25T16:07:43+00:00","breadcrumb":{"@id":"https:\/\/www.radlobby.org\/noe\/tweedride-melk-2024\/#breadcrumb"},"inLanguage":"de","potentialAction":[{"@type":"ReadAction","target":["https:\/\/www.radlobby.org\/noe\/tweedride-melk-2024\/"]}]},{"@type":"ImageObject","inLanguage":"de","@id":"https:\/\/www.radlobby.org\/noe\/tweedride-melk-2024\/#primaryimage","url":"https:\/\/www.radlobby.org\/noe\/wp-content\/uploads\/velo_vintage_Magnet2024_mit_Text.png","contentUrl":"https:\/\/www.radlobby.org\/noe\/wp-content\/uploads\/velo_vintage_Magnet2024_mit_Text.png","width":1520,"height":1128},{"@type":"BreadcrumbList","@id":"https:\/\/www.radlobby.org\/noe\/tweedride-melk-2024\/#breadcrumb","itemListElement":[{"@type":"ListItem","position":1,"name":"Startseite","item":"https:\/\/www.radlobby.org\/noe\/"},{"@type":"ListItem","position":2,"name":"Save the date &#8211; 11. Tweedride\/Radcorso der Radlobby Melk &#8211; Samstag 7. September 2024, 14 Uhr"}]},{"@type":"WebSite","@id":"https:\/\/www.radlobby.org\/noe\/#website","url":"https:\/\/www.radlobby.org\/noe\/","name":"Radlobby Nieder\u00f6sterreich","description":"Radverkehr, Fahrrad, Radfahren, Radreisen, Radtouren, Radweg","publisher":{"@id":"https:\/\/www.radlobby.org\/noe\/#organization"},"potentialAction":[{"@type":"SearchAction","target":{"@type":"EntryPoint","urlTemplate":"https:\/\/www.radlobby.org\/noe\/?s={search_term_string}"},"query-input":{"@type":"PropertyValueSpecification","valueRequired":true,"valueName":"search_term_string"}}],"inLanguage":"de"},{"@type":"Organization","@id":"https:\/\/www.radlobby.org\/noe\/#organization","name":"Radlobby Nieder\u00f6sterreich","url":"https:\/\/www.radlobby.org\/noe\/","logo":{"@type":"ImageObject","inLanguage":"de","@id":"https:\/\/www.radlobby.org\/noe\/#\/schema\/logo\/image\/","url":"https:\/\/www.radlobby.org\/noe\/wp-content\/uploads\/2017\/01\/cropped-Logo_Radlobby_Niederoesterreich_50-400px_quer-1.jpg","contentUrl":"https:\/\/www.radlobby.org\/noe\/wp-content\/uploads\/2017\/01\/cropped-Logo_Radlobby_Niederoesterreich_50-400px_quer-1.jpg","width":450,"height":124,"caption":"Radlobby Nieder\u00f6sterreich"},"image":{"@id":"https:\/\/www.radlobby.org\/noe\/#\/schema\/logo\/image\/"},"sameAs":["https:\/\/www.facebook.com\/groups\/radfahren.in.noe\/"]},{"@type":"Person","@id":"https:\/\/www.radlobby.org\/noe\/#\/schema\/person\/9edd0d27788b22085d15e9b4dad58751","name":"Christian H\u00f6ller","image":{"@type":"ImageObject","inLanguage":"de","@id":"https:\/\/www.radlobby.org\/noe\/#\/schema\/person\/image\/","url":"https:\/\/secure.gravatar.com\/avatar\/7d22484a7ff001a2124b9145038af080348d51ac7e445cb4831a25cbdc57e0b9?s=96&d=mm&r=g","contentUrl":"https:\/\/secure.gravatar.com\/avatar\/7d22484a7ff001a2124b9145038af080348d51ac7e445cb4831a25cbdc57e0b9?s=96&d=mm&r=g","caption":"Christian H\u00f6ller"},"url":"https:\/\/www.radlobby.org\/noe\/author\/christianhoeller\/"}]}},"_links":{"self":[{"href":"https:\/\/www.radlobby.org\/noe\/wp-json\/wp\/v2\/posts\/35511","targetHints":{"allow":["GET"]}}],"collection":[{"href":"https:\/\/www.radlobby.org\/noe\/wp-json\/wp\/v2\/posts"}],"about":[{"href":"https:\/\/www.radlobby.org\/noe\/wp-json\/wp\/v2\/types\/post"}],"author":[{"embeddable":true,"href":"https:\/\/www.radlobby.org\/noe\/wp-json\/wp\/v2\/users\/10"}],"replies":[{"embeddable":true,"href":"https:\/\/www.radlobby.org\/noe\/wp-json\/wp\/v2\/comments?post=35511"}],"version-history":[{"count":5,"href":"https:\/\/www.radlobby.org\/noe\/wp-json\/wp\/v2\/posts\/35511\/revisions"}],"predecessor-version":[{"id":36147,"href":"https:\/\/www.radlobby.org\/noe\/wp-json\/wp\/v2\/posts\/35511\/revisions\/36147"}],"wp:featuredmedia":[{"embeddable":true,"href":"https:\/\/www.radlobby.org\/noe\/wp-json\/wp\/v2\/media\/36148"}],"wp:attachment":[{"href":"https:\/\/www.radlobby.org\/noe\/wp-json\/wp\/v2\/media?parent=35511"}],"wp:term":[{"taxonomy":"category","embeddable":true,"href":"https:\/\/www.radlobby.org\/noe\/wp-json\/wp\/v2\/categories?post=35511"},{"taxonomy":"post_tag","embeddable":true,"href":"https:\/\/www.radlobby.org\/noe\/wp-json\/wp\/v2\/tags?post=35511"}],"curies":[{"name":"wp","href":"https:\/\/api.w.org\/{rel}","templated":true}]}}