{"id":35415,"date":"2024-05-19T11:53:48","date_gmt":"2024-05-19T09:53:48","guid":{"rendered":"https:\/\/www.radlobby.org\/noe\/?p=35415"},"modified":"2024-05-19T12:08:26","modified_gmt":"2024-05-19T10:08:26","slug":"gd-240428-radboerse-3","status":"publish","type":"post","link":"https:\/\/www.radlobby.org\/noe\/gd-240428-radboerse-3\/","title":{"rendered":"Radb\u00f6rse Gm\u00fcnd, Ausgabe 2024"},"content":{"rendered":"<h4>Bei der 3. Gm\u00fcnder Radb\u00f6rse beim Fr\u00fchlings-Flohmarkt der Freiwilligen Feuerwehr der Stadt Gm\u00fcnd fanden wieder zahlreiche Gebrauchtfahrr\u00e4der eine:n neue:n Besitzer:in<\/h4>\n<p>Am Sonntag, den 28. April 2024 fand die 3. Gm\u00fcnder Radb\u00f6rse statt. Bereits zum zweiten Mal durften wir uns dem Fr\u00fchlings-Flohmarkt der Freiwilligen Feuerwehr der Stadt Gm\u00fcnd anschlie\u00dfen. Viele Menschen haben auch diesmal die M\u00f6glichkeit genutzt, ein nicht mehr ben\u00f6tigtes Fahrrad zu verkaufen oder ein passendes Gebrauchtfahrrad zu erwerben. Das Angebot reichte vom Kinderrad \u00fcber Trekking- und Stadtr\u00e4der bis zum Mountainbike. 29 der 55 angelieferten Drahtesel konnten an eine:n neue:n Radler:in vermittelt werden! Neben Annahme, Verkauf und Beratung gab es auch Gelegenheit, \u00fcber die Arbeit der Radlobby zu erz\u00e4hlen oder einfach die Begeisterung f\u00fcrs Radeln zu teilen.<\/p>\n<p>Unser Dank geht an die Freiwillige Feuerwehr der Stadt Gm\u00fcnd f\u00fcr die Kooperation und die Stadtgemeinde Gm\u00fcnd f\u00fcr die praktische Unterst\u00fctzung.<\/p>\n<p><a href=\"https:\/\/www.radlobby.org\/noe\/wp-content\/uploads\/GD_240519_Radboerse_Fw.jpg\" data-src=\"https:\/\/www.radlobby.org\/noe\/wp-content\/uploads\/GD_240519_Radboerse_Fw.jpg\" data-thumb=\"https:\/\/www.radlobby.org\/noe\/wp-content\/uploads\/GD_240519_Radboerse_Fw.jpg\" class=\"ml-lightbox-enabled\"><img loading=\"lazy\" decoding=\"async\" class=\"alignnone\" src=\"https:\/\/www.radlobby.org\/noe\/wp-content\/uploads\/GD_240519_Radboerse_Fw.jpg\" alt=\"\" width=\"1007\" height=\"756\" \/><\/a><\/p>\n<p>Die Kooperation mit der Freiwilligen Feuerwehr der Stadt Gm\u00fcnd war wieder h\u00f6chst erfreulich f\u00fcr alle Beteiligten.<\/p>\n<p><a href=\"https:\/\/www.radlobby.org\/noe\/wp-content\/uploads\/GD_240519_Radboerse_Bgm.jpg\" data-src=\"https:\/\/www.radlobby.org\/noe\/wp-content\/uploads\/GD_240519_Radboerse_Bgm.jpg\" data-thumb=\"https:\/\/www.radlobby.org\/noe\/wp-content\/uploads\/GD_240519_Radboerse_Bgm.jpg\" class=\"ml-lightbox-enabled\"><img loading=\"lazy\" decoding=\"async\" class=\"alignnone\" src=\"https:\/\/www.radlobby.org\/noe\/wp-content\/uploads\/GD_240519_Radboerse_Bgm.jpg\" alt=\"\" width=\"1022\" height=\"767\" \/><\/a><\/p>\n<p>Die Stadtgemeinde Gm\u00fcnd unterst\u00fctzte die Radb\u00f6rse mit der Bereitstellung von Absperrgittern. B\u00fcrgermeisterin Helga Rosenmayer und Vizeb\u00fcrgermeister Hubert Hauer schauten auch auf einen Sprung vorbei.<\/p>\n<p><a href=\"https:\/\/www.radlobby.org\/noe\/wp-content\/uploads\/GD_240519_Radboerse_Stand.jpg\" data-src=\"https:\/\/www.radlobby.org\/noe\/wp-content\/uploads\/GD_240519_Radboerse_Stand.jpg\" data-thumb=\"https:\/\/www.radlobby.org\/noe\/wp-content\/uploads\/GD_240519_Radboerse_Stand.jpg\" class=\"ml-lightbox-enabled\"><img loading=\"lazy\" decoding=\"async\" class=\"alignnone\" src=\"https:\/\/www.radlobby.org\/noe\/wp-content\/uploads\/GD_240519_Radboerse_Stand.jpg\" alt=\"\" width=\"1039\" height=\"779\" \/><\/a><\/p>\n<p>Norbert Anderl und Anita Bode bei der Registrierung der R\u00e4der.<\/p>\n","protected":false},"excerpt":{"rendered":"<p>Bei der 3. Gm\u00fcnder Radb\u00f6rse beim Fr\u00fchlings-Flohmarkt der Freiwilligen Feuerwehr der Stadt Gm\u00fcnd fanden wieder zahlreiche Gebrauchtfahrr\u00e4der eine:n neue:n Besitzer:in Am Sonntag, den 28. April 2024 fand die 3. Gm\u00fcnder Radb\u00f6rse statt. Bereits zum zweiten Mal durften wir uns dem<\/p>\n","protected":false},"author":27,"featured_media":35418,"comment_status":"closed","ping_status":"closed","sticky":false,"template":"","format":"standard","meta":{"footnotes":""},"categories":[282],"tags":[194,69,41],"class_list":["post-35415","post","type-post","status-publish","format-standard","has-post-thumbnail","hentry","category-gmuend","tag-fahrradboerse","tag-radbazar","tag-radboerse"],"yoast_head":"<!-- This site is optimized with the Yoast SEO plugin v26.9 - https:\/\/yoast.com\/product\/yoast-seo-wordpress\/ -->\n<title>Radb\u00f6rse Gm\u00fcnd, Ausgabe 2024 - Radlobby Nieder\u00f6sterreich<\/title>\n<meta name=\"description\" content=\"Viele Fahrr\u00e4der fanden bei der 3. Gm\u00fcnder Radb\u00f6rse einen neuen Besitzer\/eine neue Besitzerin. Der Feuerwehrflohmarkt sorgte f\u00fcr regen Besuch.\" \/>\n<meta name=\"robots\" content=\"index, follow, max-snippet:-1, max-image-preview:large, max-video-preview:-1\" \/>\n<link rel=\"canonical\" href=\"https:\/\/www.radlobby.org\/noe\/gd-240428-radboerse-3\/\" \/>\n<meta property=\"og:locale\" content=\"de_DE\" \/>\n<meta property=\"og:type\" content=\"article\" \/>\n<meta property=\"og:title\" content=\"Radb\u00f6rse Gm\u00fcnd, Ausgabe 2024 - Radlobby Nieder\u00f6sterreich\" \/>\n<meta property=\"og:description\" content=\"Viele Fahrr\u00e4der fanden bei der 3. Gm\u00fcnder Radb\u00f6rse einen neuen Besitzer\/eine neue Besitzerin. Der Feuerwehrflohmarkt sorgte f\u00fcr regen Besuch.\" \/>\n<meta property=\"og:url\" content=\"https:\/\/www.radlobby.org\/noe\/gd-240428-radboerse-3\/\" \/>\n<meta property=\"og:site_name\" content=\"Radlobby Nieder\u00f6sterreich\" \/>\n<meta property=\"article:publisher\" content=\"https:\/\/www.facebook.com\/groups\/radfahren.in.noe\/\" \/>\n<meta property=\"article:published_time\" content=\"2024-05-19T09:53:48+00:00\" \/>\n<meta property=\"article:modified_time\" content=\"2024-05-19T10:08:26+00:00\" \/>\n<meta property=\"og:image\" content=\"https:\/\/www.radlobby.org\/noe\/wp-content\/uploads\/GD_240519_Radboerse_Stand.jpg\" \/>\n\t<meta property=\"og:image:width\" content=\"1200\" \/>\n\t<meta property=\"og:image:height\" content=\"900\" \/>\n\t<meta property=\"og:image:type\" content=\"image\/jpeg\" \/>\n<meta name=\"author\" content=\"Kristin Harrich\" \/>\n<meta name=\"twitter:card\" content=\"summary_large_image\" \/>\n<meta name=\"twitter:label1\" content=\"Verfasst von\" \/>\n\t<meta name=\"twitter:data1\" content=\"Kristin Harrich\" \/>\n\t<meta name=\"twitter:label2\" content=\"Gesch\u00e4tzte Lesezeit\" \/>\n\t<meta name=\"twitter:data2\" content=\"2\u00a0Minuten\" \/>\n<script type=\"application\/ld+json\" class=\"yoast-schema-graph\">{\"@context\":\"https:\/\/schema.org\",\"@graph\":[{\"@type\":\"Article\",\"@id\":\"https:\/\/www.radlobby.org\/noe\/gd-240428-radboerse-3\/#article\",\"isPartOf\":{\"@id\":\"https:\/\/www.radlobby.org\/noe\/gd-240428-radboerse-3\/\"},\"author\":{\"name\":\"Kristin Harrich\",\"@id\":\"https:\/\/www.radlobby.org\/noe\/#\/schema\/person\/6b0053ef563e368f14308d7792bfbfc0\"},\"headline\":\"Radb\u00f6rse Gm\u00fcnd, Ausgabe 2024\",\"datePublished\":\"2024-05-19T09:53:48+00:00\",\"dateModified\":\"2024-05-19T10:08:26+00:00\",\"mainEntityOfPage\":{\"@id\":\"https:\/\/www.radlobby.org\/noe\/gd-240428-radboerse-3\/\"},\"wordCount\":222,\"publisher\":{\"@id\":\"https:\/\/www.radlobby.org\/noe\/#organization\"},\"image\":{\"@id\":\"https:\/\/www.radlobby.org\/noe\/gd-240428-radboerse-3\/#primaryimage\"},\"thumbnailUrl\":\"https:\/\/www.radlobby.org\/noe\/wp-content\/uploads\/GD_240519_Radboerse_Stand.jpg\",\"keywords\":[\"Fahrradb\u00f6rse\",\"Radbazar\",\"Radb\u00f6rse\"],\"articleSection\":[\"Radlobby Gm\u00fcnd\"],\"inLanguage\":\"de\"},{\"@type\":\"WebPage\",\"@id\":\"https:\/\/www.radlobby.org\/noe\/gd-240428-radboerse-3\/\",\"url\":\"https:\/\/www.radlobby.org\/noe\/gd-240428-radboerse-3\/\",\"name\":\"Radb\u00f6rse Gm\u00fcnd, Ausgabe 2024 - Radlobby Nieder\u00f6sterreich\",\"isPartOf\":{\"@id\":\"https:\/\/www.radlobby.org\/noe\/#website\"},\"primaryImageOfPage\":{\"@id\":\"https:\/\/www.radlobby.org\/noe\/gd-240428-radboerse-3\/#primaryimage\"},\"image\":{\"@id\":\"https:\/\/www.radlobby.org\/noe\/gd-240428-radboerse-3\/#primaryimage\"},\"thumbnailUrl\":\"https:\/\/www.radlobby.org\/noe\/wp-content\/uploads\/GD_240519_Radboerse_Stand.jpg\",\"datePublished\":\"2024-05-19T09:53:48+00:00\",\"dateModified\":\"2024-05-19T10:08:26+00:00\",\"description\":\"Viele Fahrr\u00e4der fanden bei der 3. Gm\u00fcnder Radb\u00f6rse einen neuen Besitzer\/eine neue Besitzerin. Der Feuerwehrflohmarkt sorgte f\u00fcr regen Besuch.\",\"breadcrumb\":{\"@id\":\"https:\/\/www.radlobby.org\/noe\/gd-240428-radboerse-3\/#breadcrumb\"},\"inLanguage\":\"de\",\"potentialAction\":[{\"@type\":\"ReadAction\",\"target\":[\"https:\/\/www.radlobby.org\/noe\/gd-240428-radboerse-3\/\"]}]},{\"@type\":\"ImageObject\",\"inLanguage\":\"de\",\"@id\":\"https:\/\/www.radlobby.org\/noe\/gd-240428-radboerse-3\/#primaryimage\",\"url\":\"https:\/\/www.radlobby.org\/noe\/wp-content\/uploads\/GD_240519_Radboerse_Stand.jpg\",\"contentUrl\":\"https:\/\/www.radlobby.org\/noe\/wp-content\/uploads\/GD_240519_Radboerse_Stand.jpg\",\"width\":1200,\"height\":900},{\"@type\":\"BreadcrumbList\",\"@id\":\"https:\/\/www.radlobby.org\/noe\/gd-240428-radboerse-3\/#breadcrumb\",\"itemListElement\":[{\"@type\":\"ListItem\",\"position\":1,\"name\":\"Startseite\",\"item\":\"https:\/\/www.radlobby.org\/noe\/\"},{\"@type\":\"ListItem\",\"position\":2,\"name\":\"Radb\u00f6rse Gm\u00fcnd, Ausgabe 2024\"}]},{\"@type\":\"WebSite\",\"@id\":\"https:\/\/www.radlobby.org\/noe\/#website\",\"url\":\"https:\/\/www.radlobby.org\/noe\/\",\"name\":\"Radlobby Nieder\u00f6sterreich\",\"description\":\"Radverkehr, Fahrrad, Radfahren, Radreisen, Radtouren, Radweg\",\"publisher\":{\"@id\":\"https:\/\/www.radlobby.org\/noe\/#organization\"},\"potentialAction\":[{\"@type\":\"SearchAction\",\"target\":{\"@type\":\"EntryPoint\",\"urlTemplate\":\"https:\/\/www.radlobby.org\/noe\/?s={search_term_string}\"},\"query-input\":{\"@type\":\"PropertyValueSpecification\",\"valueRequired\":true,\"valueName\":\"search_term_string\"}}],\"inLanguage\":\"de\"},{\"@type\":\"Organization\",\"@id\":\"https:\/\/www.radlobby.org\/noe\/#organization\",\"name\":\"Radlobby Nieder\u00f6sterreich\",\"url\":\"https:\/\/www.radlobby.org\/noe\/\",\"logo\":{\"@type\":\"ImageObject\",\"inLanguage\":\"de\",\"@id\":\"https:\/\/www.radlobby.org\/noe\/#\/schema\/logo\/image\/\",\"url\":\"https:\/\/www.radlobby.org\/noe\/wp-content\/uploads\/2017\/01\/cropped-Logo_Radlobby_Niederoesterreich_50-400px_quer-1.jpg\",\"contentUrl\":\"https:\/\/www.radlobby.org\/noe\/wp-content\/uploads\/2017\/01\/cropped-Logo_Radlobby_Niederoesterreich_50-400px_quer-1.jpg\",\"width\":450,\"height\":124,\"caption\":\"Radlobby Nieder\u00f6sterreich\"},\"image\":{\"@id\":\"https:\/\/www.radlobby.org\/noe\/#\/schema\/logo\/image\/\"},\"sameAs\":[\"https:\/\/www.facebook.com\/groups\/radfahren.in.noe\/\"]},{\"@type\":\"Person\",\"@id\":\"https:\/\/www.radlobby.org\/noe\/#\/schema\/person\/6b0053ef563e368f14308d7792bfbfc0\",\"name\":\"Kristin Harrich\",\"image\":{\"@type\":\"ImageObject\",\"inLanguage\":\"de\",\"@id\":\"https:\/\/www.radlobby.org\/noe\/#\/schema\/person\/image\/\",\"url\":\"https:\/\/secure.gravatar.com\/avatar\/fae3c9085f86cf2c3d0ec7ea03ae71cda2f36050a7f451f72c07840cdab68d7c?s=96&d=mm&r=g\",\"contentUrl\":\"https:\/\/secure.gravatar.com\/avatar\/fae3c9085f86cf2c3d0ec7ea03ae71cda2f36050a7f451f72c07840cdab68d7c?s=96&d=mm&r=g\",\"caption\":\"Kristin Harrich\"},\"url\":\"https:\/\/www.radlobby.org\/noe\/author\/kristinharrich\/\"}]}<\/script>\n<!-- \/ Yoast SEO plugin. -->","yoast_head_json":{"title":"Radb\u00f6rse Gm\u00fcnd, Ausgabe 2024 - Radlobby Nieder\u00f6sterreich","description":"Viele Fahrr\u00e4der fanden bei der 3. Gm\u00fcnder Radb\u00f6rse einen neuen Besitzer\/eine neue Besitzerin. Der Feuerwehrflohmarkt sorgte f\u00fcr regen Besuch.","robots":{"index":"index","follow":"follow","max-snippet":"max-snippet:-1","max-image-preview":"max-image-preview:large","max-video-preview":"max-video-preview:-1"},"canonical":"https:\/\/www.radlobby.org\/noe\/gd-240428-radboerse-3\/","og_locale":"de_DE","og_type":"article","og_title":"Radb\u00f6rse Gm\u00fcnd, Ausgabe 2024 - Radlobby Nieder\u00f6sterreich","og_description":"Viele Fahrr\u00e4der fanden bei der 3. Gm\u00fcnder Radb\u00f6rse einen neuen Besitzer\/eine neue Besitzerin. Der Feuerwehrflohmarkt sorgte f\u00fcr regen Besuch.","og_url":"https:\/\/www.radlobby.org\/noe\/gd-240428-radboerse-3\/","og_site_name":"Radlobby Nieder\u00f6sterreich","article_publisher":"https:\/\/www.facebook.com\/groups\/radfahren.in.noe\/","article_published_time":"2024-05-19T09:53:48+00:00","article_modified_time":"2024-05-19T10:08:26+00:00","og_image":[{"width":1200,"height":900,"url":"https:\/\/www.radlobby.org\/noe\/wp-content\/uploads\/GD_240519_Radboerse_Stand.jpg","type":"image\/jpeg"}],"author":"Kristin Harrich","twitter_card":"summary_large_image","twitter_misc":{"Verfasst von":"Kristin Harrich","Gesch\u00e4tzte Lesezeit":"2\u00a0Minuten"},"schema":{"@context":"https:\/\/schema.org","@graph":[{"@type":"Article","@id":"https:\/\/www.radlobby.org\/noe\/gd-240428-radboerse-3\/#article","isPartOf":{"@id":"https:\/\/www.radlobby.org\/noe\/gd-240428-radboerse-3\/"},"author":{"name":"Kristin Harrich","@id":"https:\/\/www.radlobby.org\/noe\/#\/schema\/person\/6b0053ef563e368f14308d7792bfbfc0"},"headline":"Radb\u00f6rse Gm\u00fcnd, Ausgabe 2024","datePublished":"2024-05-19T09:53:48+00:00","dateModified":"2024-05-19T10:08:26+00:00","mainEntityOfPage":{"@id":"https:\/\/www.radlobby.org\/noe\/gd-240428-radboerse-3\/"},"wordCount":222,"publisher":{"@id":"https:\/\/www.radlobby.org\/noe\/#organization"},"image":{"@id":"https:\/\/www.radlobby.org\/noe\/gd-240428-radboerse-3\/#primaryimage"},"thumbnailUrl":"https:\/\/www.radlobby.org\/noe\/wp-content\/uploads\/GD_240519_Radboerse_Stand.jpg","keywords":["Fahrradb\u00f6rse","Radbazar","Radb\u00f6rse"],"articleSection":["Radlobby Gm\u00fcnd"],"inLanguage":"de"},{"@type":"WebPage","@id":"https:\/\/www.radlobby.org\/noe\/gd-240428-radboerse-3\/","url":"https:\/\/www.radlobby.org\/noe\/gd-240428-radboerse-3\/","name":"Radb\u00f6rse Gm\u00fcnd, Ausgabe 2024 - Radlobby Nieder\u00f6sterreich","isPartOf":{"@id":"https:\/\/www.radlobby.org\/noe\/#website"},"primaryImageOfPage":{"@id":"https:\/\/www.radlobby.org\/noe\/gd-240428-radboerse-3\/#primaryimage"},"image":{"@id":"https:\/\/www.radlobby.org\/noe\/gd-240428-radboerse-3\/#primaryimage"},"thumbnailUrl":"https:\/\/www.radlobby.org\/noe\/wp-content\/uploads\/GD_240519_Radboerse_Stand.jpg","datePublished":"2024-05-19T09:53:48+00:00","dateModified":"2024-05-19T10:08:26+00:00","description":"Viele Fahrr\u00e4der fanden bei der 3. Gm\u00fcnder Radb\u00f6rse einen neuen Besitzer\/eine neue Besitzerin. Der Feuerwehrflohmarkt sorgte f\u00fcr regen Besuch.","breadcrumb":{"@id":"https:\/\/www.radlobby.org\/noe\/gd-240428-radboerse-3\/#breadcrumb"},"inLanguage":"de","potentialAction":[{"@type":"ReadAction","target":["https:\/\/www.radlobby.org\/noe\/gd-240428-radboerse-3\/"]}]},{"@type":"ImageObject","inLanguage":"de","@id":"https:\/\/www.radlobby.org\/noe\/gd-240428-radboerse-3\/#primaryimage","url":"https:\/\/www.radlobby.org\/noe\/wp-content\/uploads\/GD_240519_Radboerse_Stand.jpg","contentUrl":"https:\/\/www.radlobby.org\/noe\/wp-content\/uploads\/GD_240519_Radboerse_Stand.jpg","width":1200,"height":900},{"@type":"BreadcrumbList","@id":"https:\/\/www.radlobby.org\/noe\/gd-240428-radboerse-3\/#breadcrumb","itemListElement":[{"@type":"ListItem","position":1,"name":"Startseite","item":"https:\/\/www.radlobby.org\/noe\/"},{"@type":"ListItem","position":2,"name":"Radb\u00f6rse Gm\u00fcnd, Ausgabe 2024"}]},{"@type":"WebSite","@id":"https:\/\/www.radlobby.org\/noe\/#website","url":"https:\/\/www.radlobby.org\/noe\/","name":"Radlobby Nieder\u00f6sterreich","description":"Radverkehr, Fahrrad, Radfahren, Radreisen, Radtouren, Radweg","publisher":{"@id":"https:\/\/www.radlobby.org\/noe\/#organization"},"potentialAction":[{"@type":"SearchAction","target":{"@type":"EntryPoint","urlTemplate":"https:\/\/www.radlobby.org\/noe\/?s={search_term_string}"},"query-input":{"@type":"PropertyValueSpecification","valueRequired":true,"valueName":"search_term_string"}}],"inLanguage":"de"},{"@type":"Organization","@id":"https:\/\/www.radlobby.org\/noe\/#organization","name":"Radlobby Nieder\u00f6sterreich","url":"https:\/\/www.radlobby.org\/noe\/","logo":{"@type":"ImageObject","inLanguage":"de","@id":"https:\/\/www.radlobby.org\/noe\/#\/schema\/logo\/image\/","url":"https:\/\/www.radlobby.org\/noe\/wp-content\/uploads\/2017\/01\/cropped-Logo_Radlobby_Niederoesterreich_50-400px_quer-1.jpg","contentUrl":"https:\/\/www.radlobby.org\/noe\/wp-content\/uploads\/2017\/01\/cropped-Logo_Radlobby_Niederoesterreich_50-400px_quer-1.jpg","width":450,"height":124,"caption":"Radlobby Nieder\u00f6sterreich"},"image":{"@id":"https:\/\/www.radlobby.org\/noe\/#\/schema\/logo\/image\/"},"sameAs":["https:\/\/www.facebook.com\/groups\/radfahren.in.noe\/"]},{"@type":"Person","@id":"https:\/\/www.radlobby.org\/noe\/#\/schema\/person\/6b0053ef563e368f14308d7792bfbfc0","name":"Kristin Harrich","image":{"@type":"ImageObject","inLanguage":"de","@id":"https:\/\/www.radlobby.org\/noe\/#\/schema\/person\/image\/","url":"https:\/\/secure.gravatar.com\/avatar\/fae3c9085f86cf2c3d0ec7ea03ae71cda2f36050a7f451f72c07840cdab68d7c?s=96&d=mm&r=g","contentUrl":"https:\/\/secure.gravatar.com\/avatar\/fae3c9085f86cf2c3d0ec7ea03ae71cda2f36050a7f451f72c07840cdab68d7c?s=96&d=mm&r=g","caption":"Kristin Harrich"},"url":"https:\/\/www.radlobby.org\/noe\/author\/kristinharrich\/"}]}},"_links":{"self":[{"href":"https:\/\/www.radlobby.org\/noe\/wp-json\/wp\/v2\/posts\/35415","targetHints":{"allow":["GET"]}}],"collection":[{"href":"https:\/\/www.radlobby.org\/noe\/wp-json\/wp\/v2\/posts"}],"about":[{"href":"https:\/\/www.radlobby.org\/noe\/wp-json\/wp\/v2\/types\/post"}],"author":[{"embeddable":true,"href":"https:\/\/www.radlobby.org\/noe\/wp-json\/wp\/v2\/users\/27"}],"replies":[{"embeddable":true,"href":"https:\/\/www.radlobby.org\/noe\/wp-json\/wp\/v2\/comments?post=35415"}],"version-history":[{"count":6,"href":"https:\/\/www.radlobby.org\/noe\/wp-json\/wp\/v2\/posts\/35415\/revisions"}],"predecessor-version":[{"id":35424,"href":"https:\/\/www.radlobby.org\/noe\/wp-json\/wp\/v2\/posts\/35415\/revisions\/35424"}],"wp:featuredmedia":[{"embeddable":true,"href":"https:\/\/www.radlobby.org\/noe\/wp-json\/wp\/v2\/media\/35418"}],"wp:attachment":[{"href":"https:\/\/www.radlobby.org\/noe\/wp-json\/wp\/v2\/media?parent=35415"}],"wp:term":[{"taxonomy":"category","embeddable":true,"href":"https:\/\/www.radlobby.org\/noe\/wp-json\/wp\/v2\/categories?post=35415"},{"taxonomy":"post_tag","embeddable":true,"href":"https:\/\/www.radlobby.org\/noe\/wp-json\/wp\/v2\/tags?post=35415"}],"curies":[{"name":"wp","href":"https:\/\/api.w.org\/{rel}","templated":true}]}}