{"id":35355,"date":"2024-05-08T15:01:32","date_gmt":"2024-05-08T13:01:32","guid":{"rendered":"https:\/\/www.radlobby.org\/noe\/?p=35355"},"modified":"2024-05-08T15:07:01","modified_gmt":"2024-05-08T13:07:01","slug":"13-17-5-2024-omas-for-future-radeln-von-leibnitz-nach-wien","status":"publish","type":"post","link":"https:\/\/www.radlobby.org\/noe\/13-17-5-2024-omas-for-future-radeln-von-leibnitz-nach-wien\/","title":{"rendered":"13.-17.5.2024: &#8220;Omas for Future&#8221; radeln von Leibnitz nach Wien"},"content":{"rendered":"<p><a href=\"https:\/\/www.radlobby.org\/noe\/wp-content\/uploads\/Demo-Aufruf-Erinnerung-2.jpg\" data-src=\"https:\/\/www.radlobby.org\/noe\/wp-content\/uploads\/Demo-Aufruf-Erinnerung-2.jpg\" data-thumb=\"https:\/\/www.radlobby.org\/noe\/wp-content\/uploads\/Demo-Aufruf-Erinnerung-2-300x300.jpg\" class=\"ml-lightbox-enabled\"><img loading=\"lazy\" decoding=\"async\" class=\"alignright wp-image-35357 size-medium\" src=\"https:\/\/www.radlobby.org\/noe\/wp-content\/uploads\/Demo-Aufruf-Erinnerung-2-300x300.jpg\" alt=\"\" width=\"300\" height=\"300\" srcset=\"https:\/\/www.radlobby.org\/noe\/wp-content\/uploads\/Demo-Aufruf-Erinnerung-2-300x300.jpg 300w, https:\/\/www.radlobby.org\/noe\/wp-content\/uploads\/Demo-Aufruf-Erinnerung-2-150x150.jpg 150w, https:\/\/www.radlobby.org\/noe\/wp-content\/uploads\/Demo-Aufruf-Erinnerung-2-768x768.jpg 768w, https:\/\/www.radlobby.org\/noe\/wp-content\/uploads\/Demo-Aufruf-Erinnerung-2-270x270.jpg 270w, https:\/\/www.radlobby.org\/noe\/wp-content\/uploads\/Demo-Aufruf-Erinnerung-2-230x230.jpg 230w, https:\/\/www.radlobby.org\/noe\/wp-content\/uploads\/Demo-Aufruf-Erinnerung-2.jpg 1240w\" sizes=\"auto, (max-width: 300px) 100vw, 300px\" \/><\/a>Die &#8220;Omas for Future&#8221; werden ab 13.Mai 2024 mit Forderungen f\u00fcr eine Mobilit\u00e4tswende in die Zukunft von Leibnitz nach Wien (Parlament) radeln. Motto ist &#8220;<a href=\"https:\/\/omasforfuture-oesterreich.at\/event\/radeln-nach-wien-klingeln-fuers-klima\/\" target=\"_blank\" rel=\"noopener\">Klingeln f\u00fcrs Klima<\/a>&#8220;.<\/p>\n<p>F\u00fcr Demo und Kundgebung in Wien (17.5., ab 9:00) haben sich Prof. Hermann <strong>Knoflacher<\/strong>, Andreas <strong>J\u00e4ger<\/strong>, Prof. Thomas <strong>Brudermann<\/strong> sowie Prof. Helga <strong>Kromp-Kolb<\/strong> angesagt. Des Weiteren d\u00fcrfen wir Frau Bundesministerin Eleonore <strong>Gewessler<\/strong> erwarten.<\/p>\n<p><a href=\"https:\/\/www.radlobby.org\/noe\/wp-content\/uploads\/Omas4Future-Zeitplan.jpg\" data-src=\"https:\/\/www.radlobby.org\/noe\/wp-content\/uploads\/Omas4Future-Zeitplan.jpg\" data-thumb=\"https:\/\/www.radlobby.org\/noe\/wp-content\/uploads\/Omas4Future-Zeitplan-300x245.jpg\" class=\"ml-lightbox-enabled\"><img loading=\"lazy\" decoding=\"async\" class=\"alignleft wp-image-35358 size-medium\" src=\"https:\/\/www.radlobby.org\/noe\/wp-content\/uploads\/Omas4Future-Zeitplan-300x245.jpg\" alt=\"\" width=\"300\" height=\"245\" srcset=\"https:\/\/www.radlobby.org\/noe\/wp-content\/uploads\/Omas4Future-Zeitplan-300x245.jpg 300w, https:\/\/www.radlobby.org\/noe\/wp-content\/uploads\/Omas4Future-Zeitplan.jpg 605w\" sizes=\"auto, (max-width: 300px) 100vw, 300px\" \/><\/a>F\u00fcr Details und den Zeitplan bitte die Fotos anklicken!<\/p>\n<p>&nbsp;<\/p>\n","protected":false},"excerpt":{"rendered":"<p>Die &#8220;Omas for Future&#8221; werden ab 13.Mai 2024 mit Forderungen f\u00fcr eine Mobilit\u00e4tswende von Leibnitz nach Wien (Parlament) radeln. Motto ist &#8220;Klingeln f\u00fcrs Klima&#8221;. F\u00fcr Demo und Kundgebung in Wien haben sich prominente Gastredner*innen angesagt!<\/p>\n","protected":false},"author":55,"featured_media":35356,"comment_status":"closed","ping_status":"closed","sticky":false,"template":"","format":"standard","meta":{"footnotes":""},"categories":[547,195,343,365,5,20,7],"tags":[],"class_list":["post-35355","post","type-post","status-publish","format-standard","has-post-thumbnail","hentry","category-badvoeslau","category-baden","category-ebreichsdorf","category-leithaebene","category-moedling","category-niederoesterreich","category-wiener-neustadt"],"yoast_head":"<!-- This site is optimized with the Yoast SEO plugin v26.9 - https:\/\/yoast.com\/product\/yoast-seo-wordpress\/ -->\n<title>13.-17.5.2024: &quot;Omas for Future&quot; radeln von Leibnitz nach Wien - Radlobby Nieder\u00f6sterreich<\/title>\n<meta name=\"robots\" content=\"index, follow, max-snippet:-1, max-image-preview:large, max-video-preview:-1\" \/>\n<link rel=\"canonical\" href=\"https:\/\/www.radlobby.org\/noe\/13-17-5-2024-omas-for-future-radeln-von-leibnitz-nach-wien\/\" \/>\n<meta property=\"og:locale\" content=\"de_DE\" \/>\n<meta property=\"og:type\" content=\"article\" \/>\n<meta property=\"og:title\" content=\"13.-17.5.2024: &quot;Omas for Future&quot; radeln von Leibnitz nach Wien - Radlobby Nieder\u00f6sterreich\" \/>\n<meta property=\"og:description\" content=\"Die &quot;Omas for Future&quot; werden ab 13.Mai 2024 mit Forderungen f\u00fcr eine Mobilit\u00e4tswende von Leibnitz nach Wien (Parlament) radeln. Motto ist &quot;Klingeln f\u00fcrs Klima&quot;. F\u00fcr Demo und Kundgebung in Wien haben sich prominente Gastredner*innen angesagt!\" \/>\n<meta property=\"og:url\" content=\"https:\/\/www.radlobby.org\/noe\/13-17-5-2024-omas-for-future-radeln-von-leibnitz-nach-wien\/\" \/>\n<meta property=\"og:site_name\" content=\"Radlobby Nieder\u00f6sterreich\" \/>\n<meta property=\"article:publisher\" content=\"https:\/\/www.facebook.com\/groups\/radfahren.in.noe\/\" \/>\n<meta property=\"article:published_time\" content=\"2024-05-08T13:01:32+00:00\" \/>\n<meta property=\"article:modified_time\" content=\"2024-05-08T13:07:01+00:00\" \/>\n<meta property=\"og:image\" content=\"https:\/\/www.radlobby.org\/noe\/wp-content\/uploads\/Omas4Future-Foto.jpg\" \/>\n\t<meta property=\"og:image:width\" content=\"2000\" \/>\n\t<meta property=\"og:image:height\" content=\"1333\" \/>\n\t<meta property=\"og:image:type\" content=\"image\/jpeg\" \/>\n<meta name=\"author\" content=\"Gerold Petritsch\" \/>\n<meta name=\"twitter:card\" content=\"summary_large_image\" \/>\n<meta name=\"twitter:label1\" content=\"Verfasst von\" \/>\n\t<meta name=\"twitter:data1\" content=\"Gerold Petritsch\" \/>\n\t<meta name=\"twitter:label2\" content=\"Gesch\u00e4tzte Lesezeit\" \/>\n\t<meta name=\"twitter:data2\" content=\"1\u00a0Minute\" \/>\n<script type=\"application\/ld+json\" class=\"yoast-schema-graph\">{\"@context\":\"https:\/\/schema.org\",\"@graph\":[{\"@type\":\"Article\",\"@id\":\"https:\/\/www.radlobby.org\/noe\/13-17-5-2024-omas-for-future-radeln-von-leibnitz-nach-wien\/#article\",\"isPartOf\":{\"@id\":\"https:\/\/www.radlobby.org\/noe\/13-17-5-2024-omas-for-future-radeln-von-leibnitz-nach-wien\/\"},\"author\":{\"name\":\"Gerold Petritsch\",\"@id\":\"https:\/\/www.radlobby.org\/noe\/#\/schema\/person\/6575d09b0e7b7970d5b81d0bab520c61\"},\"headline\":\"13.-17.5.2024: &#8220;Omas for Future&#8221; radeln von Leibnitz nach Wien\",\"datePublished\":\"2024-05-08T13:01:32+00:00\",\"dateModified\":\"2024-05-08T13:07:01+00:00\",\"mainEntityOfPage\":{\"@id\":\"https:\/\/www.radlobby.org\/noe\/13-17-5-2024-omas-for-future-radeln-von-leibnitz-nach-wien\/\"},\"wordCount\":83,\"publisher\":{\"@id\":\"https:\/\/www.radlobby.org\/noe\/#organization\"},\"image\":{\"@id\":\"https:\/\/www.radlobby.org\/noe\/13-17-5-2024-omas-for-future-radeln-von-leibnitz-nach-wien\/#primaryimage\"},\"thumbnailUrl\":\"https:\/\/www.radlobby.org\/noe\/wp-content\/uploads\/Omas4Future-Foto.jpg\",\"articleSection\":[\"Radlobby Bad V\u00f6slau\",\"Radlobby Baden\",\"Radlobby Ebreichsdorf\",\"Radlobby Leithaebene\",\"Radlobby M\u00f6dling\",\"Radlobby Nieder\u00f6sterreich\",\"Radlobby Wiener Neustadt\"],\"inLanguage\":\"de\"},{\"@type\":\"WebPage\",\"@id\":\"https:\/\/www.radlobby.org\/noe\/13-17-5-2024-omas-for-future-radeln-von-leibnitz-nach-wien\/\",\"url\":\"https:\/\/www.radlobby.org\/noe\/13-17-5-2024-omas-for-future-radeln-von-leibnitz-nach-wien\/\",\"name\":\"13.-17.5.2024: \\\"Omas for Future\\\" radeln von Leibnitz nach Wien - Radlobby Nieder\u00f6sterreich\",\"isPartOf\":{\"@id\":\"https:\/\/www.radlobby.org\/noe\/#website\"},\"primaryImageOfPage\":{\"@id\":\"https:\/\/www.radlobby.org\/noe\/13-17-5-2024-omas-for-future-radeln-von-leibnitz-nach-wien\/#primaryimage\"},\"image\":{\"@id\":\"https:\/\/www.radlobby.org\/noe\/13-17-5-2024-omas-for-future-radeln-von-leibnitz-nach-wien\/#primaryimage\"},\"thumbnailUrl\":\"https:\/\/www.radlobby.org\/noe\/wp-content\/uploads\/Omas4Future-Foto.jpg\",\"datePublished\":\"2024-05-08T13:01:32+00:00\",\"dateModified\":\"2024-05-08T13:07:01+00:00\",\"breadcrumb\":{\"@id\":\"https:\/\/www.radlobby.org\/noe\/13-17-5-2024-omas-for-future-radeln-von-leibnitz-nach-wien\/#breadcrumb\"},\"inLanguage\":\"de\",\"potentialAction\":[{\"@type\":\"ReadAction\",\"target\":[\"https:\/\/www.radlobby.org\/noe\/13-17-5-2024-omas-for-future-radeln-von-leibnitz-nach-wien\/\"]}]},{\"@type\":\"ImageObject\",\"inLanguage\":\"de\",\"@id\":\"https:\/\/www.radlobby.org\/noe\/13-17-5-2024-omas-for-future-radeln-von-leibnitz-nach-wien\/#primaryimage\",\"url\":\"https:\/\/www.radlobby.org\/noe\/wp-content\/uploads\/Omas4Future-Foto.jpg\",\"contentUrl\":\"https:\/\/www.radlobby.org\/noe\/wp-content\/uploads\/Omas4Future-Foto.jpg\",\"width\":2000,\"height\":1333,\"caption\":\"09.04.2024, AUT, Presseclub, Graz, OMAS FOR FUTURE - PK \\\"KLINGELN F\u00dcRS KLIMA\\\", im Bild: ; FOTOCREDIT: ERWIN SCHERIAU\"},{\"@type\":\"BreadcrumbList\",\"@id\":\"https:\/\/www.radlobby.org\/noe\/13-17-5-2024-omas-for-future-radeln-von-leibnitz-nach-wien\/#breadcrumb\",\"itemListElement\":[{\"@type\":\"ListItem\",\"position\":1,\"name\":\"Startseite\",\"item\":\"https:\/\/www.radlobby.org\/noe\/\"},{\"@type\":\"ListItem\",\"position\":2,\"name\":\"13.-17.5.2024: &#8220;Omas for Future&#8221; radeln von Leibnitz nach Wien\"}]},{\"@type\":\"WebSite\",\"@id\":\"https:\/\/www.radlobby.org\/noe\/#website\",\"url\":\"https:\/\/www.radlobby.org\/noe\/\",\"name\":\"Radlobby Nieder\u00f6sterreich\",\"description\":\"Radverkehr, Fahrrad, Radfahren, Radreisen, Radtouren, Radweg\",\"publisher\":{\"@id\":\"https:\/\/www.radlobby.org\/noe\/#organization\"},\"potentialAction\":[{\"@type\":\"SearchAction\",\"target\":{\"@type\":\"EntryPoint\",\"urlTemplate\":\"https:\/\/www.radlobby.org\/noe\/?s={search_term_string}\"},\"query-input\":{\"@type\":\"PropertyValueSpecification\",\"valueRequired\":true,\"valueName\":\"search_term_string\"}}],\"inLanguage\":\"de\"},{\"@type\":\"Organization\",\"@id\":\"https:\/\/www.radlobby.org\/noe\/#organization\",\"name\":\"Radlobby Nieder\u00f6sterreich\",\"url\":\"https:\/\/www.radlobby.org\/noe\/\",\"logo\":{\"@type\":\"ImageObject\",\"inLanguage\":\"de\",\"@id\":\"https:\/\/www.radlobby.org\/noe\/#\/schema\/logo\/image\/\",\"url\":\"https:\/\/www.radlobby.org\/noe\/wp-content\/uploads\/2017\/01\/cropped-Logo_Radlobby_Niederoesterreich_50-400px_quer-1.jpg\",\"contentUrl\":\"https:\/\/www.radlobby.org\/noe\/wp-content\/uploads\/2017\/01\/cropped-Logo_Radlobby_Niederoesterreich_50-400px_quer-1.jpg\",\"width\":450,\"height\":124,\"caption\":\"Radlobby Nieder\u00f6sterreich\"},\"image\":{\"@id\":\"https:\/\/www.radlobby.org\/noe\/#\/schema\/logo\/image\/\"},\"sameAs\":[\"https:\/\/www.facebook.com\/groups\/radfahren.in.noe\/\"]},{\"@type\":\"Person\",\"@id\":\"https:\/\/www.radlobby.org\/noe\/#\/schema\/person\/6575d09b0e7b7970d5b81d0bab520c61\",\"name\":\"Gerold Petritsch\",\"image\":{\"@type\":\"ImageObject\",\"inLanguage\":\"de\",\"@id\":\"https:\/\/www.radlobby.org\/noe\/#\/schema\/person\/image\/\",\"url\":\"https:\/\/secure.gravatar.com\/avatar\/9dc36f4c91f9894712dd7fdc25d6d6bc3448cf31a66187da4b2a4081af93013d?s=96&d=mm&r=g\",\"contentUrl\":\"https:\/\/secure.gravatar.com\/avatar\/9dc36f4c91f9894712dd7fdc25d6d6bc3448cf31a66187da4b2a4081af93013d?s=96&d=mm&r=g\",\"caption\":\"Gerold Petritsch\"},\"url\":\"https:\/\/www.radlobby.org\/noe\/author\/gerold-petritsch\/\"}]}<\/script>\n<!-- \/ Yoast SEO plugin. -->","yoast_head_json":{"title":"13.-17.5.2024: \"Omas for Future\" radeln von Leibnitz nach Wien - Radlobby Nieder\u00f6sterreich","robots":{"index":"index","follow":"follow","max-snippet":"max-snippet:-1","max-image-preview":"max-image-preview:large","max-video-preview":"max-video-preview:-1"},"canonical":"https:\/\/www.radlobby.org\/noe\/13-17-5-2024-omas-for-future-radeln-von-leibnitz-nach-wien\/","og_locale":"de_DE","og_type":"article","og_title":"13.-17.5.2024: \"Omas for Future\" radeln von Leibnitz nach Wien - Radlobby Nieder\u00f6sterreich","og_description":"Die \"Omas for Future\" werden ab 13.Mai 2024 mit Forderungen f\u00fcr eine Mobilit\u00e4tswende von Leibnitz nach Wien (Parlament) radeln. Motto ist \"Klingeln f\u00fcrs Klima\". F\u00fcr Demo und Kundgebung in Wien haben sich prominente Gastredner*innen angesagt!","og_url":"https:\/\/www.radlobby.org\/noe\/13-17-5-2024-omas-for-future-radeln-von-leibnitz-nach-wien\/","og_site_name":"Radlobby Nieder\u00f6sterreich","article_publisher":"https:\/\/www.facebook.com\/groups\/radfahren.in.noe\/","article_published_time":"2024-05-08T13:01:32+00:00","article_modified_time":"2024-05-08T13:07:01+00:00","og_image":[{"width":2000,"height":1333,"url":"https:\/\/www.radlobby.org\/noe\/wp-content\/uploads\/Omas4Future-Foto.jpg","type":"image\/jpeg"}],"author":"Gerold Petritsch","twitter_card":"summary_large_image","twitter_misc":{"Verfasst von":"Gerold Petritsch","Gesch\u00e4tzte Lesezeit":"1\u00a0Minute"},"schema":{"@context":"https:\/\/schema.org","@graph":[{"@type":"Article","@id":"https:\/\/www.radlobby.org\/noe\/13-17-5-2024-omas-for-future-radeln-von-leibnitz-nach-wien\/#article","isPartOf":{"@id":"https:\/\/www.radlobby.org\/noe\/13-17-5-2024-omas-for-future-radeln-von-leibnitz-nach-wien\/"},"author":{"name":"Gerold Petritsch","@id":"https:\/\/www.radlobby.org\/noe\/#\/schema\/person\/6575d09b0e7b7970d5b81d0bab520c61"},"headline":"13.-17.5.2024: &#8220;Omas for Future&#8221; radeln von Leibnitz nach Wien","datePublished":"2024-05-08T13:01:32+00:00","dateModified":"2024-05-08T13:07:01+00:00","mainEntityOfPage":{"@id":"https:\/\/www.radlobby.org\/noe\/13-17-5-2024-omas-for-future-radeln-von-leibnitz-nach-wien\/"},"wordCount":83,"publisher":{"@id":"https:\/\/www.radlobby.org\/noe\/#organization"},"image":{"@id":"https:\/\/www.radlobby.org\/noe\/13-17-5-2024-omas-for-future-radeln-von-leibnitz-nach-wien\/#primaryimage"},"thumbnailUrl":"https:\/\/www.radlobby.org\/noe\/wp-content\/uploads\/Omas4Future-Foto.jpg","articleSection":["Radlobby Bad V\u00f6slau","Radlobby Baden","Radlobby Ebreichsdorf","Radlobby Leithaebene","Radlobby M\u00f6dling","Radlobby Nieder\u00f6sterreich","Radlobby Wiener Neustadt"],"inLanguage":"de"},{"@type":"WebPage","@id":"https:\/\/www.radlobby.org\/noe\/13-17-5-2024-omas-for-future-radeln-von-leibnitz-nach-wien\/","url":"https:\/\/www.radlobby.org\/noe\/13-17-5-2024-omas-for-future-radeln-von-leibnitz-nach-wien\/","name":"13.-17.5.2024: \"Omas for Future\" radeln von Leibnitz nach Wien - Radlobby Nieder\u00f6sterreich","isPartOf":{"@id":"https:\/\/www.radlobby.org\/noe\/#website"},"primaryImageOfPage":{"@id":"https:\/\/www.radlobby.org\/noe\/13-17-5-2024-omas-for-future-radeln-von-leibnitz-nach-wien\/#primaryimage"},"image":{"@id":"https:\/\/www.radlobby.org\/noe\/13-17-5-2024-omas-for-future-radeln-von-leibnitz-nach-wien\/#primaryimage"},"thumbnailUrl":"https:\/\/www.radlobby.org\/noe\/wp-content\/uploads\/Omas4Future-Foto.jpg","datePublished":"2024-05-08T13:01:32+00:00","dateModified":"2024-05-08T13:07:01+00:00","breadcrumb":{"@id":"https:\/\/www.radlobby.org\/noe\/13-17-5-2024-omas-for-future-radeln-von-leibnitz-nach-wien\/#breadcrumb"},"inLanguage":"de","potentialAction":[{"@type":"ReadAction","target":["https:\/\/www.radlobby.org\/noe\/13-17-5-2024-omas-for-future-radeln-von-leibnitz-nach-wien\/"]}]},{"@type":"ImageObject","inLanguage":"de","@id":"https:\/\/www.radlobby.org\/noe\/13-17-5-2024-omas-for-future-radeln-von-leibnitz-nach-wien\/#primaryimage","url":"https:\/\/www.radlobby.org\/noe\/wp-content\/uploads\/Omas4Future-Foto.jpg","contentUrl":"https:\/\/www.radlobby.org\/noe\/wp-content\/uploads\/Omas4Future-Foto.jpg","width":2000,"height":1333,"caption":"09.04.2024, AUT, Presseclub, Graz, OMAS FOR FUTURE - PK \"KLINGELN F\u00dcRS KLIMA\", im Bild: ; FOTOCREDIT: ERWIN SCHERIAU"},{"@type":"BreadcrumbList","@id":"https:\/\/www.radlobby.org\/noe\/13-17-5-2024-omas-for-future-radeln-von-leibnitz-nach-wien\/#breadcrumb","itemListElement":[{"@type":"ListItem","position":1,"name":"Startseite","item":"https:\/\/www.radlobby.org\/noe\/"},{"@type":"ListItem","position":2,"name":"13.-17.5.2024: &#8220;Omas for Future&#8221; radeln von Leibnitz nach Wien"}]},{"@type":"WebSite","@id":"https:\/\/www.radlobby.org\/noe\/#website","url":"https:\/\/www.radlobby.org\/noe\/","name":"Radlobby Nieder\u00f6sterreich","description":"Radverkehr, Fahrrad, Radfahren, Radreisen, Radtouren, Radweg","publisher":{"@id":"https:\/\/www.radlobby.org\/noe\/#organization"},"potentialAction":[{"@type":"SearchAction","target":{"@type":"EntryPoint","urlTemplate":"https:\/\/www.radlobby.org\/noe\/?s={search_term_string}"},"query-input":{"@type":"PropertyValueSpecification","valueRequired":true,"valueName":"search_term_string"}}],"inLanguage":"de"},{"@type":"Organization","@id":"https:\/\/www.radlobby.org\/noe\/#organization","name":"Radlobby Nieder\u00f6sterreich","url":"https:\/\/www.radlobby.org\/noe\/","logo":{"@type":"ImageObject","inLanguage":"de","@id":"https:\/\/www.radlobby.org\/noe\/#\/schema\/logo\/image\/","url":"https:\/\/www.radlobby.org\/noe\/wp-content\/uploads\/2017\/01\/cropped-Logo_Radlobby_Niederoesterreich_50-400px_quer-1.jpg","contentUrl":"https:\/\/www.radlobby.org\/noe\/wp-content\/uploads\/2017\/01\/cropped-Logo_Radlobby_Niederoesterreich_50-400px_quer-1.jpg","width":450,"height":124,"caption":"Radlobby Nieder\u00f6sterreich"},"image":{"@id":"https:\/\/www.radlobby.org\/noe\/#\/schema\/logo\/image\/"},"sameAs":["https:\/\/www.facebook.com\/groups\/radfahren.in.noe\/"]},{"@type":"Person","@id":"https:\/\/www.radlobby.org\/noe\/#\/schema\/person\/6575d09b0e7b7970d5b81d0bab520c61","name":"Gerold Petritsch","image":{"@type":"ImageObject","inLanguage":"de","@id":"https:\/\/www.radlobby.org\/noe\/#\/schema\/person\/image\/","url":"https:\/\/secure.gravatar.com\/avatar\/9dc36f4c91f9894712dd7fdc25d6d6bc3448cf31a66187da4b2a4081af93013d?s=96&d=mm&r=g","contentUrl":"https:\/\/secure.gravatar.com\/avatar\/9dc36f4c91f9894712dd7fdc25d6d6bc3448cf31a66187da4b2a4081af93013d?s=96&d=mm&r=g","caption":"Gerold Petritsch"},"url":"https:\/\/www.radlobby.org\/noe\/author\/gerold-petritsch\/"}]}},"_links":{"self":[{"href":"https:\/\/www.radlobby.org\/noe\/wp-json\/wp\/v2\/posts\/35355","targetHints":{"allow":["GET"]}}],"collection":[{"href":"https:\/\/www.radlobby.org\/noe\/wp-json\/wp\/v2\/posts"}],"about":[{"href":"https:\/\/www.radlobby.org\/noe\/wp-json\/wp\/v2\/types\/post"}],"author":[{"embeddable":true,"href":"https:\/\/www.radlobby.org\/noe\/wp-json\/wp\/v2\/users\/55"}],"replies":[{"embeddable":true,"href":"https:\/\/www.radlobby.org\/noe\/wp-json\/wp\/v2\/comments?post=35355"}],"version-history":[{"count":4,"href":"https:\/\/www.radlobby.org\/noe\/wp-json\/wp\/v2\/posts\/35355\/revisions"}],"predecessor-version":[{"id":35362,"href":"https:\/\/www.radlobby.org\/noe\/wp-json\/wp\/v2\/posts\/35355\/revisions\/35362"}],"wp:featuredmedia":[{"embeddable":true,"href":"https:\/\/www.radlobby.org\/noe\/wp-json\/wp\/v2\/media\/35356"}],"wp:attachment":[{"href":"https:\/\/www.radlobby.org\/noe\/wp-json\/wp\/v2\/media?parent=35355"}],"wp:term":[{"taxonomy":"category","embeddable":true,"href":"https:\/\/www.radlobby.org\/noe\/wp-json\/wp\/v2\/categories?post=35355"},{"taxonomy":"post_tag","embeddable":true,"href":"https:\/\/www.radlobby.org\/noe\/wp-json\/wp\/v2\/tags?post=35355"}],"curies":[{"name":"wp","href":"https:\/\/api.w.org\/{rel}","templated":true}]}}