{"id":34972,"date":"2024-04-21T21:47:30","date_gmt":"2024-04-21T19:47:30","guid":{"rendered":"https:\/\/www.radlobby.org\/noe\/?p=34972"},"modified":"2024-04-21T22:12:02","modified_gmt":"2024-04-21T20:12:02","slug":"kidical-mass-amstetten-2024","status":"publish","type":"post","link":"https:\/\/www.radlobby.org\/noe\/kidical-mass-amstetten-2024\/","title":{"rendered":"2. Kidical Mass in Amstetten"},"content":{"rendered":"<h4>Kidical Mass &#8211; Kinder und Erwachsene treten f\u00fcr sichere Radwege in die Pedale<\/h4>\n<p>Am Samstag, den 4. Mai 2024, findet die 2. Kidical Mass (Kinder-Radparade) in Amstetten statt. Im Mittelpunkt stehen bei dieser Radparade Kinder und eine kindgerechte Mobilit\u00e4t. Treffpunkt ist um 15:15 Uhr beim Verkehrserziehungspark in der Jahnstra\u00dfe.<\/p>\n<p><a href=\"https:\/\/www.radlobby.org\/noe\/wp-content\/uploads\/kidical_mass_Amstetten_2023_Bahnhof_OeBB.jpg\" data-src=\"https:\/\/www.radlobby.org\/noe\/wp-content\/uploads\/kidical_mass_Amstetten_2023_Bahnhof_OeBB.jpg\" data-thumb=\"https:\/\/www.radlobby.org\/noe\/wp-content\/uploads\/kidical_mass_Amstetten_2023_Bahnhof_OeBB-300x200.jpg\" class=\"ml-lightbox-enabled\"><img loading=\"lazy\" decoding=\"async\" class=\"alignright wp-image-34974 size-medium\" src=\"https:\/\/www.radlobby.org\/noe\/wp-content\/uploads\/kidical_mass_Amstetten_2023_Bahnhof_OeBB-300x200.jpg\" alt=\"\" width=\"300\" height=\"200\" srcset=\"https:\/\/www.radlobby.org\/noe\/wp-content\/uploads\/kidical_mass_Amstetten_2023_Bahnhof_OeBB-300x200.jpg 300w, https:\/\/www.radlobby.org\/noe\/wp-content\/uploads\/kidical_mass_Amstetten_2023_Bahnhof_OeBB-768x512.jpg 768w, https:\/\/www.radlobby.org\/noe\/wp-content\/uploads\/kidical_mass_Amstetten_2023_Bahnhof_OeBB.jpg 1433w\" sizes=\"auto, (max-width: 300px) 100vw, 300px\" \/><\/a><\/p>\n<p>Eine sichere Radinfrastruktur und die Entschleunigung des motorisierten Individualverkehrs sind Voraussetzungen f\u00fcr ein sicheres Fortbewegen und Freude an der Bewegung. Radfahren ist gesund und klimaschonend und daher die Mobilit\u00e4tsform der Zukunft. Die Kidical Mass macht im Besonderen auf die Bed\u00fcrfnisse von Kindern im Stra\u00dfenverkehr aufmerksam &#8211; mit viel Freude, Spa\u00df und Musik werden dabei die Stra\u00dfen erobert.<\/p>\n<p>Bei der rund 5 Kilometer langen Fahrradparade, die vom Verkehrserziehungspark in das Schulviertel und zur\u00fcck f\u00fchrt, sichert die Polizei die Wege. Mitmachen k\u00f6nnen alle Kinder, Eltern, Gro\u00dfeltern, Verwandte und Freund:innen. F\u00fcr alle teilnehmenden Kinder &#8211; egal ob mit dem eigenen Fahrrad, Laufrad, Tretroller, auf einem Kindersitz oder am Lastenrad mitfahrend &#8211; gibt es am Ende ein Eis. Gerne d\u00fcrfen die Kinder w\u00e4hrend der Fahrt durch Klingeln, Hupen und Tr\u00f6ten auf sich aufmerksam machen.<\/p>\n<p>Die Ortsgruppe Amstetten der Radlobby Amstetten N\u00d6 (&#8220;Radlobby Amstetten&#8221;) setzt sich f\u00fcr bessere Bedingungen der aktiven Mobilit\u00e4t in der Region ein. Monatlich findet ein Treffen zum Austausch zu Mobilit\u00e4tsthemen und zur Planung gemeinsamer Radausfl\u00fcge und weiterer Veranstaltungen statt.<\/p>\n<p><a href=\"https:\/\/www.radlobby.org\/noe\/wp-content\/uploads\/kidical-mass_flyer.jpg\" data-src=\"https:\/\/www.radlobby.org\/noe\/wp-content\/uploads\/kidical-mass_flyer.jpg\" data-thumb=\"https:\/\/www.radlobby.org\/noe\/wp-content\/uploads\/kidical-mass_flyer-212x300.jpg\" class=\"ml-lightbox-enabled\"><img loading=\"lazy\" decoding=\"async\" class=\"alignnone wp-image-34981 size-medium\" src=\"https:\/\/www.radlobby.org\/noe\/wp-content\/uploads\/kidical-mass_flyer-212x300.jpg\" alt=\"\" width=\"212\" height=\"300\" srcset=\"https:\/\/www.radlobby.org\/noe\/wp-content\/uploads\/kidical-mass_flyer-212x300.jpg 212w, https:\/\/www.radlobby.org\/noe\/wp-content\/uploads\/kidical-mass_flyer-768x1085.jpg 768w, https:\/\/www.radlobby.org\/noe\/wp-content\/uploads\/kidical-mass_flyer.jpg 785w\" sizes=\"auto, (max-width: 212px) 100vw, 212px\" \/><\/a> <a href=\"https:\/\/www.radlobby.org\/noe\/wp-content\/uploads\/kidical-mass-flyer_Amstetten_zweite-Seite.jpg\" data-src=\"https:\/\/www.radlobby.org\/noe\/wp-content\/uploads\/kidical-mass-flyer_Amstetten_zweite-Seite.jpg\" data-thumb=\"https:\/\/www.radlobby.org\/noe\/wp-content\/uploads\/kidical-mass-flyer_Amstetten_zweite-Seite-211x300.jpg\" class=\"ml-lightbox-enabled\"><img loading=\"lazy\" decoding=\"async\" class=\"alignnone wp-image-34982 size-medium\" src=\"https:\/\/www.radlobby.org\/noe\/wp-content\/uploads\/kidical-mass-flyer_Amstetten_zweite-Seite-211x300.jpg\" alt=\"\" width=\"211\" height=\"300\" srcset=\"https:\/\/www.radlobby.org\/noe\/wp-content\/uploads\/kidical-mass-flyer_Amstetten_zweite-Seite-211x300.jpg 211w, https:\/\/www.radlobby.org\/noe\/wp-content\/uploads\/kidical-mass-flyer_Amstetten_zweite-Seite-768x1092.jpg 768w, https:\/\/www.radlobby.org\/noe\/wp-content\/uploads\/kidical-mass-flyer_Amstetten_zweite-Seite.jpg 779w\" sizes=\"auto, (max-width: 211px) 100vw, 211px\" \/><\/a><\/p>\n","protected":false},"excerpt":{"rendered":"<p>Kidical Mass &#8211; Kinder und Erwachsene treten f\u00fcr sichere Radwege in die Pedale Am Samstag, den 4. Mai 2024, findet die 2. Kidical Mass (Kinder-Radparade) in Amstetten statt. Im Mittelpunkt stehen bei dieser Radparade Kinder und eine kindgerechte Mobilit\u00e4t. Treffpunkt<\/p>\n","protected":false},"author":85,"featured_media":34981,"comment_status":"closed","ping_status":"closed","sticky":false,"template":"","format":"standard","meta":{"footnotes":""},"categories":[579],"tags":[],"class_list":["post-34972","post","type-post","status-publish","format-standard","has-post-thumbnail","hentry","category-amstetten"],"yoast_head":"<!-- This site is optimized with the Yoast SEO plugin v26.9 - https:\/\/yoast.com\/product\/yoast-seo-wordpress\/ -->\n<title>2. Kidical Mass in Amstetten - Radlobby Nieder\u00f6sterreich<\/title>\n<meta name=\"robots\" content=\"index, follow, max-snippet:-1, max-image-preview:large, max-video-preview:-1\" \/>\n<link rel=\"canonical\" href=\"https:\/\/www.radlobby.org\/noe\/kidical-mass-amstetten-2024\/\" \/>\n<meta property=\"og:locale\" content=\"de_DE\" \/>\n<meta property=\"og:type\" content=\"article\" \/>\n<meta property=\"og:title\" content=\"2. Kidical Mass in Amstetten - Radlobby Nieder\u00f6sterreich\" \/>\n<meta property=\"og:description\" content=\"Kidical Mass &#8211; Kinder und Erwachsene treten f\u00fcr sichere Radwege in die Pedale Am Samstag, den 4. Mai 2024, findet die 2. Kidical Mass (Kinder-Radparade) in Amstetten statt. Im Mittelpunkt stehen bei dieser Radparade Kinder und eine kindgerechte Mobilit\u00e4t. Treffpunkt\" \/>\n<meta property=\"og:url\" content=\"https:\/\/www.radlobby.org\/noe\/kidical-mass-amstetten-2024\/\" \/>\n<meta property=\"og:site_name\" content=\"Radlobby Nieder\u00f6sterreich\" \/>\n<meta property=\"article:publisher\" content=\"https:\/\/www.facebook.com\/groups\/radfahren.in.noe\/\" \/>\n<meta property=\"article:published_time\" content=\"2024-04-21T19:47:30+00:00\" \/>\n<meta property=\"article:modified_time\" content=\"2024-04-21T20:12:02+00:00\" \/>\n<meta property=\"og:image\" content=\"https:\/\/www.radlobby.org\/noe\/wp-content\/uploads\/kidical-mass_flyer.jpg\" \/>\n\t<meta property=\"og:image:width\" content=\"785\" \/>\n\t<meta property=\"og:image:height\" content=\"1109\" \/>\n\t<meta property=\"og:image:type\" content=\"image\/jpeg\" \/>\n<meta name=\"author\" content=\"Patrick Haslinger\" \/>\n<meta name=\"twitter:card\" content=\"summary_large_image\" \/>\n<meta name=\"twitter:label1\" content=\"Verfasst von\" \/>\n\t<meta name=\"twitter:data1\" content=\"Patrick Haslinger\" \/>\n\t<meta name=\"twitter:label2\" content=\"Gesch\u00e4tzte Lesezeit\" \/>\n\t<meta name=\"twitter:data2\" content=\"2\u00a0Minuten\" \/>\n<script type=\"application\/ld+json\" class=\"yoast-schema-graph\">{\"@context\":\"https:\/\/schema.org\",\"@graph\":[{\"@type\":\"Article\",\"@id\":\"https:\/\/www.radlobby.org\/noe\/kidical-mass-amstetten-2024\/#article\",\"isPartOf\":{\"@id\":\"https:\/\/www.radlobby.org\/noe\/kidical-mass-amstetten-2024\/\"},\"author\":{\"name\":\"Patrick Haslinger\",\"@id\":\"https:\/\/www.radlobby.org\/noe\/#\/schema\/person\/afe0233b9fb4bb6eaceaa46c6751785c\"},\"headline\":\"2. Kidical Mass in Amstetten\",\"datePublished\":\"2024-04-21T19:47:30+00:00\",\"dateModified\":\"2024-04-21T20:12:02+00:00\",\"mainEntityOfPage\":{\"@id\":\"https:\/\/www.radlobby.org\/noe\/kidical-mass-amstetten-2024\/\"},\"wordCount\":237,\"publisher\":{\"@id\":\"https:\/\/www.radlobby.org\/noe\/#organization\"},\"image\":{\"@id\":\"https:\/\/www.radlobby.org\/noe\/kidical-mass-amstetten-2024\/#primaryimage\"},\"thumbnailUrl\":\"https:\/\/www.radlobby.org\/noe\/wp-content\/uploads\/kidical-mass_flyer.jpg\",\"articleSection\":[\"Radlobby Amstetten\"],\"inLanguage\":\"de\"},{\"@type\":\"WebPage\",\"@id\":\"https:\/\/www.radlobby.org\/noe\/kidical-mass-amstetten-2024\/\",\"url\":\"https:\/\/www.radlobby.org\/noe\/kidical-mass-amstetten-2024\/\",\"name\":\"2. Kidical Mass in Amstetten - Radlobby Nieder\u00f6sterreich\",\"isPartOf\":{\"@id\":\"https:\/\/www.radlobby.org\/noe\/#website\"},\"primaryImageOfPage\":{\"@id\":\"https:\/\/www.radlobby.org\/noe\/kidical-mass-amstetten-2024\/#primaryimage\"},\"image\":{\"@id\":\"https:\/\/www.radlobby.org\/noe\/kidical-mass-amstetten-2024\/#primaryimage\"},\"thumbnailUrl\":\"https:\/\/www.radlobby.org\/noe\/wp-content\/uploads\/kidical-mass_flyer.jpg\",\"datePublished\":\"2024-04-21T19:47:30+00:00\",\"dateModified\":\"2024-04-21T20:12:02+00:00\",\"breadcrumb\":{\"@id\":\"https:\/\/www.radlobby.org\/noe\/kidical-mass-amstetten-2024\/#breadcrumb\"},\"inLanguage\":\"de\",\"potentialAction\":[{\"@type\":\"ReadAction\",\"target\":[\"https:\/\/www.radlobby.org\/noe\/kidical-mass-amstetten-2024\/\"]}]},{\"@type\":\"ImageObject\",\"inLanguage\":\"de\",\"@id\":\"https:\/\/www.radlobby.org\/noe\/kidical-mass-amstetten-2024\/#primaryimage\",\"url\":\"https:\/\/www.radlobby.org\/noe\/wp-content\/uploads\/kidical-mass_flyer.jpg\",\"contentUrl\":\"https:\/\/www.radlobby.org\/noe\/wp-content\/uploads\/kidical-mass_flyer.jpg\",\"width\":785,\"height\":1109},{\"@type\":\"BreadcrumbList\",\"@id\":\"https:\/\/www.radlobby.org\/noe\/kidical-mass-amstetten-2024\/#breadcrumb\",\"itemListElement\":[{\"@type\":\"ListItem\",\"position\":1,\"name\":\"Startseite\",\"item\":\"https:\/\/www.radlobby.org\/noe\/\"},{\"@type\":\"ListItem\",\"position\":2,\"name\":\"2. Kidical Mass in Amstetten\"}]},{\"@type\":\"WebSite\",\"@id\":\"https:\/\/www.radlobby.org\/noe\/#website\",\"url\":\"https:\/\/www.radlobby.org\/noe\/\",\"name\":\"Radlobby Nieder\u00f6sterreich\",\"description\":\"Radverkehr, Fahrrad, Radfahren, Radreisen, Radtouren, Radweg\",\"publisher\":{\"@id\":\"https:\/\/www.radlobby.org\/noe\/#organization\"},\"potentialAction\":[{\"@type\":\"SearchAction\",\"target\":{\"@type\":\"EntryPoint\",\"urlTemplate\":\"https:\/\/www.radlobby.org\/noe\/?s={search_term_string}\"},\"query-input\":{\"@type\":\"PropertyValueSpecification\",\"valueRequired\":true,\"valueName\":\"search_term_string\"}}],\"inLanguage\":\"de\"},{\"@type\":\"Organization\",\"@id\":\"https:\/\/www.radlobby.org\/noe\/#organization\",\"name\":\"Radlobby Nieder\u00f6sterreich\",\"url\":\"https:\/\/www.radlobby.org\/noe\/\",\"logo\":{\"@type\":\"ImageObject\",\"inLanguage\":\"de\",\"@id\":\"https:\/\/www.radlobby.org\/noe\/#\/schema\/logo\/image\/\",\"url\":\"https:\/\/www.radlobby.org\/noe\/wp-content\/uploads\/2017\/01\/cropped-Logo_Radlobby_Niederoesterreich_50-400px_quer-1.jpg\",\"contentUrl\":\"https:\/\/www.radlobby.org\/noe\/wp-content\/uploads\/2017\/01\/cropped-Logo_Radlobby_Niederoesterreich_50-400px_quer-1.jpg\",\"width\":450,\"height\":124,\"caption\":\"Radlobby Nieder\u00f6sterreich\"},\"image\":{\"@id\":\"https:\/\/www.radlobby.org\/noe\/#\/schema\/logo\/image\/\"},\"sameAs\":[\"https:\/\/www.facebook.com\/groups\/radfahren.in.noe\/\"]},{\"@type\":\"Person\",\"@id\":\"https:\/\/www.radlobby.org\/noe\/#\/schema\/person\/afe0233b9fb4bb6eaceaa46c6751785c\",\"name\":\"Patrick Haslinger\",\"image\":{\"@type\":\"ImageObject\",\"inLanguage\":\"de\",\"@id\":\"https:\/\/www.radlobby.org\/noe\/#\/schema\/person\/image\/\",\"url\":\"https:\/\/secure.gravatar.com\/avatar\/e4e98524259135452c397dd1b66d0b10e5e5e96b0b2426c95f00c17c53897790?s=96&d=mm&r=g\",\"contentUrl\":\"https:\/\/secure.gravatar.com\/avatar\/e4e98524259135452c397dd1b66d0b10e5e5e96b0b2426c95f00c17c53897790?s=96&d=mm&r=g\",\"caption\":\"Patrick Haslinger\"},\"url\":\"https:\/\/www.radlobby.org\/noe\/author\/patrick-haslinger\/\"}]}<\/script>\n<!-- \/ Yoast SEO plugin. -->","yoast_head_json":{"title":"2. Kidical Mass in Amstetten - Radlobby Nieder\u00f6sterreich","robots":{"index":"index","follow":"follow","max-snippet":"max-snippet:-1","max-image-preview":"max-image-preview:large","max-video-preview":"max-video-preview:-1"},"canonical":"https:\/\/www.radlobby.org\/noe\/kidical-mass-amstetten-2024\/","og_locale":"de_DE","og_type":"article","og_title":"2. Kidical Mass in Amstetten - Radlobby Nieder\u00f6sterreich","og_description":"Kidical Mass &#8211; Kinder und Erwachsene treten f\u00fcr sichere Radwege in die Pedale Am Samstag, den 4. Mai 2024, findet die 2. Kidical Mass (Kinder-Radparade) in Amstetten statt. Im Mittelpunkt stehen bei dieser Radparade Kinder und eine kindgerechte Mobilit\u00e4t. Treffpunkt","og_url":"https:\/\/www.radlobby.org\/noe\/kidical-mass-amstetten-2024\/","og_site_name":"Radlobby Nieder\u00f6sterreich","article_publisher":"https:\/\/www.facebook.com\/groups\/radfahren.in.noe\/","article_published_time":"2024-04-21T19:47:30+00:00","article_modified_time":"2024-04-21T20:12:02+00:00","og_image":[{"width":785,"height":1109,"url":"https:\/\/www.radlobby.org\/noe\/wp-content\/uploads\/kidical-mass_flyer.jpg","type":"image\/jpeg"}],"author":"Patrick Haslinger","twitter_card":"summary_large_image","twitter_misc":{"Verfasst von":"Patrick Haslinger","Gesch\u00e4tzte Lesezeit":"2\u00a0Minuten"},"schema":{"@context":"https:\/\/schema.org","@graph":[{"@type":"Article","@id":"https:\/\/www.radlobby.org\/noe\/kidical-mass-amstetten-2024\/#article","isPartOf":{"@id":"https:\/\/www.radlobby.org\/noe\/kidical-mass-amstetten-2024\/"},"author":{"name":"Patrick Haslinger","@id":"https:\/\/www.radlobby.org\/noe\/#\/schema\/person\/afe0233b9fb4bb6eaceaa46c6751785c"},"headline":"2. Kidical Mass in Amstetten","datePublished":"2024-04-21T19:47:30+00:00","dateModified":"2024-04-21T20:12:02+00:00","mainEntityOfPage":{"@id":"https:\/\/www.radlobby.org\/noe\/kidical-mass-amstetten-2024\/"},"wordCount":237,"publisher":{"@id":"https:\/\/www.radlobby.org\/noe\/#organization"},"image":{"@id":"https:\/\/www.radlobby.org\/noe\/kidical-mass-amstetten-2024\/#primaryimage"},"thumbnailUrl":"https:\/\/www.radlobby.org\/noe\/wp-content\/uploads\/kidical-mass_flyer.jpg","articleSection":["Radlobby Amstetten"],"inLanguage":"de"},{"@type":"WebPage","@id":"https:\/\/www.radlobby.org\/noe\/kidical-mass-amstetten-2024\/","url":"https:\/\/www.radlobby.org\/noe\/kidical-mass-amstetten-2024\/","name":"2. Kidical Mass in Amstetten - Radlobby Nieder\u00f6sterreich","isPartOf":{"@id":"https:\/\/www.radlobby.org\/noe\/#website"},"primaryImageOfPage":{"@id":"https:\/\/www.radlobby.org\/noe\/kidical-mass-amstetten-2024\/#primaryimage"},"image":{"@id":"https:\/\/www.radlobby.org\/noe\/kidical-mass-amstetten-2024\/#primaryimage"},"thumbnailUrl":"https:\/\/www.radlobby.org\/noe\/wp-content\/uploads\/kidical-mass_flyer.jpg","datePublished":"2024-04-21T19:47:30+00:00","dateModified":"2024-04-21T20:12:02+00:00","breadcrumb":{"@id":"https:\/\/www.radlobby.org\/noe\/kidical-mass-amstetten-2024\/#breadcrumb"},"inLanguage":"de","potentialAction":[{"@type":"ReadAction","target":["https:\/\/www.radlobby.org\/noe\/kidical-mass-amstetten-2024\/"]}]},{"@type":"ImageObject","inLanguage":"de","@id":"https:\/\/www.radlobby.org\/noe\/kidical-mass-amstetten-2024\/#primaryimage","url":"https:\/\/www.radlobby.org\/noe\/wp-content\/uploads\/kidical-mass_flyer.jpg","contentUrl":"https:\/\/www.radlobby.org\/noe\/wp-content\/uploads\/kidical-mass_flyer.jpg","width":785,"height":1109},{"@type":"BreadcrumbList","@id":"https:\/\/www.radlobby.org\/noe\/kidical-mass-amstetten-2024\/#breadcrumb","itemListElement":[{"@type":"ListItem","position":1,"name":"Startseite","item":"https:\/\/www.radlobby.org\/noe\/"},{"@type":"ListItem","position":2,"name":"2. Kidical Mass in Amstetten"}]},{"@type":"WebSite","@id":"https:\/\/www.radlobby.org\/noe\/#website","url":"https:\/\/www.radlobby.org\/noe\/","name":"Radlobby Nieder\u00f6sterreich","description":"Radverkehr, Fahrrad, Radfahren, Radreisen, Radtouren, Radweg","publisher":{"@id":"https:\/\/www.radlobby.org\/noe\/#organization"},"potentialAction":[{"@type":"SearchAction","target":{"@type":"EntryPoint","urlTemplate":"https:\/\/www.radlobby.org\/noe\/?s={search_term_string}"},"query-input":{"@type":"PropertyValueSpecification","valueRequired":true,"valueName":"search_term_string"}}],"inLanguage":"de"},{"@type":"Organization","@id":"https:\/\/www.radlobby.org\/noe\/#organization","name":"Radlobby Nieder\u00f6sterreich","url":"https:\/\/www.radlobby.org\/noe\/","logo":{"@type":"ImageObject","inLanguage":"de","@id":"https:\/\/www.radlobby.org\/noe\/#\/schema\/logo\/image\/","url":"https:\/\/www.radlobby.org\/noe\/wp-content\/uploads\/2017\/01\/cropped-Logo_Radlobby_Niederoesterreich_50-400px_quer-1.jpg","contentUrl":"https:\/\/www.radlobby.org\/noe\/wp-content\/uploads\/2017\/01\/cropped-Logo_Radlobby_Niederoesterreich_50-400px_quer-1.jpg","width":450,"height":124,"caption":"Radlobby Nieder\u00f6sterreich"},"image":{"@id":"https:\/\/www.radlobby.org\/noe\/#\/schema\/logo\/image\/"},"sameAs":["https:\/\/www.facebook.com\/groups\/radfahren.in.noe\/"]},{"@type":"Person","@id":"https:\/\/www.radlobby.org\/noe\/#\/schema\/person\/afe0233b9fb4bb6eaceaa46c6751785c","name":"Patrick Haslinger","image":{"@type":"ImageObject","inLanguage":"de","@id":"https:\/\/www.radlobby.org\/noe\/#\/schema\/person\/image\/","url":"https:\/\/secure.gravatar.com\/avatar\/e4e98524259135452c397dd1b66d0b10e5e5e96b0b2426c95f00c17c53897790?s=96&d=mm&r=g","contentUrl":"https:\/\/secure.gravatar.com\/avatar\/e4e98524259135452c397dd1b66d0b10e5e5e96b0b2426c95f00c17c53897790?s=96&d=mm&r=g","caption":"Patrick Haslinger"},"url":"https:\/\/www.radlobby.org\/noe\/author\/patrick-haslinger\/"}]}},"_links":{"self":[{"href":"https:\/\/www.radlobby.org\/noe\/wp-json\/wp\/v2\/posts\/34972","targetHints":{"allow":["GET"]}}],"collection":[{"href":"https:\/\/www.radlobby.org\/noe\/wp-json\/wp\/v2\/posts"}],"about":[{"href":"https:\/\/www.radlobby.org\/noe\/wp-json\/wp\/v2\/types\/post"}],"author":[{"embeddable":true,"href":"https:\/\/www.radlobby.org\/noe\/wp-json\/wp\/v2\/users\/85"}],"replies":[{"embeddable":true,"href":"https:\/\/www.radlobby.org\/noe\/wp-json\/wp\/v2\/comments?post=34972"}],"version-history":[{"count":10,"href":"https:\/\/www.radlobby.org\/noe\/wp-json\/wp\/v2\/posts\/34972\/revisions"}],"predecessor-version":[{"id":34986,"href":"https:\/\/www.radlobby.org\/noe\/wp-json\/wp\/v2\/posts\/34972\/revisions\/34986"}],"wp:featuredmedia":[{"embeddable":true,"href":"https:\/\/www.radlobby.org\/noe\/wp-json\/wp\/v2\/media\/34981"}],"wp:attachment":[{"href":"https:\/\/www.radlobby.org\/noe\/wp-json\/wp\/v2\/media?parent=34972"}],"wp:term":[{"taxonomy":"category","embeddable":true,"href":"https:\/\/www.radlobby.org\/noe\/wp-json\/wp\/v2\/categories?post=34972"},{"taxonomy":"post_tag","embeddable":true,"href":"https:\/\/www.radlobby.org\/noe\/wp-json\/wp\/v2\/tags?post=34972"}],"curies":[{"name":"wp","href":"https:\/\/api.w.org\/{rel}","templated":true}]}}