{"id":34541,"date":"2024-08-24T09:18:08","date_gmt":"2024-08-24T07:18:08","guid":{"rendered":"https:\/\/www.radlobby.org\/noe\/?p=34541"},"modified":"2024-08-25T17:49:33","modified_gmt":"2024-08-25T15:49:33","slug":"radlwadlpass-melk-2024-liste","status":"publish","type":"post","link":"https:\/\/www.radlobby.org\/noe\/radlwadlpass-melk-2024-liste\/","title":{"rendered":"Aktion &#8220;Einkaufen zu Fu\u00df und mit dem Fahrrad Melk &#8211; RadlWadlPass Melk 2024&#8221; &#8211; LISTE der teilnehmenden Betrieb"},"content":{"rendered":"<p><a href=\"https:\/\/www.radlobby.org\/noe\/wp-content\/uploads\/Einkaufen-mit-dem-Fahrrad_c_Radlobby-Melk3-scaled.jpg\" data-src=\"https:\/\/www.radlobby.org\/noe\/wp-content\/uploads\/Einkaufen-mit-dem-Fahrrad_c_Radlobby-Melk3-scaled.jpg\" data-thumb=\"https:\/\/www.radlobby.org\/noe\/wp-content\/uploads\/Einkaufen-mit-dem-Fahrrad_c_Radlobby-Melk3-300x169.jpg\" class=\"ml-lightbox-enabled\"><img loading=\"lazy\" decoding=\"async\" class=\"alignright wp-image-23012 size-medium\" src=\"https:\/\/www.radlobby.org\/noe\/wp-content\/uploads\/Einkaufen-mit-dem-Fahrrad_c_Radlobby-Melk3-300x169.jpg\" alt=\"\" width=\"300\" height=\"169\" srcset=\"https:\/\/www.radlobby.org\/noe\/wp-content\/uploads\/Einkaufen-mit-dem-Fahrrad_c_Radlobby-Melk3-300x169.jpg 300w, https:\/\/www.radlobby.org\/noe\/wp-content\/uploads\/Einkaufen-mit-dem-Fahrrad_c_Radlobby-Melk3-768x432.jpg 768w, https:\/\/www.radlobby.org\/noe\/wp-content\/uploads\/Einkaufen-mit-dem-Fahrrad_c_Radlobby-Melk3-1536x864.jpg 1536w, https:\/\/www.radlobby.org\/noe\/wp-content\/uploads\/Einkaufen-mit-dem-Fahrrad_c_Radlobby-Melk3-2048x1152.jpg 2048w\" sizes=\"auto, (max-width: 300px) 100vw, 300px\" \/><\/a>Die Aktion l\u00e4uft bis 7. September 2024 (Verlosung) &#8211; <strong>RadlWadlP\u00e4sse <\/strong>sind im B\u00fcrgerservice im Rathaus und bei vielen teilnehmenden Betrieben erh\u00e4ltlich, ausgef\u00fcllte P\u00e4sse bitte im B\u00fcrgerservice\/Rathaus abgeben.<\/p>\n<p><strong>Es k\u00f6nnen auch heuer wieder viele attraktive Preise gewonnen werden. Bis September 2024 l\u00e4uft die Aktion \u201eEinkaufen mit Fahrrad &amp; zu Fu\u00df &#8211; RadlWadlPass 2024\u201c von RADLOBBY Melk und Zunftzeichen DIE MELKER WIRTSCHAFT, mit Unterst\u00fctzung der Stadtgemeinde Melk (gro\u00dfe Schlussverlosung beim \u201eMelker Herbst\u201c <\/strong>am Samstag, 7. September 2024, 11 Uhr, Rathausplatz<strong>)<br \/>\n<\/strong><\/p>\n<p><strong>Wer seine Eink\u00e4ufe in Melk \u00f6fter per Fahrrad und zu Fu\u00df erledigt, h\u00e4lt sich fit, tut was f\u00fcr den Klimaschutz und die Umwelt und erh\u00f6ht die Lebensqualit\u00e4t in Melk (weniger Autofahrten = h\u00f6here Lebensqualit\u00e4t f\u00fcr alle).<\/strong><\/p>\n<p><strong>Einfach mitmachen:<\/strong> <strong>RadlWadlPass holen <\/strong>(gibt es im B\u00fcrgerservice im Rathaus und bei vielen teilnehmenden Gesch\u00e4ften in Melk), Eink\u00e4ufe per Fahrrad oder zu Fu\u00df erledigen, sich bei jedem Einkauf in einem teilnehmenden Betrieb den Pass abstempeln lassen. Mit <strong>6 Stempeln<\/strong> ist der Pass voll und damit ein Gewinnlos f\u00fcr die gro\u00dfe Verlosung im September 2024. <strong>Pro Person<\/strong> k\u00f6nnen <strong>bis zu 10 Gewinnlose<\/strong> erradelt\/ergangen werden.<\/p>\n<p><strong>Folgende Betriebe in Melk machen mit &#8211; bei ihnen gibt es bei Eink\u00e4ufen mit dem Fahrrad und zu Fu\u00df Stempel in den RADL\/WADLpass:<\/strong><\/p>\n<p><strong>\u00a0<\/strong><em><strong>Architektur &amp; Immobilien<\/strong><\/em><\/p>\n<p><strong>DI Birgit Urban\u00a0Architektin<\/strong> \u2013 Abt-Karl-Stra\u00dfe 23, 3390 Melk <a href=\"http:\/\/www.urban-arch.at\">www.urban-arch.at<\/a><\/p>\n<p><strong>Prof. Arch. DI Dietmar Kraus<\/strong>, B\u00fcro f\u00fcr Architektur \u2013\u00a0Wienerstra\u00dfe 21, 3390 Melk <a href=\"http:\/\/www.arch-kraus.at\">www.arch-kraus.at<\/a><\/p>\n<p><strong>Immobilien Melk<\/strong> Monika B\u00fcchsenmeister-Wahringer, Immobilienmaklerin \u2013 Jakob-Prandtauer-Stra\u00dfe 8, 3390 Melk <a href=\"https:\/\/immobilien-melk.at\/\">https:\/\/immobilien-melk.at\/<\/a><\/p>\n<p><strong><em>Banken<\/em> <\/strong><\/p>\n<p><strong>Raiffeisenbank<\/strong> Mittleres Mostviertel, Bank \u2013 Abbe Stadler-Gasse 6, 3390 Melk <a href=\"http:\/\/www.rrm.at\">www.rrm.at<\/a><\/p>\n<p><strong>Sparkasse <\/strong>Nieder\u00f6sterreich Mitte West AG, Bank \u2013 Abbe Stadler-Gasse 18, 3390 Melk <a href=\"http:\/\/www.sparkasse.at\">www.sparkasse.at<\/a><\/p>\n<p><strong>Volksbank N\u00d6 AG<\/strong>, Bank \u2013 Hummelstra\u00dfe 3, 3390 Melk <a href=\"http:\/\/www.vbnoe.at\">www.vbnoe.at<\/a><\/p>\n<p><em><strong>Blumen &amp; Garten<\/strong><\/em><\/p>\n<p><strong>Blumen Lagler <\/strong>\u2013 Wienerstra\u00dfe 34, 3390 Melk <a href=\"http:\/\/blumenlagler.at\/\">http:\/\/blumenlagler.at\/<\/a><\/p>\n<p><strong>Gartendesign Prenner <\/strong>\u2013 Sandweg 6, 3390 Melk <a href=\"https:\/\/www.prenner.cc\/\">https:\/\/www.prenner.cc\/<\/a><\/p>\n<p><strong>Hagebau Schuberth<\/strong>, Gartencenter \u2013 Umfahrungsstra\u00dfe 1, 3390 Melk <a href=\"http:\/\/www.schuberth.at\">www.schuberth.at<\/a><\/p>\n<p><strong>Reichholf Gartenarchitektur<\/strong> \u2013 <a href=\"http:\/\/www.reichholf.co.at\">www.reichholf.co.at<\/a><\/p>\n<p><strong>\u00a0<\/strong><em><strong>B\u00fccher<\/strong><\/em><\/p>\n<p><strong>Stadtb\u00fccherei Melk <\/strong>\u2013 Rathausplatz 9, 3390 Melk, <a href=\"http:\/\/www.melk.bvoe.at\">www.melk.bvoe.at<\/a><\/p>\n<p><em><strong>Elektro &amp; Handy<\/strong><\/em><\/p>\n<p><strong>Gottwald<\/strong> GesmbH &amp; Co KG, Fachmarkt Elektro &amp; Teletechnik \u2013 Josef Adlmanseder Stra\u00dfe 7, 3390 Melk <a href=\"http:\/\/www.gottwald.at\">shop.gottwald.at<\/a><\/p>\n<p><strong>Herbst Handels GmbH Sound Exclusive<\/strong>, Handy Car-Hifi \u2013 Linzer Str. 26, 3390 Melk <a href=\"http:\/\/www.sound-exclusive.at\">www.sound-exclusive.at<\/a><\/p>\n<p><strong>\u00a0<\/strong><em><strong>Fahrrad<\/strong><\/em><\/p>\n<p><strong>Hagebau Schuberth \u2013 Intersport Melk<\/strong>\u2013 Umfahrungsstra\u00dfe 1, 3390 Melk <a href=\"http:\/\/www.intersport-melk.at\">www.intersport-melk.at<\/a><\/p>\n<p><strong>\u00a0<\/strong><em><strong>Friseur, Kosmetik &amp; Fu\u00dfpflege<\/strong><\/em><\/p>\n<p><strong>Alena Studio, <\/strong>Haarentfernung, Nageldesign &amp; Wimpernverl\u00e4ngerung &#8211; <a href=\"https:\/\/diodenlaser-melk.at\/\">https:\/\/diodenlaser-melk.at<\/a>\/<\/p>\n<p><strong>Beauty One &#8211; Alice Monte Frisur\/Kosmetik\/Fu\u00dfpflege<\/strong> \u2013 Wienerstra\u00dfe 27 3390 Melk<\/p>\n<p><strong><em>Gesundheit &amp; Fitness<\/em> <\/strong><\/p>\n<p><strong>ATVERO Fitness-Studio<\/strong>, Dorfnerstra\u00dfe 71, 3390 Melk, <a href=\"http:\/\/www.atvero.at\">www.atvero.at<\/a><\/p>\n<p><strong>Astrid Fasching, Heilmasseurin, gewerbliche Masseurin <\/strong>&#8211; <a href=\"http:\/\/www.massage-fasching.at\">www.massage-fasching.at<\/a><\/p>\n<p><strong>Maria Schweiger Physiotherapeutin <\/strong>\u2013 Rathausplatz 10, 3390 Melk, <a href=\"http:\/\/www.maria-g-schweiger.at\">www.maria-g-schweiger.at<\/a><\/p>\n<p><strong>Landschaftsapotheke Melk <\/strong>\u2013 Rathausplatz 10, 3390 Melk <a href=\"http:\/\/www.apotheke-melk.at\">www.apotheke-melk.at<\/a><\/p>\n<p><strong>PVZ DDr. Ida-Maria Kisler<\/strong>, Allgemeinmedizinische Praxis, alle Kassen \u2013 Bahnhofstr.3, 3390 Melk <a href=\"http:\/\/www.drkisler.at\">www.drkisler.at<\/a><\/p>\n<p><strong>Ordination Dr. Brigitte Albrecht<\/strong>, Zahn\u00e4rztin, Abt Karl Str.7, 3390 Melk, Tel. 2752-51145<\/p>\n<p><strong>UVF EWS Melk<\/strong>, Volleyballverein \u2013 <a href=\"http:\/\/www.uvf-melk.at\">www.uvf-melk.at<\/a><\/p>\n<p><strong>K\u00f6stler Fitness &amp; Therapie<\/strong> &#8211; <a href=\"http:\/\/www.koestler-stz.at\">www.koestler-stz.at<\/a><\/p>\n<p><strong>\u00a0<\/strong><em><strong>Kfz<\/strong><\/em><\/p>\n<p><strong>\u00d6AMTC Fahrtechnik-Zentrum<\/strong> Melk\u2013 Am Wachauring 2, 3390 Melk <a href=\"http:\/\/www.oeamtc.at\">www.oeamtc.at<\/a><\/p>\n<p><em><strong>Kultur<\/strong><\/em><\/p>\n<p><strong>Wachau Kultur Melk<\/strong> GmbH, Sommerspiele Melk, Tischlerei Melk Kulturwerkstatt, Internationale Barocktage Stift Melk, Wachau in Echtzeit \u2013 Jakob-Prandtauer-Stra\u00dfe 11, 3390 Melk \u2013 <a href=\"http:\/\/www.wachaukulturmelk.at\">www.wachaukulturmelk.at<\/a><\/p>\n<p><strong>\u00a0<\/strong><em><strong>Lebensmittel, B\u00e4ckereien &amp; Genuss<\/strong><\/em><\/p>\n<p><strong>gerda\u2019s Bioladen <\/strong>\u2013 Rathausplatz 5, 3380 Melk, <a href=\"http:\/\/www.biogerda.at\">www.biogerda.at<\/a><\/p>\n<p><strong>Josef Sdraule Schmankerlfleischer<\/strong>\u2013 Hauptstra\u00dfe. 2, 3390 Melk, <a href=\"http:\/\/www.sdraule.at\">www.sdraule.at<\/a><\/p>\n<p><strong>Vinothek Wein &amp; Wachau<\/strong> \u2013 Kirchenplatz 5, 3390 Melk <a href=\"http:\/\/www.gottwald.at\">www.gottwald.at<\/a><\/p>\n<p><strong>Wieser Caf\u00e9 &amp; Shop <\/strong>\u2013 Rathausplatz 6, 3390 Melk, <a href=\"http:\/\/www.wieserwachau.com\">www.wieserwachau.com<\/a><\/p>\n<p><strong>Haubis Backstube &amp; Cafe<\/strong> \u2013 L\u00f6wenpark 1, 3390 Melk, <a href=\"http:\/\/www.haubis.com\/at\/melk\/backstube-cafe-melk-loewenpark\">www.haubis.com\/at\/melk\/backstube-cafe-melk-loewenpark<\/a><\/p>\n<p><strong>Haubis Backstube &amp; Cafe<\/strong> \u2013 Wienerstra\u00dfe 85 (Billa plus), 3390 Melk, <a href=\"http:\/\/www.haubis.com\/at\/melk\/backstube-cafe-melk-wiener-strasse\">www.haubis.com\/at\/melk\/backstube-cafe-melk-wiener-strasse<\/a><\/p>\n<p><strong>B\u00e4ckerei Schwinn<\/strong> \u2013 Abbe Stadlergasse 17, 3390 Melk, <a href=\"http:\/\/www.baeckerei-schwinn.at\">www.baeckerei-schwinn.at<\/a><\/p>\n<p><strong>Tastedillery <\/strong>\u2013 Hauptstra\u00dfe 3, 3390 Melk, <a href=\"http:\/\/www.tastedillery.at\">www.tastedillery.at<\/a><\/p>\n<p><strong>Cafe &amp; B\u00e4ckerei Teufner<\/strong>, Wienerstra\u00dfe 26, 3390 Melk<\/p>\n<p><em><strong>Mode, Kleidung &amp; Schuhe<\/strong><\/em><\/p>\n<p><strong>Exel Marina \u201eMode Eck\u201c \u2013 Wienerstra\u00dfe 32, 3390 Melk<\/strong><\/p>\n<p><strong>kindermodegraf <\/strong>Maria Eva Graf, Kindermode \u2013 Rathausplatz 8, 3390 Melk, <a href=\"http:\/\/www.modegraf.at\">www.modegraf.at<\/a><\/p>\n<p><strong>Lechner Schuhe <\/strong>\u2013 Orthop\u00e4die, Podologie, Reparatur, Verkauf \u2013 Wienerstra\u00dfe 11, 3390 Melk, <a href=\"http:\/\/www.lechner-schuhe.at\">www.lechner-schuhe.at<\/a><\/p>\n<p><strong>modegraf <\/strong>Maria Eva Graf, Damen-, Herrenmode \u2013 Wienerstra\u00dfe 1, 3390 Melk, <a href=\"http:\/\/www.modegraf.at\">www.modegraf.at<\/a><\/p>\n<p><strong>LM Fashion Mode &#8211; <\/strong><a href=\"http:\/\/www.lm-fashion.at\">www.lm-fashion.at<\/a><\/p>\n<p><strong>Palmers Melk <\/strong>\u2013 Hauptplatz 3, 3390 Melk, <a href=\"http:\/\/www.steinecker.at\/fashion\/palmers-melk\/\">www.steinecker.at\/fashion\/palmers-melk\/<\/a><\/p>\n<p><strong>Steinecker Fashion<\/strong> &#8211; Hauptstra\u00dfe 5, 3390 Melk, <a href=\"http:\/\/www.steinecker.at\/fashion\/tag\/melk\/\">www.steinecker.at\/fashion\/tag\/melk\/<\/a><\/p>\n<p><strong>spiriti\u2019m Mode<\/strong>, Kunst &amp; Design &#8211; <a href=\"https:\/\/spiritim.at\/\">https:\/\/spiritim.at\/<\/a><\/p>\n<p><em><strong>Optik<\/strong><\/em><\/p>\n<p><strong>Forster United Optics<\/strong>, Optiker \u2013 Rathausplatz 6, 3390 Melk <a href=\"http:\/\/www.forster-optik.at\">www.forster-optik.at<\/a><\/p>\n<p><strong>Waldviertel Optik<\/strong>, Anita und Kurt Schmidradler Augenoptik und Akustik \u2013\u00a0Kirchenplatz 5, 3390 Melk <a href=\"http:\/\/www.waldvierteloptik.at\">www.waldvierteloptik.at<\/a><\/p>\n<p><em><strong>Restaurant, Caf\u00e9, Hotel &amp; Touristik<\/strong><\/em><\/p>\n<p><strong>Caf\u00e9 Braun Schaumrollenmanufaktur<\/strong> \u2013 Rathausplatz 3390 Melk<\/p>\n<p><strong>Corrado Cafe<\/strong>, Konrad Hackl, Rathausplatz 9, 3390 Melk, <a href=\"http:\/\/www.cafe-corrado.com\">www.cafe-corrado.com<\/a><\/p>\n<p><strong>Das Kult &#8211; Wachaubad Melk, <\/strong>Restaurant:Bar:Kult, F\u00fcrnbergstra\u00dfe 12, <a href=\"http:\/\/www.daskultmelk.at\">www.daskultmelk.at<\/a><\/p>\n<p><strong>Hotel Restaurant Zur Post <\/strong>Johannes Ebner GesmbH &amp; Co KG, Hotel \u2013 Linzerstra\u00dfe 1, 3390 Melk <a href=\"http:\/\/www.hotelpost-melk.at\">www.hotelpost-melk.at<\/a><\/p>\n<p><strong>Madar\u00a0Caf\u00e9 Restaurant zum F\u00fcrsten Melk<\/strong>, Restaurant \u2013 Rathausplatz 3, 3390 Melk <a href=\"http:\/\/www.kaffeehaustradition.at\">www.kaffeehaustradition.at<\/a><\/p>\n<p><strong>Madar\u00a0Caf\u00e9 Central Melk<\/strong> \u2013 Hauptplatz 10, 3390 Melk <a href=\"http:\/\/www.centralmadar.at\">www.kaffeehaustradition.at<\/a><\/p>\n<p><strong>Madar\u00a0Caf\u00e9 Pub Rathaus Melk<\/strong> \u2013 Rathausplatz 4, 3390 Melk <a href=\"http:\/\/www.centralmadar.at\">www.kaffeehaustradition.at<\/a><\/p>\n<p><strong>Madar Wein &amp; Eis <\/strong>\u2013 Rathausplatz 2, 3390 Melk <a href=\"http:\/\/www.centralmadar.at\">www.kaffeehaustradition.at<\/a><\/p>\n<p><strong>Mistlbacher<\/strong> Johannes, Caf\u00e9 Konditorei \u2013 Hauptstra\u00dfe 1, 3390 Melk <a href=\"http:\/\/www.mistlbacher.com\">www.mistlbacher.com<\/a><\/p>\n<p><strong>Pasta &amp; Pizza<\/strong> Rezac &amp; Co KG, Pizzeria, Restaurant \u2013 Jakob-Prandtauer-Stra\u00dfe 4, 3390 Melk<\/p>\n<p><strong>Rathauskeller<\/strong> \u2013 Der Melker Gasthof, Restaurant \u2013 Rathausplatz 13, 3390 Melk <a href=\"http:\/\/www.rathauskeller-melk.at\">www.rathauskeller-melk.at<\/a><\/p>\n<p><strong>Wachauerhof Hotel &amp; Restaurant<\/strong>, Wienerstra\u00dfe 30, 3390 Melk, <a href=\"http:\/\/www.wachauerhof-melk.at\">www.wachauerhof-melk.at<\/a><\/p>\n<p><strong>Wieser Caf\u00e9 &amp; Shop <\/strong>\u2013 Rathausplatz 6, 3390 Melk, <a href=\"http:\/\/www.wieserwachau.com\">www.wieserwachau.com<\/a><\/p>\n<p><strong>Wachautouristik, Zw\u00f6lfer Reisen<\/strong> &#8211; <a href=\"http:\/\/www.zw\u00f6lfer.reisen\">www.zw\u00f6lfer.reisen<\/a><\/p>\n<p><em><strong>Stadtgemeinde Melk<\/strong><\/em><\/p>\n<p><strong>Wachaubad, <\/strong>Freibad \u2013 F\u00fcrnbergstra\u00dfe 12, 3390 Melk, <a href=\"http:\/\/www.melk.gv.at\/de\/Wachaubad\">www.melk.gv.at\/de\/Wachaubad<\/a><\/p>\n<p><strong>Stadtb\u00fccherei <\/strong>\u2013 Rathausplatz 9, 3390 Melk, <a href=\"http:\/\/www.melk.bvoe.at\">www.melk.bvoe.at<\/a><\/p>\n<p><strong>\u00a0<\/strong><em><strong>Second Hand<\/strong><\/em><\/p>\n<p><strong>Henry Laden \u2013 Second Hand Boutique des \u00d6sterreichischen Roten Kreuzes <\/strong>\u2013 Rathausplatz 1, 3390 Melk <a href=\"http:\/\/www.facebook.com\/HenryLadenMelk\/\">www.facebook.com\/HenryLadenMelk\/<\/a><\/p>\n<p><strong>\u00a0<\/strong><strong>S<em>teuerberater, Rechtsanwalt &amp; Versicherung<\/em><\/strong><\/p>\n<p><strong>BKS Steuerberatung<\/strong>, Steuerberater \u2013 Sterngasse 13, 3390 Melk <a href=\"http:\/\/www.wt-bks.at\">www.wt-bks.at<\/a><\/p>\n<p><strong>Rechtsanw\u00e4lte<\/strong> Taufner-Huber-Haberer, Rechtsanw\u00e4lte \u2013 Bahnhofplatz 4, 3390 Melk <a href=\"http:\/\/www.taufner.at\">www.taufner.at<\/a><\/p>\n<p><strong>Ziffernschmiede<\/strong> \u2013 Buchhaltung, Maria Fonatsch, Abt-Maurus-Stra\u00dfe 16, 3390 Melk, <a href=\"http:\/\/www.dieziffernschmiede.eu\/\">www.dieziffernschmiede.eu\/<\/a><\/p>\n<p><em><strong>Webbetreuung, PR, Medien, Foto<\/strong><\/em><\/p>\n<p><strong>b\u00fcro sterngasse*<\/strong>\u00a0marken-design-webl\u00f6sungen \u2013 Sterngasse 19, 3390 Melk <a href=\"http:\/\/www.sterngasse.at\">www.sterngasse.at<\/a><\/p>\n<p><strong>cloud19 web solutions &amp; services<\/strong>, Website, Webportal, Webprogrammierung &amp; Hosting \u2013 Sterngasse 19, A-3390 Melk, <a href=\"http:\/\/www.cloud19.at\">www.cloud19.at<\/a><\/p>\n<p><strong>Johann Perger photography<\/strong> \u2013 www.perger.at<\/p>\n<p><em><strong>Wohnen, Haus, Garten &amp; Bauen<\/strong><\/em><\/p>\n<p><strong>Ernst Grossauer<\/strong> GmbH, Raumausstatter \u2013 Wienerstra\u00dfe 22-24, 3390 Melk, <a href=\"http:\/\/www.grossauer-melk.at\">www.grossauer-melk.at<\/a><\/p>\n<p><strong>Gottwald GmbH &amp; Co KG<\/strong>, Elektroinstallation &amp; Anlagenbau \u2013 <a href=\"http:\/\/www.gottwald.at\">www.gottwald.at<\/a><\/p>\n<p><strong>Hagebau Schuberth<\/strong>, Baustoffe, Betonwaren \u2013 Umfahrungsstra\u00dfe 1, 3390 Melk <a href=\"http:\/\/www.schuberth.at\">www.schuberth.at<\/a><\/p>\n<p><strong>Tempur \u00d6sterreich<\/strong> GmbH, Matratzen \u2013 Spielberger Stra\u00dfe 17, 3390 Melk, <a href=\"http:\/\/www.tempur.at\">at.tempur.at<\/a><\/p>\n<p><strong>Riegler GmbH, <\/strong>Installateur \u2013 Wienerstra\u00dfe 59, 3390 Melk <a href=\"http:\/\/www.riegler.co.at\">www.riegler.co.at<\/a><\/p>\n<p><strong>Weiser Wohnen <\/strong>&#8211; <a href=\"http:\/\/www.weiser-wohnen.at\">www.weiser-wohnen.at<\/a><\/p>\n<p><strong>Ing. Andreas Schnabl<\/strong>, Bauhandwerk \u2013 Abt Karl-Stra\u00dfe 92, 3390 Melk, <a href=\"http:\/\/www.bauhandwerk-schnabl.at\">www.bauhandwerk-schnabl.at<\/a><\/p>\n<p><strong>Quarzwerke<\/strong> \u00d6sterreich GmbH, Sanderzeugung \u2013 Wachbergstra\u00dfe 1, 3390 Melk <a href=\"http:\/\/www.quarzwerke.at\">www.quarzwerke.at<\/a><\/p>\n<p>&nbsp;<\/p>\n<p>&nbsp;<\/p>\n","protected":false},"excerpt":{"rendered":"<p>Die Aktion l\u00e4uft bis 7. September 2024 (Verlosung) &#8211; RadlWadlP\u00e4sse sind im B\u00fcrgerservice im Rathaus und bei vielen teilnehmenden Betrieben erh\u00e4ltlich, ausgef\u00fcllte P\u00e4sse bitte im B\u00fcrgerservice\/Rathaus abgeben. Es k\u00f6nnen auch heuer wieder viele attraktive Preise gewonnen werden. Bis September 2024<\/p>\n","protected":false},"author":10,"featured_media":17182,"comment_status":"closed","ping_status":"closed","sticky":false,"template":"","format":"standard","meta":{"footnotes":""},"categories":[9,20],"tags":[26],"class_list":["post-34541","post","type-post","status-publish","format-standard","has-post-thumbnail","hentry","category-melk","category-niederoesterreich","tag-aktionen"],"yoast_head":"<!-- This site is optimized with the Yoast SEO plugin v26.9 - https:\/\/yoast.com\/product\/yoast-seo-wordpress\/ -->\n<title>Aktion &quot;Einkaufen zu Fu\u00df und mit dem Fahrrad Melk - RadlWadlPass Melk 2024&quot; - LISTE der teilnehmenden Betrieb - Radlobby Nieder\u00f6sterreich<\/title>\n<meta name=\"robots\" content=\"index, follow, max-snippet:-1, max-image-preview:large, max-video-preview:-1\" \/>\n<link rel=\"canonical\" href=\"https:\/\/www.radlobby.org\/noe\/radlwadlpass-melk-2024-liste\/\" \/>\n<meta property=\"og:locale\" content=\"de_DE\" \/>\n<meta property=\"og:type\" content=\"article\" \/>\n<meta property=\"og:title\" content=\"Aktion &quot;Einkaufen zu Fu\u00df und mit dem Fahrrad Melk - RadlWadlPass Melk 2024&quot; - LISTE der teilnehmenden Betrieb - Radlobby Nieder\u00f6sterreich\" \/>\n<meta property=\"og:description\" content=\"Die Aktion l\u00e4uft bis 7. September 2024 (Verlosung) &#8211; RadlWadlP\u00e4sse sind im B\u00fcrgerservice im Rathaus und bei vielen teilnehmenden Betrieben erh\u00e4ltlich, ausgef\u00fcllte P\u00e4sse bitte im B\u00fcrgerservice\/Rathaus abgeben. Es k\u00f6nnen auch heuer wieder viele attraktive Preise gewonnen werden. Bis September 2024\" \/>\n<meta property=\"og:url\" content=\"https:\/\/www.radlobby.org\/noe\/radlwadlpass-melk-2024-liste\/\" \/>\n<meta property=\"og:site_name\" content=\"Radlobby Nieder\u00f6sterreich\" \/>\n<meta property=\"article:publisher\" content=\"https:\/\/www.facebook.com\/groups\/radfahren.in.noe\/\" \/>\n<meta property=\"article:published_time\" content=\"2024-08-24T07:18:08+00:00\" \/>\n<meta property=\"article:modified_time\" content=\"2024-08-25T15:49:33+00:00\" \/>\n<meta property=\"og:image\" content=\"https:\/\/www.radlobby.org\/noe\/wp-content\/uploads\/zz-radlerpass-2019-fb-veranstaltung-1.jpg\" \/>\n\t<meta property=\"og:image:width\" content=\"1280\" \/>\n\t<meta property=\"og:image:height\" content=\"720\" \/>\n\t<meta property=\"og:image:type\" content=\"image\/jpeg\" \/>\n<meta name=\"author\" content=\"Christian H\u00f6ller\" \/>\n<meta name=\"twitter:card\" content=\"summary_large_image\" \/>\n<meta name=\"twitter:label1\" content=\"Verfasst von\" \/>\n\t<meta name=\"twitter:data1\" content=\"Christian H\u00f6ller\" \/>\n\t<meta name=\"twitter:label2\" content=\"Gesch\u00e4tzte Lesezeit\" \/>\n\t<meta name=\"twitter:data2\" content=\"6\u00a0Minuten\" \/>\n<script type=\"application\/ld+json\" class=\"yoast-schema-graph\">{\"@context\":\"https:\/\/schema.org\",\"@graph\":[{\"@type\":\"Article\",\"@id\":\"https:\/\/www.radlobby.org\/noe\/radlwadlpass-melk-2024-liste\/#article\",\"isPartOf\":{\"@id\":\"https:\/\/www.radlobby.org\/noe\/radlwadlpass-melk-2024-liste\/\"},\"author\":{\"name\":\"Christian H\u00f6ller\",\"@id\":\"https:\/\/www.radlobby.org\/noe\/#\/schema\/person\/9edd0d27788b22085d15e9b4dad58751\"},\"headline\":\"Aktion &#8220;Einkaufen zu Fu\u00df und mit dem Fahrrad Melk &#8211; RadlWadlPass Melk 2024&#8221; &#8211; LISTE der teilnehmenden Betrieb\",\"datePublished\":\"2024-08-24T07:18:08+00:00\",\"dateModified\":\"2024-08-25T15:49:33+00:00\",\"mainEntityOfPage\":{\"@id\":\"https:\/\/www.radlobby.org\/noe\/radlwadlpass-melk-2024-liste\/\"},\"wordCount\":1081,\"publisher\":{\"@id\":\"https:\/\/www.radlobby.org\/noe\/#organization\"},\"image\":{\"@id\":\"https:\/\/www.radlobby.org\/noe\/radlwadlpass-melk-2024-liste\/#primaryimage\"},\"thumbnailUrl\":\"https:\/\/www.radlobby.org\/noe\/wp-content\/uploads\/zz-radlerpass-2019-fb-veranstaltung-1.jpg\",\"keywords\":[\"Aktionen\"],\"articleSection\":[\"Radlobby Melk\",\"Radlobby Nieder\u00f6sterreich\"],\"inLanguage\":\"de\"},{\"@type\":\"WebPage\",\"@id\":\"https:\/\/www.radlobby.org\/noe\/radlwadlpass-melk-2024-liste\/\",\"url\":\"https:\/\/www.radlobby.org\/noe\/radlwadlpass-melk-2024-liste\/\",\"name\":\"Aktion \\\"Einkaufen zu Fu\u00df und mit dem Fahrrad Melk - RadlWadlPass Melk 2024\\\" - LISTE der teilnehmenden Betrieb - Radlobby Nieder\u00f6sterreich\",\"isPartOf\":{\"@id\":\"https:\/\/www.radlobby.org\/noe\/#website\"},\"primaryImageOfPage\":{\"@id\":\"https:\/\/www.radlobby.org\/noe\/radlwadlpass-melk-2024-liste\/#primaryimage\"},\"image\":{\"@id\":\"https:\/\/www.radlobby.org\/noe\/radlwadlpass-melk-2024-liste\/#primaryimage\"},\"thumbnailUrl\":\"https:\/\/www.radlobby.org\/noe\/wp-content\/uploads\/zz-radlerpass-2019-fb-veranstaltung-1.jpg\",\"datePublished\":\"2024-08-24T07:18:08+00:00\",\"dateModified\":\"2024-08-25T15:49:33+00:00\",\"breadcrumb\":{\"@id\":\"https:\/\/www.radlobby.org\/noe\/radlwadlpass-melk-2024-liste\/#breadcrumb\"},\"inLanguage\":\"de\",\"potentialAction\":[{\"@type\":\"ReadAction\",\"target\":[\"https:\/\/www.radlobby.org\/noe\/radlwadlpass-melk-2024-liste\/\"]}]},{\"@type\":\"ImageObject\",\"inLanguage\":\"de\",\"@id\":\"https:\/\/www.radlobby.org\/noe\/radlwadlpass-melk-2024-liste\/#primaryimage\",\"url\":\"https:\/\/www.radlobby.org\/noe\/wp-content\/uploads\/zz-radlerpass-2019-fb-veranstaltung-1.jpg\",\"contentUrl\":\"https:\/\/www.radlobby.org\/noe\/wp-content\/uploads\/zz-radlerpass-2019-fb-veranstaltung-1.jpg\",\"width\":1280,\"height\":720},{\"@type\":\"BreadcrumbList\",\"@id\":\"https:\/\/www.radlobby.org\/noe\/radlwadlpass-melk-2024-liste\/#breadcrumb\",\"itemListElement\":[{\"@type\":\"ListItem\",\"position\":1,\"name\":\"Startseite\",\"item\":\"https:\/\/www.radlobby.org\/noe\/\"},{\"@type\":\"ListItem\",\"position\":2,\"name\":\"Aktion &#8220;Einkaufen zu Fu\u00df und mit dem Fahrrad Melk &#8211; RadlWadlPass Melk 2024&#8221; &#8211; LISTE der teilnehmenden Betrieb\"}]},{\"@type\":\"WebSite\",\"@id\":\"https:\/\/www.radlobby.org\/noe\/#website\",\"url\":\"https:\/\/www.radlobby.org\/noe\/\",\"name\":\"Radlobby Nieder\u00f6sterreich\",\"description\":\"Radverkehr, Fahrrad, Radfahren, Radreisen, Radtouren, Radweg\",\"publisher\":{\"@id\":\"https:\/\/www.radlobby.org\/noe\/#organization\"},\"potentialAction\":[{\"@type\":\"SearchAction\",\"target\":{\"@type\":\"EntryPoint\",\"urlTemplate\":\"https:\/\/www.radlobby.org\/noe\/?s={search_term_string}\"},\"query-input\":{\"@type\":\"PropertyValueSpecification\",\"valueRequired\":true,\"valueName\":\"search_term_string\"}}],\"inLanguage\":\"de\"},{\"@type\":\"Organization\",\"@id\":\"https:\/\/www.radlobby.org\/noe\/#organization\",\"name\":\"Radlobby Nieder\u00f6sterreich\",\"url\":\"https:\/\/www.radlobby.org\/noe\/\",\"logo\":{\"@type\":\"ImageObject\",\"inLanguage\":\"de\",\"@id\":\"https:\/\/www.radlobby.org\/noe\/#\/schema\/logo\/image\/\",\"url\":\"https:\/\/www.radlobby.org\/noe\/wp-content\/uploads\/2017\/01\/cropped-Logo_Radlobby_Niederoesterreich_50-400px_quer-1.jpg\",\"contentUrl\":\"https:\/\/www.radlobby.org\/noe\/wp-content\/uploads\/2017\/01\/cropped-Logo_Radlobby_Niederoesterreich_50-400px_quer-1.jpg\",\"width\":450,\"height\":124,\"caption\":\"Radlobby Nieder\u00f6sterreich\"},\"image\":{\"@id\":\"https:\/\/www.radlobby.org\/noe\/#\/schema\/logo\/image\/\"},\"sameAs\":[\"https:\/\/www.facebook.com\/groups\/radfahren.in.noe\/\"]},{\"@type\":\"Person\",\"@id\":\"https:\/\/www.radlobby.org\/noe\/#\/schema\/person\/9edd0d27788b22085d15e9b4dad58751\",\"name\":\"Christian H\u00f6ller\",\"image\":{\"@type\":\"ImageObject\",\"inLanguage\":\"de\",\"@id\":\"https:\/\/www.radlobby.org\/noe\/#\/schema\/person\/image\/\",\"url\":\"https:\/\/secure.gravatar.com\/avatar\/7d22484a7ff001a2124b9145038af080348d51ac7e445cb4831a25cbdc57e0b9?s=96&d=mm&r=g\",\"contentUrl\":\"https:\/\/secure.gravatar.com\/avatar\/7d22484a7ff001a2124b9145038af080348d51ac7e445cb4831a25cbdc57e0b9?s=96&d=mm&r=g\",\"caption\":\"Christian H\u00f6ller\"},\"url\":\"https:\/\/www.radlobby.org\/noe\/author\/christianhoeller\/\"}]}<\/script>\n<!-- \/ Yoast SEO plugin. -->","yoast_head_json":{"title":"Aktion \"Einkaufen zu Fu\u00df und mit dem Fahrrad Melk - RadlWadlPass Melk 2024\" - LISTE der teilnehmenden Betrieb - Radlobby Nieder\u00f6sterreich","robots":{"index":"index","follow":"follow","max-snippet":"max-snippet:-1","max-image-preview":"max-image-preview:large","max-video-preview":"max-video-preview:-1"},"canonical":"https:\/\/www.radlobby.org\/noe\/radlwadlpass-melk-2024-liste\/","og_locale":"de_DE","og_type":"article","og_title":"Aktion \"Einkaufen zu Fu\u00df und mit dem Fahrrad Melk - RadlWadlPass Melk 2024\" - LISTE der teilnehmenden Betrieb - Radlobby Nieder\u00f6sterreich","og_description":"Die Aktion l\u00e4uft bis 7. September 2024 (Verlosung) &#8211; RadlWadlP\u00e4sse sind im B\u00fcrgerservice im Rathaus und bei vielen teilnehmenden Betrieben erh\u00e4ltlich, ausgef\u00fcllte P\u00e4sse bitte im B\u00fcrgerservice\/Rathaus abgeben. Es k\u00f6nnen auch heuer wieder viele attraktive Preise gewonnen werden. Bis September 2024","og_url":"https:\/\/www.radlobby.org\/noe\/radlwadlpass-melk-2024-liste\/","og_site_name":"Radlobby Nieder\u00f6sterreich","article_publisher":"https:\/\/www.facebook.com\/groups\/radfahren.in.noe\/","article_published_time":"2024-08-24T07:18:08+00:00","article_modified_time":"2024-08-25T15:49:33+00:00","og_image":[{"width":1280,"height":720,"url":"https:\/\/www.radlobby.org\/noe\/wp-content\/uploads\/zz-radlerpass-2019-fb-veranstaltung-1.jpg","type":"image\/jpeg"}],"author":"Christian H\u00f6ller","twitter_card":"summary_large_image","twitter_misc":{"Verfasst von":"Christian H\u00f6ller","Gesch\u00e4tzte Lesezeit":"6\u00a0Minuten"},"schema":{"@context":"https:\/\/schema.org","@graph":[{"@type":"Article","@id":"https:\/\/www.radlobby.org\/noe\/radlwadlpass-melk-2024-liste\/#article","isPartOf":{"@id":"https:\/\/www.radlobby.org\/noe\/radlwadlpass-melk-2024-liste\/"},"author":{"name":"Christian H\u00f6ller","@id":"https:\/\/www.radlobby.org\/noe\/#\/schema\/person\/9edd0d27788b22085d15e9b4dad58751"},"headline":"Aktion &#8220;Einkaufen zu Fu\u00df und mit dem Fahrrad Melk &#8211; RadlWadlPass Melk 2024&#8221; &#8211; LISTE der teilnehmenden Betrieb","datePublished":"2024-08-24T07:18:08+00:00","dateModified":"2024-08-25T15:49:33+00:00","mainEntityOfPage":{"@id":"https:\/\/www.radlobby.org\/noe\/radlwadlpass-melk-2024-liste\/"},"wordCount":1081,"publisher":{"@id":"https:\/\/www.radlobby.org\/noe\/#organization"},"image":{"@id":"https:\/\/www.radlobby.org\/noe\/radlwadlpass-melk-2024-liste\/#primaryimage"},"thumbnailUrl":"https:\/\/www.radlobby.org\/noe\/wp-content\/uploads\/zz-radlerpass-2019-fb-veranstaltung-1.jpg","keywords":["Aktionen"],"articleSection":["Radlobby Melk","Radlobby Nieder\u00f6sterreich"],"inLanguage":"de"},{"@type":"WebPage","@id":"https:\/\/www.radlobby.org\/noe\/radlwadlpass-melk-2024-liste\/","url":"https:\/\/www.radlobby.org\/noe\/radlwadlpass-melk-2024-liste\/","name":"Aktion \"Einkaufen zu Fu\u00df und mit dem Fahrrad Melk - RadlWadlPass Melk 2024\" - LISTE der teilnehmenden Betrieb - Radlobby Nieder\u00f6sterreich","isPartOf":{"@id":"https:\/\/www.radlobby.org\/noe\/#website"},"primaryImageOfPage":{"@id":"https:\/\/www.radlobby.org\/noe\/radlwadlpass-melk-2024-liste\/#primaryimage"},"image":{"@id":"https:\/\/www.radlobby.org\/noe\/radlwadlpass-melk-2024-liste\/#primaryimage"},"thumbnailUrl":"https:\/\/www.radlobby.org\/noe\/wp-content\/uploads\/zz-radlerpass-2019-fb-veranstaltung-1.jpg","datePublished":"2024-08-24T07:18:08+00:00","dateModified":"2024-08-25T15:49:33+00:00","breadcrumb":{"@id":"https:\/\/www.radlobby.org\/noe\/radlwadlpass-melk-2024-liste\/#breadcrumb"},"inLanguage":"de","potentialAction":[{"@type":"ReadAction","target":["https:\/\/www.radlobby.org\/noe\/radlwadlpass-melk-2024-liste\/"]}]},{"@type":"ImageObject","inLanguage":"de","@id":"https:\/\/www.radlobby.org\/noe\/radlwadlpass-melk-2024-liste\/#primaryimage","url":"https:\/\/www.radlobby.org\/noe\/wp-content\/uploads\/zz-radlerpass-2019-fb-veranstaltung-1.jpg","contentUrl":"https:\/\/www.radlobby.org\/noe\/wp-content\/uploads\/zz-radlerpass-2019-fb-veranstaltung-1.jpg","width":1280,"height":720},{"@type":"BreadcrumbList","@id":"https:\/\/www.radlobby.org\/noe\/radlwadlpass-melk-2024-liste\/#breadcrumb","itemListElement":[{"@type":"ListItem","position":1,"name":"Startseite","item":"https:\/\/www.radlobby.org\/noe\/"},{"@type":"ListItem","position":2,"name":"Aktion &#8220;Einkaufen zu Fu\u00df und mit dem Fahrrad Melk &#8211; RadlWadlPass Melk 2024&#8221; &#8211; LISTE der teilnehmenden Betrieb"}]},{"@type":"WebSite","@id":"https:\/\/www.radlobby.org\/noe\/#website","url":"https:\/\/www.radlobby.org\/noe\/","name":"Radlobby Nieder\u00f6sterreich","description":"Radverkehr, Fahrrad, Radfahren, Radreisen, Radtouren, Radweg","publisher":{"@id":"https:\/\/www.radlobby.org\/noe\/#organization"},"potentialAction":[{"@type":"SearchAction","target":{"@type":"EntryPoint","urlTemplate":"https:\/\/www.radlobby.org\/noe\/?s={search_term_string}"},"query-input":{"@type":"PropertyValueSpecification","valueRequired":true,"valueName":"search_term_string"}}],"inLanguage":"de"},{"@type":"Organization","@id":"https:\/\/www.radlobby.org\/noe\/#organization","name":"Radlobby Nieder\u00f6sterreich","url":"https:\/\/www.radlobby.org\/noe\/","logo":{"@type":"ImageObject","inLanguage":"de","@id":"https:\/\/www.radlobby.org\/noe\/#\/schema\/logo\/image\/","url":"https:\/\/www.radlobby.org\/noe\/wp-content\/uploads\/2017\/01\/cropped-Logo_Radlobby_Niederoesterreich_50-400px_quer-1.jpg","contentUrl":"https:\/\/www.radlobby.org\/noe\/wp-content\/uploads\/2017\/01\/cropped-Logo_Radlobby_Niederoesterreich_50-400px_quer-1.jpg","width":450,"height":124,"caption":"Radlobby Nieder\u00f6sterreich"},"image":{"@id":"https:\/\/www.radlobby.org\/noe\/#\/schema\/logo\/image\/"},"sameAs":["https:\/\/www.facebook.com\/groups\/radfahren.in.noe\/"]},{"@type":"Person","@id":"https:\/\/www.radlobby.org\/noe\/#\/schema\/person\/9edd0d27788b22085d15e9b4dad58751","name":"Christian H\u00f6ller","image":{"@type":"ImageObject","inLanguage":"de","@id":"https:\/\/www.radlobby.org\/noe\/#\/schema\/person\/image\/","url":"https:\/\/secure.gravatar.com\/avatar\/7d22484a7ff001a2124b9145038af080348d51ac7e445cb4831a25cbdc57e0b9?s=96&d=mm&r=g","contentUrl":"https:\/\/secure.gravatar.com\/avatar\/7d22484a7ff001a2124b9145038af080348d51ac7e445cb4831a25cbdc57e0b9?s=96&d=mm&r=g","caption":"Christian H\u00f6ller"},"url":"https:\/\/www.radlobby.org\/noe\/author\/christianhoeller\/"}]}},"_links":{"self":[{"href":"https:\/\/www.radlobby.org\/noe\/wp-json\/wp\/v2\/posts\/34541","targetHints":{"allow":["GET"]}}],"collection":[{"href":"https:\/\/www.radlobby.org\/noe\/wp-json\/wp\/v2\/posts"}],"about":[{"href":"https:\/\/www.radlobby.org\/noe\/wp-json\/wp\/v2\/types\/post"}],"author":[{"embeddable":true,"href":"https:\/\/www.radlobby.org\/noe\/wp-json\/wp\/v2\/users\/10"}],"replies":[{"embeddable":true,"href":"https:\/\/www.radlobby.org\/noe\/wp-json\/wp\/v2\/comments?post=34541"}],"version-history":[{"count":16,"href":"https:\/\/www.radlobby.org\/noe\/wp-json\/wp\/v2\/posts\/34541\/revisions"}],"predecessor-version":[{"id":36144,"href":"https:\/\/www.radlobby.org\/noe\/wp-json\/wp\/v2\/posts\/34541\/revisions\/36144"}],"wp:featuredmedia":[{"embeddable":true,"href":"https:\/\/www.radlobby.org\/noe\/wp-json\/wp\/v2\/media\/17182"}],"wp:attachment":[{"href":"https:\/\/www.radlobby.org\/noe\/wp-json\/wp\/v2\/media?parent=34541"}],"wp:term":[{"taxonomy":"category","embeddable":true,"href":"https:\/\/www.radlobby.org\/noe\/wp-json\/wp\/v2\/categories?post=34541"},{"taxonomy":"post_tag","embeddable":true,"href":"https:\/\/www.radlobby.org\/noe\/wp-json\/wp\/v2\/tags?post=34541"}],"curies":[{"name":"wp","href":"https:\/\/api.w.org\/{rel}","templated":true}]}}