{"id":34510,"date":"2024-05-05T19:45:26","date_gmt":"2024-05-05T17:45:26","guid":{"rendered":"https:\/\/www.radlobby.org\/noe\/?p=34510"},"modified":"2024-05-25T22:01:06","modified_gmt":"2024-05-25T20:01:06","slug":"kidical-mass-melk-2024","status":"publish","type":"post","link":"https:\/\/www.radlobby.org\/noe\/kidical-mass-melk-2024\/","title":{"rendered":"Die 3. &#8220;Kidicial Mass Melk \u2013 Radparade f\u00fcr Gro\u00df und Klein\u201c am 4. Mai 2024 war mit 85 TeilnehmerInnen ein voller Erfolg"},"content":{"rendered":"<p><strong><span class=\"x193iq5w xeuugli x13faqbe x1vvkbs x1xmvt09 x1lliihq x1s928wv xhkezso x1gmr53x x1cpjm7i x1fgarty x1943h6x xudqn12 x3x7a5m x6prxxf xvq8zen xo1l8bm xzsf02u x1yc453h\" dir=\"auto\"><a href=\"https:\/\/www.radlobby.org\/noe\/wp-content\/uploads\/442404188_757068506553064_4261483750184084888_n.jpg\" data-src=\"https:\/\/www.radlobby.org\/noe\/wp-content\/uploads\/442404188_757068506553064_4261483750184084888_n.jpg\" data-thumb=\"https:\/\/www.radlobby.org\/noe\/wp-content\/uploads\/442404188_757068506553064_4261483750184084888_n-300x177.jpg\" class=\"ml-lightbox-enabled\"><img loading=\"lazy\" decoding=\"async\" class=\"alignnone size-medium wp-image-35519\" src=\"https:\/\/www.radlobby.org\/noe\/wp-content\/uploads\/442404188_757068506553064_4261483750184084888_n-300x177.jpg\" alt=\"\" width=\"300\" height=\"177\" srcset=\"https:\/\/www.radlobby.org\/noe\/wp-content\/uploads\/442404188_757068506553064_4261483750184084888_n-300x177.jpg 300w, https:\/\/www.radlobby.org\/noe\/wp-content\/uploads\/442404188_757068506553064_4261483750184084888_n-768x452.jpg 768w, https:\/\/www.radlobby.org\/noe\/wp-content\/uploads\/442404188_757068506553064_4261483750184084888_n-1536x904.jpg 1536w, https:\/\/www.radlobby.org\/noe\/wp-content\/uploads\/442404188_757068506553064_4261483750184084888_n.jpg 1600w\" sizes=\"auto, (max-width: 300px) 100vw, 300px\" \/><\/a><a href=\"https:\/\/www.radlobby.org\/noe\/wp-content\/uploads\/441950572_757070719886176_3473584636720787729_n.jpg\" data-src=\"https:\/\/www.radlobby.org\/noe\/wp-content\/uploads\/441950572_757070719886176_3473584636720787729_n.jpg\" data-thumb=\"https:\/\/www.radlobby.org\/noe\/wp-content\/uploads\/441950572_757070719886176_3473584636720787729_n-300x225.jpg\" class=\"ml-lightbox-enabled\"><img loading=\"lazy\" decoding=\"async\" class=\"alignnone size-medium wp-image-35520\" src=\"https:\/\/www.radlobby.org\/noe\/wp-content\/uploads\/441950572_757070719886176_3473584636720787729_n-300x225.jpg\" alt=\"\" width=\"300\" height=\"225\" srcset=\"https:\/\/www.radlobby.org\/noe\/wp-content\/uploads\/441950572_757070719886176_3473584636720787729_n-300x225.jpg 300w, https:\/\/www.radlobby.org\/noe\/wp-content\/uploads\/441950572_757070719886176_3473584636720787729_n-768x576.jpg 768w, https:\/\/www.radlobby.org\/noe\/wp-content\/uploads\/441950572_757070719886176_3473584636720787729_n-1536x1152.jpg 1536w, https:\/\/www.radlobby.org\/noe\/wp-content\/uploads\/441950572_757070719886176_3473584636720787729_n.jpg 2048w\" sizes=\"auto, (max-width: 300px) 100vw, 300px\" \/><\/a><\/span><\/strong><\/p>\n<p><strong><span class=\"x193iq5w xeuugli x13faqbe x1vvkbs x1xmvt09 x1lliihq x1s928wv xhkezso x1gmr53x x1cpjm7i x1fgarty x1943h6x xudqn12 x3x7a5m x6prxxf xvq8zen xo1l8bm xzsf02u x1yc453h\" dir=\"auto\">Die Radlobby Melk setzte damit ein starkes Zeichen f\u00fcr kinderfreundliche Mobilit\u00e4t!<\/span><br \/>\n<\/strong><\/p>\n<div class=\"xdj266r x11i5rnm xat24cr x1mh8g0r x1vvkbs x126k92a\">\n<div dir=\"auto\">Ziel der farbenfrohen Kundgebung \u201eKidical Mass\u201c ist es, Kinder und ihre Mobilit\u00e4t in den Mittelpunkt der Aufmerksamkeit zu r\u00fccken. Bunt geschm\u00fcckt mit Luftballons, Kuscheltieren, selbstgemalten Plakaten, Seifenblasenmaschinen radelte man rund eine Stunde gemeinsam durch die Stadt Melk. Auch ein gro\u00dfer Dino war dieses Mal dabei und begeisterte die Gruppe.<\/div>\n<\/div>\n<div class=\"x11i5rnm xat24cr x1mh8g0r x1vvkbs xtlvy1s x126k92a\">\n<div dir=\"auto\">Zwei freundliche Fahrradpolizisten begleitete den Fahrrad-Konvoi und sorgten f\u00fcr einen sicheren Rahmen f\u00fcr die Kinder, die mit ihren R\u00e4dern, Laufr\u00e4dern und Tretrollern selbstst\u00e4ndig mitfuhren oder am Lastenrad und am Kindersitz ihrer Eltern und Gro\u00dfeltern mit dabei waren. F\u00fcr alle teilnehmenden Kinder gab es am Ende ein Eis.<\/div>\n<\/div>\n<div class=\"x11i5rnm xat24cr x1mh8g0r x1vvkbs xtlvy1s x126k92a\">\n<div dir=\"auto\"><\/div>\n<div dir=\"auto\">Der Zeitpunkt der Kundgebung war von der Radlobby bewusst gew\u00e4hlt:<\/div>\n<div dir=\"auto\">Die Radlobby Melk appelliert gerade jetzt ein halbes Jahr vor der anstehenden Gemeinderatswahl an die politisch Verantwortlichen, das neue einstimmig beschlossene Mobilit\u00e4tskonzept im Sinne einer kinderfreundlichen Stadt konsequent und rasch umzusetzen.<\/div>\n<\/div>\n<div class=\"x11i5rnm xat24cr x1mh8g0r x1vvkbs xtlvy1s x126k92a\">\n<div dir=\"auto\">Ein Verkehrssytem mit Zukunft ist klimavertr\u00e4glich und barrierefrei, alters- und kindergerecht!<\/div>\n<\/div>\n<p>Die Kidical Mass ist nicht nur eine einmalige Ausfahrt von radbegeisterten Kindern und Erwachsenen. Die Kidical Mass ist eine internationale Bewegung und setzt sich f\u00fcr kinderfreundliche und lebenswerte St\u00e4dte ein. Willst du mehr \u00fcber die Kidical Mass erfahren? Besuche die offizielle Seite: \u00a0<a href=\"http:\/\/www.kidicalmass.at\">www.kidicalmass.at<\/a><\/p>\n<p><strong>\u00a0<\/strong><strong>Selbstst\u00e4ndige aktive Mobilit\u00e4t gegen Bewegungsmangel<\/strong><\/p>\n<p>Kinder und Jugendliche machen im Alltag zu wenig Bewegung, zeigt ein Bericht der WHO. Sinkende Bewegungsaktivit\u00e4t und weniger selbstbestimmte aktive Mobilit\u00e4t reduzieren auch Lernerfahrungen im Stra\u00dfenverkehr und erh\u00f6hen somit Unsicherheiten und Unfallgef\u00e4hrdung.<\/p>\n<p><strong>Mit dem neue Mobilit\u00e4tskonzept Melk kinderfreundlich mobil machen<\/strong><\/p>\n<p>Ein f\u00fcr Kinder und Jugendliche gut ausgebautes Wegenetz ist ein Indikator f\u00fcr gelungene Raumplanung und Stadtentwicklung. Es erleichtert selbstst\u00e4ndige und sichere aktive Mobilit\u00e4t zu Fu\u00df und mit dem Fahrrad auf den t\u00e4glichen Wegen &#8211; f\u00fcr uns alle.<\/p>\n","protected":false},"excerpt":{"rendered":"<p>Die Radlobby Melk setzte damit ein starkes Zeichen f\u00fcr kinderfreundliche Mobilit\u00e4t! Ziel der farbenfrohen Kundgebung \u201eKidical Mass\u201c ist es, Kinder und ihre Mobilit\u00e4t in den Mittelpunkt der Aufmerksamkeit zu r\u00fccken. Bunt geschm\u00fcckt mit Luftballons, Kuscheltieren, selbstgemalten Plakaten, Seifenblasenmaschinen radelte man<\/p>\n","protected":false},"author":10,"featured_media":35519,"comment_status":"closed","ping_status":"closed","sticky":false,"template":"","format":"standard","meta":{"footnotes":""},"categories":[9,20],"tags":[26],"class_list":["post-34510","post","type-post","status-publish","format-standard","has-post-thumbnail","hentry","category-melk","category-niederoesterreich","tag-aktionen"],"yoast_head":"<!-- This site is optimized with the Yoast SEO plugin v26.9 - https:\/\/yoast.com\/product\/yoast-seo-wordpress\/ -->\n<title>Die 3. &quot;Kidicial Mass Melk \u2013 Radparade f\u00fcr Gro\u00df und Klein\u201c am 4. Mai 2024 war mit 85 TeilnehmerInnen ein voller Erfolg - Radlobby Nieder\u00f6sterreich<\/title>\n<meta name=\"robots\" content=\"index, follow, max-snippet:-1, max-image-preview:large, max-video-preview:-1\" \/>\n<link rel=\"canonical\" href=\"https:\/\/www.radlobby.org\/noe\/kidical-mass-melk-2024\/\" \/>\n<meta property=\"og:locale\" content=\"de_DE\" \/>\n<meta property=\"og:type\" content=\"article\" \/>\n<meta property=\"og:title\" content=\"Die 3. &quot;Kidicial Mass Melk \u2013 Radparade f\u00fcr Gro\u00df und Klein\u201c am 4. Mai 2024 war mit 85 TeilnehmerInnen ein voller Erfolg - Radlobby Nieder\u00f6sterreich\" \/>\n<meta property=\"og:description\" content=\"Die Radlobby Melk setzte damit ein starkes Zeichen f\u00fcr kinderfreundliche Mobilit\u00e4t! Ziel der farbenfrohen Kundgebung \u201eKidical Mass\u201c ist es, Kinder und ihre Mobilit\u00e4t in den Mittelpunkt der Aufmerksamkeit zu r\u00fccken. Bunt geschm\u00fcckt mit Luftballons, Kuscheltieren, selbstgemalten Plakaten, Seifenblasenmaschinen radelte man\" \/>\n<meta property=\"og:url\" content=\"https:\/\/www.radlobby.org\/noe\/kidical-mass-melk-2024\/\" \/>\n<meta property=\"og:site_name\" content=\"Radlobby Nieder\u00f6sterreich\" \/>\n<meta property=\"article:publisher\" content=\"https:\/\/www.facebook.com\/groups\/radfahren.in.noe\/\" \/>\n<meta property=\"article:published_time\" content=\"2024-05-05T17:45:26+00:00\" \/>\n<meta property=\"article:modified_time\" content=\"2024-05-25T20:01:06+00:00\" \/>\n<meta property=\"og:image\" content=\"https:\/\/www.radlobby.org\/noe\/wp-content\/uploads\/442404188_757068506553064_4261483750184084888_n.jpg\" \/>\n\t<meta property=\"og:image:width\" content=\"1600\" \/>\n\t<meta property=\"og:image:height\" content=\"942\" \/>\n\t<meta property=\"og:image:type\" content=\"image\/jpeg\" \/>\n<meta name=\"author\" content=\"Christian H\u00f6ller\" \/>\n<meta name=\"twitter:card\" content=\"summary_large_image\" \/>\n<meta name=\"twitter:label1\" content=\"Verfasst von\" \/>\n\t<meta name=\"twitter:data1\" content=\"Christian H\u00f6ller\" \/>\n\t<meta name=\"twitter:label2\" content=\"Gesch\u00e4tzte Lesezeit\" \/>\n\t<meta name=\"twitter:data2\" content=\"3\u00a0Minuten\" \/>\n<script type=\"application\/ld+json\" class=\"yoast-schema-graph\">{\"@context\":\"https:\/\/schema.org\",\"@graph\":[{\"@type\":\"Article\",\"@id\":\"https:\/\/www.radlobby.org\/noe\/kidical-mass-melk-2024\/#article\",\"isPartOf\":{\"@id\":\"https:\/\/www.radlobby.org\/noe\/kidical-mass-melk-2024\/\"},\"author\":{\"name\":\"Christian H\u00f6ller\",\"@id\":\"https:\/\/www.radlobby.org\/noe\/#\/schema\/person\/9edd0d27788b22085d15e9b4dad58751\"},\"headline\":\"Die 3. &#8220;Kidicial Mass Melk \u2013 Radparade f\u00fcr Gro\u00df und Klein\u201c am 4. Mai 2024 war mit 85 TeilnehmerInnen ein voller Erfolg\",\"datePublished\":\"2024-05-05T17:45:26+00:00\",\"dateModified\":\"2024-05-25T20:01:06+00:00\",\"mainEntityOfPage\":{\"@id\":\"https:\/\/www.radlobby.org\/noe\/kidical-mass-melk-2024\/\"},\"wordCount\":336,\"publisher\":{\"@id\":\"https:\/\/www.radlobby.org\/noe\/#organization\"},\"image\":{\"@id\":\"https:\/\/www.radlobby.org\/noe\/kidical-mass-melk-2024\/#primaryimage\"},\"thumbnailUrl\":\"https:\/\/www.radlobby.org\/noe\/wp-content\/uploads\/442404188_757068506553064_4261483750184084888_n.jpg\",\"keywords\":[\"Aktionen\"],\"articleSection\":[\"Radlobby Melk\",\"Radlobby Nieder\u00f6sterreich\"],\"inLanguage\":\"de\"},{\"@type\":\"WebPage\",\"@id\":\"https:\/\/www.radlobby.org\/noe\/kidical-mass-melk-2024\/\",\"url\":\"https:\/\/www.radlobby.org\/noe\/kidical-mass-melk-2024\/\",\"name\":\"Die 3. \\\"Kidicial Mass Melk \u2013 Radparade f\u00fcr Gro\u00df und Klein\u201c am 4. Mai 2024 war mit 85 TeilnehmerInnen ein voller Erfolg - Radlobby Nieder\u00f6sterreich\",\"isPartOf\":{\"@id\":\"https:\/\/www.radlobby.org\/noe\/#website\"},\"primaryImageOfPage\":{\"@id\":\"https:\/\/www.radlobby.org\/noe\/kidical-mass-melk-2024\/#primaryimage\"},\"image\":{\"@id\":\"https:\/\/www.radlobby.org\/noe\/kidical-mass-melk-2024\/#primaryimage\"},\"thumbnailUrl\":\"https:\/\/www.radlobby.org\/noe\/wp-content\/uploads\/442404188_757068506553064_4261483750184084888_n.jpg\",\"datePublished\":\"2024-05-05T17:45:26+00:00\",\"dateModified\":\"2024-05-25T20:01:06+00:00\",\"breadcrumb\":{\"@id\":\"https:\/\/www.radlobby.org\/noe\/kidical-mass-melk-2024\/#breadcrumb\"},\"inLanguage\":\"de\",\"potentialAction\":[{\"@type\":\"ReadAction\",\"target\":[\"https:\/\/www.radlobby.org\/noe\/kidical-mass-melk-2024\/\"]}]},{\"@type\":\"ImageObject\",\"inLanguage\":\"de\",\"@id\":\"https:\/\/www.radlobby.org\/noe\/kidical-mass-melk-2024\/#primaryimage\",\"url\":\"https:\/\/www.radlobby.org\/noe\/wp-content\/uploads\/442404188_757068506553064_4261483750184084888_n.jpg\",\"contentUrl\":\"https:\/\/www.radlobby.org\/noe\/wp-content\/uploads\/442404188_757068506553064_4261483750184084888_n.jpg\",\"width\":1600,\"height\":942},{\"@type\":\"BreadcrumbList\",\"@id\":\"https:\/\/www.radlobby.org\/noe\/kidical-mass-melk-2024\/#breadcrumb\",\"itemListElement\":[{\"@type\":\"ListItem\",\"position\":1,\"name\":\"Startseite\",\"item\":\"https:\/\/www.radlobby.org\/noe\/\"},{\"@type\":\"ListItem\",\"position\":2,\"name\":\"Die 3. &#8220;Kidicial Mass Melk \u2013 Radparade f\u00fcr Gro\u00df und Klein\u201c am 4. Mai 2024 war mit 85 TeilnehmerInnen ein voller Erfolg\"}]},{\"@type\":\"WebSite\",\"@id\":\"https:\/\/www.radlobby.org\/noe\/#website\",\"url\":\"https:\/\/www.radlobby.org\/noe\/\",\"name\":\"Radlobby Nieder\u00f6sterreich\",\"description\":\"Radverkehr, Fahrrad, Radfahren, Radreisen, Radtouren, Radweg\",\"publisher\":{\"@id\":\"https:\/\/www.radlobby.org\/noe\/#organization\"},\"potentialAction\":[{\"@type\":\"SearchAction\",\"target\":{\"@type\":\"EntryPoint\",\"urlTemplate\":\"https:\/\/www.radlobby.org\/noe\/?s={search_term_string}\"},\"query-input\":{\"@type\":\"PropertyValueSpecification\",\"valueRequired\":true,\"valueName\":\"search_term_string\"}}],\"inLanguage\":\"de\"},{\"@type\":\"Organization\",\"@id\":\"https:\/\/www.radlobby.org\/noe\/#organization\",\"name\":\"Radlobby Nieder\u00f6sterreich\",\"url\":\"https:\/\/www.radlobby.org\/noe\/\",\"logo\":{\"@type\":\"ImageObject\",\"inLanguage\":\"de\",\"@id\":\"https:\/\/www.radlobby.org\/noe\/#\/schema\/logo\/image\/\",\"url\":\"https:\/\/www.radlobby.org\/noe\/wp-content\/uploads\/2017\/01\/cropped-Logo_Radlobby_Niederoesterreich_50-400px_quer-1.jpg\",\"contentUrl\":\"https:\/\/www.radlobby.org\/noe\/wp-content\/uploads\/2017\/01\/cropped-Logo_Radlobby_Niederoesterreich_50-400px_quer-1.jpg\",\"width\":450,\"height\":124,\"caption\":\"Radlobby Nieder\u00f6sterreich\"},\"image\":{\"@id\":\"https:\/\/www.radlobby.org\/noe\/#\/schema\/logo\/image\/\"},\"sameAs\":[\"https:\/\/www.facebook.com\/groups\/radfahren.in.noe\/\"]},{\"@type\":\"Person\",\"@id\":\"https:\/\/www.radlobby.org\/noe\/#\/schema\/person\/9edd0d27788b22085d15e9b4dad58751\",\"name\":\"Christian H\u00f6ller\",\"image\":{\"@type\":\"ImageObject\",\"inLanguage\":\"de\",\"@id\":\"https:\/\/www.radlobby.org\/noe\/#\/schema\/person\/image\/\",\"url\":\"https:\/\/secure.gravatar.com\/avatar\/7d22484a7ff001a2124b9145038af080348d51ac7e445cb4831a25cbdc57e0b9?s=96&d=mm&r=g\",\"contentUrl\":\"https:\/\/secure.gravatar.com\/avatar\/7d22484a7ff001a2124b9145038af080348d51ac7e445cb4831a25cbdc57e0b9?s=96&d=mm&r=g\",\"caption\":\"Christian H\u00f6ller\"},\"url\":\"https:\/\/www.radlobby.org\/noe\/author\/christianhoeller\/\"}]}<\/script>\n<!-- \/ Yoast SEO plugin. -->","yoast_head_json":{"title":"Die 3. \"Kidicial Mass Melk \u2013 Radparade f\u00fcr Gro\u00df und Klein\u201c am 4. Mai 2024 war mit 85 TeilnehmerInnen ein voller Erfolg - Radlobby Nieder\u00f6sterreich","robots":{"index":"index","follow":"follow","max-snippet":"max-snippet:-1","max-image-preview":"max-image-preview:large","max-video-preview":"max-video-preview:-1"},"canonical":"https:\/\/www.radlobby.org\/noe\/kidical-mass-melk-2024\/","og_locale":"de_DE","og_type":"article","og_title":"Die 3. \"Kidicial Mass Melk \u2013 Radparade f\u00fcr Gro\u00df und Klein\u201c am 4. Mai 2024 war mit 85 TeilnehmerInnen ein voller Erfolg - Radlobby Nieder\u00f6sterreich","og_description":"Die Radlobby Melk setzte damit ein starkes Zeichen f\u00fcr kinderfreundliche Mobilit\u00e4t! Ziel der farbenfrohen Kundgebung \u201eKidical Mass\u201c ist es, Kinder und ihre Mobilit\u00e4t in den Mittelpunkt der Aufmerksamkeit zu r\u00fccken. Bunt geschm\u00fcckt mit Luftballons, Kuscheltieren, selbstgemalten Plakaten, Seifenblasenmaschinen radelte man","og_url":"https:\/\/www.radlobby.org\/noe\/kidical-mass-melk-2024\/","og_site_name":"Radlobby Nieder\u00f6sterreich","article_publisher":"https:\/\/www.facebook.com\/groups\/radfahren.in.noe\/","article_published_time":"2024-05-05T17:45:26+00:00","article_modified_time":"2024-05-25T20:01:06+00:00","og_image":[{"width":1600,"height":942,"url":"https:\/\/www.radlobby.org\/noe\/wp-content\/uploads\/442404188_757068506553064_4261483750184084888_n.jpg","type":"image\/jpeg"}],"author":"Christian H\u00f6ller","twitter_card":"summary_large_image","twitter_misc":{"Verfasst von":"Christian H\u00f6ller","Gesch\u00e4tzte Lesezeit":"3\u00a0Minuten"},"schema":{"@context":"https:\/\/schema.org","@graph":[{"@type":"Article","@id":"https:\/\/www.radlobby.org\/noe\/kidical-mass-melk-2024\/#article","isPartOf":{"@id":"https:\/\/www.radlobby.org\/noe\/kidical-mass-melk-2024\/"},"author":{"name":"Christian H\u00f6ller","@id":"https:\/\/www.radlobby.org\/noe\/#\/schema\/person\/9edd0d27788b22085d15e9b4dad58751"},"headline":"Die 3. &#8220;Kidicial Mass Melk \u2013 Radparade f\u00fcr Gro\u00df und Klein\u201c am 4. Mai 2024 war mit 85 TeilnehmerInnen ein voller Erfolg","datePublished":"2024-05-05T17:45:26+00:00","dateModified":"2024-05-25T20:01:06+00:00","mainEntityOfPage":{"@id":"https:\/\/www.radlobby.org\/noe\/kidical-mass-melk-2024\/"},"wordCount":336,"publisher":{"@id":"https:\/\/www.radlobby.org\/noe\/#organization"},"image":{"@id":"https:\/\/www.radlobby.org\/noe\/kidical-mass-melk-2024\/#primaryimage"},"thumbnailUrl":"https:\/\/www.radlobby.org\/noe\/wp-content\/uploads\/442404188_757068506553064_4261483750184084888_n.jpg","keywords":["Aktionen"],"articleSection":["Radlobby Melk","Radlobby Nieder\u00f6sterreich"],"inLanguage":"de"},{"@type":"WebPage","@id":"https:\/\/www.radlobby.org\/noe\/kidical-mass-melk-2024\/","url":"https:\/\/www.radlobby.org\/noe\/kidical-mass-melk-2024\/","name":"Die 3. \"Kidicial Mass Melk \u2013 Radparade f\u00fcr Gro\u00df und Klein\u201c am 4. Mai 2024 war mit 85 TeilnehmerInnen ein voller Erfolg - Radlobby Nieder\u00f6sterreich","isPartOf":{"@id":"https:\/\/www.radlobby.org\/noe\/#website"},"primaryImageOfPage":{"@id":"https:\/\/www.radlobby.org\/noe\/kidical-mass-melk-2024\/#primaryimage"},"image":{"@id":"https:\/\/www.radlobby.org\/noe\/kidical-mass-melk-2024\/#primaryimage"},"thumbnailUrl":"https:\/\/www.radlobby.org\/noe\/wp-content\/uploads\/442404188_757068506553064_4261483750184084888_n.jpg","datePublished":"2024-05-05T17:45:26+00:00","dateModified":"2024-05-25T20:01:06+00:00","breadcrumb":{"@id":"https:\/\/www.radlobby.org\/noe\/kidical-mass-melk-2024\/#breadcrumb"},"inLanguage":"de","potentialAction":[{"@type":"ReadAction","target":["https:\/\/www.radlobby.org\/noe\/kidical-mass-melk-2024\/"]}]},{"@type":"ImageObject","inLanguage":"de","@id":"https:\/\/www.radlobby.org\/noe\/kidical-mass-melk-2024\/#primaryimage","url":"https:\/\/www.radlobby.org\/noe\/wp-content\/uploads\/442404188_757068506553064_4261483750184084888_n.jpg","contentUrl":"https:\/\/www.radlobby.org\/noe\/wp-content\/uploads\/442404188_757068506553064_4261483750184084888_n.jpg","width":1600,"height":942},{"@type":"BreadcrumbList","@id":"https:\/\/www.radlobby.org\/noe\/kidical-mass-melk-2024\/#breadcrumb","itemListElement":[{"@type":"ListItem","position":1,"name":"Startseite","item":"https:\/\/www.radlobby.org\/noe\/"},{"@type":"ListItem","position":2,"name":"Die 3. &#8220;Kidicial Mass Melk \u2013 Radparade f\u00fcr Gro\u00df und Klein\u201c am 4. Mai 2024 war mit 85 TeilnehmerInnen ein voller Erfolg"}]},{"@type":"WebSite","@id":"https:\/\/www.radlobby.org\/noe\/#website","url":"https:\/\/www.radlobby.org\/noe\/","name":"Radlobby Nieder\u00f6sterreich","description":"Radverkehr, Fahrrad, Radfahren, Radreisen, Radtouren, Radweg","publisher":{"@id":"https:\/\/www.radlobby.org\/noe\/#organization"},"potentialAction":[{"@type":"SearchAction","target":{"@type":"EntryPoint","urlTemplate":"https:\/\/www.radlobby.org\/noe\/?s={search_term_string}"},"query-input":{"@type":"PropertyValueSpecification","valueRequired":true,"valueName":"search_term_string"}}],"inLanguage":"de"},{"@type":"Organization","@id":"https:\/\/www.radlobby.org\/noe\/#organization","name":"Radlobby Nieder\u00f6sterreich","url":"https:\/\/www.radlobby.org\/noe\/","logo":{"@type":"ImageObject","inLanguage":"de","@id":"https:\/\/www.radlobby.org\/noe\/#\/schema\/logo\/image\/","url":"https:\/\/www.radlobby.org\/noe\/wp-content\/uploads\/2017\/01\/cropped-Logo_Radlobby_Niederoesterreich_50-400px_quer-1.jpg","contentUrl":"https:\/\/www.radlobby.org\/noe\/wp-content\/uploads\/2017\/01\/cropped-Logo_Radlobby_Niederoesterreich_50-400px_quer-1.jpg","width":450,"height":124,"caption":"Radlobby Nieder\u00f6sterreich"},"image":{"@id":"https:\/\/www.radlobby.org\/noe\/#\/schema\/logo\/image\/"},"sameAs":["https:\/\/www.facebook.com\/groups\/radfahren.in.noe\/"]},{"@type":"Person","@id":"https:\/\/www.radlobby.org\/noe\/#\/schema\/person\/9edd0d27788b22085d15e9b4dad58751","name":"Christian H\u00f6ller","image":{"@type":"ImageObject","inLanguage":"de","@id":"https:\/\/www.radlobby.org\/noe\/#\/schema\/person\/image\/","url":"https:\/\/secure.gravatar.com\/avatar\/7d22484a7ff001a2124b9145038af080348d51ac7e445cb4831a25cbdc57e0b9?s=96&d=mm&r=g","contentUrl":"https:\/\/secure.gravatar.com\/avatar\/7d22484a7ff001a2124b9145038af080348d51ac7e445cb4831a25cbdc57e0b9?s=96&d=mm&r=g","caption":"Christian H\u00f6ller"},"url":"https:\/\/www.radlobby.org\/noe\/author\/christianhoeller\/"}]}},"_links":{"self":[{"href":"https:\/\/www.radlobby.org\/noe\/wp-json\/wp\/v2\/posts\/34510","targetHints":{"allow":["GET"]}}],"collection":[{"href":"https:\/\/www.radlobby.org\/noe\/wp-json\/wp\/v2\/posts"}],"about":[{"href":"https:\/\/www.radlobby.org\/noe\/wp-json\/wp\/v2\/types\/post"}],"author":[{"embeddable":true,"href":"https:\/\/www.radlobby.org\/noe\/wp-json\/wp\/v2\/users\/10"}],"replies":[{"embeddable":true,"href":"https:\/\/www.radlobby.org\/noe\/wp-json\/wp\/v2\/comments?post=34510"}],"version-history":[{"count":7,"href":"https:\/\/www.radlobby.org\/noe\/wp-json\/wp\/v2\/posts\/34510\/revisions"}],"predecessor-version":[{"id":35521,"href":"https:\/\/www.radlobby.org\/noe\/wp-json\/wp\/v2\/posts\/34510\/revisions\/35521"}],"wp:featuredmedia":[{"embeddable":true,"href":"https:\/\/www.radlobby.org\/noe\/wp-json\/wp\/v2\/media\/35519"}],"wp:attachment":[{"href":"https:\/\/www.radlobby.org\/noe\/wp-json\/wp\/v2\/media?parent=34510"}],"wp:term":[{"taxonomy":"category","embeddable":true,"href":"https:\/\/www.radlobby.org\/noe\/wp-json\/wp\/v2\/categories?post=34510"},{"taxonomy":"post_tag","embeddable":true,"href":"https:\/\/www.radlobby.org\/noe\/wp-json\/wp\/v2\/tags?post=34510"}],"curies":[{"name":"wp","href":"https:\/\/api.w.org\/{rel}","templated":true}]}}