{"id":34337,"date":"2024-03-17T16:32:15","date_gmt":"2024-03-17T15:32:15","guid":{"rendered":"https:\/\/www.radlobby.org\/noe\/?p=34337"},"modified":"2024-03-17T16:37:43","modified_gmt":"2024-03-17T15:37:43","slug":"fahrrad-basar-naturfreunde-amstetten-2024","status":"publish","type":"post","link":"https:\/\/www.radlobby.org\/noe\/fahrrad-basar-naturfreunde-amstetten-2024\/","title":{"rendered":"Fahrrad Basar der Naturfreunde 2024"},"content":{"rendered":"<h4>FAHRRAD BASAR in der Wirkstatt 23. + 24. M\u00e4rz 2024<\/h4>\n<p>Die Ortsgruppe Ulmerfeld-Hausmening-Neufurth der Naturfreunde veranstaltet am<br \/>\n<strong>23. + 24. M\u00e4rz 2024<\/strong> ihren allj\u00e4hrlichen Fahrrad Basar in der Wirkstatt.<\/p>\n<p>Genauere Infos zu der Veranstaltung findet ihr auf der Website der Naturfreunde:<a href=\"https:\/\/www.radlobby.org\/noe\/wp-content\/uploads\/IMG_20240317_151527-scaled.jpg\" data-src=\"https:\/\/www.radlobby.org\/noe\/wp-content\/uploads\/IMG_20240317_151527-scaled.jpg\" data-thumb=\"https:\/\/www.radlobby.org\/noe\/wp-content\/uploads\/IMG_20240317_151527-225x300.jpg\" class=\"ml-lightbox-enabled\"><img loading=\"lazy\" decoding=\"async\" class=\"alignnone wp-image-34338 size-medium\" src=\"https:\/\/www.radlobby.org\/noe\/wp-content\/uploads\/IMG_20240317_151527-225x300.jpg\" alt=\"\" width=\"225\" height=\"300\" srcset=\"https:\/\/www.radlobby.org\/noe\/wp-content\/uploads\/IMG_20240317_151527-225x300.jpg 225w, https:\/\/www.radlobby.org\/noe\/wp-content\/uploads\/IMG_20240317_151527-768x1024.jpg 768w, https:\/\/www.radlobby.org\/noe\/wp-content\/uploads\/IMG_20240317_151527-1152x1536.jpg 1152w, https:\/\/www.radlobby.org\/noe\/wp-content\/uploads\/IMG_20240317_151527-1536x2048.jpg 1536w, https:\/\/www.radlobby.org\/noe\/wp-content\/uploads\/IMG_20240317_151527-scaled.jpg 1920w\" sizes=\"auto, (max-width: 225px) 100vw, 225px\" \/><\/a><\/p>\n<p>https:\/\/ulmerfeld-hausmening.naturfreunde.at\/events\/angebot\/fahrrad-basar-3\/<\/p>\n<p>&nbsp;<\/p>\n","protected":false},"excerpt":{"rendered":"<p>FAHRRAD BASAR in der Wirkstatt 23. + 24. M\u00e4rz 2024 Die Ortsgruppe Ulmerfeld-Hausmening-Neufurth der Naturfreunde veranstaltet am 23. + 24. M\u00e4rz 2024 ihren allj\u00e4hrlichen Fahrrad Basar in der Wirkstatt. Genauere Infos zu der Veranstaltung findet ihr auf der Website der<\/p>\n","protected":false},"author":85,"featured_media":34338,"comment_status":"closed","ping_status":"closed","sticky":false,"template":"","format":"standard","meta":{"footnotes":""},"categories":[579,596],"tags":[],"class_list":["post-34337","post","type-post","status-publish","format-standard","has-post-thumbnail","hentry","category-amstetten","category-ybbstal"],"yoast_head":"<!-- This site is optimized with the Yoast SEO plugin v26.9 - https:\/\/yoast.com\/product\/yoast-seo-wordpress\/ -->\n<title>Fahrrad Basar der Naturfreunde 2024 - Radlobby Nieder\u00f6sterreich<\/title>\n<meta name=\"robots\" content=\"index, follow, max-snippet:-1, max-image-preview:large, max-video-preview:-1\" \/>\n<link rel=\"canonical\" href=\"https:\/\/www.radlobby.org\/noe\/fahrrad-basar-naturfreunde-amstetten-2024\/\" \/>\n<meta property=\"og:locale\" content=\"de_DE\" \/>\n<meta property=\"og:type\" content=\"article\" \/>\n<meta property=\"og:title\" content=\"Fahrrad Basar der Naturfreunde 2024 - Radlobby Nieder\u00f6sterreich\" \/>\n<meta property=\"og:description\" content=\"FAHRRAD BASAR in der Wirkstatt 23. + 24. M\u00e4rz 2024 Die Ortsgruppe Ulmerfeld-Hausmening-Neufurth der Naturfreunde veranstaltet am 23. + 24. M\u00e4rz 2024 ihren allj\u00e4hrlichen Fahrrad Basar in der Wirkstatt. Genauere Infos zu der Veranstaltung findet ihr auf der Website der\" \/>\n<meta property=\"og:url\" content=\"https:\/\/www.radlobby.org\/noe\/fahrrad-basar-naturfreunde-amstetten-2024\/\" \/>\n<meta property=\"og:site_name\" content=\"Radlobby Nieder\u00f6sterreich\" \/>\n<meta property=\"article:publisher\" content=\"https:\/\/www.facebook.com\/groups\/radfahren.in.noe\/\" \/>\n<meta property=\"article:published_time\" content=\"2024-03-17T15:32:15+00:00\" \/>\n<meta property=\"article:modified_time\" content=\"2024-03-17T15:37:43+00:00\" \/>\n<meta property=\"og:image\" content=\"https:\/\/www.radlobby.org\/noe\/wp-content\/uploads\/IMG_20240317_151527-scaled.jpg\" \/>\n\t<meta property=\"og:image:width\" content=\"1920\" \/>\n\t<meta property=\"og:image:height\" content=\"2560\" \/>\n\t<meta property=\"og:image:type\" content=\"image\/jpeg\" \/>\n<meta name=\"author\" content=\"Patrick Haslinger\" \/>\n<meta name=\"twitter:card\" content=\"summary_large_image\" \/>\n<meta name=\"twitter:label1\" content=\"Verfasst von\" \/>\n\t<meta name=\"twitter:data1\" content=\"Patrick Haslinger\" \/>\n\t<meta name=\"twitter:label2\" content=\"Gesch\u00e4tzte Lesezeit\" \/>\n\t<meta name=\"twitter:data2\" content=\"1\u00a0Minute\" \/>\n<script type=\"application\/ld+json\" class=\"yoast-schema-graph\">{\"@context\":\"https:\/\/schema.org\",\"@graph\":[{\"@type\":\"Article\",\"@id\":\"https:\/\/www.radlobby.org\/noe\/fahrrad-basar-naturfreunde-amstetten-2024\/#article\",\"isPartOf\":{\"@id\":\"https:\/\/www.radlobby.org\/noe\/fahrrad-basar-naturfreunde-amstetten-2024\/\"},\"author\":{\"name\":\"Patrick Haslinger\",\"@id\":\"https:\/\/www.radlobby.org\/noe\/#\/schema\/person\/afe0233b9fb4bb6eaceaa46c6751785c\"},\"headline\":\"Fahrrad Basar der Naturfreunde 2024\",\"datePublished\":\"2024-03-17T15:32:15+00:00\",\"dateModified\":\"2024-03-17T15:37:43+00:00\",\"mainEntityOfPage\":{\"@id\":\"https:\/\/www.radlobby.org\/noe\/fahrrad-basar-naturfreunde-amstetten-2024\/\"},\"wordCount\":48,\"publisher\":{\"@id\":\"https:\/\/www.radlobby.org\/noe\/#organization\"},\"image\":{\"@id\":\"https:\/\/www.radlobby.org\/noe\/fahrrad-basar-naturfreunde-amstetten-2024\/#primaryimage\"},\"thumbnailUrl\":\"https:\/\/www.radlobby.org\/noe\/wp-content\/uploads\/IMG_20240317_151527-scaled.jpg\",\"articleSection\":[\"Radlobby Amstetten\",\"Radlobby Ybbstal\"],\"inLanguage\":\"de\"},{\"@type\":\"WebPage\",\"@id\":\"https:\/\/www.radlobby.org\/noe\/fahrrad-basar-naturfreunde-amstetten-2024\/\",\"url\":\"https:\/\/www.radlobby.org\/noe\/fahrrad-basar-naturfreunde-amstetten-2024\/\",\"name\":\"Fahrrad Basar der Naturfreunde 2024 - Radlobby Nieder\u00f6sterreich\",\"isPartOf\":{\"@id\":\"https:\/\/www.radlobby.org\/noe\/#website\"},\"primaryImageOfPage\":{\"@id\":\"https:\/\/www.radlobby.org\/noe\/fahrrad-basar-naturfreunde-amstetten-2024\/#primaryimage\"},\"image\":{\"@id\":\"https:\/\/www.radlobby.org\/noe\/fahrrad-basar-naturfreunde-amstetten-2024\/#primaryimage\"},\"thumbnailUrl\":\"https:\/\/www.radlobby.org\/noe\/wp-content\/uploads\/IMG_20240317_151527-scaled.jpg\",\"datePublished\":\"2024-03-17T15:32:15+00:00\",\"dateModified\":\"2024-03-17T15:37:43+00:00\",\"breadcrumb\":{\"@id\":\"https:\/\/www.radlobby.org\/noe\/fahrrad-basar-naturfreunde-amstetten-2024\/#breadcrumb\"},\"inLanguage\":\"de\",\"potentialAction\":[{\"@type\":\"ReadAction\",\"target\":[\"https:\/\/www.radlobby.org\/noe\/fahrrad-basar-naturfreunde-amstetten-2024\/\"]}]},{\"@type\":\"ImageObject\",\"inLanguage\":\"de\",\"@id\":\"https:\/\/www.radlobby.org\/noe\/fahrrad-basar-naturfreunde-amstetten-2024\/#primaryimage\",\"url\":\"https:\/\/www.radlobby.org\/noe\/wp-content\/uploads\/IMG_20240317_151527-scaled.jpg\",\"contentUrl\":\"https:\/\/www.radlobby.org\/noe\/wp-content\/uploads\/IMG_20240317_151527-scaled.jpg\",\"width\":1920,\"height\":2560},{\"@type\":\"BreadcrumbList\",\"@id\":\"https:\/\/www.radlobby.org\/noe\/fahrrad-basar-naturfreunde-amstetten-2024\/#breadcrumb\",\"itemListElement\":[{\"@type\":\"ListItem\",\"position\":1,\"name\":\"Startseite\",\"item\":\"https:\/\/www.radlobby.org\/noe\/\"},{\"@type\":\"ListItem\",\"position\":2,\"name\":\"Fahrrad Basar der Naturfreunde 2024\"}]},{\"@type\":\"WebSite\",\"@id\":\"https:\/\/www.radlobby.org\/noe\/#website\",\"url\":\"https:\/\/www.radlobby.org\/noe\/\",\"name\":\"Radlobby Nieder\u00f6sterreich\",\"description\":\"Radverkehr, Fahrrad, Radfahren, Radreisen, Radtouren, Radweg\",\"publisher\":{\"@id\":\"https:\/\/www.radlobby.org\/noe\/#organization\"},\"potentialAction\":[{\"@type\":\"SearchAction\",\"target\":{\"@type\":\"EntryPoint\",\"urlTemplate\":\"https:\/\/www.radlobby.org\/noe\/?s={search_term_string}\"},\"query-input\":{\"@type\":\"PropertyValueSpecification\",\"valueRequired\":true,\"valueName\":\"search_term_string\"}}],\"inLanguage\":\"de\"},{\"@type\":\"Organization\",\"@id\":\"https:\/\/www.radlobby.org\/noe\/#organization\",\"name\":\"Radlobby Nieder\u00f6sterreich\",\"url\":\"https:\/\/www.radlobby.org\/noe\/\",\"logo\":{\"@type\":\"ImageObject\",\"inLanguage\":\"de\",\"@id\":\"https:\/\/www.radlobby.org\/noe\/#\/schema\/logo\/image\/\",\"url\":\"https:\/\/www.radlobby.org\/noe\/wp-content\/uploads\/2017\/01\/cropped-Logo_Radlobby_Niederoesterreich_50-400px_quer-1.jpg\",\"contentUrl\":\"https:\/\/www.radlobby.org\/noe\/wp-content\/uploads\/2017\/01\/cropped-Logo_Radlobby_Niederoesterreich_50-400px_quer-1.jpg\",\"width\":450,\"height\":124,\"caption\":\"Radlobby Nieder\u00f6sterreich\"},\"image\":{\"@id\":\"https:\/\/www.radlobby.org\/noe\/#\/schema\/logo\/image\/\"},\"sameAs\":[\"https:\/\/www.facebook.com\/groups\/radfahren.in.noe\/\"]},{\"@type\":\"Person\",\"@id\":\"https:\/\/www.radlobby.org\/noe\/#\/schema\/person\/afe0233b9fb4bb6eaceaa46c6751785c\",\"name\":\"Patrick Haslinger\",\"image\":{\"@type\":\"ImageObject\",\"inLanguage\":\"de\",\"@id\":\"https:\/\/www.radlobby.org\/noe\/#\/schema\/person\/image\/\",\"url\":\"https:\/\/secure.gravatar.com\/avatar\/e4e98524259135452c397dd1b66d0b10e5e5e96b0b2426c95f00c17c53897790?s=96&d=mm&r=g\",\"contentUrl\":\"https:\/\/secure.gravatar.com\/avatar\/e4e98524259135452c397dd1b66d0b10e5e5e96b0b2426c95f00c17c53897790?s=96&d=mm&r=g\",\"caption\":\"Patrick Haslinger\"},\"url\":\"https:\/\/www.radlobby.org\/noe\/author\/patrick-haslinger\/\"}]}<\/script>\n<!-- \/ Yoast SEO plugin. -->","yoast_head_json":{"title":"Fahrrad Basar der Naturfreunde 2024 - Radlobby Nieder\u00f6sterreich","robots":{"index":"index","follow":"follow","max-snippet":"max-snippet:-1","max-image-preview":"max-image-preview:large","max-video-preview":"max-video-preview:-1"},"canonical":"https:\/\/www.radlobby.org\/noe\/fahrrad-basar-naturfreunde-amstetten-2024\/","og_locale":"de_DE","og_type":"article","og_title":"Fahrrad Basar der Naturfreunde 2024 - Radlobby Nieder\u00f6sterreich","og_description":"FAHRRAD BASAR in der Wirkstatt 23. + 24. M\u00e4rz 2024 Die Ortsgruppe Ulmerfeld-Hausmening-Neufurth der Naturfreunde veranstaltet am 23. + 24. M\u00e4rz 2024 ihren allj\u00e4hrlichen Fahrrad Basar in der Wirkstatt. Genauere Infos zu der Veranstaltung findet ihr auf der Website der","og_url":"https:\/\/www.radlobby.org\/noe\/fahrrad-basar-naturfreunde-amstetten-2024\/","og_site_name":"Radlobby Nieder\u00f6sterreich","article_publisher":"https:\/\/www.facebook.com\/groups\/radfahren.in.noe\/","article_published_time":"2024-03-17T15:32:15+00:00","article_modified_time":"2024-03-17T15:37:43+00:00","og_image":[{"width":1920,"height":2560,"url":"https:\/\/www.radlobby.org\/noe\/wp-content\/uploads\/IMG_20240317_151527-scaled.jpg","type":"image\/jpeg"}],"author":"Patrick Haslinger","twitter_card":"summary_large_image","twitter_misc":{"Verfasst von":"Patrick Haslinger","Gesch\u00e4tzte Lesezeit":"1\u00a0Minute"},"schema":{"@context":"https:\/\/schema.org","@graph":[{"@type":"Article","@id":"https:\/\/www.radlobby.org\/noe\/fahrrad-basar-naturfreunde-amstetten-2024\/#article","isPartOf":{"@id":"https:\/\/www.radlobby.org\/noe\/fahrrad-basar-naturfreunde-amstetten-2024\/"},"author":{"name":"Patrick Haslinger","@id":"https:\/\/www.radlobby.org\/noe\/#\/schema\/person\/afe0233b9fb4bb6eaceaa46c6751785c"},"headline":"Fahrrad Basar der Naturfreunde 2024","datePublished":"2024-03-17T15:32:15+00:00","dateModified":"2024-03-17T15:37:43+00:00","mainEntityOfPage":{"@id":"https:\/\/www.radlobby.org\/noe\/fahrrad-basar-naturfreunde-amstetten-2024\/"},"wordCount":48,"publisher":{"@id":"https:\/\/www.radlobby.org\/noe\/#organization"},"image":{"@id":"https:\/\/www.radlobby.org\/noe\/fahrrad-basar-naturfreunde-amstetten-2024\/#primaryimage"},"thumbnailUrl":"https:\/\/www.radlobby.org\/noe\/wp-content\/uploads\/IMG_20240317_151527-scaled.jpg","articleSection":["Radlobby Amstetten","Radlobby Ybbstal"],"inLanguage":"de"},{"@type":"WebPage","@id":"https:\/\/www.radlobby.org\/noe\/fahrrad-basar-naturfreunde-amstetten-2024\/","url":"https:\/\/www.radlobby.org\/noe\/fahrrad-basar-naturfreunde-amstetten-2024\/","name":"Fahrrad Basar der Naturfreunde 2024 - Radlobby Nieder\u00f6sterreich","isPartOf":{"@id":"https:\/\/www.radlobby.org\/noe\/#website"},"primaryImageOfPage":{"@id":"https:\/\/www.radlobby.org\/noe\/fahrrad-basar-naturfreunde-amstetten-2024\/#primaryimage"},"image":{"@id":"https:\/\/www.radlobby.org\/noe\/fahrrad-basar-naturfreunde-amstetten-2024\/#primaryimage"},"thumbnailUrl":"https:\/\/www.radlobby.org\/noe\/wp-content\/uploads\/IMG_20240317_151527-scaled.jpg","datePublished":"2024-03-17T15:32:15+00:00","dateModified":"2024-03-17T15:37:43+00:00","breadcrumb":{"@id":"https:\/\/www.radlobby.org\/noe\/fahrrad-basar-naturfreunde-amstetten-2024\/#breadcrumb"},"inLanguage":"de","potentialAction":[{"@type":"ReadAction","target":["https:\/\/www.radlobby.org\/noe\/fahrrad-basar-naturfreunde-amstetten-2024\/"]}]},{"@type":"ImageObject","inLanguage":"de","@id":"https:\/\/www.radlobby.org\/noe\/fahrrad-basar-naturfreunde-amstetten-2024\/#primaryimage","url":"https:\/\/www.radlobby.org\/noe\/wp-content\/uploads\/IMG_20240317_151527-scaled.jpg","contentUrl":"https:\/\/www.radlobby.org\/noe\/wp-content\/uploads\/IMG_20240317_151527-scaled.jpg","width":1920,"height":2560},{"@type":"BreadcrumbList","@id":"https:\/\/www.radlobby.org\/noe\/fahrrad-basar-naturfreunde-amstetten-2024\/#breadcrumb","itemListElement":[{"@type":"ListItem","position":1,"name":"Startseite","item":"https:\/\/www.radlobby.org\/noe\/"},{"@type":"ListItem","position":2,"name":"Fahrrad Basar der Naturfreunde 2024"}]},{"@type":"WebSite","@id":"https:\/\/www.radlobby.org\/noe\/#website","url":"https:\/\/www.radlobby.org\/noe\/","name":"Radlobby Nieder\u00f6sterreich","description":"Radverkehr, Fahrrad, Radfahren, Radreisen, Radtouren, Radweg","publisher":{"@id":"https:\/\/www.radlobby.org\/noe\/#organization"},"potentialAction":[{"@type":"SearchAction","target":{"@type":"EntryPoint","urlTemplate":"https:\/\/www.radlobby.org\/noe\/?s={search_term_string}"},"query-input":{"@type":"PropertyValueSpecification","valueRequired":true,"valueName":"search_term_string"}}],"inLanguage":"de"},{"@type":"Organization","@id":"https:\/\/www.radlobby.org\/noe\/#organization","name":"Radlobby Nieder\u00f6sterreich","url":"https:\/\/www.radlobby.org\/noe\/","logo":{"@type":"ImageObject","inLanguage":"de","@id":"https:\/\/www.radlobby.org\/noe\/#\/schema\/logo\/image\/","url":"https:\/\/www.radlobby.org\/noe\/wp-content\/uploads\/2017\/01\/cropped-Logo_Radlobby_Niederoesterreich_50-400px_quer-1.jpg","contentUrl":"https:\/\/www.radlobby.org\/noe\/wp-content\/uploads\/2017\/01\/cropped-Logo_Radlobby_Niederoesterreich_50-400px_quer-1.jpg","width":450,"height":124,"caption":"Radlobby Nieder\u00f6sterreich"},"image":{"@id":"https:\/\/www.radlobby.org\/noe\/#\/schema\/logo\/image\/"},"sameAs":["https:\/\/www.facebook.com\/groups\/radfahren.in.noe\/"]},{"@type":"Person","@id":"https:\/\/www.radlobby.org\/noe\/#\/schema\/person\/afe0233b9fb4bb6eaceaa46c6751785c","name":"Patrick Haslinger","image":{"@type":"ImageObject","inLanguage":"de","@id":"https:\/\/www.radlobby.org\/noe\/#\/schema\/person\/image\/","url":"https:\/\/secure.gravatar.com\/avatar\/e4e98524259135452c397dd1b66d0b10e5e5e96b0b2426c95f00c17c53897790?s=96&d=mm&r=g","contentUrl":"https:\/\/secure.gravatar.com\/avatar\/e4e98524259135452c397dd1b66d0b10e5e5e96b0b2426c95f00c17c53897790?s=96&d=mm&r=g","caption":"Patrick Haslinger"},"url":"https:\/\/www.radlobby.org\/noe\/author\/patrick-haslinger\/"}]}},"_links":{"self":[{"href":"https:\/\/www.radlobby.org\/noe\/wp-json\/wp\/v2\/posts\/34337","targetHints":{"allow":["GET"]}}],"collection":[{"href":"https:\/\/www.radlobby.org\/noe\/wp-json\/wp\/v2\/posts"}],"about":[{"href":"https:\/\/www.radlobby.org\/noe\/wp-json\/wp\/v2\/types\/post"}],"author":[{"embeddable":true,"href":"https:\/\/www.radlobby.org\/noe\/wp-json\/wp\/v2\/users\/85"}],"replies":[{"embeddable":true,"href":"https:\/\/www.radlobby.org\/noe\/wp-json\/wp\/v2\/comments?post=34337"}],"version-history":[{"count":5,"href":"https:\/\/www.radlobby.org\/noe\/wp-json\/wp\/v2\/posts\/34337\/revisions"}],"predecessor-version":[{"id":34343,"href":"https:\/\/www.radlobby.org\/noe\/wp-json\/wp\/v2\/posts\/34337\/revisions\/34343"}],"wp:featuredmedia":[{"embeddable":true,"href":"https:\/\/www.radlobby.org\/noe\/wp-json\/wp\/v2\/media\/34338"}],"wp:attachment":[{"href":"https:\/\/www.radlobby.org\/noe\/wp-json\/wp\/v2\/media?parent=34337"}],"wp:term":[{"taxonomy":"category","embeddable":true,"href":"https:\/\/www.radlobby.org\/noe\/wp-json\/wp\/v2\/categories?post=34337"},{"taxonomy":"post_tag","embeddable":true,"href":"https:\/\/www.radlobby.org\/noe\/wp-json\/wp\/v2\/tags?post=34337"}],"curies":[{"name":"wp","href":"https:\/\/api.w.org\/{rel}","templated":true}]}}