{"id":34328,"date":"2025-04-07T21:10:19","date_gmt":"2025-04-07T19:10:19","guid":{"rendered":"https:\/\/www.radlobby.org\/noe\/?p=34328"},"modified":"2025-05-02T20:09:56","modified_gmt":"2025-05-02T18:09:56","slug":"fahrradfreundlicheprojekte","status":"publish","type":"post","link":"https:\/\/www.radlobby.org\/noe\/fahrradfreundlicheprojekte\/","title":{"rendered":"Radlobby Bad V\u00f6slau | Fahrradfreundliche Projekte in der Umgebung: Baden &#8211; Bad V\u00f6slau"},"content":{"rendered":"<h2 class=\"\" data-start=\"171\" data-end=\"243\">Fahrradfreundliche Projekte in der Umgebung: Baden \u2013 Bad V\u00f6slau<\/h2>\n<p class=\"\" data-start=\"245\" data-end=\"364\"><span class=\"relative -mx-px my-[-0.2rem] rounded px-px py-[0.2rem] transition-colors duration-100 ease-in-out\">In unserer Region gibt es zahlreiche spannende Initiativen rund ums Fahrradfahren.<\/span> <span class=\"relative -mx-px my-[-0.2rem] rounded px-px py-[0.2rem] transition-colors duration-100 ease-in-out\">Hier stellen wir einige davon vor:<\/span>\u200b<\/p>\n<div><\/div>\n<hr class=\"\" data-start=\"944\" data-end=\"947\" \/>\n<h4 data-start=\"371\" data-end=\"401\">Ausfahrten und Workshops<\/h4>\n<h5 data-start=\"371\" data-end=\"401\">(Triathleten, La\u0308ufer, Kriterium-, Marathon-, Rennrad-, MTB-, Enduro-, Downhill-, Dirt- und Bahnfahrer)<\/h5>\n<p class=\"\" data-start=\"2130\" data-end=\"2427\"><a href=\"https:\/\/femalecyclingbase.at\/\"><strong data-start=\"2130\" data-end=\"2153\">Female Cycling Base<\/strong><\/a><br data-start=\"2153\" data-end=\"2156\" \/>Ein Radsport- und Triathlonverein f\u00fcr Frauen mit Sitz in Bad V\u00f6slau. Die Female Cycling Base organisiert Road Camps und andere Veranstaltungen, die auch f\u00fcr Nicht-Mitglieder offen sind.<\/p>\n<p data-start=\"2130\" data-end=\"2427\"><a href=\"https:\/\/femalecyclingbase.at\/\"><img loading=\"lazy\" decoding=\"async\" class=\"attachment-full alignnone\" src=\"https:\/\/femalecyclingbase.at\/wp-content\/uploads\/2022\/04\/FEMALEcycling_kreis.png\" sizes=\"auto, (max-width: 2363px) 100vw, 2363px\" srcset=\"https:\/\/femalecyclingbase.at\/wp-content\/uploads\/2022\/04\/FEMALEcycling_kreis.png 2363w, https:\/\/femalecyclingbase.at\/wp-content\/uploads\/2022\/04\/FEMALEcycling_kreis-300x300.png 300w, https:\/\/femalecyclingbase.at\/wp-content\/uploads\/2022\/04\/FEMALEcycling_kreis-1024x1024.png 1024w, https:\/\/femalecyclingbase.at\/wp-content\/uploads\/2022\/04\/FEMALEcycling_kreis-150x150.png 150w, https:\/\/femalecyclingbase.at\/wp-content\/uploads\/2022\/04\/FEMALEcycling_kreis-768x768.png 768w, https:\/\/femalecyclingbase.at\/wp-content\/uploads\/2022\/04\/FEMALEcycling_kreis-1536x1536.png 1536w, https:\/\/femalecyclingbase.at\/wp-content\/uploads\/2022\/04\/FEMALEcycling_kreis-2048x2048.png 2048w\" alt=\"Logo Female Cycling Base\" width=\"229\" height=\"229\" \/><\/a><\/p>\n<div><\/div>\n<p class=\"\" data-start=\"678\" data-end=\"867\"><a href=\"https:\/\/www.mitziandfriends.at\/\"><strong data-start=\"678\" data-end=\"699\">Mitzi and Friends<\/strong><\/a><br data-start=\"699\" data-end=\"702\" \/><span class=\"relative -mx-px my-[-0.2rem] rounded px-px py-[0.2rem] transition-colors duration-100 ease-in-out\">Der Frauen-Radclub organisiert regelm\u00e4\u00dfige Rennradausfahrten wie die &#8220;Soft Banana Rides&#8221; und &#8220;Early Bird Rides&#8221; f\u00fcr verschiedene Leistungsgruppen.<\/span> <span class=\"relative -mx-px my-[-0.2rem] rounded px-px py-[0.2rem] transition-colors duration-100 ease-in-out\">Zudem werden Themenausfahrten und Trainingscamps angeboten.<\/span><\/p>\n<p data-start=\"678\" data-end=\"867\"><a href=\"https:\/\/www.mitziandfriends.at\/\"><img loading=\"lazy\" decoding=\"async\" class=\"image-result__image alignnone\" src=\"https:\/\/tse1.mm.bing.net\/th?id=OIP.daOvIC4fKqXu3oRxD9WOAQHaHa&amp;pid=Api\" alt=\"Mitzi and Friends Women's Cycling Club\" width=\"260\" height=\"260\" data-v-0d439c73=\"\" \/><\/a><\/p>\n<div><a href=\"https:\/\/rc.bikeshop-kreuzer.at\/index.php\">Radclub Kreuzer<\/a><\/div>\n<div><span class=\"relative -mx-px my-[-0.2rem] rounded px-px py-[0.2rem] transition-colors duration-100 ease-in-out\">Gegr\u00fcndet vom Inhaber des Bikeshop Kreuzer, entstand der Radclub Joe Kreuzer aus einer kleinen Gruppe von Radsportbegeisterten.<\/span> <span class=\"relative -mx-px my-[-0.2rem] rounded px-px py-[0.2rem] transition-colors duration-100 ease-in-out\">Der Club umfasst heute sowohl ambitionierte Rennradfahrer als auch Mountainbiker und Downhill-Fahrer.<\/span> <span class=\"relative -mx-px my-[-0.2rem] rounded px-px py-[0.2rem] transition-colors duration-100 ease-in-out\">Regelm\u00e4\u00dfige Ausfahrten und die Teilnahme an Rennen stehen auf dem Programm.<\/span><\/div>\n<div><\/div>\n<div><a href=\"https:\/\/rc.bikeshop-kreuzer.at\/index.php\"><img loading=\"lazy\" decoding=\"async\" class=\"attachment-full alignnone wp-image-1633\" src=\"https:\/\/www.bikeshop-kreuzer.at\/wp-content\/uploads\/2020\/11\/Radclub_20201103.jpg\" sizes=\"auto, (max-width: 960px) 100vw, 960px\" srcset=\"https:\/\/www.bikeshop-kreuzer.at\/wp-content\/uploads\/2020\/11\/Radclub_20201103.jpg 960w, https:\/\/www.bikeshop-kreuzer.at\/wp-content\/uploads\/2020\/11\/Radclub_20201103-300x200.jpg 300w, https:\/\/www.bikeshop-kreuzer.at\/wp-content\/uploads\/2020\/11\/Radclub_20201103-768x512.jpg 768w, https:\/\/www.bikeshop-kreuzer.at\/wp-content\/uploads\/2020\/11\/Radclub_20201103-600x400.jpg 600w\" alt=\"\" width=\"344\" height=\"229\" \/><\/a><\/div>\n<div><\/div>\n<p class=\"\" data-start=\"403\" data-end=\"579\"><a href=\"https:\/\/www.velochicks.at\/\"><strong data-start=\"403\" data-end=\"417\">Velochicks<\/strong><\/a><br data-start=\"417\" data-end=\"420\" \/><span class=\"relative -mx-px my-[-0.2rem] rounded px-px py-[0.2rem] transition-colors duration-100 ease-in-out\">Die Velochicks bieten Mountainbike-Fahrtechnikkurse f\u00fcr Frauen in Wien, Graz und Nieder\u00f6sterreich an.<\/span> <span class=\"relative -mx-px my-[-0.2rem] rounded px-px py-[0.2rem] transition-colors duration-100 ease-in-out\">In Bad V\u00f6slau finden regelm\u00e4\u00dfig Workshops statt, beispielsweise im Trailcenter Wien.<\/span> \u200b<\/p>\n<p data-start=\"403\" data-end=\"579\"><a href=\"https:\/\/www.velochicks.at\/\"><img loading=\"lazy\" decoding=\"async\" id=\"cc-m-imagesubtitle-image-13038183299\" class=\"alignnone\" src=\"https:\/\/image.jimcdn.com\/app\/cms\/image\/transf\/dimension=224x10000:format=jpg\/path\/sf0b64be1f4a42272\/image\/ifd3ff81f0b4a5ba5\/version\/1646066732\/image.jpg\" sizes=\"auto, (min-width: 224px) 224px, 100vw\" srcset=\"https:\/\/image.jimcdn.com\/app\/cms\/image\/transf\/dimension=224x10000:format=jpg\/path\/sf0b64be1f4a42272\/image\/ifd3ff81f0b4a5ba5\/version\/1646066732\/image.jpg 224w, https:\/\/image.jimcdn.com\/app\/cms\/image\/transf\/dimension=320x10000:format=jpg\/path\/sf0b64be1f4a42272\/image\/ifd3ff81f0b4a5ba5\/version\/1646066732\/image.jpg 320w, https:\/\/image.jimcdn.com\/app\/cms\/image\/transf\/none\/path\/sf0b64be1f4a42272\/image\/ifd3ff81f0b4a5ba5\/version\/1646066732\/image.jpg 408w\" alt=\"\" width=\"224\" height=\"130\" data-src-width=\"408\" data-src-height=\"237\" data-src=\"https:\/\/image.jimcdn.com\/app\/cms\/image\/transf\/dimension=224x10000:format=jpg\/path\/sf0b64be1f4a42272\/image\/ifd3ff81f0b4a5ba5\/version\/1646066732\/image.jpg\" data-image-id=\"8499809299\" \/><\/a><\/p>\n<p data-start=\"403\" data-end=\"579\">\n<p data-start=\"403\" data-end=\"579\"><a href=\"https:\/\/www.sportwissen.at\/\">Verkehrs\u00fcbung am Hartplatz<\/a><\/p>\n<p data-start=\"403\" data-end=\"579\">Das Erlebnisspiel Verkehr ist ein inklusives, frei zug\u00e4ngliches \u00dcbungsfeld im Schlosspark Bad V\u00f6slau, das Kindern spielerisch mehr Sicherheit im Stra\u00dfenverkehr im <strong>Mai 2025<\/strong> vermittelt.<\/p>\n<p data-start=\"403\" data-end=\"579\"><a href=\"https:\/\/www.radlobby.org\/noe\/wp-content\/uploads\/552a862e-2058-4c6f-9111-940e11c0d853.png\" data-src=\"https:\/\/www.radlobby.org\/noe\/wp-content\/uploads\/552a862e-2058-4c6f-9111-940e11c0d853.png\" data-thumb=\"https:\/\/www.radlobby.org\/noe\/wp-content\/uploads\/552a862e-2058-4c6f-9111-940e11c0d853-300x125.png\" class=\"ml-lightbox-enabled\"><img loading=\"lazy\" decoding=\"async\" class=\"size-medium wp-image-38935 alignleft\" src=\"https:\/\/www.radlobby.org\/noe\/wp-content\/uploads\/552a862e-2058-4c6f-9111-940e11c0d853-300x125.png\" alt=\"\" width=\"300\" height=\"125\" srcset=\"https:\/\/www.radlobby.org\/noe\/wp-content\/uploads\/552a862e-2058-4c6f-9111-940e11c0d853-300x125.png 300w, https:\/\/www.radlobby.org\/noe\/wp-content\/uploads\/552a862e-2058-4c6f-9111-940e11c0d853-768x321.png 768w, https:\/\/www.radlobby.org\/noe\/wp-content\/uploads\/552a862e-2058-4c6f-9111-940e11c0d853-1536x642.png 1536w, https:\/\/www.radlobby.org\/noe\/wp-content\/uploads\/552a862e-2058-4c6f-9111-940e11c0d853-2048x856.png 2048w\" sizes=\"auto, (max-width: 300px) 100vw, 300px\" \/><\/a><\/p>\n<div><\/div>\n<div><\/div>\n<div><\/div>\n<div><\/div>\n<div><\/div>\n<div><\/div>\n<hr class=\"\" data-start=\"944\" data-end=\"947\" \/>\n<h3 class=\"\" data-start=\"949\" data-end=\"975\">Schrauber-Workshops<\/h3>\n<p class=\"\" data-start=\"977\" data-end=\"1270\"><a href=\"http:\/\/www.bikeshop-kreuzer.at\u200b\"><strong data-start=\"977\" data-end=\"997\">Bikeshop Kreuzer<\/strong><\/a><br data-start=\"997\" data-end=\"1000\" \/>Der Bikeshop Kreuzer veranstaltet regelm\u00e4\u00dfig Schrauberworkshops, unterst\u00fctzt von SHIMANO. Die Teilnehmerzahl ist auf 6 Personen begrenzt, und es gibt ein Goodie Bag f\u00fcr die Teilnehmer.<\/p>\n<div><a href=\"www.bikeshop-kreuzer.at\u200b\"><img loading=\"lazy\" decoding=\"async\" class=\"custom-logo alignnone\" src=\"https:\/\/www.bikeshop-kreuzer.at\/wp-content\/uploads\/2019\/08\/Banner_und_Logo_ausgeschnitten-380x159.png\" sizes=\"auto, (max-width: 380px) 100vw, 380px\" srcset=\"https:\/\/www.bikeshop-kreuzer.at\/wp-content\/uploads\/2019\/08\/Banner_und_Logo_ausgeschnitten-380x159.png 380w, https:\/\/www.bikeshop-kreuzer.at\/wp-content\/uploads\/2019\/08\/Banner_und_Logo_ausgeschnitten-300x126.png 300w, https:\/\/www.bikeshop-kreuzer.at\/wp-content\/uploads\/2019\/08\/Banner_und_Logo_ausgeschnitten-1024x429.png 1024w, https:\/\/www.bikeshop-kreuzer.at\/wp-content\/uploads\/2019\/08\/Banner_und_Logo_ausgeschnitten-768x322.png 768w, https:\/\/www.bikeshop-kreuzer.at\/wp-content\/uploads\/2019\/08\/Banner_und_Logo_ausgeschnitten-600x252.png 600w, https:\/\/www.bikeshop-kreuzer.at\/wp-content\/uploads\/2019\/08\/Banner_und_Logo_ausgeschnitten.png 1431w\" alt=\"Bikeshop Kreuzer\" width=\"380\" height=\"159\" \/><\/a><\/div>\n<hr class=\"\" data-start=\"1347\" data-end=\"1350\" \/>\n<h3 class=\"\" data-start=\"1352\" data-end=\"1373\">Fahrradverleih<\/h3>\n<p class=\"\" data-start=\"1375\" data-end=\"1677\"><a href=\"https:\/\/www.tourismus.baden.at\/baden-mobil\"><strong data-start=\"1375\" data-end=\"1390\">Baden Mobil<\/strong><\/a><br data-start=\"1390\" data-end=\"1393\" \/>Baden Mobil bietet eine Vielzahl von Fahrzeugen zur Miete an, darunter E-Trekkingbikes, E-Mountainbikes, Mountainbikes, E-Citybikes und Citybikes. Die Buchung erfolgt einfach \u00fcber die Wegfinder-App.<\/p>\n<div><a href=\"https:\/\/www.tourismus.baden.at\/baden-mobil\"><img loading=\"lazy\" decoding=\"async\" class=\"image-result__image alignnone\" src=\"https:\/\/tse2.mm.bing.net\/th?id=OIP.hTpBhAkvHbuFT5RnFYoOKAHaEL&amp;pid=Api\" alt=\"Baden Mobil - Service\" width=\"343\" height=\"193\" data-v-0d439c73=\"\" \/><\/a><\/div>\n<p class=\"\" data-start=\"1748\" data-end=\"2033\"><a href=\"https:\/\/www.nextbike.at\/niederoesterreich\/de\/\"><strong data-start=\"1748\" data-end=\"1760\">Nextbike<\/strong><\/a><br data-start=\"1760\" data-end=\"1763\" \/>Nextbike bietet rund um die Uhr verf\u00fcgbare Fahrr\u00e4der zur Miete an. Nach einer einmaligen Registrierung k\u00f6nnen die R\u00e4der in Nieder\u00f6sterreich von April bis Mitte November genutzt werden. <span class=\"ms-1 inline-flex max-w-full items-center relative top-[-0.094rem] animate-[show_150ms_ease-in]\"><a class=\"flex h-6 overflow-hidden rounded-xl px-2.5 text-[0.5625em] font-medium text-token-text-secondary! bg-[#F4F4F4]! dark:bg-[#303030]! transition-colors duration-150 ease-in-out\" href=\"https:\/\/www.niederoesterreich.at\/infrastruktur\/a-nextbike-verleihstation-bad-voeslau-bahnhof?utm_source=chatgpt.com\" target=\"_blank\" rel=\"noopener\"><span class=\"relative start-0 bottom-0 flex h-full w-full items-center\"><span class=\"flex h-4 w-full items-center justify-between overflow-hidden\"><span class=\"max-w-full grow truncate overflow-hidden text-center\">Nieder\u00f6sterreich<\/span><\/span><\/span><\/a><\/span>\u200b<\/p>\n<div><\/div>\n<div><a href=\"https:\/\/www.nextbike.at\/niederoesterreich\/de\/\"><img loading=\"lazy\" decoding=\"async\" class=\"header__container__logo__desktop alignnone\" src=\"https:\/\/www.nextbike.at\/niederoesterreich\/wp-content\/uploads\/sites\/80\/2023\/12\/nextbike_logo_horizontal_new.svg\" alt=\"Logo\" width=\"250\" height=\"45\" \/><\/a><\/div>\n<div><\/div>\n<div><\/div>\n<div><a href=\"https:\/\/ebike-verleih.spusu.at\/baden\">spusu E-Bike Verleih<\/a><\/div>\n<div>Leihe ein oder mehrere unserer E-Bikes bis zu drei Wochen aus. Die Tagesmiete pro E-Bike betr\u00e4gt \u20ac 29.<br \/>\nDie Abholung und R\u00fcckgabe der E-Bikes ist im spusu E-Bike Shop in Baden. Die E-Bikes m\u00fcssen mindestens einen Tag vor Leihbeginn reserviert werden.<\/div>\n<p><a href=\"https:\/\/ebike-verleih.spusu.at\/baden\"><img loading=\"lazy\" decoding=\"async\" class=\"header__logo alignnone\" src=\"https:\/\/ebike-verleih.spusu.at\/files?f=logo.svg\" alt=\"Spusu Logo\" width=\"120\" height=\"40\" \/><\/a><\/p>\n<hr class=\"\" data-start=\"2094\" data-end=\"2097\" \/>\n<h3 class=\"\" data-start=\"2099\" data-end=\"2128\">Speziell f\u00fcr Frauen<\/h3>\n<p class=\"\" data-start=\"2130\" data-end=\"2427\"><a href=\"https:\/\/femalecyclingbase.at\/\"><strong data-start=\"2130\" data-end=\"2153\">Female Cycling Base<\/strong><\/a><br data-start=\"2153\" data-end=\"2156\" \/>Ein Radsport- und Triathlonverein f\u00fcr Frauen mit Sitz in Bad V\u00f6slau. Die Female Cycling Base organisiert Road Camps und andere Veranstaltungen, die auch f\u00fcr Nicht-Mitglieder offen sind.<\/p>\n<p data-start=\"2130\" data-end=\"2427\"><a href=\"https:\/\/femalecyclingbase.at\/\"><img loading=\"lazy\" decoding=\"async\" class=\"attachment-full alignnone\" src=\"https:\/\/femalecyclingbase.at\/wp-content\/uploads\/2022\/04\/FEMALEcycling_kreis.png\" sizes=\"auto, (max-width: 2363px) 100vw, 2363px\" srcset=\"https:\/\/femalecyclingbase.at\/wp-content\/uploads\/2022\/04\/FEMALEcycling_kreis.png 2363w, https:\/\/femalecyclingbase.at\/wp-content\/uploads\/2022\/04\/FEMALEcycling_kreis-300x300.png 300w, https:\/\/femalecyclingbase.at\/wp-content\/uploads\/2022\/04\/FEMALEcycling_kreis-1024x1024.png 1024w, https:\/\/femalecyclingbase.at\/wp-content\/uploads\/2022\/04\/FEMALEcycling_kreis-150x150.png 150w, https:\/\/femalecyclingbase.at\/wp-content\/uploads\/2022\/04\/FEMALEcycling_kreis-768x768.png 768w, https:\/\/femalecyclingbase.at\/wp-content\/uploads\/2022\/04\/FEMALEcycling_kreis-1536x1536.png 1536w, https:\/\/femalecyclingbase.at\/wp-content\/uploads\/2022\/04\/FEMALEcycling_kreis-2048x2048.png 2048w\" alt=\"Logo Female Cycling Base\" width=\"229\" height=\"229\" \/><\/a><\/p>\n<div>\n<p class=\"\" data-start=\"678\" data-end=\"867\"><a href=\"https:\/\/www.mitziandfriends.at\/\"><strong data-start=\"678\" data-end=\"699\">Mitzi and Friends<\/strong><\/a><br data-start=\"699\" data-end=\"702\" \/><span class=\"relative -mx-px my-[-0.2rem] rounded px-px py-[0.2rem] transition-colors duration-100 ease-in-out\">Der Frauen-Radclub organisiert regelm\u00e4\u00dfige Rennradausfahrten wie die &#8220;Soft Banana Rides&#8221; und &#8220;Early Bird Rides&#8221; f\u00fcr verschiedene Leistungsgruppen.<\/span> <span class=\"relative -mx-px my-[-0.2rem] rounded px-px py-[0.2rem] transition-colors duration-100 ease-in-out\">Zudem werden Themenausfahrten und Trainingscamps angeboten.<\/span><\/p>\n<p data-start=\"678\" data-end=\"867\"><a href=\"https:\/\/www.mitziandfriends.at\/\"><img loading=\"lazy\" decoding=\"async\" class=\"image-result__image alignnone\" src=\"https:\/\/tse1.mm.bing.net\/th?id=OIP.daOvIC4fKqXu3oRxD9WOAQHaHa&amp;pid=Api\" alt=\"Mitzi and Friends Women's Cycling Club\" width=\"260\" height=\"260\" data-v-0d439c73=\"\" \/><\/a><\/p>\n<p class=\"\" data-start=\"403\" data-end=\"579\"><a href=\"https:\/\/www.velochicks.at\/\"><strong data-start=\"403\" data-end=\"417\">Velochicks<\/strong><\/a><br data-start=\"417\" data-end=\"420\" \/><span class=\"relative -mx-px my-[-0.2rem] rounded px-px py-[0.2rem] transition-colors duration-100 ease-in-out\">Die Velochicks bieten Mountainbike-Fahrtechnikkurse f\u00fcr Frauen in Wien, Graz und Nieder\u00f6sterreich an.<\/span> <span class=\"relative -mx-px my-[-0.2rem] rounded px-px py-[0.2rem] transition-colors duration-100 ease-in-out\">In Bad V\u00f6slau finden regelm\u00e4\u00dfig Workshops statt, beispielsweise im Trailcenter Wien.<\/span> \u200b<\/p>\n<p data-start=\"403\" data-end=\"579\"><a href=\"https:\/\/www.velochicks.at\/\"><img loading=\"lazy\" decoding=\"async\" id=\"cc-m-imagesubtitle-image-13038183299\" class=\"alignnone\" src=\"https:\/\/image.jimcdn.com\/app\/cms\/image\/transf\/dimension=224x10000:format=jpg\/path\/sf0b64be1f4a42272\/image\/ifd3ff81f0b4a5ba5\/version\/1646066732\/image.jpg\" sizes=\"auto, (min-width: 224px) 224px, 100vw\" srcset=\"https:\/\/image.jimcdn.com\/app\/cms\/image\/transf\/dimension=224x10000:format=jpg\/path\/sf0b64be1f4a42272\/image\/ifd3ff81f0b4a5ba5\/version\/1646066732\/image.jpg 224w, https:\/\/image.jimcdn.com\/app\/cms\/image\/transf\/dimension=320x10000:format=jpg\/path\/sf0b64be1f4a42272\/image\/ifd3ff81f0b4a5ba5\/version\/1646066732\/image.jpg 320w, https:\/\/image.jimcdn.com\/app\/cms\/image\/transf\/none\/path\/sf0b64be1f4a42272\/image\/ifd3ff81f0b4a5ba5\/version\/1646066732\/image.jpg 408w\" alt=\"\" width=\"224\" height=\"130\" data-src-width=\"408\" data-src-height=\"237\" data-src=\"https:\/\/image.jimcdn.com\/app\/cms\/image\/transf\/dimension=224x10000:format=jpg\/path\/sf0b64be1f4a42272\/image\/ifd3ff81f0b4a5ba5\/version\/1646066732\/image.jpg\" data-image-id=\"8499809299\" \/><\/a><a href=\"https:\/\/www.velochicks.at\/\">\u00a0<\/a><\/p>\n<\/div>\n","protected":false},"excerpt":{"rendered":"<p>Fahrradfreundliche Projekte in der Umgebung: Baden \u2013 Bad V\u00f6slau In unserer Region gibt es zahlreiche spannende Initiativen rund ums Fahrradfahren. Hier stellen wir einige davon vor:\u200b Ausfahrten und Workshops (Triathleten, La\u0308ufer, Kriterium-, Marathon-, Rennrad-, MTB-, Enduro-, Downhill-, Dirt- und Bahnfahrer)<\/p>\n","protected":false},"author":65,"featured_media":38521,"comment_status":"closed","ping_status":"closed","sticky":false,"template":"","format":"standard","meta":{"footnotes":""},"categories":[547,195],"tags":[],"class_list":["post-34328","post","type-post","status-publish","format-standard","has-post-thumbnail","hentry","category-badvoeslau","category-baden"],"yoast_head":"<!-- This site is optimized with the Yoast SEO plugin v26.9 - https:\/\/yoast.com\/product\/yoast-seo-wordpress\/ -->\n<title>Radlobby Bad V\u00f6slau | Fahrradfreundliche Projekte in der Umgebung: Baden - Bad V\u00f6slau - Radlobby Nieder\u00f6sterreich<\/title>\n<meta name=\"robots\" content=\"index, follow, max-snippet:-1, max-image-preview:large, max-video-preview:-1\" \/>\n<link rel=\"canonical\" href=\"https:\/\/www.radlobby.org\/noe\/fahrradfreundlicheprojekte\/\" \/>\n<meta property=\"og:locale\" content=\"de_DE\" \/>\n<meta property=\"og:type\" content=\"article\" \/>\n<meta property=\"og:title\" content=\"Radlobby Bad V\u00f6slau | Fahrradfreundliche Projekte in der Umgebung: Baden - Bad V\u00f6slau - Radlobby Nieder\u00f6sterreich\" \/>\n<meta property=\"og:description\" content=\"Fahrradfreundliche Projekte in der Umgebung: Baden \u2013 Bad V\u00f6slau In unserer Region gibt es zahlreiche spannende Initiativen rund ums Fahrradfahren. Hier stellen wir einige davon vor:\u200b Ausfahrten und Workshops (Triathleten, La\u0308ufer, Kriterium-, Marathon-, Rennrad-, MTB-, Enduro-, Downhill-, Dirt- und Bahnfahrer)\" \/>\n<meta property=\"og:url\" content=\"https:\/\/www.radlobby.org\/noe\/fahrradfreundlicheprojekte\/\" \/>\n<meta property=\"og:site_name\" content=\"Radlobby Nieder\u00f6sterreich\" \/>\n<meta property=\"article:publisher\" content=\"https:\/\/www.facebook.com\/groups\/radfahren.in.noe\/\" \/>\n<meta property=\"article:published_time\" content=\"2025-04-07T19:10:19+00:00\" \/>\n<meta property=\"article:modified_time\" content=\"2025-05-02T18:09:56+00:00\" \/>\n<meta property=\"og:image\" content=\"https:\/\/www.radlobby.org\/noe\/wp-content\/uploads\/Radlobby_gruene_fahrradfreundlicheProjekte.png\" \/>\n\t<meta property=\"og:image:width\" content=\"1323\" \/>\n\t<meta property=\"og:image:height\" content=\"840\" \/>\n\t<meta property=\"og:image:type\" content=\"image\/png\" \/>\n<meta name=\"author\" content=\"Laura Kafka\" \/>\n<meta name=\"twitter:card\" content=\"summary_large_image\" \/>\n<meta name=\"twitter:label1\" content=\"Verfasst von\" \/>\n\t<meta name=\"twitter:data1\" content=\"Laura Kafka\" \/>\n\t<meta name=\"twitter:label2\" content=\"Gesch\u00e4tzte Lesezeit\" \/>\n\t<meta name=\"twitter:data2\" content=\"5\u00a0Minuten\" \/>\n<script type=\"application\/ld+json\" class=\"yoast-schema-graph\">{\"@context\":\"https:\/\/schema.org\",\"@graph\":[{\"@type\":\"Article\",\"@id\":\"https:\/\/www.radlobby.org\/noe\/fahrradfreundlicheprojekte\/#article\",\"isPartOf\":{\"@id\":\"https:\/\/www.radlobby.org\/noe\/fahrradfreundlicheprojekte\/\"},\"author\":{\"name\":\"Laura Kafka\",\"@id\":\"https:\/\/www.radlobby.org\/noe\/#\/schema\/person\/3d46d5baaa32e9fab65201812c570448\"},\"headline\":\"Radlobby Bad V\u00f6slau | Fahrradfreundliche Projekte in der Umgebung: Baden &#8211; Bad V\u00f6slau\",\"datePublished\":\"2025-04-07T19:10:19+00:00\",\"dateModified\":\"2025-05-02T18:09:56+00:00\",\"mainEntityOfPage\":{\"@id\":\"https:\/\/www.radlobby.org\/noe\/fahrradfreundlicheprojekte\/\"},\"wordCount\":448,\"publisher\":{\"@id\":\"https:\/\/www.radlobby.org\/noe\/#organization\"},\"image\":{\"@id\":\"https:\/\/www.radlobby.org\/noe\/fahrradfreundlicheprojekte\/#primaryimage\"},\"thumbnailUrl\":\"https:\/\/www.radlobby.org\/noe\/wp-content\/uploads\/Radlobby_gruene_fahrradfreundlicheProjekte.png\",\"articleSection\":[\"Radlobby Bad V\u00f6slau\",\"Radlobby Baden\"],\"inLanguage\":\"de\"},{\"@type\":\"WebPage\",\"@id\":\"https:\/\/www.radlobby.org\/noe\/fahrradfreundlicheprojekte\/\",\"url\":\"https:\/\/www.radlobby.org\/noe\/fahrradfreundlicheprojekte\/\",\"name\":\"Radlobby Bad V\u00f6slau | Fahrradfreundliche Projekte in der Umgebung: Baden - Bad V\u00f6slau - Radlobby Nieder\u00f6sterreich\",\"isPartOf\":{\"@id\":\"https:\/\/www.radlobby.org\/noe\/#website\"},\"primaryImageOfPage\":{\"@id\":\"https:\/\/www.radlobby.org\/noe\/fahrradfreundlicheprojekte\/#primaryimage\"},\"image\":{\"@id\":\"https:\/\/www.radlobby.org\/noe\/fahrradfreundlicheprojekte\/#primaryimage\"},\"thumbnailUrl\":\"https:\/\/www.radlobby.org\/noe\/wp-content\/uploads\/Radlobby_gruene_fahrradfreundlicheProjekte.png\",\"datePublished\":\"2025-04-07T19:10:19+00:00\",\"dateModified\":\"2025-05-02T18:09:56+00:00\",\"breadcrumb\":{\"@id\":\"https:\/\/www.radlobby.org\/noe\/fahrradfreundlicheprojekte\/#breadcrumb\"},\"inLanguage\":\"de\",\"potentialAction\":[{\"@type\":\"ReadAction\",\"target\":[\"https:\/\/www.radlobby.org\/noe\/fahrradfreundlicheprojekte\/\"]}]},{\"@type\":\"ImageObject\",\"inLanguage\":\"de\",\"@id\":\"https:\/\/www.radlobby.org\/noe\/fahrradfreundlicheprojekte\/#primaryimage\",\"url\":\"https:\/\/www.radlobby.org\/noe\/wp-content\/uploads\/Radlobby_gruene_fahrradfreundlicheProjekte.png\",\"contentUrl\":\"https:\/\/www.radlobby.org\/noe\/wp-content\/uploads\/Radlobby_gruene_fahrradfreundlicheProjekte.png\",\"width\":1323,\"height\":840},{\"@type\":\"BreadcrumbList\",\"@id\":\"https:\/\/www.radlobby.org\/noe\/fahrradfreundlicheprojekte\/#breadcrumb\",\"itemListElement\":[{\"@type\":\"ListItem\",\"position\":1,\"name\":\"Startseite\",\"item\":\"https:\/\/www.radlobby.org\/noe\/\"},{\"@type\":\"ListItem\",\"position\":2,\"name\":\"Radlobby Bad V\u00f6slau | Fahrradfreundliche Projekte in der Umgebung: Baden &#8211; Bad V\u00f6slau\"}]},{\"@type\":\"WebSite\",\"@id\":\"https:\/\/www.radlobby.org\/noe\/#website\",\"url\":\"https:\/\/www.radlobby.org\/noe\/\",\"name\":\"Radlobby Nieder\u00f6sterreich\",\"description\":\"Radverkehr, Fahrrad, Radfahren, Radreisen, Radtouren, Radweg\",\"publisher\":{\"@id\":\"https:\/\/www.radlobby.org\/noe\/#organization\"},\"potentialAction\":[{\"@type\":\"SearchAction\",\"target\":{\"@type\":\"EntryPoint\",\"urlTemplate\":\"https:\/\/www.radlobby.org\/noe\/?s={search_term_string}\"},\"query-input\":{\"@type\":\"PropertyValueSpecification\",\"valueRequired\":true,\"valueName\":\"search_term_string\"}}],\"inLanguage\":\"de\"},{\"@type\":\"Organization\",\"@id\":\"https:\/\/www.radlobby.org\/noe\/#organization\",\"name\":\"Radlobby Nieder\u00f6sterreich\",\"url\":\"https:\/\/www.radlobby.org\/noe\/\",\"logo\":{\"@type\":\"ImageObject\",\"inLanguage\":\"de\",\"@id\":\"https:\/\/www.radlobby.org\/noe\/#\/schema\/logo\/image\/\",\"url\":\"https:\/\/www.radlobby.org\/noe\/wp-content\/uploads\/2017\/01\/cropped-Logo_Radlobby_Niederoesterreich_50-400px_quer-1.jpg\",\"contentUrl\":\"https:\/\/www.radlobby.org\/noe\/wp-content\/uploads\/2017\/01\/cropped-Logo_Radlobby_Niederoesterreich_50-400px_quer-1.jpg\",\"width\":450,\"height\":124,\"caption\":\"Radlobby Nieder\u00f6sterreich\"},\"image\":{\"@id\":\"https:\/\/www.radlobby.org\/noe\/#\/schema\/logo\/image\/\"},\"sameAs\":[\"https:\/\/www.facebook.com\/groups\/radfahren.in.noe\/\"]},{\"@type\":\"Person\",\"@id\":\"https:\/\/www.radlobby.org\/noe\/#\/schema\/person\/3d46d5baaa32e9fab65201812c570448\",\"name\":\"Laura Kafka\",\"image\":{\"@type\":\"ImageObject\",\"inLanguage\":\"de\",\"@id\":\"https:\/\/www.radlobby.org\/noe\/#\/schema\/person\/image\/\",\"url\":\"https:\/\/secure.gravatar.com\/avatar\/141ec437f27b3084bc6c91857d881288555812a76d2e9c6af9f4ba5f626465e7?s=96&d=mm&r=g\",\"contentUrl\":\"https:\/\/secure.gravatar.com\/avatar\/141ec437f27b3084bc6c91857d881288555812a76d2e9c6af9f4ba5f626465e7?s=96&d=mm&r=g\",\"caption\":\"Laura Kafka\"},\"url\":\"https:\/\/www.radlobby.org\/noe\/author\/laura-kafka\/\"}]}<\/script>\n<!-- \/ Yoast SEO plugin. -->","yoast_head_json":{"title":"Radlobby Bad V\u00f6slau | Fahrradfreundliche Projekte in der Umgebung: Baden - Bad V\u00f6slau - Radlobby Nieder\u00f6sterreich","robots":{"index":"index","follow":"follow","max-snippet":"max-snippet:-1","max-image-preview":"max-image-preview:large","max-video-preview":"max-video-preview:-1"},"canonical":"https:\/\/www.radlobby.org\/noe\/fahrradfreundlicheprojekte\/","og_locale":"de_DE","og_type":"article","og_title":"Radlobby Bad V\u00f6slau | Fahrradfreundliche Projekte in der Umgebung: Baden - Bad V\u00f6slau - Radlobby Nieder\u00f6sterreich","og_description":"Fahrradfreundliche Projekte in der Umgebung: Baden \u2013 Bad V\u00f6slau In unserer Region gibt es zahlreiche spannende Initiativen rund ums Fahrradfahren. Hier stellen wir einige davon vor:\u200b Ausfahrten und Workshops (Triathleten, La\u0308ufer, Kriterium-, Marathon-, Rennrad-, MTB-, Enduro-, Downhill-, Dirt- und Bahnfahrer)","og_url":"https:\/\/www.radlobby.org\/noe\/fahrradfreundlicheprojekte\/","og_site_name":"Radlobby Nieder\u00f6sterreich","article_publisher":"https:\/\/www.facebook.com\/groups\/radfahren.in.noe\/","article_published_time":"2025-04-07T19:10:19+00:00","article_modified_time":"2025-05-02T18:09:56+00:00","og_image":[{"width":1323,"height":840,"url":"https:\/\/www.radlobby.org\/noe\/wp-content\/uploads\/Radlobby_gruene_fahrradfreundlicheProjekte.png","type":"image\/png"}],"author":"Laura Kafka","twitter_card":"summary_large_image","twitter_misc":{"Verfasst von":"Laura Kafka","Gesch\u00e4tzte Lesezeit":"5\u00a0Minuten"},"schema":{"@context":"https:\/\/schema.org","@graph":[{"@type":"Article","@id":"https:\/\/www.radlobby.org\/noe\/fahrradfreundlicheprojekte\/#article","isPartOf":{"@id":"https:\/\/www.radlobby.org\/noe\/fahrradfreundlicheprojekte\/"},"author":{"name":"Laura Kafka","@id":"https:\/\/www.radlobby.org\/noe\/#\/schema\/person\/3d46d5baaa32e9fab65201812c570448"},"headline":"Radlobby Bad V\u00f6slau | Fahrradfreundliche Projekte in der Umgebung: Baden &#8211; Bad V\u00f6slau","datePublished":"2025-04-07T19:10:19+00:00","dateModified":"2025-05-02T18:09:56+00:00","mainEntityOfPage":{"@id":"https:\/\/www.radlobby.org\/noe\/fahrradfreundlicheprojekte\/"},"wordCount":448,"publisher":{"@id":"https:\/\/www.radlobby.org\/noe\/#organization"},"image":{"@id":"https:\/\/www.radlobby.org\/noe\/fahrradfreundlicheprojekte\/#primaryimage"},"thumbnailUrl":"https:\/\/www.radlobby.org\/noe\/wp-content\/uploads\/Radlobby_gruene_fahrradfreundlicheProjekte.png","articleSection":["Radlobby Bad V\u00f6slau","Radlobby Baden"],"inLanguage":"de"},{"@type":"WebPage","@id":"https:\/\/www.radlobby.org\/noe\/fahrradfreundlicheprojekte\/","url":"https:\/\/www.radlobby.org\/noe\/fahrradfreundlicheprojekte\/","name":"Radlobby Bad V\u00f6slau | Fahrradfreundliche Projekte in der Umgebung: Baden - Bad V\u00f6slau - Radlobby Nieder\u00f6sterreich","isPartOf":{"@id":"https:\/\/www.radlobby.org\/noe\/#website"},"primaryImageOfPage":{"@id":"https:\/\/www.radlobby.org\/noe\/fahrradfreundlicheprojekte\/#primaryimage"},"image":{"@id":"https:\/\/www.radlobby.org\/noe\/fahrradfreundlicheprojekte\/#primaryimage"},"thumbnailUrl":"https:\/\/www.radlobby.org\/noe\/wp-content\/uploads\/Radlobby_gruene_fahrradfreundlicheProjekte.png","datePublished":"2025-04-07T19:10:19+00:00","dateModified":"2025-05-02T18:09:56+00:00","breadcrumb":{"@id":"https:\/\/www.radlobby.org\/noe\/fahrradfreundlicheprojekte\/#breadcrumb"},"inLanguage":"de","potentialAction":[{"@type":"ReadAction","target":["https:\/\/www.radlobby.org\/noe\/fahrradfreundlicheprojekte\/"]}]},{"@type":"ImageObject","inLanguage":"de","@id":"https:\/\/www.radlobby.org\/noe\/fahrradfreundlicheprojekte\/#primaryimage","url":"https:\/\/www.radlobby.org\/noe\/wp-content\/uploads\/Radlobby_gruene_fahrradfreundlicheProjekte.png","contentUrl":"https:\/\/www.radlobby.org\/noe\/wp-content\/uploads\/Radlobby_gruene_fahrradfreundlicheProjekte.png","width":1323,"height":840},{"@type":"BreadcrumbList","@id":"https:\/\/www.radlobby.org\/noe\/fahrradfreundlicheprojekte\/#breadcrumb","itemListElement":[{"@type":"ListItem","position":1,"name":"Startseite","item":"https:\/\/www.radlobby.org\/noe\/"},{"@type":"ListItem","position":2,"name":"Radlobby Bad V\u00f6slau | Fahrradfreundliche Projekte in der Umgebung: Baden &#8211; Bad V\u00f6slau"}]},{"@type":"WebSite","@id":"https:\/\/www.radlobby.org\/noe\/#website","url":"https:\/\/www.radlobby.org\/noe\/","name":"Radlobby Nieder\u00f6sterreich","description":"Radverkehr, Fahrrad, Radfahren, Radreisen, Radtouren, Radweg","publisher":{"@id":"https:\/\/www.radlobby.org\/noe\/#organization"},"potentialAction":[{"@type":"SearchAction","target":{"@type":"EntryPoint","urlTemplate":"https:\/\/www.radlobby.org\/noe\/?s={search_term_string}"},"query-input":{"@type":"PropertyValueSpecification","valueRequired":true,"valueName":"search_term_string"}}],"inLanguage":"de"},{"@type":"Organization","@id":"https:\/\/www.radlobby.org\/noe\/#organization","name":"Radlobby Nieder\u00f6sterreich","url":"https:\/\/www.radlobby.org\/noe\/","logo":{"@type":"ImageObject","inLanguage":"de","@id":"https:\/\/www.radlobby.org\/noe\/#\/schema\/logo\/image\/","url":"https:\/\/www.radlobby.org\/noe\/wp-content\/uploads\/2017\/01\/cropped-Logo_Radlobby_Niederoesterreich_50-400px_quer-1.jpg","contentUrl":"https:\/\/www.radlobby.org\/noe\/wp-content\/uploads\/2017\/01\/cropped-Logo_Radlobby_Niederoesterreich_50-400px_quer-1.jpg","width":450,"height":124,"caption":"Radlobby Nieder\u00f6sterreich"},"image":{"@id":"https:\/\/www.radlobby.org\/noe\/#\/schema\/logo\/image\/"},"sameAs":["https:\/\/www.facebook.com\/groups\/radfahren.in.noe\/"]},{"@type":"Person","@id":"https:\/\/www.radlobby.org\/noe\/#\/schema\/person\/3d46d5baaa32e9fab65201812c570448","name":"Laura Kafka","image":{"@type":"ImageObject","inLanguage":"de","@id":"https:\/\/www.radlobby.org\/noe\/#\/schema\/person\/image\/","url":"https:\/\/secure.gravatar.com\/avatar\/141ec437f27b3084bc6c91857d881288555812a76d2e9c6af9f4ba5f626465e7?s=96&d=mm&r=g","contentUrl":"https:\/\/secure.gravatar.com\/avatar\/141ec437f27b3084bc6c91857d881288555812a76d2e9c6af9f4ba5f626465e7?s=96&d=mm&r=g","caption":"Laura Kafka"},"url":"https:\/\/www.radlobby.org\/noe\/author\/laura-kafka\/"}]}},"_links":{"self":[{"href":"https:\/\/www.radlobby.org\/noe\/wp-json\/wp\/v2\/posts\/34328","targetHints":{"allow":["GET"]}}],"collection":[{"href":"https:\/\/www.radlobby.org\/noe\/wp-json\/wp\/v2\/posts"}],"about":[{"href":"https:\/\/www.radlobby.org\/noe\/wp-json\/wp\/v2\/types\/post"}],"author":[{"embeddable":true,"href":"https:\/\/www.radlobby.org\/noe\/wp-json\/wp\/v2\/users\/65"}],"replies":[{"embeddable":true,"href":"https:\/\/www.radlobby.org\/noe\/wp-json\/wp\/v2\/comments?post=34328"}],"version-history":[{"count":15,"href":"https:\/\/www.radlobby.org\/noe\/wp-json\/wp\/v2\/posts\/34328\/revisions"}],"predecessor-version":[{"id":38936,"href":"https:\/\/www.radlobby.org\/noe\/wp-json\/wp\/v2\/posts\/34328\/revisions\/38936"}],"wp:featuredmedia":[{"embeddable":true,"href":"https:\/\/www.radlobby.org\/noe\/wp-json\/wp\/v2\/media\/38521"}],"wp:attachment":[{"href":"https:\/\/www.radlobby.org\/noe\/wp-json\/wp\/v2\/media?parent=34328"}],"wp:term":[{"taxonomy":"category","embeddable":true,"href":"https:\/\/www.radlobby.org\/noe\/wp-json\/wp\/v2\/categories?post=34328"},{"taxonomy":"post_tag","embeddable":true,"href":"https:\/\/www.radlobby.org\/noe\/wp-json\/wp\/v2\/tags?post=34328"}],"curies":[{"name":"wp","href":"https:\/\/api.w.org\/{rel}","templated":true}]}}