{"id":34310,"date":"2024-03-13T12:23:32","date_gmt":"2024-03-13T11:23:32","guid":{"rendered":"https:\/\/www.radlobby.org\/noe\/?p=34310"},"modified":"2024-03-17T15:38:30","modified_gmt":"2024-03-17T14:38:30","slug":"verkehrsstadtrat-franz-dinhobl-beim-jour-fixe-der-rl-wr-neustadt","status":"publish","type":"post","link":"https:\/\/www.radlobby.org\/noe\/verkehrsstadtrat-franz-dinhobl-beim-jour-fixe-der-rl-wr-neustadt\/","title":{"rendered":"Verkehrsstadtrat Franz Dinhobl beim Jour Fixe der RL Wr.Neustadt"},"content":{"rendered":"<p data-wp-editing=\"1\"><a href=\"https:\/\/www.radlobby.org\/noe\/wp-content\/uploads\/20240317-FranzDinhobl@Rad.jpg\" data-src=\"https:\/\/www.radlobby.org\/noe\/wp-content\/uploads\/20240317-FranzDinhobl@Rad.jpg\" data-thumb=\"https:\/\/www.radlobby.org\/noe\/wp-content\/uploads\/20240317-FranzDinhobl@Rad-209x300.jpg\" class=\"ml-lightbox-enabled\"><img loading=\"lazy\" decoding=\"async\" class=\"alignright size-medium wp-image-34333\" src=\"https:\/\/www.radlobby.org\/noe\/wp-content\/uploads\/20240317-FranzDinhobl@Rad-209x300.jpg\" alt=\"\" width=\"209\" height=\"300\" srcset=\"https:\/\/www.radlobby.org\/noe\/wp-content\/uploads\/20240317-FranzDinhobl@Rad-209x300.jpg 209w, https:\/\/www.radlobby.org\/noe\/wp-content\/uploads\/20240317-FranzDinhobl@Rad-768x1104.jpg 768w, https:\/\/www.radlobby.org\/noe\/wp-content\/uploads\/20240317-FranzDinhobl@Rad-1069x1536.jpg 1069w, https:\/\/www.radlobby.org\/noe\/wp-content\/uploads\/20240317-FranzDinhobl@Rad.jpg 1153w\" sizes=\"auto, (max-width: 209px) 100vw, 209px\" \/><\/a>Dipl.-Ing. Franz <strong>Dinhobl<\/strong>, radfahrender Stadtrat f\u00fcr Stadtentwicklung, Infrastruktur und Mobilit\u00e4t sowie Landtagsabgeordneter, besuchte uns am 12.M\u00e4rz 2024 bei unserem monatlichen Jour Fixe.<br \/>\nIn <strong>gutem Gespr\u00e4chsklima<\/strong> wurden <strong>Gemeinsamkeiten<\/strong>, aber auch <strong>unterschiedliche Standpunkte<\/strong> offen angesprochen. So sehen wir die offensive F\u00f6rderung des Radverkehrs als oberste Pr\u00e4misse, der Stadt die Fl\u00fcssigkeit des Verkehrs und die Vermeidung von Gefahrenstellen.<\/p>\n<p>Die <strong>Radverkehrsoffensive 2024<\/strong> soll kurz vor Radgipfel ver\u00f6ffentlicht werden und soll u.a. die schon l\u00e4nger geplanten Radunterf\u00fchrungen unter der Pottendorfer und Aspanger Bahn enthalten.<br \/>\nErfreulich ist, dass die kritischen und wichtige Verbindungen durch die <strong>Ungargasse<\/strong> (Corvinusring bis B17: nordseitiger eingef\u00e4rbter Mehrzweckstreifen, Tempo 30) und die <strong>Kollonitschgasse<\/strong> (2024 Planung, 2025 Bau) konkret angegangen werden sollen. Bez\u00fcglich <strong>Fischauer Gasse<\/strong> wird die Radlobby konkrete Vorschl\u00e4ge ausarbeiten.<\/p>\n<p>Auch erfreulich, dass neben dem B\u00fcrgermeister auch Franz Dinhobl die rechtzeitige <strong>Einbindung der Radlobby in Planungsphasen<\/strong> w\u00fcnscht: So sollen etwa quartalsweise Treffen von Radlobby, Verkehrsamt und Wirtschaftshof stattfinden.<\/p>\n<p>In der Folge wollen wir auch Vertreter:innen der anderen Parteien einladen.<\/p>\n","protected":false},"excerpt":{"rendered":"<p>Stadtrat Dinhobl besuchte unser monatliches M\u00e4rz-Jour Fixe.<br \/>\nHauptthemen waren die Vorhaben der Stadt und die Einbindung der Radlobby in Planungsphasen.<\/p>\n","protected":false},"author":55,"featured_media":34333,"comment_status":"closed","ping_status":"closed","sticky":false,"template":"","format":"standard","meta":{"footnotes":""},"categories":[7],"tags":[],"class_list":["post-34310","post","type-post","status-publish","format-standard","has-post-thumbnail","hentry","category-wiener-neustadt"],"yoast_head":"<!-- This site is optimized with the Yoast SEO plugin v26.9 - https:\/\/yoast.com\/product\/yoast-seo-wordpress\/ -->\n<title>Verkehrsstadtrat Franz Dinhobl beim Jour Fixe der RL Wr.Neustadt - Radlobby Nieder\u00f6sterreich<\/title>\n<meta name=\"robots\" content=\"index, follow, max-snippet:-1, max-image-preview:large, max-video-preview:-1\" \/>\n<link rel=\"canonical\" href=\"https:\/\/www.radlobby.org\/noe\/verkehrsstadtrat-franz-dinhobl-beim-jour-fixe-der-rl-wr-neustadt\/\" \/>\n<meta property=\"og:locale\" content=\"de_DE\" \/>\n<meta property=\"og:type\" content=\"article\" \/>\n<meta property=\"og:title\" content=\"Verkehrsstadtrat Franz Dinhobl beim Jour Fixe der RL Wr.Neustadt - Radlobby Nieder\u00f6sterreich\" \/>\n<meta property=\"og:description\" content=\"Stadtrat Dinhobl besuchte unser monatliches M\u00e4rz-Jour Fixe.  Hauptthemen waren die Vorhaben der Stadt und die Einbindung der Radlobby in Planungsphasen.\" \/>\n<meta property=\"og:url\" content=\"https:\/\/www.radlobby.org\/noe\/verkehrsstadtrat-franz-dinhobl-beim-jour-fixe-der-rl-wr-neustadt\/\" \/>\n<meta property=\"og:site_name\" content=\"Radlobby Nieder\u00f6sterreich\" \/>\n<meta property=\"article:publisher\" content=\"https:\/\/www.facebook.com\/groups\/radfahren.in.noe\/\" \/>\n<meta property=\"article:published_time\" content=\"2024-03-13T11:23:32+00:00\" \/>\n<meta property=\"article:modified_time\" content=\"2024-03-17T14:38:30+00:00\" \/>\n<meta property=\"og:image\" content=\"https:\/\/www.radlobby.org\/noe\/wp-content\/uploads\/20240317-FranzDinhobl@Rad.jpg\" \/>\n\t<meta property=\"og:image:width\" content=\"1153\" \/>\n\t<meta property=\"og:image:height\" content=\"1657\" \/>\n\t<meta property=\"og:image:type\" content=\"image\/jpeg\" \/>\n<meta name=\"author\" content=\"Gerold Petritsch\" \/>\n<meta name=\"twitter:card\" content=\"summary_large_image\" \/>\n<meta name=\"twitter:label1\" content=\"Verfasst von\" \/>\n\t<meta name=\"twitter:data1\" content=\"Gerold Petritsch\" \/>\n\t<meta name=\"twitter:label2\" content=\"Gesch\u00e4tzte Lesezeit\" \/>\n\t<meta name=\"twitter:data2\" content=\"2\u00a0Minuten\" \/>\n<script type=\"application\/ld+json\" class=\"yoast-schema-graph\">{\"@context\":\"https:\/\/schema.org\",\"@graph\":[{\"@type\":\"Article\",\"@id\":\"https:\/\/www.radlobby.org\/noe\/verkehrsstadtrat-franz-dinhobl-beim-jour-fixe-der-rl-wr-neustadt\/#article\",\"isPartOf\":{\"@id\":\"https:\/\/www.radlobby.org\/noe\/verkehrsstadtrat-franz-dinhobl-beim-jour-fixe-der-rl-wr-neustadt\/\"},\"author\":{\"name\":\"Gerold Petritsch\",\"@id\":\"https:\/\/www.radlobby.org\/noe\/#\/schema\/person\/6575d09b0e7b7970d5b81d0bab520c61\"},\"headline\":\"Verkehrsstadtrat Franz Dinhobl beim Jour Fixe der RL Wr.Neustadt\",\"datePublished\":\"2024-03-13T11:23:32+00:00\",\"dateModified\":\"2024-03-17T14:38:30+00:00\",\"mainEntityOfPage\":{\"@id\":\"https:\/\/www.radlobby.org\/noe\/verkehrsstadtrat-franz-dinhobl-beim-jour-fixe-der-rl-wr-neustadt\/\"},\"wordCount\":180,\"publisher\":{\"@id\":\"https:\/\/www.radlobby.org\/noe\/#organization\"},\"image\":{\"@id\":\"https:\/\/www.radlobby.org\/noe\/verkehrsstadtrat-franz-dinhobl-beim-jour-fixe-der-rl-wr-neustadt\/#primaryimage\"},\"thumbnailUrl\":\"https:\/\/www.radlobby.org\/noe\/wp-content\/uploads\/20240317-FranzDinhobl@Rad.jpg\",\"articleSection\":[\"Radlobby Wiener Neustadt\"],\"inLanguage\":\"de\"},{\"@type\":\"WebPage\",\"@id\":\"https:\/\/www.radlobby.org\/noe\/verkehrsstadtrat-franz-dinhobl-beim-jour-fixe-der-rl-wr-neustadt\/\",\"url\":\"https:\/\/www.radlobby.org\/noe\/verkehrsstadtrat-franz-dinhobl-beim-jour-fixe-der-rl-wr-neustadt\/\",\"name\":\"Verkehrsstadtrat Franz Dinhobl beim Jour Fixe der RL Wr.Neustadt - Radlobby Nieder\u00f6sterreich\",\"isPartOf\":{\"@id\":\"https:\/\/www.radlobby.org\/noe\/#website\"},\"primaryImageOfPage\":{\"@id\":\"https:\/\/www.radlobby.org\/noe\/verkehrsstadtrat-franz-dinhobl-beim-jour-fixe-der-rl-wr-neustadt\/#primaryimage\"},\"image\":{\"@id\":\"https:\/\/www.radlobby.org\/noe\/verkehrsstadtrat-franz-dinhobl-beim-jour-fixe-der-rl-wr-neustadt\/#primaryimage\"},\"thumbnailUrl\":\"https:\/\/www.radlobby.org\/noe\/wp-content\/uploads\/20240317-FranzDinhobl@Rad.jpg\",\"datePublished\":\"2024-03-13T11:23:32+00:00\",\"dateModified\":\"2024-03-17T14:38:30+00:00\",\"breadcrumb\":{\"@id\":\"https:\/\/www.radlobby.org\/noe\/verkehrsstadtrat-franz-dinhobl-beim-jour-fixe-der-rl-wr-neustadt\/#breadcrumb\"},\"inLanguage\":\"de\",\"potentialAction\":[{\"@type\":\"ReadAction\",\"target\":[\"https:\/\/www.radlobby.org\/noe\/verkehrsstadtrat-franz-dinhobl-beim-jour-fixe-der-rl-wr-neustadt\/\"]}]},{\"@type\":\"ImageObject\",\"inLanguage\":\"de\",\"@id\":\"https:\/\/www.radlobby.org\/noe\/verkehrsstadtrat-franz-dinhobl-beim-jour-fixe-der-rl-wr-neustadt\/#primaryimage\",\"url\":\"https:\/\/www.radlobby.org\/noe\/wp-content\/uploads\/20240317-FranzDinhobl@Rad.jpg\",\"contentUrl\":\"https:\/\/www.radlobby.org\/noe\/wp-content\/uploads\/20240317-FranzDinhobl@Rad.jpg\",\"width\":1153,\"height\":1657},{\"@type\":\"BreadcrumbList\",\"@id\":\"https:\/\/www.radlobby.org\/noe\/verkehrsstadtrat-franz-dinhobl-beim-jour-fixe-der-rl-wr-neustadt\/#breadcrumb\",\"itemListElement\":[{\"@type\":\"ListItem\",\"position\":1,\"name\":\"Startseite\",\"item\":\"https:\/\/www.radlobby.org\/noe\/\"},{\"@type\":\"ListItem\",\"position\":2,\"name\":\"Verkehrsstadtrat Franz Dinhobl beim Jour Fixe der RL Wr.Neustadt\"}]},{\"@type\":\"WebSite\",\"@id\":\"https:\/\/www.radlobby.org\/noe\/#website\",\"url\":\"https:\/\/www.radlobby.org\/noe\/\",\"name\":\"Radlobby Nieder\u00f6sterreich\",\"description\":\"Radverkehr, Fahrrad, Radfahren, Radreisen, Radtouren, Radweg\",\"publisher\":{\"@id\":\"https:\/\/www.radlobby.org\/noe\/#organization\"},\"potentialAction\":[{\"@type\":\"SearchAction\",\"target\":{\"@type\":\"EntryPoint\",\"urlTemplate\":\"https:\/\/www.radlobby.org\/noe\/?s={search_term_string}\"},\"query-input\":{\"@type\":\"PropertyValueSpecification\",\"valueRequired\":true,\"valueName\":\"search_term_string\"}}],\"inLanguage\":\"de\"},{\"@type\":\"Organization\",\"@id\":\"https:\/\/www.radlobby.org\/noe\/#organization\",\"name\":\"Radlobby Nieder\u00f6sterreich\",\"url\":\"https:\/\/www.radlobby.org\/noe\/\",\"logo\":{\"@type\":\"ImageObject\",\"inLanguage\":\"de\",\"@id\":\"https:\/\/www.radlobby.org\/noe\/#\/schema\/logo\/image\/\",\"url\":\"https:\/\/www.radlobby.org\/noe\/wp-content\/uploads\/2017\/01\/cropped-Logo_Radlobby_Niederoesterreich_50-400px_quer-1.jpg\",\"contentUrl\":\"https:\/\/www.radlobby.org\/noe\/wp-content\/uploads\/2017\/01\/cropped-Logo_Radlobby_Niederoesterreich_50-400px_quer-1.jpg\",\"width\":450,\"height\":124,\"caption\":\"Radlobby Nieder\u00f6sterreich\"},\"image\":{\"@id\":\"https:\/\/www.radlobby.org\/noe\/#\/schema\/logo\/image\/\"},\"sameAs\":[\"https:\/\/www.facebook.com\/groups\/radfahren.in.noe\/\"]},{\"@type\":\"Person\",\"@id\":\"https:\/\/www.radlobby.org\/noe\/#\/schema\/person\/6575d09b0e7b7970d5b81d0bab520c61\",\"name\":\"Gerold Petritsch\",\"image\":{\"@type\":\"ImageObject\",\"inLanguage\":\"de\",\"@id\":\"https:\/\/www.radlobby.org\/noe\/#\/schema\/person\/image\/\",\"url\":\"https:\/\/secure.gravatar.com\/avatar\/9dc36f4c91f9894712dd7fdc25d6d6bc3448cf31a66187da4b2a4081af93013d?s=96&d=mm&r=g\",\"contentUrl\":\"https:\/\/secure.gravatar.com\/avatar\/9dc36f4c91f9894712dd7fdc25d6d6bc3448cf31a66187da4b2a4081af93013d?s=96&d=mm&r=g\",\"caption\":\"Gerold Petritsch\"},\"url\":\"https:\/\/www.radlobby.org\/noe\/author\/gerold-petritsch\/\"}]}<\/script>\n<!-- \/ Yoast SEO plugin. -->","yoast_head_json":{"title":"Verkehrsstadtrat Franz Dinhobl beim Jour Fixe der RL Wr.Neustadt - Radlobby Nieder\u00f6sterreich","robots":{"index":"index","follow":"follow","max-snippet":"max-snippet:-1","max-image-preview":"max-image-preview:large","max-video-preview":"max-video-preview:-1"},"canonical":"https:\/\/www.radlobby.org\/noe\/verkehrsstadtrat-franz-dinhobl-beim-jour-fixe-der-rl-wr-neustadt\/","og_locale":"de_DE","og_type":"article","og_title":"Verkehrsstadtrat Franz Dinhobl beim Jour Fixe der RL Wr.Neustadt - Radlobby Nieder\u00f6sterreich","og_description":"Stadtrat Dinhobl besuchte unser monatliches M\u00e4rz-Jour Fixe.  Hauptthemen waren die Vorhaben der Stadt und die Einbindung der Radlobby in Planungsphasen.","og_url":"https:\/\/www.radlobby.org\/noe\/verkehrsstadtrat-franz-dinhobl-beim-jour-fixe-der-rl-wr-neustadt\/","og_site_name":"Radlobby Nieder\u00f6sterreich","article_publisher":"https:\/\/www.facebook.com\/groups\/radfahren.in.noe\/","article_published_time":"2024-03-13T11:23:32+00:00","article_modified_time":"2024-03-17T14:38:30+00:00","og_image":[{"width":1153,"height":1657,"url":"https:\/\/www.radlobby.org\/noe\/wp-content\/uploads\/20240317-FranzDinhobl@Rad.jpg","type":"image\/jpeg"}],"author":"Gerold Petritsch","twitter_card":"summary_large_image","twitter_misc":{"Verfasst von":"Gerold Petritsch","Gesch\u00e4tzte Lesezeit":"2\u00a0Minuten"},"schema":{"@context":"https:\/\/schema.org","@graph":[{"@type":"Article","@id":"https:\/\/www.radlobby.org\/noe\/verkehrsstadtrat-franz-dinhobl-beim-jour-fixe-der-rl-wr-neustadt\/#article","isPartOf":{"@id":"https:\/\/www.radlobby.org\/noe\/verkehrsstadtrat-franz-dinhobl-beim-jour-fixe-der-rl-wr-neustadt\/"},"author":{"name":"Gerold Petritsch","@id":"https:\/\/www.radlobby.org\/noe\/#\/schema\/person\/6575d09b0e7b7970d5b81d0bab520c61"},"headline":"Verkehrsstadtrat Franz Dinhobl beim Jour Fixe der RL Wr.Neustadt","datePublished":"2024-03-13T11:23:32+00:00","dateModified":"2024-03-17T14:38:30+00:00","mainEntityOfPage":{"@id":"https:\/\/www.radlobby.org\/noe\/verkehrsstadtrat-franz-dinhobl-beim-jour-fixe-der-rl-wr-neustadt\/"},"wordCount":180,"publisher":{"@id":"https:\/\/www.radlobby.org\/noe\/#organization"},"image":{"@id":"https:\/\/www.radlobby.org\/noe\/verkehrsstadtrat-franz-dinhobl-beim-jour-fixe-der-rl-wr-neustadt\/#primaryimage"},"thumbnailUrl":"https:\/\/www.radlobby.org\/noe\/wp-content\/uploads\/20240317-FranzDinhobl@Rad.jpg","articleSection":["Radlobby Wiener Neustadt"],"inLanguage":"de"},{"@type":"WebPage","@id":"https:\/\/www.radlobby.org\/noe\/verkehrsstadtrat-franz-dinhobl-beim-jour-fixe-der-rl-wr-neustadt\/","url":"https:\/\/www.radlobby.org\/noe\/verkehrsstadtrat-franz-dinhobl-beim-jour-fixe-der-rl-wr-neustadt\/","name":"Verkehrsstadtrat Franz Dinhobl beim Jour Fixe der RL Wr.Neustadt - Radlobby Nieder\u00f6sterreich","isPartOf":{"@id":"https:\/\/www.radlobby.org\/noe\/#website"},"primaryImageOfPage":{"@id":"https:\/\/www.radlobby.org\/noe\/verkehrsstadtrat-franz-dinhobl-beim-jour-fixe-der-rl-wr-neustadt\/#primaryimage"},"image":{"@id":"https:\/\/www.radlobby.org\/noe\/verkehrsstadtrat-franz-dinhobl-beim-jour-fixe-der-rl-wr-neustadt\/#primaryimage"},"thumbnailUrl":"https:\/\/www.radlobby.org\/noe\/wp-content\/uploads\/20240317-FranzDinhobl@Rad.jpg","datePublished":"2024-03-13T11:23:32+00:00","dateModified":"2024-03-17T14:38:30+00:00","breadcrumb":{"@id":"https:\/\/www.radlobby.org\/noe\/verkehrsstadtrat-franz-dinhobl-beim-jour-fixe-der-rl-wr-neustadt\/#breadcrumb"},"inLanguage":"de","potentialAction":[{"@type":"ReadAction","target":["https:\/\/www.radlobby.org\/noe\/verkehrsstadtrat-franz-dinhobl-beim-jour-fixe-der-rl-wr-neustadt\/"]}]},{"@type":"ImageObject","inLanguage":"de","@id":"https:\/\/www.radlobby.org\/noe\/verkehrsstadtrat-franz-dinhobl-beim-jour-fixe-der-rl-wr-neustadt\/#primaryimage","url":"https:\/\/www.radlobby.org\/noe\/wp-content\/uploads\/20240317-FranzDinhobl@Rad.jpg","contentUrl":"https:\/\/www.radlobby.org\/noe\/wp-content\/uploads\/20240317-FranzDinhobl@Rad.jpg","width":1153,"height":1657},{"@type":"BreadcrumbList","@id":"https:\/\/www.radlobby.org\/noe\/verkehrsstadtrat-franz-dinhobl-beim-jour-fixe-der-rl-wr-neustadt\/#breadcrumb","itemListElement":[{"@type":"ListItem","position":1,"name":"Startseite","item":"https:\/\/www.radlobby.org\/noe\/"},{"@type":"ListItem","position":2,"name":"Verkehrsstadtrat Franz Dinhobl beim Jour Fixe der RL Wr.Neustadt"}]},{"@type":"WebSite","@id":"https:\/\/www.radlobby.org\/noe\/#website","url":"https:\/\/www.radlobby.org\/noe\/","name":"Radlobby Nieder\u00f6sterreich","description":"Radverkehr, Fahrrad, Radfahren, Radreisen, Radtouren, Radweg","publisher":{"@id":"https:\/\/www.radlobby.org\/noe\/#organization"},"potentialAction":[{"@type":"SearchAction","target":{"@type":"EntryPoint","urlTemplate":"https:\/\/www.radlobby.org\/noe\/?s={search_term_string}"},"query-input":{"@type":"PropertyValueSpecification","valueRequired":true,"valueName":"search_term_string"}}],"inLanguage":"de"},{"@type":"Organization","@id":"https:\/\/www.radlobby.org\/noe\/#organization","name":"Radlobby Nieder\u00f6sterreich","url":"https:\/\/www.radlobby.org\/noe\/","logo":{"@type":"ImageObject","inLanguage":"de","@id":"https:\/\/www.radlobby.org\/noe\/#\/schema\/logo\/image\/","url":"https:\/\/www.radlobby.org\/noe\/wp-content\/uploads\/2017\/01\/cropped-Logo_Radlobby_Niederoesterreich_50-400px_quer-1.jpg","contentUrl":"https:\/\/www.radlobby.org\/noe\/wp-content\/uploads\/2017\/01\/cropped-Logo_Radlobby_Niederoesterreich_50-400px_quer-1.jpg","width":450,"height":124,"caption":"Radlobby Nieder\u00f6sterreich"},"image":{"@id":"https:\/\/www.radlobby.org\/noe\/#\/schema\/logo\/image\/"},"sameAs":["https:\/\/www.facebook.com\/groups\/radfahren.in.noe\/"]},{"@type":"Person","@id":"https:\/\/www.radlobby.org\/noe\/#\/schema\/person\/6575d09b0e7b7970d5b81d0bab520c61","name":"Gerold Petritsch","image":{"@type":"ImageObject","inLanguage":"de","@id":"https:\/\/www.radlobby.org\/noe\/#\/schema\/person\/image\/","url":"https:\/\/secure.gravatar.com\/avatar\/9dc36f4c91f9894712dd7fdc25d6d6bc3448cf31a66187da4b2a4081af93013d?s=96&d=mm&r=g","contentUrl":"https:\/\/secure.gravatar.com\/avatar\/9dc36f4c91f9894712dd7fdc25d6d6bc3448cf31a66187da4b2a4081af93013d?s=96&d=mm&r=g","caption":"Gerold Petritsch"},"url":"https:\/\/www.radlobby.org\/noe\/author\/gerold-petritsch\/"}]}},"_links":{"self":[{"href":"https:\/\/www.radlobby.org\/noe\/wp-json\/wp\/v2\/posts\/34310","targetHints":{"allow":["GET"]}}],"collection":[{"href":"https:\/\/www.radlobby.org\/noe\/wp-json\/wp\/v2\/posts"}],"about":[{"href":"https:\/\/www.radlobby.org\/noe\/wp-json\/wp\/v2\/types\/post"}],"author":[{"embeddable":true,"href":"https:\/\/www.radlobby.org\/noe\/wp-json\/wp\/v2\/users\/55"}],"replies":[{"embeddable":true,"href":"https:\/\/www.radlobby.org\/noe\/wp-json\/wp\/v2\/comments?post=34310"}],"version-history":[{"count":8,"href":"https:\/\/www.radlobby.org\/noe\/wp-json\/wp\/v2\/posts\/34310\/revisions"}],"predecessor-version":[{"id":34335,"href":"https:\/\/www.radlobby.org\/noe\/wp-json\/wp\/v2\/posts\/34310\/revisions\/34335"}],"wp:featuredmedia":[{"embeddable":true,"href":"https:\/\/www.radlobby.org\/noe\/wp-json\/wp\/v2\/media\/34333"}],"wp:attachment":[{"href":"https:\/\/www.radlobby.org\/noe\/wp-json\/wp\/v2\/media?parent=34310"}],"wp:term":[{"taxonomy":"category","embeddable":true,"href":"https:\/\/www.radlobby.org\/noe\/wp-json\/wp\/v2\/categories?post=34310"},{"taxonomy":"post_tag","embeddable":true,"href":"https:\/\/www.radlobby.org\/noe\/wp-json\/wp\/v2\/tags?post=34310"}],"curies":[{"name":"wp","href":"https:\/\/api.w.org\/{rel}","templated":true}]}}