{"id":34013,"date":"2024-10-18T20:35:03","date_gmt":"2024-10-18T18:35:03","guid":{"rendered":"https:\/\/www.radlobby.org\/noe\/?p=34013"},"modified":"2026-04-01T12:51:49","modified_gmt":"2026-04-01T10:51:49","slug":"schulradbus-bad-voeslau","status":"publish","type":"post","link":"https:\/\/www.radlobby.org\/noe\/schulradbus-bad-voeslau\/","title":{"rendered":"Bad V\u00f6slau | SchulRadBus f\u00fcr die Volksschule Bad V\u00f6slau"},"content":{"rendered":"<div>\n<div dir=\"auto\">\n<div dir=\"auto\">\n<h1 dir=\"auto\">SchulRadBus Bad V\u00f6slau<\/h1>\n<h1 dir=\"auto\"><a href=\"https:\/\/www.radlobby.org\/noe\/wp-content\/uploads\/Claim.png\" data-src=\"https:\/\/www.radlobby.org\/noe\/wp-content\/uploads\/Claim.png\" data-thumb=\"https:\/\/www.radlobby.org\/noe\/wp-content\/uploads\/Claim-300x300.png\" class=\"ml-lightbox-enabled\"><img loading=\"lazy\" decoding=\"async\" class=\"alignright size-medium wp-image-40657\" src=\"https:\/\/www.radlobby.org\/noe\/wp-content\/uploads\/Claim-300x300.png\" alt=\"Auszeichnung f\u00fcr Aquila Preis 2025\" width=\"300\" height=\"300\" srcset=\"https:\/\/www.radlobby.org\/noe\/wp-content\/uploads\/Claim-300x300.png 300w, https:\/\/www.radlobby.org\/noe\/wp-content\/uploads\/Claim-150x150.png 150w, https:\/\/www.radlobby.org\/noe\/wp-content\/uploads\/Claim-768x768.png 768w, https:\/\/www.radlobby.org\/noe\/wp-content\/uploads\/Claim-270x270.png 270w, https:\/\/www.radlobby.org\/noe\/wp-content\/uploads\/Claim-230x230.png 230w, https:\/\/www.radlobby.org\/noe\/wp-content\/uploads\/Claim.png 960w\" sizes=\"auto, (max-width: 300px) 100vw, 300px\" \/><\/a><\/h1>\n<p>&nbsp;<\/p>\n<div dir=\"auto\">Nach der erfolgreichen Testlaufphase \u201cSchulRadBus zur Volksschule Bad V\u00f6slau\u201d von Mai &#8211; Juni 2024 rollt dieser ab Freitag, 6. September 2024 weiter, nun sogar auf 3 Routen!<\/div>\n<div dir=\"auto\"><\/div>\n<div dir=\"auto\"><span style=\"color: #000000;\">Seit Juni 2025 f\u00e4hrt der SchulRadBus auf Route 1 t\u00e4glich an Schultagen von Mo-Fr!!<\/span><\/div>\n<h4 dir=\"auto\">Was ist der SchulRadBus?<\/h4>\n<div dir=\"auto\">Der SchulRadBus ist ein Bus aus Fahrr\u00e4dern, mit dem die Volksschulkinder von ihren Bezugspersonen und polizeilich geschulten Routenverantwortlichen wie Radlobbyist:innen begleitet, sicher zur Schule fahren und so Radsicherheit ausbauen. Das gemeinsame Erlebnis steht im Vordergrund. Wir freuen uns \u00fcber reges Interesse und unterst\u00fctzende Mitwirkende.<\/div>\n<h4 dir=\"auto\">Wann f\u00e4hrt der SchulRadBus?<\/h4>\n<figure id=\"attachment_36294\" aria-describedby=\"caption-attachment-36294\" style=\"width: 225px\" class=\"wp-caption alignright\"><a href=\"https:\/\/www.radlobby.org\/noe\/wp-content\/uploads\/01024438-2.jpg\" data-src=\"https:\/\/www.radlobby.org\/noe\/wp-content\/uploads\/01024438-2.jpg\" data-thumb=\"https:\/\/www.radlobby.org\/noe\/wp-content\/uploads\/01024438-2-225x300.jpg\" class=\"ml-lightbox-enabled\"><img loading=\"lazy\" decoding=\"async\" class=\"wp-image-36294 size-medium\" src=\"https:\/\/www.radlobby.org\/noe\/wp-content\/uploads\/01024438-2-225x300.jpg\" alt=\"\" width=\"225\" height=\"300\" srcset=\"https:\/\/www.radlobby.org\/noe\/wp-content\/uploads\/01024438-2-225x300.jpg 225w, https:\/\/www.radlobby.org\/noe\/wp-content\/uploads\/01024438-2-768x1024.jpg 768w, https:\/\/www.radlobby.org\/noe\/wp-content\/uploads\/01024438-2-1152x1536.jpg 1152w, https:\/\/www.radlobby.org\/noe\/wp-content\/uploads\/01024438-2.jpg 1536w\" sizes=\"auto, (max-width: 225px) 100vw, 225px\" \/><\/a><figcaption id=\"caption-attachment-36294\" class=\"wp-caption-text\">Bildrechte: Radlobby<\/figcaption><\/figure>\n<div dir=\"auto\">Der SchulRadBus f\u00e4hrt w\u00f6chentlich freitags an Schultagen ab der ersten Schulwoche im September 2024. Es wird bei jedem Wetter gefahren. Wir (er)fahren so unseren gemeinsamen Schulweg sicher in der Gruppe, mit Spa\u00df an der Bewegung.<\/div>\n<div dir=\"auto\">Seit Juni 2025 f\u00e4hrt er zudem t\u00e4glich an Schultagen auf Route 1. Auf Route 2 und 3 f\u00e4hrt er weiterhin freitags.<\/div>\n<h4 dir=\"auto\">Wie kann ich mitmachen?<\/h4>\n<div dir=\"auto\">Also Kinder aufgepasst: Nehmt bitte Euer eigenes Rad und Euren Fahrradhelm mit und bittet Mama oder Papa Euch mit dem Fahrrad auf der Strecke zu begleiten. Routenverantwortliche mit Warnwesten fahren immer mit euch. Wenn Ihr keine Bezugsperson habt, die Euch zeitlich begleiten kann, kann sie Euch auch bis am Vortag jeweils per Signal Messenger oder E-Mail anmelden und Ihr k\u00f6nnt Euch so von geschulten Routenverantwortlichen sicher nach Teilnahmebest\u00e4tigung begleiten lassen!<\/div>\n<h4 dir=\"auto\"><a href=\"https:\/\/www.radlobby.org\/noe\/wp-content\/uploads\/Sprechblase_SRB.jpg\" data-src=\"https:\/\/www.radlobby.org\/noe\/wp-content\/uploads\/Sprechblase_SRB.jpg\" data-thumb=\"https:\/\/www.radlobby.org\/noe\/wp-content\/uploads\/Sprechblase_SRB-300x207.jpg\" class=\"ml-lightbox-enabled\"><img loading=\"lazy\" decoding=\"async\" class=\"alignright size-medium wp-image-36293\" src=\"https:\/\/www.radlobby.org\/noe\/wp-content\/uploads\/Sprechblase_SRB-300x207.jpg\" alt=\"\" width=\"300\" height=\"207\" srcset=\"https:\/\/www.radlobby.org\/noe\/wp-content\/uploads\/Sprechblase_SRB-300x207.jpg 300w, https:\/\/www.radlobby.org\/noe\/wp-content\/uploads\/Sprechblase_SRB-768x530.jpg 768w, https:\/\/www.radlobby.org\/noe\/wp-content\/uploads\/Sprechblase_SRB.jpg 1240w\" sizes=\"auto, (max-width: 300px) 100vw, 300px\" \/><\/a><\/h4>\n<h4 dir=\"auto\">Wo f\u00e4hrt der SchulRadBus?<\/h4>\n<div dir=\"auto\">Es gibt drei voneinander unabh\u00e4ngige SchulRadBus-Routen. Einsteigen in den Konvoi an der Route ist m\u00f6glich. Der SchulRadBus ist zuverl\u00e4ssig zu folgenden Zeiten an den Haltestellen:<\/div>\n<\/div>\n<\/div>\n<\/div>\n<div>\n<div dir=\"auto\">\n<div dir=\"auto\">\n<h5 dir=\"auto\"><strong>Route 1 (t\u00e4glich):<\/strong><\/h5>\n<div dir=\"auto\">7:19 Veilchengasse<\/div>\n<div dir=\"auto\">7:20 Viertelgraben<\/div>\n<div dir=\"auto\">7:22 Alleegasse \/ Roseggerstrasse<\/div>\n<div dir=\"auto\">7:24 Roseggerstrasse \/ Josef Erl-Gasse<\/div>\n<div dir=\"auto\">7:26 Bahnstrasse \/ Falkstrasse<\/div>\n<div dir=\"auto\">7:30 VS Raulestrasse<\/div>\n<div dir=\"auto\"><a href=\"https:\/\/signal.group\/#CjQKIJvPOErjLuVrk-OSYJqWNxv7PPm0aX0aje5I5BjI69D5EhCxhhSlsR9r2vcq1Ne3nGOt\">Signal-Gruppe Route 1<\/a><\/div>\n<div dir=\"auto\"><a href=\"https:\/\/www.radlobby.org\/noe\/wp-content\/uploads\/signal-Route1.png\" data-src=\"https:\/\/www.radlobby.org\/noe\/wp-content\/uploads\/signal-Route1.png\" data-thumb=\"https:\/\/www.radlobby.org\/noe\/wp-content\/uploads\/signal-Route1-300x300.png\" class=\"ml-lightbox-enabled\"><img loading=\"lazy\" decoding=\"async\" class=\"wp-image-36295 size-medium alignnone\" src=\"https:\/\/www.radlobby.org\/noe\/wp-content\/uploads\/signal-Route1-300x300.png\" alt=\"\" width=\"300\" height=\"300\" srcset=\"https:\/\/www.radlobby.org\/noe\/wp-content\/uploads\/signal-Route1-300x300.png 300w, https:\/\/www.radlobby.org\/noe\/wp-content\/uploads\/signal-Route1-150x150.png 150w, https:\/\/www.radlobby.org\/noe\/wp-content\/uploads\/signal-Route1-270x270.png 270w, https:\/\/www.radlobby.org\/noe\/wp-content\/uploads\/signal-Route1-230x230.png 230w, https:\/\/www.radlobby.org\/noe\/wp-content\/uploads\/signal-Route1.png 512w\" sizes=\"auto, (max-width: 300px) 100vw, 300px\" \/><\/a><\/div>\n<h5 dir=\"auto\"><strong>Route 2 (freitags):<\/strong><\/h5>\n<div dir=\"auto\">07:16 Friedrich Kheck-Strasse 47, beim Autobahntunnel<\/div>\n<div dir=\"auto\">07:18 &#8220;kleiner Semmering&#8221;, \u00f6stl. der Bahn<\/div>\n<div dir=\"auto\">07:20 &#8220;kleiner Semmering&#8221;, westl. der Bahn<\/div>\n<div dir=\"auto\">07:22 Alleegasse 1 \/ Roseggerstrasse<\/div>\n<div dir=\"auto\">07:24 Roseggerstrasse \/ Josef Erl-Gasse<\/div>\n<div dir=\"auto\">07:26 Bahnstrasse \/ Falkstrasse<\/div>\n<div dir=\"auto\">07:30 VS Raulestrasse<\/div>\n<div dir=\"auto\"><a href=\"https:\/\/signal.group\/#CjQKIHOSDuShPdiZYAFfFXdTcPsBp1fcHUeOIbhSnh7rNL87EhAxaXv4C_wNVtpLYxOrcjpk\">Signal-Gruppe Route 2<\/a><\/div>\n<h5 dir=\"auto\"><a href=\"https:\/\/www.radlobby.org\/noe\/wp-content\/uploads\/signal-Route2.png\" data-src=\"https:\/\/www.radlobby.org\/noe\/wp-content\/uploads\/signal-Route2.png\" data-thumb=\"https:\/\/www.radlobby.org\/noe\/wp-content\/uploads\/signal-Route2-300x300.png\" class=\"ml-lightbox-enabled\"><img loading=\"lazy\" decoding=\"async\" class=\"size-medium wp-image-36297 alignnone\" src=\"https:\/\/www.radlobby.org\/noe\/wp-content\/uploads\/signal-Route2-300x300.png\" alt=\"\" width=\"300\" height=\"300\" srcset=\"https:\/\/www.radlobby.org\/noe\/wp-content\/uploads\/signal-Route2-300x300.png 300w, https:\/\/www.radlobby.org\/noe\/wp-content\/uploads\/signal-Route2-150x150.png 150w, https:\/\/www.radlobby.org\/noe\/wp-content\/uploads\/signal-Route2-270x270.png 270w, https:\/\/www.radlobby.org\/noe\/wp-content\/uploads\/signal-Route2-230x230.png 230w, https:\/\/www.radlobby.org\/noe\/wp-content\/uploads\/signal-Route2.png 512w\" sizes=\"auto, (max-width: 300px) 100vw, 300px\" \/><\/a><\/h5>\n<h5 dir=\"auto\"><strong>Route 3 (freitags):<\/strong><\/h5>\n<div dir=\"auto\">07:22 Falkstrasse \/ Badnerstrasse (WLV)<\/div>\n<div dir=\"auto\">07:25 Friedhof Bad V\u00f6slau<\/div>\n<div dir=\"auto\">07:28 Eislaufplatz Bad V\u00f6slau<\/div>\n<div dir=\"auto\">07:30 VS Raulestrasse<\/div>\n<div dir=\"auto\"><a href=\"https:\/\/signal.group\/#CjQKIMfcIAYUJeaVvGGih5HDTWykJA4DxmTtsX4784G7g4-SEhBKat1W6P9SZMeelogkLKhG\">Signal-Gruppe Route 3<\/a><\/div>\n<div dir=\"auto\"><a href=\"https:\/\/www.radlobby.org\/noe\/wp-content\/uploads\/signal-Route3.png\" data-src=\"https:\/\/www.radlobby.org\/noe\/wp-content\/uploads\/signal-Route3.png\" data-thumb=\"https:\/\/www.radlobby.org\/noe\/wp-content\/uploads\/signal-Route3-300x300.png\" class=\"ml-lightbox-enabled\"><img loading=\"lazy\" decoding=\"async\" class=\"size-medium wp-image-36298 alignnone\" src=\"https:\/\/www.radlobby.org\/noe\/wp-content\/uploads\/signal-Route3-300x300.png\" alt=\"\" width=\"300\" height=\"300\" srcset=\"https:\/\/www.radlobby.org\/noe\/wp-content\/uploads\/signal-Route3-300x300.png 300w, https:\/\/www.radlobby.org\/noe\/wp-content\/uploads\/signal-Route3-150x150.png 150w, https:\/\/www.radlobby.org\/noe\/wp-content\/uploads\/signal-Route3-270x270.png 270w, https:\/\/www.radlobby.org\/noe\/wp-content\/uploads\/signal-Route3-230x230.png 230w, https:\/\/www.radlobby.org\/noe\/wp-content\/uploads\/signal-Route3.png 512w\" sizes=\"auto, (max-width: 300px) 100vw, 300px\" \/><\/a><\/div>\n<h4 dir=\"auto\">Routenplan<\/h4>\n<div dir=\"auto\"><a href=\"https:\/\/www.radlobby.org\/noe\/wp-content\/uploads\/signal-2024-09-01-110706_002.jpeg\" data-src=\"https:\/\/www.radlobby.org\/noe\/wp-content\/uploads\/signal-2024-09-01-110706_002.jpeg\" data-thumb=\"https:\/\/www.radlobby.org\/noe\/wp-content\/uploads\/signal-2024-09-01-110706_002-300x261.jpeg\" class=\"ml-lightbox-enabled\"><img loading=\"lazy\" decoding=\"async\" class=\"wp-image-36305 size-medium alignnone\" src=\"https:\/\/www.radlobby.org\/noe\/wp-content\/uploads\/signal-2024-09-01-110706_002-300x261.jpeg\" alt=\"\" width=\"300\" height=\"261\" srcset=\"https:\/\/www.radlobby.org\/noe\/wp-content\/uploads\/signal-2024-09-01-110706_002-300x261.jpeg 300w, https:\/\/www.radlobby.org\/noe\/wp-content\/uploads\/signal-2024-09-01-110706_002-768x668.jpeg 768w, https:\/\/www.radlobby.org\/noe\/wp-content\/uploads\/signal-2024-09-01-110706_002.jpeg 1080w\" sizes=\"auto, (max-width: 300px) 100vw, 300px\" \/><\/a><\/div>\n<div dir=\"auto\">Durchgef\u00fchrt wird die gemeinsame Fahrt zur Schule von lokalen Initiator:innen.<\/div>\n<\/div>\n<\/div>\n<\/div>\n<div dir=\"auto\"><a href=\"https:\/\/www.radlobby.org\/noe\/wp-content\/uploads\/logosSRB.jpg\" data-src=\"https:\/\/www.radlobby.org\/noe\/wp-content\/uploads\/logosSRB.jpg\" data-thumb=\"https:\/\/www.radlobby.org\/noe\/wp-content\/uploads\/logosSRB-300x51.jpg\" class=\"ml-lightbox-enabled\"><img loading=\"lazy\" decoding=\"async\" class=\"alignnone wp-image-36302\" src=\"https:\/\/www.radlobby.org\/noe\/wp-content\/uploads\/logosSRB-300x51.jpg\" alt=\"\" width=\"600\" height=\"101\" srcset=\"https:\/\/www.radlobby.org\/noe\/wp-content\/uploads\/logosSRB-300x51.jpg 300w, https:\/\/www.radlobby.org\/noe\/wp-content\/uploads\/logosSRB-768x129.jpg 768w, https:\/\/www.radlobby.org\/noe\/wp-content\/uploads\/logosSRB.jpg 1200w\" sizes=\"auto, (max-width: 600px) 100vw, 600px\" \/><\/a><\/div>\n<div dir=\"auto\"><\/div>\n<div>\n<div dir=\"auto\">\n<div dir=\"auto\">Bitte um direkte Kontaktaufnahme bei Fragen zur Route mit den jeweiligen Routenverantwortlichen in den Signalgruppen, f\u00fcr allgemeine Anfragen stehen wir von der Radlobby unter <a href=\"mailto:badvoeslau@radlobby.at\">badvoeslau@radlobby.at<\/a> zur Verf\u00fcgung.<\/div>\n<div dir=\"auto\"><\/div>\n<\/div>\n<div dir=\"auto\">[BadV\u00f6slau_SchulRadBus]<\/div>\n<\/div>\n<div dir=\"auto\"><\/div>\n","protected":false},"excerpt":{"rendered":"<p>SchulRadBus Bad V\u00f6slau &nbsp; Nach der erfolgreichen Testlaufphase \u201cSchulRadBus zur Volksschule Bad V\u00f6slau\u201d von Mai &#8211; Juni 2024 rollt dieser ab Freitag, 6. September 2024 weiter, nun sogar auf 3 Routen! Seit Juni 2025 f\u00e4hrt der SchulRadBus auf Route 1<\/p>\n","protected":false},"author":65,"featured_media":36294,"comment_status":"closed","ping_status":"closed","sticky":false,"template":"","format":"standard","meta":{"footnotes":""},"categories":[547],"tags":[],"class_list":["post-34013","post","type-post","status-publish","format-standard","has-post-thumbnail","hentry","category-badvoeslau"],"yoast_head":"<!-- This site is optimized with the Yoast SEO plugin v26.9 - https:\/\/yoast.com\/product\/yoast-seo-wordpress\/ -->\n<title>Bad V\u00f6slau | SchulRadBus f\u00fcr die Volksschule Bad V\u00f6slau - Radlobby Nieder\u00f6sterreich<\/title>\n<meta name=\"robots\" content=\"index, follow, max-snippet:-1, max-image-preview:large, max-video-preview:-1\" \/>\n<link rel=\"canonical\" href=\"https:\/\/www.radlobby.org\/noe\/schulradbus-bad-voeslau\/\" \/>\n<meta property=\"og:locale\" content=\"de_DE\" \/>\n<meta property=\"og:type\" content=\"article\" \/>\n<meta property=\"og:title\" content=\"Bad V\u00f6slau | SchulRadBus f\u00fcr die Volksschule Bad V\u00f6slau - Radlobby Nieder\u00f6sterreich\" \/>\n<meta property=\"og:description\" content=\"SchulRadBus Bad V\u00f6slau &nbsp; Nach der erfolgreichen Testlaufphase \u201cSchulRadBus zur Volksschule Bad V\u00f6slau\u201d von Mai &#8211; Juni 2024 rollt dieser ab Freitag, 6. September 2024 weiter, nun sogar auf 3 Routen! Seit Juni 2025 f\u00e4hrt der SchulRadBus auf Route 1\" \/>\n<meta property=\"og:url\" content=\"https:\/\/www.radlobby.org\/noe\/schulradbus-bad-voeslau\/\" \/>\n<meta property=\"og:site_name\" content=\"Radlobby Nieder\u00f6sterreich\" \/>\n<meta property=\"article:publisher\" content=\"https:\/\/www.facebook.com\/groups\/radfahren.in.noe\/\" \/>\n<meta property=\"article:published_time\" content=\"2024-10-18T18:35:03+00:00\" \/>\n<meta property=\"article:modified_time\" content=\"2026-04-01T10:51:49+00:00\" \/>\n<meta property=\"og:image\" content=\"https:\/\/www.radlobby.org\/noe\/wp-content\/uploads\/01024438-2.jpg\" \/>\n\t<meta property=\"og:image:width\" content=\"1536\" \/>\n\t<meta property=\"og:image:height\" content=\"2048\" \/>\n\t<meta property=\"og:image:type\" content=\"image\/jpeg\" \/>\n<meta name=\"author\" content=\"Laura Kafka\" \/>\n<meta name=\"twitter:card\" content=\"summary_large_image\" \/>\n<meta name=\"twitter:label1\" content=\"Verfasst von\" \/>\n\t<meta name=\"twitter:data1\" content=\"Laura Kafka\" \/>\n\t<meta name=\"twitter:label2\" content=\"Gesch\u00e4tzte Lesezeit\" \/>\n\t<meta name=\"twitter:data2\" content=\"4\u00a0Minuten\" \/>\n<script type=\"application\/ld+json\" class=\"yoast-schema-graph\">{\"@context\":\"https:\/\/schema.org\",\"@graph\":[{\"@type\":\"Article\",\"@id\":\"https:\/\/www.radlobby.org\/noe\/schulradbus-bad-voeslau\/#article\",\"isPartOf\":{\"@id\":\"https:\/\/www.radlobby.org\/noe\/schulradbus-bad-voeslau\/\"},\"author\":{\"name\":\"Laura Kafka\",\"@id\":\"https:\/\/www.radlobby.org\/noe\/#\/schema\/person\/3d46d5baaa32e9fab65201812c570448\"},\"headline\":\"Bad V\u00f6slau | SchulRadBus f\u00fcr die Volksschule Bad V\u00f6slau\",\"datePublished\":\"2024-10-18T18:35:03+00:00\",\"dateModified\":\"2026-04-01T10:51:49+00:00\",\"mainEntityOfPage\":{\"@id\":\"https:\/\/www.radlobby.org\/noe\/schulradbus-bad-voeslau\/\"},\"wordCount\":392,\"publisher\":{\"@id\":\"https:\/\/www.radlobby.org\/noe\/#organization\"},\"image\":{\"@id\":\"https:\/\/www.radlobby.org\/noe\/schulradbus-bad-voeslau\/#primaryimage\"},\"thumbnailUrl\":\"https:\/\/www.radlobby.org\/noe\/wp-content\/uploads\/01024438-2.jpg\",\"articleSection\":[\"Radlobby Bad V\u00f6slau\"],\"inLanguage\":\"de\"},{\"@type\":\"WebPage\",\"@id\":\"https:\/\/www.radlobby.org\/noe\/schulradbus-bad-voeslau\/\",\"url\":\"https:\/\/www.radlobby.org\/noe\/schulradbus-bad-voeslau\/\",\"name\":\"Bad V\u00f6slau | SchulRadBus f\u00fcr die Volksschule Bad V\u00f6slau - Radlobby Nieder\u00f6sterreich\",\"isPartOf\":{\"@id\":\"https:\/\/www.radlobby.org\/noe\/#website\"},\"primaryImageOfPage\":{\"@id\":\"https:\/\/www.radlobby.org\/noe\/schulradbus-bad-voeslau\/#primaryimage\"},\"image\":{\"@id\":\"https:\/\/www.radlobby.org\/noe\/schulradbus-bad-voeslau\/#primaryimage\"},\"thumbnailUrl\":\"https:\/\/www.radlobby.org\/noe\/wp-content\/uploads\/01024438-2.jpg\",\"datePublished\":\"2024-10-18T18:35:03+00:00\",\"dateModified\":\"2026-04-01T10:51:49+00:00\",\"breadcrumb\":{\"@id\":\"https:\/\/www.radlobby.org\/noe\/schulradbus-bad-voeslau\/#breadcrumb\"},\"inLanguage\":\"de\",\"potentialAction\":[{\"@type\":\"ReadAction\",\"target\":[\"https:\/\/www.radlobby.org\/noe\/schulradbus-bad-voeslau\/\"]}]},{\"@type\":\"ImageObject\",\"inLanguage\":\"de\",\"@id\":\"https:\/\/www.radlobby.org\/noe\/schulradbus-bad-voeslau\/#primaryimage\",\"url\":\"https:\/\/www.radlobby.org\/noe\/wp-content\/uploads\/01024438-2.jpg\",\"contentUrl\":\"https:\/\/www.radlobby.org\/noe\/wp-content\/uploads\/01024438-2.jpg\",\"width\":1536,\"height\":2048},{\"@type\":\"BreadcrumbList\",\"@id\":\"https:\/\/www.radlobby.org\/noe\/schulradbus-bad-voeslau\/#breadcrumb\",\"itemListElement\":[{\"@type\":\"ListItem\",\"position\":1,\"name\":\"Startseite\",\"item\":\"https:\/\/www.radlobby.org\/noe\/\"},{\"@type\":\"ListItem\",\"position\":2,\"name\":\"Bad V\u00f6slau | SchulRadBus f\u00fcr die Volksschule Bad V\u00f6slau\"}]},{\"@type\":\"WebSite\",\"@id\":\"https:\/\/www.radlobby.org\/noe\/#website\",\"url\":\"https:\/\/www.radlobby.org\/noe\/\",\"name\":\"Radlobby Nieder\u00f6sterreich\",\"description\":\"Radverkehr, Fahrrad, Radfahren, Radreisen, Radtouren, Radweg\",\"publisher\":{\"@id\":\"https:\/\/www.radlobby.org\/noe\/#organization\"},\"potentialAction\":[{\"@type\":\"SearchAction\",\"target\":{\"@type\":\"EntryPoint\",\"urlTemplate\":\"https:\/\/www.radlobby.org\/noe\/?s={search_term_string}\"},\"query-input\":{\"@type\":\"PropertyValueSpecification\",\"valueRequired\":true,\"valueName\":\"search_term_string\"}}],\"inLanguage\":\"de\"},{\"@type\":\"Organization\",\"@id\":\"https:\/\/www.radlobby.org\/noe\/#organization\",\"name\":\"Radlobby Nieder\u00f6sterreich\",\"url\":\"https:\/\/www.radlobby.org\/noe\/\",\"logo\":{\"@type\":\"ImageObject\",\"inLanguage\":\"de\",\"@id\":\"https:\/\/www.radlobby.org\/noe\/#\/schema\/logo\/image\/\",\"url\":\"https:\/\/www.radlobby.org\/noe\/wp-content\/uploads\/2017\/01\/cropped-Logo_Radlobby_Niederoesterreich_50-400px_quer-1.jpg\",\"contentUrl\":\"https:\/\/www.radlobby.org\/noe\/wp-content\/uploads\/2017\/01\/cropped-Logo_Radlobby_Niederoesterreich_50-400px_quer-1.jpg\",\"width\":450,\"height\":124,\"caption\":\"Radlobby Nieder\u00f6sterreich\"},\"image\":{\"@id\":\"https:\/\/www.radlobby.org\/noe\/#\/schema\/logo\/image\/\"},\"sameAs\":[\"https:\/\/www.facebook.com\/groups\/radfahren.in.noe\/\"]},{\"@type\":\"Person\",\"@id\":\"https:\/\/www.radlobby.org\/noe\/#\/schema\/person\/3d46d5baaa32e9fab65201812c570448\",\"name\":\"Laura Kafka\",\"image\":{\"@type\":\"ImageObject\",\"inLanguage\":\"de\",\"@id\":\"https:\/\/www.radlobby.org\/noe\/#\/schema\/person\/image\/\",\"url\":\"https:\/\/secure.gravatar.com\/avatar\/141ec437f27b3084bc6c91857d881288555812a76d2e9c6af9f4ba5f626465e7?s=96&d=mm&r=g\",\"contentUrl\":\"https:\/\/secure.gravatar.com\/avatar\/141ec437f27b3084bc6c91857d881288555812a76d2e9c6af9f4ba5f626465e7?s=96&d=mm&r=g\",\"caption\":\"Laura Kafka\"},\"url\":\"https:\/\/www.radlobby.org\/noe\/author\/laura-kafka\/\"}]}<\/script>\n<!-- \/ Yoast SEO plugin. -->","yoast_head_json":{"title":"Bad V\u00f6slau | SchulRadBus f\u00fcr die Volksschule Bad V\u00f6slau - Radlobby Nieder\u00f6sterreich","robots":{"index":"index","follow":"follow","max-snippet":"max-snippet:-1","max-image-preview":"max-image-preview:large","max-video-preview":"max-video-preview:-1"},"canonical":"https:\/\/www.radlobby.org\/noe\/schulradbus-bad-voeslau\/","og_locale":"de_DE","og_type":"article","og_title":"Bad V\u00f6slau | SchulRadBus f\u00fcr die Volksschule Bad V\u00f6slau - Radlobby Nieder\u00f6sterreich","og_description":"SchulRadBus Bad V\u00f6slau &nbsp; Nach der erfolgreichen Testlaufphase \u201cSchulRadBus zur Volksschule Bad V\u00f6slau\u201d von Mai &#8211; Juni 2024 rollt dieser ab Freitag, 6. September 2024 weiter, nun sogar auf 3 Routen! Seit Juni 2025 f\u00e4hrt der SchulRadBus auf Route 1","og_url":"https:\/\/www.radlobby.org\/noe\/schulradbus-bad-voeslau\/","og_site_name":"Radlobby Nieder\u00f6sterreich","article_publisher":"https:\/\/www.facebook.com\/groups\/radfahren.in.noe\/","article_published_time":"2024-10-18T18:35:03+00:00","article_modified_time":"2026-04-01T10:51:49+00:00","og_image":[{"width":1536,"height":2048,"url":"https:\/\/www.radlobby.org\/noe\/wp-content\/uploads\/01024438-2.jpg","type":"image\/jpeg"}],"author":"Laura Kafka","twitter_card":"summary_large_image","twitter_misc":{"Verfasst von":"Laura Kafka","Gesch\u00e4tzte Lesezeit":"4\u00a0Minuten"},"schema":{"@context":"https:\/\/schema.org","@graph":[{"@type":"Article","@id":"https:\/\/www.radlobby.org\/noe\/schulradbus-bad-voeslau\/#article","isPartOf":{"@id":"https:\/\/www.radlobby.org\/noe\/schulradbus-bad-voeslau\/"},"author":{"name":"Laura Kafka","@id":"https:\/\/www.radlobby.org\/noe\/#\/schema\/person\/3d46d5baaa32e9fab65201812c570448"},"headline":"Bad V\u00f6slau | SchulRadBus f\u00fcr die Volksschule Bad V\u00f6slau","datePublished":"2024-10-18T18:35:03+00:00","dateModified":"2026-04-01T10:51:49+00:00","mainEntityOfPage":{"@id":"https:\/\/www.radlobby.org\/noe\/schulradbus-bad-voeslau\/"},"wordCount":392,"publisher":{"@id":"https:\/\/www.radlobby.org\/noe\/#organization"},"image":{"@id":"https:\/\/www.radlobby.org\/noe\/schulradbus-bad-voeslau\/#primaryimage"},"thumbnailUrl":"https:\/\/www.radlobby.org\/noe\/wp-content\/uploads\/01024438-2.jpg","articleSection":["Radlobby Bad V\u00f6slau"],"inLanguage":"de"},{"@type":"WebPage","@id":"https:\/\/www.radlobby.org\/noe\/schulradbus-bad-voeslau\/","url":"https:\/\/www.radlobby.org\/noe\/schulradbus-bad-voeslau\/","name":"Bad V\u00f6slau | SchulRadBus f\u00fcr die Volksschule Bad V\u00f6slau - Radlobby Nieder\u00f6sterreich","isPartOf":{"@id":"https:\/\/www.radlobby.org\/noe\/#website"},"primaryImageOfPage":{"@id":"https:\/\/www.radlobby.org\/noe\/schulradbus-bad-voeslau\/#primaryimage"},"image":{"@id":"https:\/\/www.radlobby.org\/noe\/schulradbus-bad-voeslau\/#primaryimage"},"thumbnailUrl":"https:\/\/www.radlobby.org\/noe\/wp-content\/uploads\/01024438-2.jpg","datePublished":"2024-10-18T18:35:03+00:00","dateModified":"2026-04-01T10:51:49+00:00","breadcrumb":{"@id":"https:\/\/www.radlobby.org\/noe\/schulradbus-bad-voeslau\/#breadcrumb"},"inLanguage":"de","potentialAction":[{"@type":"ReadAction","target":["https:\/\/www.radlobby.org\/noe\/schulradbus-bad-voeslau\/"]}]},{"@type":"ImageObject","inLanguage":"de","@id":"https:\/\/www.radlobby.org\/noe\/schulradbus-bad-voeslau\/#primaryimage","url":"https:\/\/www.radlobby.org\/noe\/wp-content\/uploads\/01024438-2.jpg","contentUrl":"https:\/\/www.radlobby.org\/noe\/wp-content\/uploads\/01024438-2.jpg","width":1536,"height":2048},{"@type":"BreadcrumbList","@id":"https:\/\/www.radlobby.org\/noe\/schulradbus-bad-voeslau\/#breadcrumb","itemListElement":[{"@type":"ListItem","position":1,"name":"Startseite","item":"https:\/\/www.radlobby.org\/noe\/"},{"@type":"ListItem","position":2,"name":"Bad V\u00f6slau | SchulRadBus f\u00fcr die Volksschule Bad V\u00f6slau"}]},{"@type":"WebSite","@id":"https:\/\/www.radlobby.org\/noe\/#website","url":"https:\/\/www.radlobby.org\/noe\/","name":"Radlobby Nieder\u00f6sterreich","description":"Radverkehr, Fahrrad, Radfahren, Radreisen, Radtouren, Radweg","publisher":{"@id":"https:\/\/www.radlobby.org\/noe\/#organization"},"potentialAction":[{"@type":"SearchAction","target":{"@type":"EntryPoint","urlTemplate":"https:\/\/www.radlobby.org\/noe\/?s={search_term_string}"},"query-input":{"@type":"PropertyValueSpecification","valueRequired":true,"valueName":"search_term_string"}}],"inLanguage":"de"},{"@type":"Organization","@id":"https:\/\/www.radlobby.org\/noe\/#organization","name":"Radlobby Nieder\u00f6sterreich","url":"https:\/\/www.radlobby.org\/noe\/","logo":{"@type":"ImageObject","inLanguage":"de","@id":"https:\/\/www.radlobby.org\/noe\/#\/schema\/logo\/image\/","url":"https:\/\/www.radlobby.org\/noe\/wp-content\/uploads\/2017\/01\/cropped-Logo_Radlobby_Niederoesterreich_50-400px_quer-1.jpg","contentUrl":"https:\/\/www.radlobby.org\/noe\/wp-content\/uploads\/2017\/01\/cropped-Logo_Radlobby_Niederoesterreich_50-400px_quer-1.jpg","width":450,"height":124,"caption":"Radlobby Nieder\u00f6sterreich"},"image":{"@id":"https:\/\/www.radlobby.org\/noe\/#\/schema\/logo\/image\/"},"sameAs":["https:\/\/www.facebook.com\/groups\/radfahren.in.noe\/"]},{"@type":"Person","@id":"https:\/\/www.radlobby.org\/noe\/#\/schema\/person\/3d46d5baaa32e9fab65201812c570448","name":"Laura Kafka","image":{"@type":"ImageObject","inLanguage":"de","@id":"https:\/\/www.radlobby.org\/noe\/#\/schema\/person\/image\/","url":"https:\/\/secure.gravatar.com\/avatar\/141ec437f27b3084bc6c91857d881288555812a76d2e9c6af9f4ba5f626465e7?s=96&d=mm&r=g","contentUrl":"https:\/\/secure.gravatar.com\/avatar\/141ec437f27b3084bc6c91857d881288555812a76d2e9c6af9f4ba5f626465e7?s=96&d=mm&r=g","caption":"Laura Kafka"},"url":"https:\/\/www.radlobby.org\/noe\/author\/laura-kafka\/"}]}},"_links":{"self":[{"href":"https:\/\/www.radlobby.org\/noe\/wp-json\/wp\/v2\/posts\/34013","targetHints":{"allow":["GET"]}}],"collection":[{"href":"https:\/\/www.radlobby.org\/noe\/wp-json\/wp\/v2\/posts"}],"about":[{"href":"https:\/\/www.radlobby.org\/noe\/wp-json\/wp\/v2\/types\/post"}],"author":[{"embeddable":true,"href":"https:\/\/www.radlobby.org\/noe\/wp-json\/wp\/v2\/users\/65"}],"replies":[{"embeddable":true,"href":"https:\/\/www.radlobby.org\/noe\/wp-json\/wp\/v2\/comments?post=34013"}],"version-history":[{"count":40,"href":"https:\/\/www.radlobby.org\/noe\/wp-json\/wp\/v2\/posts\/34013\/revisions"}],"predecessor-version":[{"id":41611,"href":"https:\/\/www.radlobby.org\/noe\/wp-json\/wp\/v2\/posts\/34013\/revisions\/41611"}],"wp:featuredmedia":[{"embeddable":true,"href":"https:\/\/www.radlobby.org\/noe\/wp-json\/wp\/v2\/media\/36294"}],"wp:attachment":[{"href":"https:\/\/www.radlobby.org\/noe\/wp-json\/wp\/v2\/media?parent=34013"}],"wp:term":[{"taxonomy":"category","embeddable":true,"href":"https:\/\/www.radlobby.org\/noe\/wp-json\/wp\/v2\/categories?post=34013"},{"taxonomy":"post_tag","embeddable":true,"href":"https:\/\/www.radlobby.org\/noe\/wp-json\/wp\/v2\/tags?post=34013"}],"curies":[{"name":"wp","href":"https:\/\/api.w.org\/{rel}","templated":true}]}}