{"id":33992,"date":"2024-03-03T18:33:12","date_gmt":"2024-03-03T17:33:12","guid":{"rendered":"https:\/\/www.radlobby.org\/noe\/?p=33992"},"modified":"2024-03-03T22:17:25","modified_gmt":"2024-03-03T21:17:25","slug":"monatliche-treffen-im-fruehjahr-2024","status":"publish","type":"post","link":"https:\/\/www.radlobby.org\/noe\/monatliche-treffen-im-fruehjahr-2024\/","title":{"rendered":"Monatliche Treffen im Fr\u00fchjahr 2024"},"content":{"rendered":"<h4>Herzliche Einladung zu den offenen Treffen der Radlobby Amstetten<\/h4>\n<p>Die Termine und Location f\u00fcr unsere n\u00e4chsten Treffen stehen fest:<\/p>\n<ul>\n<li>Donnerstag, 7. M\u00e4rz<\/li>\n<li>Donnerstag, 11. April<\/li>\n<\/ul>\n<p><img loading=\"lazy\" decoding=\"async\" class=\"size-medium wp-image-33989 alignright\" src=\"https:\/\/www.radlobby.org\/noe\/wp-content\/uploads\/posting-FB_naechsten-Radlobby-Treffen-300x131.jpg\" alt=\"\" width=\"300\" height=\"131\" srcset=\"https:\/\/www.radlobby.org\/noe\/wp-content\/uploads\/posting-FB_naechsten-Radlobby-Treffen-300x131.jpg 300w, https:\/\/www.radlobby.org\/noe\/wp-content\/uploads\/posting-FB_naechsten-Radlobby-Treffen-768x335.jpg 768w, https:\/\/www.radlobby.org\/noe\/wp-content\/uploads\/posting-FB_naechsten-Radlobby-Treffen.jpg 1483w\" sizes=\"auto, (max-width: 300px) 100vw, 300px\" \/><br \/>\nWir treffen uns jeweils ab 18:00 Uhr in den R\u00e4umlichkeiten des Makerspace-A in der Eggersdorfer Stra\u00dfe 23 (Zugang beim \u00d6BB-Bahnhofsparkplatz hinter dem Wasserturm).<\/p>\n<p>Wir setzen uns f\u00fcr die Verbesserung der Rahmenbedingungen f\u00fcr Radfahrende und Fu\u00dfg\u00e4nger:innen\u00a0 in der Region Amstetten ein.<\/p>\n<p>Wir diskutieren \u00fcber<br \/>\n&#8211; generelle und aktuelle Mobilit\u00e4tsthemen in der Region Amstetten<br \/>\n&#8211; gemeinsame Aktionen und Aktivit\u00e4ten<br \/>\n&#8211; alles rund um aktive Mobilit\u00e4t<\/p>\n<p>Kommt vorbei und nehmt eure Radfreund:innen mit. Wir freuen uns euch kennenzulernen \ud83d\ude42<\/p>\n","protected":false},"excerpt":{"rendered":"<p>Herzliche Einladung zu den offenen Treffen der Radlobby Amstetten Die Termine und Location f\u00fcr unsere n\u00e4chsten Treffen stehen fest: Donnerstag, 7. M\u00e4rz Donnerstag, 11. April Wir treffen uns jeweils ab 18:00 Uhr in den R\u00e4umlichkeiten des Makerspace-A in der Eggersdorfer<\/p>\n","protected":false},"author":85,"featured_media":33989,"comment_status":"closed","ping_status":"closed","sticky":false,"template":"","format":"standard","meta":{"footnotes":""},"categories":[579,596],"tags":[],"class_list":["post-33992","post","type-post","status-publish","format-standard","has-post-thumbnail","hentry","category-amstetten","category-ybbstal"],"yoast_head":"<!-- This site is optimized with the Yoast SEO plugin v26.9 - https:\/\/yoast.com\/product\/yoast-seo-wordpress\/ -->\n<title>Monatliche Treffen im Fr\u00fchjahr 2024 - Radlobby Nieder\u00f6sterreich<\/title>\n<meta name=\"robots\" content=\"index, follow, max-snippet:-1, max-image-preview:large, max-video-preview:-1\" \/>\n<link rel=\"canonical\" href=\"https:\/\/www.radlobby.org\/noe\/monatliche-treffen-im-fruehjahr-2024\/\" \/>\n<meta property=\"og:locale\" content=\"de_DE\" \/>\n<meta property=\"og:type\" content=\"article\" \/>\n<meta property=\"og:title\" content=\"Monatliche Treffen im Fr\u00fchjahr 2024 - Radlobby Nieder\u00f6sterreich\" \/>\n<meta property=\"og:description\" content=\"Herzliche Einladung zu den offenen Treffen der Radlobby Amstetten Die Termine und Location f\u00fcr unsere n\u00e4chsten Treffen stehen fest: Donnerstag, 7. M\u00e4rz Donnerstag, 11. April Wir treffen uns jeweils ab 18:00 Uhr in den R\u00e4umlichkeiten des Makerspace-A in der Eggersdorfer\" \/>\n<meta property=\"og:url\" content=\"https:\/\/www.radlobby.org\/noe\/monatliche-treffen-im-fruehjahr-2024\/\" \/>\n<meta property=\"og:site_name\" content=\"Radlobby Nieder\u00f6sterreich\" \/>\n<meta property=\"article:publisher\" content=\"https:\/\/www.facebook.com\/groups\/radfahren.in.noe\/\" \/>\n<meta property=\"article:published_time\" content=\"2024-03-03T17:33:12+00:00\" \/>\n<meta property=\"article:modified_time\" content=\"2024-03-03T21:17:25+00:00\" \/>\n<meta property=\"og:image\" content=\"https:\/\/www.radlobby.org\/noe\/wp-content\/uploads\/posting-FB_naechsten-Radlobby-Treffen.jpg\" \/>\n\t<meta property=\"og:image:width\" content=\"1483\" \/>\n\t<meta property=\"og:image:height\" content=\"646\" \/>\n\t<meta property=\"og:image:type\" content=\"image\/jpeg\" \/>\n<meta name=\"author\" content=\"Patrick Haslinger\" \/>\n<meta name=\"twitter:card\" content=\"summary_large_image\" \/>\n<meta name=\"twitter:label1\" content=\"Verfasst von\" \/>\n\t<meta name=\"twitter:data1\" content=\"Patrick Haslinger\" \/>\n\t<meta name=\"twitter:label2\" content=\"Gesch\u00e4tzte Lesezeit\" \/>\n\t<meta name=\"twitter:data2\" content=\"1\u00a0Minute\" \/>\n<script type=\"application\/ld+json\" class=\"yoast-schema-graph\">{\"@context\":\"https:\/\/schema.org\",\"@graph\":[{\"@type\":\"Article\",\"@id\":\"https:\/\/www.radlobby.org\/noe\/monatliche-treffen-im-fruehjahr-2024\/#article\",\"isPartOf\":{\"@id\":\"https:\/\/www.radlobby.org\/noe\/monatliche-treffen-im-fruehjahr-2024\/\"},\"author\":{\"name\":\"Patrick Haslinger\",\"@id\":\"https:\/\/www.radlobby.org\/noe\/#\/schema\/person\/afe0233b9fb4bb6eaceaa46c6751785c\"},\"headline\":\"Monatliche Treffen im Fr\u00fchjahr 2024\",\"datePublished\":\"2024-03-03T17:33:12+00:00\",\"dateModified\":\"2024-03-03T21:17:25+00:00\",\"mainEntityOfPage\":{\"@id\":\"https:\/\/www.radlobby.org\/noe\/monatliche-treffen-im-fruehjahr-2024\/\"},\"wordCount\":116,\"publisher\":{\"@id\":\"https:\/\/www.radlobby.org\/noe\/#organization\"},\"image\":{\"@id\":\"https:\/\/www.radlobby.org\/noe\/monatliche-treffen-im-fruehjahr-2024\/#primaryimage\"},\"thumbnailUrl\":\"https:\/\/www.radlobby.org\/noe\/wp-content\/uploads\/posting-FB_naechsten-Radlobby-Treffen.jpg\",\"articleSection\":[\"Radlobby Amstetten\",\"Radlobby Ybbstal\"],\"inLanguage\":\"de\"},{\"@type\":\"WebPage\",\"@id\":\"https:\/\/www.radlobby.org\/noe\/monatliche-treffen-im-fruehjahr-2024\/\",\"url\":\"https:\/\/www.radlobby.org\/noe\/monatliche-treffen-im-fruehjahr-2024\/\",\"name\":\"Monatliche Treffen im Fr\u00fchjahr 2024 - Radlobby Nieder\u00f6sterreich\",\"isPartOf\":{\"@id\":\"https:\/\/www.radlobby.org\/noe\/#website\"},\"primaryImageOfPage\":{\"@id\":\"https:\/\/www.radlobby.org\/noe\/monatliche-treffen-im-fruehjahr-2024\/#primaryimage\"},\"image\":{\"@id\":\"https:\/\/www.radlobby.org\/noe\/monatliche-treffen-im-fruehjahr-2024\/#primaryimage\"},\"thumbnailUrl\":\"https:\/\/www.radlobby.org\/noe\/wp-content\/uploads\/posting-FB_naechsten-Radlobby-Treffen.jpg\",\"datePublished\":\"2024-03-03T17:33:12+00:00\",\"dateModified\":\"2024-03-03T21:17:25+00:00\",\"breadcrumb\":{\"@id\":\"https:\/\/www.radlobby.org\/noe\/monatliche-treffen-im-fruehjahr-2024\/#breadcrumb\"},\"inLanguage\":\"de\",\"potentialAction\":[{\"@type\":\"ReadAction\",\"target\":[\"https:\/\/www.radlobby.org\/noe\/monatliche-treffen-im-fruehjahr-2024\/\"]}]},{\"@type\":\"ImageObject\",\"inLanguage\":\"de\",\"@id\":\"https:\/\/www.radlobby.org\/noe\/monatliche-treffen-im-fruehjahr-2024\/#primaryimage\",\"url\":\"https:\/\/www.radlobby.org\/noe\/wp-content\/uploads\/posting-FB_naechsten-Radlobby-Treffen.jpg\",\"contentUrl\":\"https:\/\/www.radlobby.org\/noe\/wp-content\/uploads\/posting-FB_naechsten-Radlobby-Treffen.jpg\",\"width\":1483,\"height\":646},{\"@type\":\"BreadcrumbList\",\"@id\":\"https:\/\/www.radlobby.org\/noe\/monatliche-treffen-im-fruehjahr-2024\/#breadcrumb\",\"itemListElement\":[{\"@type\":\"ListItem\",\"position\":1,\"name\":\"Startseite\",\"item\":\"https:\/\/www.radlobby.org\/noe\/\"},{\"@type\":\"ListItem\",\"position\":2,\"name\":\"Monatliche Treffen im Fr\u00fchjahr 2024\"}]},{\"@type\":\"WebSite\",\"@id\":\"https:\/\/www.radlobby.org\/noe\/#website\",\"url\":\"https:\/\/www.radlobby.org\/noe\/\",\"name\":\"Radlobby Nieder\u00f6sterreich\",\"description\":\"Radverkehr, Fahrrad, Radfahren, Radreisen, Radtouren, Radweg\",\"publisher\":{\"@id\":\"https:\/\/www.radlobby.org\/noe\/#organization\"},\"potentialAction\":[{\"@type\":\"SearchAction\",\"target\":{\"@type\":\"EntryPoint\",\"urlTemplate\":\"https:\/\/www.radlobby.org\/noe\/?s={search_term_string}\"},\"query-input\":{\"@type\":\"PropertyValueSpecification\",\"valueRequired\":true,\"valueName\":\"search_term_string\"}}],\"inLanguage\":\"de\"},{\"@type\":\"Organization\",\"@id\":\"https:\/\/www.radlobby.org\/noe\/#organization\",\"name\":\"Radlobby Nieder\u00f6sterreich\",\"url\":\"https:\/\/www.radlobby.org\/noe\/\",\"logo\":{\"@type\":\"ImageObject\",\"inLanguage\":\"de\",\"@id\":\"https:\/\/www.radlobby.org\/noe\/#\/schema\/logo\/image\/\",\"url\":\"https:\/\/www.radlobby.org\/noe\/wp-content\/uploads\/2017\/01\/cropped-Logo_Radlobby_Niederoesterreich_50-400px_quer-1.jpg\",\"contentUrl\":\"https:\/\/www.radlobby.org\/noe\/wp-content\/uploads\/2017\/01\/cropped-Logo_Radlobby_Niederoesterreich_50-400px_quer-1.jpg\",\"width\":450,\"height\":124,\"caption\":\"Radlobby Nieder\u00f6sterreich\"},\"image\":{\"@id\":\"https:\/\/www.radlobby.org\/noe\/#\/schema\/logo\/image\/\"},\"sameAs\":[\"https:\/\/www.facebook.com\/groups\/radfahren.in.noe\/\"]},{\"@type\":\"Person\",\"@id\":\"https:\/\/www.radlobby.org\/noe\/#\/schema\/person\/afe0233b9fb4bb6eaceaa46c6751785c\",\"name\":\"Patrick Haslinger\",\"image\":{\"@type\":\"ImageObject\",\"inLanguage\":\"de\",\"@id\":\"https:\/\/www.radlobby.org\/noe\/#\/schema\/person\/image\/\",\"url\":\"https:\/\/secure.gravatar.com\/avatar\/e4e98524259135452c397dd1b66d0b10e5e5e96b0b2426c95f00c17c53897790?s=96&d=mm&r=g\",\"contentUrl\":\"https:\/\/secure.gravatar.com\/avatar\/e4e98524259135452c397dd1b66d0b10e5e5e96b0b2426c95f00c17c53897790?s=96&d=mm&r=g\",\"caption\":\"Patrick Haslinger\"},\"url\":\"https:\/\/www.radlobby.org\/noe\/author\/patrick-haslinger\/\"}]}<\/script>\n<!-- \/ Yoast SEO plugin. -->","yoast_head_json":{"title":"Monatliche Treffen im Fr\u00fchjahr 2024 - Radlobby Nieder\u00f6sterreich","robots":{"index":"index","follow":"follow","max-snippet":"max-snippet:-1","max-image-preview":"max-image-preview:large","max-video-preview":"max-video-preview:-1"},"canonical":"https:\/\/www.radlobby.org\/noe\/monatliche-treffen-im-fruehjahr-2024\/","og_locale":"de_DE","og_type":"article","og_title":"Monatliche Treffen im Fr\u00fchjahr 2024 - Radlobby Nieder\u00f6sterreich","og_description":"Herzliche Einladung zu den offenen Treffen der Radlobby Amstetten Die Termine und Location f\u00fcr unsere n\u00e4chsten Treffen stehen fest: Donnerstag, 7. M\u00e4rz Donnerstag, 11. April Wir treffen uns jeweils ab 18:00 Uhr in den R\u00e4umlichkeiten des Makerspace-A in der Eggersdorfer","og_url":"https:\/\/www.radlobby.org\/noe\/monatliche-treffen-im-fruehjahr-2024\/","og_site_name":"Radlobby Nieder\u00f6sterreich","article_publisher":"https:\/\/www.facebook.com\/groups\/radfahren.in.noe\/","article_published_time":"2024-03-03T17:33:12+00:00","article_modified_time":"2024-03-03T21:17:25+00:00","og_image":[{"width":1483,"height":646,"url":"https:\/\/www.radlobby.org\/noe\/wp-content\/uploads\/posting-FB_naechsten-Radlobby-Treffen.jpg","type":"image\/jpeg"}],"author":"Patrick Haslinger","twitter_card":"summary_large_image","twitter_misc":{"Verfasst von":"Patrick Haslinger","Gesch\u00e4tzte Lesezeit":"1\u00a0Minute"},"schema":{"@context":"https:\/\/schema.org","@graph":[{"@type":"Article","@id":"https:\/\/www.radlobby.org\/noe\/monatliche-treffen-im-fruehjahr-2024\/#article","isPartOf":{"@id":"https:\/\/www.radlobby.org\/noe\/monatliche-treffen-im-fruehjahr-2024\/"},"author":{"name":"Patrick Haslinger","@id":"https:\/\/www.radlobby.org\/noe\/#\/schema\/person\/afe0233b9fb4bb6eaceaa46c6751785c"},"headline":"Monatliche Treffen im Fr\u00fchjahr 2024","datePublished":"2024-03-03T17:33:12+00:00","dateModified":"2024-03-03T21:17:25+00:00","mainEntityOfPage":{"@id":"https:\/\/www.radlobby.org\/noe\/monatliche-treffen-im-fruehjahr-2024\/"},"wordCount":116,"publisher":{"@id":"https:\/\/www.radlobby.org\/noe\/#organization"},"image":{"@id":"https:\/\/www.radlobby.org\/noe\/monatliche-treffen-im-fruehjahr-2024\/#primaryimage"},"thumbnailUrl":"https:\/\/www.radlobby.org\/noe\/wp-content\/uploads\/posting-FB_naechsten-Radlobby-Treffen.jpg","articleSection":["Radlobby Amstetten","Radlobby Ybbstal"],"inLanguage":"de"},{"@type":"WebPage","@id":"https:\/\/www.radlobby.org\/noe\/monatliche-treffen-im-fruehjahr-2024\/","url":"https:\/\/www.radlobby.org\/noe\/monatliche-treffen-im-fruehjahr-2024\/","name":"Monatliche Treffen im Fr\u00fchjahr 2024 - Radlobby Nieder\u00f6sterreich","isPartOf":{"@id":"https:\/\/www.radlobby.org\/noe\/#website"},"primaryImageOfPage":{"@id":"https:\/\/www.radlobby.org\/noe\/monatliche-treffen-im-fruehjahr-2024\/#primaryimage"},"image":{"@id":"https:\/\/www.radlobby.org\/noe\/monatliche-treffen-im-fruehjahr-2024\/#primaryimage"},"thumbnailUrl":"https:\/\/www.radlobby.org\/noe\/wp-content\/uploads\/posting-FB_naechsten-Radlobby-Treffen.jpg","datePublished":"2024-03-03T17:33:12+00:00","dateModified":"2024-03-03T21:17:25+00:00","breadcrumb":{"@id":"https:\/\/www.radlobby.org\/noe\/monatliche-treffen-im-fruehjahr-2024\/#breadcrumb"},"inLanguage":"de","potentialAction":[{"@type":"ReadAction","target":["https:\/\/www.radlobby.org\/noe\/monatliche-treffen-im-fruehjahr-2024\/"]}]},{"@type":"ImageObject","inLanguage":"de","@id":"https:\/\/www.radlobby.org\/noe\/monatliche-treffen-im-fruehjahr-2024\/#primaryimage","url":"https:\/\/www.radlobby.org\/noe\/wp-content\/uploads\/posting-FB_naechsten-Radlobby-Treffen.jpg","contentUrl":"https:\/\/www.radlobby.org\/noe\/wp-content\/uploads\/posting-FB_naechsten-Radlobby-Treffen.jpg","width":1483,"height":646},{"@type":"BreadcrumbList","@id":"https:\/\/www.radlobby.org\/noe\/monatliche-treffen-im-fruehjahr-2024\/#breadcrumb","itemListElement":[{"@type":"ListItem","position":1,"name":"Startseite","item":"https:\/\/www.radlobby.org\/noe\/"},{"@type":"ListItem","position":2,"name":"Monatliche Treffen im Fr\u00fchjahr 2024"}]},{"@type":"WebSite","@id":"https:\/\/www.radlobby.org\/noe\/#website","url":"https:\/\/www.radlobby.org\/noe\/","name":"Radlobby Nieder\u00f6sterreich","description":"Radverkehr, Fahrrad, Radfahren, Radreisen, Radtouren, Radweg","publisher":{"@id":"https:\/\/www.radlobby.org\/noe\/#organization"},"potentialAction":[{"@type":"SearchAction","target":{"@type":"EntryPoint","urlTemplate":"https:\/\/www.radlobby.org\/noe\/?s={search_term_string}"},"query-input":{"@type":"PropertyValueSpecification","valueRequired":true,"valueName":"search_term_string"}}],"inLanguage":"de"},{"@type":"Organization","@id":"https:\/\/www.radlobby.org\/noe\/#organization","name":"Radlobby Nieder\u00f6sterreich","url":"https:\/\/www.radlobby.org\/noe\/","logo":{"@type":"ImageObject","inLanguage":"de","@id":"https:\/\/www.radlobby.org\/noe\/#\/schema\/logo\/image\/","url":"https:\/\/www.radlobby.org\/noe\/wp-content\/uploads\/2017\/01\/cropped-Logo_Radlobby_Niederoesterreich_50-400px_quer-1.jpg","contentUrl":"https:\/\/www.radlobby.org\/noe\/wp-content\/uploads\/2017\/01\/cropped-Logo_Radlobby_Niederoesterreich_50-400px_quer-1.jpg","width":450,"height":124,"caption":"Radlobby Nieder\u00f6sterreich"},"image":{"@id":"https:\/\/www.radlobby.org\/noe\/#\/schema\/logo\/image\/"},"sameAs":["https:\/\/www.facebook.com\/groups\/radfahren.in.noe\/"]},{"@type":"Person","@id":"https:\/\/www.radlobby.org\/noe\/#\/schema\/person\/afe0233b9fb4bb6eaceaa46c6751785c","name":"Patrick Haslinger","image":{"@type":"ImageObject","inLanguage":"de","@id":"https:\/\/www.radlobby.org\/noe\/#\/schema\/person\/image\/","url":"https:\/\/secure.gravatar.com\/avatar\/e4e98524259135452c397dd1b66d0b10e5e5e96b0b2426c95f00c17c53897790?s=96&d=mm&r=g","contentUrl":"https:\/\/secure.gravatar.com\/avatar\/e4e98524259135452c397dd1b66d0b10e5e5e96b0b2426c95f00c17c53897790?s=96&d=mm&r=g","caption":"Patrick Haslinger"},"url":"https:\/\/www.radlobby.org\/noe\/author\/patrick-haslinger\/"}]}},"_links":{"self":[{"href":"https:\/\/www.radlobby.org\/noe\/wp-json\/wp\/v2\/posts\/33992","targetHints":{"allow":["GET"]}}],"collection":[{"href":"https:\/\/www.radlobby.org\/noe\/wp-json\/wp\/v2\/posts"}],"about":[{"href":"https:\/\/www.radlobby.org\/noe\/wp-json\/wp\/v2\/types\/post"}],"author":[{"embeddable":true,"href":"https:\/\/www.radlobby.org\/noe\/wp-json\/wp\/v2\/users\/85"}],"replies":[{"embeddable":true,"href":"https:\/\/www.radlobby.org\/noe\/wp-json\/wp\/v2\/comments?post=33992"}],"version-history":[{"count":12,"href":"https:\/\/www.radlobby.org\/noe\/wp-json\/wp\/v2\/posts\/33992\/revisions"}],"predecessor-version":[{"id":34034,"href":"https:\/\/www.radlobby.org\/noe\/wp-json\/wp\/v2\/posts\/33992\/revisions\/34034"}],"wp:featuredmedia":[{"embeddable":true,"href":"https:\/\/www.radlobby.org\/noe\/wp-json\/wp\/v2\/media\/33989"}],"wp:attachment":[{"href":"https:\/\/www.radlobby.org\/noe\/wp-json\/wp\/v2\/media?parent=33992"}],"wp:term":[{"taxonomy":"category","embeddable":true,"href":"https:\/\/www.radlobby.org\/noe\/wp-json\/wp\/v2\/categories?post=33992"},{"taxonomy":"post_tag","embeddable":true,"href":"https:\/\/www.radlobby.org\/noe\/wp-json\/wp\/v2\/tags?post=33992"}],"curies":[{"name":"wp","href":"https:\/\/api.w.org\/{rel}","templated":true}]}}