{"id":33967,"date":"2024-03-01T14:13:22","date_gmt":"2024-03-01T13:13:22","guid":{"rendered":"https:\/\/www.radlobby.org\/noe\/?p=33967"},"modified":"2024-03-06T12:38:23","modified_gmt":"2024-03-06T11:38:23","slug":"donnerstag-7-maerz-2024kolumbien-land-in-bewegung","status":"publish","type":"post","link":"https:\/\/www.radlobby.org\/noe\/donnerstag-7-maerz-2024kolumbien-land-in-bewegung\/","title":{"rendered":"Donnerstag, 7. M\u00e4rz 2024<br>Kolumbien, Land in Bewegung"},"content":{"rendered":"<h4>Einladung zum Vortrag in Ernsthofen<a href=\"https:\/\/www.radlobby.org\/noe\/wp-content\/uploads\/20240301-Vortrag-Wolfgang-Simlinger-Dokumentarfotograf-Dokumentarfilmer-Ciclovia-Kolumbien.jpg\" data-src=\"https:\/\/www.radlobby.org\/noe\/wp-content\/uploads\/20240301-Vortrag-Wolfgang-Simlinger-Dokumentarfotograf-Dokumentarfilmer-Ciclovia-Kolumbien.jpg\" data-thumb=\"https:\/\/www.radlobby.org\/noe\/wp-content\/uploads\/20240301-Vortrag-Wolfgang-Simlinger-Dokumentarfotograf-Dokumentarfilmer-Ciclovia-Kolumbien.jpg\" class=\"ml-lightbox-enabled\"><img loading=\"lazy\" decoding=\"async\" class=\"wp-image-33968 alignright\" src=\"https:\/\/www.radlobby.org\/noe\/wp-content\/uploads\/20240301-Vortrag-Wolfgang-Simlinger-Dokumentarfotograf-Dokumentarfilmer-Ciclovia-Kolumbien.jpg\" alt=\"\" width=\"392\" height=\"554\" srcset=\"https:\/\/www.radlobby.org\/noe\/wp-content\/uploads\/20240301-Vortrag-Wolfgang-Simlinger-Dokumentarfotograf-Dokumentarfilmer-Ciclovia-Kolumbien.jpg 750w, https:\/\/www.radlobby.org\/noe\/wp-content\/uploads\/20240301-Vortrag-Wolfgang-Simlinger-Dokumentarfotograf-Dokumentarfilmer-Ciclovia-Kolumbien-212x300.jpg 212w\" sizes=\"auto, (max-width: 392px) 100vw, 392px\" \/><\/a><\/h4>\n<p>In Bogota werden seit 50 Jahren jeden Sonn- und Feiertag wichtige Hauptverkehrsadern f\u00fcr den motorisierten Verkehr gesperrt und auf auf einer Strecke von 127 km Platz f\u00fcr Radfahrer, Skater und Spazierg\u00e4nger geschaffen. Dieses Event wird Ciclovia genannt.<br \/>\nDer Ennser Foto- und Filmreporter Wolfgang Simlinger, selbst begeisterter Radsportfan, besuchte bereits 1996 und auch wieder 2023 Kolumbien, um die Ciclovia in Bogota zu erleben. Diese bunte Stadt der Gegensa\u0308tze zwischen Arm und Reich, bekannt fu\u0308r Korruption, Gewalt und Drogenhandel hat eine ungeahnte Seite. Das Fahrradfahren ist hier leistbares Fortbewegungs- und Transportmittel, sportliche Beta\u0308tigung, politisches Statement, Einnahmequelle, gesellschaftliches Treffen, Lebensgefu\u0308hl \u2013 oder eine Mischung aus alledem. Es ist quasi eine Form der Kultur, die alle Gesellschaftsschichten verbindet.<br \/>\nSimlinger berichtet \u00fcber kreative, sportliche und inspirierende Menschen &#8211; vom Erfinder der Bewegung bis zu einer professionellen Behindertenradsportlerin.<\/p>\n<p>Mehr Infos auf Wikipedia: <a href=\"https:\/\/en.wikipedia.org\/wiki\/Ciclov%C3%ADa\" target=\"_blank\" rel=\"noopener\">Ciclovia<\/a><\/p>\n<p>&nbsp;<\/p>\n","protected":false},"excerpt":{"rendered":"<p>Einladung zum Vortrag in Ernsthofen<\/p>\n","protected":false},"author":16,"featured_media":34050,"comment_status":"closed","ping_status":"closed","sticky":false,"template":"","format":"standard","meta":{"footnotes":""},"categories":[668,579,321,596],"tags":[],"class_list":["post-33967","post","type-post","status-publish","format-standard","has-post-thumbnail","hentry","category-aktion","category-amstetten","category-enns-donauwinkel","category-ybbstal"],"yoast_head":"<!-- This site is optimized with the Yoast SEO plugin v26.9 - https:\/\/yoast.com\/product\/yoast-seo-wordpress\/ -->\n<title>Donnerstag, 7. M\u00e4rz 2024Kolumbien, Land in Bewegung - Radlobby Nieder\u00f6sterreich<\/title>\n<meta name=\"robots\" content=\"index, follow, max-snippet:-1, max-image-preview:large, max-video-preview:-1\" \/>\n<link rel=\"canonical\" href=\"https:\/\/www.radlobby.org\/noe\/donnerstag-7-maerz-2024kolumbien-land-in-bewegung\/\" \/>\n<meta property=\"og:locale\" content=\"de_DE\" \/>\n<meta property=\"og:type\" content=\"article\" \/>\n<meta property=\"og:title\" content=\"Donnerstag, 7. M\u00e4rz 2024Kolumbien, Land in Bewegung - Radlobby Nieder\u00f6sterreich\" \/>\n<meta property=\"og:description\" content=\"Einladung zum Vortrag in Ernsthofen\" \/>\n<meta property=\"og:url\" content=\"https:\/\/www.radlobby.org\/noe\/donnerstag-7-maerz-2024kolumbien-land-in-bewegung\/\" \/>\n<meta property=\"og:site_name\" content=\"Radlobby Nieder\u00f6sterreich\" \/>\n<meta property=\"article:publisher\" content=\"https:\/\/www.facebook.com\/groups\/radfahren.in.noe\/\" \/>\n<meta property=\"article:published_time\" content=\"2024-03-01T13:13:22+00:00\" \/>\n<meta property=\"article:modified_time\" content=\"2024-03-06T11:38:23+00:00\" \/>\n<meta property=\"og:image\" content=\"https:\/\/www.radlobby.org\/noe\/wp-content\/uploads\/20200101-RLWN-Neujahrsaradeln-DSC_0105a_1900px-1.jpg\" \/>\n\t<meta property=\"og:image:width\" content=\"1900\" \/>\n\t<meta property=\"og:image:height\" content=\"770\" \/>\n\t<meta property=\"og:image:type\" content=\"image\/jpeg\" \/>\n<meta name=\"author\" content=\"Karl Zauner - Admin\" \/>\n<meta name=\"twitter:card\" content=\"summary_large_image\" \/>\n<meta name=\"twitter:label1\" content=\"Verfasst von\" \/>\n\t<meta name=\"twitter:data1\" content=\"Karl Zauner - Admin\" \/>\n\t<meta name=\"twitter:label2\" content=\"Gesch\u00e4tzte Lesezeit\" \/>\n\t<meta name=\"twitter:data2\" content=\"2\u00a0Minuten\" \/>\n<script type=\"application\/ld+json\" class=\"yoast-schema-graph\">{\"@context\":\"https:\/\/schema.org\",\"@graph\":[{\"@type\":\"Article\",\"@id\":\"https:\/\/www.radlobby.org\/noe\/donnerstag-7-maerz-2024kolumbien-land-in-bewegung\/#article\",\"isPartOf\":{\"@id\":\"https:\/\/www.radlobby.org\/noe\/donnerstag-7-maerz-2024kolumbien-land-in-bewegung\/\"},\"author\":{\"name\":\"Karl Zauner - Admin\",\"@id\":\"https:\/\/www.radlobby.org\/noe\/#\/schema\/person\/10547574c40a9e9ea65f92c73f3c516b\"},\"headline\":\"Donnerstag, 7. M\u00e4rz 2024 Kolumbien, Land in Bewegung\",\"datePublished\":\"2024-03-01T13:13:22+00:00\",\"dateModified\":\"2024-03-06T11:38:23+00:00\",\"mainEntityOfPage\":{\"@id\":\"https:\/\/www.radlobby.org\/noe\/donnerstag-7-maerz-2024kolumbien-land-in-bewegung\/\"},\"wordCount\":152,\"publisher\":{\"@id\":\"https:\/\/www.radlobby.org\/noe\/#organization\"},\"image\":{\"@id\":\"https:\/\/www.radlobby.org\/noe\/donnerstag-7-maerz-2024kolumbien-land-in-bewegung\/#primaryimage\"},\"thumbnailUrl\":\"https:\/\/www.radlobby.org\/noe\/wp-content\/uploads\/Plakat_Ciclovia-2-pdf.jpg\",\"articleSection\":[\"Aktion\",\"Radlobby Amstetten\",\"Radlobby Enns-Donauwinkel\",\"Radlobby Ybbstal\"],\"inLanguage\":\"de\"},{\"@type\":\"WebPage\",\"@id\":\"https:\/\/www.radlobby.org\/noe\/donnerstag-7-maerz-2024kolumbien-land-in-bewegung\/\",\"url\":\"https:\/\/www.radlobby.org\/noe\/donnerstag-7-maerz-2024kolumbien-land-in-bewegung\/\",\"name\":\"Donnerstag, 7. M\u00e4rz 2024 Kolumbien, Land in Bewegung - Radlobby Nieder\u00f6sterreich\",\"isPartOf\":{\"@id\":\"https:\/\/www.radlobby.org\/noe\/#website\"},\"primaryImageOfPage\":{\"@id\":\"https:\/\/www.radlobby.org\/noe\/donnerstag-7-maerz-2024kolumbien-land-in-bewegung\/#primaryimage\"},\"image\":{\"@id\":\"https:\/\/www.radlobby.org\/noe\/donnerstag-7-maerz-2024kolumbien-land-in-bewegung\/#primaryimage\"},\"thumbnailUrl\":\"https:\/\/www.radlobby.org\/noe\/wp-content\/uploads\/Plakat_Ciclovia-2-pdf.jpg\",\"datePublished\":\"2024-03-01T13:13:22+00:00\",\"dateModified\":\"2024-03-06T11:38:23+00:00\",\"breadcrumb\":{\"@id\":\"https:\/\/www.radlobby.org\/noe\/donnerstag-7-maerz-2024kolumbien-land-in-bewegung\/#breadcrumb\"},\"inLanguage\":\"de\",\"potentialAction\":[{\"@type\":\"ReadAction\",\"target\":[\"https:\/\/www.radlobby.org\/noe\/donnerstag-7-maerz-2024kolumbien-land-in-bewegung\/\"]}]},{\"@type\":\"ImageObject\",\"inLanguage\":\"de\",\"@id\":\"https:\/\/www.radlobby.org\/noe\/donnerstag-7-maerz-2024kolumbien-land-in-bewegung\/#primaryimage\",\"url\":\"https:\/\/www.radlobby.org\/noe\/wp-content\/uploads\/Plakat_Ciclovia-2-pdf.jpg\",\"contentUrl\":\"https:\/\/www.radlobby.org\/noe\/wp-content\/uploads\/Plakat_Ciclovia-2-pdf.jpg\"},{\"@type\":\"BreadcrumbList\",\"@id\":\"https:\/\/www.radlobby.org\/noe\/donnerstag-7-maerz-2024kolumbien-land-in-bewegung\/#breadcrumb\",\"itemListElement\":[{\"@type\":\"ListItem\",\"position\":1,\"name\":\"Startseite\",\"item\":\"https:\/\/www.radlobby.org\/noe\/\"},{\"@type\":\"ListItem\",\"position\":2,\"name\":\"Donnerstag, 7. M\u00e4rz 2024Kolumbien, Land in Bewegung\"}]},{\"@type\":\"WebSite\",\"@id\":\"https:\/\/www.radlobby.org\/noe\/#website\",\"url\":\"https:\/\/www.radlobby.org\/noe\/\",\"name\":\"Radlobby Nieder\u00f6sterreich\",\"description\":\"Radverkehr, Fahrrad, Radfahren, Radreisen, Radtouren, Radweg\",\"publisher\":{\"@id\":\"https:\/\/www.radlobby.org\/noe\/#organization\"},\"potentialAction\":[{\"@type\":\"SearchAction\",\"target\":{\"@type\":\"EntryPoint\",\"urlTemplate\":\"https:\/\/www.radlobby.org\/noe\/?s={search_term_string}\"},\"query-input\":{\"@type\":\"PropertyValueSpecification\",\"valueRequired\":true,\"valueName\":\"search_term_string\"}}],\"inLanguage\":\"de\"},{\"@type\":\"Organization\",\"@id\":\"https:\/\/www.radlobby.org\/noe\/#organization\",\"name\":\"Radlobby Nieder\u00f6sterreich\",\"url\":\"https:\/\/www.radlobby.org\/noe\/\",\"logo\":{\"@type\":\"ImageObject\",\"inLanguage\":\"de\",\"@id\":\"https:\/\/www.radlobby.org\/noe\/#\/schema\/logo\/image\/\",\"url\":\"https:\/\/www.radlobby.org\/noe\/wp-content\/uploads\/2017\/01\/cropped-Logo_Radlobby_Niederoesterreich_50-400px_quer-1.jpg\",\"contentUrl\":\"https:\/\/www.radlobby.org\/noe\/wp-content\/uploads\/2017\/01\/cropped-Logo_Radlobby_Niederoesterreich_50-400px_quer-1.jpg\",\"width\":450,\"height\":124,\"caption\":\"Radlobby Nieder\u00f6sterreich\"},\"image\":{\"@id\":\"https:\/\/www.radlobby.org\/noe\/#\/schema\/logo\/image\/\"},\"sameAs\":[\"https:\/\/www.facebook.com\/groups\/radfahren.in.noe\/\"]},{\"@type\":\"Person\",\"@id\":\"https:\/\/www.radlobby.org\/noe\/#\/schema\/person\/10547574c40a9e9ea65f92c73f3c516b\",\"name\":\"Karl Zauner - Admin\",\"image\":{\"@type\":\"ImageObject\",\"inLanguage\":\"de\",\"@id\":\"https:\/\/www.radlobby.org\/noe\/#\/schema\/person\/image\/\",\"url\":\"https:\/\/secure.gravatar.com\/avatar\/c0be6303c1ffe16a7b1c79e07b12d4b29176a733c2a5e811b749965d4be12138?s=96&d=mm&r=g\",\"contentUrl\":\"https:\/\/secure.gravatar.com\/avatar\/c0be6303c1ffe16a7b1c79e07b12d4b29176a733c2a5e811b749965d4be12138?s=96&d=mm&r=g\",\"caption\":\"Karl Zauner - Admin\"},\"url\":\"https:\/\/www.radlobby.org\/noe\/author\/karlzauneradmin\/\"}]}<\/script>\n<!-- \/ Yoast SEO plugin. -->","yoast_head_json":{"title":"Donnerstag, 7. M\u00e4rz 2024Kolumbien, Land in Bewegung - Radlobby Nieder\u00f6sterreich","robots":{"index":"index","follow":"follow","max-snippet":"max-snippet:-1","max-image-preview":"max-image-preview:large","max-video-preview":"max-video-preview:-1"},"canonical":"https:\/\/www.radlobby.org\/noe\/donnerstag-7-maerz-2024kolumbien-land-in-bewegung\/","og_locale":"de_DE","og_type":"article","og_title":"Donnerstag, 7. M\u00e4rz 2024Kolumbien, Land in Bewegung - Radlobby Nieder\u00f6sterreich","og_description":"Einladung zum Vortrag in Ernsthofen","og_url":"https:\/\/www.radlobby.org\/noe\/donnerstag-7-maerz-2024kolumbien-land-in-bewegung\/","og_site_name":"Radlobby Nieder\u00f6sterreich","article_publisher":"https:\/\/www.facebook.com\/groups\/radfahren.in.noe\/","article_published_time":"2024-03-01T13:13:22+00:00","article_modified_time":"2024-03-06T11:38:23+00:00","og_image":[{"width":1900,"height":770,"url":"https:\/\/www.radlobby.org\/noe\/wp-content\/uploads\/20200101-RLWN-Neujahrsaradeln-DSC_0105a_1900px-1.jpg","type":"image\/jpeg"}],"author":"Karl Zauner - Admin","twitter_card":"summary_large_image","twitter_misc":{"Verfasst von":"Karl Zauner - Admin","Gesch\u00e4tzte Lesezeit":"2\u00a0Minuten"},"schema":{"@context":"https:\/\/schema.org","@graph":[{"@type":"Article","@id":"https:\/\/www.radlobby.org\/noe\/donnerstag-7-maerz-2024kolumbien-land-in-bewegung\/#article","isPartOf":{"@id":"https:\/\/www.radlobby.org\/noe\/donnerstag-7-maerz-2024kolumbien-land-in-bewegung\/"},"author":{"name":"Karl Zauner - Admin","@id":"https:\/\/www.radlobby.org\/noe\/#\/schema\/person\/10547574c40a9e9ea65f92c73f3c516b"},"headline":"Donnerstag, 7. M\u00e4rz 2024 Kolumbien, Land in Bewegung","datePublished":"2024-03-01T13:13:22+00:00","dateModified":"2024-03-06T11:38:23+00:00","mainEntityOfPage":{"@id":"https:\/\/www.radlobby.org\/noe\/donnerstag-7-maerz-2024kolumbien-land-in-bewegung\/"},"wordCount":152,"publisher":{"@id":"https:\/\/www.radlobby.org\/noe\/#organization"},"image":{"@id":"https:\/\/www.radlobby.org\/noe\/donnerstag-7-maerz-2024kolumbien-land-in-bewegung\/#primaryimage"},"thumbnailUrl":"https:\/\/www.radlobby.org\/noe\/wp-content\/uploads\/Plakat_Ciclovia-2-pdf.jpg","articleSection":["Aktion","Radlobby Amstetten","Radlobby Enns-Donauwinkel","Radlobby Ybbstal"],"inLanguage":"de"},{"@type":"WebPage","@id":"https:\/\/www.radlobby.org\/noe\/donnerstag-7-maerz-2024kolumbien-land-in-bewegung\/","url":"https:\/\/www.radlobby.org\/noe\/donnerstag-7-maerz-2024kolumbien-land-in-bewegung\/","name":"Donnerstag, 7. M\u00e4rz 2024 Kolumbien, Land in Bewegung - Radlobby Nieder\u00f6sterreich","isPartOf":{"@id":"https:\/\/www.radlobby.org\/noe\/#website"},"primaryImageOfPage":{"@id":"https:\/\/www.radlobby.org\/noe\/donnerstag-7-maerz-2024kolumbien-land-in-bewegung\/#primaryimage"},"image":{"@id":"https:\/\/www.radlobby.org\/noe\/donnerstag-7-maerz-2024kolumbien-land-in-bewegung\/#primaryimage"},"thumbnailUrl":"https:\/\/www.radlobby.org\/noe\/wp-content\/uploads\/Plakat_Ciclovia-2-pdf.jpg","datePublished":"2024-03-01T13:13:22+00:00","dateModified":"2024-03-06T11:38:23+00:00","breadcrumb":{"@id":"https:\/\/www.radlobby.org\/noe\/donnerstag-7-maerz-2024kolumbien-land-in-bewegung\/#breadcrumb"},"inLanguage":"de","potentialAction":[{"@type":"ReadAction","target":["https:\/\/www.radlobby.org\/noe\/donnerstag-7-maerz-2024kolumbien-land-in-bewegung\/"]}]},{"@type":"ImageObject","inLanguage":"de","@id":"https:\/\/www.radlobby.org\/noe\/donnerstag-7-maerz-2024kolumbien-land-in-bewegung\/#primaryimage","url":"https:\/\/www.radlobby.org\/noe\/wp-content\/uploads\/Plakat_Ciclovia-2-pdf.jpg","contentUrl":"https:\/\/www.radlobby.org\/noe\/wp-content\/uploads\/Plakat_Ciclovia-2-pdf.jpg"},{"@type":"BreadcrumbList","@id":"https:\/\/www.radlobby.org\/noe\/donnerstag-7-maerz-2024kolumbien-land-in-bewegung\/#breadcrumb","itemListElement":[{"@type":"ListItem","position":1,"name":"Startseite","item":"https:\/\/www.radlobby.org\/noe\/"},{"@type":"ListItem","position":2,"name":"Donnerstag, 7. M\u00e4rz 2024Kolumbien, Land in Bewegung"}]},{"@type":"WebSite","@id":"https:\/\/www.radlobby.org\/noe\/#website","url":"https:\/\/www.radlobby.org\/noe\/","name":"Radlobby Nieder\u00f6sterreich","description":"Radverkehr, Fahrrad, Radfahren, Radreisen, Radtouren, Radweg","publisher":{"@id":"https:\/\/www.radlobby.org\/noe\/#organization"},"potentialAction":[{"@type":"SearchAction","target":{"@type":"EntryPoint","urlTemplate":"https:\/\/www.radlobby.org\/noe\/?s={search_term_string}"},"query-input":{"@type":"PropertyValueSpecification","valueRequired":true,"valueName":"search_term_string"}}],"inLanguage":"de"},{"@type":"Organization","@id":"https:\/\/www.radlobby.org\/noe\/#organization","name":"Radlobby Nieder\u00f6sterreich","url":"https:\/\/www.radlobby.org\/noe\/","logo":{"@type":"ImageObject","inLanguage":"de","@id":"https:\/\/www.radlobby.org\/noe\/#\/schema\/logo\/image\/","url":"https:\/\/www.radlobby.org\/noe\/wp-content\/uploads\/2017\/01\/cropped-Logo_Radlobby_Niederoesterreich_50-400px_quer-1.jpg","contentUrl":"https:\/\/www.radlobby.org\/noe\/wp-content\/uploads\/2017\/01\/cropped-Logo_Radlobby_Niederoesterreich_50-400px_quer-1.jpg","width":450,"height":124,"caption":"Radlobby Nieder\u00f6sterreich"},"image":{"@id":"https:\/\/www.radlobby.org\/noe\/#\/schema\/logo\/image\/"},"sameAs":["https:\/\/www.facebook.com\/groups\/radfahren.in.noe\/"]},{"@type":"Person","@id":"https:\/\/www.radlobby.org\/noe\/#\/schema\/person\/10547574c40a9e9ea65f92c73f3c516b","name":"Karl Zauner - Admin","image":{"@type":"ImageObject","inLanguage":"de","@id":"https:\/\/www.radlobby.org\/noe\/#\/schema\/person\/image\/","url":"https:\/\/secure.gravatar.com\/avatar\/c0be6303c1ffe16a7b1c79e07b12d4b29176a733c2a5e811b749965d4be12138?s=96&d=mm&r=g","contentUrl":"https:\/\/secure.gravatar.com\/avatar\/c0be6303c1ffe16a7b1c79e07b12d4b29176a733c2a5e811b749965d4be12138?s=96&d=mm&r=g","caption":"Karl Zauner - Admin"},"url":"https:\/\/www.radlobby.org\/noe\/author\/karlzauneradmin\/"}]}},"_links":{"self":[{"href":"https:\/\/www.radlobby.org\/noe\/wp-json\/wp\/v2\/posts\/33967","targetHints":{"allow":["GET"]}}],"collection":[{"href":"https:\/\/www.radlobby.org\/noe\/wp-json\/wp\/v2\/posts"}],"about":[{"href":"https:\/\/www.radlobby.org\/noe\/wp-json\/wp\/v2\/types\/post"}],"author":[{"embeddable":true,"href":"https:\/\/www.radlobby.org\/noe\/wp-json\/wp\/v2\/users\/16"}],"replies":[{"embeddable":true,"href":"https:\/\/www.radlobby.org\/noe\/wp-json\/wp\/v2\/comments?post=33967"}],"version-history":[{"count":7,"href":"https:\/\/www.radlobby.org\/noe\/wp-json\/wp\/v2\/posts\/33967\/revisions"}],"predecessor-version":[{"id":34053,"href":"https:\/\/www.radlobby.org\/noe\/wp-json\/wp\/v2\/posts\/33967\/revisions\/34053"}],"wp:featuredmedia":[{"embeddable":true,"href":"https:\/\/www.radlobby.org\/noe\/wp-json\/wp\/v2\/media\/34050"}],"wp:attachment":[{"href":"https:\/\/www.radlobby.org\/noe\/wp-json\/wp\/v2\/media?parent=33967"}],"wp:term":[{"taxonomy":"category","embeddable":true,"href":"https:\/\/www.radlobby.org\/noe\/wp-json\/wp\/v2\/categories?post=33967"},{"taxonomy":"post_tag","embeddable":true,"href":"https:\/\/www.radlobby.org\/noe\/wp-json\/wp\/v2\/tags?post=33967"}],"curies":[{"name":"wp","href":"https:\/\/api.w.org\/{rel}","templated":true}]}}