{"id":33779,"date":"2026-04-28T09:54:19","date_gmt":"2026-04-28T07:54:19","guid":{"rendered":"https:\/\/www.radlobby.org\/noe\/?p=33779"},"modified":"2026-04-30T22:09:27","modified_gmt":"2026-04-30T20:09:27","slug":"kidicalmass","status":"publish","type":"post","link":"https:\/\/www.radlobby.org\/noe\/kidicalmass\/","title":{"rendered":"Kidical Mass in Nieder\u00f6sterreich 2026 &#8211; Kinder fahren Rad"},"content":{"rendered":"<h4><a href=\"https:\/\/www.radlobby.org\/noe\/wp-content\/uploads\/KidicalMass-Headerbild.jpg\" data-src=\"https:\/\/www.radlobby.org\/noe\/wp-content\/uploads\/KidicalMass-Headerbild.jpg\" data-thumb=\"https:\/\/www.radlobby.org\/noe\/wp-content\/uploads\/KidicalMass-Headerbild.jpg\" class=\"ml-lightbox-enabled\"><img loading=\"lazy\" decoding=\"async\" class=\"alignnone size-full wp-image-35098\" src=\"https:\/\/www.radlobby.org\/noe\/wp-content\/uploads\/KidicalMass-Headerbild.jpg\" alt=\"\" width=\"1908\" height=\"458\" srcset=\"https:\/\/www.radlobby.org\/noe\/wp-content\/uploads\/KidicalMass-Headerbild.jpg 1908w, https:\/\/www.radlobby.org\/noe\/wp-content\/uploads\/KidicalMass-Headerbild-300x72.jpg 300w, https:\/\/www.radlobby.org\/noe\/wp-content\/uploads\/KidicalMass-Headerbild-768x184.jpg 768w, https:\/\/www.radlobby.org\/noe\/wp-content\/uploads\/KidicalMass-Headerbild-1536x369.jpg 1536w\" sizes=\"auto, (max-width: 1908px) 100vw, 1908px\" \/><\/a><\/h4>\r\n<h4>Gemeinsam Spa\u00df am Radfahren haben<\/h4>\r\n<p><strong>F\u00fcr sichere Stra\u00dfen f\u00fcr unsere Kinder<\/strong><br \/><strong><br \/><\/strong>Die Kidical Mass versteht sich als engagierte Bewegung, die sich f\u00fcr eine sichere Fahrradinfrastruktur f\u00fcr unsere Kinder stark macht. Unser Engagement gilt dem Einsatz f\u00fcr kinderfreundliche und lebenswerte D\u00f6rfer und St\u00e4dte.<br \/>Erwachsene sind nat\u00fcrlich auch willkommen und als Ordnerinnen und Ordner immer gern gesehen!<\/p>\r\n<h1><span style=\"font-size: 16pt;\"><strong>Kidical Mass<\/strong><\/span><span style=\"font-size: 16pt;\"><strong>\u00a0im Mai\/Juni 2026 in Nieder\u00f6sterreich<\/strong><\/span><\/h1>\r\n<p>9. Mai 2026<\/p>\r\n<ul>\r\n<li>Amstetten (14.00 Uhr), Hauptplatz <a href=\"https:\/\/www.radlobby.org\/noe\/kidical-mass-amstetten-2025-2\/\" target=\"_blank\" rel=\"noopener\">https:\/\/www.radlobby.org\/noe\/kidical-mass-amstetten-2025-2\/<\/a>\u00a0<\/li>\r\n<li>Krems (14.30 Uhr), Dreifaltigkeitsplatz<\/li>\r\n<li>Melk (14.00 Uhr), bei der Volks- &amp; Mittelschule (Abt-Karl-Stra\u00dfe 41) <a href=\"https:\/\/www.radlobby.org\/noe\/kidical-mass-melk-2026_termin\/\" target=\"_blank\" rel=\"noopener\">https:\/\/www.radlobby.org\/noe\/kidical-mass-melk-2026_termin\/\u00a0<\/a><\/li>\r\n<li>Neulengbach<\/li>\r\n<li>Ternitz<\/li>\r\n<\/ul>\r\n<p>17. Mai 2026<\/p>\r\n<ul>\r\n<li>Hollabrunn<\/li>\r\n<\/ul>\r\n<p>23. Mai 2026<\/p>\r\n<ul>\r\n<li>Eichgraben<\/li>\r\n<\/ul>\r\n<p>29. Mai 2026<\/p>\r\n<ul>\r\n<li>Bad V\u00f6slau (16.30 Uhr), Rathaus Bad V\u00f6slau <a href=\"https:\/\/www.radlobby.org\/noe\/radparade_2026\/\" target=\"_blank\" rel=\"noopener\">https:\/\/www.radlobby.org\/noe\/radparade_2026\/<\/a><\/li>\r\n<\/ul>\r\n<p>30. Mai 2026<\/p>\r\n<ul>\r\n<li>Tulln an der Donau<\/li>\r\n<\/ul>\r\n<p>31. Mai 2026<\/p>\r\n<ul>\r\n<li>Purkersdorf (13:45 Uhr), Hauptplatz Purkersdorf <a href=\"https:\/\/www.radlobby.org\/noe\/kidical-mass-purkersdorf-31-mai-2026\/\" target=\"_blank\" rel=\"noopener\">https:\/\/www.radlobby.org\/noe\/kidical-mass-purkersdorf-31-mai-2026\/<\/a><\/li>\r\n<\/ul>\r\n<p>13. Juni 2026<\/p>\r\n<ul>\r\n<li>Wiener Neustadt<\/li>\r\n<li>Pressbaum<\/li>\r\n<\/ul>\r\n<p>27. Juni 2026<\/p>\r\n<ul>\r\n<li>St. Valentin<\/li>\r\n<\/ul>\r\n<h1><span style=\"font-size: 16pt;\"><strong>Kidical Mass im Herbst 2026 in Nieder\u00f6sterreich<\/strong><\/span><\/h1>\r\n<p>Sa, 19. September 2026<\/p>\r\n<ul>\r\n<li>St. P\u00f6lten (15.00 Uhr), Abfahrt Domplatz St. P\u00f6lten <a href=\"https:\/\/www.radlobby.org\/noe\/kidicalmass-2026\/\" target=\"_blank\" rel=\"noopener\">https:\/\/www.radlobby.org\/noe\/kidicalmass-2026\/<\/a>\u00a0<\/li>\r\n<li>Pressbaum<\/li>\r\n<\/ul>\r\n<p>So, 20. September 2026<\/p>\r\n<ul>\r\n<li>Purkersdorf (13:45 Uhr), Hauptplatz Purkersdorf<\/li>\r\n<\/ul>\r\n<h1><span style=\"font-size: 16pt;\"><strong>Kidical Mass im September 2025 in Nieder\u00f6sterreich<\/strong><\/span><\/h1>\r\n<ul>\r\n<li><strong>Ebreichsdorf<\/strong>, 20. September 2025<\/li>\r\n<li><strong>Krems und Rohrendorf,<\/strong>\u00a020. September 2025 <a href=\"https:\/\/www.radlobby.org\/noe\/krems-6-kidical-mass-in-krems-rohrendorf\/\">https:\/\/www.radlobby.org\/noe\/krems-6-kidical-mass-in-krems-rohrendorf\/<\/a><\/li>\r\n<li><strong>Melk<\/strong>, 6. September 2025, 14:00 Uhr h<a href=\"https:\/\/www.radlobby.org\/noe\/kidical-mass-melk-2025_termin\/\">ttps:\/\/www.radlobby.org\/noe\/kidical-mass-melk-2025_termin\/<\/a><\/li>\r\n<li><strong>Purkersdorf<\/strong>, 21. September 2025, 13:45 Hauptplatz\u00a0<\/li>\r\n<li><strong>Rohrendorf und Krems,\u00a0<\/strong>20. September 2025 <a href=\"https:\/\/www.radlobby.org\/noe\/krems-6-kidical-mass-in-krems-rohrendorf\/\">https:\/\/www.radlobby.org\/noe\/krems-6-kidical-mass-in-krems-rohrendorf\/<\/a><\/li>\r\n<li><strong>St. P\u00f6lten<\/strong>, 20. September 2025, 15:00 Uhr <a href=\"https:\/\/www.radlobby.org\/noe\/kidicalmass-stpoelten\/\">https:\/\/www.radlobby.org\/noe\/kidicalmass-stpoelten\/<\/a>\u00a0<\/li>\r\n<li><strong>Tulln<\/strong>, 18. Oktober 2025<\/li>\r\n<\/ul>\r\n<h1><span style=\"font-size: 16pt;\"><strong>Kidical Mass im Mai 2025 in Nieder\u00f6sterreich<\/strong><\/span><\/h1>\r\n<ul>\r\n<li><strong>Amstetten, <\/strong>10. Mai 2025, 14:00 Uhr <a href=\"https:\/\/www.radlobby.org\/noe\/kidical-mass-amstetten-2025\/\" target=\"_blank\" rel=\"noopener\">https:\/\/www.radlobby.org\/noe\/kidical-mass-amstetten-2025\/\u00a0<\/a><\/li>\r\n<li><strong>Bad V\u00f6slau,<\/strong> 27. April 2025, 15:00 Uhr <a href=\"https:\/\/www.radlobby.org\/noe\/kidicalmass_270425\/\" target=\"_blank\" rel=\"noopener\">https:\/\/www.radlobby.org\/noe\/kidicalmass_270425\/<\/a>\u00a0<\/li>\r\n<li><strong>Eichgraben,<\/strong> 24. Mai 2025, 14:30 Uhr, Alte G\u00e4rtnerei<\/li>\r\n<li><strong>Hollabrunn,<\/strong> 18. Mai 2025, 16:00 Uhr<\/li>\r\n<li><strong>Krems<\/strong>, 10. Mai 2025, 14:30 Uhr, Dreifaltigkeitsplatz <a href=\"https:\/\/www.facebook.com\/events\/1183504136900625\/?acontext=%7B%22event_action_history%22%3A[%7B%22surface%22%3A%22search%22%7D%2C%7B%22mechanism%22%3A%22attachment%22%2C%22surface%22%3A%22newsfeed%22%7D]%2C%22ref_notif_type%22%3Anull%7D\" target=\"_blank\" rel=\"noopener\">https:\/\/www.facebook.com\/events\/1183504136900625\/?acontext=%7B%22event_action_history%22%3A[%7B%22surface%22%3A%22search%22%7D%2C%7B%22mechanism%22%3A%22attachment%22%2C%22surface%22%3A%22newsfeed%22%7D]%2C%22ref_notif_type%22%3Anull%7D<\/a>\u00a0<\/li>\r\n<li><strong>M\u00f6dling<\/strong>, 10. Mai 2025, 15:00 Uhr <a href=\"https:\/\/www.radlobby.org\/noe\/termine-im-bezirk-moedling\/\" target=\"_blank\" rel=\"noopener\">https:\/\/www.radlobby.org\/noe\/termine-im-bezirk-moedling\/<\/a><\/li>\r\n<li><strong>Neulengbach,<\/strong> 17. Mai 2025, 15:00 Uhr <a href=\"https:\/\/www.radlobby.org\/noe\/neulengbach\/\">https:\/\/www.radlobby.org\/noe\/neulengbach\/<\/a><\/li>\r\n<li><strong>Pressbaum<\/strong>, 10. Mai 2025, 10:00 Uhr<\/li>\r\n<li><strong>Purkersdorf,<\/strong> 18. Mai 2025, 14:00 Uhr\u00a0<\/li>\r\n<li><strong>Reichenau an der Rax<\/strong>,10. Mai 2025, 14:00 Uhr<\/li>\r\n<li>(St. P\u00f6lten, 10. Mai 2025 &#8211; Tag der aktiven Mobilit\u00e4t (Veranstalter: St. P\u00f6lten))<\/li>\r\n<li><strong>Schwarzatal,<\/strong> 10. Mai 2025 <a href=\"https:\/\/www.radlobby.org\/noe\/erfolgreiche-erste-kidical-mass-im-schwarzatal-gemeinsam-fuer-sichere-schulwege\/\">https:\/\/www.radlobby.org\/noe\/erfolgreiche-erste-kidical-mass-im-schwarzatal-gemeinsam-fuer-sichere-schulwege\/<\/a> zum Video: <a href=\"https:\/\/youtu.be\/Had3xyGvgDM\">https:\/\/youtu.be\/Had3xyGvgDM\u00a0<\/a><\/li>\r\n<li><strong>St. Valentin<\/strong>, 28. Juni 2025, 9:00 Uhr, Hauptplatz bis Pumptrack St. Valtentin (Veranstalter: Radlobby Enns Donauwinkel, \u00d6AMTC und Stadtgemeinde St. Valtentin)<\/li>\r\n<li><strong>Tulln<\/strong>, 10. Mai 2025, 14:00 Uhr<\/li>\r\n<li><strong>Wiener Neustadt<\/strong>, 14. Juni 2025, 14:00 Uhr <a href=\"https:\/\/www.radlobby.org\/noe\/kidical-mass-am-14-juni-2025-in-wiener-neustadt\/\" target=\"_blank\" rel=\"noopener\">https:\/\/www.radlobby.org\/noe\/kidical-mass-am-14-juni-2025-in-wiener-neustadt\/<\/a><\/li>\r\n<\/ul>\r\n<div class=\"mceTemp\"><br \/>\r\n<h1><strong><span style=\"font-size: 16pt;\">Wie kinderfreundlich ist der Stra\u00dfenraum?<\/span><\/strong><\/h1>\r\n<p>Bewerten Sie mit dieser Checkliste ihre Stra\u00dfe. Wie kinderfreundlich ist diese?<\/p>\r\n<p><a href=\"https:\/\/www.radlobby.org\/noe\/wp-content\/uploads\/ChecklisteKinderrechteStrassenraum_240418.pdf\" target=\"_blank\" rel=\"noopener\">https:\/\/www.radlobby.org\/noe\/wp-content\/uploads\/ChecklisteKinderrechteStrassenraum_240418.pdf\u00a0<\/a><\/p>\r\n<p>Im Mai 2024 fuhren \u00fcber 1000 Teilnehmende\u00a0 als Kidical Mass gemeinsam und gesch\u00fctzt durch 8 Gemeinden in <span class=\"C9DxTc \">St. P\u00f6lten,<br \/><\/span><span class=\"C9DxTc \">Wiener Neustadt, Krems, <\/span><span class=\"C9DxTc \">Pressbaum, <\/span><span class=\"C9DxTc \">Melk, <\/span><span class=\"C9DxTc \">Amstetten,\u00a0<\/span>Purkersdorf und Bad V\u00f6slau. 2025 ist die Kidical Mass weiter angewachen!<\/p>\r\n<h2>Kind und Rad<\/h2>\r\n<p>Alle Infos rund um Kind und Rad finden Sie hier: <a href=\"https:\/\/www.radlobby.at\/radfahren-mit-kindern\" target=\"_blank\" rel=\"noopener\">https:\/\/www.radlobby.at\/radfahren-mit-kindern\u00a0<\/a><\/p>\r\n<h1><strong><span style=\"font-size: 16pt;\">Mehr zur Kidical Mass:<\/span><\/strong><\/h1>\r\n<p><a href=\"https:\/\/www.kidicalmass.at\/\">https:\/\/www.kidicalmass.at\/<\/a><\/p>\r\n<p><a href=\"\/\/umap.openstreetmap.fr\/de\/map\/km2024_1036148?scaleControl=false&amp;miniMap=false&amp;scrollWheelZoom=true&amp;zoomControl=true&amp;editMode=disabled&amp;moreControl=true&amp;searchControl=null&amp;tilelayersControl=null&amp;embedControl=null&amp;datalayersControl=true&amp;onLoadPanel=none&amp;captionBar=false&amp;captionMenus=true\">Vollbildanzeige<\/a><\/p>\r\n\r\n<p>&nbsp;<\/p>\r\n<\/div>","protected":false},"excerpt":{"rendered":"<p>Kinder fahren Rad!<br \/>\nUnser Engagement gilt dem Einsatz f\u00fcr kinderfreundliche und lebenswerte D\u00f6rfer und St\u00e4dte.<\/p>\n","protected":false},"author":33,"featured_media":41913,"comment_status":"closed","ping_status":"closed","sticky":false,"template":"","format":"standard","meta":{"footnotes":""},"categories":[668,579,9,616,20,374,28,7],"tags":[717,524,716,429],"class_list":["post-33779","post","type-post","status-publish","format-standard","has-post-thumbnail","hentry","category-aktion","category-amstetten","category-melk","category-neulengbach","category-niederoesterreich","category-pressbaum","category-st-poelten","category-wiener-neustadt","tag-biken","tag-kidical-mass","tag-kinder-rad","tag-radfahren"],"yoast_head":"<!-- This site is optimized with the Yoast SEO plugin v26.9 - https:\/\/yoast.com\/product\/yoast-seo-wordpress\/ -->\n<title>Kidical Mass in Nieder\u00f6sterreich 2026 - Kinder fahren Rad - Radlobby Nieder\u00f6sterreich<\/title>\n<meta name=\"robots\" content=\"index, follow, max-snippet:-1, max-image-preview:large, max-video-preview:-1\" \/>\n<link rel=\"canonical\" href=\"https:\/\/www.radlobby.org\/noe\/kidicalmass\/\" \/>\n<meta property=\"og:locale\" content=\"de_DE\" \/>\n<meta property=\"og:type\" content=\"article\" \/>\n<meta property=\"og:title\" content=\"Kidical Mass in Nieder\u00f6sterreich 2026 - Kinder fahren Rad - Radlobby Nieder\u00f6sterreich\" \/>\n<meta property=\"og:description\" content=\"Kinder fahren Rad! Unser Engagement gilt dem Einsatz f\u00fcr kinderfreundliche und lebenswerte D\u00f6rfer und St\u00e4dte.\" \/>\n<meta property=\"og:url\" content=\"https:\/\/www.radlobby.org\/noe\/kidicalmass\/\" \/>\n<meta property=\"og:site_name\" content=\"Radlobby Nieder\u00f6sterreich\" \/>\n<meta property=\"article:publisher\" content=\"https:\/\/www.facebook.com\/groups\/radfahren.in.noe\/\" \/>\n<meta property=\"article:published_time\" content=\"2026-04-28T07:54:19+00:00\" \/>\n<meta property=\"article:modified_time\" content=\"2026-04-30T20:09:27+00:00\" \/>\n<meta property=\"og:image\" content=\"https:\/\/www.radlobby.org\/noe\/wp-content\/uploads\/kidicalmass-1.jpg\" \/>\n\t<meta property=\"og:image:width\" content=\"1071\" \/>\n\t<meta property=\"og:image:height\" content=\"1075\" \/>\n\t<meta property=\"og:image:type\" content=\"image\/jpeg\" \/>\n<meta name=\"author\" content=\"Maria Z\u00f6gernitz\" \/>\n<meta name=\"twitter:card\" content=\"summary_large_image\" \/>\n<meta name=\"twitter:label1\" content=\"Verfasst von\" \/>\n\t<meta name=\"twitter:data1\" content=\"Maria Z\u00f6gernitz\" \/>\n\t<meta name=\"twitter:label2\" content=\"Gesch\u00e4tzte Lesezeit\" \/>\n\t<meta name=\"twitter:data2\" content=\"3\u00a0Minuten\" \/>\n<script type=\"application\/ld+json\" class=\"yoast-schema-graph\">{\"@context\":\"https:\/\/schema.org\",\"@graph\":[{\"@type\":\"Article\",\"@id\":\"https:\/\/www.radlobby.org\/noe\/kidicalmass\/#article\",\"isPartOf\":{\"@id\":\"https:\/\/www.radlobby.org\/noe\/kidicalmass\/\"},\"author\":{\"name\":\"Maria Z\u00f6gernitz\",\"@id\":\"https:\/\/www.radlobby.org\/noe\/#\/schema\/person\/d1ad6d77ec2ff1837830735b5f074c95\"},\"headline\":\"Kidical Mass in Nieder\u00f6sterreich 2026 &#8211; Kinder fahren Rad\",\"datePublished\":\"2026-04-28T07:54:19+00:00\",\"dateModified\":\"2026-04-30T20:09:27+00:00\",\"mainEntityOfPage\":{\"@id\":\"https:\/\/www.radlobby.org\/noe\/kidicalmass\/\"},\"wordCount\":499,\"publisher\":{\"@id\":\"https:\/\/www.radlobby.org\/noe\/#organization\"},\"image\":{\"@id\":\"https:\/\/www.radlobby.org\/noe\/kidicalmass\/#primaryimage\"},\"thumbnailUrl\":\"https:\/\/www.radlobby.org\/noe\/wp-content\/uploads\/kidicalmass-1.jpg\",\"keywords\":[\"biken\",\"Kidical Mass\",\"Kinder Rad\",\"Radfahren\"],\"articleSection\":[\"Aktion\",\"Radlobby Amstetten\",\"Radlobby Melk\",\"Radlobby Neulengbach\",\"Radlobby Nieder\u00f6sterreich\",\"Radlobby Pressbaum\",\"Radlobby St. P\u00f6lten\",\"Radlobby Wiener Neustadt\"],\"inLanguage\":\"de\"},{\"@type\":\"WebPage\",\"@id\":\"https:\/\/www.radlobby.org\/noe\/kidicalmass\/\",\"url\":\"https:\/\/www.radlobby.org\/noe\/kidicalmass\/\",\"name\":\"Kidical Mass in Nieder\u00f6sterreich 2026 - Kinder fahren Rad - Radlobby Nieder\u00f6sterreich\",\"isPartOf\":{\"@id\":\"https:\/\/www.radlobby.org\/noe\/#website\"},\"primaryImageOfPage\":{\"@id\":\"https:\/\/www.radlobby.org\/noe\/kidicalmass\/#primaryimage\"},\"image\":{\"@id\":\"https:\/\/www.radlobby.org\/noe\/kidicalmass\/#primaryimage\"},\"thumbnailUrl\":\"https:\/\/www.radlobby.org\/noe\/wp-content\/uploads\/kidicalmass-1.jpg\",\"datePublished\":\"2026-04-28T07:54:19+00:00\",\"dateModified\":\"2026-04-30T20:09:27+00:00\",\"breadcrumb\":{\"@id\":\"https:\/\/www.radlobby.org\/noe\/kidicalmass\/#breadcrumb\"},\"inLanguage\":\"de\",\"potentialAction\":[{\"@type\":\"ReadAction\",\"target\":[\"https:\/\/www.radlobby.org\/noe\/kidicalmass\/\"]}]},{\"@type\":\"ImageObject\",\"inLanguage\":\"de\",\"@id\":\"https:\/\/www.radlobby.org\/noe\/kidicalmass\/#primaryimage\",\"url\":\"https:\/\/www.radlobby.org\/noe\/wp-content\/uploads\/kidicalmass-1.jpg\",\"contentUrl\":\"https:\/\/www.radlobby.org\/noe\/wp-content\/uploads\/kidicalmass-1.jpg\",\"width\":1071,\"height\":1075},{\"@type\":\"BreadcrumbList\",\"@id\":\"https:\/\/www.radlobby.org\/noe\/kidicalmass\/#breadcrumb\",\"itemListElement\":[{\"@type\":\"ListItem\",\"position\":1,\"name\":\"Startseite\",\"item\":\"https:\/\/www.radlobby.org\/noe\/\"},{\"@type\":\"ListItem\",\"position\":2,\"name\":\"Kidical Mass in Nieder\u00f6sterreich 2026 &#8211; Kinder fahren Rad\"}]},{\"@type\":\"WebSite\",\"@id\":\"https:\/\/www.radlobby.org\/noe\/#website\",\"url\":\"https:\/\/www.radlobby.org\/noe\/\",\"name\":\"Radlobby Nieder\u00f6sterreich\",\"description\":\"Radverkehr, Fahrrad, Radfahren, Radreisen, Radtouren, Radweg\",\"publisher\":{\"@id\":\"https:\/\/www.radlobby.org\/noe\/#organization\"},\"potentialAction\":[{\"@type\":\"SearchAction\",\"target\":{\"@type\":\"EntryPoint\",\"urlTemplate\":\"https:\/\/www.radlobby.org\/noe\/?s={search_term_string}\"},\"query-input\":{\"@type\":\"PropertyValueSpecification\",\"valueRequired\":true,\"valueName\":\"search_term_string\"}}],\"inLanguage\":\"de\"},{\"@type\":\"Organization\",\"@id\":\"https:\/\/www.radlobby.org\/noe\/#organization\",\"name\":\"Radlobby Nieder\u00f6sterreich\",\"url\":\"https:\/\/www.radlobby.org\/noe\/\",\"logo\":{\"@type\":\"ImageObject\",\"inLanguage\":\"de\",\"@id\":\"https:\/\/www.radlobby.org\/noe\/#\/schema\/logo\/image\/\",\"url\":\"https:\/\/www.radlobby.org\/noe\/wp-content\/uploads\/2017\/01\/cropped-Logo_Radlobby_Niederoesterreich_50-400px_quer-1.jpg\",\"contentUrl\":\"https:\/\/www.radlobby.org\/noe\/wp-content\/uploads\/2017\/01\/cropped-Logo_Radlobby_Niederoesterreich_50-400px_quer-1.jpg\",\"width\":450,\"height\":124,\"caption\":\"Radlobby Nieder\u00f6sterreich\"},\"image\":{\"@id\":\"https:\/\/www.radlobby.org\/noe\/#\/schema\/logo\/image\/\"},\"sameAs\":[\"https:\/\/www.facebook.com\/groups\/radfahren.in.noe\/\"]},{\"@type\":\"Person\",\"@id\":\"https:\/\/www.radlobby.org\/noe\/#\/schema\/person\/d1ad6d77ec2ff1837830735b5f074c95\",\"name\":\"Maria Z\u00f6gernitz\",\"image\":{\"@type\":\"ImageObject\",\"inLanguage\":\"de\",\"@id\":\"https:\/\/www.radlobby.org\/noe\/#\/schema\/person\/image\/\",\"url\":\"https:\/\/secure.gravatar.com\/avatar\/f0ec056831cd418e44e25a41becb89b06234dc4c32d644fddd8329785f26d862?s=96&d=mm&r=g\",\"contentUrl\":\"https:\/\/secure.gravatar.com\/avatar\/f0ec056831cd418e44e25a41becb89b06234dc4c32d644fddd8329785f26d862?s=96&d=mm&r=g\",\"caption\":\"Maria Z\u00f6gernitz\"},\"description\":\"Ortsgruppe St. P\u00f6lten\",\"url\":\"https:\/\/www.radlobby.org\/noe\/author\/maria-zoegernitz\/\"}]}<\/script>\n<!-- \/ Yoast SEO plugin. -->","yoast_head_json":{"title":"Kidical Mass in Nieder\u00f6sterreich 2026 - Kinder fahren Rad - Radlobby Nieder\u00f6sterreich","robots":{"index":"index","follow":"follow","max-snippet":"max-snippet:-1","max-image-preview":"max-image-preview:large","max-video-preview":"max-video-preview:-1"},"canonical":"https:\/\/www.radlobby.org\/noe\/kidicalmass\/","og_locale":"de_DE","og_type":"article","og_title":"Kidical Mass in Nieder\u00f6sterreich 2026 - Kinder fahren Rad - Radlobby Nieder\u00f6sterreich","og_description":"Kinder fahren Rad! Unser Engagement gilt dem Einsatz f\u00fcr kinderfreundliche und lebenswerte D\u00f6rfer und St\u00e4dte.","og_url":"https:\/\/www.radlobby.org\/noe\/kidicalmass\/","og_site_name":"Radlobby Nieder\u00f6sterreich","article_publisher":"https:\/\/www.facebook.com\/groups\/radfahren.in.noe\/","article_published_time":"2026-04-28T07:54:19+00:00","article_modified_time":"2026-04-30T20:09:27+00:00","og_image":[{"width":1071,"height":1075,"url":"https:\/\/www.radlobby.org\/noe\/wp-content\/uploads\/kidicalmass-1.jpg","type":"image\/jpeg"}],"author":"Maria Z\u00f6gernitz","twitter_card":"summary_large_image","twitter_misc":{"Verfasst von":"Maria Z\u00f6gernitz","Gesch\u00e4tzte Lesezeit":"3\u00a0Minuten"},"schema":{"@context":"https:\/\/schema.org","@graph":[{"@type":"Article","@id":"https:\/\/www.radlobby.org\/noe\/kidicalmass\/#article","isPartOf":{"@id":"https:\/\/www.radlobby.org\/noe\/kidicalmass\/"},"author":{"name":"Maria Z\u00f6gernitz","@id":"https:\/\/www.radlobby.org\/noe\/#\/schema\/person\/d1ad6d77ec2ff1837830735b5f074c95"},"headline":"Kidical Mass in Nieder\u00f6sterreich 2026 &#8211; Kinder fahren Rad","datePublished":"2026-04-28T07:54:19+00:00","dateModified":"2026-04-30T20:09:27+00:00","mainEntityOfPage":{"@id":"https:\/\/www.radlobby.org\/noe\/kidicalmass\/"},"wordCount":499,"publisher":{"@id":"https:\/\/www.radlobby.org\/noe\/#organization"},"image":{"@id":"https:\/\/www.radlobby.org\/noe\/kidicalmass\/#primaryimage"},"thumbnailUrl":"https:\/\/www.radlobby.org\/noe\/wp-content\/uploads\/kidicalmass-1.jpg","keywords":["biken","Kidical Mass","Kinder Rad","Radfahren"],"articleSection":["Aktion","Radlobby Amstetten","Radlobby Melk","Radlobby Neulengbach","Radlobby Nieder\u00f6sterreich","Radlobby Pressbaum","Radlobby St. P\u00f6lten","Radlobby Wiener Neustadt"],"inLanguage":"de"},{"@type":"WebPage","@id":"https:\/\/www.radlobby.org\/noe\/kidicalmass\/","url":"https:\/\/www.radlobby.org\/noe\/kidicalmass\/","name":"Kidical Mass in Nieder\u00f6sterreich 2026 - Kinder fahren Rad - Radlobby Nieder\u00f6sterreich","isPartOf":{"@id":"https:\/\/www.radlobby.org\/noe\/#website"},"primaryImageOfPage":{"@id":"https:\/\/www.radlobby.org\/noe\/kidicalmass\/#primaryimage"},"image":{"@id":"https:\/\/www.radlobby.org\/noe\/kidicalmass\/#primaryimage"},"thumbnailUrl":"https:\/\/www.radlobby.org\/noe\/wp-content\/uploads\/kidicalmass-1.jpg","datePublished":"2026-04-28T07:54:19+00:00","dateModified":"2026-04-30T20:09:27+00:00","breadcrumb":{"@id":"https:\/\/www.radlobby.org\/noe\/kidicalmass\/#breadcrumb"},"inLanguage":"de","potentialAction":[{"@type":"ReadAction","target":["https:\/\/www.radlobby.org\/noe\/kidicalmass\/"]}]},{"@type":"ImageObject","inLanguage":"de","@id":"https:\/\/www.radlobby.org\/noe\/kidicalmass\/#primaryimage","url":"https:\/\/www.radlobby.org\/noe\/wp-content\/uploads\/kidicalmass-1.jpg","contentUrl":"https:\/\/www.radlobby.org\/noe\/wp-content\/uploads\/kidicalmass-1.jpg","width":1071,"height":1075},{"@type":"BreadcrumbList","@id":"https:\/\/www.radlobby.org\/noe\/kidicalmass\/#breadcrumb","itemListElement":[{"@type":"ListItem","position":1,"name":"Startseite","item":"https:\/\/www.radlobby.org\/noe\/"},{"@type":"ListItem","position":2,"name":"Kidical Mass in Nieder\u00f6sterreich 2026 &#8211; Kinder fahren Rad"}]},{"@type":"WebSite","@id":"https:\/\/www.radlobby.org\/noe\/#website","url":"https:\/\/www.radlobby.org\/noe\/","name":"Radlobby Nieder\u00f6sterreich","description":"Radverkehr, Fahrrad, Radfahren, Radreisen, Radtouren, Radweg","publisher":{"@id":"https:\/\/www.radlobby.org\/noe\/#organization"},"potentialAction":[{"@type":"SearchAction","target":{"@type":"EntryPoint","urlTemplate":"https:\/\/www.radlobby.org\/noe\/?s={search_term_string}"},"query-input":{"@type":"PropertyValueSpecification","valueRequired":true,"valueName":"search_term_string"}}],"inLanguage":"de"},{"@type":"Organization","@id":"https:\/\/www.radlobby.org\/noe\/#organization","name":"Radlobby Nieder\u00f6sterreich","url":"https:\/\/www.radlobby.org\/noe\/","logo":{"@type":"ImageObject","inLanguage":"de","@id":"https:\/\/www.radlobby.org\/noe\/#\/schema\/logo\/image\/","url":"https:\/\/www.radlobby.org\/noe\/wp-content\/uploads\/2017\/01\/cropped-Logo_Radlobby_Niederoesterreich_50-400px_quer-1.jpg","contentUrl":"https:\/\/www.radlobby.org\/noe\/wp-content\/uploads\/2017\/01\/cropped-Logo_Radlobby_Niederoesterreich_50-400px_quer-1.jpg","width":450,"height":124,"caption":"Radlobby Nieder\u00f6sterreich"},"image":{"@id":"https:\/\/www.radlobby.org\/noe\/#\/schema\/logo\/image\/"},"sameAs":["https:\/\/www.facebook.com\/groups\/radfahren.in.noe\/"]},{"@type":"Person","@id":"https:\/\/www.radlobby.org\/noe\/#\/schema\/person\/d1ad6d77ec2ff1837830735b5f074c95","name":"Maria Z\u00f6gernitz","image":{"@type":"ImageObject","inLanguage":"de","@id":"https:\/\/www.radlobby.org\/noe\/#\/schema\/person\/image\/","url":"https:\/\/secure.gravatar.com\/avatar\/f0ec056831cd418e44e25a41becb89b06234dc4c32d644fddd8329785f26d862?s=96&d=mm&r=g","contentUrl":"https:\/\/secure.gravatar.com\/avatar\/f0ec056831cd418e44e25a41becb89b06234dc4c32d644fddd8329785f26d862?s=96&d=mm&r=g","caption":"Maria Z\u00f6gernitz"},"description":"Ortsgruppe St. P\u00f6lten","url":"https:\/\/www.radlobby.org\/noe\/author\/maria-zoegernitz\/"}]}},"_links":{"self":[{"href":"https:\/\/www.radlobby.org\/noe\/wp-json\/wp\/v2\/posts\/33779","targetHints":{"allow":["GET"]}}],"collection":[{"href":"https:\/\/www.radlobby.org\/noe\/wp-json\/wp\/v2\/posts"}],"about":[{"href":"https:\/\/www.radlobby.org\/noe\/wp-json\/wp\/v2\/types\/post"}],"author":[{"embeddable":true,"href":"https:\/\/www.radlobby.org\/noe\/wp-json\/wp\/v2\/users\/33"}],"replies":[{"embeddable":true,"href":"https:\/\/www.radlobby.org\/noe\/wp-json\/wp\/v2\/comments?post=33779"}],"version-history":[{"count":67,"href":"https:\/\/www.radlobby.org\/noe\/wp-json\/wp\/v2\/posts\/33779\/revisions"}],"predecessor-version":[{"id":41937,"href":"https:\/\/www.radlobby.org\/noe\/wp-json\/wp\/v2\/posts\/33779\/revisions\/41937"}],"wp:featuredmedia":[{"embeddable":true,"href":"https:\/\/www.radlobby.org\/noe\/wp-json\/wp\/v2\/media\/41913"}],"wp:attachment":[{"href":"https:\/\/www.radlobby.org\/noe\/wp-json\/wp\/v2\/media?parent=33779"}],"wp:term":[{"taxonomy":"category","embeddable":true,"href":"https:\/\/www.radlobby.org\/noe\/wp-json\/wp\/v2\/categories?post=33779"},{"taxonomy":"post_tag","embeddable":true,"href":"https:\/\/www.radlobby.org\/noe\/wp-json\/wp\/v2\/tags?post=33779"}],"curies":[{"name":"wp","href":"https:\/\/api.w.org\/{rel}","templated":true}]}}